{"id":15324,"date":"2025-05-27T11:00:15","date_gmt":"2025-05-27T17:00:15","guid":{"rendered":"https:\/\/www.nexoinformativo.mx\/?p=15324"},"modified":"2025-05-27T13:17:02","modified_gmt":"2025-05-27T19:17:02","slug":"futuros-medicos-sesa-queretaro-celebra-graduacion-de-nuevos-talentos-de-la-uaq","status":"publish","type":"post","link":"https:\/\/www.nexoinformativo.mx\/index.php\/2025\/05\/27\/futuros-medicos-sesa-queretaro-celebra-graduacion-de-nuevos-talentos-de-la-uaq\/","title":{"rendered":"Futuros m\u00e9dicos SESA Quer\u00e9taro celebra graduaci\u00f3n de nuevos talentos de la UAQ"},"content":{"rendered":"<p style=\"text-align: justify;\" data-sourcepos=\"3:1-3:529\">Quer\u00e9taro suma nuevos profesionales de la salud! La secretaria de Salud (SESA) del estado, Mar\u00eda Martina P\u00e9rez, presidi\u00f3 la emotiva ceremonia de graduaci\u00f3n de 52 estudiantes de la Licenciatura de Medicina General de la Facultad de Medicina de la Universidad Aut\u00f3noma de Quer\u00e9taro (UAQ).<\/p>\n<p>&nbsp;<\/p>\n<p style=\"text-align: justify;\" data-sourcepos=\"3:1-3:529\">A los egresados de la generaci\u00f3n 59, la funcionaria los invit\u00f3 a ejercer su profesi\u00f3n con arte, ciencia, humanismo y los principios \u00e9ticos que deben guiar cada acto m\u00e9dico.<\/p>\n<p>&nbsp;<\/p>\n<p style=\"text-align: justify;\" data-sourcepos=\"5:1-5:460\">P\u00e9rez Rend\u00f3n enfatiz\u00f3 que la salud p\u00fablica actual enfrenta retos complejos como las enfermedades cr\u00f3nicas, la salud mental, el envejecimiento poblacional y las emergencias sanitarias. Estos desaf\u00edos, dijo, exigen preparaci\u00f3n, humanidad y compromiso de parte de los nuevos m\u00e9dicos.<\/p>\n<p>&nbsp;<\/p>\n<p style=\"text-align: justify;\" data-sourcepos=\"5:1-5:460\">&#8220;Se requieren m\u00e9dicas y m\u00e9dicos para fortalecer el sistema estatal de salud, para llevar atenci\u00f3n a donde m\u00e1s se necesita y para construir una sociedad m\u00e1s saludable&#8221;, afirm\u00f3.<\/p>\n<p>&nbsp;<\/p>\n<p style=\"text-align: justify;\" data-sourcepos=\"11:1-11:359\">La titular de SESA invit\u00f3 a los reci\u00e9n egresados a seguir prepar\u00e1ndose y a nunca perder la empat\u00eda ni el sentido de responsabilidad social que debe acompa\u00f1ar a todo profesional de la salud.<\/p>\n<p>&nbsp;<\/p>\n<p style=\"text-align: justify;\" data-sourcepos=\"13:1-13:219\">Durante la ceremonia, se entreg\u00f3 un merecido reconocimiento a Martha Anais Vega Gonz\u00e1lez por obtener el mejor promedio de la generaci\u00f3n 59 de la Licenciatura en Medicina General de la Facultad de Medicina de la UAQ.<\/p>\n<p>&nbsp;<\/p>\n<p style=\"text-align: justify;\" data-sourcepos=\"15:1-15:344\">El evento cont\u00f3 con la participaci\u00f3n de importantes figuras de la Facultad de Medicina de la UAQ, incluyendo a su director, Rodrigo Miguel Gonz\u00e1lez S\u00e1nchez; el secretario acad\u00e9mico, Amadeo Lugo P\u00e9rez; el secretario administrativo, Guillermo Alfaro Chowell; y el coordinador de la Licenciatura en Medicina General, Sergio Alberto Blanca.<\/p>\n<p>&nbsp;<\/p>\n<p style=\"text-align: center;\" data-sourcepos=\"15:1-15:344\"><em><strong>\u00a1Informacion que transforma!<\/strong><\/em><\/p>\n","protected":false},"excerpt":{"rendered":"<p>Quer\u00e9taro suma nuevos profesionales de la salud! La secretaria de Salud (SESA) del estado, Mar\u00eda Martina P\u00e9rez, presidi\u00f3 la emotiva ceremonia de graduaci\u00f3n de 52 estudiantes de la Licenciatura de Medicina General de la Facultad de Medicina de la Universidad Aut\u00f3noma de Quer\u00e9taro (UAQ).<\/p>\n","protected":false},"author":3,"featured_media":15325,"comment_status":"open","ping_status":"open","sticky":false,"template":"","format":"standard","meta":{"footnotes":""},"categories":[42,58],"tags":[4597,4596,4595,1054],"class_list":["post-15324","post","type-post","status-publish","format-standard","has-post-thumbnail","hentry","category-estado","category-ultima-hora","tag-futurosdoctores","tag-generacion59","tag-medicosuaq","tag-saludqueretaro"],"yoast_head":"<!-- This site is optimized with the Yoast SEO plugin v25.0 - https:\/\/yoast.com\/wordpress\/plugins\/seo\/ -->\n<title>Futuros m\u00e9dicos SESA Quer\u00e9taro celebra graduaci\u00f3n de nuevos talentos de la UAQ | Nexo Informativo Santiago de Quer\u00e9taro<\/title>\n<meta name=\"description\" content=\"Futuros m\u00e9dicos SESA Quer\u00e9taro celebra graduaci\u00f3n de nuevos talentos de la UAQ\" \/>\n<meta name=\"robots\" content=\"index, follow, max-snippet:-1, max-image-preview:large, max-video-preview:-1\" \/>\n<link rel=\"canonical\" href=\"https:\/\/www.nexoinformativo.mx\/index.php\/2025\/05\/27\/futuros-medicos-sesa-queretaro-celebra-graduacion-de-nuevos-talentos-de-la-uaq\/\" \/>\n<meta property=\"og:locale\" content=\"es_MX\" \/>\n<meta property=\"og:type\" content=\"article\" \/>\n<meta property=\"og:title\" content=\"Futuros m\u00e9dicos SESA Quer\u00e9taro celebra graduaci\u00f3n de nuevos talentos de la UAQ | Nexo Informativo Santiago de Quer\u00e9taro\" \/>\n<meta property=\"og:description\" content=\"Futuros m\u00e9dicos SESA Quer\u00e9taro celebra graduaci\u00f3n de nuevos talentos de la UAQ\" \/>\n<meta property=\"og:url\" content=\"https:\/\/www.nexoinformativo.mx\/index.php\/2025\/05\/27\/futuros-medicos-sesa-queretaro-celebra-graduacion-de-nuevos-talentos-de-la-uaq\/\" \/>\n<meta property=\"og:site_name\" content=\"Nexo Informativo Santiago de Quer\u00e9taro\" \/>\n<meta property=\"article:publisher\" content=\"https:\/\/www.facebook.com\/people\/Nexo-Informativo\/61564066885511\/\" \/>\n<meta property=\"article:published_time\" content=\"2025-05-27T17:00:15+00:00\" \/>\n<meta property=\"article:modified_time\" content=\"2025-05-27T19:17:02+00:00\" \/>\n<meta property=\"og:image\" content=\"https:\/\/www.nexoinformativo.mx\/wp-content\/uploads\/2025\/05\/PHOTO-2025-05-27-12-37-36-e1748373331664.jpg\" \/>\n\t<meta property=\"og:image:width\" content=\"800\" \/>\n\t<meta property=\"og:image:height\" content=\"533\" \/>\n\t<meta property=\"og:image:type\" content=\"image\/jpeg\" \/>\n<meta name=\"author\" content=\"Nexo Informativo\" \/>\n<meta name=\"twitter:card\" content=\"summary_large_image\" \/>\n<meta name=\"twitter:label1\" content=\"Escrito por\" \/>\n\t<meta name=\"twitter:data1\" content=\"Nexo Informativo\" \/>\n\t<meta name=\"twitter:label2\" content=\"Tiempo de lectura\" \/>\n\t<meta name=\"twitter:data2\" content=\"2 minutos\" \/>\n<script type=\"application\/ld+json\" class=\"yoast-schema-graph\">{\"@context\":\"https:\/\/schema.org\",\"@graph\":[{\"@type\":\"Article\",\"@id\":\"https:\/\/www.nexoinformativo.mx\/index.php\/2025\/05\/27\/futuros-medicos-sesa-queretaro-celebra-graduacion-de-nuevos-talentos-de-la-uaq\/#article\",\"isPartOf\":{\"@id\":\"https:\/\/www.nexoinformativo.mx\/index.php\/2025\/05\/27\/futuros-medicos-sesa-queretaro-celebra-graduacion-de-nuevos-talentos-de-la-uaq\/\"},\"author\":{\"name\":\"Nexo Informativo\",\"@id\":\"https:\/\/www.nexoinformativo.mx\/#\/schema\/person\/7749d380ba08c8ca00d7bc76fd907b7d\"},\"headline\":\"Futuros m\u00e9dicos SESA Quer\u00e9taro celebra graduaci\u00f3n de nuevos talentos de la UAQ\",\"datePublished\":\"2025-05-27T17:00:15+00:00\",\"dateModified\":\"2025-05-27T19:17:02+00:00\",\"mainEntityOfPage\":{\"@id\":\"https:\/\/www.nexoinformativo.mx\/index.php\/2025\/05\/27\/futuros-medicos-sesa-queretaro-celebra-graduacion-de-nuevos-talentos-de-la-uaq\/\"},\"wordCount\":312,\"commentCount\":0,\"publisher\":{\"@id\":\"https:\/\/www.nexoinformativo.mx\/#organization\"},\"image\":{\"@id\":\"https:\/\/www.nexoinformativo.mx\/index.php\/2025\/05\/27\/futuros-medicos-sesa-queretaro-celebra-graduacion-de-nuevos-talentos-de-la-uaq\/#primaryimage\"},\"thumbnailUrl\":\"https:\/\/www.nexoinformativo.mx\/wp-content\/uploads\/2025\/05\/PHOTO-2025-05-27-12-37-36-e1748373331664.jpg\",\"keywords\":[\"FuturosDoctores\",\"Generaci\u00f3n59\",\"M\u00e9dicosUAQ\",\"SaludQuer\u00e9taro\"],\"articleSection\":[\"Estado\",\"\u00daltima Hora\"],\"inLanguage\":\"es\",\"potentialAction\":[{\"@type\":\"CommentAction\",\"name\":\"Comment\",\"target\":[\"https:\/\/www.nexoinformativo.mx\/index.php\/2025\/05\/27\/futuros-medicos-sesa-queretaro-celebra-graduacion-de-nuevos-talentos-de-la-uaq\/#respond\"]}]},{\"@type\":\"WebPage\",\"@id\":\"https:\/\/www.nexoinformativo.mx\/index.php\/2025\/05\/27\/futuros-medicos-sesa-queretaro-celebra-graduacion-de-nuevos-talentos-de-la-uaq\/\",\"url\":\"https:\/\/www.nexoinformativo.mx\/index.php\/2025\/05\/27\/futuros-medicos-sesa-queretaro-celebra-graduacion-de-nuevos-talentos-de-la-uaq\/\",\"name\":\"Futuros m\u00e9dicos SESA Quer\u00e9taro celebra graduaci\u00f3n de nuevos talentos de la UAQ | Nexo Informativo Santiago de Quer\u00e9taro\",\"isPartOf\":{\"@id\":\"https:\/\/www.nexoinformativo.mx\/#website\"},\"primaryImageOfPage\":{\"@id\":\"https:\/\/www.nexoinformativo.mx\/index.php\/2025\/05\/27\/futuros-medicos-sesa-queretaro-celebra-graduacion-de-nuevos-talentos-de-la-uaq\/#primaryimage\"},\"image\":{\"@id\":\"https:\/\/www.nexoinformativo.mx\/index.php\/2025\/05\/27\/futuros-medicos-sesa-queretaro-celebra-graduacion-de-nuevos-talentos-de-la-uaq\/#primaryimage\"},\"thumbnailUrl\":\"https:\/\/www.nexoinformativo.mx\/wp-content\/uploads\/2025\/05\/PHOTO-2025-05-27-12-37-36-e1748373331664.jpg\",\"datePublished\":\"2025-05-27T17:00:15+00:00\",\"dateModified\":\"2025-05-27T19:17:02+00:00\",\"description\":\"Futuros m\u00e9dicos SESA Quer\u00e9taro celebra graduaci\u00f3n de nuevos talentos de la UAQ\",\"breadcrumb\":{\"@id\":\"https:\/\/www.nexoinformativo.mx\/index.php\/2025\/05\/27\/futuros-medicos-sesa-queretaro-celebra-graduacion-de-nuevos-talentos-de-la-uaq\/#breadcrumb\"},\"inLanguage\":\"es\",\"potentialAction\":[{\"@type\":\"ReadAction\",\"target\":[\"https:\/\/www.nexoinformativo.mx\/index.php\/2025\/05\/27\/futuros-medicos-sesa-queretaro-celebra-graduacion-de-nuevos-talentos-de-la-uaq\/\"]}]},{\"@type\":\"ImageObject\",\"inLanguage\":\"es\",\"@id\":\"https:\/\/www.nexoinformativo.mx\/index.php\/2025\/05\/27\/futuros-medicos-sesa-queretaro-celebra-graduacion-de-nuevos-talentos-de-la-uaq\/#primaryimage\",\"url\":\"https:\/\/www.nexoinformativo.mx\/wp-content\/uploads\/2025\/05\/PHOTO-2025-05-27-12-37-36-e1748373331664.jpg\",\"contentUrl\":\"https:\/\/www.nexoinformativo.mx\/wp-content\/uploads\/2025\/05\/PHOTO-2025-05-27-12-37-36-e1748373331664.jpg\",\"width\":800,\"height\":533},{\"@type\":\"BreadcrumbList\",\"@id\":\"https:\/\/www.nexoinformativo.mx\/index.php\/2025\/05\/27\/futuros-medicos-sesa-queretaro-celebra-graduacion-de-nuevos-talentos-de-la-uaq\/#breadcrumb\",\"itemListElement\":[{\"@type\":\"ListItem\",\"position\":1,\"name\":\"Inicio\",\"item\":\"https:\/\/www.nexoinformativo.mx\/\"},{\"@type\":\"ListItem\",\"position\":2,\"name\":\"Futuros m\u00e9dicos SESA Quer\u00e9taro celebra graduaci\u00f3n de nuevos talentos de la UAQ\"}]},{\"@type\":\"WebSite\",\"@id\":\"https:\/\/www.nexoinformativo.mx\/#website\",\"url\":\"https:\/\/www.nexoinformativo.mx\/\",\"name\":\"Nexo Informativo Santiago de Quer\u00e9taro\",\"description\":\"Explora NexoInformativo y convi\u00e9rtete en parte de una comunidad que valora el conocimiento y la verdad. Tu nexoinformativo es tu puente hacia una comprensi\u00f3n m\u00e1s profunda del mundo que te rodea.\",\"publisher\":{\"@id\":\"https:\/\/www.nexoinformativo.mx\/#organization\"},\"potentialAction\":[{\"@type\":\"SearchAction\",\"target\":{\"@type\":\"EntryPoint\",\"urlTemplate\":\"https:\/\/www.nexoinformativo.mx\/?s={search_term_string}\"},\"query-input\":{\"@type\":\"PropertyValueSpecification\",\"valueRequired\":true,\"valueName\":\"search_term_string\"}}],\"inLanguage\":\"es\"},{\"@type\":\"Organization\",\"@id\":\"https:\/\/www.nexoinformativo.mx\/#organization\",\"name\":\"Nexo Informativo Santiago de Quer\u00e9taro\",\"url\":\"https:\/\/www.nexoinformativo.mx\/\",\"logo\":{\"@type\":\"ImageObject\",\"inLanguage\":\"es\",\"@id\":\"https:\/\/www.nexoinformativo.mx\/#\/schema\/logo\/image\/\",\"url\":\"https:\/\/www.nexoinformativo.mx\/wp-content\/uploads\/2024\/07\/nexoi-trasparente-2.png\",\"contentUrl\":\"https:\/\/www.nexoinformativo.mx\/wp-content\/uploads\/2024\/07\/nexoi-trasparente-2.png\",\"width\":816,\"height\":339,\"caption\":\"Nexo Informativo Santiago de Quer\u00e9taro\"},\"image\":{\"@id\":\"https:\/\/www.nexoinformativo.mx\/#\/schema\/logo\/image\/\"},\"sameAs\":[\"https:\/\/www.facebook.com\/people\/Nexo-Informativo\/61564066885511\/\"]},{\"@type\":\"Person\",\"@id\":\"https:\/\/www.nexoinformativo.mx\/#\/schema\/person\/7749d380ba08c8ca00d7bc76fd907b7d\",\"name\":\"Nexo Informativo\",\"image\":{\"@type\":\"ImageObject\",\"inLanguage\":\"es\",\"@id\":\"https:\/\/www.nexoinformativo.mx\/#\/schema\/person\/image\/\",\"url\":\"https:\/\/secure.gravatar.com\/avatar\/dde2928154642a13d95f87ddf1ea9718fe2b46760a005c53e41ff5ad610704e6?s=96&d=mm&r=g\",\"contentUrl\":\"https:\/\/secure.gravatar.com\/avatar\/dde2928154642a13d95f87ddf1ea9718fe2b46760a005c53e41ff5ad610704e6?s=96&d=mm&r=g\",\"caption\":\"Nexo Informativo\"},\"url\":\"https:\/\/www.nexoinformativo.mx\/index.php\/author\/edicion\/\"}]}<\/script>\n<!-- \/ Yoast SEO plugin. -->","yoast_head_json":{"title":"Futuros m\u00e9dicos SESA Quer\u00e9taro celebra graduaci\u00f3n de nuevos talentos de la UAQ | Nexo Informativo Santiago de Quer\u00e9taro","description":"Futuros m\u00e9dicos SESA Quer\u00e9taro celebra graduaci\u00f3n de nuevos talentos de la UAQ","robots":{"index":"index","follow":"follow","max-snippet":"max-snippet:-1","max-image-preview":"max-image-preview:large","max-video-preview":"max-video-preview:-1"},"canonical":"https:\/\/www.nexoinformativo.mx\/index.php\/2025\/05\/27\/futuros-medicos-sesa-queretaro-celebra-graduacion-de-nuevos-talentos-de-la-uaq\/","og_locale":"es_MX","og_type":"article","og_title":"Futuros m\u00e9dicos SESA Quer\u00e9taro celebra graduaci\u00f3n de nuevos talentos de la UAQ | Nexo Informativo Santiago de Quer\u00e9taro","og_description":"Futuros m\u00e9dicos SESA Quer\u00e9taro celebra graduaci\u00f3n de nuevos talentos de la UAQ","og_url":"https:\/\/www.nexoinformativo.mx\/index.php\/2025\/05\/27\/futuros-medicos-sesa-queretaro-celebra-graduacion-de-nuevos-talentos-de-la-uaq\/","og_site_name":"Nexo Informativo Santiago de Quer\u00e9taro","article_publisher":"https:\/\/www.facebook.com\/people\/Nexo-Informativo\/61564066885511\/","article_published_time":"2025-05-27T17:00:15+00:00","article_modified_time":"2025-05-27T19:17:02+00:00","og_image":[{"width":800,"height":533,"url":"https:\/\/www.nexoinformativo.mx\/wp-content\/uploads\/2025\/05\/PHOTO-2025-05-27-12-37-36-e1748373331664.jpg","type":"image\/jpeg"}],"author":"Nexo Informativo","twitter_card":"summary_large_image","twitter_misc":{"Escrito por":"Nexo Informativo","Tiempo de lectura":"2 minutos"},"schema":{"@context":"https:\/\/schema.org","@graph":[{"@type":"Article","@id":"https:\/\/www.nexoinformativo.mx\/index.php\/2025\/05\/27\/futuros-medicos-sesa-queretaro-celebra-graduacion-de-nuevos-talentos-de-la-uaq\/#article","isPartOf":{"@id":"https:\/\/www.nexoinformativo.mx\/index.php\/2025\/05\/27\/futuros-medicos-sesa-queretaro-celebra-graduacion-de-nuevos-talentos-de-la-uaq\/"},"author":{"name":"Nexo Informativo","@id":"https:\/\/www.nexoinformativo.mx\/#\/schema\/person\/7749d380ba08c8ca00d7bc76fd907b7d"},"headline":"Futuros m\u00e9dicos SESA Quer\u00e9taro celebra graduaci\u00f3n de nuevos talentos de la UAQ","datePublished":"2025-05-27T17:00:15+00:00","dateModified":"2025-05-27T19:17:02+00:00","mainEntityOfPage":{"@id":"https:\/\/www.nexoinformativo.mx\/index.php\/2025\/05\/27\/futuros-medicos-sesa-queretaro-celebra-graduacion-de-nuevos-talentos-de-la-uaq\/"},"wordCount":312,"commentCount":0,"publisher":{"@id":"https:\/\/www.nexoinformativo.mx\/#organization"},"image":{"@id":"https:\/\/www.nexoinformativo.mx\/index.php\/2025\/05\/27\/futuros-medicos-sesa-queretaro-celebra-graduacion-de-nuevos-talentos-de-la-uaq\/#primaryimage"},"thumbnailUrl":"https:\/\/www.nexoinformativo.mx\/wp-content\/uploads\/2025\/05\/PHOTO-2025-05-27-12-37-36-e1748373331664.jpg","keywords":["FuturosDoctores","Generaci\u00f3n59","M\u00e9dicosUAQ","SaludQuer\u00e9taro"],"articleSection":["Estado","\u00daltima Hora"],"inLanguage":"es","potentialAction":[{"@type":"CommentAction","name":"Comment","target":["https:\/\/www.nexoinformativo.mx\/index.php\/2025\/05\/27\/futuros-medicos-sesa-queretaro-celebra-graduacion-de-nuevos-talentos-de-la-uaq\/#respond"]}]},{"@type":"WebPage","@id":"https:\/\/www.nexoinformativo.mx\/index.php\/2025\/05\/27\/futuros-medicos-sesa-queretaro-celebra-graduacion-de-nuevos-talentos-de-la-uaq\/","url":"https:\/\/www.nexoinformativo.mx\/index.php\/2025\/05\/27\/futuros-medicos-sesa-queretaro-celebra-graduacion-de-nuevos-talentos-de-la-uaq\/","name":"Futuros m\u00e9dicos SESA Quer\u00e9taro celebra graduaci\u00f3n de nuevos talentos de la UAQ | Nexo Informativo Santiago de Quer\u00e9taro","isPartOf":{"@id":"https:\/\/www.nexoinformativo.mx\/#website"},"primaryImageOfPage":{"@id":"https:\/\/www.nexoinformativo.mx\/index.php\/2025\/05\/27\/futuros-medicos-sesa-queretaro-celebra-graduacion-de-nuevos-talentos-de-la-uaq\/#primaryimage"},"image":{"@id":"https:\/\/www.nexoinformativo.mx\/index.php\/2025\/05\/27\/futuros-medicos-sesa-queretaro-celebra-graduacion-de-nuevos-talentos-de-la-uaq\/#primaryimage"},"thumbnailUrl":"https:\/\/www.nexoinformativo.mx\/wp-content\/uploads\/2025\/05\/PHOTO-2025-05-27-12-37-36-e1748373331664.jpg","datePublished":"2025-05-27T17:00:15+00:00","dateModified":"2025-05-27T19:17:02+00:00","description":"Futuros m\u00e9dicos SESA Quer\u00e9taro celebra graduaci\u00f3n de nuevos talentos de la UAQ","breadcrumb":{"@id":"https:\/\/www.nexoinformativo.mx\/index.php\/2025\/05\/27\/futuros-medicos-sesa-queretaro-celebra-graduacion-de-nuevos-talentos-de-la-uaq\/#breadcrumb"},"inLanguage":"es","potentialAction":[{"@type":"ReadAction","target":["https:\/\/www.nexoinformativo.mx\/index.php\/2025\/05\/27\/futuros-medicos-sesa-queretaro-celebra-graduacion-de-nuevos-talentos-de-la-uaq\/"]}]},{"@type":"ImageObject","inLanguage":"es","@id":"https:\/\/www.nexoinformativo.mx\/index.php\/2025\/05\/27\/futuros-medicos-sesa-queretaro-celebra-graduacion-de-nuevos-talentos-de-la-uaq\/#primaryimage","url":"https:\/\/www.nexoinformativo.mx\/wp-content\/uploads\/2025\/05\/PHOTO-2025-05-27-12-37-36-e1748373331664.jpg","contentUrl":"https:\/\/www.nexoinformativo.mx\/wp-content\/uploads\/2025\/05\/PHOTO-2025-05-27-12-37-36-e1748373331664.jpg","width":800,"height":533},{"@type":"BreadcrumbList","@id":"https:\/\/www.nexoinformativo.mx\/index.php\/2025\/05\/27\/futuros-medicos-sesa-queretaro-celebra-graduacion-de-nuevos-talentos-de-la-uaq\/#breadcrumb","itemListElement":[{"@type":"ListItem","position":1,"name":"Inicio","item":"https:\/\/www.nexoinformativo.mx\/"},{"@type":"ListItem","position":2,"name":"Futuros m\u00e9dicos SESA Quer\u00e9taro celebra graduaci\u00f3n de nuevos talentos de la UAQ"}]},{"@type":"WebSite","@id":"https:\/\/www.nexoinformativo.mx\/#website","url":"https:\/\/www.nexoinformativo.mx\/","name":"Nexo Informativo Santiago de Quer\u00e9taro","description":"Explora NexoInformativo y convi\u00e9rtete en parte de una comunidad que valora el conocimiento y la verdad. Tu nexoinformativo es tu puente hacia una comprensi\u00f3n m\u00e1s profunda del mundo que te rodea.","publisher":{"@id":"https:\/\/www.nexoinformativo.mx\/#organization"},"potentialAction":[{"@type":"SearchAction","target":{"@type":"EntryPoint","urlTemplate":"https:\/\/www.nexoinformativo.mx\/?s={search_term_string}"},"query-input":{"@type":"PropertyValueSpecification","valueRequired":true,"valueName":"search_term_string"}}],"inLanguage":"es"},{"@type":"Organization","@id":"https:\/\/www.nexoinformativo.mx\/#organization","name":"Nexo Informativo Santiago de Quer\u00e9taro","url":"https:\/\/www.nexoinformativo.mx\/","logo":{"@type":"ImageObject","inLanguage":"es","@id":"https:\/\/www.nexoinformativo.mx\/#\/schema\/logo\/image\/","url":"https:\/\/www.nexoinformativo.mx\/wp-content\/uploads\/2024\/07\/nexoi-trasparente-2.png","contentUrl":"https:\/\/www.nexoinformativo.mx\/wp-content\/uploads\/2024\/07\/nexoi-trasparente-2.png","width":816,"height":339,"caption":"Nexo Informativo Santiago de Quer\u00e9taro"},"image":{"@id":"https:\/\/www.nexoinformativo.mx\/#\/schema\/logo\/image\/"},"sameAs":["https:\/\/www.facebook.com\/people\/Nexo-Informativo\/61564066885511\/"]},{"@type":"Person","@id":"https:\/\/www.nexoinformativo.mx\/#\/schema\/person\/7749d380ba08c8ca00d7bc76fd907b7d","name":"Nexo Informativo","image":{"@type":"ImageObject","inLanguage":"es","@id":"https:\/\/www.nexoinformativo.mx\/#\/schema\/person\/image\/","url":"https:\/\/secure.gravatar.com\/avatar\/dde2928154642a13d95f87ddf1ea9718fe2b46760a005c53e41ff5ad610704e6?s=96&d=mm&r=g","contentUrl":"https:\/\/secure.gravatar.com\/avatar\/dde2928154642a13d95f87ddf1ea9718fe2b46760a005c53e41ff5ad610704e6?s=96&d=mm&r=g","caption":"Nexo Informativo"},"url":"https:\/\/www.nexoinformativo.mx\/index.php\/author\/edicion\/"}]}},"_links":{"self":[{"href":"https:\/\/www.nexoinformativo.mx\/index.php\/wp-json\/wp\/v2\/posts\/15324","targetHints":{"allow":["GET"]}}],"collection":[{"href":"https:\/\/www.nexoinformativo.mx\/index.php\/wp-json\/wp\/v2\/posts"}],"about":[{"href":"https:\/\/www.nexoinformativo.mx\/index.php\/wp-json\/wp\/v2\/types\/post"}],"author":[{"embeddable":true,"href":"https:\/\/www.nexoinformativo.mx\/index.php\/wp-json\/wp\/v2\/users\/3"}],"replies":[{"embeddable":true,"href":"https:\/\/www.nexoinformativo.mx\/index.php\/wp-json\/wp\/v2\/comments?post=15324"}],"version-history":[{"count":4,"href":"https:\/\/www.nexoinformativo.mx\/index.php\/wp-json\/wp\/v2\/posts\/15324\/revisions"}],"predecessor-version":[{"id":15328,"href":"https:\/\/www.nexoinformativo.mx\/index.php\/wp-json\/wp\/v2\/posts\/15324\/revisions\/15328"}],"wp:featuredmedia":[{"embeddable":true,"href":"https:\/\/www.nexoinformativo.mx\/index.php\/wp-json\/wp\/v2\/media\/15325"}],"wp:attachment":[{"href":"https:\/\/www.nexoinformativo.mx\/index.php\/wp-json\/wp\/v2\/media?parent=15324"}],"wp:term":[{"taxonomy":"category","embeddable":true,"href":"https:\/\/www.nexoinformativo.mx\/index.php\/wp-json\/wp\/v2\/categories?post=15324"},{"taxonomy":"post_tag","embeddable":true,"href":"https:\/\/www.nexoinformativo.mx\/index.php\/wp-json\/wp\/v2\/tags?post=15324"}],"curies":[{"name":"wp","href":"https:\/\/api.w.org\/{rel}","templated":true}]}}