{"id":15336,"date":"2025-05-27T18:00:10","date_gmt":"2025-05-28T00:00:10","guid":{"rendered":"https:\/\/www.nexoinformativo.mx\/?p=15336"},"modified":"2025-05-27T21:50:23","modified_gmt":"2025-05-28T03:50:23","slug":"sin-ley-seca-en-queretaro-podras-comprar-bebidas-el-1-de-junio-durante-elecciones","status":"publish","type":"post","link":"https:\/\/www.nexoinformativo.mx\/index.php\/2025\/05\/27\/sin-ley-seca-en-queretaro-podras-comprar-bebidas-el-1-de-junio-durante-elecciones\/","title":{"rendered":"Sin Ley Seca en Quer\u00e9taro podr\u00e1s comprar Bebidas el 1 de Junio durante elecciones"},"content":{"rendered":"<p style=\"text-align: justify;\" data-sourcepos=\"3:1-3:326\">El gobierno del estado ha confirmado que no se aplicar\u00e1 Ley Seca en Quer\u00e9taro durante el pr\u00f3ximo fin de semana, con motivo de la jornada electoral del domingo 1 de junio, d\u00eda en que se llevar\u00e1 a cabo el proceso electoral judicial.<\/p>\n<\/p>\n<p>&nbsp;<\/p>\n<p style=\"text-align: justify;\" data-sourcepos=\"5:1-5:263\">Carlos Alcaraz, secretario de Gobierno del estado, inform\u00f3 que, al no existir una disposici\u00f3n federal que obligue a restringir la venta de bebidas alcoh\u00f3licas, Quer\u00e9taro mantendr\u00e1 la misma postura que en procesos electorales anteriores, como en junio de 2024.<\/p>\n<\/p>\n<p>&nbsp;<\/p>\n<p style=\"text-align: justify;\" data-sourcepos=\"7:1-7:220\">&#8220;No se llevar\u00e1 a cabo ninguna suspensi\u00f3n en la venta de bebidas con alcohol, entendiendo que estaremos atentos simplemente a que se respeten los horarios y los formatos establecidos para su venta&#8221;, afirm\u00f3 el funcionario.<\/p>\n<\/p>\n<p>&nbsp;<\/p>\n<p style=\"text-align: justify;\" data-sourcepos=\"13:1-13:106\">Alcaraz hizo un llamado tanto a la ciudadan\u00eda como a los expendedores para que act\u00faen con responsabilidad.<\/p>\n<\/p>\n<p>&nbsp;<\/p>\n<p style=\"text-align: justify;\" data-sourcepos=\"15:1-15:182\">&#8220;La invitaci\u00f3n es a ejercer el derecho al voto con responsabilidad y a quienes venden bebidas alcoh\u00f3licas, a hacerlo de forma ordenada y respetando la normativa vigente&#8221;, puntualiz\u00f3.<\/p>\n<\/p>\n<p>&nbsp;<\/p>\n<p style=\"text-align: justify;\" data-sourcepos=\"17:1-17:213\">Con esta decisi\u00f3n, Quer\u00e9taro se suma a otras entidades del pa\u00eds que han optado por no imponer restricciones adicionales a la venta de alcohol durante las elecciones, confiando en la madurez c\u00edvica de su poblaci\u00f3n.<\/p>\n<\/p>\n<p>&nbsp;<\/p>\n<p style=\"text-align: center;\" data-sourcepos=\"17:1-17:213\"><em><strong>\u00a1Informaci\u00f3n que transforma!<\/strong><\/em><\/p>\n","protected":false},"excerpt":{"rendered":"<p>El gobierno del estado ha confirmado que no se aplicar\u00e1 Ley Seca en Quer\u00e9taro durante el pr\u00f3ximo fin de semana, con motivo de la jornada electoral del domingo 1 de junio, d\u00eda en que se llevar\u00e1 a cabo el proceso electoral judicial.<\/p>\n","protected":false},"author":3,"featured_media":15337,"comment_status":"open","ping_status":"open","sticky":false,"template":"","format":"standard","meta":{"footnotes":""},"categories":[42,58],"tags":[4602,133,4603,4604],"class_list":["post-15336","post","type-post","status-publish","format-standard","has-post-thumbnail","hentry","category-estado","category-ultima-hora","tag-eleccionesqro","tag-queretaro","tag-sinleyseca","tag-votoresponsable"],"yoast_head":"<!-- This site is optimized with the Yoast SEO plugin v25.0 - https:\/\/yoast.com\/wordpress\/plugins\/seo\/ -->\n<title>Sin Ley Seca en Quer\u00e9taro podr\u00e1s comprar Bebidas el 1 de Junio durante elecciones | Nexo Informativo Santiago de Quer\u00e9taro<\/title>\n<meta name=\"description\" content=\"Sin Ley Seca en Quer\u00e9taro podr\u00e1s comprar Bebidas el 1 de Junio durante elecciones\" \/>\n<meta name=\"robots\" content=\"index, follow, max-snippet:-1, max-image-preview:large, max-video-preview:-1\" \/>\n<link rel=\"canonical\" href=\"https:\/\/www.nexoinformativo.mx\/index.php\/2025\/05\/27\/sin-ley-seca-en-queretaro-podras-comprar-bebidas-el-1-de-junio-durante-elecciones\/\" \/>\n<meta property=\"og:locale\" content=\"es_MX\" \/>\n<meta property=\"og:type\" content=\"article\" \/>\n<meta property=\"og:title\" content=\"Sin Ley Seca en Quer\u00e9taro podr\u00e1s comprar Bebidas el 1 de Junio durante elecciones | Nexo Informativo Santiago de Quer\u00e9taro\" \/>\n<meta property=\"og:description\" content=\"Sin Ley Seca en Quer\u00e9taro podr\u00e1s comprar Bebidas el 1 de Junio durante elecciones\" \/>\n<meta property=\"og:url\" content=\"https:\/\/www.nexoinformativo.mx\/index.php\/2025\/05\/27\/sin-ley-seca-en-queretaro-podras-comprar-bebidas-el-1-de-junio-durante-elecciones\/\" \/>\n<meta property=\"og:site_name\" content=\"Nexo Informativo Santiago de Quer\u00e9taro\" \/>\n<meta property=\"article:publisher\" content=\"https:\/\/www.facebook.com\/people\/Nexo-Informativo\/61564066885511\/\" \/>\n<meta property=\"article:published_time\" content=\"2025-05-28T00:00:10+00:00\" \/>\n<meta property=\"article:modified_time\" content=\"2025-05-28T03:50:23+00:00\" \/>\n<meta property=\"og:image\" content=\"https:\/\/www.nexoinformativo.mx\/wp-content\/uploads\/2025\/05\/PHOTO-2025-05-27-13-14-34-e1748404170489.jpg\" \/>\n\t<meta property=\"og:image:width\" content=\"800\" \/>\n\t<meta property=\"og:image:height\" content=\"533\" \/>\n\t<meta property=\"og:image:type\" content=\"image\/jpeg\" \/>\n<meta name=\"author\" content=\"Nexo Informativo\" \/>\n<meta name=\"twitter:card\" content=\"summary_large_image\" \/>\n<meta name=\"twitter:label1\" content=\"Escrito por\" \/>\n\t<meta name=\"twitter:data1\" content=\"Nexo Informativo\" \/>\n\t<meta name=\"twitter:label2\" content=\"Tiempo de lectura\" \/>\n\t<meta name=\"twitter:data2\" content=\"2 minutos\" \/>\n<script type=\"application\/ld+json\" class=\"yoast-schema-graph\">{\"@context\":\"https:\/\/schema.org\",\"@graph\":[{\"@type\":\"Article\",\"@id\":\"https:\/\/www.nexoinformativo.mx\/index.php\/2025\/05\/27\/sin-ley-seca-en-queretaro-podras-comprar-bebidas-el-1-de-junio-durante-elecciones\/#article\",\"isPartOf\":{\"@id\":\"https:\/\/www.nexoinformativo.mx\/index.php\/2025\/05\/27\/sin-ley-seca-en-queretaro-podras-comprar-bebidas-el-1-de-junio-durante-elecciones\/\"},\"author\":{\"name\":\"Nexo Informativo\",\"@id\":\"https:\/\/www.nexoinformativo.mx\/#\/schema\/person\/7749d380ba08c8ca00d7bc76fd907b7d\"},\"headline\":\"Sin Ley Seca en Quer\u00e9taro podr\u00e1s comprar Bebidas el 1 de Junio durante elecciones\",\"datePublished\":\"2025-05-28T00:00:10+00:00\",\"dateModified\":\"2025-05-28T03:50:23+00:00\",\"mainEntityOfPage\":{\"@id\":\"https:\/\/www.nexoinformativo.mx\/index.php\/2025\/05\/27\/sin-ley-seca-en-queretaro-podras-comprar-bebidas-el-1-de-junio-durante-elecciones\/\"},\"wordCount\":235,\"commentCount\":0,\"publisher\":{\"@id\":\"https:\/\/www.nexoinformativo.mx\/#organization\"},\"image\":{\"@id\":\"https:\/\/www.nexoinformativo.mx\/index.php\/2025\/05\/27\/sin-ley-seca-en-queretaro-podras-comprar-bebidas-el-1-de-junio-durante-elecciones\/#primaryimage\"},\"thumbnailUrl\":\"https:\/\/www.nexoinformativo.mx\/wp-content\/uploads\/2025\/05\/PHOTO-2025-05-27-13-14-34-e1748404170489.jpg\",\"keywords\":[\"EleccionesQro\",\"Quer\u00e9taro\",\"SinLeySeca\",\"VotoResponsable\"],\"articleSection\":[\"Estado\",\"\u00daltima Hora\"],\"inLanguage\":\"es\",\"potentialAction\":[{\"@type\":\"CommentAction\",\"name\":\"Comment\",\"target\":[\"https:\/\/www.nexoinformativo.mx\/index.php\/2025\/05\/27\/sin-ley-seca-en-queretaro-podras-comprar-bebidas-el-1-de-junio-durante-elecciones\/#respond\"]}]},{\"@type\":\"WebPage\",\"@id\":\"https:\/\/www.nexoinformativo.mx\/index.php\/2025\/05\/27\/sin-ley-seca-en-queretaro-podras-comprar-bebidas-el-1-de-junio-durante-elecciones\/\",\"url\":\"https:\/\/www.nexoinformativo.mx\/index.php\/2025\/05\/27\/sin-ley-seca-en-queretaro-podras-comprar-bebidas-el-1-de-junio-durante-elecciones\/\",\"name\":\"Sin Ley Seca en Quer\u00e9taro podr\u00e1s comprar Bebidas el 1 de Junio durante elecciones | Nexo Informativo Santiago de Quer\u00e9taro\",\"isPartOf\":{\"@id\":\"https:\/\/www.nexoinformativo.mx\/#website\"},\"primaryImageOfPage\":{\"@id\":\"https:\/\/www.nexoinformativo.mx\/index.php\/2025\/05\/27\/sin-ley-seca-en-queretaro-podras-comprar-bebidas-el-1-de-junio-durante-elecciones\/#primaryimage\"},\"image\":{\"@id\":\"https:\/\/www.nexoinformativo.mx\/index.php\/2025\/05\/27\/sin-ley-seca-en-queretaro-podras-comprar-bebidas-el-1-de-junio-durante-elecciones\/#primaryimage\"},\"thumbnailUrl\":\"https:\/\/www.nexoinformativo.mx\/wp-content\/uploads\/2025\/05\/PHOTO-2025-05-27-13-14-34-e1748404170489.jpg\",\"datePublished\":\"2025-05-28T00:00:10+00:00\",\"dateModified\":\"2025-05-28T03:50:23+00:00\",\"description\":\"Sin Ley Seca en Quer\u00e9taro podr\u00e1s comprar Bebidas el 1 de Junio durante elecciones\",\"breadcrumb\":{\"@id\":\"https:\/\/www.nexoinformativo.mx\/index.php\/2025\/05\/27\/sin-ley-seca-en-queretaro-podras-comprar-bebidas-el-1-de-junio-durante-elecciones\/#breadcrumb\"},\"inLanguage\":\"es\",\"potentialAction\":[{\"@type\":\"ReadAction\",\"target\":[\"https:\/\/www.nexoinformativo.mx\/index.php\/2025\/05\/27\/sin-ley-seca-en-queretaro-podras-comprar-bebidas-el-1-de-junio-durante-elecciones\/\"]}]},{\"@type\":\"ImageObject\",\"inLanguage\":\"es\",\"@id\":\"https:\/\/www.nexoinformativo.mx\/index.php\/2025\/05\/27\/sin-ley-seca-en-queretaro-podras-comprar-bebidas-el-1-de-junio-durante-elecciones\/#primaryimage\",\"url\":\"https:\/\/www.nexoinformativo.mx\/wp-content\/uploads\/2025\/05\/PHOTO-2025-05-27-13-14-34-e1748404170489.jpg\",\"contentUrl\":\"https:\/\/www.nexoinformativo.mx\/wp-content\/uploads\/2025\/05\/PHOTO-2025-05-27-13-14-34-e1748404170489.jpg\",\"width\":800,\"height\":533},{\"@type\":\"BreadcrumbList\",\"@id\":\"https:\/\/www.nexoinformativo.mx\/index.php\/2025\/05\/27\/sin-ley-seca-en-queretaro-podras-comprar-bebidas-el-1-de-junio-durante-elecciones\/#breadcrumb\",\"itemListElement\":[{\"@type\":\"ListItem\",\"position\":1,\"name\":\"Inicio\",\"item\":\"https:\/\/www.nexoinformativo.mx\/\"},{\"@type\":\"ListItem\",\"position\":2,\"name\":\"Sin Ley Seca en Quer\u00e9taro podr\u00e1s comprar Bebidas el 1 de Junio durante elecciones\"}]},{\"@type\":\"WebSite\",\"@id\":\"https:\/\/www.nexoinformativo.mx\/#website\",\"url\":\"https:\/\/www.nexoinformativo.mx\/\",\"name\":\"Nexo Informativo Santiago de Quer\u00e9taro\",\"description\":\"Explora NexoInformativo y convi\u00e9rtete en parte de una comunidad que valora el conocimiento y la verdad. Tu nexoinformativo es tu puente hacia una comprensi\u00f3n m\u00e1s profunda del mundo que te rodea.\",\"publisher\":{\"@id\":\"https:\/\/www.nexoinformativo.mx\/#organization\"},\"potentialAction\":[{\"@type\":\"SearchAction\",\"target\":{\"@type\":\"EntryPoint\",\"urlTemplate\":\"https:\/\/www.nexoinformativo.mx\/?s={search_term_string}\"},\"query-input\":{\"@type\":\"PropertyValueSpecification\",\"valueRequired\":true,\"valueName\":\"search_term_string\"}}],\"inLanguage\":\"es\"},{\"@type\":\"Organization\",\"@id\":\"https:\/\/www.nexoinformativo.mx\/#organization\",\"name\":\"Nexo Informativo Santiago de Quer\u00e9taro\",\"url\":\"https:\/\/www.nexoinformativo.mx\/\",\"logo\":{\"@type\":\"ImageObject\",\"inLanguage\":\"es\",\"@id\":\"https:\/\/www.nexoinformativo.mx\/#\/schema\/logo\/image\/\",\"url\":\"https:\/\/www.nexoinformativo.mx\/wp-content\/uploads\/2024\/07\/nexoi-trasparente-2.png\",\"contentUrl\":\"https:\/\/www.nexoinformativo.mx\/wp-content\/uploads\/2024\/07\/nexoi-trasparente-2.png\",\"width\":816,\"height\":339,\"caption\":\"Nexo Informativo Santiago de Quer\u00e9taro\"},\"image\":{\"@id\":\"https:\/\/www.nexoinformativo.mx\/#\/schema\/logo\/image\/\"},\"sameAs\":[\"https:\/\/www.facebook.com\/people\/Nexo-Informativo\/61564066885511\/\"]},{\"@type\":\"Person\",\"@id\":\"https:\/\/www.nexoinformativo.mx\/#\/schema\/person\/7749d380ba08c8ca00d7bc76fd907b7d\",\"name\":\"Nexo Informativo\",\"image\":{\"@type\":\"ImageObject\",\"inLanguage\":\"es\",\"@id\":\"https:\/\/www.nexoinformativo.mx\/#\/schema\/person\/image\/\",\"url\":\"https:\/\/secure.gravatar.com\/avatar\/dde2928154642a13d95f87ddf1ea9718fe2b46760a005c53e41ff5ad610704e6?s=96&d=mm&r=g\",\"contentUrl\":\"https:\/\/secure.gravatar.com\/avatar\/dde2928154642a13d95f87ddf1ea9718fe2b46760a005c53e41ff5ad610704e6?s=96&d=mm&r=g\",\"caption\":\"Nexo Informativo\"},\"url\":\"https:\/\/www.nexoinformativo.mx\/index.php\/author\/edicion\/\"}]}<\/script>\n<!-- \/ Yoast SEO plugin. -->","yoast_head_json":{"title":"Sin Ley Seca en Quer\u00e9taro podr\u00e1s comprar Bebidas el 1 de Junio durante elecciones | Nexo Informativo Santiago de Quer\u00e9taro","description":"Sin Ley Seca en Quer\u00e9taro podr\u00e1s comprar Bebidas el 1 de Junio durante elecciones","robots":{"index":"index","follow":"follow","max-snippet":"max-snippet:-1","max-image-preview":"max-image-preview:large","max-video-preview":"max-video-preview:-1"},"canonical":"https:\/\/www.nexoinformativo.mx\/index.php\/2025\/05\/27\/sin-ley-seca-en-queretaro-podras-comprar-bebidas-el-1-de-junio-durante-elecciones\/","og_locale":"es_MX","og_type":"article","og_title":"Sin Ley Seca en Quer\u00e9taro podr\u00e1s comprar Bebidas el 1 de Junio durante elecciones | Nexo Informativo Santiago de Quer\u00e9taro","og_description":"Sin Ley Seca en Quer\u00e9taro podr\u00e1s comprar Bebidas el 1 de Junio durante elecciones","og_url":"https:\/\/www.nexoinformativo.mx\/index.php\/2025\/05\/27\/sin-ley-seca-en-queretaro-podras-comprar-bebidas-el-1-de-junio-durante-elecciones\/","og_site_name":"Nexo Informativo Santiago de Quer\u00e9taro","article_publisher":"https:\/\/www.facebook.com\/people\/Nexo-Informativo\/61564066885511\/","article_published_time":"2025-05-28T00:00:10+00:00","article_modified_time":"2025-05-28T03:50:23+00:00","og_image":[{"width":800,"height":533,"url":"https:\/\/www.nexoinformativo.mx\/wp-content\/uploads\/2025\/05\/PHOTO-2025-05-27-13-14-34-e1748404170489.jpg","type":"image\/jpeg"}],"author":"Nexo Informativo","twitter_card":"summary_large_image","twitter_misc":{"Escrito por":"Nexo Informativo","Tiempo de lectura":"2 minutos"},"schema":{"@context":"https:\/\/schema.org","@graph":[{"@type":"Article","@id":"https:\/\/www.nexoinformativo.mx\/index.php\/2025\/05\/27\/sin-ley-seca-en-queretaro-podras-comprar-bebidas-el-1-de-junio-durante-elecciones\/#article","isPartOf":{"@id":"https:\/\/www.nexoinformativo.mx\/index.php\/2025\/05\/27\/sin-ley-seca-en-queretaro-podras-comprar-bebidas-el-1-de-junio-durante-elecciones\/"},"author":{"name":"Nexo Informativo","@id":"https:\/\/www.nexoinformativo.mx\/#\/schema\/person\/7749d380ba08c8ca00d7bc76fd907b7d"},"headline":"Sin Ley Seca en Quer\u00e9taro podr\u00e1s comprar Bebidas el 1 de Junio durante elecciones","datePublished":"2025-05-28T00:00:10+00:00","dateModified":"2025-05-28T03:50:23+00:00","mainEntityOfPage":{"@id":"https:\/\/www.nexoinformativo.mx\/index.php\/2025\/05\/27\/sin-ley-seca-en-queretaro-podras-comprar-bebidas-el-1-de-junio-durante-elecciones\/"},"wordCount":235,"commentCount":0,"publisher":{"@id":"https:\/\/www.nexoinformativo.mx\/#organization"},"image":{"@id":"https:\/\/www.nexoinformativo.mx\/index.php\/2025\/05\/27\/sin-ley-seca-en-queretaro-podras-comprar-bebidas-el-1-de-junio-durante-elecciones\/#primaryimage"},"thumbnailUrl":"https:\/\/www.nexoinformativo.mx\/wp-content\/uploads\/2025\/05\/PHOTO-2025-05-27-13-14-34-e1748404170489.jpg","keywords":["EleccionesQro","Quer\u00e9taro","SinLeySeca","VotoResponsable"],"articleSection":["Estado","\u00daltima Hora"],"inLanguage":"es","potentialAction":[{"@type":"CommentAction","name":"Comment","target":["https:\/\/www.nexoinformativo.mx\/index.php\/2025\/05\/27\/sin-ley-seca-en-queretaro-podras-comprar-bebidas-el-1-de-junio-durante-elecciones\/#respond"]}]},{"@type":"WebPage","@id":"https:\/\/www.nexoinformativo.mx\/index.php\/2025\/05\/27\/sin-ley-seca-en-queretaro-podras-comprar-bebidas-el-1-de-junio-durante-elecciones\/","url":"https:\/\/www.nexoinformativo.mx\/index.php\/2025\/05\/27\/sin-ley-seca-en-queretaro-podras-comprar-bebidas-el-1-de-junio-durante-elecciones\/","name":"Sin Ley Seca en Quer\u00e9taro podr\u00e1s comprar Bebidas el 1 de Junio durante elecciones | Nexo Informativo Santiago de Quer\u00e9taro","isPartOf":{"@id":"https:\/\/www.nexoinformativo.mx\/#website"},"primaryImageOfPage":{"@id":"https:\/\/www.nexoinformativo.mx\/index.php\/2025\/05\/27\/sin-ley-seca-en-queretaro-podras-comprar-bebidas-el-1-de-junio-durante-elecciones\/#primaryimage"},"image":{"@id":"https:\/\/www.nexoinformativo.mx\/index.php\/2025\/05\/27\/sin-ley-seca-en-queretaro-podras-comprar-bebidas-el-1-de-junio-durante-elecciones\/#primaryimage"},"thumbnailUrl":"https:\/\/www.nexoinformativo.mx\/wp-content\/uploads\/2025\/05\/PHOTO-2025-05-27-13-14-34-e1748404170489.jpg","datePublished":"2025-05-28T00:00:10+00:00","dateModified":"2025-05-28T03:50:23+00:00","description":"Sin Ley Seca en Quer\u00e9taro podr\u00e1s comprar Bebidas el 1 de Junio durante elecciones","breadcrumb":{"@id":"https:\/\/www.nexoinformativo.mx\/index.php\/2025\/05\/27\/sin-ley-seca-en-queretaro-podras-comprar-bebidas-el-1-de-junio-durante-elecciones\/#breadcrumb"},"inLanguage":"es","potentialAction":[{"@type":"ReadAction","target":["https:\/\/www.nexoinformativo.mx\/index.php\/2025\/05\/27\/sin-ley-seca-en-queretaro-podras-comprar-bebidas-el-1-de-junio-durante-elecciones\/"]}]},{"@type":"ImageObject","inLanguage":"es","@id":"https:\/\/www.nexoinformativo.mx\/index.php\/2025\/05\/27\/sin-ley-seca-en-queretaro-podras-comprar-bebidas-el-1-de-junio-durante-elecciones\/#primaryimage","url":"https:\/\/www.nexoinformativo.mx\/wp-content\/uploads\/2025\/05\/PHOTO-2025-05-27-13-14-34-e1748404170489.jpg","contentUrl":"https:\/\/www.nexoinformativo.mx\/wp-content\/uploads\/2025\/05\/PHOTO-2025-05-27-13-14-34-e1748404170489.jpg","width":800,"height":533},{"@type":"BreadcrumbList","@id":"https:\/\/www.nexoinformativo.mx\/index.php\/2025\/05\/27\/sin-ley-seca-en-queretaro-podras-comprar-bebidas-el-1-de-junio-durante-elecciones\/#breadcrumb","itemListElement":[{"@type":"ListItem","position":1,"name":"Inicio","item":"https:\/\/www.nexoinformativo.mx\/"},{"@type":"ListItem","position":2,"name":"Sin Ley Seca en Quer\u00e9taro podr\u00e1s comprar Bebidas el 1 de Junio durante elecciones"}]},{"@type":"WebSite","@id":"https:\/\/www.nexoinformativo.mx\/#website","url":"https:\/\/www.nexoinformativo.mx\/","name":"Nexo Informativo Santiago de Quer\u00e9taro","description":"Explora NexoInformativo y convi\u00e9rtete en parte de una comunidad que valora el conocimiento y la verdad. Tu nexoinformativo es tu puente hacia una comprensi\u00f3n m\u00e1s profunda del mundo que te rodea.","publisher":{"@id":"https:\/\/www.nexoinformativo.mx\/#organization"},"potentialAction":[{"@type":"SearchAction","target":{"@type":"EntryPoint","urlTemplate":"https:\/\/www.nexoinformativo.mx\/?s={search_term_string}"},"query-input":{"@type":"PropertyValueSpecification","valueRequired":true,"valueName":"search_term_string"}}],"inLanguage":"es"},{"@type":"Organization","@id":"https:\/\/www.nexoinformativo.mx\/#organization","name":"Nexo Informativo Santiago de Quer\u00e9taro","url":"https:\/\/www.nexoinformativo.mx\/","logo":{"@type":"ImageObject","inLanguage":"es","@id":"https:\/\/www.nexoinformativo.mx\/#\/schema\/logo\/image\/","url":"https:\/\/www.nexoinformativo.mx\/wp-content\/uploads\/2024\/07\/nexoi-trasparente-2.png","contentUrl":"https:\/\/www.nexoinformativo.mx\/wp-content\/uploads\/2024\/07\/nexoi-trasparente-2.png","width":816,"height":339,"caption":"Nexo Informativo Santiago de Quer\u00e9taro"},"image":{"@id":"https:\/\/www.nexoinformativo.mx\/#\/schema\/logo\/image\/"},"sameAs":["https:\/\/www.facebook.com\/people\/Nexo-Informativo\/61564066885511\/"]},{"@type":"Person","@id":"https:\/\/www.nexoinformativo.mx\/#\/schema\/person\/7749d380ba08c8ca00d7bc76fd907b7d","name":"Nexo Informativo","image":{"@type":"ImageObject","inLanguage":"es","@id":"https:\/\/www.nexoinformativo.mx\/#\/schema\/person\/image\/","url":"https:\/\/secure.gravatar.com\/avatar\/dde2928154642a13d95f87ddf1ea9718fe2b46760a005c53e41ff5ad610704e6?s=96&d=mm&r=g","contentUrl":"https:\/\/secure.gravatar.com\/avatar\/dde2928154642a13d95f87ddf1ea9718fe2b46760a005c53e41ff5ad610704e6?s=96&d=mm&r=g","caption":"Nexo Informativo"},"url":"https:\/\/www.nexoinformativo.mx\/index.php\/author\/edicion\/"}]}},"_links":{"self":[{"href":"https:\/\/www.nexoinformativo.mx\/index.php\/wp-json\/wp\/v2\/posts\/15336","targetHints":{"allow":["GET"]}}],"collection":[{"href":"https:\/\/www.nexoinformativo.mx\/index.php\/wp-json\/wp\/v2\/posts"}],"about":[{"href":"https:\/\/www.nexoinformativo.mx\/index.php\/wp-json\/wp\/v2\/types\/post"}],"author":[{"embeddable":true,"href":"https:\/\/www.nexoinformativo.mx\/index.php\/wp-json\/wp\/v2\/users\/3"}],"replies":[{"embeddable":true,"href":"https:\/\/www.nexoinformativo.mx\/index.php\/wp-json\/wp\/v2\/comments?post=15336"}],"version-history":[{"count":3,"href":"https:\/\/www.nexoinformativo.mx\/index.php\/wp-json\/wp\/v2\/posts\/15336\/revisions"}],"predecessor-version":[{"id":15340,"href":"https:\/\/www.nexoinformativo.mx\/index.php\/wp-json\/wp\/v2\/posts\/15336\/revisions\/15340"}],"wp:featuredmedia":[{"embeddable":true,"href":"https:\/\/www.nexoinformativo.mx\/index.php\/wp-json\/wp\/v2\/media\/15337"}],"wp:attachment":[{"href":"https:\/\/www.nexoinformativo.mx\/index.php\/wp-json\/wp\/v2\/media?parent=15336"}],"wp:term":[{"taxonomy":"category","embeddable":true,"href":"https:\/\/www.nexoinformativo.mx\/index.php\/wp-json\/wp\/v2\/categories?post=15336"},{"taxonomy":"post_tag","embeddable":true,"href":"https:\/\/www.nexoinformativo.mx\/index.php\/wp-json\/wp\/v2\/tags?post=15336"}],"curies":[{"name":"wp","href":"https:\/\/api.w.org\/{rel}","templated":true}]}}