{"id":15341,"date":"2025-05-27T19:00:54","date_gmt":"2025-05-28T01:00:54","guid":{"rendered":"https:\/\/www.nexoinformativo.mx\/?p=15341"},"modified":"2025-05-27T21:56:48","modified_gmt":"2025-05-28T03:56:48","slug":"queretaro-elimina-1-7-toneladas-de-cable-obsoleto-en-la-ciudad","status":"publish","type":"post","link":"https:\/\/www.nexoinformativo.mx\/index.php\/2025\/05\/27\/queretaro-elimina-1-7-toneladas-de-cable-obsoleto-en-la-ciudad\/","title":{"rendered":"Quer\u00e9taro elimina 1.7 toneladas de cable obsoleto en la ciudad"},"content":{"rendered":"<p style=\"text-align: justify;\" data-sourcepos=\"3:1-3:336\">Las autoridades del municipio de Quer\u00e9taro han retirado un total de 1.7 toneladas de cable en desuso de los postes en las avenidas Tecnol\u00f3gico y Zaragoza. Esta importante acci\u00f3n se llev\u00f3 a cabo a trav\u00e9s de tres operativos realizados durante el mes de mayo.<\/p>\n<\/p>\n<p>&nbsp;<\/p>\n<p style=\"text-align: justify;\" data-sourcepos=\"5:1-5:207\">Pedro \u00c1ngeles, titular de Movilidad en la capital, explic\u00f3 que esta labor se realiza en conjunto con 12 empresas de telecomunicaciones, operando en un horario de 6:00 de la ma\u00f1ana a 3:00 de la tarde.<\/p>\n<\/p>\n<p>&nbsp;<\/p>\n<p style=\"text-align: justify;\" data-sourcepos=\"7:1-7:354\">Dos de estos operativos se concentraron en avenida Tecnol\u00f3gico, mientras que uno m\u00e1s se ejecut\u00f3 en avenida Zaragoza.<\/p>\n<\/p>\n<p>&nbsp;<\/p>\n<p style=\"text-align: justify;\" data-sourcepos=\"7:1-7:354\">Las autoridades tambi\u00e9n han identificado otras zonas de la ciudad con esta misma problem\u00e1tica de acumulaci\u00f3n de cableado innecesario, incluyendo Pie de la Cuesta, avenida de la Luz, Constituyentes, Corregidora Norte y avenida del Parque.<\/p>\n<\/p>\n<p>&nbsp;<\/p>\n<p style=\"text-align: center;\" data-sourcepos=\"7:1-7:354\"><em><strong>\u00a1Informaci\u00f3n que transforma!<\/strong><\/em><\/p>\n","protected":false},"excerpt":{"rendered":"<p>Las autoridades del municipio de Quer\u00e9taro han retirado un total de 1.7 toneladas de cable en desuso de los postes en las avenidas Tecnol\u00f3gico y Zaragoza. Esta importante acci\u00f3n se llev\u00f3 a cabo a trav\u00e9s de tres operativos realizados durante el mes de mayo.<\/p>\n","protected":false},"author":3,"featured_media":15343,"comment_status":"open","ping_status":"open","sticky":false,"template":"","format":"standard","meta":{"footnotes":""},"categories":[65,58],"tags":[4605,4606,3556,865],"class_list":["post-15341","post","type-post","status-publish","format-standard","has-post-thumbnail","hentry","category-municipios","category-ultima-hora","tag-cableadoseguro","tag-cerochatarra","tag-movilidadqro","tag-queretarolimpio"],"yoast_head":"<!-- This site is optimized with the Yoast SEO plugin v25.0 - https:\/\/yoast.com\/wordpress\/plugins\/seo\/ -->\n<title>Quer\u00e9taro elimina 1.7 toneladas de cable obsoleto en la ciudad | Nexo Informativo Santiago de Quer\u00e9taro<\/title>\n<meta name=\"description\" content=\"Quer\u00e9taro elimina 1.7 toneladas de cable obsoleto en la ciudad\" \/>\n<meta name=\"robots\" content=\"index, follow, max-snippet:-1, max-image-preview:large, max-video-preview:-1\" \/>\n<link rel=\"canonical\" href=\"https:\/\/www.nexoinformativo.mx\/index.php\/2025\/05\/27\/queretaro-elimina-1-7-toneladas-de-cable-obsoleto-en-la-ciudad\/\" \/>\n<meta property=\"og:locale\" content=\"es_MX\" \/>\n<meta property=\"og:type\" content=\"article\" \/>\n<meta property=\"og:title\" content=\"Quer\u00e9taro elimina 1.7 toneladas de cable obsoleto en la ciudad | Nexo Informativo Santiago de Quer\u00e9taro\" \/>\n<meta property=\"og:description\" content=\"Quer\u00e9taro elimina 1.7 toneladas de cable obsoleto en la ciudad\" \/>\n<meta property=\"og:url\" content=\"https:\/\/www.nexoinformativo.mx\/index.php\/2025\/05\/27\/queretaro-elimina-1-7-toneladas-de-cable-obsoleto-en-la-ciudad\/\" \/>\n<meta property=\"og:site_name\" content=\"Nexo Informativo Santiago de Quer\u00e9taro\" \/>\n<meta property=\"article:publisher\" content=\"https:\/\/www.facebook.com\/people\/Nexo-Informativo\/61564066885511\/\" \/>\n<meta property=\"article:published_time\" content=\"2025-05-28T01:00:54+00:00\" \/>\n<meta property=\"article:modified_time\" content=\"2025-05-28T03:56:48+00:00\" \/>\n<meta property=\"og:image\" content=\"https:\/\/www.nexoinformativo.mx\/wp-content\/uploads\/2025\/05\/ad1b2975-8bcf-4d3f-95a9-0b4492132f97-e1748404562110.jpg\" \/>\n\t<meta property=\"og:image:width\" content=\"800\" \/>\n\t<meta property=\"og:image:height\" content=\"662\" \/>\n\t<meta property=\"og:image:type\" content=\"image\/jpeg\" \/>\n<meta name=\"author\" content=\"Nexo Informativo\" \/>\n<meta name=\"twitter:card\" content=\"summary_large_image\" \/>\n<meta name=\"twitter:label1\" content=\"Escrito por\" \/>\n\t<meta name=\"twitter:data1\" content=\"Nexo Informativo\" \/>\n\t<meta name=\"twitter:label2\" content=\"Tiempo de lectura\" \/>\n\t<meta name=\"twitter:data2\" content=\"1 minuto\" \/>\n<script type=\"application\/ld+json\" class=\"yoast-schema-graph\">{\"@context\":\"https:\/\/schema.org\",\"@graph\":[{\"@type\":\"Article\",\"@id\":\"https:\/\/www.nexoinformativo.mx\/index.php\/2025\/05\/27\/queretaro-elimina-1-7-toneladas-de-cable-obsoleto-en-la-ciudad\/#article\",\"isPartOf\":{\"@id\":\"https:\/\/www.nexoinformativo.mx\/index.php\/2025\/05\/27\/queretaro-elimina-1-7-toneladas-de-cable-obsoleto-en-la-ciudad\/\"},\"author\":{\"name\":\"Nexo Informativo\",\"@id\":\"https:\/\/www.nexoinformativo.mx\/#\/schema\/person\/7749d380ba08c8ca00d7bc76fd907b7d\"},\"headline\":\"Quer\u00e9taro elimina 1.7 toneladas de cable obsoleto en la ciudad\",\"datePublished\":\"2025-05-28T01:00:54+00:00\",\"dateModified\":\"2025-05-28T03:56:48+00:00\",\"mainEntityOfPage\":{\"@id\":\"https:\/\/www.nexoinformativo.mx\/index.php\/2025\/05\/27\/queretaro-elimina-1-7-toneladas-de-cable-obsoleto-en-la-ciudad\/\"},\"wordCount\":156,\"commentCount\":0,\"publisher\":{\"@id\":\"https:\/\/www.nexoinformativo.mx\/#organization\"},\"image\":{\"@id\":\"https:\/\/www.nexoinformativo.mx\/index.php\/2025\/05\/27\/queretaro-elimina-1-7-toneladas-de-cable-obsoleto-en-la-ciudad\/#primaryimage\"},\"thumbnailUrl\":\"https:\/\/www.nexoinformativo.mx\/wp-content\/uploads\/2025\/05\/ad1b2975-8bcf-4d3f-95a9-0b4492132f97-e1748404562110.jpg\",\"keywords\":[\"CableadoSeguro\",\"CeroChatarra\",\"MovilidadQro\",\"Quer\u00e9taroLimpio\"],\"articleSection\":[\"Municipios\",\"\u00daltima Hora\"],\"inLanguage\":\"es\",\"potentialAction\":[{\"@type\":\"CommentAction\",\"name\":\"Comment\",\"target\":[\"https:\/\/www.nexoinformativo.mx\/index.php\/2025\/05\/27\/queretaro-elimina-1-7-toneladas-de-cable-obsoleto-en-la-ciudad\/#respond\"]}]},{\"@type\":\"WebPage\",\"@id\":\"https:\/\/www.nexoinformativo.mx\/index.php\/2025\/05\/27\/queretaro-elimina-1-7-toneladas-de-cable-obsoleto-en-la-ciudad\/\",\"url\":\"https:\/\/www.nexoinformativo.mx\/index.php\/2025\/05\/27\/queretaro-elimina-1-7-toneladas-de-cable-obsoleto-en-la-ciudad\/\",\"name\":\"Quer\u00e9taro elimina 1.7 toneladas de cable obsoleto en la ciudad | Nexo Informativo Santiago de Quer\u00e9taro\",\"isPartOf\":{\"@id\":\"https:\/\/www.nexoinformativo.mx\/#website\"},\"primaryImageOfPage\":{\"@id\":\"https:\/\/www.nexoinformativo.mx\/index.php\/2025\/05\/27\/queretaro-elimina-1-7-toneladas-de-cable-obsoleto-en-la-ciudad\/#primaryimage\"},\"image\":{\"@id\":\"https:\/\/www.nexoinformativo.mx\/index.php\/2025\/05\/27\/queretaro-elimina-1-7-toneladas-de-cable-obsoleto-en-la-ciudad\/#primaryimage\"},\"thumbnailUrl\":\"https:\/\/www.nexoinformativo.mx\/wp-content\/uploads\/2025\/05\/ad1b2975-8bcf-4d3f-95a9-0b4492132f97-e1748404562110.jpg\",\"datePublished\":\"2025-05-28T01:00:54+00:00\",\"dateModified\":\"2025-05-28T03:56:48+00:00\",\"description\":\"Quer\u00e9taro elimina 1.7 toneladas de cable obsoleto en la ciudad\",\"breadcrumb\":{\"@id\":\"https:\/\/www.nexoinformativo.mx\/index.php\/2025\/05\/27\/queretaro-elimina-1-7-toneladas-de-cable-obsoleto-en-la-ciudad\/#breadcrumb\"},\"inLanguage\":\"es\",\"potentialAction\":[{\"@type\":\"ReadAction\",\"target\":[\"https:\/\/www.nexoinformativo.mx\/index.php\/2025\/05\/27\/queretaro-elimina-1-7-toneladas-de-cable-obsoleto-en-la-ciudad\/\"]}]},{\"@type\":\"ImageObject\",\"inLanguage\":\"es\",\"@id\":\"https:\/\/www.nexoinformativo.mx\/index.php\/2025\/05\/27\/queretaro-elimina-1-7-toneladas-de-cable-obsoleto-en-la-ciudad\/#primaryimage\",\"url\":\"https:\/\/www.nexoinformativo.mx\/wp-content\/uploads\/2025\/05\/ad1b2975-8bcf-4d3f-95a9-0b4492132f97-e1748404562110.jpg\",\"contentUrl\":\"https:\/\/www.nexoinformativo.mx\/wp-content\/uploads\/2025\/05\/ad1b2975-8bcf-4d3f-95a9-0b4492132f97-e1748404562110.jpg\",\"width\":800,\"height\":662},{\"@type\":\"BreadcrumbList\",\"@id\":\"https:\/\/www.nexoinformativo.mx\/index.php\/2025\/05\/27\/queretaro-elimina-1-7-toneladas-de-cable-obsoleto-en-la-ciudad\/#breadcrumb\",\"itemListElement\":[{\"@type\":\"ListItem\",\"position\":1,\"name\":\"Inicio\",\"item\":\"https:\/\/www.nexoinformativo.mx\/\"},{\"@type\":\"ListItem\",\"position\":2,\"name\":\"Quer\u00e9taro elimina 1.7 toneladas de cable obsoleto en la ciudad\"}]},{\"@type\":\"WebSite\",\"@id\":\"https:\/\/www.nexoinformativo.mx\/#website\",\"url\":\"https:\/\/www.nexoinformativo.mx\/\",\"name\":\"Nexo Informativo Santiago de Quer\u00e9taro\",\"description\":\"Explora NexoInformativo y convi\u00e9rtete en parte de una comunidad que valora el conocimiento y la verdad. Tu nexoinformativo es tu puente hacia una comprensi\u00f3n m\u00e1s profunda del mundo que te rodea.\",\"publisher\":{\"@id\":\"https:\/\/www.nexoinformativo.mx\/#organization\"},\"potentialAction\":[{\"@type\":\"SearchAction\",\"target\":{\"@type\":\"EntryPoint\",\"urlTemplate\":\"https:\/\/www.nexoinformativo.mx\/?s={search_term_string}\"},\"query-input\":{\"@type\":\"PropertyValueSpecification\",\"valueRequired\":true,\"valueName\":\"search_term_string\"}}],\"inLanguage\":\"es\"},{\"@type\":\"Organization\",\"@id\":\"https:\/\/www.nexoinformativo.mx\/#organization\",\"name\":\"Nexo Informativo Santiago de Quer\u00e9taro\",\"url\":\"https:\/\/www.nexoinformativo.mx\/\",\"logo\":{\"@type\":\"ImageObject\",\"inLanguage\":\"es\",\"@id\":\"https:\/\/www.nexoinformativo.mx\/#\/schema\/logo\/image\/\",\"url\":\"https:\/\/www.nexoinformativo.mx\/wp-content\/uploads\/2024\/07\/nexoi-trasparente-2.png\",\"contentUrl\":\"https:\/\/www.nexoinformativo.mx\/wp-content\/uploads\/2024\/07\/nexoi-trasparente-2.png\",\"width\":816,\"height\":339,\"caption\":\"Nexo Informativo Santiago de Quer\u00e9taro\"},\"image\":{\"@id\":\"https:\/\/www.nexoinformativo.mx\/#\/schema\/logo\/image\/\"},\"sameAs\":[\"https:\/\/www.facebook.com\/people\/Nexo-Informativo\/61564066885511\/\"]},{\"@type\":\"Person\",\"@id\":\"https:\/\/www.nexoinformativo.mx\/#\/schema\/person\/7749d380ba08c8ca00d7bc76fd907b7d\",\"name\":\"Nexo Informativo\",\"image\":{\"@type\":\"ImageObject\",\"inLanguage\":\"es\",\"@id\":\"https:\/\/www.nexoinformativo.mx\/#\/schema\/person\/image\/\",\"url\":\"https:\/\/secure.gravatar.com\/avatar\/dde2928154642a13d95f87ddf1ea9718fe2b46760a005c53e41ff5ad610704e6?s=96&d=mm&r=g\",\"contentUrl\":\"https:\/\/secure.gravatar.com\/avatar\/dde2928154642a13d95f87ddf1ea9718fe2b46760a005c53e41ff5ad610704e6?s=96&d=mm&r=g\",\"caption\":\"Nexo Informativo\"},\"url\":\"https:\/\/www.nexoinformativo.mx\/index.php\/author\/edicion\/\"}]}<\/script>\n<!-- \/ Yoast SEO plugin. -->","yoast_head_json":{"title":"Quer\u00e9taro elimina 1.7 toneladas de cable obsoleto en la ciudad | Nexo Informativo Santiago de Quer\u00e9taro","description":"Quer\u00e9taro elimina 1.7 toneladas de cable obsoleto en la ciudad","robots":{"index":"index","follow":"follow","max-snippet":"max-snippet:-1","max-image-preview":"max-image-preview:large","max-video-preview":"max-video-preview:-1"},"canonical":"https:\/\/www.nexoinformativo.mx\/index.php\/2025\/05\/27\/queretaro-elimina-1-7-toneladas-de-cable-obsoleto-en-la-ciudad\/","og_locale":"es_MX","og_type":"article","og_title":"Quer\u00e9taro elimina 1.7 toneladas de cable obsoleto en la ciudad | Nexo Informativo Santiago de Quer\u00e9taro","og_description":"Quer\u00e9taro elimina 1.7 toneladas de cable obsoleto en la ciudad","og_url":"https:\/\/www.nexoinformativo.mx\/index.php\/2025\/05\/27\/queretaro-elimina-1-7-toneladas-de-cable-obsoleto-en-la-ciudad\/","og_site_name":"Nexo Informativo Santiago de Quer\u00e9taro","article_publisher":"https:\/\/www.facebook.com\/people\/Nexo-Informativo\/61564066885511\/","article_published_time":"2025-05-28T01:00:54+00:00","article_modified_time":"2025-05-28T03:56:48+00:00","og_image":[{"width":800,"height":662,"url":"https:\/\/www.nexoinformativo.mx\/wp-content\/uploads\/2025\/05\/ad1b2975-8bcf-4d3f-95a9-0b4492132f97-e1748404562110.jpg","type":"image\/jpeg"}],"author":"Nexo Informativo","twitter_card":"summary_large_image","twitter_misc":{"Escrito por":"Nexo Informativo","Tiempo de lectura":"1 minuto"},"schema":{"@context":"https:\/\/schema.org","@graph":[{"@type":"Article","@id":"https:\/\/www.nexoinformativo.mx\/index.php\/2025\/05\/27\/queretaro-elimina-1-7-toneladas-de-cable-obsoleto-en-la-ciudad\/#article","isPartOf":{"@id":"https:\/\/www.nexoinformativo.mx\/index.php\/2025\/05\/27\/queretaro-elimina-1-7-toneladas-de-cable-obsoleto-en-la-ciudad\/"},"author":{"name":"Nexo Informativo","@id":"https:\/\/www.nexoinformativo.mx\/#\/schema\/person\/7749d380ba08c8ca00d7bc76fd907b7d"},"headline":"Quer\u00e9taro elimina 1.7 toneladas de cable obsoleto en la ciudad","datePublished":"2025-05-28T01:00:54+00:00","dateModified":"2025-05-28T03:56:48+00:00","mainEntityOfPage":{"@id":"https:\/\/www.nexoinformativo.mx\/index.php\/2025\/05\/27\/queretaro-elimina-1-7-toneladas-de-cable-obsoleto-en-la-ciudad\/"},"wordCount":156,"commentCount":0,"publisher":{"@id":"https:\/\/www.nexoinformativo.mx\/#organization"},"image":{"@id":"https:\/\/www.nexoinformativo.mx\/index.php\/2025\/05\/27\/queretaro-elimina-1-7-toneladas-de-cable-obsoleto-en-la-ciudad\/#primaryimage"},"thumbnailUrl":"https:\/\/www.nexoinformativo.mx\/wp-content\/uploads\/2025\/05\/ad1b2975-8bcf-4d3f-95a9-0b4492132f97-e1748404562110.jpg","keywords":["CableadoSeguro","CeroChatarra","MovilidadQro","Quer\u00e9taroLimpio"],"articleSection":["Municipios","\u00daltima Hora"],"inLanguage":"es","potentialAction":[{"@type":"CommentAction","name":"Comment","target":["https:\/\/www.nexoinformativo.mx\/index.php\/2025\/05\/27\/queretaro-elimina-1-7-toneladas-de-cable-obsoleto-en-la-ciudad\/#respond"]}]},{"@type":"WebPage","@id":"https:\/\/www.nexoinformativo.mx\/index.php\/2025\/05\/27\/queretaro-elimina-1-7-toneladas-de-cable-obsoleto-en-la-ciudad\/","url":"https:\/\/www.nexoinformativo.mx\/index.php\/2025\/05\/27\/queretaro-elimina-1-7-toneladas-de-cable-obsoleto-en-la-ciudad\/","name":"Quer\u00e9taro elimina 1.7 toneladas de cable obsoleto en la ciudad | Nexo Informativo Santiago de Quer\u00e9taro","isPartOf":{"@id":"https:\/\/www.nexoinformativo.mx\/#website"},"primaryImageOfPage":{"@id":"https:\/\/www.nexoinformativo.mx\/index.php\/2025\/05\/27\/queretaro-elimina-1-7-toneladas-de-cable-obsoleto-en-la-ciudad\/#primaryimage"},"image":{"@id":"https:\/\/www.nexoinformativo.mx\/index.php\/2025\/05\/27\/queretaro-elimina-1-7-toneladas-de-cable-obsoleto-en-la-ciudad\/#primaryimage"},"thumbnailUrl":"https:\/\/www.nexoinformativo.mx\/wp-content\/uploads\/2025\/05\/ad1b2975-8bcf-4d3f-95a9-0b4492132f97-e1748404562110.jpg","datePublished":"2025-05-28T01:00:54+00:00","dateModified":"2025-05-28T03:56:48+00:00","description":"Quer\u00e9taro elimina 1.7 toneladas de cable obsoleto en la ciudad","breadcrumb":{"@id":"https:\/\/www.nexoinformativo.mx\/index.php\/2025\/05\/27\/queretaro-elimina-1-7-toneladas-de-cable-obsoleto-en-la-ciudad\/#breadcrumb"},"inLanguage":"es","potentialAction":[{"@type":"ReadAction","target":["https:\/\/www.nexoinformativo.mx\/index.php\/2025\/05\/27\/queretaro-elimina-1-7-toneladas-de-cable-obsoleto-en-la-ciudad\/"]}]},{"@type":"ImageObject","inLanguage":"es","@id":"https:\/\/www.nexoinformativo.mx\/index.php\/2025\/05\/27\/queretaro-elimina-1-7-toneladas-de-cable-obsoleto-en-la-ciudad\/#primaryimage","url":"https:\/\/www.nexoinformativo.mx\/wp-content\/uploads\/2025\/05\/ad1b2975-8bcf-4d3f-95a9-0b4492132f97-e1748404562110.jpg","contentUrl":"https:\/\/www.nexoinformativo.mx\/wp-content\/uploads\/2025\/05\/ad1b2975-8bcf-4d3f-95a9-0b4492132f97-e1748404562110.jpg","width":800,"height":662},{"@type":"BreadcrumbList","@id":"https:\/\/www.nexoinformativo.mx\/index.php\/2025\/05\/27\/queretaro-elimina-1-7-toneladas-de-cable-obsoleto-en-la-ciudad\/#breadcrumb","itemListElement":[{"@type":"ListItem","position":1,"name":"Inicio","item":"https:\/\/www.nexoinformativo.mx\/"},{"@type":"ListItem","position":2,"name":"Quer\u00e9taro elimina 1.7 toneladas de cable obsoleto en la ciudad"}]},{"@type":"WebSite","@id":"https:\/\/www.nexoinformativo.mx\/#website","url":"https:\/\/www.nexoinformativo.mx\/","name":"Nexo Informativo Santiago de Quer\u00e9taro","description":"Explora NexoInformativo y convi\u00e9rtete en parte de una comunidad que valora el conocimiento y la verdad. Tu nexoinformativo es tu puente hacia una comprensi\u00f3n m\u00e1s profunda del mundo que te rodea.","publisher":{"@id":"https:\/\/www.nexoinformativo.mx\/#organization"},"potentialAction":[{"@type":"SearchAction","target":{"@type":"EntryPoint","urlTemplate":"https:\/\/www.nexoinformativo.mx\/?s={search_term_string}"},"query-input":{"@type":"PropertyValueSpecification","valueRequired":true,"valueName":"search_term_string"}}],"inLanguage":"es"},{"@type":"Organization","@id":"https:\/\/www.nexoinformativo.mx\/#organization","name":"Nexo Informativo Santiago de Quer\u00e9taro","url":"https:\/\/www.nexoinformativo.mx\/","logo":{"@type":"ImageObject","inLanguage":"es","@id":"https:\/\/www.nexoinformativo.mx\/#\/schema\/logo\/image\/","url":"https:\/\/www.nexoinformativo.mx\/wp-content\/uploads\/2024\/07\/nexoi-trasparente-2.png","contentUrl":"https:\/\/www.nexoinformativo.mx\/wp-content\/uploads\/2024\/07\/nexoi-trasparente-2.png","width":816,"height":339,"caption":"Nexo Informativo Santiago de Quer\u00e9taro"},"image":{"@id":"https:\/\/www.nexoinformativo.mx\/#\/schema\/logo\/image\/"},"sameAs":["https:\/\/www.facebook.com\/people\/Nexo-Informativo\/61564066885511\/"]},{"@type":"Person","@id":"https:\/\/www.nexoinformativo.mx\/#\/schema\/person\/7749d380ba08c8ca00d7bc76fd907b7d","name":"Nexo Informativo","image":{"@type":"ImageObject","inLanguage":"es","@id":"https:\/\/www.nexoinformativo.mx\/#\/schema\/person\/image\/","url":"https:\/\/secure.gravatar.com\/avatar\/dde2928154642a13d95f87ddf1ea9718fe2b46760a005c53e41ff5ad610704e6?s=96&d=mm&r=g","contentUrl":"https:\/\/secure.gravatar.com\/avatar\/dde2928154642a13d95f87ddf1ea9718fe2b46760a005c53e41ff5ad610704e6?s=96&d=mm&r=g","caption":"Nexo Informativo"},"url":"https:\/\/www.nexoinformativo.mx\/index.php\/author\/edicion\/"}]}},"_links":{"self":[{"href":"https:\/\/www.nexoinformativo.mx\/index.php\/wp-json\/wp\/v2\/posts\/15341","targetHints":{"allow":["GET"]}}],"collection":[{"href":"https:\/\/www.nexoinformativo.mx\/index.php\/wp-json\/wp\/v2\/posts"}],"about":[{"href":"https:\/\/www.nexoinformativo.mx\/index.php\/wp-json\/wp\/v2\/types\/post"}],"author":[{"embeddable":true,"href":"https:\/\/www.nexoinformativo.mx\/index.php\/wp-json\/wp\/v2\/users\/3"}],"replies":[{"embeddable":true,"href":"https:\/\/www.nexoinformativo.mx\/index.php\/wp-json\/wp\/v2\/comments?post=15341"}],"version-history":[{"count":3,"href":"https:\/\/www.nexoinformativo.mx\/index.php\/wp-json\/wp\/v2\/posts\/15341\/revisions"}],"predecessor-version":[{"id":15345,"href":"https:\/\/www.nexoinformativo.mx\/index.php\/wp-json\/wp\/v2\/posts\/15341\/revisions\/15345"}],"wp:featuredmedia":[{"embeddable":true,"href":"https:\/\/www.nexoinformativo.mx\/index.php\/wp-json\/wp\/v2\/media\/15343"}],"wp:attachment":[{"href":"https:\/\/www.nexoinformativo.mx\/index.php\/wp-json\/wp\/v2\/media?parent=15341"}],"wp:term":[{"taxonomy":"category","embeddable":true,"href":"https:\/\/www.nexoinformativo.mx\/index.php\/wp-json\/wp\/v2\/categories?post=15341"},{"taxonomy":"post_tag","embeddable":true,"href":"https:\/\/www.nexoinformativo.mx\/index.php\/wp-json\/wp\/v2\/tags?post=15341"}],"curies":[{"name":"wp","href":"https:\/\/api.w.org\/{rel}","templated":true}]}}