{"id":15346,"date":"2025-05-27T20:00:01","date_gmt":"2025-05-28T02:00:01","guid":{"rendered":"https:\/\/www.nexoinformativo.mx\/?p=15346"},"modified":"2025-05-27T22:05:59","modified_gmt":"2025-05-28T04:05:59","slug":"conexion-directa-con-espana-corregidora-lanza-su-ruta-de-la-adoracion-para-turistas-europeos","status":"publish","type":"post","link":"https:\/\/www.nexoinformativo.mx\/index.php\/2025\/05\/27\/conexion-directa-con-espana-corregidora-lanza-su-ruta-de-la-adoracion-para-turistas-europeos\/","title":{"rendered":"Conexi\u00f3n directa con Espa\u00f1a Corregidora lanza su ruta de la adoraci\u00f3n para turistas Europeos"},"content":{"rendered":"<p style=\"text-align: justify;\" data-sourcepos=\"3:1-3:468\">El presidente municipal de Corregidora, Chepe Guerrero, encabez\u00f3 una importante misi\u00f3n en Espa\u00f1a durante la Semana de Turismo, buscando posicionar a su municipio como un destino clave y atraer nuevas inversiones.<\/p>\n<p>&nbsp;<\/p>\n<p style=\"text-align: justify;\" data-sourcepos=\"3:1-3:468\">Acompa\u00f1\u00f3 al gobernador de Quer\u00e9taro, Mauricio Kuri, en reuniones estrat\u00e9gicas con tour operadores, agencias de viajes y l\u00edderes del sector tur\u00edstico.<\/p>\n<p>&nbsp;<\/p>\n<p style=\"text-align: justify;\" data-sourcepos=\"5:1-5:380\">Uno de los grandes objetivos de esta visita es promover la Ruta de la Adoraci\u00f3n, destacando el reciente nombramiento de la Bas\u00edlica de Nuestra Se\u00f1ora del Pueblito.<\/p>\n<\/p>\n<p>&nbsp;<\/p>\n<p style=\"text-align: justify;\" data-sourcepos=\"5:1-5:380\">Chepe Guerrero tambi\u00e9n resalt\u00f3 otros atractivos tur\u00edsticos de Corregidora, como La Pir\u00e1mide y el Barrio M\u00e1gico, buscando captar la atenci\u00f3n de visitantes interesados en experiencias de fe, historia y cultura.<\/p>\n<p>&nbsp;<\/p>\n<p style=\"text-align: justify;\" data-sourcepos=\"5:1-5:380\">La nueva ruta a\u00e9rea Quer\u00e9taro\u2013Madrid\u2013Quer\u00e9taro se perfila como un factor clave para un incremento significativo en la afluencia de turistas, facilitando el acceso directo a Corregidora para quienes buscan vivir experiencias de fe, historia y cultura.<\/p>\n<p>&nbsp;<\/p>\n<p style=\"text-align: justify;\" data-sourcepos=\"5:1-5:380\">Se espera que el pr\u00f3ximo vuelo Quer\u00e9taro-Madrid, Madrid-Quer\u00e9taro se convierta en un puente directo para atraer a m\u00e1s visitantes de turismo religioso y cultural hacia Corregidora, abriendo nuevas oportunidades de desarrollo para el municipio.<\/p>\n<p>&nbsp;<\/p>\n<p style=\"text-align: center;\" data-sourcepos=\"5:1-5:380\"><em><strong>\u00a1Informaci\u00f3n que transforma!<\/strong><\/em><\/p>\n","protected":false},"excerpt":{"rendered":"<p>El presidente municipal de Corregidora, Chepe Guerrero, encabez\u00f3 una importante misi\u00f3n en Espa\u00f1a durante la Semana de Turismo, buscando posicionar a su municipio como un destino clave y atraer nuevas inversiones.<\/p>\n","protected":false},"author":3,"featured_media":15347,"comment_status":"open","ping_status":"open","sticky":false,"template":"","format":"standard","meta":{"footnotes":""},"categories":[5,65,58],"tags":[237,4607,4608,4609],"class_list":["post-15346","post","type-post","status-publish","format-standard","has-post-thumbnail","hentry","category-economia","category-municipios","category-ultima-hora","tag-chepeguerrero","tag-corregidoraespana","tag-rutadelaadoracion","tag-turismoreligioso"],"yoast_head":"<!-- This site is optimized with the Yoast SEO plugin v25.0 - https:\/\/yoast.com\/wordpress\/plugins\/seo\/ -->\n<title>Conexi\u00f3n directa con Espa\u00f1a Corregidora lanza su ruta de la adoraci\u00f3n para turistas Europeos | Nexo Informativo Santiago de Quer\u00e9taro<\/title>\n<meta name=\"description\" content=\"Conexi\u00f3n directa con Espa\u00f1a Corregidora lanza su ruta de la adoraci\u00f3n para turistas Europeos\" \/>\n<meta name=\"robots\" content=\"index, follow, max-snippet:-1, max-image-preview:large, max-video-preview:-1\" \/>\n<link rel=\"canonical\" href=\"https:\/\/www.nexoinformativo.mx\/index.php\/2025\/05\/27\/conexion-directa-con-espana-corregidora-lanza-su-ruta-de-la-adoracion-para-turistas-europeos\/\" \/>\n<meta property=\"og:locale\" content=\"es_MX\" \/>\n<meta property=\"og:type\" content=\"article\" \/>\n<meta property=\"og:title\" content=\"Conexi\u00f3n directa con Espa\u00f1a Corregidora lanza su ruta de la adoraci\u00f3n para turistas Europeos | Nexo Informativo Santiago de Quer\u00e9taro\" \/>\n<meta property=\"og:description\" content=\"Conexi\u00f3n directa con Espa\u00f1a Corregidora lanza su ruta de la adoraci\u00f3n para turistas Europeos\" \/>\n<meta property=\"og:url\" content=\"https:\/\/www.nexoinformativo.mx\/index.php\/2025\/05\/27\/conexion-directa-con-espana-corregidora-lanza-su-ruta-de-la-adoracion-para-turistas-europeos\/\" \/>\n<meta property=\"og:site_name\" content=\"Nexo Informativo Santiago de Quer\u00e9taro\" \/>\n<meta property=\"article:publisher\" content=\"https:\/\/www.facebook.com\/people\/Nexo-Informativo\/61564066885511\/\" \/>\n<meta property=\"article:published_time\" content=\"2025-05-28T02:00:01+00:00\" \/>\n<meta property=\"article:modified_time\" content=\"2025-05-28T04:05:59+00:00\" \/>\n<meta property=\"og:image\" content=\"https:\/\/www.nexoinformativo.mx\/wp-content\/uploads\/2025\/05\/PHOTO-2025-05-27-14-55-37-e1748405082853.jpg\" \/>\n\t<meta property=\"og:image:width\" content=\"810\" \/>\n\t<meta property=\"og:image:height\" content=\"540\" \/>\n\t<meta property=\"og:image:type\" content=\"image\/jpeg\" \/>\n<meta name=\"author\" content=\"Nexo Informativo\" \/>\n<meta name=\"twitter:card\" content=\"summary_large_image\" \/>\n<meta name=\"twitter:label1\" content=\"Escrito por\" \/>\n\t<meta name=\"twitter:data1\" content=\"Nexo Informativo\" \/>\n\t<meta name=\"twitter:label2\" content=\"Tiempo de lectura\" \/>\n\t<meta name=\"twitter:data2\" content=\"2 minutos\" \/>\n<script type=\"application\/ld+json\" class=\"yoast-schema-graph\">{\"@context\":\"https:\/\/schema.org\",\"@graph\":[{\"@type\":\"Article\",\"@id\":\"https:\/\/www.nexoinformativo.mx\/index.php\/2025\/05\/27\/conexion-directa-con-espana-corregidora-lanza-su-ruta-de-la-adoracion-para-turistas-europeos\/#article\",\"isPartOf\":{\"@id\":\"https:\/\/www.nexoinformativo.mx\/index.php\/2025\/05\/27\/conexion-directa-con-espana-corregidora-lanza-su-ruta-de-la-adoracion-para-turistas-europeos\/\"},\"author\":{\"name\":\"Nexo Informativo\",\"@id\":\"https:\/\/www.nexoinformativo.mx\/#\/schema\/person\/7749d380ba08c8ca00d7bc76fd907b7d\"},\"headline\":\"Conexi\u00f3n directa con Espa\u00f1a Corregidora lanza su ruta de la adoraci\u00f3n para turistas Europeos\",\"datePublished\":\"2025-05-28T02:00:01+00:00\",\"dateModified\":\"2025-05-28T04:05:59+00:00\",\"mainEntityOfPage\":{\"@id\":\"https:\/\/www.nexoinformativo.mx\/index.php\/2025\/05\/27\/conexion-directa-con-espana-corregidora-lanza-su-ruta-de-la-adoracion-para-turistas-europeos\/\"},\"wordCount\":229,\"commentCount\":0,\"publisher\":{\"@id\":\"https:\/\/www.nexoinformativo.mx\/#organization\"},\"image\":{\"@id\":\"https:\/\/www.nexoinformativo.mx\/index.php\/2025\/05\/27\/conexion-directa-con-espana-corregidora-lanza-su-ruta-de-la-adoracion-para-turistas-europeos\/#primaryimage\"},\"thumbnailUrl\":\"https:\/\/www.nexoinformativo.mx\/wp-content\/uploads\/2025\/05\/PHOTO-2025-05-27-14-55-37-e1748405082853.jpg\",\"keywords\":[\"ChepeGuerrero\",\"CorregidoraEspa\u00f1a\",\"RutaDeLaAdoraci\u00f3n\",\"TurismoReligioso\"],\"articleSection\":[\"Econom\u00eda\",\"Municipios\",\"\u00daltima Hora\"],\"inLanguage\":\"es\",\"potentialAction\":[{\"@type\":\"CommentAction\",\"name\":\"Comment\",\"target\":[\"https:\/\/www.nexoinformativo.mx\/index.php\/2025\/05\/27\/conexion-directa-con-espana-corregidora-lanza-su-ruta-de-la-adoracion-para-turistas-europeos\/#respond\"]}]},{\"@type\":\"WebPage\",\"@id\":\"https:\/\/www.nexoinformativo.mx\/index.php\/2025\/05\/27\/conexion-directa-con-espana-corregidora-lanza-su-ruta-de-la-adoracion-para-turistas-europeos\/\",\"url\":\"https:\/\/www.nexoinformativo.mx\/index.php\/2025\/05\/27\/conexion-directa-con-espana-corregidora-lanza-su-ruta-de-la-adoracion-para-turistas-europeos\/\",\"name\":\"Conexi\u00f3n directa con Espa\u00f1a Corregidora lanza su ruta de la adoraci\u00f3n para turistas Europeos | Nexo Informativo Santiago de Quer\u00e9taro\",\"isPartOf\":{\"@id\":\"https:\/\/www.nexoinformativo.mx\/#website\"},\"primaryImageOfPage\":{\"@id\":\"https:\/\/www.nexoinformativo.mx\/index.php\/2025\/05\/27\/conexion-directa-con-espana-corregidora-lanza-su-ruta-de-la-adoracion-para-turistas-europeos\/#primaryimage\"},\"image\":{\"@id\":\"https:\/\/www.nexoinformativo.mx\/index.php\/2025\/05\/27\/conexion-directa-con-espana-corregidora-lanza-su-ruta-de-la-adoracion-para-turistas-europeos\/#primaryimage\"},\"thumbnailUrl\":\"https:\/\/www.nexoinformativo.mx\/wp-content\/uploads\/2025\/05\/PHOTO-2025-05-27-14-55-37-e1748405082853.jpg\",\"datePublished\":\"2025-05-28T02:00:01+00:00\",\"dateModified\":\"2025-05-28T04:05:59+00:00\",\"description\":\"Conexi\u00f3n directa con Espa\u00f1a Corregidora lanza su ruta de la adoraci\u00f3n para turistas Europeos\",\"breadcrumb\":{\"@id\":\"https:\/\/www.nexoinformativo.mx\/index.php\/2025\/05\/27\/conexion-directa-con-espana-corregidora-lanza-su-ruta-de-la-adoracion-para-turistas-europeos\/#breadcrumb\"},\"inLanguage\":\"es\",\"potentialAction\":[{\"@type\":\"ReadAction\",\"target\":[\"https:\/\/www.nexoinformativo.mx\/index.php\/2025\/05\/27\/conexion-directa-con-espana-corregidora-lanza-su-ruta-de-la-adoracion-para-turistas-europeos\/\"]}]},{\"@type\":\"ImageObject\",\"inLanguage\":\"es\",\"@id\":\"https:\/\/www.nexoinformativo.mx\/index.php\/2025\/05\/27\/conexion-directa-con-espana-corregidora-lanza-su-ruta-de-la-adoracion-para-turistas-europeos\/#primaryimage\",\"url\":\"https:\/\/www.nexoinformativo.mx\/wp-content\/uploads\/2025\/05\/PHOTO-2025-05-27-14-55-37-e1748405082853.jpg\",\"contentUrl\":\"https:\/\/www.nexoinformativo.mx\/wp-content\/uploads\/2025\/05\/PHOTO-2025-05-27-14-55-37-e1748405082853.jpg\",\"width\":810,\"height\":540},{\"@type\":\"BreadcrumbList\",\"@id\":\"https:\/\/www.nexoinformativo.mx\/index.php\/2025\/05\/27\/conexion-directa-con-espana-corregidora-lanza-su-ruta-de-la-adoracion-para-turistas-europeos\/#breadcrumb\",\"itemListElement\":[{\"@type\":\"ListItem\",\"position\":1,\"name\":\"Inicio\",\"item\":\"https:\/\/www.nexoinformativo.mx\/\"},{\"@type\":\"ListItem\",\"position\":2,\"name\":\"Conexi\u00f3n directa con Espa\u00f1a Corregidora lanza su ruta de la adoraci\u00f3n para turistas Europeos\"}]},{\"@type\":\"WebSite\",\"@id\":\"https:\/\/www.nexoinformativo.mx\/#website\",\"url\":\"https:\/\/www.nexoinformativo.mx\/\",\"name\":\"Nexo Informativo Santiago de Quer\u00e9taro\",\"description\":\"Explora NexoInformativo y convi\u00e9rtete en parte de una comunidad que valora el conocimiento y la verdad. Tu nexoinformativo es tu puente hacia una comprensi\u00f3n m\u00e1s profunda del mundo que te rodea.\",\"publisher\":{\"@id\":\"https:\/\/www.nexoinformativo.mx\/#organization\"},\"potentialAction\":[{\"@type\":\"SearchAction\",\"target\":{\"@type\":\"EntryPoint\",\"urlTemplate\":\"https:\/\/www.nexoinformativo.mx\/?s={search_term_string}\"},\"query-input\":{\"@type\":\"PropertyValueSpecification\",\"valueRequired\":true,\"valueName\":\"search_term_string\"}}],\"inLanguage\":\"es\"},{\"@type\":\"Organization\",\"@id\":\"https:\/\/www.nexoinformativo.mx\/#organization\",\"name\":\"Nexo Informativo Santiago de Quer\u00e9taro\",\"url\":\"https:\/\/www.nexoinformativo.mx\/\",\"logo\":{\"@type\":\"ImageObject\",\"inLanguage\":\"es\",\"@id\":\"https:\/\/www.nexoinformativo.mx\/#\/schema\/logo\/image\/\",\"url\":\"https:\/\/www.nexoinformativo.mx\/wp-content\/uploads\/2024\/07\/nexoi-trasparente-2.png\",\"contentUrl\":\"https:\/\/www.nexoinformativo.mx\/wp-content\/uploads\/2024\/07\/nexoi-trasparente-2.png\",\"width\":816,\"height\":339,\"caption\":\"Nexo Informativo Santiago de Quer\u00e9taro\"},\"image\":{\"@id\":\"https:\/\/www.nexoinformativo.mx\/#\/schema\/logo\/image\/\"},\"sameAs\":[\"https:\/\/www.facebook.com\/people\/Nexo-Informativo\/61564066885511\/\"]},{\"@type\":\"Person\",\"@id\":\"https:\/\/www.nexoinformativo.mx\/#\/schema\/person\/7749d380ba08c8ca00d7bc76fd907b7d\",\"name\":\"Nexo Informativo\",\"image\":{\"@type\":\"ImageObject\",\"inLanguage\":\"es\",\"@id\":\"https:\/\/www.nexoinformativo.mx\/#\/schema\/person\/image\/\",\"url\":\"https:\/\/secure.gravatar.com\/avatar\/dde2928154642a13d95f87ddf1ea9718fe2b46760a005c53e41ff5ad610704e6?s=96&d=mm&r=g\",\"contentUrl\":\"https:\/\/secure.gravatar.com\/avatar\/dde2928154642a13d95f87ddf1ea9718fe2b46760a005c53e41ff5ad610704e6?s=96&d=mm&r=g\",\"caption\":\"Nexo Informativo\"},\"url\":\"https:\/\/www.nexoinformativo.mx\/index.php\/author\/edicion\/\"}]}<\/script>\n<!-- \/ Yoast SEO plugin. -->","yoast_head_json":{"title":"Conexi\u00f3n directa con Espa\u00f1a Corregidora lanza su ruta de la adoraci\u00f3n para turistas Europeos | Nexo Informativo Santiago de Quer\u00e9taro","description":"Conexi\u00f3n directa con Espa\u00f1a Corregidora lanza su ruta de la adoraci\u00f3n para turistas Europeos","robots":{"index":"index","follow":"follow","max-snippet":"max-snippet:-1","max-image-preview":"max-image-preview:large","max-video-preview":"max-video-preview:-1"},"canonical":"https:\/\/www.nexoinformativo.mx\/index.php\/2025\/05\/27\/conexion-directa-con-espana-corregidora-lanza-su-ruta-de-la-adoracion-para-turistas-europeos\/","og_locale":"es_MX","og_type":"article","og_title":"Conexi\u00f3n directa con Espa\u00f1a Corregidora lanza su ruta de la adoraci\u00f3n para turistas Europeos | Nexo Informativo Santiago de Quer\u00e9taro","og_description":"Conexi\u00f3n directa con Espa\u00f1a Corregidora lanza su ruta de la adoraci\u00f3n para turistas Europeos","og_url":"https:\/\/www.nexoinformativo.mx\/index.php\/2025\/05\/27\/conexion-directa-con-espana-corregidora-lanza-su-ruta-de-la-adoracion-para-turistas-europeos\/","og_site_name":"Nexo Informativo Santiago de Quer\u00e9taro","article_publisher":"https:\/\/www.facebook.com\/people\/Nexo-Informativo\/61564066885511\/","article_published_time":"2025-05-28T02:00:01+00:00","article_modified_time":"2025-05-28T04:05:59+00:00","og_image":[{"width":810,"height":540,"url":"https:\/\/www.nexoinformativo.mx\/wp-content\/uploads\/2025\/05\/PHOTO-2025-05-27-14-55-37-e1748405082853.jpg","type":"image\/jpeg"}],"author":"Nexo Informativo","twitter_card":"summary_large_image","twitter_misc":{"Escrito por":"Nexo Informativo","Tiempo de lectura":"2 minutos"},"schema":{"@context":"https:\/\/schema.org","@graph":[{"@type":"Article","@id":"https:\/\/www.nexoinformativo.mx\/index.php\/2025\/05\/27\/conexion-directa-con-espana-corregidora-lanza-su-ruta-de-la-adoracion-para-turistas-europeos\/#article","isPartOf":{"@id":"https:\/\/www.nexoinformativo.mx\/index.php\/2025\/05\/27\/conexion-directa-con-espana-corregidora-lanza-su-ruta-de-la-adoracion-para-turistas-europeos\/"},"author":{"name":"Nexo Informativo","@id":"https:\/\/www.nexoinformativo.mx\/#\/schema\/person\/7749d380ba08c8ca00d7bc76fd907b7d"},"headline":"Conexi\u00f3n directa con Espa\u00f1a Corregidora lanza su ruta de la adoraci\u00f3n para turistas Europeos","datePublished":"2025-05-28T02:00:01+00:00","dateModified":"2025-05-28T04:05:59+00:00","mainEntityOfPage":{"@id":"https:\/\/www.nexoinformativo.mx\/index.php\/2025\/05\/27\/conexion-directa-con-espana-corregidora-lanza-su-ruta-de-la-adoracion-para-turistas-europeos\/"},"wordCount":229,"commentCount":0,"publisher":{"@id":"https:\/\/www.nexoinformativo.mx\/#organization"},"image":{"@id":"https:\/\/www.nexoinformativo.mx\/index.php\/2025\/05\/27\/conexion-directa-con-espana-corregidora-lanza-su-ruta-de-la-adoracion-para-turistas-europeos\/#primaryimage"},"thumbnailUrl":"https:\/\/www.nexoinformativo.mx\/wp-content\/uploads\/2025\/05\/PHOTO-2025-05-27-14-55-37-e1748405082853.jpg","keywords":["ChepeGuerrero","CorregidoraEspa\u00f1a","RutaDeLaAdoraci\u00f3n","TurismoReligioso"],"articleSection":["Econom\u00eda","Municipios","\u00daltima Hora"],"inLanguage":"es","potentialAction":[{"@type":"CommentAction","name":"Comment","target":["https:\/\/www.nexoinformativo.mx\/index.php\/2025\/05\/27\/conexion-directa-con-espana-corregidora-lanza-su-ruta-de-la-adoracion-para-turistas-europeos\/#respond"]}]},{"@type":"WebPage","@id":"https:\/\/www.nexoinformativo.mx\/index.php\/2025\/05\/27\/conexion-directa-con-espana-corregidora-lanza-su-ruta-de-la-adoracion-para-turistas-europeos\/","url":"https:\/\/www.nexoinformativo.mx\/index.php\/2025\/05\/27\/conexion-directa-con-espana-corregidora-lanza-su-ruta-de-la-adoracion-para-turistas-europeos\/","name":"Conexi\u00f3n directa con Espa\u00f1a Corregidora lanza su ruta de la adoraci\u00f3n para turistas Europeos | Nexo Informativo Santiago de Quer\u00e9taro","isPartOf":{"@id":"https:\/\/www.nexoinformativo.mx\/#website"},"primaryImageOfPage":{"@id":"https:\/\/www.nexoinformativo.mx\/index.php\/2025\/05\/27\/conexion-directa-con-espana-corregidora-lanza-su-ruta-de-la-adoracion-para-turistas-europeos\/#primaryimage"},"image":{"@id":"https:\/\/www.nexoinformativo.mx\/index.php\/2025\/05\/27\/conexion-directa-con-espana-corregidora-lanza-su-ruta-de-la-adoracion-para-turistas-europeos\/#primaryimage"},"thumbnailUrl":"https:\/\/www.nexoinformativo.mx\/wp-content\/uploads\/2025\/05\/PHOTO-2025-05-27-14-55-37-e1748405082853.jpg","datePublished":"2025-05-28T02:00:01+00:00","dateModified":"2025-05-28T04:05:59+00:00","description":"Conexi\u00f3n directa con Espa\u00f1a Corregidora lanza su ruta de la adoraci\u00f3n para turistas Europeos","breadcrumb":{"@id":"https:\/\/www.nexoinformativo.mx\/index.php\/2025\/05\/27\/conexion-directa-con-espana-corregidora-lanza-su-ruta-de-la-adoracion-para-turistas-europeos\/#breadcrumb"},"inLanguage":"es","potentialAction":[{"@type":"ReadAction","target":["https:\/\/www.nexoinformativo.mx\/index.php\/2025\/05\/27\/conexion-directa-con-espana-corregidora-lanza-su-ruta-de-la-adoracion-para-turistas-europeos\/"]}]},{"@type":"ImageObject","inLanguage":"es","@id":"https:\/\/www.nexoinformativo.mx\/index.php\/2025\/05\/27\/conexion-directa-con-espana-corregidora-lanza-su-ruta-de-la-adoracion-para-turistas-europeos\/#primaryimage","url":"https:\/\/www.nexoinformativo.mx\/wp-content\/uploads\/2025\/05\/PHOTO-2025-05-27-14-55-37-e1748405082853.jpg","contentUrl":"https:\/\/www.nexoinformativo.mx\/wp-content\/uploads\/2025\/05\/PHOTO-2025-05-27-14-55-37-e1748405082853.jpg","width":810,"height":540},{"@type":"BreadcrumbList","@id":"https:\/\/www.nexoinformativo.mx\/index.php\/2025\/05\/27\/conexion-directa-con-espana-corregidora-lanza-su-ruta-de-la-adoracion-para-turistas-europeos\/#breadcrumb","itemListElement":[{"@type":"ListItem","position":1,"name":"Inicio","item":"https:\/\/www.nexoinformativo.mx\/"},{"@type":"ListItem","position":2,"name":"Conexi\u00f3n directa con Espa\u00f1a Corregidora lanza su ruta de la adoraci\u00f3n para turistas Europeos"}]},{"@type":"WebSite","@id":"https:\/\/www.nexoinformativo.mx\/#website","url":"https:\/\/www.nexoinformativo.mx\/","name":"Nexo Informativo Santiago de Quer\u00e9taro","description":"Explora NexoInformativo y convi\u00e9rtete en parte de una comunidad que valora el conocimiento y la verdad. Tu nexoinformativo es tu puente hacia una comprensi\u00f3n m\u00e1s profunda del mundo que te rodea.","publisher":{"@id":"https:\/\/www.nexoinformativo.mx\/#organization"},"potentialAction":[{"@type":"SearchAction","target":{"@type":"EntryPoint","urlTemplate":"https:\/\/www.nexoinformativo.mx\/?s={search_term_string}"},"query-input":{"@type":"PropertyValueSpecification","valueRequired":true,"valueName":"search_term_string"}}],"inLanguage":"es"},{"@type":"Organization","@id":"https:\/\/www.nexoinformativo.mx\/#organization","name":"Nexo Informativo Santiago de Quer\u00e9taro","url":"https:\/\/www.nexoinformativo.mx\/","logo":{"@type":"ImageObject","inLanguage":"es","@id":"https:\/\/www.nexoinformativo.mx\/#\/schema\/logo\/image\/","url":"https:\/\/www.nexoinformativo.mx\/wp-content\/uploads\/2024\/07\/nexoi-trasparente-2.png","contentUrl":"https:\/\/www.nexoinformativo.mx\/wp-content\/uploads\/2024\/07\/nexoi-trasparente-2.png","width":816,"height":339,"caption":"Nexo Informativo Santiago de Quer\u00e9taro"},"image":{"@id":"https:\/\/www.nexoinformativo.mx\/#\/schema\/logo\/image\/"},"sameAs":["https:\/\/www.facebook.com\/people\/Nexo-Informativo\/61564066885511\/"]},{"@type":"Person","@id":"https:\/\/www.nexoinformativo.mx\/#\/schema\/person\/7749d380ba08c8ca00d7bc76fd907b7d","name":"Nexo Informativo","image":{"@type":"ImageObject","inLanguage":"es","@id":"https:\/\/www.nexoinformativo.mx\/#\/schema\/person\/image\/","url":"https:\/\/secure.gravatar.com\/avatar\/dde2928154642a13d95f87ddf1ea9718fe2b46760a005c53e41ff5ad610704e6?s=96&d=mm&r=g","contentUrl":"https:\/\/secure.gravatar.com\/avatar\/dde2928154642a13d95f87ddf1ea9718fe2b46760a005c53e41ff5ad610704e6?s=96&d=mm&r=g","caption":"Nexo Informativo"},"url":"https:\/\/www.nexoinformativo.mx\/index.php\/author\/edicion\/"}]}},"_links":{"self":[{"href":"https:\/\/www.nexoinformativo.mx\/index.php\/wp-json\/wp\/v2\/posts\/15346","targetHints":{"allow":["GET"]}}],"collection":[{"href":"https:\/\/www.nexoinformativo.mx\/index.php\/wp-json\/wp\/v2\/posts"}],"about":[{"href":"https:\/\/www.nexoinformativo.mx\/index.php\/wp-json\/wp\/v2\/types\/post"}],"author":[{"embeddable":true,"href":"https:\/\/www.nexoinformativo.mx\/index.php\/wp-json\/wp\/v2\/users\/3"}],"replies":[{"embeddable":true,"href":"https:\/\/www.nexoinformativo.mx\/index.php\/wp-json\/wp\/v2\/comments?post=15346"}],"version-history":[{"count":4,"href":"https:\/\/www.nexoinformativo.mx\/index.php\/wp-json\/wp\/v2\/posts\/15346\/revisions"}],"predecessor-version":[{"id":15350,"href":"https:\/\/www.nexoinformativo.mx\/index.php\/wp-json\/wp\/v2\/posts\/15346\/revisions\/15350"}],"wp:featuredmedia":[{"embeddable":true,"href":"https:\/\/www.nexoinformativo.mx\/index.php\/wp-json\/wp\/v2\/media\/15347"}],"wp:attachment":[{"href":"https:\/\/www.nexoinformativo.mx\/index.php\/wp-json\/wp\/v2\/media?parent=15346"}],"wp:term":[{"taxonomy":"category","embeddable":true,"href":"https:\/\/www.nexoinformativo.mx\/index.php\/wp-json\/wp\/v2\/categories?post=15346"},{"taxonomy":"post_tag","embeddable":true,"href":"https:\/\/www.nexoinformativo.mx\/index.php\/wp-json\/wp\/v2\/tags?post=15346"}],"curies":[{"name":"wp","href":"https:\/\/api.w.org\/{rel}","templated":true}]}}