{"id":15352,"date":"2025-05-27T21:00:58","date_gmt":"2025-05-28T03:00:58","guid":{"rendered":"https:\/\/www.nexoinformativo.mx\/?p=15352"},"modified":"2025-05-27T22:33:53","modified_gmt":"2025-05-28T04:33:53","slug":"felifer-macias-lldera-simplificacion-de-8-meses-a-7-dias-para-tramites-clave-en-queretaro","status":"publish","type":"post","link":"https:\/\/www.nexoinformativo.mx\/index.php\/2025\/05\/27\/felifer-macias-lldera-simplificacion-de-8-meses-a-7-dias-para-tramites-clave-en-queretaro\/","title":{"rendered":"Felifer Mac\u00edas lldera simplificaci\u00f3n de 8 meses a 7 d\u00edas para tr\u00e1mites clave en Quer\u00e9taro"},"content":{"rendered":"<p style=\"text-align: justify;\" data-sourcepos=\"3:1-3:423\">Felifer Mac\u00edas, particip\u00f3 en la Segunda Mesa Intermunicipal de Cooperaci\u00f3n Socioecon\u00f3mica (MICS), organizada por COPARMEX Quer\u00e9taro. El objetivo: fortalecer la coordinaci\u00f3n entre gobiernos municipales y el sector empresarial para impulsar el desarrollo sostenible y la competitividad regional.<\/p>\n<\/p>\n<p>&nbsp;<\/p>\n<p style=\"text-align: justify;\" data-sourcepos=\"5:1-5:385\">Durante esta sesi\u00f3n, se presentaron importantes avances en dos proyectos clave: Acciones por una Cultura de Paz y la Homologaci\u00f3n de Tr\u00e1mites Seleccionados.<\/p>\n<\/p>\n<p>&nbsp;<\/p>\n<p style=\"text-align: justify;\" data-sourcepos=\"5:1-5:385\">Con estas iniciativas, los municipios participantes buscan crear entornos m\u00e1s seguros, facilitar la apertura de negocios y mejorar la atenci\u00f3n ciudadana a trav\u00e9s de procesos m\u00e1s claros y similares entre cada demarcaci\u00f3n.<\/p>\n<\/p>\n<p>&nbsp;<\/p>\n<p style=\"text-align: justify;\" data-sourcepos=\"5:1-5:385\">El alcalde se\u00f1al\u00f3 que entre las mejoras impulsadas se encuentra la simplificaci\u00f3n del dictamen de movilidad, que pasar\u00e1 de \u00a1ocho meses a un m\u00e1ximo de siete d\u00edas!<\/p>\n<\/p>\n<p>&nbsp;<\/p>\n<p style=\"text-align: justify;\" data-sourcepos=\"5:1-5:385\">Adem\u00e1s, se optimizaron procesos como la obtenci\u00f3n de la licencia de funcionamiento y el contrato de recolecci\u00f3n de basura, los cuales podr\u00e1n realizarse en l\u00ednea o en una sola ventanilla, con tiempos de atenci\u00f3n que no superar\u00e1n los 40 minutos.<\/p>\n<\/p>\n<p>&nbsp;<\/p>\n<p data-sourcepos=\"5:1-5:385\">La documentaci\u00f3n presentada ante una dependencia municipal ser\u00e1 validada y compartida a trav\u00e9s de una plataforma digital, evitando que los ciudadanos la entreguen varias veces.<\/p>\n<\/p>\n<p>&nbsp;<\/p>\n<p style=\"text-align: justify;\" data-sourcepos=\"5:1-5:385\">La MICS est\u00e1 conformada por los municipios de Quer\u00e9taro, Corregidora, El Marqu\u00e9s, Huimilpan, Col\u00f3n y San Juan del R\u00edo, as\u00ed como por representantes de COPARMEX Quer\u00e9taro.<\/p>\n<\/p>\n<p>&nbsp;<\/p>\n<p style=\"text-align: justify;\" data-sourcepos=\"5:1-5:385\">En esta segunda mesa estuvieron presentes Beatriz Hern\u00e1ndez, presidenta de COPARMEX Quer\u00e9taro; Roberto Cabrera, presidente municipal de San Juan del R\u00edo; Rodrigo Monsalvo, presidente municipal de El Marqu\u00e9s; Jairo Morales, presidente municipal de Huimilpan; y Mar\u00eda Fernanda Ruiz representante de Col\u00f3n. Tambi\u00e9n asisti\u00f3 Hugo Lora Gonz\u00e1lez, secretario t\u00e9cnico de Corregidora.<\/p>\n<\/p>\n<p>&nbsp;<\/p>\n<p style=\"text-align: center;\" data-sourcepos=\"5:1-5:385\"><em><strong>\u00a1Informaci\u00f3n que transforma!<\/strong><\/em><\/p>\n","protected":false},"excerpt":{"rendered":"<p>Felifer Mac\u00edas, particip\u00f3 en la Segunda Mesa Intermunicipal de Cooperaci\u00f3n Socioecon\u00f3mica (MICS), organizada por COPARMEX Quer\u00e9taro. El objetivo: fortalecer la coordinaci\u00f3n entre gobiernos municipales y el sector empresarial para impulsar el desarrollo sostenible y la competitividad regional.<\/p>\n","protected":false},"author":3,"featured_media":15353,"comment_status":"open","ping_status":"open","sticky":false,"template":"","format":"standard","meta":{"footnotes":""},"categories":[65,58],"tags":[4328,1000,1165,4610],"class_list":["post-15352","post","type-post","status-publish","format-standard","has-post-thumbnail","hentry","category-municipios","category-ultima-hora","tag-coparmexqro","tag-felifermacias","tag-gobiernoeficiente","tag-queretaroagil"],"yoast_head":"<!-- This site is optimized with the Yoast SEO plugin v25.0 - https:\/\/yoast.com\/wordpress\/plugins\/seo\/ -->\n<title>Felifer Mac\u00edas lldera simplificaci\u00f3n de 8 meses a 7 d\u00edas para tr\u00e1mites clave en Quer\u00e9taro | Nexo Informativo Santiago de Quer\u00e9taro<\/title>\n<meta name=\"description\" content=\"Felifer Mac\u00edas lldera simplificaci\u00f3n de 8 meses a 7 d\u00edas para tr\u00e1mites clave en Quer\u00e9taro\" \/>\n<meta name=\"robots\" content=\"index, follow, max-snippet:-1, max-image-preview:large, max-video-preview:-1\" \/>\n<link rel=\"canonical\" href=\"https:\/\/www.nexoinformativo.mx\/index.php\/2025\/05\/27\/felifer-macias-lldera-simplificacion-de-8-meses-a-7-dias-para-tramites-clave-en-queretaro\/\" \/>\n<meta property=\"og:locale\" content=\"es_MX\" \/>\n<meta property=\"og:type\" content=\"article\" \/>\n<meta property=\"og:title\" content=\"Felifer Mac\u00edas lldera simplificaci\u00f3n de 8 meses a 7 d\u00edas para tr\u00e1mites clave en Quer\u00e9taro | Nexo Informativo Santiago de Quer\u00e9taro\" \/>\n<meta property=\"og:description\" content=\"Felifer Mac\u00edas lldera simplificaci\u00f3n de 8 meses a 7 d\u00edas para tr\u00e1mites clave en Quer\u00e9taro\" \/>\n<meta property=\"og:url\" content=\"https:\/\/www.nexoinformativo.mx\/index.php\/2025\/05\/27\/felifer-macias-lldera-simplificacion-de-8-meses-a-7-dias-para-tramites-clave-en-queretaro\/\" \/>\n<meta property=\"og:site_name\" content=\"Nexo Informativo Santiago de Quer\u00e9taro\" \/>\n<meta property=\"article:publisher\" content=\"https:\/\/www.facebook.com\/people\/Nexo-Informativo\/61564066885511\/\" \/>\n<meta property=\"article:published_time\" content=\"2025-05-28T03:00:58+00:00\" \/>\n<meta property=\"article:modified_time\" content=\"2025-05-28T04:33:53+00:00\" \/>\n<meta property=\"og:image\" content=\"https:\/\/www.nexoinformativo.mx\/wp-content\/uploads\/2025\/05\/PHOTO-2025-05-27-22-15-17-e1748406780329.jpg\" \/>\n\t<meta property=\"og:image:width\" content=\"800\" \/>\n\t<meta property=\"og:image:height\" content=\"533\" \/>\n\t<meta property=\"og:image:type\" content=\"image\/jpeg\" \/>\n<meta name=\"author\" content=\"Nexo Informativo\" \/>\n<meta name=\"twitter:card\" content=\"summary_large_image\" \/>\n<meta name=\"twitter:label1\" content=\"Escrito por\" \/>\n\t<meta name=\"twitter:data1\" content=\"Nexo Informativo\" \/>\n\t<meta name=\"twitter:label2\" content=\"Tiempo de lectura\" \/>\n\t<meta name=\"twitter:data2\" content=\"2 minutos\" \/>\n<script type=\"application\/ld+json\" class=\"yoast-schema-graph\">{\"@context\":\"https:\/\/schema.org\",\"@graph\":[{\"@type\":\"Article\",\"@id\":\"https:\/\/www.nexoinformativo.mx\/index.php\/2025\/05\/27\/felifer-macias-lldera-simplificacion-de-8-meses-a-7-dias-para-tramites-clave-en-queretaro\/#article\",\"isPartOf\":{\"@id\":\"https:\/\/www.nexoinformativo.mx\/index.php\/2025\/05\/27\/felifer-macias-lldera-simplificacion-de-8-meses-a-7-dias-para-tramites-clave-en-queretaro\/\"},\"author\":{\"name\":\"Nexo Informativo\",\"@id\":\"https:\/\/www.nexoinformativo.mx\/#\/schema\/person\/7749d380ba08c8ca00d7bc76fd907b7d\"},\"headline\":\"Felifer Mac\u00edas lldera simplificaci\u00f3n de 8 meses a 7 d\u00edas para tr\u00e1mites clave en Quer\u00e9taro\",\"datePublished\":\"2025-05-28T03:00:58+00:00\",\"dateModified\":\"2025-05-28T04:33:53+00:00\",\"mainEntityOfPage\":{\"@id\":\"https:\/\/www.nexoinformativo.mx\/index.php\/2025\/05\/27\/felifer-macias-lldera-simplificacion-de-8-meses-a-7-dias-para-tramites-clave-en-queretaro\/\"},\"wordCount\":329,\"commentCount\":0,\"publisher\":{\"@id\":\"https:\/\/www.nexoinformativo.mx\/#organization\"},\"image\":{\"@id\":\"https:\/\/www.nexoinformativo.mx\/index.php\/2025\/05\/27\/felifer-macias-lldera-simplificacion-de-8-meses-a-7-dias-para-tramites-clave-en-queretaro\/#primaryimage\"},\"thumbnailUrl\":\"https:\/\/www.nexoinformativo.mx\/wp-content\/uploads\/2025\/05\/PHOTO-2025-05-27-22-15-17-e1748406780329.jpg\",\"keywords\":[\"COPARMEXQro\",\"FeliferMac\u00edas\",\"GobiernoEficiente\",\"Quer\u00e9taro\u00c1gil\"],\"articleSection\":[\"Municipios\",\"\u00daltima Hora\"],\"inLanguage\":\"es\",\"potentialAction\":[{\"@type\":\"CommentAction\",\"name\":\"Comment\",\"target\":[\"https:\/\/www.nexoinformativo.mx\/index.php\/2025\/05\/27\/felifer-macias-lldera-simplificacion-de-8-meses-a-7-dias-para-tramites-clave-en-queretaro\/#respond\"]}]},{\"@type\":\"WebPage\",\"@id\":\"https:\/\/www.nexoinformativo.mx\/index.php\/2025\/05\/27\/felifer-macias-lldera-simplificacion-de-8-meses-a-7-dias-para-tramites-clave-en-queretaro\/\",\"url\":\"https:\/\/www.nexoinformativo.mx\/index.php\/2025\/05\/27\/felifer-macias-lldera-simplificacion-de-8-meses-a-7-dias-para-tramites-clave-en-queretaro\/\",\"name\":\"Felifer Mac\u00edas lldera simplificaci\u00f3n de 8 meses a 7 d\u00edas para tr\u00e1mites clave en Quer\u00e9taro | Nexo Informativo Santiago de Quer\u00e9taro\",\"isPartOf\":{\"@id\":\"https:\/\/www.nexoinformativo.mx\/#website\"},\"primaryImageOfPage\":{\"@id\":\"https:\/\/www.nexoinformativo.mx\/index.php\/2025\/05\/27\/felifer-macias-lldera-simplificacion-de-8-meses-a-7-dias-para-tramites-clave-en-queretaro\/#primaryimage\"},\"image\":{\"@id\":\"https:\/\/www.nexoinformativo.mx\/index.php\/2025\/05\/27\/felifer-macias-lldera-simplificacion-de-8-meses-a-7-dias-para-tramites-clave-en-queretaro\/#primaryimage\"},\"thumbnailUrl\":\"https:\/\/www.nexoinformativo.mx\/wp-content\/uploads\/2025\/05\/PHOTO-2025-05-27-22-15-17-e1748406780329.jpg\",\"datePublished\":\"2025-05-28T03:00:58+00:00\",\"dateModified\":\"2025-05-28T04:33:53+00:00\",\"description\":\"Felifer Mac\u00edas lldera simplificaci\u00f3n de 8 meses a 7 d\u00edas para tr\u00e1mites clave en Quer\u00e9taro\",\"breadcrumb\":{\"@id\":\"https:\/\/www.nexoinformativo.mx\/index.php\/2025\/05\/27\/felifer-macias-lldera-simplificacion-de-8-meses-a-7-dias-para-tramites-clave-en-queretaro\/#breadcrumb\"},\"inLanguage\":\"es\",\"potentialAction\":[{\"@type\":\"ReadAction\",\"target\":[\"https:\/\/www.nexoinformativo.mx\/index.php\/2025\/05\/27\/felifer-macias-lldera-simplificacion-de-8-meses-a-7-dias-para-tramites-clave-en-queretaro\/\"]}]},{\"@type\":\"ImageObject\",\"inLanguage\":\"es\",\"@id\":\"https:\/\/www.nexoinformativo.mx\/index.php\/2025\/05\/27\/felifer-macias-lldera-simplificacion-de-8-meses-a-7-dias-para-tramites-clave-en-queretaro\/#primaryimage\",\"url\":\"https:\/\/www.nexoinformativo.mx\/wp-content\/uploads\/2025\/05\/PHOTO-2025-05-27-22-15-17-e1748406780329.jpg\",\"contentUrl\":\"https:\/\/www.nexoinformativo.mx\/wp-content\/uploads\/2025\/05\/PHOTO-2025-05-27-22-15-17-e1748406780329.jpg\",\"width\":800,\"height\":533},{\"@type\":\"BreadcrumbList\",\"@id\":\"https:\/\/www.nexoinformativo.mx\/index.php\/2025\/05\/27\/felifer-macias-lldera-simplificacion-de-8-meses-a-7-dias-para-tramites-clave-en-queretaro\/#breadcrumb\",\"itemListElement\":[{\"@type\":\"ListItem\",\"position\":1,\"name\":\"Inicio\",\"item\":\"https:\/\/www.nexoinformativo.mx\/\"},{\"@type\":\"ListItem\",\"position\":2,\"name\":\"Felifer Mac\u00edas lldera simplificaci\u00f3n de 8 meses a 7 d\u00edas para tr\u00e1mites clave en Quer\u00e9taro\"}]},{\"@type\":\"WebSite\",\"@id\":\"https:\/\/www.nexoinformativo.mx\/#website\",\"url\":\"https:\/\/www.nexoinformativo.mx\/\",\"name\":\"Nexo Informativo Santiago de Quer\u00e9taro\",\"description\":\"Explora NexoInformativo y convi\u00e9rtete en parte de una comunidad que valora el conocimiento y la verdad. Tu nexoinformativo es tu puente hacia una comprensi\u00f3n m\u00e1s profunda del mundo que te rodea.\",\"publisher\":{\"@id\":\"https:\/\/www.nexoinformativo.mx\/#organization\"},\"potentialAction\":[{\"@type\":\"SearchAction\",\"target\":{\"@type\":\"EntryPoint\",\"urlTemplate\":\"https:\/\/www.nexoinformativo.mx\/?s={search_term_string}\"},\"query-input\":{\"@type\":\"PropertyValueSpecification\",\"valueRequired\":true,\"valueName\":\"search_term_string\"}}],\"inLanguage\":\"es\"},{\"@type\":\"Organization\",\"@id\":\"https:\/\/www.nexoinformativo.mx\/#organization\",\"name\":\"Nexo Informativo Santiago de Quer\u00e9taro\",\"url\":\"https:\/\/www.nexoinformativo.mx\/\",\"logo\":{\"@type\":\"ImageObject\",\"inLanguage\":\"es\",\"@id\":\"https:\/\/www.nexoinformativo.mx\/#\/schema\/logo\/image\/\",\"url\":\"https:\/\/www.nexoinformativo.mx\/wp-content\/uploads\/2024\/07\/nexoi-trasparente-2.png\",\"contentUrl\":\"https:\/\/www.nexoinformativo.mx\/wp-content\/uploads\/2024\/07\/nexoi-trasparente-2.png\",\"width\":816,\"height\":339,\"caption\":\"Nexo Informativo Santiago de Quer\u00e9taro\"},\"image\":{\"@id\":\"https:\/\/www.nexoinformativo.mx\/#\/schema\/logo\/image\/\"},\"sameAs\":[\"https:\/\/www.facebook.com\/people\/Nexo-Informativo\/61564066885511\/\"]},{\"@type\":\"Person\",\"@id\":\"https:\/\/www.nexoinformativo.mx\/#\/schema\/person\/7749d380ba08c8ca00d7bc76fd907b7d\",\"name\":\"Nexo Informativo\",\"image\":{\"@type\":\"ImageObject\",\"inLanguage\":\"es\",\"@id\":\"https:\/\/www.nexoinformativo.mx\/#\/schema\/person\/image\/\",\"url\":\"https:\/\/secure.gravatar.com\/avatar\/dde2928154642a13d95f87ddf1ea9718fe2b46760a005c53e41ff5ad610704e6?s=96&d=mm&r=g\",\"contentUrl\":\"https:\/\/secure.gravatar.com\/avatar\/dde2928154642a13d95f87ddf1ea9718fe2b46760a005c53e41ff5ad610704e6?s=96&d=mm&r=g\",\"caption\":\"Nexo Informativo\"},\"url\":\"https:\/\/www.nexoinformativo.mx\/index.php\/author\/edicion\/\"}]}<\/script>\n<!-- \/ Yoast SEO plugin. -->","yoast_head_json":{"title":"Felifer Mac\u00edas lldera simplificaci\u00f3n de 8 meses a 7 d\u00edas para tr\u00e1mites clave en Quer\u00e9taro | Nexo Informativo Santiago de Quer\u00e9taro","description":"Felifer Mac\u00edas lldera simplificaci\u00f3n de 8 meses a 7 d\u00edas para tr\u00e1mites clave en Quer\u00e9taro","robots":{"index":"index","follow":"follow","max-snippet":"max-snippet:-1","max-image-preview":"max-image-preview:large","max-video-preview":"max-video-preview:-1"},"canonical":"https:\/\/www.nexoinformativo.mx\/index.php\/2025\/05\/27\/felifer-macias-lldera-simplificacion-de-8-meses-a-7-dias-para-tramites-clave-en-queretaro\/","og_locale":"es_MX","og_type":"article","og_title":"Felifer Mac\u00edas lldera simplificaci\u00f3n de 8 meses a 7 d\u00edas para tr\u00e1mites clave en Quer\u00e9taro | Nexo Informativo Santiago de Quer\u00e9taro","og_description":"Felifer Mac\u00edas lldera simplificaci\u00f3n de 8 meses a 7 d\u00edas para tr\u00e1mites clave en Quer\u00e9taro","og_url":"https:\/\/www.nexoinformativo.mx\/index.php\/2025\/05\/27\/felifer-macias-lldera-simplificacion-de-8-meses-a-7-dias-para-tramites-clave-en-queretaro\/","og_site_name":"Nexo Informativo Santiago de Quer\u00e9taro","article_publisher":"https:\/\/www.facebook.com\/people\/Nexo-Informativo\/61564066885511\/","article_published_time":"2025-05-28T03:00:58+00:00","article_modified_time":"2025-05-28T04:33:53+00:00","og_image":[{"width":800,"height":533,"url":"https:\/\/www.nexoinformativo.mx\/wp-content\/uploads\/2025\/05\/PHOTO-2025-05-27-22-15-17-e1748406780329.jpg","type":"image\/jpeg"}],"author":"Nexo Informativo","twitter_card":"summary_large_image","twitter_misc":{"Escrito por":"Nexo Informativo","Tiempo de lectura":"2 minutos"},"schema":{"@context":"https:\/\/schema.org","@graph":[{"@type":"Article","@id":"https:\/\/www.nexoinformativo.mx\/index.php\/2025\/05\/27\/felifer-macias-lldera-simplificacion-de-8-meses-a-7-dias-para-tramites-clave-en-queretaro\/#article","isPartOf":{"@id":"https:\/\/www.nexoinformativo.mx\/index.php\/2025\/05\/27\/felifer-macias-lldera-simplificacion-de-8-meses-a-7-dias-para-tramites-clave-en-queretaro\/"},"author":{"name":"Nexo Informativo","@id":"https:\/\/www.nexoinformativo.mx\/#\/schema\/person\/7749d380ba08c8ca00d7bc76fd907b7d"},"headline":"Felifer Mac\u00edas lldera simplificaci\u00f3n de 8 meses a 7 d\u00edas para tr\u00e1mites clave en Quer\u00e9taro","datePublished":"2025-05-28T03:00:58+00:00","dateModified":"2025-05-28T04:33:53+00:00","mainEntityOfPage":{"@id":"https:\/\/www.nexoinformativo.mx\/index.php\/2025\/05\/27\/felifer-macias-lldera-simplificacion-de-8-meses-a-7-dias-para-tramites-clave-en-queretaro\/"},"wordCount":329,"commentCount":0,"publisher":{"@id":"https:\/\/www.nexoinformativo.mx\/#organization"},"image":{"@id":"https:\/\/www.nexoinformativo.mx\/index.php\/2025\/05\/27\/felifer-macias-lldera-simplificacion-de-8-meses-a-7-dias-para-tramites-clave-en-queretaro\/#primaryimage"},"thumbnailUrl":"https:\/\/www.nexoinformativo.mx\/wp-content\/uploads\/2025\/05\/PHOTO-2025-05-27-22-15-17-e1748406780329.jpg","keywords":["COPARMEXQro","FeliferMac\u00edas","GobiernoEficiente","Quer\u00e9taro\u00c1gil"],"articleSection":["Municipios","\u00daltima Hora"],"inLanguage":"es","potentialAction":[{"@type":"CommentAction","name":"Comment","target":["https:\/\/www.nexoinformativo.mx\/index.php\/2025\/05\/27\/felifer-macias-lldera-simplificacion-de-8-meses-a-7-dias-para-tramites-clave-en-queretaro\/#respond"]}]},{"@type":"WebPage","@id":"https:\/\/www.nexoinformativo.mx\/index.php\/2025\/05\/27\/felifer-macias-lldera-simplificacion-de-8-meses-a-7-dias-para-tramites-clave-en-queretaro\/","url":"https:\/\/www.nexoinformativo.mx\/index.php\/2025\/05\/27\/felifer-macias-lldera-simplificacion-de-8-meses-a-7-dias-para-tramites-clave-en-queretaro\/","name":"Felifer Mac\u00edas lldera simplificaci\u00f3n de 8 meses a 7 d\u00edas para tr\u00e1mites clave en Quer\u00e9taro | Nexo Informativo Santiago de Quer\u00e9taro","isPartOf":{"@id":"https:\/\/www.nexoinformativo.mx\/#website"},"primaryImageOfPage":{"@id":"https:\/\/www.nexoinformativo.mx\/index.php\/2025\/05\/27\/felifer-macias-lldera-simplificacion-de-8-meses-a-7-dias-para-tramites-clave-en-queretaro\/#primaryimage"},"image":{"@id":"https:\/\/www.nexoinformativo.mx\/index.php\/2025\/05\/27\/felifer-macias-lldera-simplificacion-de-8-meses-a-7-dias-para-tramites-clave-en-queretaro\/#primaryimage"},"thumbnailUrl":"https:\/\/www.nexoinformativo.mx\/wp-content\/uploads\/2025\/05\/PHOTO-2025-05-27-22-15-17-e1748406780329.jpg","datePublished":"2025-05-28T03:00:58+00:00","dateModified":"2025-05-28T04:33:53+00:00","description":"Felifer Mac\u00edas lldera simplificaci\u00f3n de 8 meses a 7 d\u00edas para tr\u00e1mites clave en Quer\u00e9taro","breadcrumb":{"@id":"https:\/\/www.nexoinformativo.mx\/index.php\/2025\/05\/27\/felifer-macias-lldera-simplificacion-de-8-meses-a-7-dias-para-tramites-clave-en-queretaro\/#breadcrumb"},"inLanguage":"es","potentialAction":[{"@type":"ReadAction","target":["https:\/\/www.nexoinformativo.mx\/index.php\/2025\/05\/27\/felifer-macias-lldera-simplificacion-de-8-meses-a-7-dias-para-tramites-clave-en-queretaro\/"]}]},{"@type":"ImageObject","inLanguage":"es","@id":"https:\/\/www.nexoinformativo.mx\/index.php\/2025\/05\/27\/felifer-macias-lldera-simplificacion-de-8-meses-a-7-dias-para-tramites-clave-en-queretaro\/#primaryimage","url":"https:\/\/www.nexoinformativo.mx\/wp-content\/uploads\/2025\/05\/PHOTO-2025-05-27-22-15-17-e1748406780329.jpg","contentUrl":"https:\/\/www.nexoinformativo.mx\/wp-content\/uploads\/2025\/05\/PHOTO-2025-05-27-22-15-17-e1748406780329.jpg","width":800,"height":533},{"@type":"BreadcrumbList","@id":"https:\/\/www.nexoinformativo.mx\/index.php\/2025\/05\/27\/felifer-macias-lldera-simplificacion-de-8-meses-a-7-dias-para-tramites-clave-en-queretaro\/#breadcrumb","itemListElement":[{"@type":"ListItem","position":1,"name":"Inicio","item":"https:\/\/www.nexoinformativo.mx\/"},{"@type":"ListItem","position":2,"name":"Felifer Mac\u00edas lldera simplificaci\u00f3n de 8 meses a 7 d\u00edas para tr\u00e1mites clave en Quer\u00e9taro"}]},{"@type":"WebSite","@id":"https:\/\/www.nexoinformativo.mx\/#website","url":"https:\/\/www.nexoinformativo.mx\/","name":"Nexo Informativo Santiago de Quer\u00e9taro","description":"Explora NexoInformativo y convi\u00e9rtete en parte de una comunidad que valora el conocimiento y la verdad. Tu nexoinformativo es tu puente hacia una comprensi\u00f3n m\u00e1s profunda del mundo que te rodea.","publisher":{"@id":"https:\/\/www.nexoinformativo.mx\/#organization"},"potentialAction":[{"@type":"SearchAction","target":{"@type":"EntryPoint","urlTemplate":"https:\/\/www.nexoinformativo.mx\/?s={search_term_string}"},"query-input":{"@type":"PropertyValueSpecification","valueRequired":true,"valueName":"search_term_string"}}],"inLanguage":"es"},{"@type":"Organization","@id":"https:\/\/www.nexoinformativo.mx\/#organization","name":"Nexo Informativo Santiago de Quer\u00e9taro","url":"https:\/\/www.nexoinformativo.mx\/","logo":{"@type":"ImageObject","inLanguage":"es","@id":"https:\/\/www.nexoinformativo.mx\/#\/schema\/logo\/image\/","url":"https:\/\/www.nexoinformativo.mx\/wp-content\/uploads\/2024\/07\/nexoi-trasparente-2.png","contentUrl":"https:\/\/www.nexoinformativo.mx\/wp-content\/uploads\/2024\/07\/nexoi-trasparente-2.png","width":816,"height":339,"caption":"Nexo Informativo Santiago de Quer\u00e9taro"},"image":{"@id":"https:\/\/www.nexoinformativo.mx\/#\/schema\/logo\/image\/"},"sameAs":["https:\/\/www.facebook.com\/people\/Nexo-Informativo\/61564066885511\/"]},{"@type":"Person","@id":"https:\/\/www.nexoinformativo.mx\/#\/schema\/person\/7749d380ba08c8ca00d7bc76fd907b7d","name":"Nexo Informativo","image":{"@type":"ImageObject","inLanguage":"es","@id":"https:\/\/www.nexoinformativo.mx\/#\/schema\/person\/image\/","url":"https:\/\/secure.gravatar.com\/avatar\/dde2928154642a13d95f87ddf1ea9718fe2b46760a005c53e41ff5ad610704e6?s=96&d=mm&r=g","contentUrl":"https:\/\/secure.gravatar.com\/avatar\/dde2928154642a13d95f87ddf1ea9718fe2b46760a005c53e41ff5ad610704e6?s=96&d=mm&r=g","caption":"Nexo Informativo"},"url":"https:\/\/www.nexoinformativo.mx\/index.php\/author\/edicion\/"}]}},"_links":{"self":[{"href":"https:\/\/www.nexoinformativo.mx\/index.php\/wp-json\/wp\/v2\/posts\/15352","targetHints":{"allow":["GET"]}}],"collection":[{"href":"https:\/\/www.nexoinformativo.mx\/index.php\/wp-json\/wp\/v2\/posts"}],"about":[{"href":"https:\/\/www.nexoinformativo.mx\/index.php\/wp-json\/wp\/v2\/types\/post"}],"author":[{"embeddable":true,"href":"https:\/\/www.nexoinformativo.mx\/index.php\/wp-json\/wp\/v2\/users\/3"}],"replies":[{"embeddable":true,"href":"https:\/\/www.nexoinformativo.mx\/index.php\/wp-json\/wp\/v2\/comments?post=15352"}],"version-history":[{"count":3,"href":"https:\/\/www.nexoinformativo.mx\/index.php\/wp-json\/wp\/v2\/posts\/15352\/revisions"}],"predecessor-version":[{"id":15356,"href":"https:\/\/www.nexoinformativo.mx\/index.php\/wp-json\/wp\/v2\/posts\/15352\/revisions\/15356"}],"wp:featuredmedia":[{"embeddable":true,"href":"https:\/\/www.nexoinformativo.mx\/index.php\/wp-json\/wp\/v2\/media\/15353"}],"wp:attachment":[{"href":"https:\/\/www.nexoinformativo.mx\/index.php\/wp-json\/wp\/v2\/media?parent=15352"}],"wp:term":[{"taxonomy":"category","embeddable":true,"href":"https:\/\/www.nexoinformativo.mx\/index.php\/wp-json\/wp\/v2\/categories?post=15352"},{"taxonomy":"post_tag","embeddable":true,"href":"https:\/\/www.nexoinformativo.mx\/index.php\/wp-json\/wp\/v2\/tags?post=15352"}],"curies":[{"name":"wp","href":"https:\/\/api.w.org\/{rel}","templated":true}]}}