{"id":15357,"date":"2025-05-28T07:00:20","date_gmt":"2025-05-28T13:00:20","guid":{"rendered":"https:\/\/www.nexoinformativo.mx\/?p=15357"},"modified":"2025-05-28T14:19:45","modified_gmt":"2025-05-28T20:19:45","slug":"hacia-la-reanudacion-total-acuerdo-historico-entre-mexico-y-ee-uu-para-la-exportacion-de-ganado","status":"publish","type":"post","link":"https:\/\/www.nexoinformativo.mx\/index.php\/2025\/05\/28\/hacia-la-reanudacion-total-acuerdo-historico-entre-mexico-y-ee-uu-para-la-exportacion-de-ganado\/","title":{"rendered":"Hacia la reanudaci\u00f3n total acuerdo hist\u00f3rico entre M\u00e9xico y EE. UU. para la exportaci\u00f3n de ganado"},"content":{"rendered":"<p style=\"text-align: justify;\" data-sourcepos=\"3:1-3:477\">La Secretar\u00eda de Agricultura y Desarrollo Rural (AGRICULTURA) de M\u00e9xico y el Departamento de Agricultura de Estados Unidos (USDA) han llegado a importantes acuerdos para levantar la suspensi\u00f3n de las exportaciones de ganado.<\/p>\n<p>&nbsp;<\/p>\n<p style=\"text-align: justify;\" data-sourcepos=\"5:1-5:516\">Julio Berdegu\u00e9, secretario de Agricultura de M\u00e9xico, y Brooke Rollins, secretaria del USDA, sostuvieron una videoconferencia para definir los pr\u00f3ximos pasos.<\/p>\n<p>&nbsp;<\/p>\n<p style=\"text-align: justify;\" data-sourcepos=\"5:1-5:516\">La secretaria Rollins manifest\u00f3 su satisfacci\u00f3n con las medidas implementadas por M\u00e9xico y solicit\u00f3 tiempo adicional para concluir su an\u00e1lisis. Ante esto, el secretario Berdegu\u00e9 extendi\u00f3 una invitaci\u00f3n para que una misi\u00f3n de expertos del USDA visite M\u00e9xico a la brevedad y confirme en terreno la efectividad de la campa\u00f1a contra el GBG.<\/p>\n<p>&nbsp;<\/p>\n<p style=\"text-align: justify;\" data-sourcepos=\"11:1-11:288\">Una excelente noticia anunciada por Brooke Rollins es la aprobaci\u00f3n de la asistencia estadounidense para instalar una nueva planta para la producci\u00f3n de moscas est\u00e9riles de GBG en Chiapas.<\/p>\n<p>&nbsp;<\/p>\n<p style=\"text-align: justify;\" data-sourcepos=\"13:1-13:564\">El planteamiento de M\u00e9xico ha sido buscar un acuerdo integral que garantice que las exportaciones de ganado mexicano a Estados Unidos no se vean interrumpidas, siempre que se cumplan los protocolos convenidos.<\/p>\n<p>&nbsp;<\/p>\n<p style=\"text-align: justify;\" data-sourcepos=\"21:1-21:341\">Las ganader\u00edas de ambos pa\u00edses forman parte de una cadena de valor cada vez m\u00e1s integrada en el marco del Tratado entre M\u00e9xico, Estados Unidos y Canad\u00e1 (T-MEC), que abarca tambi\u00e9n la importaci\u00f3n de ma\u00edz amarillo y otros granos para la alimentaci\u00f3n del ganado en M\u00e9xico, as\u00ed como la importaci\u00f3n de productos c\u00e1rnicos de origen estadounidense.<\/p>\n<p>&nbsp;<\/p>\n<p style=\"text-align: justify;\" data-sourcepos=\"23:1-23:297\">A nivel t\u00e9cnico, ambos pa\u00edses han alcanzado un acuerdo, refrendado en una reuni\u00f3n de alto nivel en Washington, D.C., los d\u00edas 22 y 23 de mayo.<\/p>\n<p>&nbsp;<\/p>\n<p style=\"text-align: justify;\" data-sourcepos=\"23:1-23:297\">El Gobierno de M\u00e9xico conf\u00eda en que, gracias a los resultados en terreno y los acuerdos t\u00e9cnicos, la exportaci\u00f3n de ganado se reanudar\u00e1 en un breve plazo.<\/p>\n<p>&nbsp;<\/p>\n<p style=\"text-align: center;\" data-sourcepos=\"23:1-23:297\"><em><strong>\u00a1Informaci\u00f3n que transforma!<\/strong><\/em><\/p>\n","protected":false},"excerpt":{"rendered":"<p>La Secretar\u00eda de Agricultura y Desarrollo Rural (AGRICULTURA) de M\u00e9xico y el Departamento de Agricultura de Estados Unidos (USDA) han llegado a importantes acuerdos para levantar la suspensi\u00f3n de las exportaciones de ganado.<\/p>\n","protected":false},"author":3,"featured_media":15358,"comment_status":"open","ping_status":"open","sticky":false,"template":"","format":"standard","meta":{"footnotes":""},"categories":[5,88,58],"tags":[1204,4612,4611,1437],"class_list":["post-15357","post","type-post","status-publish","format-standard","has-post-thumbnail","hentry","category-economia","category-nacional","category-ultima-hora","tag-agricultura","tag-exportacionesagricolas","tag-ganadomx","tag-tmec"],"yoast_head":"<!-- This site is optimized with the Yoast SEO plugin v25.0 - https:\/\/yoast.com\/wordpress\/plugins\/seo\/ -->\n<title>Hacia la reanudaci\u00f3n total acuerdo hist\u00f3rico entre M\u00e9xico y EE. UU. para la exportaci\u00f3n de ganado | Nexo Informativo Santiago de Quer\u00e9taro<\/title>\n<meta name=\"description\" content=\"Hacia la reanudaci\u00f3n total acuerdo hist\u00f3rico entre M\u00e9xico y EE. UU. para la exportaci\u00f3n de ganado\" \/>\n<meta name=\"robots\" content=\"index, follow, max-snippet:-1, max-image-preview:large, max-video-preview:-1\" \/>\n<link rel=\"canonical\" href=\"https:\/\/www.nexoinformativo.mx\/index.php\/2025\/05\/28\/hacia-la-reanudacion-total-acuerdo-historico-entre-mexico-y-ee-uu-para-la-exportacion-de-ganado\/\" \/>\n<meta property=\"og:locale\" content=\"es_MX\" \/>\n<meta property=\"og:type\" content=\"article\" \/>\n<meta property=\"og:title\" content=\"Hacia la reanudaci\u00f3n total acuerdo hist\u00f3rico entre M\u00e9xico y EE. UU. para la exportaci\u00f3n de ganado | Nexo Informativo Santiago de Quer\u00e9taro\" \/>\n<meta property=\"og:description\" content=\"Hacia la reanudaci\u00f3n total acuerdo hist\u00f3rico entre M\u00e9xico y EE. UU. para la exportaci\u00f3n de ganado\" \/>\n<meta property=\"og:url\" content=\"https:\/\/www.nexoinformativo.mx\/index.php\/2025\/05\/28\/hacia-la-reanudacion-total-acuerdo-historico-entre-mexico-y-ee-uu-para-la-exportacion-de-ganado\/\" \/>\n<meta property=\"og:site_name\" content=\"Nexo Informativo Santiago de Quer\u00e9taro\" \/>\n<meta property=\"article:publisher\" content=\"https:\/\/www.facebook.com\/people\/Nexo-Informativo\/61564066885511\/\" \/>\n<meta property=\"article:published_time\" content=\"2025-05-28T13:00:20+00:00\" \/>\n<meta property=\"article:modified_time\" content=\"2025-05-28T20:19:45+00:00\" \/>\n<meta property=\"og:image\" content=\"https:\/\/www.nexoinformativo.mx\/wp-content\/uploads\/2025\/05\/IMG_3439.jpg\" \/>\n\t<meta property=\"og:image:width\" content=\"650\" \/>\n\t<meta property=\"og:image:height\" content=\"380\" \/>\n\t<meta property=\"og:image:type\" content=\"image\/jpeg\" \/>\n<meta name=\"author\" content=\"Nexo Informativo\" \/>\n<meta name=\"twitter:card\" content=\"summary_large_image\" \/>\n<meta name=\"twitter:label1\" content=\"Escrito por\" \/>\n\t<meta name=\"twitter:data1\" content=\"Nexo Informativo\" \/>\n\t<meta name=\"twitter:label2\" content=\"Tiempo de lectura\" \/>\n\t<meta name=\"twitter:data2\" content=\"2 minutos\" \/>\n<script type=\"application\/ld+json\" class=\"yoast-schema-graph\">{\"@context\":\"https:\/\/schema.org\",\"@graph\":[{\"@type\":\"Article\",\"@id\":\"https:\/\/www.nexoinformativo.mx\/index.php\/2025\/05\/28\/hacia-la-reanudacion-total-acuerdo-historico-entre-mexico-y-ee-uu-para-la-exportacion-de-ganado\/#article\",\"isPartOf\":{\"@id\":\"https:\/\/www.nexoinformativo.mx\/index.php\/2025\/05\/28\/hacia-la-reanudacion-total-acuerdo-historico-entre-mexico-y-ee-uu-para-la-exportacion-de-ganado\/\"},\"author\":{\"name\":\"Nexo Informativo\",\"@id\":\"https:\/\/www.nexoinformativo.mx\/#\/schema\/person\/7749d380ba08c8ca00d7bc76fd907b7d\"},\"headline\":\"Hacia la reanudaci\u00f3n total acuerdo hist\u00f3rico entre M\u00e9xico y EE. UU. para la exportaci\u00f3n de ganado\",\"datePublished\":\"2025-05-28T13:00:20+00:00\",\"dateModified\":\"2025-05-28T20:19:45+00:00\",\"mainEntityOfPage\":{\"@id\":\"https:\/\/www.nexoinformativo.mx\/index.php\/2025\/05\/28\/hacia-la-reanudacion-total-acuerdo-historico-entre-mexico-y-ee-uu-para-la-exportacion-de-ganado\/\"},\"wordCount\":343,\"commentCount\":0,\"publisher\":{\"@id\":\"https:\/\/www.nexoinformativo.mx\/#organization\"},\"image\":{\"@id\":\"https:\/\/www.nexoinformativo.mx\/index.php\/2025\/05\/28\/hacia-la-reanudacion-total-acuerdo-historico-entre-mexico-y-ee-uu-para-la-exportacion-de-ganado\/#primaryimage\"},\"thumbnailUrl\":\"https:\/\/www.nexoinformativo.mx\/wp-content\/uploads\/2025\/05\/IMG_3439.jpg\",\"keywords\":[\"Agricultura\",\"ExportacionesAgr\u00edcolas\",\"GanadoMX\",\"TMEC\"],\"articleSection\":[\"Econom\u00eda\",\"Nacional\",\"\u00daltima Hora\"],\"inLanguage\":\"es\",\"potentialAction\":[{\"@type\":\"CommentAction\",\"name\":\"Comment\",\"target\":[\"https:\/\/www.nexoinformativo.mx\/index.php\/2025\/05\/28\/hacia-la-reanudacion-total-acuerdo-historico-entre-mexico-y-ee-uu-para-la-exportacion-de-ganado\/#respond\"]}]},{\"@type\":\"WebPage\",\"@id\":\"https:\/\/www.nexoinformativo.mx\/index.php\/2025\/05\/28\/hacia-la-reanudacion-total-acuerdo-historico-entre-mexico-y-ee-uu-para-la-exportacion-de-ganado\/\",\"url\":\"https:\/\/www.nexoinformativo.mx\/index.php\/2025\/05\/28\/hacia-la-reanudacion-total-acuerdo-historico-entre-mexico-y-ee-uu-para-la-exportacion-de-ganado\/\",\"name\":\"Hacia la reanudaci\u00f3n total acuerdo hist\u00f3rico entre M\u00e9xico y EE. UU. para la exportaci\u00f3n de ganado | Nexo Informativo Santiago de Quer\u00e9taro\",\"isPartOf\":{\"@id\":\"https:\/\/www.nexoinformativo.mx\/#website\"},\"primaryImageOfPage\":{\"@id\":\"https:\/\/www.nexoinformativo.mx\/index.php\/2025\/05\/28\/hacia-la-reanudacion-total-acuerdo-historico-entre-mexico-y-ee-uu-para-la-exportacion-de-ganado\/#primaryimage\"},\"image\":{\"@id\":\"https:\/\/www.nexoinformativo.mx\/index.php\/2025\/05\/28\/hacia-la-reanudacion-total-acuerdo-historico-entre-mexico-y-ee-uu-para-la-exportacion-de-ganado\/#primaryimage\"},\"thumbnailUrl\":\"https:\/\/www.nexoinformativo.mx\/wp-content\/uploads\/2025\/05\/IMG_3439.jpg\",\"datePublished\":\"2025-05-28T13:00:20+00:00\",\"dateModified\":\"2025-05-28T20:19:45+00:00\",\"description\":\"Hacia la reanudaci\u00f3n total acuerdo hist\u00f3rico entre M\u00e9xico y EE. UU. para la exportaci\u00f3n de ganado\",\"breadcrumb\":{\"@id\":\"https:\/\/www.nexoinformativo.mx\/index.php\/2025\/05\/28\/hacia-la-reanudacion-total-acuerdo-historico-entre-mexico-y-ee-uu-para-la-exportacion-de-ganado\/#breadcrumb\"},\"inLanguage\":\"es\",\"potentialAction\":[{\"@type\":\"ReadAction\",\"target\":[\"https:\/\/www.nexoinformativo.mx\/index.php\/2025\/05\/28\/hacia-la-reanudacion-total-acuerdo-historico-entre-mexico-y-ee-uu-para-la-exportacion-de-ganado\/\"]}]},{\"@type\":\"ImageObject\",\"inLanguage\":\"es\",\"@id\":\"https:\/\/www.nexoinformativo.mx\/index.php\/2025\/05\/28\/hacia-la-reanudacion-total-acuerdo-historico-entre-mexico-y-ee-uu-para-la-exportacion-de-ganado\/#primaryimage\",\"url\":\"https:\/\/www.nexoinformativo.mx\/wp-content\/uploads\/2025\/05\/IMG_3439.jpg\",\"contentUrl\":\"https:\/\/www.nexoinformativo.mx\/wp-content\/uploads\/2025\/05\/IMG_3439.jpg\",\"width\":650,\"height\":380},{\"@type\":\"BreadcrumbList\",\"@id\":\"https:\/\/www.nexoinformativo.mx\/index.php\/2025\/05\/28\/hacia-la-reanudacion-total-acuerdo-historico-entre-mexico-y-ee-uu-para-la-exportacion-de-ganado\/#breadcrumb\",\"itemListElement\":[{\"@type\":\"ListItem\",\"position\":1,\"name\":\"Inicio\",\"item\":\"https:\/\/www.nexoinformativo.mx\/\"},{\"@type\":\"ListItem\",\"position\":2,\"name\":\"Hacia la reanudaci\u00f3n total acuerdo hist\u00f3rico entre M\u00e9xico y EE. UU. para la exportaci\u00f3n de ganado\"}]},{\"@type\":\"WebSite\",\"@id\":\"https:\/\/www.nexoinformativo.mx\/#website\",\"url\":\"https:\/\/www.nexoinformativo.mx\/\",\"name\":\"Nexo Informativo Santiago de Quer\u00e9taro\",\"description\":\"Explora NexoInformativo y convi\u00e9rtete en parte de una comunidad que valora el conocimiento y la verdad. Tu nexoinformativo es tu puente hacia una comprensi\u00f3n m\u00e1s profunda del mundo que te rodea.\",\"publisher\":{\"@id\":\"https:\/\/www.nexoinformativo.mx\/#organization\"},\"potentialAction\":[{\"@type\":\"SearchAction\",\"target\":{\"@type\":\"EntryPoint\",\"urlTemplate\":\"https:\/\/www.nexoinformativo.mx\/?s={search_term_string}\"},\"query-input\":{\"@type\":\"PropertyValueSpecification\",\"valueRequired\":true,\"valueName\":\"search_term_string\"}}],\"inLanguage\":\"es\"},{\"@type\":\"Organization\",\"@id\":\"https:\/\/www.nexoinformativo.mx\/#organization\",\"name\":\"Nexo Informativo Santiago de Quer\u00e9taro\",\"url\":\"https:\/\/www.nexoinformativo.mx\/\",\"logo\":{\"@type\":\"ImageObject\",\"inLanguage\":\"es\",\"@id\":\"https:\/\/www.nexoinformativo.mx\/#\/schema\/logo\/image\/\",\"url\":\"https:\/\/www.nexoinformativo.mx\/wp-content\/uploads\/2024\/07\/nexoi-trasparente-2.png\",\"contentUrl\":\"https:\/\/www.nexoinformativo.mx\/wp-content\/uploads\/2024\/07\/nexoi-trasparente-2.png\",\"width\":816,\"height\":339,\"caption\":\"Nexo Informativo Santiago de Quer\u00e9taro\"},\"image\":{\"@id\":\"https:\/\/www.nexoinformativo.mx\/#\/schema\/logo\/image\/\"},\"sameAs\":[\"https:\/\/www.facebook.com\/people\/Nexo-Informativo\/61564066885511\/\"]},{\"@type\":\"Person\",\"@id\":\"https:\/\/www.nexoinformativo.mx\/#\/schema\/person\/7749d380ba08c8ca00d7bc76fd907b7d\",\"name\":\"Nexo Informativo\",\"image\":{\"@type\":\"ImageObject\",\"inLanguage\":\"es\",\"@id\":\"https:\/\/www.nexoinformativo.mx\/#\/schema\/person\/image\/\",\"url\":\"https:\/\/secure.gravatar.com\/avatar\/dde2928154642a13d95f87ddf1ea9718fe2b46760a005c53e41ff5ad610704e6?s=96&d=mm&r=g\",\"contentUrl\":\"https:\/\/secure.gravatar.com\/avatar\/dde2928154642a13d95f87ddf1ea9718fe2b46760a005c53e41ff5ad610704e6?s=96&d=mm&r=g\",\"caption\":\"Nexo Informativo\"},\"url\":\"https:\/\/www.nexoinformativo.mx\/index.php\/author\/edicion\/\"}]}<\/script>\n<!-- \/ Yoast SEO plugin. -->","yoast_head_json":{"title":"Hacia la reanudaci\u00f3n total acuerdo hist\u00f3rico entre M\u00e9xico y EE. UU. para la exportaci\u00f3n de ganado | Nexo Informativo Santiago de Quer\u00e9taro","description":"Hacia la reanudaci\u00f3n total acuerdo hist\u00f3rico entre M\u00e9xico y EE. UU. para la exportaci\u00f3n de ganado","robots":{"index":"index","follow":"follow","max-snippet":"max-snippet:-1","max-image-preview":"max-image-preview:large","max-video-preview":"max-video-preview:-1"},"canonical":"https:\/\/www.nexoinformativo.mx\/index.php\/2025\/05\/28\/hacia-la-reanudacion-total-acuerdo-historico-entre-mexico-y-ee-uu-para-la-exportacion-de-ganado\/","og_locale":"es_MX","og_type":"article","og_title":"Hacia la reanudaci\u00f3n total acuerdo hist\u00f3rico entre M\u00e9xico y EE. UU. para la exportaci\u00f3n de ganado | Nexo Informativo Santiago de Quer\u00e9taro","og_description":"Hacia la reanudaci\u00f3n total acuerdo hist\u00f3rico entre M\u00e9xico y EE. UU. para la exportaci\u00f3n de ganado","og_url":"https:\/\/www.nexoinformativo.mx\/index.php\/2025\/05\/28\/hacia-la-reanudacion-total-acuerdo-historico-entre-mexico-y-ee-uu-para-la-exportacion-de-ganado\/","og_site_name":"Nexo Informativo Santiago de Quer\u00e9taro","article_publisher":"https:\/\/www.facebook.com\/people\/Nexo-Informativo\/61564066885511\/","article_published_time":"2025-05-28T13:00:20+00:00","article_modified_time":"2025-05-28T20:19:45+00:00","og_image":[{"width":650,"height":380,"url":"https:\/\/www.nexoinformativo.mx\/wp-content\/uploads\/2025\/05\/IMG_3439.jpg","type":"image\/jpeg"}],"author":"Nexo Informativo","twitter_card":"summary_large_image","twitter_misc":{"Escrito por":"Nexo Informativo","Tiempo de lectura":"2 minutos"},"schema":{"@context":"https:\/\/schema.org","@graph":[{"@type":"Article","@id":"https:\/\/www.nexoinformativo.mx\/index.php\/2025\/05\/28\/hacia-la-reanudacion-total-acuerdo-historico-entre-mexico-y-ee-uu-para-la-exportacion-de-ganado\/#article","isPartOf":{"@id":"https:\/\/www.nexoinformativo.mx\/index.php\/2025\/05\/28\/hacia-la-reanudacion-total-acuerdo-historico-entre-mexico-y-ee-uu-para-la-exportacion-de-ganado\/"},"author":{"name":"Nexo Informativo","@id":"https:\/\/www.nexoinformativo.mx\/#\/schema\/person\/7749d380ba08c8ca00d7bc76fd907b7d"},"headline":"Hacia la reanudaci\u00f3n total acuerdo hist\u00f3rico entre M\u00e9xico y EE. UU. para la exportaci\u00f3n de ganado","datePublished":"2025-05-28T13:00:20+00:00","dateModified":"2025-05-28T20:19:45+00:00","mainEntityOfPage":{"@id":"https:\/\/www.nexoinformativo.mx\/index.php\/2025\/05\/28\/hacia-la-reanudacion-total-acuerdo-historico-entre-mexico-y-ee-uu-para-la-exportacion-de-ganado\/"},"wordCount":343,"commentCount":0,"publisher":{"@id":"https:\/\/www.nexoinformativo.mx\/#organization"},"image":{"@id":"https:\/\/www.nexoinformativo.mx\/index.php\/2025\/05\/28\/hacia-la-reanudacion-total-acuerdo-historico-entre-mexico-y-ee-uu-para-la-exportacion-de-ganado\/#primaryimage"},"thumbnailUrl":"https:\/\/www.nexoinformativo.mx\/wp-content\/uploads\/2025\/05\/IMG_3439.jpg","keywords":["Agricultura","ExportacionesAgr\u00edcolas","GanadoMX","TMEC"],"articleSection":["Econom\u00eda","Nacional","\u00daltima Hora"],"inLanguage":"es","potentialAction":[{"@type":"CommentAction","name":"Comment","target":["https:\/\/www.nexoinformativo.mx\/index.php\/2025\/05\/28\/hacia-la-reanudacion-total-acuerdo-historico-entre-mexico-y-ee-uu-para-la-exportacion-de-ganado\/#respond"]}]},{"@type":"WebPage","@id":"https:\/\/www.nexoinformativo.mx\/index.php\/2025\/05\/28\/hacia-la-reanudacion-total-acuerdo-historico-entre-mexico-y-ee-uu-para-la-exportacion-de-ganado\/","url":"https:\/\/www.nexoinformativo.mx\/index.php\/2025\/05\/28\/hacia-la-reanudacion-total-acuerdo-historico-entre-mexico-y-ee-uu-para-la-exportacion-de-ganado\/","name":"Hacia la reanudaci\u00f3n total acuerdo hist\u00f3rico entre M\u00e9xico y EE. UU. para la exportaci\u00f3n de ganado | Nexo Informativo Santiago de Quer\u00e9taro","isPartOf":{"@id":"https:\/\/www.nexoinformativo.mx\/#website"},"primaryImageOfPage":{"@id":"https:\/\/www.nexoinformativo.mx\/index.php\/2025\/05\/28\/hacia-la-reanudacion-total-acuerdo-historico-entre-mexico-y-ee-uu-para-la-exportacion-de-ganado\/#primaryimage"},"image":{"@id":"https:\/\/www.nexoinformativo.mx\/index.php\/2025\/05\/28\/hacia-la-reanudacion-total-acuerdo-historico-entre-mexico-y-ee-uu-para-la-exportacion-de-ganado\/#primaryimage"},"thumbnailUrl":"https:\/\/www.nexoinformativo.mx\/wp-content\/uploads\/2025\/05\/IMG_3439.jpg","datePublished":"2025-05-28T13:00:20+00:00","dateModified":"2025-05-28T20:19:45+00:00","description":"Hacia la reanudaci\u00f3n total acuerdo hist\u00f3rico entre M\u00e9xico y EE. UU. para la exportaci\u00f3n de ganado","breadcrumb":{"@id":"https:\/\/www.nexoinformativo.mx\/index.php\/2025\/05\/28\/hacia-la-reanudacion-total-acuerdo-historico-entre-mexico-y-ee-uu-para-la-exportacion-de-ganado\/#breadcrumb"},"inLanguage":"es","potentialAction":[{"@type":"ReadAction","target":["https:\/\/www.nexoinformativo.mx\/index.php\/2025\/05\/28\/hacia-la-reanudacion-total-acuerdo-historico-entre-mexico-y-ee-uu-para-la-exportacion-de-ganado\/"]}]},{"@type":"ImageObject","inLanguage":"es","@id":"https:\/\/www.nexoinformativo.mx\/index.php\/2025\/05\/28\/hacia-la-reanudacion-total-acuerdo-historico-entre-mexico-y-ee-uu-para-la-exportacion-de-ganado\/#primaryimage","url":"https:\/\/www.nexoinformativo.mx\/wp-content\/uploads\/2025\/05\/IMG_3439.jpg","contentUrl":"https:\/\/www.nexoinformativo.mx\/wp-content\/uploads\/2025\/05\/IMG_3439.jpg","width":650,"height":380},{"@type":"BreadcrumbList","@id":"https:\/\/www.nexoinformativo.mx\/index.php\/2025\/05\/28\/hacia-la-reanudacion-total-acuerdo-historico-entre-mexico-y-ee-uu-para-la-exportacion-de-ganado\/#breadcrumb","itemListElement":[{"@type":"ListItem","position":1,"name":"Inicio","item":"https:\/\/www.nexoinformativo.mx\/"},{"@type":"ListItem","position":2,"name":"Hacia la reanudaci\u00f3n total acuerdo hist\u00f3rico entre M\u00e9xico y EE. UU. para la exportaci\u00f3n de ganado"}]},{"@type":"WebSite","@id":"https:\/\/www.nexoinformativo.mx\/#website","url":"https:\/\/www.nexoinformativo.mx\/","name":"Nexo Informativo Santiago de Quer\u00e9taro","description":"Explora NexoInformativo y convi\u00e9rtete en parte de una comunidad que valora el conocimiento y la verdad. Tu nexoinformativo es tu puente hacia una comprensi\u00f3n m\u00e1s profunda del mundo que te rodea.","publisher":{"@id":"https:\/\/www.nexoinformativo.mx\/#organization"},"potentialAction":[{"@type":"SearchAction","target":{"@type":"EntryPoint","urlTemplate":"https:\/\/www.nexoinformativo.mx\/?s={search_term_string}"},"query-input":{"@type":"PropertyValueSpecification","valueRequired":true,"valueName":"search_term_string"}}],"inLanguage":"es"},{"@type":"Organization","@id":"https:\/\/www.nexoinformativo.mx\/#organization","name":"Nexo Informativo Santiago de Quer\u00e9taro","url":"https:\/\/www.nexoinformativo.mx\/","logo":{"@type":"ImageObject","inLanguage":"es","@id":"https:\/\/www.nexoinformativo.mx\/#\/schema\/logo\/image\/","url":"https:\/\/www.nexoinformativo.mx\/wp-content\/uploads\/2024\/07\/nexoi-trasparente-2.png","contentUrl":"https:\/\/www.nexoinformativo.mx\/wp-content\/uploads\/2024\/07\/nexoi-trasparente-2.png","width":816,"height":339,"caption":"Nexo Informativo Santiago de Quer\u00e9taro"},"image":{"@id":"https:\/\/www.nexoinformativo.mx\/#\/schema\/logo\/image\/"},"sameAs":["https:\/\/www.facebook.com\/people\/Nexo-Informativo\/61564066885511\/"]},{"@type":"Person","@id":"https:\/\/www.nexoinformativo.mx\/#\/schema\/person\/7749d380ba08c8ca00d7bc76fd907b7d","name":"Nexo Informativo","image":{"@type":"ImageObject","inLanguage":"es","@id":"https:\/\/www.nexoinformativo.mx\/#\/schema\/person\/image\/","url":"https:\/\/secure.gravatar.com\/avatar\/dde2928154642a13d95f87ddf1ea9718fe2b46760a005c53e41ff5ad610704e6?s=96&d=mm&r=g","contentUrl":"https:\/\/secure.gravatar.com\/avatar\/dde2928154642a13d95f87ddf1ea9718fe2b46760a005c53e41ff5ad610704e6?s=96&d=mm&r=g","caption":"Nexo Informativo"},"url":"https:\/\/www.nexoinformativo.mx\/index.php\/author\/edicion\/"}]}},"_links":{"self":[{"href":"https:\/\/www.nexoinformativo.mx\/index.php\/wp-json\/wp\/v2\/posts\/15357","targetHints":{"allow":["GET"]}}],"collection":[{"href":"https:\/\/www.nexoinformativo.mx\/index.php\/wp-json\/wp\/v2\/posts"}],"about":[{"href":"https:\/\/www.nexoinformativo.mx\/index.php\/wp-json\/wp\/v2\/types\/post"}],"author":[{"embeddable":true,"href":"https:\/\/www.nexoinformativo.mx\/index.php\/wp-json\/wp\/v2\/users\/3"}],"replies":[{"embeddable":true,"href":"https:\/\/www.nexoinformativo.mx\/index.php\/wp-json\/wp\/v2\/comments?post=15357"}],"version-history":[{"count":4,"href":"https:\/\/www.nexoinformativo.mx\/index.php\/wp-json\/wp\/v2\/posts\/15357\/revisions"}],"predecessor-version":[{"id":15362,"href":"https:\/\/www.nexoinformativo.mx\/index.php\/wp-json\/wp\/v2\/posts\/15357\/revisions\/15362"}],"wp:featuredmedia":[{"embeddable":true,"href":"https:\/\/www.nexoinformativo.mx\/index.php\/wp-json\/wp\/v2\/media\/15358"}],"wp:attachment":[{"href":"https:\/\/www.nexoinformativo.mx\/index.php\/wp-json\/wp\/v2\/media?parent=15357"}],"wp:term":[{"taxonomy":"category","embeddable":true,"href":"https:\/\/www.nexoinformativo.mx\/index.php\/wp-json\/wp\/v2\/categories?post=15357"},{"taxonomy":"post_tag","embeddable":true,"href":"https:\/\/www.nexoinformativo.mx\/index.php\/wp-json\/wp\/v2\/tags?post=15357"}],"curies":[{"name":"wp","href":"https:\/\/api.w.org\/{rel}","templated":true}]}}