{"id":15369,"date":"2025-05-28T09:00:03","date_gmt":"2025-05-28T15:00:03","guid":{"rendered":"https:\/\/www.nexoinformativo.mx\/?p=15369"},"modified":"2025-05-28T14:32:57","modified_gmt":"2025-05-28T20:32:57","slug":"combatiendo-la-adiccion-al-azucar-gobierno-de-mexico-lanza-estrategia-para-proteger-la-salud-infantil","status":"publish","type":"post","link":"https:\/\/www.nexoinformativo.mx\/index.php\/2025\/05\/28\/combatiendo-la-adiccion-al-azucar-gobierno-de-mexico-lanza-estrategia-para-proteger-la-salud-infantil\/","title":{"rendered":"Combatiendo la adicci\u00f3n al az\u00facar Gobierno de M\u00e9xico lanza estrategia para proteger la salud infantil"},"content":{"rendered":"<p style=\"text-align: justify;\" data-sourcepos=\"3:1-3:445\">La Secretar\u00eda de Salud ha hecho un llamado urgente a evitar el consumo excesivo de az\u00facar desde edades tempranas.<\/p>\n<p>&nbsp;<\/p>\n<p style=\"text-align: justify;\" data-sourcepos=\"3:1-3:445\">El secretario de Salud, David Kershenobich, advirti\u00f3 que el alto consumo de este ingrediente es una de las principales causas del desarrollo de enfermedades como el sobrepeso, la obesidad, la diabetes y la caries dental en la poblaci\u00f3n infantil.<\/p>\n<p>&nbsp;<\/p>\n<p style=\"text-align: justify;\" data-sourcepos=\"5:1-5:426\">&#8220;El consumir az\u00facar desde ni\u00f1os es lo que determina que despu\u00e9s tengamos tanta obesidad y tanto sobrepeso. Si logramos influir en que no desarrollen esa tolerancia y no desarrollen la adicci\u00f3n al az\u00facar, ser\u00eda la mejor manera de prevenir el desarrollo de obesidad, diabetes y caries dental\u201d, expres\u00f3 Kershenobich durante la conferencia matutina<\/p>\n<p>&nbsp;<\/p>\n<p style=\"text-align: justify;\" data-sourcepos=\"13:1-13:587\">Los datos presentados son alarmantes: el 39% de las ni\u00f1as y ni\u00f1os evaluados en escuelas p\u00fablicas presentan condiciones de sobrepeso y obesidad, mientras que el 38% tiene debilidad visual.<\/p>\n<p>&nbsp;<\/p>\n<p style=\"text-align: justify;\" data-sourcepos=\"13:1-13:587\">Kershenobich advirti\u00f3 que el consumo elevado de az\u00facar altera la producci\u00f3n de insulina, desencadenando trastornos metab\u00f3licos como la obesidad y la diabetes tipo 2, especialmente cuando se trata de &#8220;calor\u00edas vac\u00edas&#8221; (az\u00facar sin valor nutricional).<\/p>\n<p>&nbsp;<\/p>\n<p style=\"text-align: justify;\" data-sourcepos=\"13:1-13:587\">En contraste, el az\u00facar de las frutas, al estar acompa\u00f1ada de vitaminas, minerales, fibra y prote\u00ednas, tiene un impacto distinto en el cuerpo.<\/p>\n<p>&nbsp;<\/p>\n<p style=\"text-align: justify;\" data-sourcepos=\"17:1-17:325\">En cuanto a la salud bucal, el consumo de az\u00facar est\u00e1 directamente relacionado con la aparici\u00f3n de caries dental, ya que alimenta a bacterias que desgastan el esmalte.<\/p>\n<p>&nbsp;<\/p>\n<p style=\"text-align: justify;\" data-sourcepos=\"17:1-17:325\">&#8220;Durante revisiones m\u00e9dicas realizadas en escuelas de educaci\u00f3n b\u00e1sica del pa\u00eds, se ha detectado que 59% de ni\u00f1as y ni\u00f1os presentan caries&#8221;, detall\u00f3.<\/p>\n<p>&nbsp;<\/p>\n<p style=\"text-align: justify;\" data-sourcepos=\"19:1-19:545\">Ante esta situaci\u00f3n, el Gobierno de M\u00e9xico puso en marcha la estrategia nacional &#8220;Vive saludable, vive feliz&#8221;. Su objetivo es atender la salud de 12 millones de ni\u00f1os y ni\u00f1as que estudian en 90 mil 832 primarias p\u00fablicas del pa\u00eds.<\/p>\n<p>&nbsp;<\/p>\n<p style=\"text-align: justify;\" data-sourcepos=\"19:1-19:545\">\u00a0Adem\u00e1s, desde el 29 de marzo, entr\u00f3 en vigor la prohibici\u00f3n de la promoci\u00f3n y venta de comida chatarra, refrescos y bebidas azucaradas al interior de las escuelas.<\/p>\n<p>&nbsp;<\/p>\n<p style=\"text-align: center;\" data-sourcepos=\"19:1-19:545\"><em><strong>\u00a1Informaci\u00f3n que transforma!<\/strong><\/em><\/p>\n","protected":false},"excerpt":{"rendered":"<p>La Secretar\u00eda de Salud ha hecho un llamado urgente a evitar el consumo excesivo de az\u00facar desde edades tempranas.<\/p>\n","protected":false},"author":3,"featured_media":15373,"comment_status":"open","ping_status":"open","sticky":false,"template":"","format":"standard","meta":{"footnotes":""},"categories":[88,58],"tags":[4615,1587,4614,3733],"class_list":["post-15369","post","type-post","status-publish","format-standard","has-post-thumbnail","hentry","category-nacional","category-ultima-hora","tag-mexicosano","tag-saludinfantil","tag-sinazucar","tag-vivesaludable"],"yoast_head":"<!-- This site is optimized with the Yoast SEO plugin v25.0 - https:\/\/yoast.com\/wordpress\/plugins\/seo\/ -->\n<title>Combatiendo la adicci\u00f3n al az\u00facar Gobierno de M\u00e9xico lanza estrategia para proteger la salud infantil | Nexo Informativo Santiago de Quer\u00e9taro<\/title>\n<meta name=\"description\" content=\"Combatiendo la adicci\u00f3n al az\u00facar Gobierno de M\u00e9xico lanza estrategia para proteger la salud infantil\" \/>\n<meta name=\"robots\" content=\"index, follow, max-snippet:-1, max-image-preview:large, max-video-preview:-1\" \/>\n<link rel=\"canonical\" href=\"https:\/\/www.nexoinformativo.mx\/index.php\/2025\/05\/28\/combatiendo-la-adiccion-al-azucar-gobierno-de-mexico-lanza-estrategia-para-proteger-la-salud-infantil\/\" \/>\n<meta property=\"og:locale\" content=\"es_MX\" \/>\n<meta property=\"og:type\" content=\"article\" \/>\n<meta property=\"og:title\" content=\"Combatiendo la adicci\u00f3n al az\u00facar Gobierno de M\u00e9xico lanza estrategia para proteger la salud infantil | Nexo Informativo Santiago de Quer\u00e9taro\" \/>\n<meta property=\"og:description\" content=\"Combatiendo la adicci\u00f3n al az\u00facar Gobierno de M\u00e9xico lanza estrategia para proteger la salud infantil\" \/>\n<meta property=\"og:url\" content=\"https:\/\/www.nexoinformativo.mx\/index.php\/2025\/05\/28\/combatiendo-la-adiccion-al-azucar-gobierno-de-mexico-lanza-estrategia-para-proteger-la-salud-infantil\/\" \/>\n<meta property=\"og:site_name\" content=\"Nexo Informativo Santiago de Quer\u00e9taro\" \/>\n<meta property=\"article:publisher\" content=\"https:\/\/www.facebook.com\/people\/Nexo-Informativo\/61564066885511\/\" \/>\n<meta property=\"article:published_time\" content=\"2025-05-28T15:00:03+00:00\" \/>\n<meta property=\"article:modified_time\" content=\"2025-05-28T20:32:57+00:00\" \/>\n<meta property=\"og:image\" content=\"https:\/\/www.nexoinformativo.mx\/wp-content\/uploads\/2025\/05\/IMG_3443.jpg\" \/>\n\t<meta property=\"og:image:width\" content=\"650\" \/>\n\t<meta property=\"og:image:height\" content=\"380\" \/>\n\t<meta property=\"og:image:type\" content=\"image\/jpeg\" \/>\n<meta name=\"author\" content=\"Nexo Informativo\" \/>\n<meta name=\"twitter:card\" content=\"summary_large_image\" \/>\n<meta name=\"twitter:label1\" content=\"Escrito por\" \/>\n\t<meta name=\"twitter:data1\" content=\"Nexo Informativo\" \/>\n\t<meta name=\"twitter:label2\" content=\"Tiempo de lectura\" \/>\n\t<meta name=\"twitter:data2\" content=\"2 minutos\" \/>\n<script type=\"application\/ld+json\" class=\"yoast-schema-graph\">{\"@context\":\"https:\/\/schema.org\",\"@graph\":[{\"@type\":\"Article\",\"@id\":\"https:\/\/www.nexoinformativo.mx\/index.php\/2025\/05\/28\/combatiendo-la-adiccion-al-azucar-gobierno-de-mexico-lanza-estrategia-para-proteger-la-salud-infantil\/#article\",\"isPartOf\":{\"@id\":\"https:\/\/www.nexoinformativo.mx\/index.php\/2025\/05\/28\/combatiendo-la-adiccion-al-azucar-gobierno-de-mexico-lanza-estrategia-para-proteger-la-salud-infantil\/\"},\"author\":{\"name\":\"Nexo Informativo\",\"@id\":\"https:\/\/www.nexoinformativo.mx\/#\/schema\/person\/7749d380ba08c8ca00d7bc76fd907b7d\"},\"headline\":\"Combatiendo la adicci\u00f3n al az\u00facar Gobierno de M\u00e9xico lanza estrategia para proteger la salud infantil\",\"datePublished\":\"2025-05-28T15:00:03+00:00\",\"dateModified\":\"2025-05-28T20:32:57+00:00\",\"mainEntityOfPage\":{\"@id\":\"https:\/\/www.nexoinformativo.mx\/index.php\/2025\/05\/28\/combatiendo-la-adiccion-al-azucar-gobierno-de-mexico-lanza-estrategia-para-proteger-la-salud-infantil\/\"},\"wordCount\":379,\"commentCount\":0,\"publisher\":{\"@id\":\"https:\/\/www.nexoinformativo.mx\/#organization\"},\"image\":{\"@id\":\"https:\/\/www.nexoinformativo.mx\/index.php\/2025\/05\/28\/combatiendo-la-adiccion-al-azucar-gobierno-de-mexico-lanza-estrategia-para-proteger-la-salud-infantil\/#primaryimage\"},\"thumbnailUrl\":\"https:\/\/www.nexoinformativo.mx\/wp-content\/uploads\/2025\/05\/IMG_3443.jpg\",\"keywords\":[\"M\u00e9xicoSano\",\"SaludInfantil\",\"SinAz\u00facar\",\"ViveSaludable\"],\"articleSection\":[\"Nacional\",\"\u00daltima Hora\"],\"inLanguage\":\"es\",\"potentialAction\":[{\"@type\":\"CommentAction\",\"name\":\"Comment\",\"target\":[\"https:\/\/www.nexoinformativo.mx\/index.php\/2025\/05\/28\/combatiendo-la-adiccion-al-azucar-gobierno-de-mexico-lanza-estrategia-para-proteger-la-salud-infantil\/#respond\"]}]},{\"@type\":\"WebPage\",\"@id\":\"https:\/\/www.nexoinformativo.mx\/index.php\/2025\/05\/28\/combatiendo-la-adiccion-al-azucar-gobierno-de-mexico-lanza-estrategia-para-proteger-la-salud-infantil\/\",\"url\":\"https:\/\/www.nexoinformativo.mx\/index.php\/2025\/05\/28\/combatiendo-la-adiccion-al-azucar-gobierno-de-mexico-lanza-estrategia-para-proteger-la-salud-infantil\/\",\"name\":\"Combatiendo la adicci\u00f3n al az\u00facar Gobierno de M\u00e9xico lanza estrategia para proteger la salud infantil | Nexo Informativo Santiago de Quer\u00e9taro\",\"isPartOf\":{\"@id\":\"https:\/\/www.nexoinformativo.mx\/#website\"},\"primaryImageOfPage\":{\"@id\":\"https:\/\/www.nexoinformativo.mx\/index.php\/2025\/05\/28\/combatiendo-la-adiccion-al-azucar-gobierno-de-mexico-lanza-estrategia-para-proteger-la-salud-infantil\/#primaryimage\"},\"image\":{\"@id\":\"https:\/\/www.nexoinformativo.mx\/index.php\/2025\/05\/28\/combatiendo-la-adiccion-al-azucar-gobierno-de-mexico-lanza-estrategia-para-proteger-la-salud-infantil\/#primaryimage\"},\"thumbnailUrl\":\"https:\/\/www.nexoinformativo.mx\/wp-content\/uploads\/2025\/05\/IMG_3443.jpg\",\"datePublished\":\"2025-05-28T15:00:03+00:00\",\"dateModified\":\"2025-05-28T20:32:57+00:00\",\"description\":\"Combatiendo la adicci\u00f3n al az\u00facar Gobierno de M\u00e9xico lanza estrategia para proteger la salud infantil\",\"breadcrumb\":{\"@id\":\"https:\/\/www.nexoinformativo.mx\/index.php\/2025\/05\/28\/combatiendo-la-adiccion-al-azucar-gobierno-de-mexico-lanza-estrategia-para-proteger-la-salud-infantil\/#breadcrumb\"},\"inLanguage\":\"es\",\"potentialAction\":[{\"@type\":\"ReadAction\",\"target\":[\"https:\/\/www.nexoinformativo.mx\/index.php\/2025\/05\/28\/combatiendo-la-adiccion-al-azucar-gobierno-de-mexico-lanza-estrategia-para-proteger-la-salud-infantil\/\"]}]},{\"@type\":\"ImageObject\",\"inLanguage\":\"es\",\"@id\":\"https:\/\/www.nexoinformativo.mx\/index.php\/2025\/05\/28\/combatiendo-la-adiccion-al-azucar-gobierno-de-mexico-lanza-estrategia-para-proteger-la-salud-infantil\/#primaryimage\",\"url\":\"https:\/\/www.nexoinformativo.mx\/wp-content\/uploads\/2025\/05\/IMG_3443.jpg\",\"contentUrl\":\"https:\/\/www.nexoinformativo.mx\/wp-content\/uploads\/2025\/05\/IMG_3443.jpg\",\"width\":650,\"height\":380},{\"@type\":\"BreadcrumbList\",\"@id\":\"https:\/\/www.nexoinformativo.mx\/index.php\/2025\/05\/28\/combatiendo-la-adiccion-al-azucar-gobierno-de-mexico-lanza-estrategia-para-proteger-la-salud-infantil\/#breadcrumb\",\"itemListElement\":[{\"@type\":\"ListItem\",\"position\":1,\"name\":\"Inicio\",\"item\":\"https:\/\/www.nexoinformativo.mx\/\"},{\"@type\":\"ListItem\",\"position\":2,\"name\":\"Combatiendo la adicci\u00f3n al az\u00facar Gobierno de M\u00e9xico lanza estrategia para proteger la salud infantil\"}]},{\"@type\":\"WebSite\",\"@id\":\"https:\/\/www.nexoinformativo.mx\/#website\",\"url\":\"https:\/\/www.nexoinformativo.mx\/\",\"name\":\"Nexo Informativo Santiago de Quer\u00e9taro\",\"description\":\"Explora NexoInformativo y convi\u00e9rtete en parte de una comunidad que valora el conocimiento y la verdad. Tu nexoinformativo es tu puente hacia una comprensi\u00f3n m\u00e1s profunda del mundo que te rodea.\",\"publisher\":{\"@id\":\"https:\/\/www.nexoinformativo.mx\/#organization\"},\"potentialAction\":[{\"@type\":\"SearchAction\",\"target\":{\"@type\":\"EntryPoint\",\"urlTemplate\":\"https:\/\/www.nexoinformativo.mx\/?s={search_term_string}\"},\"query-input\":{\"@type\":\"PropertyValueSpecification\",\"valueRequired\":true,\"valueName\":\"search_term_string\"}}],\"inLanguage\":\"es\"},{\"@type\":\"Organization\",\"@id\":\"https:\/\/www.nexoinformativo.mx\/#organization\",\"name\":\"Nexo Informativo Santiago de Quer\u00e9taro\",\"url\":\"https:\/\/www.nexoinformativo.mx\/\",\"logo\":{\"@type\":\"ImageObject\",\"inLanguage\":\"es\",\"@id\":\"https:\/\/www.nexoinformativo.mx\/#\/schema\/logo\/image\/\",\"url\":\"https:\/\/www.nexoinformativo.mx\/wp-content\/uploads\/2024\/07\/nexoi-trasparente-2.png\",\"contentUrl\":\"https:\/\/www.nexoinformativo.mx\/wp-content\/uploads\/2024\/07\/nexoi-trasparente-2.png\",\"width\":816,\"height\":339,\"caption\":\"Nexo Informativo Santiago de Quer\u00e9taro\"},\"image\":{\"@id\":\"https:\/\/www.nexoinformativo.mx\/#\/schema\/logo\/image\/\"},\"sameAs\":[\"https:\/\/www.facebook.com\/people\/Nexo-Informativo\/61564066885511\/\"]},{\"@type\":\"Person\",\"@id\":\"https:\/\/www.nexoinformativo.mx\/#\/schema\/person\/7749d380ba08c8ca00d7bc76fd907b7d\",\"name\":\"Nexo Informativo\",\"image\":{\"@type\":\"ImageObject\",\"inLanguage\":\"es\",\"@id\":\"https:\/\/www.nexoinformativo.mx\/#\/schema\/person\/image\/\",\"url\":\"https:\/\/secure.gravatar.com\/avatar\/dde2928154642a13d95f87ddf1ea9718fe2b46760a005c53e41ff5ad610704e6?s=96&d=mm&r=g\",\"contentUrl\":\"https:\/\/secure.gravatar.com\/avatar\/dde2928154642a13d95f87ddf1ea9718fe2b46760a005c53e41ff5ad610704e6?s=96&d=mm&r=g\",\"caption\":\"Nexo Informativo\"},\"url\":\"https:\/\/www.nexoinformativo.mx\/index.php\/author\/edicion\/\"}]}<\/script>\n<!-- \/ Yoast SEO plugin. -->","yoast_head_json":{"title":"Combatiendo la adicci\u00f3n al az\u00facar Gobierno de M\u00e9xico lanza estrategia para proteger la salud infantil | Nexo Informativo Santiago de Quer\u00e9taro","description":"Combatiendo la adicci\u00f3n al az\u00facar Gobierno de M\u00e9xico lanza estrategia para proteger la salud infantil","robots":{"index":"index","follow":"follow","max-snippet":"max-snippet:-1","max-image-preview":"max-image-preview:large","max-video-preview":"max-video-preview:-1"},"canonical":"https:\/\/www.nexoinformativo.mx\/index.php\/2025\/05\/28\/combatiendo-la-adiccion-al-azucar-gobierno-de-mexico-lanza-estrategia-para-proteger-la-salud-infantil\/","og_locale":"es_MX","og_type":"article","og_title":"Combatiendo la adicci\u00f3n al az\u00facar Gobierno de M\u00e9xico lanza estrategia para proteger la salud infantil | Nexo Informativo Santiago de Quer\u00e9taro","og_description":"Combatiendo la adicci\u00f3n al az\u00facar Gobierno de M\u00e9xico lanza estrategia para proteger la salud infantil","og_url":"https:\/\/www.nexoinformativo.mx\/index.php\/2025\/05\/28\/combatiendo-la-adiccion-al-azucar-gobierno-de-mexico-lanza-estrategia-para-proteger-la-salud-infantil\/","og_site_name":"Nexo Informativo Santiago de Quer\u00e9taro","article_publisher":"https:\/\/www.facebook.com\/people\/Nexo-Informativo\/61564066885511\/","article_published_time":"2025-05-28T15:00:03+00:00","article_modified_time":"2025-05-28T20:32:57+00:00","og_image":[{"width":650,"height":380,"url":"https:\/\/www.nexoinformativo.mx\/wp-content\/uploads\/2025\/05\/IMG_3443.jpg","type":"image\/jpeg"}],"author":"Nexo Informativo","twitter_card":"summary_large_image","twitter_misc":{"Escrito por":"Nexo Informativo","Tiempo de lectura":"2 minutos"},"schema":{"@context":"https:\/\/schema.org","@graph":[{"@type":"Article","@id":"https:\/\/www.nexoinformativo.mx\/index.php\/2025\/05\/28\/combatiendo-la-adiccion-al-azucar-gobierno-de-mexico-lanza-estrategia-para-proteger-la-salud-infantil\/#article","isPartOf":{"@id":"https:\/\/www.nexoinformativo.mx\/index.php\/2025\/05\/28\/combatiendo-la-adiccion-al-azucar-gobierno-de-mexico-lanza-estrategia-para-proteger-la-salud-infantil\/"},"author":{"name":"Nexo Informativo","@id":"https:\/\/www.nexoinformativo.mx\/#\/schema\/person\/7749d380ba08c8ca00d7bc76fd907b7d"},"headline":"Combatiendo la adicci\u00f3n al az\u00facar Gobierno de M\u00e9xico lanza estrategia para proteger la salud infantil","datePublished":"2025-05-28T15:00:03+00:00","dateModified":"2025-05-28T20:32:57+00:00","mainEntityOfPage":{"@id":"https:\/\/www.nexoinformativo.mx\/index.php\/2025\/05\/28\/combatiendo-la-adiccion-al-azucar-gobierno-de-mexico-lanza-estrategia-para-proteger-la-salud-infantil\/"},"wordCount":379,"commentCount":0,"publisher":{"@id":"https:\/\/www.nexoinformativo.mx\/#organization"},"image":{"@id":"https:\/\/www.nexoinformativo.mx\/index.php\/2025\/05\/28\/combatiendo-la-adiccion-al-azucar-gobierno-de-mexico-lanza-estrategia-para-proteger-la-salud-infantil\/#primaryimage"},"thumbnailUrl":"https:\/\/www.nexoinformativo.mx\/wp-content\/uploads\/2025\/05\/IMG_3443.jpg","keywords":["M\u00e9xicoSano","SaludInfantil","SinAz\u00facar","ViveSaludable"],"articleSection":["Nacional","\u00daltima Hora"],"inLanguage":"es","potentialAction":[{"@type":"CommentAction","name":"Comment","target":["https:\/\/www.nexoinformativo.mx\/index.php\/2025\/05\/28\/combatiendo-la-adiccion-al-azucar-gobierno-de-mexico-lanza-estrategia-para-proteger-la-salud-infantil\/#respond"]}]},{"@type":"WebPage","@id":"https:\/\/www.nexoinformativo.mx\/index.php\/2025\/05\/28\/combatiendo-la-adiccion-al-azucar-gobierno-de-mexico-lanza-estrategia-para-proteger-la-salud-infantil\/","url":"https:\/\/www.nexoinformativo.mx\/index.php\/2025\/05\/28\/combatiendo-la-adiccion-al-azucar-gobierno-de-mexico-lanza-estrategia-para-proteger-la-salud-infantil\/","name":"Combatiendo la adicci\u00f3n al az\u00facar Gobierno de M\u00e9xico lanza estrategia para proteger la salud infantil | Nexo Informativo Santiago de Quer\u00e9taro","isPartOf":{"@id":"https:\/\/www.nexoinformativo.mx\/#website"},"primaryImageOfPage":{"@id":"https:\/\/www.nexoinformativo.mx\/index.php\/2025\/05\/28\/combatiendo-la-adiccion-al-azucar-gobierno-de-mexico-lanza-estrategia-para-proteger-la-salud-infantil\/#primaryimage"},"image":{"@id":"https:\/\/www.nexoinformativo.mx\/index.php\/2025\/05\/28\/combatiendo-la-adiccion-al-azucar-gobierno-de-mexico-lanza-estrategia-para-proteger-la-salud-infantil\/#primaryimage"},"thumbnailUrl":"https:\/\/www.nexoinformativo.mx\/wp-content\/uploads\/2025\/05\/IMG_3443.jpg","datePublished":"2025-05-28T15:00:03+00:00","dateModified":"2025-05-28T20:32:57+00:00","description":"Combatiendo la adicci\u00f3n al az\u00facar Gobierno de M\u00e9xico lanza estrategia para proteger la salud infantil","breadcrumb":{"@id":"https:\/\/www.nexoinformativo.mx\/index.php\/2025\/05\/28\/combatiendo-la-adiccion-al-azucar-gobierno-de-mexico-lanza-estrategia-para-proteger-la-salud-infantil\/#breadcrumb"},"inLanguage":"es","potentialAction":[{"@type":"ReadAction","target":["https:\/\/www.nexoinformativo.mx\/index.php\/2025\/05\/28\/combatiendo-la-adiccion-al-azucar-gobierno-de-mexico-lanza-estrategia-para-proteger-la-salud-infantil\/"]}]},{"@type":"ImageObject","inLanguage":"es","@id":"https:\/\/www.nexoinformativo.mx\/index.php\/2025\/05\/28\/combatiendo-la-adiccion-al-azucar-gobierno-de-mexico-lanza-estrategia-para-proteger-la-salud-infantil\/#primaryimage","url":"https:\/\/www.nexoinformativo.mx\/wp-content\/uploads\/2025\/05\/IMG_3443.jpg","contentUrl":"https:\/\/www.nexoinformativo.mx\/wp-content\/uploads\/2025\/05\/IMG_3443.jpg","width":650,"height":380},{"@type":"BreadcrumbList","@id":"https:\/\/www.nexoinformativo.mx\/index.php\/2025\/05\/28\/combatiendo-la-adiccion-al-azucar-gobierno-de-mexico-lanza-estrategia-para-proteger-la-salud-infantil\/#breadcrumb","itemListElement":[{"@type":"ListItem","position":1,"name":"Inicio","item":"https:\/\/www.nexoinformativo.mx\/"},{"@type":"ListItem","position":2,"name":"Combatiendo la adicci\u00f3n al az\u00facar Gobierno de M\u00e9xico lanza estrategia para proteger la salud infantil"}]},{"@type":"WebSite","@id":"https:\/\/www.nexoinformativo.mx\/#website","url":"https:\/\/www.nexoinformativo.mx\/","name":"Nexo Informativo Santiago de Quer\u00e9taro","description":"Explora NexoInformativo y convi\u00e9rtete en parte de una comunidad que valora el conocimiento y la verdad. Tu nexoinformativo es tu puente hacia una comprensi\u00f3n m\u00e1s profunda del mundo que te rodea.","publisher":{"@id":"https:\/\/www.nexoinformativo.mx\/#organization"},"potentialAction":[{"@type":"SearchAction","target":{"@type":"EntryPoint","urlTemplate":"https:\/\/www.nexoinformativo.mx\/?s={search_term_string}"},"query-input":{"@type":"PropertyValueSpecification","valueRequired":true,"valueName":"search_term_string"}}],"inLanguage":"es"},{"@type":"Organization","@id":"https:\/\/www.nexoinformativo.mx\/#organization","name":"Nexo Informativo Santiago de Quer\u00e9taro","url":"https:\/\/www.nexoinformativo.mx\/","logo":{"@type":"ImageObject","inLanguage":"es","@id":"https:\/\/www.nexoinformativo.mx\/#\/schema\/logo\/image\/","url":"https:\/\/www.nexoinformativo.mx\/wp-content\/uploads\/2024\/07\/nexoi-trasparente-2.png","contentUrl":"https:\/\/www.nexoinformativo.mx\/wp-content\/uploads\/2024\/07\/nexoi-trasparente-2.png","width":816,"height":339,"caption":"Nexo Informativo Santiago de Quer\u00e9taro"},"image":{"@id":"https:\/\/www.nexoinformativo.mx\/#\/schema\/logo\/image\/"},"sameAs":["https:\/\/www.facebook.com\/people\/Nexo-Informativo\/61564066885511\/"]},{"@type":"Person","@id":"https:\/\/www.nexoinformativo.mx\/#\/schema\/person\/7749d380ba08c8ca00d7bc76fd907b7d","name":"Nexo Informativo","image":{"@type":"ImageObject","inLanguage":"es","@id":"https:\/\/www.nexoinformativo.mx\/#\/schema\/person\/image\/","url":"https:\/\/secure.gravatar.com\/avatar\/dde2928154642a13d95f87ddf1ea9718fe2b46760a005c53e41ff5ad610704e6?s=96&d=mm&r=g","contentUrl":"https:\/\/secure.gravatar.com\/avatar\/dde2928154642a13d95f87ddf1ea9718fe2b46760a005c53e41ff5ad610704e6?s=96&d=mm&r=g","caption":"Nexo Informativo"},"url":"https:\/\/www.nexoinformativo.mx\/index.php\/author\/edicion\/"}]}},"_links":{"self":[{"href":"https:\/\/www.nexoinformativo.mx\/index.php\/wp-json\/wp\/v2\/posts\/15369","targetHints":{"allow":["GET"]}}],"collection":[{"href":"https:\/\/www.nexoinformativo.mx\/index.php\/wp-json\/wp\/v2\/posts"}],"about":[{"href":"https:\/\/www.nexoinformativo.mx\/index.php\/wp-json\/wp\/v2\/types\/post"}],"author":[{"embeddable":true,"href":"https:\/\/www.nexoinformativo.mx\/index.php\/wp-json\/wp\/v2\/users\/3"}],"replies":[{"embeddable":true,"href":"https:\/\/www.nexoinformativo.mx\/index.php\/wp-json\/wp\/v2\/comments?post=15369"}],"version-history":[{"count":4,"href":"https:\/\/www.nexoinformativo.mx\/index.php\/wp-json\/wp\/v2\/posts\/15369\/revisions"}],"predecessor-version":[{"id":15374,"href":"https:\/\/www.nexoinformativo.mx\/index.php\/wp-json\/wp\/v2\/posts\/15369\/revisions\/15374"}],"wp:featuredmedia":[{"embeddable":true,"href":"https:\/\/www.nexoinformativo.mx\/index.php\/wp-json\/wp\/v2\/media\/15373"}],"wp:attachment":[{"href":"https:\/\/www.nexoinformativo.mx\/index.php\/wp-json\/wp\/v2\/media?parent=15369"}],"wp:term":[{"taxonomy":"category","embeddable":true,"href":"https:\/\/www.nexoinformativo.mx\/index.php\/wp-json\/wp\/v2\/categories?post=15369"},{"taxonomy":"post_tag","embeddable":true,"href":"https:\/\/www.nexoinformativo.mx\/index.php\/wp-json\/wp\/v2\/tags?post=15369"}],"curies":[{"name":"wp","href":"https:\/\/api.w.org\/{rel}","templated":true}]}}