{"id":15375,"date":"2025-05-28T10:00:01","date_gmt":"2025-05-28T16:00:01","guid":{"rendered":"https:\/\/www.nexoinformativo.mx\/?p=15375"},"modified":"2025-05-28T14:38:35","modified_gmt":"2025-05-28T20:38:35","slug":"queretaro-impulsa-a-mujeres-como-operadoras-de-transporte-con-capacitacion-gratuita","status":"publish","type":"post","link":"https:\/\/www.nexoinformativo.mx\/index.php\/2025\/05\/28\/queretaro-impulsa-a-mujeres-como-operadoras-de-transporte-con-capacitacion-gratuita\/","title":{"rendered":"Quer\u00e9taro impulsa a mujeres como operadoras de transporte con capacitaci\u00f3n gratuita"},"content":{"rendered":"<p style=\"text-align: justify;\" data-sourcepos=\"3:1-3:388\">M\u00e1s oportunidades para las mujeres en Quer\u00e9taro, la secretaria del Trabajo, Liliana San Mart\u00edn, anunci\u00f3 el inicio de un nuevo periodo de capacitaci\u00f3n para el programa <strong>&#8220;Operadoras de Transporte&#8221;<\/strong>. Cuatro nuevos grupos, conformados por 40 mujeres, comenzaron su formaci\u00f3n gratuita, que tendr\u00e1 una duraci\u00f3n de dos meses.<\/p>\n<\/p>\n<p>&nbsp;<\/p>\n<p style=\"text-align: justify;\" data-sourcepos=\"5:1-5:331\">Estas mujeres son los primeros grupos del 2025, un a\u00f1o en el que se tiene como meta capacitar a 100 participantes. Adem\u00e1s de la formaci\u00f3n, las mujeres recibir\u00e1n una beca, apoyo para tramitar su licencia de conducir tipo C al concluir, y ser\u00e1n vinculadas directamente a un empleo formal dentro del sistema de transporte p\u00fablico.<\/p>\n<\/p>\n<p>&nbsp;<\/p>\n<p style=\"text-align: justify;\" data-sourcepos=\"11:1-11:246\">Durante su visita a los nuevos grupos, San Mart\u00edn dio la bienvenida a las participantes y reafirm\u00f3 el compromiso del Gobierno del Estado con la inclusi\u00f3n laboral y el fomento de la participaci\u00f3n femenina en sectores estrat\u00e9gicos.<\/p>\n<\/p>\n<p>&nbsp;<\/p>\n<p style=\"text-align: justify;\" data-sourcepos=\"13:1-13:294\">La secretaria destac\u00f3 el \u00e9xito del programa: &#8220;A tres a\u00f1os de haber implementado este programa, poco m\u00e1s de 600 mujeres han sido capacitadas bajo este esquema. Al concluir el proceso, se han colocado en un empleo formal dentro del transporte p\u00fablico y algunas de ellas en el sector privado&#8221;.<\/p>\n<\/p>\n<p>&nbsp;<\/p>\n<p style=\"text-align: justify;\" data-sourcepos=\"15:1-15:282\">Si eres mujer y est\u00e1s interesada en sumarte a esta iniciativa, puedes acudir al Centro Estatal de Empleabilidad, ubicado en la calle Ezequiel Montes n\u00famero 23, en la colonia Centro. Tambi\u00e9n puedes comunicarte v\u00eda WhatsApp al n\u00famero 442 561 7638 para obtener m\u00e1s informaci\u00f3n.<\/p>\n<\/p>\n<p>&nbsp;<\/p>\n<p style=\"text-align: center;\" data-sourcepos=\"15:1-15:282\"><em><strong>\u00a1Informaci\u00f3n que transforma!<\/strong><\/em><\/p>\n","protected":false},"excerpt":{"rendered":"<p>M\u00e1s oportunidades para las mujeres en Quer\u00e9taro, la secretaria del Trabajo, Liliana San Mart\u00edn, anunci\u00f3 el inicio de un nuevo periodo de capacitaci\u00f3n para el programa &#8220;Operadoras de Transporte&#8221;. Cuatro nuevos grupos, conformados por 40 mujeres, comenzaron su formaci\u00f3n gratuita, que tendr\u00e1 una duraci\u00f3n de dos meses.<\/p>\n","protected":false},"author":3,"featured_media":15377,"comment_status":"open","ping_status":"open","sticky":false,"template":"","format":"standard","meta":{"footnotes":""},"categories":[42,58],"tags":[4618,4619,4616,4617],"class_list":["post-15375","post","type-post","status-publish","format-standard","has-post-thumbnail","hentry","category-estado","category-ultima-hora","tag-empleofemenino","tag-inclusionlaboral","tag-mujeresoperadoras","tag-transporteqro"],"yoast_head":"<!-- This site is optimized with the Yoast SEO plugin v25.0 - https:\/\/yoast.com\/wordpress\/plugins\/seo\/ -->\n<title>Quer\u00e9taro impulsa a mujeres como operadoras de transporte con capacitaci\u00f3n gratuita | Nexo Informativo Santiago de Quer\u00e9taro<\/title>\n<meta name=\"description\" content=\"Quer\u00e9taro impulsa a mujeres como operadoras de transporte con capacitaci\u00f3n gratuita\" \/>\n<meta name=\"robots\" content=\"index, follow, max-snippet:-1, max-image-preview:large, max-video-preview:-1\" \/>\n<link rel=\"canonical\" href=\"https:\/\/www.nexoinformativo.mx\/index.php\/2025\/05\/28\/queretaro-impulsa-a-mujeres-como-operadoras-de-transporte-con-capacitacion-gratuita\/\" \/>\n<meta property=\"og:locale\" content=\"es_MX\" \/>\n<meta property=\"og:type\" content=\"article\" \/>\n<meta property=\"og:title\" content=\"Quer\u00e9taro impulsa a mujeres como operadoras de transporte con capacitaci\u00f3n gratuita | Nexo Informativo Santiago de Quer\u00e9taro\" \/>\n<meta property=\"og:description\" content=\"Quer\u00e9taro impulsa a mujeres como operadoras de transporte con capacitaci\u00f3n gratuita\" \/>\n<meta property=\"og:url\" content=\"https:\/\/www.nexoinformativo.mx\/index.php\/2025\/05\/28\/queretaro-impulsa-a-mujeres-como-operadoras-de-transporte-con-capacitacion-gratuita\/\" \/>\n<meta property=\"og:site_name\" content=\"Nexo Informativo Santiago de Quer\u00e9taro\" \/>\n<meta property=\"article:publisher\" content=\"https:\/\/www.facebook.com\/people\/Nexo-Informativo\/61564066885511\/\" \/>\n<meta property=\"article:published_time\" content=\"2025-05-28T16:00:01+00:00\" \/>\n<meta property=\"article:modified_time\" content=\"2025-05-28T20:38:35+00:00\" \/>\n<meta property=\"og:image\" content=\"https:\/\/www.nexoinformativo.mx\/wp-content\/uploads\/2025\/05\/PHOTO-2025-05-28-14-12-06-e1748464574362.jpg\" \/>\n\t<meta property=\"og:image:width\" content=\"800\" \/>\n\t<meta property=\"og:image:height\" content=\"525\" \/>\n\t<meta property=\"og:image:type\" content=\"image\/jpeg\" \/>\n<meta name=\"author\" content=\"Nexo Informativo\" \/>\n<meta name=\"twitter:card\" content=\"summary_large_image\" \/>\n<meta name=\"twitter:label1\" content=\"Escrito por\" \/>\n\t<meta name=\"twitter:data1\" content=\"Nexo Informativo\" \/>\n\t<meta name=\"twitter:label2\" content=\"Tiempo de lectura\" \/>\n\t<meta name=\"twitter:data2\" content=\"2 minutos\" \/>\n<script type=\"application\/ld+json\" class=\"yoast-schema-graph\">{\"@context\":\"https:\/\/schema.org\",\"@graph\":[{\"@type\":\"Article\",\"@id\":\"https:\/\/www.nexoinformativo.mx\/index.php\/2025\/05\/28\/queretaro-impulsa-a-mujeres-como-operadoras-de-transporte-con-capacitacion-gratuita\/#article\",\"isPartOf\":{\"@id\":\"https:\/\/www.nexoinformativo.mx\/index.php\/2025\/05\/28\/queretaro-impulsa-a-mujeres-como-operadoras-de-transporte-con-capacitacion-gratuita\/\"},\"author\":{\"name\":\"Nexo Informativo\",\"@id\":\"https:\/\/www.nexoinformativo.mx\/#\/schema\/person\/7749d380ba08c8ca00d7bc76fd907b7d\"},\"headline\":\"Quer\u00e9taro impulsa a mujeres como operadoras de transporte con capacitaci\u00f3n gratuita\",\"datePublished\":\"2025-05-28T16:00:01+00:00\",\"dateModified\":\"2025-05-28T20:38:35+00:00\",\"mainEntityOfPage\":{\"@id\":\"https:\/\/www.nexoinformativo.mx\/index.php\/2025\/05\/28\/queretaro-impulsa-a-mujeres-como-operadoras-de-transporte-con-capacitacion-gratuita\/\"},\"wordCount\":272,\"commentCount\":0,\"publisher\":{\"@id\":\"https:\/\/www.nexoinformativo.mx\/#organization\"},\"image\":{\"@id\":\"https:\/\/www.nexoinformativo.mx\/index.php\/2025\/05\/28\/queretaro-impulsa-a-mujeres-como-operadoras-de-transporte-con-capacitacion-gratuita\/#primaryimage\"},\"thumbnailUrl\":\"https:\/\/www.nexoinformativo.mx\/wp-content\/uploads\/2025\/05\/PHOTO-2025-05-28-14-12-06-e1748464574362.jpg\",\"keywords\":[\"EmpleoFemenino\",\"Inclusi\u00f3nLaboral\",\"MujeresOperadoras\",\"TransporteQro\"],\"articleSection\":[\"Estado\",\"\u00daltima Hora\"],\"inLanguage\":\"es\",\"potentialAction\":[{\"@type\":\"CommentAction\",\"name\":\"Comment\",\"target\":[\"https:\/\/www.nexoinformativo.mx\/index.php\/2025\/05\/28\/queretaro-impulsa-a-mujeres-como-operadoras-de-transporte-con-capacitacion-gratuita\/#respond\"]}]},{\"@type\":\"WebPage\",\"@id\":\"https:\/\/www.nexoinformativo.mx\/index.php\/2025\/05\/28\/queretaro-impulsa-a-mujeres-como-operadoras-de-transporte-con-capacitacion-gratuita\/\",\"url\":\"https:\/\/www.nexoinformativo.mx\/index.php\/2025\/05\/28\/queretaro-impulsa-a-mujeres-como-operadoras-de-transporte-con-capacitacion-gratuita\/\",\"name\":\"Quer\u00e9taro impulsa a mujeres como operadoras de transporte con capacitaci\u00f3n gratuita | Nexo Informativo Santiago de Quer\u00e9taro\",\"isPartOf\":{\"@id\":\"https:\/\/www.nexoinformativo.mx\/#website\"},\"primaryImageOfPage\":{\"@id\":\"https:\/\/www.nexoinformativo.mx\/index.php\/2025\/05\/28\/queretaro-impulsa-a-mujeres-como-operadoras-de-transporte-con-capacitacion-gratuita\/#primaryimage\"},\"image\":{\"@id\":\"https:\/\/www.nexoinformativo.mx\/index.php\/2025\/05\/28\/queretaro-impulsa-a-mujeres-como-operadoras-de-transporte-con-capacitacion-gratuita\/#primaryimage\"},\"thumbnailUrl\":\"https:\/\/www.nexoinformativo.mx\/wp-content\/uploads\/2025\/05\/PHOTO-2025-05-28-14-12-06-e1748464574362.jpg\",\"datePublished\":\"2025-05-28T16:00:01+00:00\",\"dateModified\":\"2025-05-28T20:38:35+00:00\",\"description\":\"Quer\u00e9taro impulsa a mujeres como operadoras de transporte con capacitaci\u00f3n gratuita\",\"breadcrumb\":{\"@id\":\"https:\/\/www.nexoinformativo.mx\/index.php\/2025\/05\/28\/queretaro-impulsa-a-mujeres-como-operadoras-de-transporte-con-capacitacion-gratuita\/#breadcrumb\"},\"inLanguage\":\"es\",\"potentialAction\":[{\"@type\":\"ReadAction\",\"target\":[\"https:\/\/www.nexoinformativo.mx\/index.php\/2025\/05\/28\/queretaro-impulsa-a-mujeres-como-operadoras-de-transporte-con-capacitacion-gratuita\/\"]}]},{\"@type\":\"ImageObject\",\"inLanguage\":\"es\",\"@id\":\"https:\/\/www.nexoinformativo.mx\/index.php\/2025\/05\/28\/queretaro-impulsa-a-mujeres-como-operadoras-de-transporte-con-capacitacion-gratuita\/#primaryimage\",\"url\":\"https:\/\/www.nexoinformativo.mx\/wp-content\/uploads\/2025\/05\/PHOTO-2025-05-28-14-12-06-e1748464574362.jpg\",\"contentUrl\":\"https:\/\/www.nexoinformativo.mx\/wp-content\/uploads\/2025\/05\/PHOTO-2025-05-28-14-12-06-e1748464574362.jpg\",\"width\":800,\"height\":525},{\"@type\":\"BreadcrumbList\",\"@id\":\"https:\/\/www.nexoinformativo.mx\/index.php\/2025\/05\/28\/queretaro-impulsa-a-mujeres-como-operadoras-de-transporte-con-capacitacion-gratuita\/#breadcrumb\",\"itemListElement\":[{\"@type\":\"ListItem\",\"position\":1,\"name\":\"Inicio\",\"item\":\"https:\/\/www.nexoinformativo.mx\/\"},{\"@type\":\"ListItem\",\"position\":2,\"name\":\"Quer\u00e9taro impulsa a mujeres como operadoras de transporte con capacitaci\u00f3n gratuita\"}]},{\"@type\":\"WebSite\",\"@id\":\"https:\/\/www.nexoinformativo.mx\/#website\",\"url\":\"https:\/\/www.nexoinformativo.mx\/\",\"name\":\"Nexo Informativo Santiago de Quer\u00e9taro\",\"description\":\"Explora NexoInformativo y convi\u00e9rtete en parte de una comunidad que valora el conocimiento y la verdad. Tu nexoinformativo es tu puente hacia una comprensi\u00f3n m\u00e1s profunda del mundo que te rodea.\",\"publisher\":{\"@id\":\"https:\/\/www.nexoinformativo.mx\/#organization\"},\"potentialAction\":[{\"@type\":\"SearchAction\",\"target\":{\"@type\":\"EntryPoint\",\"urlTemplate\":\"https:\/\/www.nexoinformativo.mx\/?s={search_term_string}\"},\"query-input\":{\"@type\":\"PropertyValueSpecification\",\"valueRequired\":true,\"valueName\":\"search_term_string\"}}],\"inLanguage\":\"es\"},{\"@type\":\"Organization\",\"@id\":\"https:\/\/www.nexoinformativo.mx\/#organization\",\"name\":\"Nexo Informativo Santiago de Quer\u00e9taro\",\"url\":\"https:\/\/www.nexoinformativo.mx\/\",\"logo\":{\"@type\":\"ImageObject\",\"inLanguage\":\"es\",\"@id\":\"https:\/\/www.nexoinformativo.mx\/#\/schema\/logo\/image\/\",\"url\":\"https:\/\/www.nexoinformativo.mx\/wp-content\/uploads\/2024\/07\/nexoi-trasparente-2.png\",\"contentUrl\":\"https:\/\/www.nexoinformativo.mx\/wp-content\/uploads\/2024\/07\/nexoi-trasparente-2.png\",\"width\":816,\"height\":339,\"caption\":\"Nexo Informativo Santiago de Quer\u00e9taro\"},\"image\":{\"@id\":\"https:\/\/www.nexoinformativo.mx\/#\/schema\/logo\/image\/\"},\"sameAs\":[\"https:\/\/www.facebook.com\/people\/Nexo-Informativo\/61564066885511\/\"]},{\"@type\":\"Person\",\"@id\":\"https:\/\/www.nexoinformativo.mx\/#\/schema\/person\/7749d380ba08c8ca00d7bc76fd907b7d\",\"name\":\"Nexo Informativo\",\"image\":{\"@type\":\"ImageObject\",\"inLanguage\":\"es\",\"@id\":\"https:\/\/www.nexoinformativo.mx\/#\/schema\/person\/image\/\",\"url\":\"https:\/\/secure.gravatar.com\/avatar\/dde2928154642a13d95f87ddf1ea9718fe2b46760a005c53e41ff5ad610704e6?s=96&d=mm&r=g\",\"contentUrl\":\"https:\/\/secure.gravatar.com\/avatar\/dde2928154642a13d95f87ddf1ea9718fe2b46760a005c53e41ff5ad610704e6?s=96&d=mm&r=g\",\"caption\":\"Nexo Informativo\"},\"url\":\"https:\/\/www.nexoinformativo.mx\/index.php\/author\/edicion\/\"}]}<\/script>\n<!-- \/ Yoast SEO plugin. -->","yoast_head_json":{"title":"Quer\u00e9taro impulsa a mujeres como operadoras de transporte con capacitaci\u00f3n gratuita | Nexo Informativo Santiago de Quer\u00e9taro","description":"Quer\u00e9taro impulsa a mujeres como operadoras de transporte con capacitaci\u00f3n gratuita","robots":{"index":"index","follow":"follow","max-snippet":"max-snippet:-1","max-image-preview":"max-image-preview:large","max-video-preview":"max-video-preview:-1"},"canonical":"https:\/\/www.nexoinformativo.mx\/index.php\/2025\/05\/28\/queretaro-impulsa-a-mujeres-como-operadoras-de-transporte-con-capacitacion-gratuita\/","og_locale":"es_MX","og_type":"article","og_title":"Quer\u00e9taro impulsa a mujeres como operadoras de transporte con capacitaci\u00f3n gratuita | Nexo Informativo Santiago de Quer\u00e9taro","og_description":"Quer\u00e9taro impulsa a mujeres como operadoras de transporte con capacitaci\u00f3n gratuita","og_url":"https:\/\/www.nexoinformativo.mx\/index.php\/2025\/05\/28\/queretaro-impulsa-a-mujeres-como-operadoras-de-transporte-con-capacitacion-gratuita\/","og_site_name":"Nexo Informativo Santiago de Quer\u00e9taro","article_publisher":"https:\/\/www.facebook.com\/people\/Nexo-Informativo\/61564066885511\/","article_published_time":"2025-05-28T16:00:01+00:00","article_modified_time":"2025-05-28T20:38:35+00:00","og_image":[{"width":800,"height":525,"url":"https:\/\/www.nexoinformativo.mx\/wp-content\/uploads\/2025\/05\/PHOTO-2025-05-28-14-12-06-e1748464574362.jpg","type":"image\/jpeg"}],"author":"Nexo Informativo","twitter_card":"summary_large_image","twitter_misc":{"Escrito por":"Nexo Informativo","Tiempo de lectura":"2 minutos"},"schema":{"@context":"https:\/\/schema.org","@graph":[{"@type":"Article","@id":"https:\/\/www.nexoinformativo.mx\/index.php\/2025\/05\/28\/queretaro-impulsa-a-mujeres-como-operadoras-de-transporte-con-capacitacion-gratuita\/#article","isPartOf":{"@id":"https:\/\/www.nexoinformativo.mx\/index.php\/2025\/05\/28\/queretaro-impulsa-a-mujeres-como-operadoras-de-transporte-con-capacitacion-gratuita\/"},"author":{"name":"Nexo Informativo","@id":"https:\/\/www.nexoinformativo.mx\/#\/schema\/person\/7749d380ba08c8ca00d7bc76fd907b7d"},"headline":"Quer\u00e9taro impulsa a mujeres como operadoras de transporte con capacitaci\u00f3n gratuita","datePublished":"2025-05-28T16:00:01+00:00","dateModified":"2025-05-28T20:38:35+00:00","mainEntityOfPage":{"@id":"https:\/\/www.nexoinformativo.mx\/index.php\/2025\/05\/28\/queretaro-impulsa-a-mujeres-como-operadoras-de-transporte-con-capacitacion-gratuita\/"},"wordCount":272,"commentCount":0,"publisher":{"@id":"https:\/\/www.nexoinformativo.mx\/#organization"},"image":{"@id":"https:\/\/www.nexoinformativo.mx\/index.php\/2025\/05\/28\/queretaro-impulsa-a-mujeres-como-operadoras-de-transporte-con-capacitacion-gratuita\/#primaryimage"},"thumbnailUrl":"https:\/\/www.nexoinformativo.mx\/wp-content\/uploads\/2025\/05\/PHOTO-2025-05-28-14-12-06-e1748464574362.jpg","keywords":["EmpleoFemenino","Inclusi\u00f3nLaboral","MujeresOperadoras","TransporteQro"],"articleSection":["Estado","\u00daltima Hora"],"inLanguage":"es","potentialAction":[{"@type":"CommentAction","name":"Comment","target":["https:\/\/www.nexoinformativo.mx\/index.php\/2025\/05\/28\/queretaro-impulsa-a-mujeres-como-operadoras-de-transporte-con-capacitacion-gratuita\/#respond"]}]},{"@type":"WebPage","@id":"https:\/\/www.nexoinformativo.mx\/index.php\/2025\/05\/28\/queretaro-impulsa-a-mujeres-como-operadoras-de-transporte-con-capacitacion-gratuita\/","url":"https:\/\/www.nexoinformativo.mx\/index.php\/2025\/05\/28\/queretaro-impulsa-a-mujeres-como-operadoras-de-transporte-con-capacitacion-gratuita\/","name":"Quer\u00e9taro impulsa a mujeres como operadoras de transporte con capacitaci\u00f3n gratuita | Nexo Informativo Santiago de Quer\u00e9taro","isPartOf":{"@id":"https:\/\/www.nexoinformativo.mx\/#website"},"primaryImageOfPage":{"@id":"https:\/\/www.nexoinformativo.mx\/index.php\/2025\/05\/28\/queretaro-impulsa-a-mujeres-como-operadoras-de-transporte-con-capacitacion-gratuita\/#primaryimage"},"image":{"@id":"https:\/\/www.nexoinformativo.mx\/index.php\/2025\/05\/28\/queretaro-impulsa-a-mujeres-como-operadoras-de-transporte-con-capacitacion-gratuita\/#primaryimage"},"thumbnailUrl":"https:\/\/www.nexoinformativo.mx\/wp-content\/uploads\/2025\/05\/PHOTO-2025-05-28-14-12-06-e1748464574362.jpg","datePublished":"2025-05-28T16:00:01+00:00","dateModified":"2025-05-28T20:38:35+00:00","description":"Quer\u00e9taro impulsa a mujeres como operadoras de transporte con capacitaci\u00f3n gratuita","breadcrumb":{"@id":"https:\/\/www.nexoinformativo.mx\/index.php\/2025\/05\/28\/queretaro-impulsa-a-mujeres-como-operadoras-de-transporte-con-capacitacion-gratuita\/#breadcrumb"},"inLanguage":"es","potentialAction":[{"@type":"ReadAction","target":["https:\/\/www.nexoinformativo.mx\/index.php\/2025\/05\/28\/queretaro-impulsa-a-mujeres-como-operadoras-de-transporte-con-capacitacion-gratuita\/"]}]},{"@type":"ImageObject","inLanguage":"es","@id":"https:\/\/www.nexoinformativo.mx\/index.php\/2025\/05\/28\/queretaro-impulsa-a-mujeres-como-operadoras-de-transporte-con-capacitacion-gratuita\/#primaryimage","url":"https:\/\/www.nexoinformativo.mx\/wp-content\/uploads\/2025\/05\/PHOTO-2025-05-28-14-12-06-e1748464574362.jpg","contentUrl":"https:\/\/www.nexoinformativo.mx\/wp-content\/uploads\/2025\/05\/PHOTO-2025-05-28-14-12-06-e1748464574362.jpg","width":800,"height":525},{"@type":"BreadcrumbList","@id":"https:\/\/www.nexoinformativo.mx\/index.php\/2025\/05\/28\/queretaro-impulsa-a-mujeres-como-operadoras-de-transporte-con-capacitacion-gratuita\/#breadcrumb","itemListElement":[{"@type":"ListItem","position":1,"name":"Inicio","item":"https:\/\/www.nexoinformativo.mx\/"},{"@type":"ListItem","position":2,"name":"Quer\u00e9taro impulsa a mujeres como operadoras de transporte con capacitaci\u00f3n gratuita"}]},{"@type":"WebSite","@id":"https:\/\/www.nexoinformativo.mx\/#website","url":"https:\/\/www.nexoinformativo.mx\/","name":"Nexo Informativo Santiago de Quer\u00e9taro","description":"Explora NexoInformativo y convi\u00e9rtete en parte de una comunidad que valora el conocimiento y la verdad. Tu nexoinformativo es tu puente hacia una comprensi\u00f3n m\u00e1s profunda del mundo que te rodea.","publisher":{"@id":"https:\/\/www.nexoinformativo.mx\/#organization"},"potentialAction":[{"@type":"SearchAction","target":{"@type":"EntryPoint","urlTemplate":"https:\/\/www.nexoinformativo.mx\/?s={search_term_string}"},"query-input":{"@type":"PropertyValueSpecification","valueRequired":true,"valueName":"search_term_string"}}],"inLanguage":"es"},{"@type":"Organization","@id":"https:\/\/www.nexoinformativo.mx\/#organization","name":"Nexo Informativo Santiago de Quer\u00e9taro","url":"https:\/\/www.nexoinformativo.mx\/","logo":{"@type":"ImageObject","inLanguage":"es","@id":"https:\/\/www.nexoinformativo.mx\/#\/schema\/logo\/image\/","url":"https:\/\/www.nexoinformativo.mx\/wp-content\/uploads\/2024\/07\/nexoi-trasparente-2.png","contentUrl":"https:\/\/www.nexoinformativo.mx\/wp-content\/uploads\/2024\/07\/nexoi-trasparente-2.png","width":816,"height":339,"caption":"Nexo Informativo Santiago de Quer\u00e9taro"},"image":{"@id":"https:\/\/www.nexoinformativo.mx\/#\/schema\/logo\/image\/"},"sameAs":["https:\/\/www.facebook.com\/people\/Nexo-Informativo\/61564066885511\/"]},{"@type":"Person","@id":"https:\/\/www.nexoinformativo.mx\/#\/schema\/person\/7749d380ba08c8ca00d7bc76fd907b7d","name":"Nexo Informativo","image":{"@type":"ImageObject","inLanguage":"es","@id":"https:\/\/www.nexoinformativo.mx\/#\/schema\/person\/image\/","url":"https:\/\/secure.gravatar.com\/avatar\/dde2928154642a13d95f87ddf1ea9718fe2b46760a005c53e41ff5ad610704e6?s=96&d=mm&r=g","contentUrl":"https:\/\/secure.gravatar.com\/avatar\/dde2928154642a13d95f87ddf1ea9718fe2b46760a005c53e41ff5ad610704e6?s=96&d=mm&r=g","caption":"Nexo Informativo"},"url":"https:\/\/www.nexoinformativo.mx\/index.php\/author\/edicion\/"}]}},"_links":{"self":[{"href":"https:\/\/www.nexoinformativo.mx\/index.php\/wp-json\/wp\/v2\/posts\/15375","targetHints":{"allow":["GET"]}}],"collection":[{"href":"https:\/\/www.nexoinformativo.mx\/index.php\/wp-json\/wp\/v2\/posts"}],"about":[{"href":"https:\/\/www.nexoinformativo.mx\/index.php\/wp-json\/wp\/v2\/types\/post"}],"author":[{"embeddable":true,"href":"https:\/\/www.nexoinformativo.mx\/index.php\/wp-json\/wp\/v2\/users\/3"}],"replies":[{"embeddable":true,"href":"https:\/\/www.nexoinformativo.mx\/index.php\/wp-json\/wp\/v2\/comments?post=15375"}],"version-history":[{"count":4,"href":"https:\/\/www.nexoinformativo.mx\/index.php\/wp-json\/wp\/v2\/posts\/15375\/revisions"}],"predecessor-version":[{"id":15380,"href":"https:\/\/www.nexoinformativo.mx\/index.php\/wp-json\/wp\/v2\/posts\/15375\/revisions\/15380"}],"wp:featuredmedia":[{"embeddable":true,"href":"https:\/\/www.nexoinformativo.mx\/index.php\/wp-json\/wp\/v2\/media\/15377"}],"wp:attachment":[{"href":"https:\/\/www.nexoinformativo.mx\/index.php\/wp-json\/wp\/v2\/media?parent=15375"}],"wp:term":[{"taxonomy":"category","embeddable":true,"href":"https:\/\/www.nexoinformativo.mx\/index.php\/wp-json\/wp\/v2\/categories?post=15375"},{"taxonomy":"post_tag","embeddable":true,"href":"https:\/\/www.nexoinformativo.mx\/index.php\/wp-json\/wp\/v2\/tags?post=15375"}],"curies":[{"name":"wp","href":"https:\/\/api.w.org\/{rel}","templated":true}]}}