{"id":15381,"date":"2025-05-28T11:00:47","date_gmt":"2025-05-28T17:00:47","guid":{"rendered":"https:\/\/www.nexoinformativo.mx\/?p=15381"},"modified":"2025-05-28T14:44:25","modified_gmt":"2025-05-28T20:44:25","slug":"dif-queretaro-impulsa-educacion-y-bienestar-con-generosos-apoyos-de-fundacion-telmex-telcel","status":"publish","type":"post","link":"https:\/\/www.nexoinformativo.mx\/index.php\/2025\/05\/28\/dif-queretaro-impulsa-educacion-y-bienestar-con-generosos-apoyos-de-fundacion-telmex-telcel\/","title":{"rendered":"DIF Quer\u00e9taro impulsa educaci\u00f3n y bienestar con generosos apoyos de Fundaci\u00f3n Telmex-Telcel"},"content":{"rendered":"<p style=\"text-align: justify;\" data-sourcepos=\"3:1-3:509\">La presidenta del Patronato del Sistema Estatal DIF, Car Herrera, encabez\u00f3 la entrega de importantes apoyos de la Fundaci\u00f3n Telmex-Telcel, a trav\u00e9s de su programa <strong>&#8220;Corriendo por la Educaci\u00f3n&#8221;. <\/strong><\/p>\n<\/p>\n<p>&nbsp;<\/p>\n<p style=\"text-align: justify;\" data-sourcepos=\"3:1-3:509\">Durante el evento, se reconoci\u00f3 el firme compromiso social de esta empresa y su inter\u00e9s en trabajar de la mano con el gobierno estatal para beneficiar a los sectores m\u00e1s vulnerables.<\/p>\n<\/p>\n<p>&nbsp;<\/p>\n<p style=\"text-align: justify;\" data-sourcepos=\"5:1-5:316\">Desde el auditorio del Centro de Rehabilitaci\u00f3n Integral de Quer\u00e9taro (CRIQ), Car Herrera destac\u00f3 el esp\u00edritu de colaboraci\u00f3n y generosidad de la Fundaci\u00f3n. La donaci\u00f3n incluy\u00f3 30 sillas de ruedas, 30 bicicletas, 20 tabletas electr\u00f3nicas y 20 impresoras, todos destinados a personas sujetas de asistencia social.<\/p>\n<\/p>\n<p>&nbsp;<\/p>\n<p style=\"text-align: justify;\" data-sourcepos=\"11:1-11:366\">&#8220;Eventos como la entrega de apoyos del programa Corriendo por la Educaci\u00f3n, resaltan la empat\u00eda y la solidaridad que debemos tener con todos ustedes; desde el inicio de esta administraci\u00f3n, Fundaci\u00f3n Telmex-Telcel ha trabajado con nosotros, fueron de los primeros en crear sinergia con el DIF Estatal, y de verdad, lo agradezco de todo coraz\u00f3n&#8221;, expres\u00f3 Car Herrera.<\/p>\n<\/p>\n<p>&nbsp;<\/p>\n<p style=\"text-align: justify;\" data-sourcepos=\"15:1-15:349\">Por su parte, Ma. Dolores Rocha, gerente de Desarrollo Comercial de Telcel, inform\u00f3 que en Quer\u00e9taro se han beneficiado a cerca de 39 mil personas a trav\u00e9s de programas sociales en educaci\u00f3n y salud. Reafirm\u00f3 que &#8220;Corriendo por la Educaci\u00f3n&#8221; tiene el objetivo de seguir brindando oportunidades de desarrollo para las y los queretanos.<\/p>\n<\/p>\n<p>&nbsp;<\/p>\n<p style=\"text-align: justify;\" data-sourcepos=\"17:1-17:360\">Durante el evento, Jos\u00e9 Antonio C\u00e1rdenas, director de Becas de la Universidad Aut\u00f3noma de Quer\u00e9taro (UAQ), recibi\u00f3 15 apoyos que beneficiar\u00e1n a estudiantes de licenciatura, maestr\u00eda y doctorado. C\u00e1rdenas Rosas asegur\u00f3 que estas acciones transforman vidas al apostar por la equidad, el talento y el futuro de las nuevas generaciones de profesionistas.<\/p>\n<\/p>\n<p>&nbsp;<\/p>\n<p style=\"text-align: center;\" data-sourcepos=\"17:1-17:360\"><em><strong>\u00a1Informaci\u00f3n que transforma!<\/strong><\/em><\/p>\n","protected":false},"excerpt":{"rendered":"<p>La presidenta del Patronato del Sistema Estatal DIF, Car Herrera, encabez\u00f3 la entrega de importantes apoyos de la Fundaci\u00f3n Telmex-Telcel, a trav\u00e9s de su programa &#8220;Corriendo por la Educaci\u00f3n&#8221;.<\/p>\n","protected":false},"author":3,"featured_media":15382,"comment_status":"open","ping_status":"open","sticky":false,"template":"","format":"standard","meta":{"footnotes":""},"categories":[42,58],"tags":[4623,4621,4620,4622],"class_list":["post-15381","post","type-post","status-publish","format-standard","has-post-thumbnail","hentry","category-estado","category-ultima-hora","tag-apoyoseducativos","tag-corriendoporlaeducacion","tag-difestatalqro","tag-fundaciontelmextelcel"],"yoast_head":"<!-- This site is optimized with the Yoast SEO plugin v25.0 - https:\/\/yoast.com\/wordpress\/plugins\/seo\/ -->\n<title>DIF Quer\u00e9taro impulsa educaci\u00f3n y bienestar con generosos apoyos de Fundaci\u00f3n Telmex-Telcel | Nexo Informativo Santiago de Quer\u00e9taro<\/title>\n<meta name=\"description\" content=\"DIF Quer\u00e9taro impulsa educaci\u00f3n y bienestar con generosos apoyos de Fundaci\u00f3n Telmex-Telcel\" \/>\n<meta name=\"robots\" content=\"index, follow, max-snippet:-1, max-image-preview:large, max-video-preview:-1\" \/>\n<link rel=\"canonical\" href=\"https:\/\/www.nexoinformativo.mx\/index.php\/2025\/05\/28\/dif-queretaro-impulsa-educacion-y-bienestar-con-generosos-apoyos-de-fundacion-telmex-telcel\/\" \/>\n<meta property=\"og:locale\" content=\"es_MX\" \/>\n<meta property=\"og:type\" content=\"article\" \/>\n<meta property=\"og:title\" content=\"DIF Quer\u00e9taro impulsa educaci\u00f3n y bienestar con generosos apoyos de Fundaci\u00f3n Telmex-Telcel | Nexo Informativo Santiago de Quer\u00e9taro\" \/>\n<meta property=\"og:description\" content=\"DIF Quer\u00e9taro impulsa educaci\u00f3n y bienestar con generosos apoyos de Fundaci\u00f3n Telmex-Telcel\" \/>\n<meta property=\"og:url\" content=\"https:\/\/www.nexoinformativo.mx\/index.php\/2025\/05\/28\/dif-queretaro-impulsa-educacion-y-bienestar-con-generosos-apoyos-de-fundacion-telmex-telcel\/\" \/>\n<meta property=\"og:site_name\" content=\"Nexo Informativo Santiago de Quer\u00e9taro\" \/>\n<meta property=\"article:publisher\" content=\"https:\/\/www.facebook.com\/people\/Nexo-Informativo\/61564066885511\/\" \/>\n<meta property=\"article:published_time\" content=\"2025-05-28T17:00:47+00:00\" \/>\n<meta property=\"article:modified_time\" content=\"2025-05-28T20:44:25+00:00\" \/>\n<meta property=\"og:image\" content=\"https:\/\/www.nexoinformativo.mx\/wp-content\/uploads\/2025\/05\/PHOTO-2025-05-28-13-54-57-e1748465012435.jpg\" \/>\n\t<meta property=\"og:image:width\" content=\"800\" \/>\n\t<meta property=\"og:image:height\" content=\"533\" \/>\n\t<meta property=\"og:image:type\" content=\"image\/jpeg\" \/>\n<meta name=\"author\" content=\"Nexo Informativo\" \/>\n<meta name=\"twitter:card\" content=\"summary_large_image\" \/>\n<meta name=\"twitter:label1\" content=\"Escrito por\" \/>\n\t<meta name=\"twitter:data1\" content=\"Nexo Informativo\" \/>\n\t<meta name=\"twitter:label2\" content=\"Tiempo de lectura\" \/>\n\t<meta name=\"twitter:data2\" content=\"2 minutos\" \/>\n<script type=\"application\/ld+json\" class=\"yoast-schema-graph\">{\"@context\":\"https:\/\/schema.org\",\"@graph\":[{\"@type\":\"Article\",\"@id\":\"https:\/\/www.nexoinformativo.mx\/index.php\/2025\/05\/28\/dif-queretaro-impulsa-educacion-y-bienestar-con-generosos-apoyos-de-fundacion-telmex-telcel\/#article\",\"isPartOf\":{\"@id\":\"https:\/\/www.nexoinformativo.mx\/index.php\/2025\/05\/28\/dif-queretaro-impulsa-educacion-y-bienestar-con-generosos-apoyos-de-fundacion-telmex-telcel\/\"},\"author\":{\"name\":\"Nexo Informativo\",\"@id\":\"https:\/\/www.nexoinformativo.mx\/#\/schema\/person\/7749d380ba08c8ca00d7bc76fd907b7d\"},\"headline\":\"DIF Quer\u00e9taro impulsa educaci\u00f3n y bienestar con generosos apoyos de Fundaci\u00f3n Telmex-Telcel\",\"datePublished\":\"2025-05-28T17:00:47+00:00\",\"dateModified\":\"2025-05-28T20:44:25+00:00\",\"mainEntityOfPage\":{\"@id\":\"https:\/\/www.nexoinformativo.mx\/index.php\/2025\/05\/28\/dif-queretaro-impulsa-educacion-y-bienestar-con-generosos-apoyos-de-fundacion-telmex-telcel\/\"},\"wordCount\":316,\"commentCount\":0,\"publisher\":{\"@id\":\"https:\/\/www.nexoinformativo.mx\/#organization\"},\"image\":{\"@id\":\"https:\/\/www.nexoinformativo.mx\/index.php\/2025\/05\/28\/dif-queretaro-impulsa-educacion-y-bienestar-con-generosos-apoyos-de-fundacion-telmex-telcel\/#primaryimage\"},\"thumbnailUrl\":\"https:\/\/www.nexoinformativo.mx\/wp-content\/uploads\/2025\/05\/PHOTO-2025-05-28-13-54-57-e1748465012435.jpg\",\"keywords\":[\"ApoyosEducativos\",\"CorriendoPorLaEducaci\u00f3n\",\"DIFEstatalQro\",\"Fundaci\u00f3nTelmexTelcel\"],\"articleSection\":[\"Estado\",\"\u00daltima Hora\"],\"inLanguage\":\"es\",\"potentialAction\":[{\"@type\":\"CommentAction\",\"name\":\"Comment\",\"target\":[\"https:\/\/www.nexoinformativo.mx\/index.php\/2025\/05\/28\/dif-queretaro-impulsa-educacion-y-bienestar-con-generosos-apoyos-de-fundacion-telmex-telcel\/#respond\"]}]},{\"@type\":\"WebPage\",\"@id\":\"https:\/\/www.nexoinformativo.mx\/index.php\/2025\/05\/28\/dif-queretaro-impulsa-educacion-y-bienestar-con-generosos-apoyos-de-fundacion-telmex-telcel\/\",\"url\":\"https:\/\/www.nexoinformativo.mx\/index.php\/2025\/05\/28\/dif-queretaro-impulsa-educacion-y-bienestar-con-generosos-apoyos-de-fundacion-telmex-telcel\/\",\"name\":\"DIF Quer\u00e9taro impulsa educaci\u00f3n y bienestar con generosos apoyos de Fundaci\u00f3n Telmex-Telcel | Nexo Informativo Santiago de Quer\u00e9taro\",\"isPartOf\":{\"@id\":\"https:\/\/www.nexoinformativo.mx\/#website\"},\"primaryImageOfPage\":{\"@id\":\"https:\/\/www.nexoinformativo.mx\/index.php\/2025\/05\/28\/dif-queretaro-impulsa-educacion-y-bienestar-con-generosos-apoyos-de-fundacion-telmex-telcel\/#primaryimage\"},\"image\":{\"@id\":\"https:\/\/www.nexoinformativo.mx\/index.php\/2025\/05\/28\/dif-queretaro-impulsa-educacion-y-bienestar-con-generosos-apoyos-de-fundacion-telmex-telcel\/#primaryimage\"},\"thumbnailUrl\":\"https:\/\/www.nexoinformativo.mx\/wp-content\/uploads\/2025\/05\/PHOTO-2025-05-28-13-54-57-e1748465012435.jpg\",\"datePublished\":\"2025-05-28T17:00:47+00:00\",\"dateModified\":\"2025-05-28T20:44:25+00:00\",\"description\":\"DIF Quer\u00e9taro impulsa educaci\u00f3n y bienestar con generosos apoyos de Fundaci\u00f3n Telmex-Telcel\",\"breadcrumb\":{\"@id\":\"https:\/\/www.nexoinformativo.mx\/index.php\/2025\/05\/28\/dif-queretaro-impulsa-educacion-y-bienestar-con-generosos-apoyos-de-fundacion-telmex-telcel\/#breadcrumb\"},\"inLanguage\":\"es\",\"potentialAction\":[{\"@type\":\"ReadAction\",\"target\":[\"https:\/\/www.nexoinformativo.mx\/index.php\/2025\/05\/28\/dif-queretaro-impulsa-educacion-y-bienestar-con-generosos-apoyos-de-fundacion-telmex-telcel\/\"]}]},{\"@type\":\"ImageObject\",\"inLanguage\":\"es\",\"@id\":\"https:\/\/www.nexoinformativo.mx\/index.php\/2025\/05\/28\/dif-queretaro-impulsa-educacion-y-bienestar-con-generosos-apoyos-de-fundacion-telmex-telcel\/#primaryimage\",\"url\":\"https:\/\/www.nexoinformativo.mx\/wp-content\/uploads\/2025\/05\/PHOTO-2025-05-28-13-54-57-e1748465012435.jpg\",\"contentUrl\":\"https:\/\/www.nexoinformativo.mx\/wp-content\/uploads\/2025\/05\/PHOTO-2025-05-28-13-54-57-e1748465012435.jpg\",\"width\":800,\"height\":533},{\"@type\":\"BreadcrumbList\",\"@id\":\"https:\/\/www.nexoinformativo.mx\/index.php\/2025\/05\/28\/dif-queretaro-impulsa-educacion-y-bienestar-con-generosos-apoyos-de-fundacion-telmex-telcel\/#breadcrumb\",\"itemListElement\":[{\"@type\":\"ListItem\",\"position\":1,\"name\":\"Inicio\",\"item\":\"https:\/\/www.nexoinformativo.mx\/\"},{\"@type\":\"ListItem\",\"position\":2,\"name\":\"DIF Quer\u00e9taro impulsa educaci\u00f3n y bienestar con generosos apoyos de Fundaci\u00f3n Telmex-Telcel\"}]},{\"@type\":\"WebSite\",\"@id\":\"https:\/\/www.nexoinformativo.mx\/#website\",\"url\":\"https:\/\/www.nexoinformativo.mx\/\",\"name\":\"Nexo Informativo Santiago de Quer\u00e9taro\",\"description\":\"Explora NexoInformativo y convi\u00e9rtete en parte de una comunidad que valora el conocimiento y la verdad. Tu nexoinformativo es tu puente hacia una comprensi\u00f3n m\u00e1s profunda del mundo que te rodea.\",\"publisher\":{\"@id\":\"https:\/\/www.nexoinformativo.mx\/#organization\"},\"potentialAction\":[{\"@type\":\"SearchAction\",\"target\":{\"@type\":\"EntryPoint\",\"urlTemplate\":\"https:\/\/www.nexoinformativo.mx\/?s={search_term_string}\"},\"query-input\":{\"@type\":\"PropertyValueSpecification\",\"valueRequired\":true,\"valueName\":\"search_term_string\"}}],\"inLanguage\":\"es\"},{\"@type\":\"Organization\",\"@id\":\"https:\/\/www.nexoinformativo.mx\/#organization\",\"name\":\"Nexo Informativo Santiago de Quer\u00e9taro\",\"url\":\"https:\/\/www.nexoinformativo.mx\/\",\"logo\":{\"@type\":\"ImageObject\",\"inLanguage\":\"es\",\"@id\":\"https:\/\/www.nexoinformativo.mx\/#\/schema\/logo\/image\/\",\"url\":\"https:\/\/www.nexoinformativo.mx\/wp-content\/uploads\/2024\/07\/nexoi-trasparente-2.png\",\"contentUrl\":\"https:\/\/www.nexoinformativo.mx\/wp-content\/uploads\/2024\/07\/nexoi-trasparente-2.png\",\"width\":816,\"height\":339,\"caption\":\"Nexo Informativo Santiago de Quer\u00e9taro\"},\"image\":{\"@id\":\"https:\/\/www.nexoinformativo.mx\/#\/schema\/logo\/image\/\"},\"sameAs\":[\"https:\/\/www.facebook.com\/people\/Nexo-Informativo\/61564066885511\/\"]},{\"@type\":\"Person\",\"@id\":\"https:\/\/www.nexoinformativo.mx\/#\/schema\/person\/7749d380ba08c8ca00d7bc76fd907b7d\",\"name\":\"Nexo Informativo\",\"image\":{\"@type\":\"ImageObject\",\"inLanguage\":\"es\",\"@id\":\"https:\/\/www.nexoinformativo.mx\/#\/schema\/person\/image\/\",\"url\":\"https:\/\/secure.gravatar.com\/avatar\/dde2928154642a13d95f87ddf1ea9718fe2b46760a005c53e41ff5ad610704e6?s=96&d=mm&r=g\",\"contentUrl\":\"https:\/\/secure.gravatar.com\/avatar\/dde2928154642a13d95f87ddf1ea9718fe2b46760a005c53e41ff5ad610704e6?s=96&d=mm&r=g\",\"caption\":\"Nexo Informativo\"},\"url\":\"https:\/\/www.nexoinformativo.mx\/index.php\/author\/edicion\/\"}]}<\/script>\n<!-- \/ Yoast SEO plugin. -->","yoast_head_json":{"title":"DIF Quer\u00e9taro impulsa educaci\u00f3n y bienestar con generosos apoyos de Fundaci\u00f3n Telmex-Telcel | Nexo Informativo Santiago de Quer\u00e9taro","description":"DIF Quer\u00e9taro impulsa educaci\u00f3n y bienestar con generosos apoyos de Fundaci\u00f3n Telmex-Telcel","robots":{"index":"index","follow":"follow","max-snippet":"max-snippet:-1","max-image-preview":"max-image-preview:large","max-video-preview":"max-video-preview:-1"},"canonical":"https:\/\/www.nexoinformativo.mx\/index.php\/2025\/05\/28\/dif-queretaro-impulsa-educacion-y-bienestar-con-generosos-apoyos-de-fundacion-telmex-telcel\/","og_locale":"es_MX","og_type":"article","og_title":"DIF Quer\u00e9taro impulsa educaci\u00f3n y bienestar con generosos apoyos de Fundaci\u00f3n Telmex-Telcel | Nexo Informativo Santiago de Quer\u00e9taro","og_description":"DIF Quer\u00e9taro impulsa educaci\u00f3n y bienestar con generosos apoyos de Fundaci\u00f3n Telmex-Telcel","og_url":"https:\/\/www.nexoinformativo.mx\/index.php\/2025\/05\/28\/dif-queretaro-impulsa-educacion-y-bienestar-con-generosos-apoyos-de-fundacion-telmex-telcel\/","og_site_name":"Nexo Informativo Santiago de Quer\u00e9taro","article_publisher":"https:\/\/www.facebook.com\/people\/Nexo-Informativo\/61564066885511\/","article_published_time":"2025-05-28T17:00:47+00:00","article_modified_time":"2025-05-28T20:44:25+00:00","og_image":[{"width":800,"height":533,"url":"https:\/\/www.nexoinformativo.mx\/wp-content\/uploads\/2025\/05\/PHOTO-2025-05-28-13-54-57-e1748465012435.jpg","type":"image\/jpeg"}],"author":"Nexo Informativo","twitter_card":"summary_large_image","twitter_misc":{"Escrito por":"Nexo Informativo","Tiempo de lectura":"2 minutos"},"schema":{"@context":"https:\/\/schema.org","@graph":[{"@type":"Article","@id":"https:\/\/www.nexoinformativo.mx\/index.php\/2025\/05\/28\/dif-queretaro-impulsa-educacion-y-bienestar-con-generosos-apoyos-de-fundacion-telmex-telcel\/#article","isPartOf":{"@id":"https:\/\/www.nexoinformativo.mx\/index.php\/2025\/05\/28\/dif-queretaro-impulsa-educacion-y-bienestar-con-generosos-apoyos-de-fundacion-telmex-telcel\/"},"author":{"name":"Nexo Informativo","@id":"https:\/\/www.nexoinformativo.mx\/#\/schema\/person\/7749d380ba08c8ca00d7bc76fd907b7d"},"headline":"DIF Quer\u00e9taro impulsa educaci\u00f3n y bienestar con generosos apoyos de Fundaci\u00f3n Telmex-Telcel","datePublished":"2025-05-28T17:00:47+00:00","dateModified":"2025-05-28T20:44:25+00:00","mainEntityOfPage":{"@id":"https:\/\/www.nexoinformativo.mx\/index.php\/2025\/05\/28\/dif-queretaro-impulsa-educacion-y-bienestar-con-generosos-apoyos-de-fundacion-telmex-telcel\/"},"wordCount":316,"commentCount":0,"publisher":{"@id":"https:\/\/www.nexoinformativo.mx\/#organization"},"image":{"@id":"https:\/\/www.nexoinformativo.mx\/index.php\/2025\/05\/28\/dif-queretaro-impulsa-educacion-y-bienestar-con-generosos-apoyos-de-fundacion-telmex-telcel\/#primaryimage"},"thumbnailUrl":"https:\/\/www.nexoinformativo.mx\/wp-content\/uploads\/2025\/05\/PHOTO-2025-05-28-13-54-57-e1748465012435.jpg","keywords":["ApoyosEducativos","CorriendoPorLaEducaci\u00f3n","DIFEstatalQro","Fundaci\u00f3nTelmexTelcel"],"articleSection":["Estado","\u00daltima Hora"],"inLanguage":"es","potentialAction":[{"@type":"CommentAction","name":"Comment","target":["https:\/\/www.nexoinformativo.mx\/index.php\/2025\/05\/28\/dif-queretaro-impulsa-educacion-y-bienestar-con-generosos-apoyos-de-fundacion-telmex-telcel\/#respond"]}]},{"@type":"WebPage","@id":"https:\/\/www.nexoinformativo.mx\/index.php\/2025\/05\/28\/dif-queretaro-impulsa-educacion-y-bienestar-con-generosos-apoyos-de-fundacion-telmex-telcel\/","url":"https:\/\/www.nexoinformativo.mx\/index.php\/2025\/05\/28\/dif-queretaro-impulsa-educacion-y-bienestar-con-generosos-apoyos-de-fundacion-telmex-telcel\/","name":"DIF Quer\u00e9taro impulsa educaci\u00f3n y bienestar con generosos apoyos de Fundaci\u00f3n Telmex-Telcel | Nexo Informativo Santiago de Quer\u00e9taro","isPartOf":{"@id":"https:\/\/www.nexoinformativo.mx\/#website"},"primaryImageOfPage":{"@id":"https:\/\/www.nexoinformativo.mx\/index.php\/2025\/05\/28\/dif-queretaro-impulsa-educacion-y-bienestar-con-generosos-apoyos-de-fundacion-telmex-telcel\/#primaryimage"},"image":{"@id":"https:\/\/www.nexoinformativo.mx\/index.php\/2025\/05\/28\/dif-queretaro-impulsa-educacion-y-bienestar-con-generosos-apoyos-de-fundacion-telmex-telcel\/#primaryimage"},"thumbnailUrl":"https:\/\/www.nexoinformativo.mx\/wp-content\/uploads\/2025\/05\/PHOTO-2025-05-28-13-54-57-e1748465012435.jpg","datePublished":"2025-05-28T17:00:47+00:00","dateModified":"2025-05-28T20:44:25+00:00","description":"DIF Quer\u00e9taro impulsa educaci\u00f3n y bienestar con generosos apoyos de Fundaci\u00f3n Telmex-Telcel","breadcrumb":{"@id":"https:\/\/www.nexoinformativo.mx\/index.php\/2025\/05\/28\/dif-queretaro-impulsa-educacion-y-bienestar-con-generosos-apoyos-de-fundacion-telmex-telcel\/#breadcrumb"},"inLanguage":"es","potentialAction":[{"@type":"ReadAction","target":["https:\/\/www.nexoinformativo.mx\/index.php\/2025\/05\/28\/dif-queretaro-impulsa-educacion-y-bienestar-con-generosos-apoyos-de-fundacion-telmex-telcel\/"]}]},{"@type":"ImageObject","inLanguage":"es","@id":"https:\/\/www.nexoinformativo.mx\/index.php\/2025\/05\/28\/dif-queretaro-impulsa-educacion-y-bienestar-con-generosos-apoyos-de-fundacion-telmex-telcel\/#primaryimage","url":"https:\/\/www.nexoinformativo.mx\/wp-content\/uploads\/2025\/05\/PHOTO-2025-05-28-13-54-57-e1748465012435.jpg","contentUrl":"https:\/\/www.nexoinformativo.mx\/wp-content\/uploads\/2025\/05\/PHOTO-2025-05-28-13-54-57-e1748465012435.jpg","width":800,"height":533},{"@type":"BreadcrumbList","@id":"https:\/\/www.nexoinformativo.mx\/index.php\/2025\/05\/28\/dif-queretaro-impulsa-educacion-y-bienestar-con-generosos-apoyos-de-fundacion-telmex-telcel\/#breadcrumb","itemListElement":[{"@type":"ListItem","position":1,"name":"Inicio","item":"https:\/\/www.nexoinformativo.mx\/"},{"@type":"ListItem","position":2,"name":"DIF Quer\u00e9taro impulsa educaci\u00f3n y bienestar con generosos apoyos de Fundaci\u00f3n Telmex-Telcel"}]},{"@type":"WebSite","@id":"https:\/\/www.nexoinformativo.mx\/#website","url":"https:\/\/www.nexoinformativo.mx\/","name":"Nexo Informativo Santiago de Quer\u00e9taro","description":"Explora NexoInformativo y convi\u00e9rtete en parte de una comunidad que valora el conocimiento y la verdad. Tu nexoinformativo es tu puente hacia una comprensi\u00f3n m\u00e1s profunda del mundo que te rodea.","publisher":{"@id":"https:\/\/www.nexoinformativo.mx\/#organization"},"potentialAction":[{"@type":"SearchAction","target":{"@type":"EntryPoint","urlTemplate":"https:\/\/www.nexoinformativo.mx\/?s={search_term_string}"},"query-input":{"@type":"PropertyValueSpecification","valueRequired":true,"valueName":"search_term_string"}}],"inLanguage":"es"},{"@type":"Organization","@id":"https:\/\/www.nexoinformativo.mx\/#organization","name":"Nexo Informativo Santiago de Quer\u00e9taro","url":"https:\/\/www.nexoinformativo.mx\/","logo":{"@type":"ImageObject","inLanguage":"es","@id":"https:\/\/www.nexoinformativo.mx\/#\/schema\/logo\/image\/","url":"https:\/\/www.nexoinformativo.mx\/wp-content\/uploads\/2024\/07\/nexoi-trasparente-2.png","contentUrl":"https:\/\/www.nexoinformativo.mx\/wp-content\/uploads\/2024\/07\/nexoi-trasparente-2.png","width":816,"height":339,"caption":"Nexo Informativo Santiago de Quer\u00e9taro"},"image":{"@id":"https:\/\/www.nexoinformativo.mx\/#\/schema\/logo\/image\/"},"sameAs":["https:\/\/www.facebook.com\/people\/Nexo-Informativo\/61564066885511\/"]},{"@type":"Person","@id":"https:\/\/www.nexoinformativo.mx\/#\/schema\/person\/7749d380ba08c8ca00d7bc76fd907b7d","name":"Nexo Informativo","image":{"@type":"ImageObject","inLanguage":"es","@id":"https:\/\/www.nexoinformativo.mx\/#\/schema\/person\/image\/","url":"https:\/\/secure.gravatar.com\/avatar\/dde2928154642a13d95f87ddf1ea9718fe2b46760a005c53e41ff5ad610704e6?s=96&d=mm&r=g","contentUrl":"https:\/\/secure.gravatar.com\/avatar\/dde2928154642a13d95f87ddf1ea9718fe2b46760a005c53e41ff5ad610704e6?s=96&d=mm&r=g","caption":"Nexo Informativo"},"url":"https:\/\/www.nexoinformativo.mx\/index.php\/author\/edicion\/"}]}},"_links":{"self":[{"href":"https:\/\/www.nexoinformativo.mx\/index.php\/wp-json\/wp\/v2\/posts\/15381","targetHints":{"allow":["GET"]}}],"collection":[{"href":"https:\/\/www.nexoinformativo.mx\/index.php\/wp-json\/wp\/v2\/posts"}],"about":[{"href":"https:\/\/www.nexoinformativo.mx\/index.php\/wp-json\/wp\/v2\/types\/post"}],"author":[{"embeddable":true,"href":"https:\/\/www.nexoinformativo.mx\/index.php\/wp-json\/wp\/v2\/users\/3"}],"replies":[{"embeddable":true,"href":"https:\/\/www.nexoinformativo.mx\/index.php\/wp-json\/wp\/v2\/comments?post=15381"}],"version-history":[{"count":3,"href":"https:\/\/www.nexoinformativo.mx\/index.php\/wp-json\/wp\/v2\/posts\/15381\/revisions"}],"predecessor-version":[{"id":15385,"href":"https:\/\/www.nexoinformativo.mx\/index.php\/wp-json\/wp\/v2\/posts\/15381\/revisions\/15385"}],"wp:featuredmedia":[{"embeddable":true,"href":"https:\/\/www.nexoinformativo.mx\/index.php\/wp-json\/wp\/v2\/media\/15382"}],"wp:attachment":[{"href":"https:\/\/www.nexoinformativo.mx\/index.php\/wp-json\/wp\/v2\/media?parent=15381"}],"wp:term":[{"taxonomy":"category","embeddable":true,"href":"https:\/\/www.nexoinformativo.mx\/index.php\/wp-json\/wp\/v2\/categories?post=15381"},{"taxonomy":"post_tag","embeddable":true,"href":"https:\/\/www.nexoinformativo.mx\/index.php\/wp-json\/wp\/v2\/tags?post=15381"}],"curies":[{"name":"wp","href":"https:\/\/api.w.org\/{rel}","templated":true}]}}