{"id":15386,"date":"2025-05-28T12:00:47","date_gmt":"2025-05-28T18:00:47","guid":{"rendered":"https:\/\/www.nexoinformativo.mx\/?p=15386"},"modified":"2025-05-28T14:55:51","modified_gmt":"2025-05-28T20:55:51","slug":"santander-apuesta-por-queretaro-firma-acuerdo-global-salud-financiera-para-impulsar-empresas-y-talento-local","status":"publish","type":"post","link":"https:\/\/www.nexoinformativo.mx\/index.php\/2025\/05\/28\/santander-apuesta-por-queretaro-firma-acuerdo-global-salud-financiera-para-impulsar-empresas-y-talento-local\/","title":{"rendered":"Santander apuesta por Quer\u00e9taro firma acuerdo Global &#8220;Salud Financiera&#8221; para impulsar empresas y talento local"},"content":{"rendered":"<p style=\"text-align: justify;\" data-sourcepos=\"5:1-5:487\">El gobernador Kuri\u00a0firm\u00f3 el Acuerdo de Conexi\u00f3n Global con Banco Santander. Este convenio, sellado en una reuni\u00f3n con H\u00e9ctor Grisi Checa, CEO global de la instituci\u00f3n financiera, busca fortalecer la presencia internacional de las empresas queretanas, acercar herramientas a j\u00f3venes emprendedores y, por supuesto, promocionar el estado a nivel mundial.<\/p>\n<p>&nbsp;<\/p>\n<p style=\"text-align: justify;\" data-sourcepos=\"7:1-7:259\">Kuri \u00a0destac\u00f3 la importancia de este tipo de alianzas para que Quer\u00e9taro sea visto globalmente. Asegur\u00f3 que el \u00e9xito del estado se debe a su gente, su determinaci\u00f3n de salir adelante y su excelente ubicaci\u00f3n geogr\u00e1fica y conectividad con todo el pa\u00eds.<\/p>\n<p>&nbsp;<\/p>\n<p style=\"text-align: justify;\" data-sourcepos=\"9:1-9:384\">El acuerdo pactado tiene como meta fortalecer la formaci\u00f3n de personal en sectores clave. Para ello, se otorgar\u00e1n mil becas del curso <strong>&#8220;Salud Financiera&#8221;<\/strong> para todo el estado, y mil m\u00e1s exclusivamente para el municipio de Corregidora.<\/p>\n<p>&nbsp;<\/p>\n<p style=\"text-align: justify;\" data-sourcepos=\"9:1-9:384\">El objetivo es que j\u00f3venes y emprendedores adquieran conocimientos y tomen decisiones financieras informadas para construir su bienestar econ\u00f3mico.<\/p>\n<p>&nbsp;<\/p>\n<p style=\"text-align: justify;\" data-sourcepos=\"15:1-15:351\">Entre los lineamientos del acuerdo, se establece que se facilitar\u00e1 la conexi\u00f3n de empresas queretanas con aliados internacionales, vincul\u00e1ndolas con oportunidades globales gracias a la escala del banco.<\/p>\n<p>&nbsp;<\/p>\n<p style=\"text-align: justify;\" data-sourcepos=\"15:1-15:351\">Adem\u00e1s, se podr\u00e1n organizar giras de trabajo internacionales entre actores clave y organismos del gobierno de Quer\u00e9taro para promover el estado.<\/p>\n<p>&nbsp;<\/p>\n<p style=\"text-align: justify;\" data-sourcepos=\"17:1-17:354\">En esta firma, donde Quer\u00e9taro y Banco Santander fortalecieron sus lazos, el gobernador Mauricio Kuri estuvo acompa\u00f1ado por Rogelio Vega V\u00e1zquez, jefe de gabinete; Marco Antonio Del Prete, secretario de Desarrollo Sustentable; Alejandro Rolland Ruiz, director de Fomento Empresarial; y Chepe Guerrero, presidente municipal de Corregidora.<\/p>\n<p>&nbsp;<\/p>\n<p style=\"text-align: center;\" data-sourcepos=\"17:1-17:354\"><em><strong>\u00a1Informaci\u00f3n que transforma!<\/strong><\/em><\/p>\n","protected":false},"excerpt":{"rendered":"<p>El gobernador Kuri\u00a0firm\u00f3 el Acuerdo de Conexi\u00f3n Global con Banco Santander. Este convenio, sellado en una reuni\u00f3n con H\u00e9ctor Grisi Checa, CEO global de la instituci\u00f3n financiera, busca fortalecer la presencia internacional de las empresas queretanas, acercar herramientas a j\u00f3venes emprendedores y, por supuesto, promocionar el estado a nivel mundial.<\/p>\n","protected":false},"author":3,"featured_media":15387,"comment_status":"open","ping_status":"open","sticky":false,"template":"","format":"standard","meta":{"footnotes":""},"categories":[5,42,58],"tags":[4625,4533,4331,4624],"class_list":["post-15386","post","type-post","status-publish","format-standard","has-post-thumbnail","hentry","category-economia","category-estado","category-ultima-hora","tag-becasfinancieras","tag-innovacionqro","tag-queretaroglobal","tag-santandermx"],"yoast_head":"<!-- This site is optimized with the Yoast SEO plugin v25.0 - https:\/\/yoast.com\/wordpress\/plugins\/seo\/ -->\n<title>Santander apuesta por Quer\u00e9taro firma acuerdo Global &quot;Salud Financiera&quot; para impulsar empresas y talento local | Nexo Informativo Santiago de Quer\u00e9taro<\/title>\n<meta name=\"description\" content=\"Santander apuesta por Quer\u00e9taro firma acuerdo Global para impulsar empresas y talento local\" \/>\n<meta name=\"robots\" content=\"index, follow, max-snippet:-1, max-image-preview:large, max-video-preview:-1\" \/>\n<link rel=\"canonical\" href=\"https:\/\/www.nexoinformativo.mx\/index.php\/2025\/05\/28\/santander-apuesta-por-queretaro-firma-acuerdo-global-salud-financiera-para-impulsar-empresas-y-talento-local\/\" \/>\n<meta property=\"og:locale\" content=\"es_MX\" \/>\n<meta property=\"og:type\" content=\"article\" \/>\n<meta property=\"og:title\" content=\"Santander apuesta por Quer\u00e9taro firma acuerdo Global &quot;Salud Financiera&quot; para impulsar empresas y talento local | Nexo Informativo Santiago de Quer\u00e9taro\" \/>\n<meta property=\"og:description\" content=\"Santander apuesta por Quer\u00e9taro firma acuerdo Global para impulsar empresas y talento local\" \/>\n<meta property=\"og:url\" content=\"https:\/\/www.nexoinformativo.mx\/index.php\/2025\/05\/28\/santander-apuesta-por-queretaro-firma-acuerdo-global-salud-financiera-para-impulsar-empresas-y-talento-local\/\" \/>\n<meta property=\"og:site_name\" content=\"Nexo Informativo Santiago de Quer\u00e9taro\" \/>\n<meta property=\"article:publisher\" content=\"https:\/\/www.facebook.com\/people\/Nexo-Informativo\/61564066885511\/\" \/>\n<meta property=\"article:published_time\" content=\"2025-05-28T18:00:47+00:00\" \/>\n<meta property=\"article:modified_time\" content=\"2025-05-28T20:55:51+00:00\" \/>\n<meta property=\"og:image\" content=\"https:\/\/www.nexoinformativo.mx\/wp-content\/uploads\/2025\/05\/PHOTO-2025-05-28-13-52-16-e1748465610871.jpg\" \/>\n\t<meta property=\"og:image:width\" content=\"800\" \/>\n\t<meta property=\"og:image:height\" content=\"600\" \/>\n\t<meta property=\"og:image:type\" content=\"image\/jpeg\" \/>\n<meta name=\"author\" content=\"Nexo Informativo\" \/>\n<meta name=\"twitter:card\" content=\"summary_large_image\" \/>\n<meta name=\"twitter:label1\" content=\"Escrito por\" \/>\n\t<meta name=\"twitter:data1\" content=\"Nexo Informativo\" \/>\n\t<meta name=\"twitter:label2\" content=\"Tiempo de lectura\" \/>\n\t<meta name=\"twitter:data2\" content=\"2 minutos\" \/>\n<script type=\"application\/ld+json\" class=\"yoast-schema-graph\">{\"@context\":\"https:\/\/schema.org\",\"@graph\":[{\"@type\":\"Article\",\"@id\":\"https:\/\/www.nexoinformativo.mx\/index.php\/2025\/05\/28\/santander-apuesta-por-queretaro-firma-acuerdo-global-salud-financiera-para-impulsar-empresas-y-talento-local\/#article\",\"isPartOf\":{\"@id\":\"https:\/\/www.nexoinformativo.mx\/index.php\/2025\/05\/28\/santander-apuesta-por-queretaro-firma-acuerdo-global-salud-financiera-para-impulsar-empresas-y-talento-local\/\"},\"author\":{\"name\":\"Nexo Informativo\",\"@id\":\"https:\/\/www.nexoinformativo.mx\/#\/schema\/person\/7749d380ba08c8ca00d7bc76fd907b7d\"},\"headline\":\"Santander apuesta por Quer\u00e9taro firma acuerdo Global &#8220;Salud Financiera&#8221; para impulsar empresas y talento local\",\"datePublished\":\"2025-05-28T18:00:47+00:00\",\"dateModified\":\"2025-05-28T20:55:51+00:00\",\"mainEntityOfPage\":{\"@id\":\"https:\/\/www.nexoinformativo.mx\/index.php\/2025\/05\/28\/santander-apuesta-por-queretaro-firma-acuerdo-global-salud-financiera-para-impulsar-empresas-y-talento-local\/\"},\"wordCount\":294,\"commentCount\":0,\"publisher\":{\"@id\":\"https:\/\/www.nexoinformativo.mx\/#organization\"},\"image\":{\"@id\":\"https:\/\/www.nexoinformativo.mx\/index.php\/2025\/05\/28\/santander-apuesta-por-queretaro-firma-acuerdo-global-salud-financiera-para-impulsar-empresas-y-talento-local\/#primaryimage\"},\"thumbnailUrl\":\"https:\/\/www.nexoinformativo.mx\/wp-content\/uploads\/2025\/05\/PHOTO-2025-05-28-13-52-16-e1748465610871.jpg\",\"keywords\":[\"BecasFinancieras\",\"Innovaci\u00f3nQro\",\"Quer\u00e9taroGlobal\",\"SantanderMX\"],\"articleSection\":[\"Econom\u00eda\",\"Estado\",\"\u00daltima Hora\"],\"inLanguage\":\"es\",\"potentialAction\":[{\"@type\":\"CommentAction\",\"name\":\"Comment\",\"target\":[\"https:\/\/www.nexoinformativo.mx\/index.php\/2025\/05\/28\/santander-apuesta-por-queretaro-firma-acuerdo-global-salud-financiera-para-impulsar-empresas-y-talento-local\/#respond\"]}]},{\"@type\":\"WebPage\",\"@id\":\"https:\/\/www.nexoinformativo.mx\/index.php\/2025\/05\/28\/santander-apuesta-por-queretaro-firma-acuerdo-global-salud-financiera-para-impulsar-empresas-y-talento-local\/\",\"url\":\"https:\/\/www.nexoinformativo.mx\/index.php\/2025\/05\/28\/santander-apuesta-por-queretaro-firma-acuerdo-global-salud-financiera-para-impulsar-empresas-y-talento-local\/\",\"name\":\"Santander apuesta por Quer\u00e9taro firma acuerdo Global \\\"Salud Financiera\\\" para impulsar empresas y talento local | Nexo Informativo Santiago de Quer\u00e9taro\",\"isPartOf\":{\"@id\":\"https:\/\/www.nexoinformativo.mx\/#website\"},\"primaryImageOfPage\":{\"@id\":\"https:\/\/www.nexoinformativo.mx\/index.php\/2025\/05\/28\/santander-apuesta-por-queretaro-firma-acuerdo-global-salud-financiera-para-impulsar-empresas-y-talento-local\/#primaryimage\"},\"image\":{\"@id\":\"https:\/\/www.nexoinformativo.mx\/index.php\/2025\/05\/28\/santander-apuesta-por-queretaro-firma-acuerdo-global-salud-financiera-para-impulsar-empresas-y-talento-local\/#primaryimage\"},\"thumbnailUrl\":\"https:\/\/www.nexoinformativo.mx\/wp-content\/uploads\/2025\/05\/PHOTO-2025-05-28-13-52-16-e1748465610871.jpg\",\"datePublished\":\"2025-05-28T18:00:47+00:00\",\"dateModified\":\"2025-05-28T20:55:51+00:00\",\"description\":\"Santander apuesta por Quer\u00e9taro firma acuerdo Global para impulsar empresas y talento local\",\"breadcrumb\":{\"@id\":\"https:\/\/www.nexoinformativo.mx\/index.php\/2025\/05\/28\/santander-apuesta-por-queretaro-firma-acuerdo-global-salud-financiera-para-impulsar-empresas-y-talento-local\/#breadcrumb\"},\"inLanguage\":\"es\",\"potentialAction\":[{\"@type\":\"ReadAction\",\"target\":[\"https:\/\/www.nexoinformativo.mx\/index.php\/2025\/05\/28\/santander-apuesta-por-queretaro-firma-acuerdo-global-salud-financiera-para-impulsar-empresas-y-talento-local\/\"]}]},{\"@type\":\"ImageObject\",\"inLanguage\":\"es\",\"@id\":\"https:\/\/www.nexoinformativo.mx\/index.php\/2025\/05\/28\/santander-apuesta-por-queretaro-firma-acuerdo-global-salud-financiera-para-impulsar-empresas-y-talento-local\/#primaryimage\",\"url\":\"https:\/\/www.nexoinformativo.mx\/wp-content\/uploads\/2025\/05\/PHOTO-2025-05-28-13-52-16-e1748465610871.jpg\",\"contentUrl\":\"https:\/\/www.nexoinformativo.mx\/wp-content\/uploads\/2025\/05\/PHOTO-2025-05-28-13-52-16-e1748465610871.jpg\",\"width\":800,\"height\":600},{\"@type\":\"BreadcrumbList\",\"@id\":\"https:\/\/www.nexoinformativo.mx\/index.php\/2025\/05\/28\/santander-apuesta-por-queretaro-firma-acuerdo-global-salud-financiera-para-impulsar-empresas-y-talento-local\/#breadcrumb\",\"itemListElement\":[{\"@type\":\"ListItem\",\"position\":1,\"name\":\"Inicio\",\"item\":\"https:\/\/www.nexoinformativo.mx\/\"},{\"@type\":\"ListItem\",\"position\":2,\"name\":\"Santander apuesta por Quer\u00e9taro firma acuerdo Global &#8220;Salud Financiera&#8221; para impulsar empresas y talento local\"}]},{\"@type\":\"WebSite\",\"@id\":\"https:\/\/www.nexoinformativo.mx\/#website\",\"url\":\"https:\/\/www.nexoinformativo.mx\/\",\"name\":\"Nexo Informativo Santiago de Quer\u00e9taro\",\"description\":\"Explora NexoInformativo y convi\u00e9rtete en parte de una comunidad que valora el conocimiento y la verdad. Tu nexoinformativo es tu puente hacia una comprensi\u00f3n m\u00e1s profunda del mundo que te rodea.\",\"publisher\":{\"@id\":\"https:\/\/www.nexoinformativo.mx\/#organization\"},\"potentialAction\":[{\"@type\":\"SearchAction\",\"target\":{\"@type\":\"EntryPoint\",\"urlTemplate\":\"https:\/\/www.nexoinformativo.mx\/?s={search_term_string}\"},\"query-input\":{\"@type\":\"PropertyValueSpecification\",\"valueRequired\":true,\"valueName\":\"search_term_string\"}}],\"inLanguage\":\"es\"},{\"@type\":\"Organization\",\"@id\":\"https:\/\/www.nexoinformativo.mx\/#organization\",\"name\":\"Nexo Informativo Santiago de Quer\u00e9taro\",\"url\":\"https:\/\/www.nexoinformativo.mx\/\",\"logo\":{\"@type\":\"ImageObject\",\"inLanguage\":\"es\",\"@id\":\"https:\/\/www.nexoinformativo.mx\/#\/schema\/logo\/image\/\",\"url\":\"https:\/\/www.nexoinformativo.mx\/wp-content\/uploads\/2024\/07\/nexoi-trasparente-2.png\",\"contentUrl\":\"https:\/\/www.nexoinformativo.mx\/wp-content\/uploads\/2024\/07\/nexoi-trasparente-2.png\",\"width\":816,\"height\":339,\"caption\":\"Nexo Informativo Santiago de Quer\u00e9taro\"},\"image\":{\"@id\":\"https:\/\/www.nexoinformativo.mx\/#\/schema\/logo\/image\/\"},\"sameAs\":[\"https:\/\/www.facebook.com\/people\/Nexo-Informativo\/61564066885511\/\"]},{\"@type\":\"Person\",\"@id\":\"https:\/\/www.nexoinformativo.mx\/#\/schema\/person\/7749d380ba08c8ca00d7bc76fd907b7d\",\"name\":\"Nexo Informativo\",\"image\":{\"@type\":\"ImageObject\",\"inLanguage\":\"es\",\"@id\":\"https:\/\/www.nexoinformativo.mx\/#\/schema\/person\/image\/\",\"url\":\"https:\/\/secure.gravatar.com\/avatar\/dde2928154642a13d95f87ddf1ea9718fe2b46760a005c53e41ff5ad610704e6?s=96&d=mm&r=g\",\"contentUrl\":\"https:\/\/secure.gravatar.com\/avatar\/dde2928154642a13d95f87ddf1ea9718fe2b46760a005c53e41ff5ad610704e6?s=96&d=mm&r=g\",\"caption\":\"Nexo Informativo\"},\"url\":\"https:\/\/www.nexoinformativo.mx\/index.php\/author\/edicion\/\"}]}<\/script>\n<!-- \/ Yoast SEO plugin. -->","yoast_head_json":{"title":"Santander apuesta por Quer\u00e9taro firma acuerdo Global \"Salud Financiera\" para impulsar empresas y talento local | Nexo Informativo Santiago de Quer\u00e9taro","description":"Santander apuesta por Quer\u00e9taro firma acuerdo Global para impulsar empresas y talento local","robots":{"index":"index","follow":"follow","max-snippet":"max-snippet:-1","max-image-preview":"max-image-preview:large","max-video-preview":"max-video-preview:-1"},"canonical":"https:\/\/www.nexoinformativo.mx\/index.php\/2025\/05\/28\/santander-apuesta-por-queretaro-firma-acuerdo-global-salud-financiera-para-impulsar-empresas-y-talento-local\/","og_locale":"es_MX","og_type":"article","og_title":"Santander apuesta por Quer\u00e9taro firma acuerdo Global \"Salud Financiera\" para impulsar empresas y talento local | Nexo Informativo Santiago de Quer\u00e9taro","og_description":"Santander apuesta por Quer\u00e9taro firma acuerdo Global para impulsar empresas y talento local","og_url":"https:\/\/www.nexoinformativo.mx\/index.php\/2025\/05\/28\/santander-apuesta-por-queretaro-firma-acuerdo-global-salud-financiera-para-impulsar-empresas-y-talento-local\/","og_site_name":"Nexo Informativo Santiago de Quer\u00e9taro","article_publisher":"https:\/\/www.facebook.com\/people\/Nexo-Informativo\/61564066885511\/","article_published_time":"2025-05-28T18:00:47+00:00","article_modified_time":"2025-05-28T20:55:51+00:00","og_image":[{"width":800,"height":600,"url":"https:\/\/www.nexoinformativo.mx\/wp-content\/uploads\/2025\/05\/PHOTO-2025-05-28-13-52-16-e1748465610871.jpg","type":"image\/jpeg"}],"author":"Nexo Informativo","twitter_card":"summary_large_image","twitter_misc":{"Escrito por":"Nexo Informativo","Tiempo de lectura":"2 minutos"},"schema":{"@context":"https:\/\/schema.org","@graph":[{"@type":"Article","@id":"https:\/\/www.nexoinformativo.mx\/index.php\/2025\/05\/28\/santander-apuesta-por-queretaro-firma-acuerdo-global-salud-financiera-para-impulsar-empresas-y-talento-local\/#article","isPartOf":{"@id":"https:\/\/www.nexoinformativo.mx\/index.php\/2025\/05\/28\/santander-apuesta-por-queretaro-firma-acuerdo-global-salud-financiera-para-impulsar-empresas-y-talento-local\/"},"author":{"name":"Nexo Informativo","@id":"https:\/\/www.nexoinformativo.mx\/#\/schema\/person\/7749d380ba08c8ca00d7bc76fd907b7d"},"headline":"Santander apuesta por Quer\u00e9taro firma acuerdo Global &#8220;Salud Financiera&#8221; para impulsar empresas y talento local","datePublished":"2025-05-28T18:00:47+00:00","dateModified":"2025-05-28T20:55:51+00:00","mainEntityOfPage":{"@id":"https:\/\/www.nexoinformativo.mx\/index.php\/2025\/05\/28\/santander-apuesta-por-queretaro-firma-acuerdo-global-salud-financiera-para-impulsar-empresas-y-talento-local\/"},"wordCount":294,"commentCount":0,"publisher":{"@id":"https:\/\/www.nexoinformativo.mx\/#organization"},"image":{"@id":"https:\/\/www.nexoinformativo.mx\/index.php\/2025\/05\/28\/santander-apuesta-por-queretaro-firma-acuerdo-global-salud-financiera-para-impulsar-empresas-y-talento-local\/#primaryimage"},"thumbnailUrl":"https:\/\/www.nexoinformativo.mx\/wp-content\/uploads\/2025\/05\/PHOTO-2025-05-28-13-52-16-e1748465610871.jpg","keywords":["BecasFinancieras","Innovaci\u00f3nQro","Quer\u00e9taroGlobal","SantanderMX"],"articleSection":["Econom\u00eda","Estado","\u00daltima Hora"],"inLanguage":"es","potentialAction":[{"@type":"CommentAction","name":"Comment","target":["https:\/\/www.nexoinformativo.mx\/index.php\/2025\/05\/28\/santander-apuesta-por-queretaro-firma-acuerdo-global-salud-financiera-para-impulsar-empresas-y-talento-local\/#respond"]}]},{"@type":"WebPage","@id":"https:\/\/www.nexoinformativo.mx\/index.php\/2025\/05\/28\/santander-apuesta-por-queretaro-firma-acuerdo-global-salud-financiera-para-impulsar-empresas-y-talento-local\/","url":"https:\/\/www.nexoinformativo.mx\/index.php\/2025\/05\/28\/santander-apuesta-por-queretaro-firma-acuerdo-global-salud-financiera-para-impulsar-empresas-y-talento-local\/","name":"Santander apuesta por Quer\u00e9taro firma acuerdo Global \"Salud Financiera\" para impulsar empresas y talento local | Nexo Informativo Santiago de Quer\u00e9taro","isPartOf":{"@id":"https:\/\/www.nexoinformativo.mx\/#website"},"primaryImageOfPage":{"@id":"https:\/\/www.nexoinformativo.mx\/index.php\/2025\/05\/28\/santander-apuesta-por-queretaro-firma-acuerdo-global-salud-financiera-para-impulsar-empresas-y-talento-local\/#primaryimage"},"image":{"@id":"https:\/\/www.nexoinformativo.mx\/index.php\/2025\/05\/28\/santander-apuesta-por-queretaro-firma-acuerdo-global-salud-financiera-para-impulsar-empresas-y-talento-local\/#primaryimage"},"thumbnailUrl":"https:\/\/www.nexoinformativo.mx\/wp-content\/uploads\/2025\/05\/PHOTO-2025-05-28-13-52-16-e1748465610871.jpg","datePublished":"2025-05-28T18:00:47+00:00","dateModified":"2025-05-28T20:55:51+00:00","description":"Santander apuesta por Quer\u00e9taro firma acuerdo Global para impulsar empresas y talento local","breadcrumb":{"@id":"https:\/\/www.nexoinformativo.mx\/index.php\/2025\/05\/28\/santander-apuesta-por-queretaro-firma-acuerdo-global-salud-financiera-para-impulsar-empresas-y-talento-local\/#breadcrumb"},"inLanguage":"es","potentialAction":[{"@type":"ReadAction","target":["https:\/\/www.nexoinformativo.mx\/index.php\/2025\/05\/28\/santander-apuesta-por-queretaro-firma-acuerdo-global-salud-financiera-para-impulsar-empresas-y-talento-local\/"]}]},{"@type":"ImageObject","inLanguage":"es","@id":"https:\/\/www.nexoinformativo.mx\/index.php\/2025\/05\/28\/santander-apuesta-por-queretaro-firma-acuerdo-global-salud-financiera-para-impulsar-empresas-y-talento-local\/#primaryimage","url":"https:\/\/www.nexoinformativo.mx\/wp-content\/uploads\/2025\/05\/PHOTO-2025-05-28-13-52-16-e1748465610871.jpg","contentUrl":"https:\/\/www.nexoinformativo.mx\/wp-content\/uploads\/2025\/05\/PHOTO-2025-05-28-13-52-16-e1748465610871.jpg","width":800,"height":600},{"@type":"BreadcrumbList","@id":"https:\/\/www.nexoinformativo.mx\/index.php\/2025\/05\/28\/santander-apuesta-por-queretaro-firma-acuerdo-global-salud-financiera-para-impulsar-empresas-y-talento-local\/#breadcrumb","itemListElement":[{"@type":"ListItem","position":1,"name":"Inicio","item":"https:\/\/www.nexoinformativo.mx\/"},{"@type":"ListItem","position":2,"name":"Santander apuesta por Quer\u00e9taro firma acuerdo Global &#8220;Salud Financiera&#8221; para impulsar empresas y talento local"}]},{"@type":"WebSite","@id":"https:\/\/www.nexoinformativo.mx\/#website","url":"https:\/\/www.nexoinformativo.mx\/","name":"Nexo Informativo Santiago de Quer\u00e9taro","description":"Explora NexoInformativo y convi\u00e9rtete en parte de una comunidad que valora el conocimiento y la verdad. Tu nexoinformativo es tu puente hacia una comprensi\u00f3n m\u00e1s profunda del mundo que te rodea.","publisher":{"@id":"https:\/\/www.nexoinformativo.mx\/#organization"},"potentialAction":[{"@type":"SearchAction","target":{"@type":"EntryPoint","urlTemplate":"https:\/\/www.nexoinformativo.mx\/?s={search_term_string}"},"query-input":{"@type":"PropertyValueSpecification","valueRequired":true,"valueName":"search_term_string"}}],"inLanguage":"es"},{"@type":"Organization","@id":"https:\/\/www.nexoinformativo.mx\/#organization","name":"Nexo Informativo Santiago de Quer\u00e9taro","url":"https:\/\/www.nexoinformativo.mx\/","logo":{"@type":"ImageObject","inLanguage":"es","@id":"https:\/\/www.nexoinformativo.mx\/#\/schema\/logo\/image\/","url":"https:\/\/www.nexoinformativo.mx\/wp-content\/uploads\/2024\/07\/nexoi-trasparente-2.png","contentUrl":"https:\/\/www.nexoinformativo.mx\/wp-content\/uploads\/2024\/07\/nexoi-trasparente-2.png","width":816,"height":339,"caption":"Nexo Informativo Santiago de Quer\u00e9taro"},"image":{"@id":"https:\/\/www.nexoinformativo.mx\/#\/schema\/logo\/image\/"},"sameAs":["https:\/\/www.facebook.com\/people\/Nexo-Informativo\/61564066885511\/"]},{"@type":"Person","@id":"https:\/\/www.nexoinformativo.mx\/#\/schema\/person\/7749d380ba08c8ca00d7bc76fd907b7d","name":"Nexo Informativo","image":{"@type":"ImageObject","inLanguage":"es","@id":"https:\/\/www.nexoinformativo.mx\/#\/schema\/person\/image\/","url":"https:\/\/secure.gravatar.com\/avatar\/dde2928154642a13d95f87ddf1ea9718fe2b46760a005c53e41ff5ad610704e6?s=96&d=mm&r=g","contentUrl":"https:\/\/secure.gravatar.com\/avatar\/dde2928154642a13d95f87ddf1ea9718fe2b46760a005c53e41ff5ad610704e6?s=96&d=mm&r=g","caption":"Nexo Informativo"},"url":"https:\/\/www.nexoinformativo.mx\/index.php\/author\/edicion\/"}]}},"_links":{"self":[{"href":"https:\/\/www.nexoinformativo.mx\/index.php\/wp-json\/wp\/v2\/posts\/15386","targetHints":{"allow":["GET"]}}],"collection":[{"href":"https:\/\/www.nexoinformativo.mx\/index.php\/wp-json\/wp\/v2\/posts"}],"about":[{"href":"https:\/\/www.nexoinformativo.mx\/index.php\/wp-json\/wp\/v2\/types\/post"}],"author":[{"embeddable":true,"href":"https:\/\/www.nexoinformativo.mx\/index.php\/wp-json\/wp\/v2\/users\/3"}],"replies":[{"embeddable":true,"href":"https:\/\/www.nexoinformativo.mx\/index.php\/wp-json\/wp\/v2\/comments?post=15386"}],"version-history":[{"count":6,"href":"https:\/\/www.nexoinformativo.mx\/index.php\/wp-json\/wp\/v2\/posts\/15386\/revisions"}],"predecessor-version":[{"id":15390,"href":"https:\/\/www.nexoinformativo.mx\/index.php\/wp-json\/wp\/v2\/posts\/15386\/revisions\/15390"}],"wp:featuredmedia":[{"embeddable":true,"href":"https:\/\/www.nexoinformativo.mx\/index.php\/wp-json\/wp\/v2\/media\/15387"}],"wp:attachment":[{"href":"https:\/\/www.nexoinformativo.mx\/index.php\/wp-json\/wp\/v2\/media?parent=15386"}],"wp:term":[{"taxonomy":"category","embeddable":true,"href":"https:\/\/www.nexoinformativo.mx\/index.php\/wp-json\/wp\/v2\/categories?post=15386"},{"taxonomy":"post_tag","embeddable":true,"href":"https:\/\/www.nexoinformativo.mx\/index.php\/wp-json\/wp\/v2\/tags?post=15386"}],"curies":[{"name":"wp","href":"https:\/\/api.w.org\/{rel}","templated":true}]}}