{"id":15394,"date":"2025-05-29T06:00:55","date_gmt":"2025-05-29T12:00:55","guid":{"rendered":"https:\/\/www.nexoinformativo.mx\/?p=15394"},"modified":"2025-05-29T09:09:41","modified_gmt":"2025-05-29T15:09:41","slug":"gobierno-de-mexico-denunciara-a-cesar-duarte-por-apropiacion-de-700-mil-m3-de-agua-ilegal-en-su-propiedad","status":"publish","type":"post","link":"https:\/\/www.nexoinformativo.mx\/index.php\/2025\/05\/29\/gobierno-de-mexico-denunciara-a-cesar-duarte-por-apropiacion-de-700-mil-m3-de-agua-ilegal-en-su-propiedad\/","title":{"rendered":"Gobierno de M\u00e9xico denunciar\u00e1 a C\u00e9sar Duarte por apropiaci\u00f3n de 700 mil M3 de agua ilegal en su propiedad"},"content":{"rendered":"<p style=\"text-align: justify;\" data-sourcepos=\"5:1-5:510\">El Gobierno de M\u00e9xico, a trav\u00e9s de la Comisi\u00f3n Nacional del Agua (Conagua), presentar\u00e1 una denuncia ante la Fiscal\u00eda General de la Rep\u00fablica (FGR) por el uso ilegal de aproximadamente 700 mil metros c\u00fabicos de agua en una propiedad del exgobernador de Chihuahua, C\u00e9sar Duarte.<\/p>\n<\/p>\n<p>&nbsp;<\/p>\n<p style=\"text-align: justify;\" data-sourcepos=\"5:1-5:510\">La presidenta Sheinbaum recalc\u00f3 que no se permitir\u00e1 la apropiaci\u00f3n privada de un recurso que pertenece a todos los mexicanos. En el rancho del exgobernador se construyeron ilegalmente una presa, cuatro represas y un pozo.<\/p>\n<\/p>\n<p>&nbsp;<\/p>\n<p style=\"text-align: justify;\" data-sourcepos=\"5:1-5:510\">&#8220;Se va a presentar denuncia penal a la Fiscal\u00eda General de la Rep\u00fablica: primero, por el uso ilegal del agua; y segundo, pues todos los que est\u00e9n vinculados con este proceso&#8221;, asegur\u00f3 la Jefa del Ejecutivo. La mandataria enfatiz\u00f3 que, en zonas de escasez, es inaceptable la apropiaci\u00f3n privada del agua sin los permisos correspondientes y en un posible &#8220;contubernio de autoridades&#8221;.<\/p>\n<\/p>\n<p>&nbsp;<\/p>\n<p style=\"text-align: justify;\" data-sourcepos=\"13:1-13:307\">La recuperaci\u00f3n de estos 700 mil metros c\u00fabicos de agua, que forman parte de la cuenca del acuerdo de 1994 con Estados Unidos, se enmarca en el proceso de ordenamiento de concesiones que lleva a cabo Conagua. El objetivo es claro: asegurar que el agua sea un derecho humano para todas y todos los mexicanos.<\/p>\n<\/p>\n<p>&nbsp;<\/p>\n<p style=\"text-align: justify;\" data-sourcepos=\"15:1-15:377\">&#8220;Se est\u00e1n poniendo en orden las concesiones. Lo que se ha hecho es un trabajo muy detallado de cada concesi\u00f3n, irla a revisar. Si tiene registro, que es concesi\u00f3n para riego, pero en realidad se est\u00e1 utilizando para utilizar el agua para un desarrollo habitacional, se est\u00e1 obligando a que registren de nuevo su t\u00edtulo para que tengan que pagar el agua\u201d, explic\u00f3 la presidenta.<\/p>\n<\/p>\n<p>&nbsp;<\/p>\n<p style=\"text-align: justify;\" data-sourcepos=\"17:1-17:194\">Adem\u00e1s, destac\u00f3 el trabajo de Conagua en la ejecuci\u00f3n de los 17 proyectos estrat\u00e9gicos del Plan Nacional H\u00eddrico, que incluyen nueva infraestructura y la tecnificaci\u00f3n de riego.<\/p>\n<\/p>\n<p>&nbsp;<\/p>\n<p style=\"text-align: justify;\" data-sourcepos=\"23:1-23:454\">El director general de la Conagua, Efra\u00edn Morales L\u00f3pez, record\u00f3 que el lunes 26 de mayo se inform\u00f3 sobre el procedimiento administrativo para derribar las construcciones ilegales en el rancho de Duarte.<\/p>\n<\/p>\n<p>&nbsp;<\/p>\n<p style=\"text-align: justify;\" data-sourcepos=\"23:1-23:454\">Sin embargo, una jueza federal, Madhay Soto, otorg\u00f3 una suspensi\u00f3n provisional v\u00eda amparo para detener las acciones de demolici\u00f3n. Morales L\u00f3pez se\u00f1al\u00f3 que es la misma jueza que detuvo la entrega de libros de texto gratuitos en el estado.<\/p>\n<\/p>\n<p>&nbsp;<\/p>\n<p style=\"text-align: justify;\" data-sourcepos=\"25:1-25:178\">Detall\u00f3 que el Plan Nacional H\u00eddrico tiene una inversi\u00f3n de 15 mil 729 millones de pesos (mdp) en 2025 para 17 proyectos estrat\u00e9gicos de infraestructura h\u00eddrica<\/p>\n<\/p>\n<p>&nbsp;<\/p>\n<p style=\"text-align: justify;\" data-sourcepos=\"31:1-31:304\">Respecto al Fondo de Aportaciones para la Infraestructura Social (FAIS), el 30% deber\u00e1 destinarse a obras de agua. Al momento, se han recibido mil 622 planes y registrado 5 mil 848 acciones, lo que se traduce en casi 4 mil 143 acciones de agua potable, drenaje y saneamiento para diversos municipios.<\/p>\n<\/p>\n<p>&nbsp;<\/p>\n<p style=\"text-align: center;\" data-sourcepos=\"33:1-33:273\"><em><strong>\u00a1Informaci\u00f3n que transforma!<\/strong><\/em><\/p>\n","protected":false},"excerpt":{"rendered":"<p>El Gobierno de M\u00e9xico, a trav\u00e9s de la Comisi\u00f3n Nacional del Agua (Conagua), presentar\u00e1 una denuncia ante la Fiscal\u00eda General de la Rep\u00fablica (FGR) por el uso ilegal de aproximadamente 700 mil metros c\u00fabicos de agua en una propiedad del exgobernador de Chihuahua, C\u00e9sar Duarte.<\/p>\n","protected":false},"author":3,"featured_media":15395,"comment_status":"open","ping_status":"open","sticky":false,"template":"","format":"standard","meta":{"footnotes":""},"categories":[88,58],"tags":[4626,4628,2627,4627],"class_list":["post-15394","post","type-post","status-publish","format-standard","has-post-thumbnail","hentry","category-nacional","category-ultima-hora","tag-aguanacional","tag-cesarduarte","tag-conagua","tag-justiciahidrica"],"yoast_head":"<!-- This site is optimized with the Yoast SEO plugin v25.0 - https:\/\/yoast.com\/wordpress\/plugins\/seo\/ -->\n<title>Gobierno de M\u00e9xico denunciar\u00e1 a C\u00e9sar Duarte por apropiaci\u00f3n de 700 mil M3 de agua ilegal en su propiedad | Nexo Informativo Santiago de Quer\u00e9taro<\/title>\n<meta name=\"description\" content=\"Gobierno de M\u00e9xico denunciar\u00e1 a C\u00e9sar Duarte por apropiaci\u00f3n de 700 mil M3 de agua ilegal en su propiedad\" \/>\n<meta name=\"robots\" content=\"index, follow, max-snippet:-1, max-image-preview:large, max-video-preview:-1\" \/>\n<link rel=\"canonical\" href=\"https:\/\/www.nexoinformativo.mx\/index.php\/2025\/05\/29\/gobierno-de-mexico-denunciara-a-cesar-duarte-por-apropiacion-de-700-mil-m3-de-agua-ilegal-en-su-propiedad\/\" \/>\n<meta property=\"og:locale\" content=\"es_MX\" \/>\n<meta property=\"og:type\" content=\"article\" \/>\n<meta property=\"og:title\" content=\"Gobierno de M\u00e9xico denunciar\u00e1 a C\u00e9sar Duarte por apropiaci\u00f3n de 700 mil M3 de agua ilegal en su propiedad | Nexo Informativo Santiago de Quer\u00e9taro\" \/>\n<meta property=\"og:description\" content=\"Gobierno de M\u00e9xico denunciar\u00e1 a C\u00e9sar Duarte por apropiaci\u00f3n de 700 mil M3 de agua ilegal en su propiedad\" \/>\n<meta property=\"og:url\" content=\"https:\/\/www.nexoinformativo.mx\/index.php\/2025\/05\/29\/gobierno-de-mexico-denunciara-a-cesar-duarte-por-apropiacion-de-700-mil-m3-de-agua-ilegal-en-su-propiedad\/\" \/>\n<meta property=\"og:site_name\" content=\"Nexo Informativo Santiago de Quer\u00e9taro\" \/>\n<meta property=\"article:publisher\" content=\"https:\/\/www.facebook.com\/people\/Nexo-Informativo\/61564066885511\/\" \/>\n<meta property=\"article:published_time\" content=\"2025-05-29T12:00:55+00:00\" \/>\n<meta property=\"article:modified_time\" content=\"2025-05-29T15:09:41+00:00\" \/>\n<meta property=\"og:image\" content=\"https:\/\/www.nexoinformativo.mx\/wp-content\/uploads\/2025\/05\/IMG_3458.jpg\" \/>\n\t<meta property=\"og:image:width\" content=\"650\" \/>\n\t<meta property=\"og:image:height\" content=\"380\" \/>\n\t<meta property=\"og:image:type\" content=\"image\/jpeg\" \/>\n<meta name=\"author\" content=\"Nexo Informativo\" \/>\n<meta name=\"twitter:card\" content=\"summary_large_image\" \/>\n<meta name=\"twitter:label1\" content=\"Escrito por\" \/>\n\t<meta name=\"twitter:data1\" content=\"Nexo Informativo\" \/>\n\t<meta name=\"twitter:label2\" content=\"Tiempo de lectura\" \/>\n\t<meta name=\"twitter:data2\" content=\"3 minutos\" \/>\n<script type=\"application\/ld+json\" class=\"yoast-schema-graph\">{\"@context\":\"https:\/\/schema.org\",\"@graph\":[{\"@type\":\"Article\",\"@id\":\"https:\/\/www.nexoinformativo.mx\/index.php\/2025\/05\/29\/gobierno-de-mexico-denunciara-a-cesar-duarte-por-apropiacion-de-700-mil-m3-de-agua-ilegal-en-su-propiedad\/#article\",\"isPartOf\":{\"@id\":\"https:\/\/www.nexoinformativo.mx\/index.php\/2025\/05\/29\/gobierno-de-mexico-denunciara-a-cesar-duarte-por-apropiacion-de-700-mil-m3-de-agua-ilegal-en-su-propiedad\/\"},\"author\":{\"name\":\"Nexo Informativo\",\"@id\":\"https:\/\/www.nexoinformativo.mx\/#\/schema\/person\/7749d380ba08c8ca00d7bc76fd907b7d\"},\"headline\":\"Gobierno de M\u00e9xico denunciar\u00e1 a C\u00e9sar Duarte por apropiaci\u00f3n de 700 mil M3 de agua ilegal en su propiedad\",\"datePublished\":\"2025-05-29T12:00:55+00:00\",\"dateModified\":\"2025-05-29T15:09:41+00:00\",\"mainEntityOfPage\":{\"@id\":\"https:\/\/www.nexoinformativo.mx\/index.php\/2025\/05\/29\/gobierno-de-mexico-denunciara-a-cesar-duarte-por-apropiacion-de-700-mil-m3-de-agua-ilegal-en-su-propiedad\/\"},\"wordCount\":491,\"commentCount\":0,\"publisher\":{\"@id\":\"https:\/\/www.nexoinformativo.mx\/#organization\"},\"image\":{\"@id\":\"https:\/\/www.nexoinformativo.mx\/index.php\/2025\/05\/29\/gobierno-de-mexico-denunciara-a-cesar-duarte-por-apropiacion-de-700-mil-m3-de-agua-ilegal-en-su-propiedad\/#primaryimage\"},\"thumbnailUrl\":\"https:\/\/www.nexoinformativo.mx\/wp-content\/uploads\/2025\/05\/IMG_3458.jpg\",\"keywords\":[\"AguaNacional\",\"CesarDuarte\",\"Conagua\",\"JusticiaH\u00eddrica\"],\"articleSection\":[\"Nacional\",\"\u00daltima Hora\"],\"inLanguage\":\"es\",\"potentialAction\":[{\"@type\":\"CommentAction\",\"name\":\"Comment\",\"target\":[\"https:\/\/www.nexoinformativo.mx\/index.php\/2025\/05\/29\/gobierno-de-mexico-denunciara-a-cesar-duarte-por-apropiacion-de-700-mil-m3-de-agua-ilegal-en-su-propiedad\/#respond\"]}]},{\"@type\":\"WebPage\",\"@id\":\"https:\/\/www.nexoinformativo.mx\/index.php\/2025\/05\/29\/gobierno-de-mexico-denunciara-a-cesar-duarte-por-apropiacion-de-700-mil-m3-de-agua-ilegal-en-su-propiedad\/\",\"url\":\"https:\/\/www.nexoinformativo.mx\/index.php\/2025\/05\/29\/gobierno-de-mexico-denunciara-a-cesar-duarte-por-apropiacion-de-700-mil-m3-de-agua-ilegal-en-su-propiedad\/\",\"name\":\"Gobierno de M\u00e9xico denunciar\u00e1 a C\u00e9sar Duarte por apropiaci\u00f3n de 700 mil M3 de agua ilegal en su propiedad | Nexo Informativo Santiago de Quer\u00e9taro\",\"isPartOf\":{\"@id\":\"https:\/\/www.nexoinformativo.mx\/#website\"},\"primaryImageOfPage\":{\"@id\":\"https:\/\/www.nexoinformativo.mx\/index.php\/2025\/05\/29\/gobierno-de-mexico-denunciara-a-cesar-duarte-por-apropiacion-de-700-mil-m3-de-agua-ilegal-en-su-propiedad\/#primaryimage\"},\"image\":{\"@id\":\"https:\/\/www.nexoinformativo.mx\/index.php\/2025\/05\/29\/gobierno-de-mexico-denunciara-a-cesar-duarte-por-apropiacion-de-700-mil-m3-de-agua-ilegal-en-su-propiedad\/#primaryimage\"},\"thumbnailUrl\":\"https:\/\/www.nexoinformativo.mx\/wp-content\/uploads\/2025\/05\/IMG_3458.jpg\",\"datePublished\":\"2025-05-29T12:00:55+00:00\",\"dateModified\":\"2025-05-29T15:09:41+00:00\",\"description\":\"Gobierno de M\u00e9xico denunciar\u00e1 a C\u00e9sar Duarte por apropiaci\u00f3n de 700 mil M3 de agua ilegal en su propiedad\",\"breadcrumb\":{\"@id\":\"https:\/\/www.nexoinformativo.mx\/index.php\/2025\/05\/29\/gobierno-de-mexico-denunciara-a-cesar-duarte-por-apropiacion-de-700-mil-m3-de-agua-ilegal-en-su-propiedad\/#breadcrumb\"},\"inLanguage\":\"es\",\"potentialAction\":[{\"@type\":\"ReadAction\",\"target\":[\"https:\/\/www.nexoinformativo.mx\/index.php\/2025\/05\/29\/gobierno-de-mexico-denunciara-a-cesar-duarte-por-apropiacion-de-700-mil-m3-de-agua-ilegal-en-su-propiedad\/\"]}]},{\"@type\":\"ImageObject\",\"inLanguage\":\"es\",\"@id\":\"https:\/\/www.nexoinformativo.mx\/index.php\/2025\/05\/29\/gobierno-de-mexico-denunciara-a-cesar-duarte-por-apropiacion-de-700-mil-m3-de-agua-ilegal-en-su-propiedad\/#primaryimage\",\"url\":\"https:\/\/www.nexoinformativo.mx\/wp-content\/uploads\/2025\/05\/IMG_3458.jpg\",\"contentUrl\":\"https:\/\/www.nexoinformativo.mx\/wp-content\/uploads\/2025\/05\/IMG_3458.jpg\",\"width\":650,\"height\":380},{\"@type\":\"BreadcrumbList\",\"@id\":\"https:\/\/www.nexoinformativo.mx\/index.php\/2025\/05\/29\/gobierno-de-mexico-denunciara-a-cesar-duarte-por-apropiacion-de-700-mil-m3-de-agua-ilegal-en-su-propiedad\/#breadcrumb\",\"itemListElement\":[{\"@type\":\"ListItem\",\"position\":1,\"name\":\"Inicio\",\"item\":\"https:\/\/www.nexoinformativo.mx\/\"},{\"@type\":\"ListItem\",\"position\":2,\"name\":\"Gobierno de M\u00e9xico denunciar\u00e1 a C\u00e9sar Duarte por apropiaci\u00f3n de 700 mil M3 de agua ilegal en su propiedad\"}]},{\"@type\":\"WebSite\",\"@id\":\"https:\/\/www.nexoinformativo.mx\/#website\",\"url\":\"https:\/\/www.nexoinformativo.mx\/\",\"name\":\"Nexo Informativo Santiago de Quer\u00e9taro\",\"description\":\"Explora NexoInformativo y convi\u00e9rtete en parte de una comunidad que valora el conocimiento y la verdad. Tu nexoinformativo es tu puente hacia una comprensi\u00f3n m\u00e1s profunda del mundo que te rodea.\",\"publisher\":{\"@id\":\"https:\/\/www.nexoinformativo.mx\/#organization\"},\"potentialAction\":[{\"@type\":\"SearchAction\",\"target\":{\"@type\":\"EntryPoint\",\"urlTemplate\":\"https:\/\/www.nexoinformativo.mx\/?s={search_term_string}\"},\"query-input\":{\"@type\":\"PropertyValueSpecification\",\"valueRequired\":true,\"valueName\":\"search_term_string\"}}],\"inLanguage\":\"es\"},{\"@type\":\"Organization\",\"@id\":\"https:\/\/www.nexoinformativo.mx\/#organization\",\"name\":\"Nexo Informativo Santiago de Quer\u00e9taro\",\"url\":\"https:\/\/www.nexoinformativo.mx\/\",\"logo\":{\"@type\":\"ImageObject\",\"inLanguage\":\"es\",\"@id\":\"https:\/\/www.nexoinformativo.mx\/#\/schema\/logo\/image\/\",\"url\":\"https:\/\/www.nexoinformativo.mx\/wp-content\/uploads\/2024\/07\/nexoi-trasparente-2.png\",\"contentUrl\":\"https:\/\/www.nexoinformativo.mx\/wp-content\/uploads\/2024\/07\/nexoi-trasparente-2.png\",\"width\":816,\"height\":339,\"caption\":\"Nexo Informativo Santiago de Quer\u00e9taro\"},\"image\":{\"@id\":\"https:\/\/www.nexoinformativo.mx\/#\/schema\/logo\/image\/\"},\"sameAs\":[\"https:\/\/www.facebook.com\/people\/Nexo-Informativo\/61564066885511\/\"]},{\"@type\":\"Person\",\"@id\":\"https:\/\/www.nexoinformativo.mx\/#\/schema\/person\/7749d380ba08c8ca00d7bc76fd907b7d\",\"name\":\"Nexo Informativo\",\"image\":{\"@type\":\"ImageObject\",\"inLanguage\":\"es\",\"@id\":\"https:\/\/www.nexoinformativo.mx\/#\/schema\/person\/image\/\",\"url\":\"https:\/\/secure.gravatar.com\/avatar\/dde2928154642a13d95f87ddf1ea9718fe2b46760a005c53e41ff5ad610704e6?s=96&d=mm&r=g\",\"contentUrl\":\"https:\/\/secure.gravatar.com\/avatar\/dde2928154642a13d95f87ddf1ea9718fe2b46760a005c53e41ff5ad610704e6?s=96&d=mm&r=g\",\"caption\":\"Nexo Informativo\"},\"url\":\"https:\/\/www.nexoinformativo.mx\/index.php\/author\/edicion\/\"}]}<\/script>\n<!-- \/ Yoast SEO plugin. -->","yoast_head_json":{"title":"Gobierno de M\u00e9xico denunciar\u00e1 a C\u00e9sar Duarte por apropiaci\u00f3n de 700 mil M3 de agua ilegal en su propiedad | Nexo Informativo Santiago de Quer\u00e9taro","description":"Gobierno de M\u00e9xico denunciar\u00e1 a C\u00e9sar Duarte por apropiaci\u00f3n de 700 mil M3 de agua ilegal en su propiedad","robots":{"index":"index","follow":"follow","max-snippet":"max-snippet:-1","max-image-preview":"max-image-preview:large","max-video-preview":"max-video-preview:-1"},"canonical":"https:\/\/www.nexoinformativo.mx\/index.php\/2025\/05\/29\/gobierno-de-mexico-denunciara-a-cesar-duarte-por-apropiacion-de-700-mil-m3-de-agua-ilegal-en-su-propiedad\/","og_locale":"es_MX","og_type":"article","og_title":"Gobierno de M\u00e9xico denunciar\u00e1 a C\u00e9sar Duarte por apropiaci\u00f3n de 700 mil M3 de agua ilegal en su propiedad | Nexo Informativo Santiago de Quer\u00e9taro","og_description":"Gobierno de M\u00e9xico denunciar\u00e1 a C\u00e9sar Duarte por apropiaci\u00f3n de 700 mil M3 de agua ilegal en su propiedad","og_url":"https:\/\/www.nexoinformativo.mx\/index.php\/2025\/05\/29\/gobierno-de-mexico-denunciara-a-cesar-duarte-por-apropiacion-de-700-mil-m3-de-agua-ilegal-en-su-propiedad\/","og_site_name":"Nexo Informativo Santiago de Quer\u00e9taro","article_publisher":"https:\/\/www.facebook.com\/people\/Nexo-Informativo\/61564066885511\/","article_published_time":"2025-05-29T12:00:55+00:00","article_modified_time":"2025-05-29T15:09:41+00:00","og_image":[{"width":650,"height":380,"url":"https:\/\/www.nexoinformativo.mx\/wp-content\/uploads\/2025\/05\/IMG_3458.jpg","type":"image\/jpeg"}],"author":"Nexo Informativo","twitter_card":"summary_large_image","twitter_misc":{"Escrito por":"Nexo Informativo","Tiempo de lectura":"3 minutos"},"schema":{"@context":"https:\/\/schema.org","@graph":[{"@type":"Article","@id":"https:\/\/www.nexoinformativo.mx\/index.php\/2025\/05\/29\/gobierno-de-mexico-denunciara-a-cesar-duarte-por-apropiacion-de-700-mil-m3-de-agua-ilegal-en-su-propiedad\/#article","isPartOf":{"@id":"https:\/\/www.nexoinformativo.mx\/index.php\/2025\/05\/29\/gobierno-de-mexico-denunciara-a-cesar-duarte-por-apropiacion-de-700-mil-m3-de-agua-ilegal-en-su-propiedad\/"},"author":{"name":"Nexo Informativo","@id":"https:\/\/www.nexoinformativo.mx\/#\/schema\/person\/7749d380ba08c8ca00d7bc76fd907b7d"},"headline":"Gobierno de M\u00e9xico denunciar\u00e1 a C\u00e9sar Duarte por apropiaci\u00f3n de 700 mil M3 de agua ilegal en su propiedad","datePublished":"2025-05-29T12:00:55+00:00","dateModified":"2025-05-29T15:09:41+00:00","mainEntityOfPage":{"@id":"https:\/\/www.nexoinformativo.mx\/index.php\/2025\/05\/29\/gobierno-de-mexico-denunciara-a-cesar-duarte-por-apropiacion-de-700-mil-m3-de-agua-ilegal-en-su-propiedad\/"},"wordCount":491,"commentCount":0,"publisher":{"@id":"https:\/\/www.nexoinformativo.mx\/#organization"},"image":{"@id":"https:\/\/www.nexoinformativo.mx\/index.php\/2025\/05\/29\/gobierno-de-mexico-denunciara-a-cesar-duarte-por-apropiacion-de-700-mil-m3-de-agua-ilegal-en-su-propiedad\/#primaryimage"},"thumbnailUrl":"https:\/\/www.nexoinformativo.mx\/wp-content\/uploads\/2025\/05\/IMG_3458.jpg","keywords":["AguaNacional","CesarDuarte","Conagua","JusticiaH\u00eddrica"],"articleSection":["Nacional","\u00daltima Hora"],"inLanguage":"es","potentialAction":[{"@type":"CommentAction","name":"Comment","target":["https:\/\/www.nexoinformativo.mx\/index.php\/2025\/05\/29\/gobierno-de-mexico-denunciara-a-cesar-duarte-por-apropiacion-de-700-mil-m3-de-agua-ilegal-en-su-propiedad\/#respond"]}]},{"@type":"WebPage","@id":"https:\/\/www.nexoinformativo.mx\/index.php\/2025\/05\/29\/gobierno-de-mexico-denunciara-a-cesar-duarte-por-apropiacion-de-700-mil-m3-de-agua-ilegal-en-su-propiedad\/","url":"https:\/\/www.nexoinformativo.mx\/index.php\/2025\/05\/29\/gobierno-de-mexico-denunciara-a-cesar-duarte-por-apropiacion-de-700-mil-m3-de-agua-ilegal-en-su-propiedad\/","name":"Gobierno de M\u00e9xico denunciar\u00e1 a C\u00e9sar Duarte por apropiaci\u00f3n de 700 mil M3 de agua ilegal en su propiedad | Nexo Informativo Santiago de Quer\u00e9taro","isPartOf":{"@id":"https:\/\/www.nexoinformativo.mx\/#website"},"primaryImageOfPage":{"@id":"https:\/\/www.nexoinformativo.mx\/index.php\/2025\/05\/29\/gobierno-de-mexico-denunciara-a-cesar-duarte-por-apropiacion-de-700-mil-m3-de-agua-ilegal-en-su-propiedad\/#primaryimage"},"image":{"@id":"https:\/\/www.nexoinformativo.mx\/index.php\/2025\/05\/29\/gobierno-de-mexico-denunciara-a-cesar-duarte-por-apropiacion-de-700-mil-m3-de-agua-ilegal-en-su-propiedad\/#primaryimage"},"thumbnailUrl":"https:\/\/www.nexoinformativo.mx\/wp-content\/uploads\/2025\/05\/IMG_3458.jpg","datePublished":"2025-05-29T12:00:55+00:00","dateModified":"2025-05-29T15:09:41+00:00","description":"Gobierno de M\u00e9xico denunciar\u00e1 a C\u00e9sar Duarte por apropiaci\u00f3n de 700 mil M3 de agua ilegal en su propiedad","breadcrumb":{"@id":"https:\/\/www.nexoinformativo.mx\/index.php\/2025\/05\/29\/gobierno-de-mexico-denunciara-a-cesar-duarte-por-apropiacion-de-700-mil-m3-de-agua-ilegal-en-su-propiedad\/#breadcrumb"},"inLanguage":"es","potentialAction":[{"@type":"ReadAction","target":["https:\/\/www.nexoinformativo.mx\/index.php\/2025\/05\/29\/gobierno-de-mexico-denunciara-a-cesar-duarte-por-apropiacion-de-700-mil-m3-de-agua-ilegal-en-su-propiedad\/"]}]},{"@type":"ImageObject","inLanguage":"es","@id":"https:\/\/www.nexoinformativo.mx\/index.php\/2025\/05\/29\/gobierno-de-mexico-denunciara-a-cesar-duarte-por-apropiacion-de-700-mil-m3-de-agua-ilegal-en-su-propiedad\/#primaryimage","url":"https:\/\/www.nexoinformativo.mx\/wp-content\/uploads\/2025\/05\/IMG_3458.jpg","contentUrl":"https:\/\/www.nexoinformativo.mx\/wp-content\/uploads\/2025\/05\/IMG_3458.jpg","width":650,"height":380},{"@type":"BreadcrumbList","@id":"https:\/\/www.nexoinformativo.mx\/index.php\/2025\/05\/29\/gobierno-de-mexico-denunciara-a-cesar-duarte-por-apropiacion-de-700-mil-m3-de-agua-ilegal-en-su-propiedad\/#breadcrumb","itemListElement":[{"@type":"ListItem","position":1,"name":"Inicio","item":"https:\/\/www.nexoinformativo.mx\/"},{"@type":"ListItem","position":2,"name":"Gobierno de M\u00e9xico denunciar\u00e1 a C\u00e9sar Duarte por apropiaci\u00f3n de 700 mil M3 de agua ilegal en su propiedad"}]},{"@type":"WebSite","@id":"https:\/\/www.nexoinformativo.mx\/#website","url":"https:\/\/www.nexoinformativo.mx\/","name":"Nexo Informativo Santiago de Quer\u00e9taro","description":"Explora NexoInformativo y convi\u00e9rtete en parte de una comunidad que valora el conocimiento y la verdad. Tu nexoinformativo es tu puente hacia una comprensi\u00f3n m\u00e1s profunda del mundo que te rodea.","publisher":{"@id":"https:\/\/www.nexoinformativo.mx\/#organization"},"potentialAction":[{"@type":"SearchAction","target":{"@type":"EntryPoint","urlTemplate":"https:\/\/www.nexoinformativo.mx\/?s={search_term_string}"},"query-input":{"@type":"PropertyValueSpecification","valueRequired":true,"valueName":"search_term_string"}}],"inLanguage":"es"},{"@type":"Organization","@id":"https:\/\/www.nexoinformativo.mx\/#organization","name":"Nexo Informativo Santiago de Quer\u00e9taro","url":"https:\/\/www.nexoinformativo.mx\/","logo":{"@type":"ImageObject","inLanguage":"es","@id":"https:\/\/www.nexoinformativo.mx\/#\/schema\/logo\/image\/","url":"https:\/\/www.nexoinformativo.mx\/wp-content\/uploads\/2024\/07\/nexoi-trasparente-2.png","contentUrl":"https:\/\/www.nexoinformativo.mx\/wp-content\/uploads\/2024\/07\/nexoi-trasparente-2.png","width":816,"height":339,"caption":"Nexo Informativo Santiago de Quer\u00e9taro"},"image":{"@id":"https:\/\/www.nexoinformativo.mx\/#\/schema\/logo\/image\/"},"sameAs":["https:\/\/www.facebook.com\/people\/Nexo-Informativo\/61564066885511\/"]},{"@type":"Person","@id":"https:\/\/www.nexoinformativo.mx\/#\/schema\/person\/7749d380ba08c8ca00d7bc76fd907b7d","name":"Nexo Informativo","image":{"@type":"ImageObject","inLanguage":"es","@id":"https:\/\/www.nexoinformativo.mx\/#\/schema\/person\/image\/","url":"https:\/\/secure.gravatar.com\/avatar\/dde2928154642a13d95f87ddf1ea9718fe2b46760a005c53e41ff5ad610704e6?s=96&d=mm&r=g","contentUrl":"https:\/\/secure.gravatar.com\/avatar\/dde2928154642a13d95f87ddf1ea9718fe2b46760a005c53e41ff5ad610704e6?s=96&d=mm&r=g","caption":"Nexo Informativo"},"url":"https:\/\/www.nexoinformativo.mx\/index.php\/author\/edicion\/"}]}},"_links":{"self":[{"href":"https:\/\/www.nexoinformativo.mx\/index.php\/wp-json\/wp\/v2\/posts\/15394","targetHints":{"allow":["GET"]}}],"collection":[{"href":"https:\/\/www.nexoinformativo.mx\/index.php\/wp-json\/wp\/v2\/posts"}],"about":[{"href":"https:\/\/www.nexoinformativo.mx\/index.php\/wp-json\/wp\/v2\/types\/post"}],"author":[{"embeddable":true,"href":"https:\/\/www.nexoinformativo.mx\/index.php\/wp-json\/wp\/v2\/users\/3"}],"replies":[{"embeddable":true,"href":"https:\/\/www.nexoinformativo.mx\/index.php\/wp-json\/wp\/v2\/comments?post=15394"}],"version-history":[{"count":3,"href":"https:\/\/www.nexoinformativo.mx\/index.php\/wp-json\/wp\/v2\/posts\/15394\/revisions"}],"predecessor-version":[{"id":15398,"href":"https:\/\/www.nexoinformativo.mx\/index.php\/wp-json\/wp\/v2\/posts\/15394\/revisions\/15398"}],"wp:featuredmedia":[{"embeddable":true,"href":"https:\/\/www.nexoinformativo.mx\/index.php\/wp-json\/wp\/v2\/media\/15395"}],"wp:attachment":[{"href":"https:\/\/www.nexoinformativo.mx\/index.php\/wp-json\/wp\/v2\/media?parent=15394"}],"wp:term":[{"taxonomy":"category","embeddable":true,"href":"https:\/\/www.nexoinformativo.mx\/index.php\/wp-json\/wp\/v2\/categories?post=15394"},{"taxonomy":"post_tag","embeddable":true,"href":"https:\/\/www.nexoinformativo.mx\/index.php\/wp-json\/wp\/v2\/tags?post=15394"}],"curies":[{"name":"wp","href":"https:\/\/api.w.org\/{rel}","templated":true}]}}