{"id":15399,"date":"2025-05-29T06:30:53","date_gmt":"2025-05-29T12:30:53","guid":{"rendered":"https:\/\/www.nexoinformativo.mx\/?p=15399"},"modified":"2025-05-29T09:15:19","modified_gmt":"2025-05-29T15:15:19","slug":"escuelas-mas-seguras-maestros-se-capacitaran-con-nuevos-lineamientos-para-erradicar-la-violencia-sexual-en-aulas","status":"publish","type":"post","link":"https:\/\/www.nexoinformativo.mx\/index.php\/2025\/05\/29\/escuelas-mas-seguras-maestros-se-capacitaran-con-nuevos-lineamientos-para-erradicar-la-violencia-sexual-en-aulas\/","title":{"rendered":"Escuelas mas seguras maestros se capacitar\u00e1n con nuevos lineamientos para erradicar la violencia sexual en aulas"},"content":{"rendered":"<p style=\"text-align: justify;\" data-sourcepos=\"5:1-5:435\">Las secretar\u00edas de las Mujeres y de Educaci\u00f3n P\u00fablica (SEP) han presentado los <strong>&#8220;Lineamientos para la Prevenci\u00f3n Primaria, Atenci\u00f3n y Medidas de no Repetici\u00f3n para la Erradicaci\u00f3n de la Violencia Sexual en Educaci\u00f3n B\u00e1sica<\/strong>&#8220;. El objetivo es claro: garantizar entornos escolares seguros para ni\u00f1as, ni\u00f1os y adolescentes en todo el pa\u00eds.<\/p>\n<\/p>\n<p>&nbsp;<\/p>\n<p style=\"text-align: justify;\" data-sourcepos=\"7:1-7:332\">Estos lineamientos, coordinados con instituciones clave como el Sistema Nacional de Protecci\u00f3n Integral de Ni\u00f1as, Ni\u00f1os y Adolescentes (SIPINNA) y el Sistema DIF, son una acci\u00f3n prioritaria ante una problem\u00e1tica que &#8220;marca para siempre a los ni\u00f1os y las ni\u00f1as&#8221;, afirm\u00f3 el secretario de Educaci\u00f3n P\u00fablica, Mario Delgado.<\/p>\n<\/p>\n<p>&nbsp;<\/p>\n<p style=\"text-align: justify;\" data-sourcepos=\"9:1-9:90\">Delgado \u00a0explic\u00f3 que el marco de acci\u00f3n se basa en tres pilares fundamentales:<\/p>\n<\/p>\n<p>&nbsp;<\/p>\n<ol style=\"text-align: justify;\" data-sourcepos=\"10:1-13:0\">\n<li data-sourcepos=\"10:1-10:73\">Prevenci\u00f3n Primaria: Con acciones formativas en educaci\u00f3n sexual.<\/li>\n<li data-sourcepos=\"11:1-11:188\">Atenci\u00f3n Integral: Estableciendo protocolos claros para la detecci\u00f3n, intervenci\u00f3n, notificaci\u00f3n, canalizaci\u00f3n y seguimiento de casos, incluyendo apoyo m\u00e9dico, psicol\u00f3gico y legal.<\/li>\n<li data-sourcepos=\"12:1-13:0\">Medidas de No Repetici\u00f3n: Con estrategias estructurales para erradicar las causas de la violencia.<\/li>\n<\/ol>\n<p>&nbsp;<\/p>\n<p style=\"text-align: justify;\" data-sourcepos=\"14:1-14:388\">&#8220;Estos lineamientos no solo son un conjunto de normas, son un pacto social que involucra a autoridades, maestras, maestros, familias y la comunidad educativa en general&#8221;, destac\u00f3 el titular de la SEP.<\/p>\n<\/p>\n<p>&nbsp;<\/p>\n<p style=\"text-align: justify;\" data-sourcepos=\"14:1-14:388\">Anunci\u00f3 que este viernes, durante la sesi\u00f3n del Consejo T\u00e9cnico Escolar (CTE), docentes de todo el pa\u00eds conocer\u00e1n y analizar\u00e1n el contenido para fortalecer su aplicaci\u00f3n en los planteles.<\/p>\n<\/p>\n<p>&nbsp;<\/p>\n<p style=\"text-align: justify;\" data-sourcepos=\"20:1-20:667\">La implementaci\u00f3n efectiva de estos lineamientos requiere el compromiso activo de toda la comunidad educativa: directivos, personal docente, madres, padres y estudiantes deben asumir un rol corresponsable para generar espacios donde prevalezcan la dignidad, el respeto y la protecci\u00f3n de los derechos de la infancia.<\/p>\n<\/p>\n<p>&nbsp;<\/p>\n<p style=\"text-align: justify;\" data-sourcepos=\"22:1-22:332\">La secretaria de las Mujeres, Citlalli Hern\u00e1ndez, se\u00f1al\u00f3 que estos lineamientos son resultado de un esfuerzo interinstitucional para asegurar que las escuelas sean espacios seguros. Insisti\u00f3 en que, como Estado mexicano, es crucial adoptar acciones cada vez m\u00e1s contundentes para prevenir y atender las violencias a tiempo.<\/p>\n<\/p>\n<p>&nbsp;<\/p>\n<p style=\"text-align: justify;\" data-sourcepos=\"24:1-24:633\">Fabiola Mar\u00eda Salas, procuradora federal de Protecci\u00f3n de Ni\u00f1as, Ni\u00f1os y Adolescentes, destac\u00f3 que con los nuevos lineamientos, las autoridades educativas ser\u00e1n responsables de notificar a las procuradur\u00edas estatales en caso de vulneraci\u00f3n de derechos, garantizando una representaci\u00f3n especializada en cada caso.<\/p>\n<\/p>\n<p>&nbsp;<\/p>\n<p style=\"text-align: center;\" data-sourcepos=\"24:1-24:633\"><em><strong>\u00a1Informaci\u00f3n que transforma!<\/strong><\/em><\/p>\n","protected":false},"excerpt":{"rendered":"<p>Las secretar\u00edas de las Mujeres y de Educaci\u00f3n P\u00fablica (SEP) han presentado los &#8220;Lineamientos para la Prevenci\u00f3n Primaria, Atenci\u00f3n y Medidas de no Repetici\u00f3n para la Erradicaci\u00f3n de la Violencia Sexual en Educaci\u00f3n B\u00e1sica&#8221;. El objetivo es claro: garantizar entornos escolares seguros para ni\u00f1as, ni\u00f1os y adolescentes en todo el pa\u00eds.<\/p>\n","protected":false},"author":3,"featured_media":15400,"comment_status":"open","ping_status":"open","sticky":false,"template":"","format":"standard","meta":{"footnotes":""},"categories":[88,58],"tags":[4629,3453,1716,4630],"class_list":["post-15399","post","type-post","status-publish","format-standard","has-post-thumbnail","hentry","category-nacional","category-ultima-hora","tag-ceroviolenciasexual","tag-escuelasseguras","tag-proteccioninfantil","tag-sepconlasninasninos"],"yoast_head":"<!-- This site is optimized with the Yoast SEO plugin v25.0 - https:\/\/yoast.com\/wordpress\/plugins\/seo\/ -->\n<title>Escuelas mas seguras maestros se capacitar\u00e1n con nuevos lineamientos para erradicar la violencia sexual en aulas | Nexo Informativo Santiago de Quer\u00e9taro<\/title>\n<meta name=\"description\" content=\"Escuelas mas seguras maestros se capacitar\u00e1n con nuevos lineamientos para erradicar la violencia sexual en aulas\" \/>\n<meta name=\"robots\" content=\"index, follow, max-snippet:-1, max-image-preview:large, max-video-preview:-1\" \/>\n<link rel=\"canonical\" href=\"https:\/\/www.nexoinformativo.mx\/index.php\/2025\/05\/29\/escuelas-mas-seguras-maestros-se-capacitaran-con-nuevos-lineamientos-para-erradicar-la-violencia-sexual-en-aulas\/\" \/>\n<meta property=\"og:locale\" content=\"es_MX\" \/>\n<meta property=\"og:type\" content=\"article\" \/>\n<meta property=\"og:title\" content=\"Escuelas mas seguras maestros se capacitar\u00e1n con nuevos lineamientos para erradicar la violencia sexual en aulas | Nexo Informativo Santiago de Quer\u00e9taro\" \/>\n<meta property=\"og:description\" content=\"Escuelas mas seguras maestros se capacitar\u00e1n con nuevos lineamientos para erradicar la violencia sexual en aulas\" \/>\n<meta property=\"og:url\" content=\"https:\/\/www.nexoinformativo.mx\/index.php\/2025\/05\/29\/escuelas-mas-seguras-maestros-se-capacitaran-con-nuevos-lineamientos-para-erradicar-la-violencia-sexual-en-aulas\/\" \/>\n<meta property=\"og:site_name\" content=\"Nexo Informativo Santiago de Quer\u00e9taro\" \/>\n<meta property=\"article:publisher\" content=\"https:\/\/www.facebook.com\/people\/Nexo-Informativo\/61564066885511\/\" \/>\n<meta property=\"article:published_time\" content=\"2025-05-29T12:30:53+00:00\" \/>\n<meta property=\"article:modified_time\" content=\"2025-05-29T15:15:19+00:00\" \/>\n<meta property=\"og:image\" content=\"https:\/\/www.nexoinformativo.mx\/wp-content\/uploads\/2025\/05\/IMG_3459-e1748531666979.jpg\" \/>\n\t<meta property=\"og:image:width\" content=\"800\" \/>\n\t<meta property=\"og:image:height\" content=\"534\" \/>\n\t<meta property=\"og:image:type\" content=\"image\/jpeg\" \/>\n<meta name=\"author\" content=\"Nexo Informativo\" \/>\n<meta name=\"twitter:card\" content=\"summary_large_image\" \/>\n<meta name=\"twitter:label1\" content=\"Escrito por\" \/>\n\t<meta name=\"twitter:data1\" content=\"Nexo Informativo\" \/>\n\t<meta name=\"twitter:label2\" content=\"Tiempo de lectura\" \/>\n\t<meta name=\"twitter:data2\" content=\"2 minutos\" \/>\n<script type=\"application\/ld+json\" class=\"yoast-schema-graph\">{\"@context\":\"https:\/\/schema.org\",\"@graph\":[{\"@type\":\"Article\",\"@id\":\"https:\/\/www.nexoinformativo.mx\/index.php\/2025\/05\/29\/escuelas-mas-seguras-maestros-se-capacitaran-con-nuevos-lineamientos-para-erradicar-la-violencia-sexual-en-aulas\/#article\",\"isPartOf\":{\"@id\":\"https:\/\/www.nexoinformativo.mx\/index.php\/2025\/05\/29\/escuelas-mas-seguras-maestros-se-capacitaran-con-nuevos-lineamientos-para-erradicar-la-violencia-sexual-en-aulas\/\"},\"author\":{\"name\":\"Nexo Informativo\",\"@id\":\"https:\/\/www.nexoinformativo.mx\/#\/schema\/person\/7749d380ba08c8ca00d7bc76fd907b7d\"},\"headline\":\"Escuelas mas seguras maestros se capacitar\u00e1n con nuevos lineamientos para erradicar la violencia sexual en aulas\",\"datePublished\":\"2025-05-29T12:30:53+00:00\",\"dateModified\":\"2025-05-29T15:15:19+00:00\",\"mainEntityOfPage\":{\"@id\":\"https:\/\/www.nexoinformativo.mx\/index.php\/2025\/05\/29\/escuelas-mas-seguras-maestros-se-capacitaran-con-nuevos-lineamientos-para-erradicar-la-violencia-sexual-en-aulas\/\"},\"wordCount\":431,\"commentCount\":0,\"publisher\":{\"@id\":\"https:\/\/www.nexoinformativo.mx\/#organization\"},\"image\":{\"@id\":\"https:\/\/www.nexoinformativo.mx\/index.php\/2025\/05\/29\/escuelas-mas-seguras-maestros-se-capacitaran-con-nuevos-lineamientos-para-erradicar-la-violencia-sexual-en-aulas\/#primaryimage\"},\"thumbnailUrl\":\"https:\/\/www.nexoinformativo.mx\/wp-content\/uploads\/2025\/05\/IMG_3459-e1748531666979.jpg\",\"keywords\":[\"CeroViolenciaSexual\",\"EscuelasSeguras\",\"Protecci\u00f3nInfantil\",\"SEPConLasNi\u00f1asNi\u00f1os\"],\"articleSection\":[\"Nacional\",\"\u00daltima Hora\"],\"inLanguage\":\"es\",\"potentialAction\":[{\"@type\":\"CommentAction\",\"name\":\"Comment\",\"target\":[\"https:\/\/www.nexoinformativo.mx\/index.php\/2025\/05\/29\/escuelas-mas-seguras-maestros-se-capacitaran-con-nuevos-lineamientos-para-erradicar-la-violencia-sexual-en-aulas\/#respond\"]}]},{\"@type\":\"WebPage\",\"@id\":\"https:\/\/www.nexoinformativo.mx\/index.php\/2025\/05\/29\/escuelas-mas-seguras-maestros-se-capacitaran-con-nuevos-lineamientos-para-erradicar-la-violencia-sexual-en-aulas\/\",\"url\":\"https:\/\/www.nexoinformativo.mx\/index.php\/2025\/05\/29\/escuelas-mas-seguras-maestros-se-capacitaran-con-nuevos-lineamientos-para-erradicar-la-violencia-sexual-en-aulas\/\",\"name\":\"Escuelas mas seguras maestros se capacitar\u00e1n con nuevos lineamientos para erradicar la violencia sexual en aulas | Nexo Informativo Santiago de Quer\u00e9taro\",\"isPartOf\":{\"@id\":\"https:\/\/www.nexoinformativo.mx\/#website\"},\"primaryImageOfPage\":{\"@id\":\"https:\/\/www.nexoinformativo.mx\/index.php\/2025\/05\/29\/escuelas-mas-seguras-maestros-se-capacitaran-con-nuevos-lineamientos-para-erradicar-la-violencia-sexual-en-aulas\/#primaryimage\"},\"image\":{\"@id\":\"https:\/\/www.nexoinformativo.mx\/index.php\/2025\/05\/29\/escuelas-mas-seguras-maestros-se-capacitaran-con-nuevos-lineamientos-para-erradicar-la-violencia-sexual-en-aulas\/#primaryimage\"},\"thumbnailUrl\":\"https:\/\/www.nexoinformativo.mx\/wp-content\/uploads\/2025\/05\/IMG_3459-e1748531666979.jpg\",\"datePublished\":\"2025-05-29T12:30:53+00:00\",\"dateModified\":\"2025-05-29T15:15:19+00:00\",\"description\":\"Escuelas mas seguras maestros se capacitar\u00e1n con nuevos lineamientos para erradicar la violencia sexual en aulas\",\"breadcrumb\":{\"@id\":\"https:\/\/www.nexoinformativo.mx\/index.php\/2025\/05\/29\/escuelas-mas-seguras-maestros-se-capacitaran-con-nuevos-lineamientos-para-erradicar-la-violencia-sexual-en-aulas\/#breadcrumb\"},\"inLanguage\":\"es\",\"potentialAction\":[{\"@type\":\"ReadAction\",\"target\":[\"https:\/\/www.nexoinformativo.mx\/index.php\/2025\/05\/29\/escuelas-mas-seguras-maestros-se-capacitaran-con-nuevos-lineamientos-para-erradicar-la-violencia-sexual-en-aulas\/\"]}]},{\"@type\":\"ImageObject\",\"inLanguage\":\"es\",\"@id\":\"https:\/\/www.nexoinformativo.mx\/index.php\/2025\/05\/29\/escuelas-mas-seguras-maestros-se-capacitaran-con-nuevos-lineamientos-para-erradicar-la-violencia-sexual-en-aulas\/#primaryimage\",\"url\":\"https:\/\/www.nexoinformativo.mx\/wp-content\/uploads\/2025\/05\/IMG_3459-e1748531666979.jpg\",\"contentUrl\":\"https:\/\/www.nexoinformativo.mx\/wp-content\/uploads\/2025\/05\/IMG_3459-e1748531666979.jpg\",\"width\":800,\"height\":534},{\"@type\":\"BreadcrumbList\",\"@id\":\"https:\/\/www.nexoinformativo.mx\/index.php\/2025\/05\/29\/escuelas-mas-seguras-maestros-se-capacitaran-con-nuevos-lineamientos-para-erradicar-la-violencia-sexual-en-aulas\/#breadcrumb\",\"itemListElement\":[{\"@type\":\"ListItem\",\"position\":1,\"name\":\"Inicio\",\"item\":\"https:\/\/www.nexoinformativo.mx\/\"},{\"@type\":\"ListItem\",\"position\":2,\"name\":\"Escuelas mas seguras maestros se capacitar\u00e1n con nuevos lineamientos para erradicar la violencia sexual en aulas\"}]},{\"@type\":\"WebSite\",\"@id\":\"https:\/\/www.nexoinformativo.mx\/#website\",\"url\":\"https:\/\/www.nexoinformativo.mx\/\",\"name\":\"Nexo Informativo Santiago de Quer\u00e9taro\",\"description\":\"Explora NexoInformativo y convi\u00e9rtete en parte de una comunidad que valora el conocimiento y la verdad. Tu nexoinformativo es tu puente hacia una comprensi\u00f3n m\u00e1s profunda del mundo que te rodea.\",\"publisher\":{\"@id\":\"https:\/\/www.nexoinformativo.mx\/#organization\"},\"potentialAction\":[{\"@type\":\"SearchAction\",\"target\":{\"@type\":\"EntryPoint\",\"urlTemplate\":\"https:\/\/www.nexoinformativo.mx\/?s={search_term_string}\"},\"query-input\":{\"@type\":\"PropertyValueSpecification\",\"valueRequired\":true,\"valueName\":\"search_term_string\"}}],\"inLanguage\":\"es\"},{\"@type\":\"Organization\",\"@id\":\"https:\/\/www.nexoinformativo.mx\/#organization\",\"name\":\"Nexo Informativo Santiago de Quer\u00e9taro\",\"url\":\"https:\/\/www.nexoinformativo.mx\/\",\"logo\":{\"@type\":\"ImageObject\",\"inLanguage\":\"es\",\"@id\":\"https:\/\/www.nexoinformativo.mx\/#\/schema\/logo\/image\/\",\"url\":\"https:\/\/www.nexoinformativo.mx\/wp-content\/uploads\/2024\/07\/nexoi-trasparente-2.png\",\"contentUrl\":\"https:\/\/www.nexoinformativo.mx\/wp-content\/uploads\/2024\/07\/nexoi-trasparente-2.png\",\"width\":816,\"height\":339,\"caption\":\"Nexo Informativo Santiago de Quer\u00e9taro\"},\"image\":{\"@id\":\"https:\/\/www.nexoinformativo.mx\/#\/schema\/logo\/image\/\"},\"sameAs\":[\"https:\/\/www.facebook.com\/people\/Nexo-Informativo\/61564066885511\/\"]},{\"@type\":\"Person\",\"@id\":\"https:\/\/www.nexoinformativo.mx\/#\/schema\/person\/7749d380ba08c8ca00d7bc76fd907b7d\",\"name\":\"Nexo Informativo\",\"image\":{\"@type\":\"ImageObject\",\"inLanguage\":\"es\",\"@id\":\"https:\/\/www.nexoinformativo.mx\/#\/schema\/person\/image\/\",\"url\":\"https:\/\/secure.gravatar.com\/avatar\/dde2928154642a13d95f87ddf1ea9718fe2b46760a005c53e41ff5ad610704e6?s=96&d=mm&r=g\",\"contentUrl\":\"https:\/\/secure.gravatar.com\/avatar\/dde2928154642a13d95f87ddf1ea9718fe2b46760a005c53e41ff5ad610704e6?s=96&d=mm&r=g\",\"caption\":\"Nexo Informativo\"},\"url\":\"https:\/\/www.nexoinformativo.mx\/index.php\/author\/edicion\/\"}]}<\/script>\n<!-- \/ Yoast SEO plugin. -->","yoast_head_json":{"title":"Escuelas mas seguras maestros se capacitar\u00e1n con nuevos lineamientos para erradicar la violencia sexual en aulas | Nexo Informativo Santiago de Quer\u00e9taro","description":"Escuelas mas seguras maestros se capacitar\u00e1n con nuevos lineamientos para erradicar la violencia sexual en aulas","robots":{"index":"index","follow":"follow","max-snippet":"max-snippet:-1","max-image-preview":"max-image-preview:large","max-video-preview":"max-video-preview:-1"},"canonical":"https:\/\/www.nexoinformativo.mx\/index.php\/2025\/05\/29\/escuelas-mas-seguras-maestros-se-capacitaran-con-nuevos-lineamientos-para-erradicar-la-violencia-sexual-en-aulas\/","og_locale":"es_MX","og_type":"article","og_title":"Escuelas mas seguras maestros se capacitar\u00e1n con nuevos lineamientos para erradicar la violencia sexual en aulas | Nexo Informativo Santiago de Quer\u00e9taro","og_description":"Escuelas mas seguras maestros se capacitar\u00e1n con nuevos lineamientos para erradicar la violencia sexual en aulas","og_url":"https:\/\/www.nexoinformativo.mx\/index.php\/2025\/05\/29\/escuelas-mas-seguras-maestros-se-capacitaran-con-nuevos-lineamientos-para-erradicar-la-violencia-sexual-en-aulas\/","og_site_name":"Nexo Informativo Santiago de Quer\u00e9taro","article_publisher":"https:\/\/www.facebook.com\/people\/Nexo-Informativo\/61564066885511\/","article_published_time":"2025-05-29T12:30:53+00:00","article_modified_time":"2025-05-29T15:15:19+00:00","og_image":[{"width":800,"height":534,"url":"https:\/\/www.nexoinformativo.mx\/wp-content\/uploads\/2025\/05\/IMG_3459-e1748531666979.jpg","type":"image\/jpeg"}],"author":"Nexo Informativo","twitter_card":"summary_large_image","twitter_misc":{"Escrito por":"Nexo Informativo","Tiempo de lectura":"2 minutos"},"schema":{"@context":"https:\/\/schema.org","@graph":[{"@type":"Article","@id":"https:\/\/www.nexoinformativo.mx\/index.php\/2025\/05\/29\/escuelas-mas-seguras-maestros-se-capacitaran-con-nuevos-lineamientos-para-erradicar-la-violencia-sexual-en-aulas\/#article","isPartOf":{"@id":"https:\/\/www.nexoinformativo.mx\/index.php\/2025\/05\/29\/escuelas-mas-seguras-maestros-se-capacitaran-con-nuevos-lineamientos-para-erradicar-la-violencia-sexual-en-aulas\/"},"author":{"name":"Nexo Informativo","@id":"https:\/\/www.nexoinformativo.mx\/#\/schema\/person\/7749d380ba08c8ca00d7bc76fd907b7d"},"headline":"Escuelas mas seguras maestros se capacitar\u00e1n con nuevos lineamientos para erradicar la violencia sexual en aulas","datePublished":"2025-05-29T12:30:53+00:00","dateModified":"2025-05-29T15:15:19+00:00","mainEntityOfPage":{"@id":"https:\/\/www.nexoinformativo.mx\/index.php\/2025\/05\/29\/escuelas-mas-seguras-maestros-se-capacitaran-con-nuevos-lineamientos-para-erradicar-la-violencia-sexual-en-aulas\/"},"wordCount":431,"commentCount":0,"publisher":{"@id":"https:\/\/www.nexoinformativo.mx\/#organization"},"image":{"@id":"https:\/\/www.nexoinformativo.mx\/index.php\/2025\/05\/29\/escuelas-mas-seguras-maestros-se-capacitaran-con-nuevos-lineamientos-para-erradicar-la-violencia-sexual-en-aulas\/#primaryimage"},"thumbnailUrl":"https:\/\/www.nexoinformativo.mx\/wp-content\/uploads\/2025\/05\/IMG_3459-e1748531666979.jpg","keywords":["CeroViolenciaSexual","EscuelasSeguras","Protecci\u00f3nInfantil","SEPConLasNi\u00f1asNi\u00f1os"],"articleSection":["Nacional","\u00daltima Hora"],"inLanguage":"es","potentialAction":[{"@type":"CommentAction","name":"Comment","target":["https:\/\/www.nexoinformativo.mx\/index.php\/2025\/05\/29\/escuelas-mas-seguras-maestros-se-capacitaran-con-nuevos-lineamientos-para-erradicar-la-violencia-sexual-en-aulas\/#respond"]}]},{"@type":"WebPage","@id":"https:\/\/www.nexoinformativo.mx\/index.php\/2025\/05\/29\/escuelas-mas-seguras-maestros-se-capacitaran-con-nuevos-lineamientos-para-erradicar-la-violencia-sexual-en-aulas\/","url":"https:\/\/www.nexoinformativo.mx\/index.php\/2025\/05\/29\/escuelas-mas-seguras-maestros-se-capacitaran-con-nuevos-lineamientos-para-erradicar-la-violencia-sexual-en-aulas\/","name":"Escuelas mas seguras maestros se capacitar\u00e1n con nuevos lineamientos para erradicar la violencia sexual en aulas | Nexo Informativo Santiago de Quer\u00e9taro","isPartOf":{"@id":"https:\/\/www.nexoinformativo.mx\/#website"},"primaryImageOfPage":{"@id":"https:\/\/www.nexoinformativo.mx\/index.php\/2025\/05\/29\/escuelas-mas-seguras-maestros-se-capacitaran-con-nuevos-lineamientos-para-erradicar-la-violencia-sexual-en-aulas\/#primaryimage"},"image":{"@id":"https:\/\/www.nexoinformativo.mx\/index.php\/2025\/05\/29\/escuelas-mas-seguras-maestros-se-capacitaran-con-nuevos-lineamientos-para-erradicar-la-violencia-sexual-en-aulas\/#primaryimage"},"thumbnailUrl":"https:\/\/www.nexoinformativo.mx\/wp-content\/uploads\/2025\/05\/IMG_3459-e1748531666979.jpg","datePublished":"2025-05-29T12:30:53+00:00","dateModified":"2025-05-29T15:15:19+00:00","description":"Escuelas mas seguras maestros se capacitar\u00e1n con nuevos lineamientos para erradicar la violencia sexual en aulas","breadcrumb":{"@id":"https:\/\/www.nexoinformativo.mx\/index.php\/2025\/05\/29\/escuelas-mas-seguras-maestros-se-capacitaran-con-nuevos-lineamientos-para-erradicar-la-violencia-sexual-en-aulas\/#breadcrumb"},"inLanguage":"es","potentialAction":[{"@type":"ReadAction","target":["https:\/\/www.nexoinformativo.mx\/index.php\/2025\/05\/29\/escuelas-mas-seguras-maestros-se-capacitaran-con-nuevos-lineamientos-para-erradicar-la-violencia-sexual-en-aulas\/"]}]},{"@type":"ImageObject","inLanguage":"es","@id":"https:\/\/www.nexoinformativo.mx\/index.php\/2025\/05\/29\/escuelas-mas-seguras-maestros-se-capacitaran-con-nuevos-lineamientos-para-erradicar-la-violencia-sexual-en-aulas\/#primaryimage","url":"https:\/\/www.nexoinformativo.mx\/wp-content\/uploads\/2025\/05\/IMG_3459-e1748531666979.jpg","contentUrl":"https:\/\/www.nexoinformativo.mx\/wp-content\/uploads\/2025\/05\/IMG_3459-e1748531666979.jpg","width":800,"height":534},{"@type":"BreadcrumbList","@id":"https:\/\/www.nexoinformativo.mx\/index.php\/2025\/05\/29\/escuelas-mas-seguras-maestros-se-capacitaran-con-nuevos-lineamientos-para-erradicar-la-violencia-sexual-en-aulas\/#breadcrumb","itemListElement":[{"@type":"ListItem","position":1,"name":"Inicio","item":"https:\/\/www.nexoinformativo.mx\/"},{"@type":"ListItem","position":2,"name":"Escuelas mas seguras maestros se capacitar\u00e1n con nuevos lineamientos para erradicar la violencia sexual en aulas"}]},{"@type":"WebSite","@id":"https:\/\/www.nexoinformativo.mx\/#website","url":"https:\/\/www.nexoinformativo.mx\/","name":"Nexo Informativo Santiago de Quer\u00e9taro","description":"Explora NexoInformativo y convi\u00e9rtete en parte de una comunidad que valora el conocimiento y la verdad. Tu nexoinformativo es tu puente hacia una comprensi\u00f3n m\u00e1s profunda del mundo que te rodea.","publisher":{"@id":"https:\/\/www.nexoinformativo.mx\/#organization"},"potentialAction":[{"@type":"SearchAction","target":{"@type":"EntryPoint","urlTemplate":"https:\/\/www.nexoinformativo.mx\/?s={search_term_string}"},"query-input":{"@type":"PropertyValueSpecification","valueRequired":true,"valueName":"search_term_string"}}],"inLanguage":"es"},{"@type":"Organization","@id":"https:\/\/www.nexoinformativo.mx\/#organization","name":"Nexo Informativo Santiago de Quer\u00e9taro","url":"https:\/\/www.nexoinformativo.mx\/","logo":{"@type":"ImageObject","inLanguage":"es","@id":"https:\/\/www.nexoinformativo.mx\/#\/schema\/logo\/image\/","url":"https:\/\/www.nexoinformativo.mx\/wp-content\/uploads\/2024\/07\/nexoi-trasparente-2.png","contentUrl":"https:\/\/www.nexoinformativo.mx\/wp-content\/uploads\/2024\/07\/nexoi-trasparente-2.png","width":816,"height":339,"caption":"Nexo Informativo Santiago de Quer\u00e9taro"},"image":{"@id":"https:\/\/www.nexoinformativo.mx\/#\/schema\/logo\/image\/"},"sameAs":["https:\/\/www.facebook.com\/people\/Nexo-Informativo\/61564066885511\/"]},{"@type":"Person","@id":"https:\/\/www.nexoinformativo.mx\/#\/schema\/person\/7749d380ba08c8ca00d7bc76fd907b7d","name":"Nexo Informativo","image":{"@type":"ImageObject","inLanguage":"es","@id":"https:\/\/www.nexoinformativo.mx\/#\/schema\/person\/image\/","url":"https:\/\/secure.gravatar.com\/avatar\/dde2928154642a13d95f87ddf1ea9718fe2b46760a005c53e41ff5ad610704e6?s=96&d=mm&r=g","contentUrl":"https:\/\/secure.gravatar.com\/avatar\/dde2928154642a13d95f87ddf1ea9718fe2b46760a005c53e41ff5ad610704e6?s=96&d=mm&r=g","caption":"Nexo Informativo"},"url":"https:\/\/www.nexoinformativo.mx\/index.php\/author\/edicion\/"}]}},"_links":{"self":[{"href":"https:\/\/www.nexoinformativo.mx\/index.php\/wp-json\/wp\/v2\/posts\/15399","targetHints":{"allow":["GET"]}}],"collection":[{"href":"https:\/\/www.nexoinformativo.mx\/index.php\/wp-json\/wp\/v2\/posts"}],"about":[{"href":"https:\/\/www.nexoinformativo.mx\/index.php\/wp-json\/wp\/v2\/types\/post"}],"author":[{"embeddable":true,"href":"https:\/\/www.nexoinformativo.mx\/index.php\/wp-json\/wp\/v2\/users\/3"}],"replies":[{"embeddable":true,"href":"https:\/\/www.nexoinformativo.mx\/index.php\/wp-json\/wp\/v2\/comments?post=15399"}],"version-history":[{"count":3,"href":"https:\/\/www.nexoinformativo.mx\/index.php\/wp-json\/wp\/v2\/posts\/15399\/revisions"}],"predecessor-version":[{"id":15403,"href":"https:\/\/www.nexoinformativo.mx\/index.php\/wp-json\/wp\/v2\/posts\/15399\/revisions\/15403"}],"wp:featuredmedia":[{"embeddable":true,"href":"https:\/\/www.nexoinformativo.mx\/index.php\/wp-json\/wp\/v2\/media\/15400"}],"wp:attachment":[{"href":"https:\/\/www.nexoinformativo.mx\/index.php\/wp-json\/wp\/v2\/media?parent=15399"}],"wp:term":[{"taxonomy":"category","embeddable":true,"href":"https:\/\/www.nexoinformativo.mx\/index.php\/wp-json\/wp\/v2\/categories?post=15399"},{"taxonomy":"post_tag","embeddable":true,"href":"https:\/\/www.nexoinformativo.mx\/index.php\/wp-json\/wp\/v2\/tags?post=15399"}],"curies":[{"name":"wp","href":"https:\/\/api.w.org\/{rel}","templated":true}]}}