{"id":1540,"date":"2024-09-03T18:00:04","date_gmt":"2024-09-04T00:00:04","guid":{"rendered":"https:\/\/www.nexoinformativo.mx\/?p=1540"},"modified":"2024-09-03T20:23:11","modified_gmt":"2024-09-04T02:23:11","slug":"aparatoso-choque-en-la-carretera-57-en-el-marques-deja-solo-danos-materiales","status":"publish","type":"post","link":"https:\/\/www.nexoinformativo.mx\/index.php\/2024\/09\/03\/aparatoso-choque-en-la-carretera-57-en-el-marques-deja-solo-danos-materiales\/","title":{"rendered":"Aparatoso choque en la carretera 57 en El Marqu\u00e9s deja solo da\u00f1os materiales"},"content":{"rendered":"<p style=\"text-align: justify;\">Un aparatoso accidente vehicular se registr\u00f3 este martes por la tarde en la carretera federal 57, a la altura de la comunidad de Miranda, en el municipio de El Marqu\u00e9s, muy cerca del monumento a Conin. Afortunadamente, el incidente solo dej\u00f3 da\u00f1os materiales y algunos golpes menores en los involucrados.<\/p>\n<p>&nbsp;<\/p>\n<p style=\"text-align: justify;\">El accidente, del tipo choque por alcance, ocurri\u00f3 en los carriles con direcci\u00f3n a la capital queretana. Seg\u00fan informaci\u00f3n de testigos, el exceso de velocidad fue la causa principal de que dos veh\u00edculos particulares colisionaran por un costado. El fuerte impacto dej\u00f3 ambos autom\u00f3viles atravesados sobre dos de los cuatro carriles, lo que oblig\u00f3 a cerrar parcialmente la circulaci\u00f3n.<\/p>\n<p>&nbsp;<\/p>\n<p style=\"text-align: justify;\">Elementos de la Guardia Nacional acudieron al lugar para asegurar la zona y restablecer el tr\u00e1fico, mientras que param\u00e9dicos de Protecci\u00f3n Civil de El Marqu\u00e9s prestaron los primeros auxilios a tres personas. Afortunadamente, solo presentaron golpes menores y no fue necesario su traslado al hospital. Las autoridades hacen un llamado a los conductores a manejar con precauci\u00f3n, especialmente en zonas de alta velocidad.<\/p>\n","protected":false},"excerpt":{"rendered":"<p>Un aparatoso accidente vehicular se registr\u00f3 este martes por la tarde en la carretera federal 57, a la altura de la comunidad de Miranda, en el municipio de El Marqu\u00e9s, muy cerca del monumento a Conin. Afortunadamente, el incidente solo dej\u00f3 da\u00f1os materiales y algunos golpes menores en los involucrados.<\/p>\n","protected":false},"author":3,"featured_media":1541,"comment_status":"open","ping_status":"open","sticky":false,"template":"","format":"standard","meta":{"footnotes":""},"categories":[137,58],"tags":[475,206,154,476],"class_list":["post-1540","post","type-post","status-publish","format-standard","has-post-thumbnail","hentry","category-sucesos","category-ultima-hora","tag-accidentevial","tag-guardianacional","tag-proteccioncivil","tag-queretaroseguridad"],"yoast_head":"<!-- This site is optimized with the Yoast SEO plugin v25.0 - https:\/\/yoast.com\/wordpress\/plugins\/seo\/ -->\n<title>Aparatoso choque en la carretera 57 en El Marqu\u00e9s deja solo da\u00f1os materiales | Nexo Informativo Santiago de Quer\u00e9taro<\/title>\n<meta name=\"description\" content=\"Aparatoso choque en la carretera 57 en El Marqu\u00e9s deja solo da\u00f1os materiales\" \/>\n<meta name=\"robots\" content=\"index, follow, max-snippet:-1, max-image-preview:large, max-video-preview:-1\" \/>\n<link rel=\"canonical\" href=\"https:\/\/www.nexoinformativo.mx\/index.php\/2024\/09\/03\/aparatoso-choque-en-la-carretera-57-en-el-marques-deja-solo-danos-materiales\/\" \/>\n<meta property=\"og:locale\" content=\"es_MX\" \/>\n<meta property=\"og:type\" content=\"article\" \/>\n<meta property=\"og:title\" content=\"Aparatoso choque en la carretera 57 en El Marqu\u00e9s deja solo da\u00f1os materiales | Nexo Informativo Santiago de Quer\u00e9taro\" \/>\n<meta property=\"og:description\" content=\"Aparatoso choque en la carretera 57 en El Marqu\u00e9s deja solo da\u00f1os materiales\" \/>\n<meta property=\"og:url\" content=\"https:\/\/www.nexoinformativo.mx\/index.php\/2024\/09\/03\/aparatoso-choque-en-la-carretera-57-en-el-marques-deja-solo-danos-materiales\/\" \/>\n<meta property=\"og:site_name\" content=\"Nexo Informativo Santiago de Quer\u00e9taro\" \/>\n<meta property=\"article:publisher\" content=\"https:\/\/www.facebook.com\/people\/Nexo-Informativo\/61564066885511\/\" \/>\n<meta property=\"article:published_time\" content=\"2024-09-04T00:00:04+00:00\" \/>\n<meta property=\"article:modified_time\" content=\"2024-09-04T02:23:11+00:00\" \/>\n<meta property=\"og:image\" content=\"https:\/\/www.nexoinformativo.mx\/wp-content\/uploads\/2024\/09\/unnamed-4-e1725416464697.jpg\" \/>\n\t<meta property=\"og:image:width\" content=\"800\" \/>\n\t<meta property=\"og:image:height\" content=\"448\" \/>\n\t<meta property=\"og:image:type\" content=\"image\/jpeg\" \/>\n<meta name=\"author\" content=\"Nexo Informativo\" \/>\n<meta name=\"twitter:card\" content=\"summary_large_image\" \/>\n<meta name=\"twitter:label1\" content=\"Escrito por\" \/>\n\t<meta name=\"twitter:data1\" content=\"Nexo Informativo\" \/>\n\t<meta name=\"twitter:label2\" content=\"Tiempo de lectura\" \/>\n\t<meta name=\"twitter:data2\" content=\"1 minuto\" \/>\n<script type=\"application\/ld+json\" class=\"yoast-schema-graph\">{\"@context\":\"https:\/\/schema.org\",\"@graph\":[{\"@type\":\"Article\",\"@id\":\"https:\/\/www.nexoinformativo.mx\/index.php\/2024\/09\/03\/aparatoso-choque-en-la-carretera-57-en-el-marques-deja-solo-danos-materiales\/#article\",\"isPartOf\":{\"@id\":\"https:\/\/www.nexoinformativo.mx\/index.php\/2024\/09\/03\/aparatoso-choque-en-la-carretera-57-en-el-marques-deja-solo-danos-materiales\/\"},\"author\":{\"name\":\"Nexo Informativo\",\"@id\":\"https:\/\/www.nexoinformativo.mx\/#\/schema\/person\/7749d380ba08c8ca00d7bc76fd907b7d\"},\"headline\":\"Aparatoso choque en la carretera 57 en El Marqu\u00e9s deja solo da\u00f1os materiales\",\"datePublished\":\"2024-09-04T00:00:04+00:00\",\"dateModified\":\"2024-09-04T02:23:11+00:00\",\"mainEntityOfPage\":{\"@id\":\"https:\/\/www.nexoinformativo.mx\/index.php\/2024\/09\/03\/aparatoso-choque-en-la-carretera-57-en-el-marques-deja-solo-danos-materiales\/\"},\"wordCount\":200,\"commentCount\":0,\"publisher\":{\"@id\":\"https:\/\/www.nexoinformativo.mx\/#organization\"},\"image\":{\"@id\":\"https:\/\/www.nexoinformativo.mx\/index.php\/2024\/09\/03\/aparatoso-choque-en-la-carretera-57-en-el-marques-deja-solo-danos-materiales\/#primaryimage\"},\"thumbnailUrl\":\"https:\/\/www.nexoinformativo.mx\/wp-content\/uploads\/2024\/09\/unnamed-4-e1725416464697.jpg\",\"keywords\":[\"AccidenteVial\",\"GuardiaNacional\",\"proteccioncivil\",\"Quer\u00e9taroSeguridad\"],\"articleSection\":[\"Sucesos\",\"\u00daltima Hora\"],\"inLanguage\":\"es\",\"potentialAction\":[{\"@type\":\"CommentAction\",\"name\":\"Comment\",\"target\":[\"https:\/\/www.nexoinformativo.mx\/index.php\/2024\/09\/03\/aparatoso-choque-en-la-carretera-57-en-el-marques-deja-solo-danos-materiales\/#respond\"]}]},{\"@type\":\"WebPage\",\"@id\":\"https:\/\/www.nexoinformativo.mx\/index.php\/2024\/09\/03\/aparatoso-choque-en-la-carretera-57-en-el-marques-deja-solo-danos-materiales\/\",\"url\":\"https:\/\/www.nexoinformativo.mx\/index.php\/2024\/09\/03\/aparatoso-choque-en-la-carretera-57-en-el-marques-deja-solo-danos-materiales\/\",\"name\":\"Aparatoso choque en la carretera 57 en El Marqu\u00e9s deja solo da\u00f1os materiales | Nexo Informativo Santiago de Quer\u00e9taro\",\"isPartOf\":{\"@id\":\"https:\/\/www.nexoinformativo.mx\/#website\"},\"primaryImageOfPage\":{\"@id\":\"https:\/\/www.nexoinformativo.mx\/index.php\/2024\/09\/03\/aparatoso-choque-en-la-carretera-57-en-el-marques-deja-solo-danos-materiales\/#primaryimage\"},\"image\":{\"@id\":\"https:\/\/www.nexoinformativo.mx\/index.php\/2024\/09\/03\/aparatoso-choque-en-la-carretera-57-en-el-marques-deja-solo-danos-materiales\/#primaryimage\"},\"thumbnailUrl\":\"https:\/\/www.nexoinformativo.mx\/wp-content\/uploads\/2024\/09\/unnamed-4-e1725416464697.jpg\",\"datePublished\":\"2024-09-04T00:00:04+00:00\",\"dateModified\":\"2024-09-04T02:23:11+00:00\",\"description\":\"Aparatoso choque en la carretera 57 en El Marqu\u00e9s deja solo da\u00f1os materiales\",\"breadcrumb\":{\"@id\":\"https:\/\/www.nexoinformativo.mx\/index.php\/2024\/09\/03\/aparatoso-choque-en-la-carretera-57-en-el-marques-deja-solo-danos-materiales\/#breadcrumb\"},\"inLanguage\":\"es\",\"potentialAction\":[{\"@type\":\"ReadAction\",\"target\":[\"https:\/\/www.nexoinformativo.mx\/index.php\/2024\/09\/03\/aparatoso-choque-en-la-carretera-57-en-el-marques-deja-solo-danos-materiales\/\"]}]},{\"@type\":\"ImageObject\",\"inLanguage\":\"es\",\"@id\":\"https:\/\/www.nexoinformativo.mx\/index.php\/2024\/09\/03\/aparatoso-choque-en-la-carretera-57-en-el-marques-deja-solo-danos-materiales\/#primaryimage\",\"url\":\"https:\/\/www.nexoinformativo.mx\/wp-content\/uploads\/2024\/09\/unnamed-4-e1725416464697.jpg\",\"contentUrl\":\"https:\/\/www.nexoinformativo.mx\/wp-content\/uploads\/2024\/09\/unnamed-4-e1725416464697.jpg\",\"width\":800,\"height\":448},{\"@type\":\"BreadcrumbList\",\"@id\":\"https:\/\/www.nexoinformativo.mx\/index.php\/2024\/09\/03\/aparatoso-choque-en-la-carretera-57-en-el-marques-deja-solo-danos-materiales\/#breadcrumb\",\"itemListElement\":[{\"@type\":\"ListItem\",\"position\":1,\"name\":\"Inicio\",\"item\":\"https:\/\/www.nexoinformativo.mx\/\"},{\"@type\":\"ListItem\",\"position\":2,\"name\":\"Aparatoso choque en la carretera 57 en El Marqu\u00e9s deja solo da\u00f1os materiales\"}]},{\"@type\":\"WebSite\",\"@id\":\"https:\/\/www.nexoinformativo.mx\/#website\",\"url\":\"https:\/\/www.nexoinformativo.mx\/\",\"name\":\"Nexo Informativo Santiago de Quer\u00e9taro\",\"description\":\"Explora NexoInformativo y convi\u00e9rtete en parte de una comunidad que valora el conocimiento y la verdad. Tu nexoinformativo es tu puente hacia una comprensi\u00f3n m\u00e1s profunda del mundo que te rodea.\",\"publisher\":{\"@id\":\"https:\/\/www.nexoinformativo.mx\/#organization\"},\"potentialAction\":[{\"@type\":\"SearchAction\",\"target\":{\"@type\":\"EntryPoint\",\"urlTemplate\":\"https:\/\/www.nexoinformativo.mx\/?s={search_term_string}\"},\"query-input\":{\"@type\":\"PropertyValueSpecification\",\"valueRequired\":true,\"valueName\":\"search_term_string\"}}],\"inLanguage\":\"es\"},{\"@type\":\"Organization\",\"@id\":\"https:\/\/www.nexoinformativo.mx\/#organization\",\"name\":\"Nexo Informativo Santiago de Quer\u00e9taro\",\"url\":\"https:\/\/www.nexoinformativo.mx\/\",\"logo\":{\"@type\":\"ImageObject\",\"inLanguage\":\"es\",\"@id\":\"https:\/\/www.nexoinformativo.mx\/#\/schema\/logo\/image\/\",\"url\":\"https:\/\/www.nexoinformativo.mx\/wp-content\/uploads\/2024\/07\/nexoi-trasparente-2.png\",\"contentUrl\":\"https:\/\/www.nexoinformativo.mx\/wp-content\/uploads\/2024\/07\/nexoi-trasparente-2.png\",\"width\":816,\"height\":339,\"caption\":\"Nexo Informativo Santiago de Quer\u00e9taro\"},\"image\":{\"@id\":\"https:\/\/www.nexoinformativo.mx\/#\/schema\/logo\/image\/\"},\"sameAs\":[\"https:\/\/www.facebook.com\/people\/Nexo-Informativo\/61564066885511\/\"]},{\"@type\":\"Person\",\"@id\":\"https:\/\/www.nexoinformativo.mx\/#\/schema\/person\/7749d380ba08c8ca00d7bc76fd907b7d\",\"name\":\"Nexo Informativo\",\"image\":{\"@type\":\"ImageObject\",\"inLanguage\":\"es\",\"@id\":\"https:\/\/www.nexoinformativo.mx\/#\/schema\/person\/image\/\",\"url\":\"https:\/\/secure.gravatar.com\/avatar\/dde2928154642a13d95f87ddf1ea9718fe2b46760a005c53e41ff5ad610704e6?s=96&d=mm&r=g\",\"contentUrl\":\"https:\/\/secure.gravatar.com\/avatar\/dde2928154642a13d95f87ddf1ea9718fe2b46760a005c53e41ff5ad610704e6?s=96&d=mm&r=g\",\"caption\":\"Nexo Informativo\"},\"url\":\"https:\/\/www.nexoinformativo.mx\/index.php\/author\/edicion\/\"}]}<\/script>\n<!-- \/ Yoast SEO plugin. -->","yoast_head_json":{"title":"Aparatoso choque en la carretera 57 en El Marqu\u00e9s deja solo da\u00f1os materiales | Nexo Informativo Santiago de Quer\u00e9taro","description":"Aparatoso choque en la carretera 57 en El Marqu\u00e9s deja solo da\u00f1os materiales","robots":{"index":"index","follow":"follow","max-snippet":"max-snippet:-1","max-image-preview":"max-image-preview:large","max-video-preview":"max-video-preview:-1"},"canonical":"https:\/\/www.nexoinformativo.mx\/index.php\/2024\/09\/03\/aparatoso-choque-en-la-carretera-57-en-el-marques-deja-solo-danos-materiales\/","og_locale":"es_MX","og_type":"article","og_title":"Aparatoso choque en la carretera 57 en El Marqu\u00e9s deja solo da\u00f1os materiales | Nexo Informativo Santiago de Quer\u00e9taro","og_description":"Aparatoso choque en la carretera 57 en El Marqu\u00e9s deja solo da\u00f1os materiales","og_url":"https:\/\/www.nexoinformativo.mx\/index.php\/2024\/09\/03\/aparatoso-choque-en-la-carretera-57-en-el-marques-deja-solo-danos-materiales\/","og_site_name":"Nexo Informativo Santiago de Quer\u00e9taro","article_publisher":"https:\/\/www.facebook.com\/people\/Nexo-Informativo\/61564066885511\/","article_published_time":"2024-09-04T00:00:04+00:00","article_modified_time":"2024-09-04T02:23:11+00:00","og_image":[{"width":800,"height":448,"url":"https:\/\/www.nexoinformativo.mx\/wp-content\/uploads\/2024\/09\/unnamed-4-e1725416464697.jpg","type":"image\/jpeg"}],"author":"Nexo Informativo","twitter_card":"summary_large_image","twitter_misc":{"Escrito por":"Nexo Informativo","Tiempo de lectura":"1 minuto"},"schema":{"@context":"https:\/\/schema.org","@graph":[{"@type":"Article","@id":"https:\/\/www.nexoinformativo.mx\/index.php\/2024\/09\/03\/aparatoso-choque-en-la-carretera-57-en-el-marques-deja-solo-danos-materiales\/#article","isPartOf":{"@id":"https:\/\/www.nexoinformativo.mx\/index.php\/2024\/09\/03\/aparatoso-choque-en-la-carretera-57-en-el-marques-deja-solo-danos-materiales\/"},"author":{"name":"Nexo Informativo","@id":"https:\/\/www.nexoinformativo.mx\/#\/schema\/person\/7749d380ba08c8ca00d7bc76fd907b7d"},"headline":"Aparatoso choque en la carretera 57 en El Marqu\u00e9s deja solo da\u00f1os materiales","datePublished":"2024-09-04T00:00:04+00:00","dateModified":"2024-09-04T02:23:11+00:00","mainEntityOfPage":{"@id":"https:\/\/www.nexoinformativo.mx\/index.php\/2024\/09\/03\/aparatoso-choque-en-la-carretera-57-en-el-marques-deja-solo-danos-materiales\/"},"wordCount":200,"commentCount":0,"publisher":{"@id":"https:\/\/www.nexoinformativo.mx\/#organization"},"image":{"@id":"https:\/\/www.nexoinformativo.mx\/index.php\/2024\/09\/03\/aparatoso-choque-en-la-carretera-57-en-el-marques-deja-solo-danos-materiales\/#primaryimage"},"thumbnailUrl":"https:\/\/www.nexoinformativo.mx\/wp-content\/uploads\/2024\/09\/unnamed-4-e1725416464697.jpg","keywords":["AccidenteVial","GuardiaNacional","proteccioncivil","Quer\u00e9taroSeguridad"],"articleSection":["Sucesos","\u00daltima Hora"],"inLanguage":"es","potentialAction":[{"@type":"CommentAction","name":"Comment","target":["https:\/\/www.nexoinformativo.mx\/index.php\/2024\/09\/03\/aparatoso-choque-en-la-carretera-57-en-el-marques-deja-solo-danos-materiales\/#respond"]}]},{"@type":"WebPage","@id":"https:\/\/www.nexoinformativo.mx\/index.php\/2024\/09\/03\/aparatoso-choque-en-la-carretera-57-en-el-marques-deja-solo-danos-materiales\/","url":"https:\/\/www.nexoinformativo.mx\/index.php\/2024\/09\/03\/aparatoso-choque-en-la-carretera-57-en-el-marques-deja-solo-danos-materiales\/","name":"Aparatoso choque en la carretera 57 en El Marqu\u00e9s deja solo da\u00f1os materiales | Nexo Informativo Santiago de Quer\u00e9taro","isPartOf":{"@id":"https:\/\/www.nexoinformativo.mx\/#website"},"primaryImageOfPage":{"@id":"https:\/\/www.nexoinformativo.mx\/index.php\/2024\/09\/03\/aparatoso-choque-en-la-carretera-57-en-el-marques-deja-solo-danos-materiales\/#primaryimage"},"image":{"@id":"https:\/\/www.nexoinformativo.mx\/index.php\/2024\/09\/03\/aparatoso-choque-en-la-carretera-57-en-el-marques-deja-solo-danos-materiales\/#primaryimage"},"thumbnailUrl":"https:\/\/www.nexoinformativo.mx\/wp-content\/uploads\/2024\/09\/unnamed-4-e1725416464697.jpg","datePublished":"2024-09-04T00:00:04+00:00","dateModified":"2024-09-04T02:23:11+00:00","description":"Aparatoso choque en la carretera 57 en El Marqu\u00e9s deja solo da\u00f1os materiales","breadcrumb":{"@id":"https:\/\/www.nexoinformativo.mx\/index.php\/2024\/09\/03\/aparatoso-choque-en-la-carretera-57-en-el-marques-deja-solo-danos-materiales\/#breadcrumb"},"inLanguage":"es","potentialAction":[{"@type":"ReadAction","target":["https:\/\/www.nexoinformativo.mx\/index.php\/2024\/09\/03\/aparatoso-choque-en-la-carretera-57-en-el-marques-deja-solo-danos-materiales\/"]}]},{"@type":"ImageObject","inLanguage":"es","@id":"https:\/\/www.nexoinformativo.mx\/index.php\/2024\/09\/03\/aparatoso-choque-en-la-carretera-57-en-el-marques-deja-solo-danos-materiales\/#primaryimage","url":"https:\/\/www.nexoinformativo.mx\/wp-content\/uploads\/2024\/09\/unnamed-4-e1725416464697.jpg","contentUrl":"https:\/\/www.nexoinformativo.mx\/wp-content\/uploads\/2024\/09\/unnamed-4-e1725416464697.jpg","width":800,"height":448},{"@type":"BreadcrumbList","@id":"https:\/\/www.nexoinformativo.mx\/index.php\/2024\/09\/03\/aparatoso-choque-en-la-carretera-57-en-el-marques-deja-solo-danos-materiales\/#breadcrumb","itemListElement":[{"@type":"ListItem","position":1,"name":"Inicio","item":"https:\/\/www.nexoinformativo.mx\/"},{"@type":"ListItem","position":2,"name":"Aparatoso choque en la carretera 57 en El Marqu\u00e9s deja solo da\u00f1os materiales"}]},{"@type":"WebSite","@id":"https:\/\/www.nexoinformativo.mx\/#website","url":"https:\/\/www.nexoinformativo.mx\/","name":"Nexo Informativo Santiago de Quer\u00e9taro","description":"Explora NexoInformativo y convi\u00e9rtete en parte de una comunidad que valora el conocimiento y la verdad. Tu nexoinformativo es tu puente hacia una comprensi\u00f3n m\u00e1s profunda del mundo que te rodea.","publisher":{"@id":"https:\/\/www.nexoinformativo.mx\/#organization"},"potentialAction":[{"@type":"SearchAction","target":{"@type":"EntryPoint","urlTemplate":"https:\/\/www.nexoinformativo.mx\/?s={search_term_string}"},"query-input":{"@type":"PropertyValueSpecification","valueRequired":true,"valueName":"search_term_string"}}],"inLanguage":"es"},{"@type":"Organization","@id":"https:\/\/www.nexoinformativo.mx\/#organization","name":"Nexo Informativo Santiago de Quer\u00e9taro","url":"https:\/\/www.nexoinformativo.mx\/","logo":{"@type":"ImageObject","inLanguage":"es","@id":"https:\/\/www.nexoinformativo.mx\/#\/schema\/logo\/image\/","url":"https:\/\/www.nexoinformativo.mx\/wp-content\/uploads\/2024\/07\/nexoi-trasparente-2.png","contentUrl":"https:\/\/www.nexoinformativo.mx\/wp-content\/uploads\/2024\/07\/nexoi-trasparente-2.png","width":816,"height":339,"caption":"Nexo Informativo Santiago de Quer\u00e9taro"},"image":{"@id":"https:\/\/www.nexoinformativo.mx\/#\/schema\/logo\/image\/"},"sameAs":["https:\/\/www.facebook.com\/people\/Nexo-Informativo\/61564066885511\/"]},{"@type":"Person","@id":"https:\/\/www.nexoinformativo.mx\/#\/schema\/person\/7749d380ba08c8ca00d7bc76fd907b7d","name":"Nexo Informativo","image":{"@type":"ImageObject","inLanguage":"es","@id":"https:\/\/www.nexoinformativo.mx\/#\/schema\/person\/image\/","url":"https:\/\/secure.gravatar.com\/avatar\/dde2928154642a13d95f87ddf1ea9718fe2b46760a005c53e41ff5ad610704e6?s=96&d=mm&r=g","contentUrl":"https:\/\/secure.gravatar.com\/avatar\/dde2928154642a13d95f87ddf1ea9718fe2b46760a005c53e41ff5ad610704e6?s=96&d=mm&r=g","caption":"Nexo Informativo"},"url":"https:\/\/www.nexoinformativo.mx\/index.php\/author\/edicion\/"}]}},"_links":{"self":[{"href":"https:\/\/www.nexoinformativo.mx\/index.php\/wp-json\/wp\/v2\/posts\/1540","targetHints":{"allow":["GET"]}}],"collection":[{"href":"https:\/\/www.nexoinformativo.mx\/index.php\/wp-json\/wp\/v2\/posts"}],"about":[{"href":"https:\/\/www.nexoinformativo.mx\/index.php\/wp-json\/wp\/v2\/types\/post"}],"author":[{"embeddable":true,"href":"https:\/\/www.nexoinformativo.mx\/index.php\/wp-json\/wp\/v2\/users\/3"}],"replies":[{"embeddable":true,"href":"https:\/\/www.nexoinformativo.mx\/index.php\/wp-json\/wp\/v2\/comments?post=1540"}],"version-history":[{"count":1,"href":"https:\/\/www.nexoinformativo.mx\/index.php\/wp-json\/wp\/v2\/posts\/1540\/revisions"}],"predecessor-version":[{"id":1542,"href":"https:\/\/www.nexoinformativo.mx\/index.php\/wp-json\/wp\/v2\/posts\/1540\/revisions\/1542"}],"wp:featuredmedia":[{"embeddable":true,"href":"https:\/\/www.nexoinformativo.mx\/index.php\/wp-json\/wp\/v2\/media\/1541"}],"wp:attachment":[{"href":"https:\/\/www.nexoinformativo.mx\/index.php\/wp-json\/wp\/v2\/media?parent=1540"}],"wp:term":[{"taxonomy":"category","embeddable":true,"href":"https:\/\/www.nexoinformativo.mx\/index.php\/wp-json\/wp\/v2\/categories?post=1540"},{"taxonomy":"post_tag","embeddable":true,"href":"https:\/\/www.nexoinformativo.mx\/index.php\/wp-json\/wp\/v2\/tags?post=1540"}],"curies":[{"name":"wp","href":"https:\/\/api.w.org\/{rel}","templated":true}]}}