{"id":15404,"date":"2025-05-29T07:00:38","date_gmt":"2025-05-29T13:00:38","guid":{"rendered":"https:\/\/www.nexoinformativo.mx\/?p=15404"},"modified":"2025-05-29T09:20:04","modified_gmt":"2025-05-29T15:20:04","slug":"cei-activa-operativo-pluvial-queretaro-refuerza-sus-carreteras-ante-la-temporada-de-lluvias","status":"publish","type":"post","link":"https:\/\/www.nexoinformativo.mx\/index.php\/2025\/05\/29\/cei-activa-operativo-pluvial-queretaro-refuerza-sus-carreteras-ante-la-temporada-de-lluvias\/","title":{"rendered":"CEI activa operativo pluvial Quer\u00e9taro refuerza sus carreteras ante la temporada de lluvias"},"content":{"rendered":"<p style=\"text-align: justify;\" data-sourcepos=\"5:1-5:436\">La Comisi\u00f3n Estatal de Infraestructura (CEI) ya est\u00e1 preparada para la temporada de precipitaciones.<\/p>\n<\/p>\n<p>&nbsp;<\/p>\n<p style=\"text-align: justify;\" data-sourcepos=\"5:1-5:436\">Con 15 brigadas de conservaci\u00f3n, la dependencia reforzar\u00e1 su presencia para atender cualquier emergencia que se presente en los mil 187 kil\u00f3metros de la red carretera estatal. As\u00ed lo inform\u00f3 Sonia Carrillo, titular de la CEI.<\/p>\n<p>&nbsp;<\/p>\n<p style=\"text-align: justify;\" data-sourcepos=\"7:1-7:231\">Carrillo explic\u00f3 que este a\u00f1o cuentan con un presupuesto de 150 millones de pesos destinados a labores de conservaci\u00f3n en las carreteras del estado. Durante la temporada de lluvias, estos trabajos se intensificar\u00e1n, incluyendo:<\/p>\n<\/p>\n<p>&nbsp;<\/p>\n<p>*Limpieza de la v\u00eda.<\/p>\n<p>*Retiro de material que pueda obstaculizar.<\/p>\n<p>*Mantenimiento de la infraestructura pluvial.<\/p>\n<p>*Bacheo en fr\u00edo para reparar da\u00f1os r\u00e1pidamente.<\/p>\n<p>&nbsp;<\/p>\n<p style=\"text-align: justify;\" data-sourcepos=\"14:1-14:252\">Estas brigadas estar\u00e1n equipadas con maquinaria especializada para garantizar una respuesta eficiente ante cualquier contingencia. El objetivo es mantener las carreteras de Quer\u00e9taro en \u00f3ptimas condiciones para la seguridad de todos los automovilistas.<\/p>\n<p>&nbsp;<\/p>\n<p style=\"text-align: center;\" data-sourcepos=\"14:1-14:252\"><em><strong>\u00a1Informaci\u00f3n que transforma!<\/strong><\/em><\/p>\n","protected":false},"excerpt":{"rendered":"<p>La Comisi\u00f3n Estatal de Infraestructura (CEI) ya est\u00e1 preparada para la temporada de precipitaciones. Con 15 brigadas de conservaci\u00f3n, la dependencia reforzar\u00e1 su presencia para atender cualquier emergencia que se presente en los mil 187 kil\u00f3metros de la red carretera estatal. As\u00ed lo inform\u00f3 Sonia Carrillo, titular de la CEI.<\/p>\n","protected":false},"author":3,"featured_media":15405,"comment_status":"open","ping_status":"open","sticky":false,"template":"","format":"standard","meta":{"footnotes":""},"categories":[42,58],"tags":[4631,2367,4632,1700],"class_list":["post-15404","post","type-post","status-publish","format-standard","has-post-thumbnail","hentry","category-estado","category-ultima-hora","tag-carreterasqro","tag-cei","tag-lluviasseguras","tag-mantenimientovial"],"yoast_head":"<!-- This site is optimized with the Yoast SEO plugin v25.0 - https:\/\/yoast.com\/wordpress\/plugins\/seo\/ -->\n<title>CEI activa operativo pluvial Quer\u00e9taro refuerza sus carreteras ante la temporada de lluvias | Nexo Informativo Santiago de Quer\u00e9taro<\/title>\n<meta name=\"description\" content=\"CEI activa operativo pluvial Quer\u00e9taro refuerza sus carreteras ante la temporada de lluvias\" \/>\n<meta name=\"robots\" content=\"index, follow, max-snippet:-1, max-image-preview:large, max-video-preview:-1\" \/>\n<link rel=\"canonical\" href=\"https:\/\/www.nexoinformativo.mx\/index.php\/2025\/05\/29\/cei-activa-operativo-pluvial-queretaro-refuerza-sus-carreteras-ante-la-temporada-de-lluvias\/\" \/>\n<meta property=\"og:locale\" content=\"es_MX\" \/>\n<meta property=\"og:type\" content=\"article\" \/>\n<meta property=\"og:title\" content=\"CEI activa operativo pluvial Quer\u00e9taro refuerza sus carreteras ante la temporada de lluvias | Nexo Informativo Santiago de Quer\u00e9taro\" \/>\n<meta property=\"og:description\" content=\"CEI activa operativo pluvial Quer\u00e9taro refuerza sus carreteras ante la temporada de lluvias\" \/>\n<meta property=\"og:url\" content=\"https:\/\/www.nexoinformativo.mx\/index.php\/2025\/05\/29\/cei-activa-operativo-pluvial-queretaro-refuerza-sus-carreteras-ante-la-temporada-de-lluvias\/\" \/>\n<meta property=\"og:site_name\" content=\"Nexo Informativo Santiago de Quer\u00e9taro\" \/>\n<meta property=\"article:publisher\" content=\"https:\/\/www.facebook.com\/people\/Nexo-Informativo\/61564066885511\/\" \/>\n<meta property=\"article:published_time\" content=\"2025-05-29T13:00:38+00:00\" \/>\n<meta property=\"article:modified_time\" content=\"2025-05-29T15:20:04+00:00\" \/>\n<meta property=\"og:image\" content=\"https:\/\/www.nexoinformativo.mx\/wp-content\/uploads\/2025\/05\/PHOTO-2025-05-29-08-56-03-e1748531941172.jpg\" \/>\n\t<meta property=\"og:image:width\" content=\"800\" \/>\n\t<meta property=\"og:image:height\" content=\"451\" \/>\n\t<meta property=\"og:image:type\" content=\"image\/jpeg\" \/>\n<meta name=\"author\" content=\"Nexo Informativo\" \/>\n<meta name=\"twitter:card\" content=\"summary_large_image\" \/>\n<meta name=\"twitter:label1\" content=\"Escrito por\" \/>\n\t<meta name=\"twitter:data1\" content=\"Nexo Informativo\" \/>\n\t<meta name=\"twitter:label2\" content=\"Tiempo de lectura\" \/>\n\t<meta name=\"twitter:data2\" content=\"1 minuto\" \/>\n<script type=\"application\/ld+json\" class=\"yoast-schema-graph\">{\"@context\":\"https:\/\/schema.org\",\"@graph\":[{\"@type\":\"Article\",\"@id\":\"https:\/\/www.nexoinformativo.mx\/index.php\/2025\/05\/29\/cei-activa-operativo-pluvial-queretaro-refuerza-sus-carreteras-ante-la-temporada-de-lluvias\/#article\",\"isPartOf\":{\"@id\":\"https:\/\/www.nexoinformativo.mx\/index.php\/2025\/05\/29\/cei-activa-operativo-pluvial-queretaro-refuerza-sus-carreteras-ante-la-temporada-de-lluvias\/\"},\"author\":{\"name\":\"Nexo Informativo\",\"@id\":\"https:\/\/www.nexoinformativo.mx\/#\/schema\/person\/7749d380ba08c8ca00d7bc76fd907b7d\"},\"headline\":\"CEI activa operativo pluvial Quer\u00e9taro refuerza sus carreteras ante la temporada de lluvias\",\"datePublished\":\"2025-05-29T13:00:38+00:00\",\"dateModified\":\"2025-05-29T15:20:04+00:00\",\"mainEntityOfPage\":{\"@id\":\"https:\/\/www.nexoinformativo.mx\/index.php\/2025\/05\/29\/cei-activa-operativo-pluvial-queretaro-refuerza-sus-carreteras-ante-la-temporada-de-lluvias\/\"},\"wordCount\":171,\"commentCount\":0,\"publisher\":{\"@id\":\"https:\/\/www.nexoinformativo.mx\/#organization\"},\"image\":{\"@id\":\"https:\/\/www.nexoinformativo.mx\/index.php\/2025\/05\/29\/cei-activa-operativo-pluvial-queretaro-refuerza-sus-carreteras-ante-la-temporada-de-lluvias\/#primaryimage\"},\"thumbnailUrl\":\"https:\/\/www.nexoinformativo.mx\/wp-content\/uploads\/2025\/05\/PHOTO-2025-05-29-08-56-03-e1748531941172.jpg\",\"keywords\":[\"CarreterasQro\",\"CEI\",\"LluviasSeguras\",\"MantenimientoVial\"],\"articleSection\":[\"Estado\",\"\u00daltima Hora\"],\"inLanguage\":\"es\",\"potentialAction\":[{\"@type\":\"CommentAction\",\"name\":\"Comment\",\"target\":[\"https:\/\/www.nexoinformativo.mx\/index.php\/2025\/05\/29\/cei-activa-operativo-pluvial-queretaro-refuerza-sus-carreteras-ante-la-temporada-de-lluvias\/#respond\"]}]},{\"@type\":\"WebPage\",\"@id\":\"https:\/\/www.nexoinformativo.mx\/index.php\/2025\/05\/29\/cei-activa-operativo-pluvial-queretaro-refuerza-sus-carreteras-ante-la-temporada-de-lluvias\/\",\"url\":\"https:\/\/www.nexoinformativo.mx\/index.php\/2025\/05\/29\/cei-activa-operativo-pluvial-queretaro-refuerza-sus-carreteras-ante-la-temporada-de-lluvias\/\",\"name\":\"CEI activa operativo pluvial Quer\u00e9taro refuerza sus carreteras ante la temporada de lluvias | Nexo Informativo Santiago de Quer\u00e9taro\",\"isPartOf\":{\"@id\":\"https:\/\/www.nexoinformativo.mx\/#website\"},\"primaryImageOfPage\":{\"@id\":\"https:\/\/www.nexoinformativo.mx\/index.php\/2025\/05\/29\/cei-activa-operativo-pluvial-queretaro-refuerza-sus-carreteras-ante-la-temporada-de-lluvias\/#primaryimage\"},\"image\":{\"@id\":\"https:\/\/www.nexoinformativo.mx\/index.php\/2025\/05\/29\/cei-activa-operativo-pluvial-queretaro-refuerza-sus-carreteras-ante-la-temporada-de-lluvias\/#primaryimage\"},\"thumbnailUrl\":\"https:\/\/www.nexoinformativo.mx\/wp-content\/uploads\/2025\/05\/PHOTO-2025-05-29-08-56-03-e1748531941172.jpg\",\"datePublished\":\"2025-05-29T13:00:38+00:00\",\"dateModified\":\"2025-05-29T15:20:04+00:00\",\"description\":\"CEI activa operativo pluvial Quer\u00e9taro refuerza sus carreteras ante la temporada de lluvias\",\"breadcrumb\":{\"@id\":\"https:\/\/www.nexoinformativo.mx\/index.php\/2025\/05\/29\/cei-activa-operativo-pluvial-queretaro-refuerza-sus-carreteras-ante-la-temporada-de-lluvias\/#breadcrumb\"},\"inLanguage\":\"es\",\"potentialAction\":[{\"@type\":\"ReadAction\",\"target\":[\"https:\/\/www.nexoinformativo.mx\/index.php\/2025\/05\/29\/cei-activa-operativo-pluvial-queretaro-refuerza-sus-carreteras-ante-la-temporada-de-lluvias\/\"]}]},{\"@type\":\"ImageObject\",\"inLanguage\":\"es\",\"@id\":\"https:\/\/www.nexoinformativo.mx\/index.php\/2025\/05\/29\/cei-activa-operativo-pluvial-queretaro-refuerza-sus-carreteras-ante-la-temporada-de-lluvias\/#primaryimage\",\"url\":\"https:\/\/www.nexoinformativo.mx\/wp-content\/uploads\/2025\/05\/PHOTO-2025-05-29-08-56-03-e1748531941172.jpg\",\"contentUrl\":\"https:\/\/www.nexoinformativo.mx\/wp-content\/uploads\/2025\/05\/PHOTO-2025-05-29-08-56-03-e1748531941172.jpg\",\"width\":800,\"height\":451},{\"@type\":\"BreadcrumbList\",\"@id\":\"https:\/\/www.nexoinformativo.mx\/index.php\/2025\/05\/29\/cei-activa-operativo-pluvial-queretaro-refuerza-sus-carreteras-ante-la-temporada-de-lluvias\/#breadcrumb\",\"itemListElement\":[{\"@type\":\"ListItem\",\"position\":1,\"name\":\"Inicio\",\"item\":\"https:\/\/www.nexoinformativo.mx\/\"},{\"@type\":\"ListItem\",\"position\":2,\"name\":\"CEI activa operativo pluvial Quer\u00e9taro refuerza sus carreteras ante la temporada de lluvias\"}]},{\"@type\":\"WebSite\",\"@id\":\"https:\/\/www.nexoinformativo.mx\/#website\",\"url\":\"https:\/\/www.nexoinformativo.mx\/\",\"name\":\"Nexo Informativo Santiago de Quer\u00e9taro\",\"description\":\"Explora NexoInformativo y convi\u00e9rtete en parte de una comunidad que valora el conocimiento y la verdad. Tu nexoinformativo es tu puente hacia una comprensi\u00f3n m\u00e1s profunda del mundo que te rodea.\",\"publisher\":{\"@id\":\"https:\/\/www.nexoinformativo.mx\/#organization\"},\"potentialAction\":[{\"@type\":\"SearchAction\",\"target\":{\"@type\":\"EntryPoint\",\"urlTemplate\":\"https:\/\/www.nexoinformativo.mx\/?s={search_term_string}\"},\"query-input\":{\"@type\":\"PropertyValueSpecification\",\"valueRequired\":true,\"valueName\":\"search_term_string\"}}],\"inLanguage\":\"es\"},{\"@type\":\"Organization\",\"@id\":\"https:\/\/www.nexoinformativo.mx\/#organization\",\"name\":\"Nexo Informativo Santiago de Quer\u00e9taro\",\"url\":\"https:\/\/www.nexoinformativo.mx\/\",\"logo\":{\"@type\":\"ImageObject\",\"inLanguage\":\"es\",\"@id\":\"https:\/\/www.nexoinformativo.mx\/#\/schema\/logo\/image\/\",\"url\":\"https:\/\/www.nexoinformativo.mx\/wp-content\/uploads\/2024\/07\/nexoi-trasparente-2.png\",\"contentUrl\":\"https:\/\/www.nexoinformativo.mx\/wp-content\/uploads\/2024\/07\/nexoi-trasparente-2.png\",\"width\":816,\"height\":339,\"caption\":\"Nexo Informativo Santiago de Quer\u00e9taro\"},\"image\":{\"@id\":\"https:\/\/www.nexoinformativo.mx\/#\/schema\/logo\/image\/\"},\"sameAs\":[\"https:\/\/www.facebook.com\/people\/Nexo-Informativo\/61564066885511\/\"]},{\"@type\":\"Person\",\"@id\":\"https:\/\/www.nexoinformativo.mx\/#\/schema\/person\/7749d380ba08c8ca00d7bc76fd907b7d\",\"name\":\"Nexo Informativo\",\"image\":{\"@type\":\"ImageObject\",\"inLanguage\":\"es\",\"@id\":\"https:\/\/www.nexoinformativo.mx\/#\/schema\/person\/image\/\",\"url\":\"https:\/\/secure.gravatar.com\/avatar\/dde2928154642a13d95f87ddf1ea9718fe2b46760a005c53e41ff5ad610704e6?s=96&d=mm&r=g\",\"contentUrl\":\"https:\/\/secure.gravatar.com\/avatar\/dde2928154642a13d95f87ddf1ea9718fe2b46760a005c53e41ff5ad610704e6?s=96&d=mm&r=g\",\"caption\":\"Nexo Informativo\"},\"url\":\"https:\/\/www.nexoinformativo.mx\/index.php\/author\/edicion\/\"}]}<\/script>\n<!-- \/ Yoast SEO plugin. -->","yoast_head_json":{"title":"CEI activa operativo pluvial Quer\u00e9taro refuerza sus carreteras ante la temporada de lluvias | Nexo Informativo Santiago de Quer\u00e9taro","description":"CEI activa operativo pluvial Quer\u00e9taro refuerza sus carreteras ante la temporada de lluvias","robots":{"index":"index","follow":"follow","max-snippet":"max-snippet:-1","max-image-preview":"max-image-preview:large","max-video-preview":"max-video-preview:-1"},"canonical":"https:\/\/www.nexoinformativo.mx\/index.php\/2025\/05\/29\/cei-activa-operativo-pluvial-queretaro-refuerza-sus-carreteras-ante-la-temporada-de-lluvias\/","og_locale":"es_MX","og_type":"article","og_title":"CEI activa operativo pluvial Quer\u00e9taro refuerza sus carreteras ante la temporada de lluvias | Nexo Informativo Santiago de Quer\u00e9taro","og_description":"CEI activa operativo pluvial Quer\u00e9taro refuerza sus carreteras ante la temporada de lluvias","og_url":"https:\/\/www.nexoinformativo.mx\/index.php\/2025\/05\/29\/cei-activa-operativo-pluvial-queretaro-refuerza-sus-carreteras-ante-la-temporada-de-lluvias\/","og_site_name":"Nexo Informativo Santiago de Quer\u00e9taro","article_publisher":"https:\/\/www.facebook.com\/people\/Nexo-Informativo\/61564066885511\/","article_published_time":"2025-05-29T13:00:38+00:00","article_modified_time":"2025-05-29T15:20:04+00:00","og_image":[{"width":800,"height":451,"url":"https:\/\/www.nexoinformativo.mx\/wp-content\/uploads\/2025\/05\/PHOTO-2025-05-29-08-56-03-e1748531941172.jpg","type":"image\/jpeg"}],"author":"Nexo Informativo","twitter_card":"summary_large_image","twitter_misc":{"Escrito por":"Nexo Informativo","Tiempo de lectura":"1 minuto"},"schema":{"@context":"https:\/\/schema.org","@graph":[{"@type":"Article","@id":"https:\/\/www.nexoinformativo.mx\/index.php\/2025\/05\/29\/cei-activa-operativo-pluvial-queretaro-refuerza-sus-carreteras-ante-la-temporada-de-lluvias\/#article","isPartOf":{"@id":"https:\/\/www.nexoinformativo.mx\/index.php\/2025\/05\/29\/cei-activa-operativo-pluvial-queretaro-refuerza-sus-carreteras-ante-la-temporada-de-lluvias\/"},"author":{"name":"Nexo Informativo","@id":"https:\/\/www.nexoinformativo.mx\/#\/schema\/person\/7749d380ba08c8ca00d7bc76fd907b7d"},"headline":"CEI activa operativo pluvial Quer\u00e9taro refuerza sus carreteras ante la temporada de lluvias","datePublished":"2025-05-29T13:00:38+00:00","dateModified":"2025-05-29T15:20:04+00:00","mainEntityOfPage":{"@id":"https:\/\/www.nexoinformativo.mx\/index.php\/2025\/05\/29\/cei-activa-operativo-pluvial-queretaro-refuerza-sus-carreteras-ante-la-temporada-de-lluvias\/"},"wordCount":171,"commentCount":0,"publisher":{"@id":"https:\/\/www.nexoinformativo.mx\/#organization"},"image":{"@id":"https:\/\/www.nexoinformativo.mx\/index.php\/2025\/05\/29\/cei-activa-operativo-pluvial-queretaro-refuerza-sus-carreteras-ante-la-temporada-de-lluvias\/#primaryimage"},"thumbnailUrl":"https:\/\/www.nexoinformativo.mx\/wp-content\/uploads\/2025\/05\/PHOTO-2025-05-29-08-56-03-e1748531941172.jpg","keywords":["CarreterasQro","CEI","LluviasSeguras","MantenimientoVial"],"articleSection":["Estado","\u00daltima Hora"],"inLanguage":"es","potentialAction":[{"@type":"CommentAction","name":"Comment","target":["https:\/\/www.nexoinformativo.mx\/index.php\/2025\/05\/29\/cei-activa-operativo-pluvial-queretaro-refuerza-sus-carreteras-ante-la-temporada-de-lluvias\/#respond"]}]},{"@type":"WebPage","@id":"https:\/\/www.nexoinformativo.mx\/index.php\/2025\/05\/29\/cei-activa-operativo-pluvial-queretaro-refuerza-sus-carreteras-ante-la-temporada-de-lluvias\/","url":"https:\/\/www.nexoinformativo.mx\/index.php\/2025\/05\/29\/cei-activa-operativo-pluvial-queretaro-refuerza-sus-carreteras-ante-la-temporada-de-lluvias\/","name":"CEI activa operativo pluvial Quer\u00e9taro refuerza sus carreteras ante la temporada de lluvias | Nexo Informativo Santiago de Quer\u00e9taro","isPartOf":{"@id":"https:\/\/www.nexoinformativo.mx\/#website"},"primaryImageOfPage":{"@id":"https:\/\/www.nexoinformativo.mx\/index.php\/2025\/05\/29\/cei-activa-operativo-pluvial-queretaro-refuerza-sus-carreteras-ante-la-temporada-de-lluvias\/#primaryimage"},"image":{"@id":"https:\/\/www.nexoinformativo.mx\/index.php\/2025\/05\/29\/cei-activa-operativo-pluvial-queretaro-refuerza-sus-carreteras-ante-la-temporada-de-lluvias\/#primaryimage"},"thumbnailUrl":"https:\/\/www.nexoinformativo.mx\/wp-content\/uploads\/2025\/05\/PHOTO-2025-05-29-08-56-03-e1748531941172.jpg","datePublished":"2025-05-29T13:00:38+00:00","dateModified":"2025-05-29T15:20:04+00:00","description":"CEI activa operativo pluvial Quer\u00e9taro refuerza sus carreteras ante la temporada de lluvias","breadcrumb":{"@id":"https:\/\/www.nexoinformativo.mx\/index.php\/2025\/05\/29\/cei-activa-operativo-pluvial-queretaro-refuerza-sus-carreteras-ante-la-temporada-de-lluvias\/#breadcrumb"},"inLanguage":"es","potentialAction":[{"@type":"ReadAction","target":["https:\/\/www.nexoinformativo.mx\/index.php\/2025\/05\/29\/cei-activa-operativo-pluvial-queretaro-refuerza-sus-carreteras-ante-la-temporada-de-lluvias\/"]}]},{"@type":"ImageObject","inLanguage":"es","@id":"https:\/\/www.nexoinformativo.mx\/index.php\/2025\/05\/29\/cei-activa-operativo-pluvial-queretaro-refuerza-sus-carreteras-ante-la-temporada-de-lluvias\/#primaryimage","url":"https:\/\/www.nexoinformativo.mx\/wp-content\/uploads\/2025\/05\/PHOTO-2025-05-29-08-56-03-e1748531941172.jpg","contentUrl":"https:\/\/www.nexoinformativo.mx\/wp-content\/uploads\/2025\/05\/PHOTO-2025-05-29-08-56-03-e1748531941172.jpg","width":800,"height":451},{"@type":"BreadcrumbList","@id":"https:\/\/www.nexoinformativo.mx\/index.php\/2025\/05\/29\/cei-activa-operativo-pluvial-queretaro-refuerza-sus-carreteras-ante-la-temporada-de-lluvias\/#breadcrumb","itemListElement":[{"@type":"ListItem","position":1,"name":"Inicio","item":"https:\/\/www.nexoinformativo.mx\/"},{"@type":"ListItem","position":2,"name":"CEI activa operativo pluvial Quer\u00e9taro refuerza sus carreteras ante la temporada de lluvias"}]},{"@type":"WebSite","@id":"https:\/\/www.nexoinformativo.mx\/#website","url":"https:\/\/www.nexoinformativo.mx\/","name":"Nexo Informativo Santiago de Quer\u00e9taro","description":"Explora NexoInformativo y convi\u00e9rtete en parte de una comunidad que valora el conocimiento y la verdad. Tu nexoinformativo es tu puente hacia una comprensi\u00f3n m\u00e1s profunda del mundo que te rodea.","publisher":{"@id":"https:\/\/www.nexoinformativo.mx\/#organization"},"potentialAction":[{"@type":"SearchAction","target":{"@type":"EntryPoint","urlTemplate":"https:\/\/www.nexoinformativo.mx\/?s={search_term_string}"},"query-input":{"@type":"PropertyValueSpecification","valueRequired":true,"valueName":"search_term_string"}}],"inLanguage":"es"},{"@type":"Organization","@id":"https:\/\/www.nexoinformativo.mx\/#organization","name":"Nexo Informativo Santiago de Quer\u00e9taro","url":"https:\/\/www.nexoinformativo.mx\/","logo":{"@type":"ImageObject","inLanguage":"es","@id":"https:\/\/www.nexoinformativo.mx\/#\/schema\/logo\/image\/","url":"https:\/\/www.nexoinformativo.mx\/wp-content\/uploads\/2024\/07\/nexoi-trasparente-2.png","contentUrl":"https:\/\/www.nexoinformativo.mx\/wp-content\/uploads\/2024\/07\/nexoi-trasparente-2.png","width":816,"height":339,"caption":"Nexo Informativo Santiago de Quer\u00e9taro"},"image":{"@id":"https:\/\/www.nexoinformativo.mx\/#\/schema\/logo\/image\/"},"sameAs":["https:\/\/www.facebook.com\/people\/Nexo-Informativo\/61564066885511\/"]},{"@type":"Person","@id":"https:\/\/www.nexoinformativo.mx\/#\/schema\/person\/7749d380ba08c8ca00d7bc76fd907b7d","name":"Nexo Informativo","image":{"@type":"ImageObject","inLanguage":"es","@id":"https:\/\/www.nexoinformativo.mx\/#\/schema\/person\/image\/","url":"https:\/\/secure.gravatar.com\/avatar\/dde2928154642a13d95f87ddf1ea9718fe2b46760a005c53e41ff5ad610704e6?s=96&d=mm&r=g","contentUrl":"https:\/\/secure.gravatar.com\/avatar\/dde2928154642a13d95f87ddf1ea9718fe2b46760a005c53e41ff5ad610704e6?s=96&d=mm&r=g","caption":"Nexo Informativo"},"url":"https:\/\/www.nexoinformativo.mx\/index.php\/author\/edicion\/"}]}},"_links":{"self":[{"href":"https:\/\/www.nexoinformativo.mx\/index.php\/wp-json\/wp\/v2\/posts\/15404","targetHints":{"allow":["GET"]}}],"collection":[{"href":"https:\/\/www.nexoinformativo.mx\/index.php\/wp-json\/wp\/v2\/posts"}],"about":[{"href":"https:\/\/www.nexoinformativo.mx\/index.php\/wp-json\/wp\/v2\/types\/post"}],"author":[{"embeddable":true,"href":"https:\/\/www.nexoinformativo.mx\/index.php\/wp-json\/wp\/v2\/users\/3"}],"replies":[{"embeddable":true,"href":"https:\/\/www.nexoinformativo.mx\/index.php\/wp-json\/wp\/v2\/comments?post=15404"}],"version-history":[{"count":5,"href":"https:\/\/www.nexoinformativo.mx\/index.php\/wp-json\/wp\/v2\/posts\/15404\/revisions"}],"predecessor-version":[{"id":15408,"href":"https:\/\/www.nexoinformativo.mx\/index.php\/wp-json\/wp\/v2\/posts\/15404\/revisions\/15408"}],"wp:featuredmedia":[{"embeddable":true,"href":"https:\/\/www.nexoinformativo.mx\/index.php\/wp-json\/wp\/v2\/media\/15405"}],"wp:attachment":[{"href":"https:\/\/www.nexoinformativo.mx\/index.php\/wp-json\/wp\/v2\/media?parent=15404"}],"wp:term":[{"taxonomy":"category","embeddable":true,"href":"https:\/\/www.nexoinformativo.mx\/index.php\/wp-json\/wp\/v2\/categories?post=15404"},{"taxonomy":"post_tag","embeddable":true,"href":"https:\/\/www.nexoinformativo.mx\/index.php\/wp-json\/wp\/v2\/tags?post=15404"}],"curies":[{"name":"wp","href":"https:\/\/api.w.org\/{rel}","templated":true}]}}