{"id":15416,"date":"2025-05-29T08:00:35","date_gmt":"2025-05-29T14:00:35","guid":{"rendered":"https:\/\/www.nexoinformativo.mx\/?p=15416"},"modified":"2025-05-29T09:33:09","modified_gmt":"2025-05-29T15:33:09","slug":"conexion-historica-vuelo-directo-queretaro-madrid-acercara-al-bajio-con-europa-a-partir-de-octubre","status":"publish","type":"post","link":"https:\/\/www.nexoinformativo.mx\/index.php\/2025\/05\/29\/conexion-historica-vuelo-directo-queretaro-madrid-acercara-al-bajio-con-europa-a-partir-de-octubre\/","title":{"rendered":"Conexi\u00f3n hist\u00f3rica vuelo directo Quer\u00e9taro-Madrid acercar\u00e1 al Baj\u00edo con Europa a partir de Octubre"},"content":{"rendered":"<p style=\"text-align: justify;\" data-sourcepos=\"5:1-5:380\">El gobernador Mauricio Kuri encabez\u00f3 en Espa\u00f1a la presentaci\u00f3n oficial del nuevo vuelo directo entre Quer\u00e9taro y Madrid, que ser\u00e1 operado por la aerol\u00ednea Iberojet, filial del Grupo \u00c1voris. Este logro representa un avance significativo para la internacionalizaci\u00f3n del estado.<\/p>\n<p>&nbsp;<\/p>\n<p style=\"text-align: justify;\" data-sourcepos=\"7:1-7:268\">&#8220;Este vuelo nos coloca en un lugar privilegiado del mapa global. Conecta personas, culturas y oportunidades. Y confirma que Quer\u00e9taro est\u00e1 listo para recibir al mundo. Quer\u00e9taro y Espa\u00f1a estar\u00e1n m\u00e1s cerca que nunca&#8221;, expres\u00f3 el gobernador Kuri Gonz\u00e1lez con entusiasmo.<\/p>\n<p>&nbsp;<\/p>\n<p style=\"text-align: justify;\" data-sourcepos=\"9:1-9:396\">El vuelo iniciar\u00e1 operaciones en octubre con dos frecuencias semanales y tendr\u00e1 una tarifa inicial de 475 euros por tramo.<\/p>\n<p>&nbsp;<\/p>\n<p style=\"text-align: justify;\" data-sourcepos=\"9:1-9:396\">Cada avi\u00f3n tendr\u00e1 capacidad para 432 pasajeros. Se estima que, anualmente, m\u00e1s de 119 mil pasajeros viajan desde la regi\u00f3n del Baj\u00edo a Espa\u00f1a, lo que representa el 11% del total nacional, lo que demuestra el gran potencial de esta nueva ruta.<\/p>\n<p>&nbsp;<\/p>\n<p style=\"text-align: justify;\" data-sourcepos=\"15:1-15:218\">Durante la presentaci\u00f3n, la secretaria de Turismo del estado, Adriana Vega V\u00e1zquez, subray\u00f3 que esta nueva conexi\u00f3n a\u00e9rea es parte de una estrategia de conectividad tur\u00edstica enfocada en el mercado europeo.<\/p>\n<p>&nbsp;<\/p>\n<p style=\"text-align: justify;\" data-sourcepos=\"17:1-17:162\">&#8220;Este vuelo es una apuesta por el turismo de valor, las relaciones comerciales y el posicionamiento internacional de nuestro estado&#8221;, se\u00f1al\u00f3 Vega V\u00e1zquez .<\/p>\n<p>&nbsp;<\/p>\n<p style=\"text-align: justify;\" data-sourcepos=\"19:1-19:384\">Por su parte, Juan Carlos Gonz\u00e1lez, director general de Grupo \u00c1voris, destac\u00f3 que esta ruta va m\u00e1s all\u00e1 de ser un simple puente a\u00e9reo.<\/p>\n<\/p>\n<p>&nbsp;<\/p>\n<p style=\"text-align: justify;\">Es la apertura de una puerta directa entre Europa y el centro de M\u00e9xico, una oportunidad para impulsar el turismo, favorecer la inversi\u00f3n y estrechar la cooperaci\u00f3n entre dos regiones con lazos hist\u00f3ricos y una visi\u00f3n compartida hacia el futuro.<\/p>\n<p>&nbsp;<\/p>\n<p style=\"text-align: center;\" data-sourcepos=\"19:1-19:384\"><em><strong>\u00a1Informaci\u00f3n que transforma!<\/strong><\/em><\/p>\n","protected":false},"excerpt":{"rendered":"<p>El gobernador Mauricio Kuri encabez\u00f3 en Espa\u00f1a la presentaci\u00f3n oficial del nuevo vuelo directo entre Quer\u00e9taro y Madrid, que ser\u00e1 operado por la aerol\u00ednea Iberojet, filial del Grupo \u00c1voris. Este logro representa un avance significativo para la internacionalizaci\u00f3n del estado.<\/p>\n","protected":false},"author":3,"featured_media":15417,"comment_status":"open","ping_status":"open","sticky":false,"template":"","format":"standard","meta":{"footnotes":""},"categories":[5,42,58],"tags":[3213,4638,3639,4637],"class_list":["post-15416","post","type-post","status-publish","format-standard","has-post-thumbnail","hentry","category-economia","category-estado","category-ultima-hora","tag-iberojet","tag-queretarointernacional","tag-turismoqro","tag-vueloqromadrid"],"yoast_head":"<!-- This site is optimized with the Yoast SEO plugin v25.0 - https:\/\/yoast.com\/wordpress\/plugins\/seo\/ -->\n<title>Conexi\u00f3n hist\u00f3rica vuelo directo Quer\u00e9taro-Madrid acercar\u00e1 al Baj\u00edo con Europa a partir de Octubre | Nexo Informativo Santiago de Quer\u00e9taro<\/title>\n<meta name=\"description\" content=\"Conexi\u00f3n hist\u00f3rica vuelo directo Quer\u00e9taro-Madrid acercar\u00e1 al Baj\u00edo con Europa a partir de Octubre\" \/>\n<meta name=\"robots\" content=\"index, follow, max-snippet:-1, max-image-preview:large, max-video-preview:-1\" \/>\n<link rel=\"canonical\" href=\"https:\/\/www.nexoinformativo.mx\/index.php\/2025\/05\/29\/conexion-historica-vuelo-directo-queretaro-madrid-acercara-al-bajio-con-europa-a-partir-de-octubre\/\" \/>\n<meta property=\"og:locale\" content=\"es_MX\" \/>\n<meta property=\"og:type\" content=\"article\" \/>\n<meta property=\"og:title\" content=\"Conexi\u00f3n hist\u00f3rica vuelo directo Quer\u00e9taro-Madrid acercar\u00e1 al Baj\u00edo con Europa a partir de Octubre | Nexo Informativo Santiago de Quer\u00e9taro\" \/>\n<meta property=\"og:description\" content=\"Conexi\u00f3n hist\u00f3rica vuelo directo Quer\u00e9taro-Madrid acercar\u00e1 al Baj\u00edo con Europa a partir de Octubre\" \/>\n<meta property=\"og:url\" content=\"https:\/\/www.nexoinformativo.mx\/index.php\/2025\/05\/29\/conexion-historica-vuelo-directo-queretaro-madrid-acercara-al-bajio-con-europa-a-partir-de-octubre\/\" \/>\n<meta property=\"og:site_name\" content=\"Nexo Informativo Santiago de Quer\u00e9taro\" \/>\n<meta property=\"article:publisher\" content=\"https:\/\/www.facebook.com\/people\/Nexo-Informativo\/61564066885511\/\" \/>\n<meta property=\"article:published_time\" content=\"2025-05-29T14:00:35+00:00\" \/>\n<meta property=\"article:modified_time\" content=\"2025-05-29T15:33:09+00:00\" \/>\n<meta property=\"og:image\" content=\"https:\/\/www.nexoinformativo.mx\/wp-content\/uploads\/2025\/05\/7fd96153-5012-4b11-b2bf-9f73da991919-e1748532653636.jpg\" \/>\n\t<meta property=\"og:image:width\" content=\"800\" \/>\n\t<meta property=\"og:image:height\" content=\"556\" \/>\n\t<meta property=\"og:image:type\" content=\"image\/jpeg\" \/>\n<meta name=\"author\" content=\"Nexo Informativo\" \/>\n<meta name=\"twitter:card\" content=\"summary_large_image\" \/>\n<meta name=\"twitter:label1\" content=\"Escrito por\" \/>\n\t<meta name=\"twitter:data1\" content=\"Nexo Informativo\" \/>\n\t<meta name=\"twitter:label2\" content=\"Tiempo de lectura\" \/>\n\t<meta name=\"twitter:data2\" content=\"2 minutos\" \/>\n<script type=\"application\/ld+json\" class=\"yoast-schema-graph\">{\"@context\":\"https:\/\/schema.org\",\"@graph\":[{\"@type\":\"Article\",\"@id\":\"https:\/\/www.nexoinformativo.mx\/index.php\/2025\/05\/29\/conexion-historica-vuelo-directo-queretaro-madrid-acercara-al-bajio-con-europa-a-partir-de-octubre\/#article\",\"isPartOf\":{\"@id\":\"https:\/\/www.nexoinformativo.mx\/index.php\/2025\/05\/29\/conexion-historica-vuelo-directo-queretaro-madrid-acercara-al-bajio-con-europa-a-partir-de-octubre\/\"},\"author\":{\"name\":\"Nexo Informativo\",\"@id\":\"https:\/\/www.nexoinformativo.mx\/#\/schema\/person\/7749d380ba08c8ca00d7bc76fd907b7d\"},\"headline\":\"Conexi\u00f3n hist\u00f3rica vuelo directo Quer\u00e9taro-Madrid acercar\u00e1 al Baj\u00edo con Europa a partir de Octubre\",\"datePublished\":\"2025-05-29T14:00:35+00:00\",\"dateModified\":\"2025-05-29T15:33:09+00:00\",\"mainEntityOfPage\":{\"@id\":\"https:\/\/www.nexoinformativo.mx\/index.php\/2025\/05\/29\/conexion-historica-vuelo-directo-queretaro-madrid-acercara-al-bajio-con-europa-a-partir-de-octubre\/\"},\"wordCount\":318,\"commentCount\":0,\"publisher\":{\"@id\":\"https:\/\/www.nexoinformativo.mx\/#organization\"},\"image\":{\"@id\":\"https:\/\/www.nexoinformativo.mx\/index.php\/2025\/05\/29\/conexion-historica-vuelo-directo-queretaro-madrid-acercara-al-bajio-con-europa-a-partir-de-octubre\/#primaryimage\"},\"thumbnailUrl\":\"https:\/\/www.nexoinformativo.mx\/wp-content\/uploads\/2025\/05\/7fd96153-5012-4b11-b2bf-9f73da991919-e1748532653636.jpg\",\"keywords\":[\"Iberojet\",\"Quer\u00e9taroInternacional\",\"TurismoQro\",\"VueloQroMadrid\"],\"articleSection\":[\"Econom\u00eda\",\"Estado\",\"\u00daltima Hora\"],\"inLanguage\":\"es\",\"potentialAction\":[{\"@type\":\"CommentAction\",\"name\":\"Comment\",\"target\":[\"https:\/\/www.nexoinformativo.mx\/index.php\/2025\/05\/29\/conexion-historica-vuelo-directo-queretaro-madrid-acercara-al-bajio-con-europa-a-partir-de-octubre\/#respond\"]}]},{\"@type\":\"WebPage\",\"@id\":\"https:\/\/www.nexoinformativo.mx\/index.php\/2025\/05\/29\/conexion-historica-vuelo-directo-queretaro-madrid-acercara-al-bajio-con-europa-a-partir-de-octubre\/\",\"url\":\"https:\/\/www.nexoinformativo.mx\/index.php\/2025\/05\/29\/conexion-historica-vuelo-directo-queretaro-madrid-acercara-al-bajio-con-europa-a-partir-de-octubre\/\",\"name\":\"Conexi\u00f3n hist\u00f3rica vuelo directo Quer\u00e9taro-Madrid acercar\u00e1 al Baj\u00edo con Europa a partir de Octubre | Nexo Informativo Santiago de Quer\u00e9taro\",\"isPartOf\":{\"@id\":\"https:\/\/www.nexoinformativo.mx\/#website\"},\"primaryImageOfPage\":{\"@id\":\"https:\/\/www.nexoinformativo.mx\/index.php\/2025\/05\/29\/conexion-historica-vuelo-directo-queretaro-madrid-acercara-al-bajio-con-europa-a-partir-de-octubre\/#primaryimage\"},\"image\":{\"@id\":\"https:\/\/www.nexoinformativo.mx\/index.php\/2025\/05\/29\/conexion-historica-vuelo-directo-queretaro-madrid-acercara-al-bajio-con-europa-a-partir-de-octubre\/#primaryimage\"},\"thumbnailUrl\":\"https:\/\/www.nexoinformativo.mx\/wp-content\/uploads\/2025\/05\/7fd96153-5012-4b11-b2bf-9f73da991919-e1748532653636.jpg\",\"datePublished\":\"2025-05-29T14:00:35+00:00\",\"dateModified\":\"2025-05-29T15:33:09+00:00\",\"description\":\"Conexi\u00f3n hist\u00f3rica vuelo directo Quer\u00e9taro-Madrid acercar\u00e1 al Baj\u00edo con Europa a partir de Octubre\",\"breadcrumb\":{\"@id\":\"https:\/\/www.nexoinformativo.mx\/index.php\/2025\/05\/29\/conexion-historica-vuelo-directo-queretaro-madrid-acercara-al-bajio-con-europa-a-partir-de-octubre\/#breadcrumb\"},\"inLanguage\":\"es\",\"potentialAction\":[{\"@type\":\"ReadAction\",\"target\":[\"https:\/\/www.nexoinformativo.mx\/index.php\/2025\/05\/29\/conexion-historica-vuelo-directo-queretaro-madrid-acercara-al-bajio-con-europa-a-partir-de-octubre\/\"]}]},{\"@type\":\"ImageObject\",\"inLanguage\":\"es\",\"@id\":\"https:\/\/www.nexoinformativo.mx\/index.php\/2025\/05\/29\/conexion-historica-vuelo-directo-queretaro-madrid-acercara-al-bajio-con-europa-a-partir-de-octubre\/#primaryimage\",\"url\":\"https:\/\/www.nexoinformativo.mx\/wp-content\/uploads\/2025\/05\/7fd96153-5012-4b11-b2bf-9f73da991919-e1748532653636.jpg\",\"contentUrl\":\"https:\/\/www.nexoinformativo.mx\/wp-content\/uploads\/2025\/05\/7fd96153-5012-4b11-b2bf-9f73da991919-e1748532653636.jpg\",\"width\":800,\"height\":556},{\"@type\":\"BreadcrumbList\",\"@id\":\"https:\/\/www.nexoinformativo.mx\/index.php\/2025\/05\/29\/conexion-historica-vuelo-directo-queretaro-madrid-acercara-al-bajio-con-europa-a-partir-de-octubre\/#breadcrumb\",\"itemListElement\":[{\"@type\":\"ListItem\",\"position\":1,\"name\":\"Inicio\",\"item\":\"https:\/\/www.nexoinformativo.mx\/\"},{\"@type\":\"ListItem\",\"position\":2,\"name\":\"Conexi\u00f3n hist\u00f3rica vuelo directo Quer\u00e9taro-Madrid acercar\u00e1 al Baj\u00edo con Europa a partir de Octubre\"}]},{\"@type\":\"WebSite\",\"@id\":\"https:\/\/www.nexoinformativo.mx\/#website\",\"url\":\"https:\/\/www.nexoinformativo.mx\/\",\"name\":\"Nexo Informativo Santiago de Quer\u00e9taro\",\"description\":\"Explora NexoInformativo y convi\u00e9rtete en parte de una comunidad que valora el conocimiento y la verdad. Tu nexoinformativo es tu puente hacia una comprensi\u00f3n m\u00e1s profunda del mundo que te rodea.\",\"publisher\":{\"@id\":\"https:\/\/www.nexoinformativo.mx\/#organization\"},\"potentialAction\":[{\"@type\":\"SearchAction\",\"target\":{\"@type\":\"EntryPoint\",\"urlTemplate\":\"https:\/\/www.nexoinformativo.mx\/?s={search_term_string}\"},\"query-input\":{\"@type\":\"PropertyValueSpecification\",\"valueRequired\":true,\"valueName\":\"search_term_string\"}}],\"inLanguage\":\"es\"},{\"@type\":\"Organization\",\"@id\":\"https:\/\/www.nexoinformativo.mx\/#organization\",\"name\":\"Nexo Informativo Santiago de Quer\u00e9taro\",\"url\":\"https:\/\/www.nexoinformativo.mx\/\",\"logo\":{\"@type\":\"ImageObject\",\"inLanguage\":\"es\",\"@id\":\"https:\/\/www.nexoinformativo.mx\/#\/schema\/logo\/image\/\",\"url\":\"https:\/\/www.nexoinformativo.mx\/wp-content\/uploads\/2024\/07\/nexoi-trasparente-2.png\",\"contentUrl\":\"https:\/\/www.nexoinformativo.mx\/wp-content\/uploads\/2024\/07\/nexoi-trasparente-2.png\",\"width\":816,\"height\":339,\"caption\":\"Nexo Informativo Santiago de Quer\u00e9taro\"},\"image\":{\"@id\":\"https:\/\/www.nexoinformativo.mx\/#\/schema\/logo\/image\/\"},\"sameAs\":[\"https:\/\/www.facebook.com\/people\/Nexo-Informativo\/61564066885511\/\"]},{\"@type\":\"Person\",\"@id\":\"https:\/\/www.nexoinformativo.mx\/#\/schema\/person\/7749d380ba08c8ca00d7bc76fd907b7d\",\"name\":\"Nexo Informativo\",\"image\":{\"@type\":\"ImageObject\",\"inLanguage\":\"es\",\"@id\":\"https:\/\/www.nexoinformativo.mx\/#\/schema\/person\/image\/\",\"url\":\"https:\/\/secure.gravatar.com\/avatar\/dde2928154642a13d95f87ddf1ea9718fe2b46760a005c53e41ff5ad610704e6?s=96&d=mm&r=g\",\"contentUrl\":\"https:\/\/secure.gravatar.com\/avatar\/dde2928154642a13d95f87ddf1ea9718fe2b46760a005c53e41ff5ad610704e6?s=96&d=mm&r=g\",\"caption\":\"Nexo Informativo\"},\"url\":\"https:\/\/www.nexoinformativo.mx\/index.php\/author\/edicion\/\"}]}<\/script>\n<!-- \/ Yoast SEO plugin. -->","yoast_head_json":{"title":"Conexi\u00f3n hist\u00f3rica vuelo directo Quer\u00e9taro-Madrid acercar\u00e1 al Baj\u00edo con Europa a partir de Octubre | Nexo Informativo Santiago de Quer\u00e9taro","description":"Conexi\u00f3n hist\u00f3rica vuelo directo Quer\u00e9taro-Madrid acercar\u00e1 al Baj\u00edo con Europa a partir de Octubre","robots":{"index":"index","follow":"follow","max-snippet":"max-snippet:-1","max-image-preview":"max-image-preview:large","max-video-preview":"max-video-preview:-1"},"canonical":"https:\/\/www.nexoinformativo.mx\/index.php\/2025\/05\/29\/conexion-historica-vuelo-directo-queretaro-madrid-acercara-al-bajio-con-europa-a-partir-de-octubre\/","og_locale":"es_MX","og_type":"article","og_title":"Conexi\u00f3n hist\u00f3rica vuelo directo Quer\u00e9taro-Madrid acercar\u00e1 al Baj\u00edo con Europa a partir de Octubre | Nexo Informativo Santiago de Quer\u00e9taro","og_description":"Conexi\u00f3n hist\u00f3rica vuelo directo Quer\u00e9taro-Madrid acercar\u00e1 al Baj\u00edo con Europa a partir de Octubre","og_url":"https:\/\/www.nexoinformativo.mx\/index.php\/2025\/05\/29\/conexion-historica-vuelo-directo-queretaro-madrid-acercara-al-bajio-con-europa-a-partir-de-octubre\/","og_site_name":"Nexo Informativo Santiago de Quer\u00e9taro","article_publisher":"https:\/\/www.facebook.com\/people\/Nexo-Informativo\/61564066885511\/","article_published_time":"2025-05-29T14:00:35+00:00","article_modified_time":"2025-05-29T15:33:09+00:00","og_image":[{"width":800,"height":556,"url":"https:\/\/www.nexoinformativo.mx\/wp-content\/uploads\/2025\/05\/7fd96153-5012-4b11-b2bf-9f73da991919-e1748532653636.jpg","type":"image\/jpeg"}],"author":"Nexo Informativo","twitter_card":"summary_large_image","twitter_misc":{"Escrito por":"Nexo Informativo","Tiempo de lectura":"2 minutos"},"schema":{"@context":"https:\/\/schema.org","@graph":[{"@type":"Article","@id":"https:\/\/www.nexoinformativo.mx\/index.php\/2025\/05\/29\/conexion-historica-vuelo-directo-queretaro-madrid-acercara-al-bajio-con-europa-a-partir-de-octubre\/#article","isPartOf":{"@id":"https:\/\/www.nexoinformativo.mx\/index.php\/2025\/05\/29\/conexion-historica-vuelo-directo-queretaro-madrid-acercara-al-bajio-con-europa-a-partir-de-octubre\/"},"author":{"name":"Nexo Informativo","@id":"https:\/\/www.nexoinformativo.mx\/#\/schema\/person\/7749d380ba08c8ca00d7bc76fd907b7d"},"headline":"Conexi\u00f3n hist\u00f3rica vuelo directo Quer\u00e9taro-Madrid acercar\u00e1 al Baj\u00edo con Europa a partir de Octubre","datePublished":"2025-05-29T14:00:35+00:00","dateModified":"2025-05-29T15:33:09+00:00","mainEntityOfPage":{"@id":"https:\/\/www.nexoinformativo.mx\/index.php\/2025\/05\/29\/conexion-historica-vuelo-directo-queretaro-madrid-acercara-al-bajio-con-europa-a-partir-de-octubre\/"},"wordCount":318,"commentCount":0,"publisher":{"@id":"https:\/\/www.nexoinformativo.mx\/#organization"},"image":{"@id":"https:\/\/www.nexoinformativo.mx\/index.php\/2025\/05\/29\/conexion-historica-vuelo-directo-queretaro-madrid-acercara-al-bajio-con-europa-a-partir-de-octubre\/#primaryimage"},"thumbnailUrl":"https:\/\/www.nexoinformativo.mx\/wp-content\/uploads\/2025\/05\/7fd96153-5012-4b11-b2bf-9f73da991919-e1748532653636.jpg","keywords":["Iberojet","Quer\u00e9taroInternacional","TurismoQro","VueloQroMadrid"],"articleSection":["Econom\u00eda","Estado","\u00daltima Hora"],"inLanguage":"es","potentialAction":[{"@type":"CommentAction","name":"Comment","target":["https:\/\/www.nexoinformativo.mx\/index.php\/2025\/05\/29\/conexion-historica-vuelo-directo-queretaro-madrid-acercara-al-bajio-con-europa-a-partir-de-octubre\/#respond"]}]},{"@type":"WebPage","@id":"https:\/\/www.nexoinformativo.mx\/index.php\/2025\/05\/29\/conexion-historica-vuelo-directo-queretaro-madrid-acercara-al-bajio-con-europa-a-partir-de-octubre\/","url":"https:\/\/www.nexoinformativo.mx\/index.php\/2025\/05\/29\/conexion-historica-vuelo-directo-queretaro-madrid-acercara-al-bajio-con-europa-a-partir-de-octubre\/","name":"Conexi\u00f3n hist\u00f3rica vuelo directo Quer\u00e9taro-Madrid acercar\u00e1 al Baj\u00edo con Europa a partir de Octubre | Nexo Informativo Santiago de Quer\u00e9taro","isPartOf":{"@id":"https:\/\/www.nexoinformativo.mx\/#website"},"primaryImageOfPage":{"@id":"https:\/\/www.nexoinformativo.mx\/index.php\/2025\/05\/29\/conexion-historica-vuelo-directo-queretaro-madrid-acercara-al-bajio-con-europa-a-partir-de-octubre\/#primaryimage"},"image":{"@id":"https:\/\/www.nexoinformativo.mx\/index.php\/2025\/05\/29\/conexion-historica-vuelo-directo-queretaro-madrid-acercara-al-bajio-con-europa-a-partir-de-octubre\/#primaryimage"},"thumbnailUrl":"https:\/\/www.nexoinformativo.mx\/wp-content\/uploads\/2025\/05\/7fd96153-5012-4b11-b2bf-9f73da991919-e1748532653636.jpg","datePublished":"2025-05-29T14:00:35+00:00","dateModified":"2025-05-29T15:33:09+00:00","description":"Conexi\u00f3n hist\u00f3rica vuelo directo Quer\u00e9taro-Madrid acercar\u00e1 al Baj\u00edo con Europa a partir de Octubre","breadcrumb":{"@id":"https:\/\/www.nexoinformativo.mx\/index.php\/2025\/05\/29\/conexion-historica-vuelo-directo-queretaro-madrid-acercara-al-bajio-con-europa-a-partir-de-octubre\/#breadcrumb"},"inLanguage":"es","potentialAction":[{"@type":"ReadAction","target":["https:\/\/www.nexoinformativo.mx\/index.php\/2025\/05\/29\/conexion-historica-vuelo-directo-queretaro-madrid-acercara-al-bajio-con-europa-a-partir-de-octubre\/"]}]},{"@type":"ImageObject","inLanguage":"es","@id":"https:\/\/www.nexoinformativo.mx\/index.php\/2025\/05\/29\/conexion-historica-vuelo-directo-queretaro-madrid-acercara-al-bajio-con-europa-a-partir-de-octubre\/#primaryimage","url":"https:\/\/www.nexoinformativo.mx\/wp-content\/uploads\/2025\/05\/7fd96153-5012-4b11-b2bf-9f73da991919-e1748532653636.jpg","contentUrl":"https:\/\/www.nexoinformativo.mx\/wp-content\/uploads\/2025\/05\/7fd96153-5012-4b11-b2bf-9f73da991919-e1748532653636.jpg","width":800,"height":556},{"@type":"BreadcrumbList","@id":"https:\/\/www.nexoinformativo.mx\/index.php\/2025\/05\/29\/conexion-historica-vuelo-directo-queretaro-madrid-acercara-al-bajio-con-europa-a-partir-de-octubre\/#breadcrumb","itemListElement":[{"@type":"ListItem","position":1,"name":"Inicio","item":"https:\/\/www.nexoinformativo.mx\/"},{"@type":"ListItem","position":2,"name":"Conexi\u00f3n hist\u00f3rica vuelo directo Quer\u00e9taro-Madrid acercar\u00e1 al Baj\u00edo con Europa a partir de Octubre"}]},{"@type":"WebSite","@id":"https:\/\/www.nexoinformativo.mx\/#website","url":"https:\/\/www.nexoinformativo.mx\/","name":"Nexo Informativo Santiago de Quer\u00e9taro","description":"Explora NexoInformativo y convi\u00e9rtete en parte de una comunidad que valora el conocimiento y la verdad. Tu nexoinformativo es tu puente hacia una comprensi\u00f3n m\u00e1s profunda del mundo que te rodea.","publisher":{"@id":"https:\/\/www.nexoinformativo.mx\/#organization"},"potentialAction":[{"@type":"SearchAction","target":{"@type":"EntryPoint","urlTemplate":"https:\/\/www.nexoinformativo.mx\/?s={search_term_string}"},"query-input":{"@type":"PropertyValueSpecification","valueRequired":true,"valueName":"search_term_string"}}],"inLanguage":"es"},{"@type":"Organization","@id":"https:\/\/www.nexoinformativo.mx\/#organization","name":"Nexo Informativo Santiago de Quer\u00e9taro","url":"https:\/\/www.nexoinformativo.mx\/","logo":{"@type":"ImageObject","inLanguage":"es","@id":"https:\/\/www.nexoinformativo.mx\/#\/schema\/logo\/image\/","url":"https:\/\/www.nexoinformativo.mx\/wp-content\/uploads\/2024\/07\/nexoi-trasparente-2.png","contentUrl":"https:\/\/www.nexoinformativo.mx\/wp-content\/uploads\/2024\/07\/nexoi-trasparente-2.png","width":816,"height":339,"caption":"Nexo Informativo Santiago de Quer\u00e9taro"},"image":{"@id":"https:\/\/www.nexoinformativo.mx\/#\/schema\/logo\/image\/"},"sameAs":["https:\/\/www.facebook.com\/people\/Nexo-Informativo\/61564066885511\/"]},{"@type":"Person","@id":"https:\/\/www.nexoinformativo.mx\/#\/schema\/person\/7749d380ba08c8ca00d7bc76fd907b7d","name":"Nexo Informativo","image":{"@type":"ImageObject","inLanguage":"es","@id":"https:\/\/www.nexoinformativo.mx\/#\/schema\/person\/image\/","url":"https:\/\/secure.gravatar.com\/avatar\/dde2928154642a13d95f87ddf1ea9718fe2b46760a005c53e41ff5ad610704e6?s=96&d=mm&r=g","contentUrl":"https:\/\/secure.gravatar.com\/avatar\/dde2928154642a13d95f87ddf1ea9718fe2b46760a005c53e41ff5ad610704e6?s=96&d=mm&r=g","caption":"Nexo Informativo"},"url":"https:\/\/www.nexoinformativo.mx\/index.php\/author\/edicion\/"}]}},"_links":{"self":[{"href":"https:\/\/www.nexoinformativo.mx\/index.php\/wp-json\/wp\/v2\/posts\/15416","targetHints":{"allow":["GET"]}}],"collection":[{"href":"https:\/\/www.nexoinformativo.mx\/index.php\/wp-json\/wp\/v2\/posts"}],"about":[{"href":"https:\/\/www.nexoinformativo.mx\/index.php\/wp-json\/wp\/v2\/types\/post"}],"author":[{"embeddable":true,"href":"https:\/\/www.nexoinformativo.mx\/index.php\/wp-json\/wp\/v2\/users\/3"}],"replies":[{"embeddable":true,"href":"https:\/\/www.nexoinformativo.mx\/index.php\/wp-json\/wp\/v2\/comments?post=15416"}],"version-history":[{"count":6,"href":"https:\/\/www.nexoinformativo.mx\/index.php\/wp-json\/wp\/v2\/posts\/15416\/revisions"}],"predecessor-version":[{"id":15420,"href":"https:\/\/www.nexoinformativo.mx\/index.php\/wp-json\/wp\/v2\/posts\/15416\/revisions\/15420"}],"wp:featuredmedia":[{"embeddable":true,"href":"https:\/\/www.nexoinformativo.mx\/index.php\/wp-json\/wp\/v2\/media\/15417"}],"wp:attachment":[{"href":"https:\/\/www.nexoinformativo.mx\/index.php\/wp-json\/wp\/v2\/media?parent=15416"}],"wp:term":[{"taxonomy":"category","embeddable":true,"href":"https:\/\/www.nexoinformativo.mx\/index.php\/wp-json\/wp\/v2\/categories?post=15416"},{"taxonomy":"post_tag","embeddable":true,"href":"https:\/\/www.nexoinformativo.mx\/index.php\/wp-json\/wp\/v2\/tags?post=15416"}],"curies":[{"name":"wp","href":"https:\/\/api.w.org\/{rel}","templated":true}]}}