{"id":15424,"date":"2025-05-29T08:30:26","date_gmt":"2025-05-29T14:30:26","guid":{"rendered":"https:\/\/www.nexoinformativo.mx\/?p=15424"},"modified":"2025-05-29T09:39:37","modified_gmt":"2025-05-29T15:39:37","slug":"tu-bolsillo-inteligente-profeco-revela-precios-de-temporada-para-cebolla-acelga-calabaza-y-ajo","status":"publish","type":"post","link":"https:\/\/www.nexoinformativo.mx\/index.php\/2025\/05\/29\/tu-bolsillo-inteligente-profeco-revela-precios-de-temporada-para-cebolla-acelga-calabaza-y-ajo\/","title":{"rendered":"Tu bolsillo inteligente Profeco revela precios de temporada para cebolla, acelga, calabaza y ajo"},"content":{"rendered":"<p style=\"text-align: justify;\" data-sourcepos=\"5:1-5:516\">La Procuradur\u00eda Federal del Consumidor (Profeco), en el marco del programa \u201cVive Saludable, Vive Feliz\u201d impulsado por la Presidenta de M\u00e9xico, Sheinbaum, ha monitoreado los precios de verduras clave como la acelga, la calabaza, el ajo y la cebolla blanca.<\/p>\n<p>&nbsp;<\/p>\n<p style=\"text-align: justify;\" data-sourcepos=\"5:1-5:516\">Estos productos se encuentran en su mejor momento de cosecha y comercializaci\u00f3n, lo que significa buenos precios para tu econom\u00eda y grandes beneficios para tu salud.<\/p>\n<p>&nbsp;<\/p>\n<p style=\"text-align: justify;\" data-sourcepos=\"7:1-7:213\">A trav\u00e9s de su herramienta &#8220;Qui\u00e9n es Qui\u00e9n en los Precios&#8221;, la Profeco te ayuda a tomar decisiones de compra informadas. Aqu\u00ed te presentamos los precios m\u00e1ximos y m\u00ednimos encontrados en diversos mercados del pa\u00eds:<\/p>\n<p>&nbsp;<\/p>\n<p style=\"text-align: justify;\" data-sourcepos=\"11:1-11:135\">La cebolla blanca, rica en vitaminas y minerales, es un potente antioxidante que ayuda a la circulaci\u00f3n sangu\u00ednea y protege el coraz\u00f3n.<\/p>\n<p>&nbsp;<\/p>\n<ul style=\"text-align: justify;\" data-sourcepos=\"12:1-16:0\">\n<li data-sourcepos=\"12:1-12:74\">Precio m\u00e1s bajo: $6.00 el kilo en la Central de Abastos de Durango.<\/li>\n<li data-sourcepos=\"13:1-13:51\">Precios en CDMX y Edo. M\u00e9x.: $10.00 el kilo.<\/li>\n<li data-sourcepos=\"14:1-14:45\">Precio en Guadalajara: $13.50 el kilo.<\/li>\n<li data-sourcepos=\"15:1-16:0\">Precio m\u00e1s elevado: $39.90 el kilo en la Ciudad de M\u00e9xico y Guadalajara.<\/li>\n<\/ul>\n<p>&nbsp;<\/p>\n<p style=\"text-align: justify;\" data-sourcepos=\"19:1-19:180\">La acelga, fuente de vitaminas A, C, E y K, y minerales esenciales, combate la anemia, mejora la circulaci\u00f3n, previene el estre\u00f1imiento y regula el colesterol. Se vende por manojo.<\/p>\n<\/p>\n<p>&nbsp;<\/p>\n<ul style=\"text-align: justify;\" data-sourcepos=\"20:1-23:0\">\n<li data-sourcepos=\"20:1-20:52\">Precio m\u00e1s bajo: $5.80 el manojo en Veracruz.<\/li>\n<li data-sourcepos=\"21:1-21:32\">Precios en M\u00e9rida: $5.90.<\/li>\n<li data-sourcepos=\"22:1-23:0\">Precio m\u00e1s elevado: $22.90 el manojo en Saltillo, Coahuila.<\/li>\n<\/ul>\n<p>&nbsp;<\/p>\n<p style=\"text-align: justify;\" data-sourcepos=\"26:1-26:174\">La calabaza es baja en calor\u00edas y rica en vitaminas del complejo B, C y A, adem\u00e1s de antioxidantes. Se recomienda consumirla con piel, donde concentra gran parte de su fibra.<\/p>\n<\/p>\n<p>&nbsp;<\/p>\n<ul style=\"text-align: justify;\" data-sourcepos=\"27:1-30:0\">\n<li data-sourcepos=\"27:1-27:51\">Precio m\u00e1s bajo: $18.90 el kilo en Veracruz.<\/li>\n<li data-sourcepos=\"28:1-28:51\">Precios en CDMX y Edo. M\u00e9x.: $20.00 el kilo.<\/li>\n<li data-sourcepos=\"29:1-30:0\">Precio m\u00e1s elevado: $49.90 el kilo en el Estado de M\u00e9xico y Puebla.<\/li>\n<\/ul>\n<p style=\"text-align: justify;\" data-sourcepos=\"33:1-33:226\">El ajo, de alto valor nutritivo y bajo en calor\u00edas, es rico en vitaminas C y B6, y minerales como yodo y potasio. Contiene alicina, que ayuda a disminuir el colesterol y posee antioxidantes que protegen contra el da\u00f1o celular.<\/p>\n<\/p>\n<p>&nbsp;<\/p>\n<ul style=\"text-align: justify;\" data-sourcepos=\"34:1-37:0\">\n<li data-sourcepos=\"34:1-34:60\">Precio m\u00e1s bajo: $105.90 el kilo en Le\u00f3n, Guanajuato.<\/li>\n<li data-sourcepos=\"35:1-35:39\">Precio en CDMX: $120.00 el kilo.<\/li>\n<li data-sourcepos=\"36:1-37:0\">Precio m\u00e1s elevado: $259.99 el kilo en Ciudad Ju\u00e1rez.<\/li>\n<\/ul>\n<p style=\"text-align: justify;\" data-sourcepos=\"38:1-38:516\">La Profeco invita a los consumidores a visitar el sitio &#8220;Qui\u00e9n es Qui\u00e9n en los Precios&#8221; (<a href=\"https:\/\/qqp.profeco.gob.mx\/\" target=\"_blank\" rel=\"noopener\">https:\/\/qqp.profeco.gob.mx<\/a>)para consultar los precios de estos y otros productos de temporada en comercios cercanos a su localidad.<\/p>\n<p style=\"text-align: justify;\" data-sourcepos=\"38:1-38:516\">Adem\u00e1s, para cocinar platillos ricos y saludables, recomienda el portal &#8220;Platillo Sabio&#8221; (<a href=\"https:\/\/www.gob.mx\/profeco\/documentos\/platillo-sabio-profeco-pdf?state=published\" target=\"_blank\" rel=\"noopener\">https:\/\/www.gob.mx\/profeco\/documentos\/platillo-sabio-profeco-pdf?state=published<\/a>).<\/p>\n<p style=\"text-align: center;\" data-sourcepos=\"38:1-38:516\"><em><strong>\u00a1Informaci\u00f3n que transforma!<\/strong><\/em><\/p>\n","protected":false},"excerpt":{"rendered":"<p>La Procuradur\u00eda Federal del Consumidor (Profeco), en el marco del programa \u201cVive Saludable, Vive Feliz\u201d impulsado por la Presidenta de M\u00e9xico, Sheinbaum, ha monitoreado los precios de verduras clave como la acelga, la calabaza, el ajo y la cebolla blanca.<\/p>\n","protected":false},"author":3,"featured_media":15425,"comment_status":"open","ping_status":"open","sticky":false,"template":"","format":"standard","meta":{"footnotes":""},"categories":[5,88,58],"tags":[4639,3958,4147,3733],"class_list":["post-15424","post","type-post","status-publish","format-standard","has-post-thumbnail","hentry","category-economia","category-nacional","category-ultima-hora","tag-ahorraconprofeco","tag-preciosjustos","tag-profecoinforma","tag-vivesaludable"],"yoast_head":"<!-- This site is optimized with the Yoast SEO plugin v25.0 - https:\/\/yoast.com\/wordpress\/plugins\/seo\/ -->\n<title>Tu bolsillo inteligente Profeco revela precios de temporada para cebolla, acelga, calabaza y ajo | Nexo Informativo Santiago de Quer\u00e9taro<\/title>\n<meta name=\"description\" content=\"Tu bolsillo inteligente Profeco revela precios de temporada para cebolla, acelga, calabaza y ajo\" \/>\n<meta name=\"robots\" content=\"index, follow, max-snippet:-1, max-image-preview:large, max-video-preview:-1\" \/>\n<link rel=\"canonical\" href=\"https:\/\/www.nexoinformativo.mx\/index.php\/2025\/05\/29\/tu-bolsillo-inteligente-profeco-revela-precios-de-temporada-para-cebolla-acelga-calabaza-y-ajo\/\" \/>\n<meta property=\"og:locale\" content=\"es_MX\" \/>\n<meta property=\"og:type\" content=\"article\" \/>\n<meta property=\"og:title\" content=\"Tu bolsillo inteligente Profeco revela precios de temporada para cebolla, acelga, calabaza y ajo | Nexo Informativo Santiago de Quer\u00e9taro\" \/>\n<meta property=\"og:description\" content=\"Tu bolsillo inteligente Profeco revela precios de temporada para cebolla, acelga, calabaza y ajo\" \/>\n<meta property=\"og:url\" content=\"https:\/\/www.nexoinformativo.mx\/index.php\/2025\/05\/29\/tu-bolsillo-inteligente-profeco-revela-precios-de-temporada-para-cebolla-acelga-calabaza-y-ajo\/\" \/>\n<meta property=\"og:site_name\" content=\"Nexo Informativo Santiago de Quer\u00e9taro\" \/>\n<meta property=\"article:publisher\" content=\"https:\/\/www.facebook.com\/people\/Nexo-Informativo\/61564066885511\/\" \/>\n<meta property=\"article:published_time\" content=\"2025-05-29T14:30:26+00:00\" \/>\n<meta property=\"article:modified_time\" content=\"2025-05-29T15:39:37+00:00\" \/>\n<meta property=\"og:image\" content=\"https:\/\/www.nexoinformativo.mx\/wp-content\/uploads\/2025\/05\/IMG_3460-e1748533069440.jpg\" \/>\n\t<meta property=\"og:image:width\" content=\"800\" \/>\n\t<meta property=\"og:image:height\" content=\"688\" \/>\n\t<meta property=\"og:image:type\" content=\"image\/jpeg\" \/>\n<meta name=\"author\" content=\"Nexo Informativo\" \/>\n<meta name=\"twitter:card\" content=\"summary_large_image\" \/>\n<meta name=\"twitter:label1\" content=\"Escrito por\" \/>\n\t<meta name=\"twitter:data1\" content=\"Nexo Informativo\" \/>\n\t<meta name=\"twitter:label2\" content=\"Tiempo de lectura\" \/>\n\t<meta name=\"twitter:data2\" content=\"2 minutos\" \/>\n<script type=\"application\/ld+json\" class=\"yoast-schema-graph\">{\"@context\":\"https:\/\/schema.org\",\"@graph\":[{\"@type\":\"Article\",\"@id\":\"https:\/\/www.nexoinformativo.mx\/index.php\/2025\/05\/29\/tu-bolsillo-inteligente-profeco-revela-precios-de-temporada-para-cebolla-acelga-calabaza-y-ajo\/#article\",\"isPartOf\":{\"@id\":\"https:\/\/www.nexoinformativo.mx\/index.php\/2025\/05\/29\/tu-bolsillo-inteligente-profeco-revela-precios-de-temporada-para-cebolla-acelga-calabaza-y-ajo\/\"},\"author\":{\"name\":\"Nexo Informativo\",\"@id\":\"https:\/\/www.nexoinformativo.mx\/#\/schema\/person\/7749d380ba08c8ca00d7bc76fd907b7d\"},\"headline\":\"Tu bolsillo inteligente Profeco revela precios de temporada para cebolla, acelga, calabaza y ajo\",\"datePublished\":\"2025-05-29T14:30:26+00:00\",\"dateModified\":\"2025-05-29T15:39:37+00:00\",\"mainEntityOfPage\":{\"@id\":\"https:\/\/www.nexoinformativo.mx\/index.php\/2025\/05\/29\/tu-bolsillo-inteligente-profeco-revela-precios-de-temporada-para-cebolla-acelga-calabaza-y-ajo\/\"},\"wordCount\":450,\"commentCount\":0,\"publisher\":{\"@id\":\"https:\/\/www.nexoinformativo.mx\/#organization\"},\"image\":{\"@id\":\"https:\/\/www.nexoinformativo.mx\/index.php\/2025\/05\/29\/tu-bolsillo-inteligente-profeco-revela-precios-de-temporada-para-cebolla-acelga-calabaza-y-ajo\/#primaryimage\"},\"thumbnailUrl\":\"https:\/\/www.nexoinformativo.mx\/wp-content\/uploads\/2025\/05\/IMG_3460-e1748533069440.jpg\",\"keywords\":[\"AhorraConProfeco\",\"PreciosJustos\",\"ProfecoInforma\",\"ViveSaludable\"],\"articleSection\":[\"Econom\u00eda\",\"Nacional\",\"\u00daltima Hora\"],\"inLanguage\":\"es\",\"potentialAction\":[{\"@type\":\"CommentAction\",\"name\":\"Comment\",\"target\":[\"https:\/\/www.nexoinformativo.mx\/index.php\/2025\/05\/29\/tu-bolsillo-inteligente-profeco-revela-precios-de-temporada-para-cebolla-acelga-calabaza-y-ajo\/#respond\"]}]},{\"@type\":\"WebPage\",\"@id\":\"https:\/\/www.nexoinformativo.mx\/index.php\/2025\/05\/29\/tu-bolsillo-inteligente-profeco-revela-precios-de-temporada-para-cebolla-acelga-calabaza-y-ajo\/\",\"url\":\"https:\/\/www.nexoinformativo.mx\/index.php\/2025\/05\/29\/tu-bolsillo-inteligente-profeco-revela-precios-de-temporada-para-cebolla-acelga-calabaza-y-ajo\/\",\"name\":\"Tu bolsillo inteligente Profeco revela precios de temporada para cebolla, acelga, calabaza y ajo | Nexo Informativo Santiago de Quer\u00e9taro\",\"isPartOf\":{\"@id\":\"https:\/\/www.nexoinformativo.mx\/#website\"},\"primaryImageOfPage\":{\"@id\":\"https:\/\/www.nexoinformativo.mx\/index.php\/2025\/05\/29\/tu-bolsillo-inteligente-profeco-revela-precios-de-temporada-para-cebolla-acelga-calabaza-y-ajo\/#primaryimage\"},\"image\":{\"@id\":\"https:\/\/www.nexoinformativo.mx\/index.php\/2025\/05\/29\/tu-bolsillo-inteligente-profeco-revela-precios-de-temporada-para-cebolla-acelga-calabaza-y-ajo\/#primaryimage\"},\"thumbnailUrl\":\"https:\/\/www.nexoinformativo.mx\/wp-content\/uploads\/2025\/05\/IMG_3460-e1748533069440.jpg\",\"datePublished\":\"2025-05-29T14:30:26+00:00\",\"dateModified\":\"2025-05-29T15:39:37+00:00\",\"description\":\"Tu bolsillo inteligente Profeco revela precios de temporada para cebolla, acelga, calabaza y ajo\",\"breadcrumb\":{\"@id\":\"https:\/\/www.nexoinformativo.mx\/index.php\/2025\/05\/29\/tu-bolsillo-inteligente-profeco-revela-precios-de-temporada-para-cebolla-acelga-calabaza-y-ajo\/#breadcrumb\"},\"inLanguage\":\"es\",\"potentialAction\":[{\"@type\":\"ReadAction\",\"target\":[\"https:\/\/www.nexoinformativo.mx\/index.php\/2025\/05\/29\/tu-bolsillo-inteligente-profeco-revela-precios-de-temporada-para-cebolla-acelga-calabaza-y-ajo\/\"]}]},{\"@type\":\"ImageObject\",\"inLanguage\":\"es\",\"@id\":\"https:\/\/www.nexoinformativo.mx\/index.php\/2025\/05\/29\/tu-bolsillo-inteligente-profeco-revela-precios-de-temporada-para-cebolla-acelga-calabaza-y-ajo\/#primaryimage\",\"url\":\"https:\/\/www.nexoinformativo.mx\/wp-content\/uploads\/2025\/05\/IMG_3460-e1748533069440.jpg\",\"contentUrl\":\"https:\/\/www.nexoinformativo.mx\/wp-content\/uploads\/2025\/05\/IMG_3460-e1748533069440.jpg\",\"width\":800,\"height\":688},{\"@type\":\"BreadcrumbList\",\"@id\":\"https:\/\/www.nexoinformativo.mx\/index.php\/2025\/05\/29\/tu-bolsillo-inteligente-profeco-revela-precios-de-temporada-para-cebolla-acelga-calabaza-y-ajo\/#breadcrumb\",\"itemListElement\":[{\"@type\":\"ListItem\",\"position\":1,\"name\":\"Inicio\",\"item\":\"https:\/\/www.nexoinformativo.mx\/\"},{\"@type\":\"ListItem\",\"position\":2,\"name\":\"Tu bolsillo inteligente Profeco revela precios de temporada para cebolla, acelga, calabaza y ajo\"}]},{\"@type\":\"WebSite\",\"@id\":\"https:\/\/www.nexoinformativo.mx\/#website\",\"url\":\"https:\/\/www.nexoinformativo.mx\/\",\"name\":\"Nexo Informativo Santiago de Quer\u00e9taro\",\"description\":\"Explora NexoInformativo y convi\u00e9rtete en parte de una comunidad que valora el conocimiento y la verdad. Tu nexoinformativo es tu puente hacia una comprensi\u00f3n m\u00e1s profunda del mundo que te rodea.\",\"publisher\":{\"@id\":\"https:\/\/www.nexoinformativo.mx\/#organization\"},\"potentialAction\":[{\"@type\":\"SearchAction\",\"target\":{\"@type\":\"EntryPoint\",\"urlTemplate\":\"https:\/\/www.nexoinformativo.mx\/?s={search_term_string}\"},\"query-input\":{\"@type\":\"PropertyValueSpecification\",\"valueRequired\":true,\"valueName\":\"search_term_string\"}}],\"inLanguage\":\"es\"},{\"@type\":\"Organization\",\"@id\":\"https:\/\/www.nexoinformativo.mx\/#organization\",\"name\":\"Nexo Informativo Santiago de Quer\u00e9taro\",\"url\":\"https:\/\/www.nexoinformativo.mx\/\",\"logo\":{\"@type\":\"ImageObject\",\"inLanguage\":\"es\",\"@id\":\"https:\/\/www.nexoinformativo.mx\/#\/schema\/logo\/image\/\",\"url\":\"https:\/\/www.nexoinformativo.mx\/wp-content\/uploads\/2024\/07\/nexoi-trasparente-2.png\",\"contentUrl\":\"https:\/\/www.nexoinformativo.mx\/wp-content\/uploads\/2024\/07\/nexoi-trasparente-2.png\",\"width\":816,\"height\":339,\"caption\":\"Nexo Informativo Santiago de Quer\u00e9taro\"},\"image\":{\"@id\":\"https:\/\/www.nexoinformativo.mx\/#\/schema\/logo\/image\/\"},\"sameAs\":[\"https:\/\/www.facebook.com\/people\/Nexo-Informativo\/61564066885511\/\"]},{\"@type\":\"Person\",\"@id\":\"https:\/\/www.nexoinformativo.mx\/#\/schema\/person\/7749d380ba08c8ca00d7bc76fd907b7d\",\"name\":\"Nexo Informativo\",\"image\":{\"@type\":\"ImageObject\",\"inLanguage\":\"es\",\"@id\":\"https:\/\/www.nexoinformativo.mx\/#\/schema\/person\/image\/\",\"url\":\"https:\/\/secure.gravatar.com\/avatar\/dde2928154642a13d95f87ddf1ea9718fe2b46760a005c53e41ff5ad610704e6?s=96&d=mm&r=g\",\"contentUrl\":\"https:\/\/secure.gravatar.com\/avatar\/dde2928154642a13d95f87ddf1ea9718fe2b46760a005c53e41ff5ad610704e6?s=96&d=mm&r=g\",\"caption\":\"Nexo Informativo\"},\"url\":\"https:\/\/www.nexoinformativo.mx\/index.php\/author\/edicion\/\"}]}<\/script>\n<!-- \/ Yoast SEO plugin. -->","yoast_head_json":{"title":"Tu bolsillo inteligente Profeco revela precios de temporada para cebolla, acelga, calabaza y ajo | Nexo Informativo Santiago de Quer\u00e9taro","description":"Tu bolsillo inteligente Profeco revela precios de temporada para cebolla, acelga, calabaza y ajo","robots":{"index":"index","follow":"follow","max-snippet":"max-snippet:-1","max-image-preview":"max-image-preview:large","max-video-preview":"max-video-preview:-1"},"canonical":"https:\/\/www.nexoinformativo.mx\/index.php\/2025\/05\/29\/tu-bolsillo-inteligente-profeco-revela-precios-de-temporada-para-cebolla-acelga-calabaza-y-ajo\/","og_locale":"es_MX","og_type":"article","og_title":"Tu bolsillo inteligente Profeco revela precios de temporada para cebolla, acelga, calabaza y ajo | Nexo Informativo Santiago de Quer\u00e9taro","og_description":"Tu bolsillo inteligente Profeco revela precios de temporada para cebolla, acelga, calabaza y ajo","og_url":"https:\/\/www.nexoinformativo.mx\/index.php\/2025\/05\/29\/tu-bolsillo-inteligente-profeco-revela-precios-de-temporada-para-cebolla-acelga-calabaza-y-ajo\/","og_site_name":"Nexo Informativo Santiago de Quer\u00e9taro","article_publisher":"https:\/\/www.facebook.com\/people\/Nexo-Informativo\/61564066885511\/","article_published_time":"2025-05-29T14:30:26+00:00","article_modified_time":"2025-05-29T15:39:37+00:00","og_image":[{"width":800,"height":688,"url":"https:\/\/www.nexoinformativo.mx\/wp-content\/uploads\/2025\/05\/IMG_3460-e1748533069440.jpg","type":"image\/jpeg"}],"author":"Nexo Informativo","twitter_card":"summary_large_image","twitter_misc":{"Escrito por":"Nexo Informativo","Tiempo de lectura":"2 minutos"},"schema":{"@context":"https:\/\/schema.org","@graph":[{"@type":"Article","@id":"https:\/\/www.nexoinformativo.mx\/index.php\/2025\/05\/29\/tu-bolsillo-inteligente-profeco-revela-precios-de-temporada-para-cebolla-acelga-calabaza-y-ajo\/#article","isPartOf":{"@id":"https:\/\/www.nexoinformativo.mx\/index.php\/2025\/05\/29\/tu-bolsillo-inteligente-profeco-revela-precios-de-temporada-para-cebolla-acelga-calabaza-y-ajo\/"},"author":{"name":"Nexo Informativo","@id":"https:\/\/www.nexoinformativo.mx\/#\/schema\/person\/7749d380ba08c8ca00d7bc76fd907b7d"},"headline":"Tu bolsillo inteligente Profeco revela precios de temporada para cebolla, acelga, calabaza y ajo","datePublished":"2025-05-29T14:30:26+00:00","dateModified":"2025-05-29T15:39:37+00:00","mainEntityOfPage":{"@id":"https:\/\/www.nexoinformativo.mx\/index.php\/2025\/05\/29\/tu-bolsillo-inteligente-profeco-revela-precios-de-temporada-para-cebolla-acelga-calabaza-y-ajo\/"},"wordCount":450,"commentCount":0,"publisher":{"@id":"https:\/\/www.nexoinformativo.mx\/#organization"},"image":{"@id":"https:\/\/www.nexoinformativo.mx\/index.php\/2025\/05\/29\/tu-bolsillo-inteligente-profeco-revela-precios-de-temporada-para-cebolla-acelga-calabaza-y-ajo\/#primaryimage"},"thumbnailUrl":"https:\/\/www.nexoinformativo.mx\/wp-content\/uploads\/2025\/05\/IMG_3460-e1748533069440.jpg","keywords":["AhorraConProfeco","PreciosJustos","ProfecoInforma","ViveSaludable"],"articleSection":["Econom\u00eda","Nacional","\u00daltima Hora"],"inLanguage":"es","potentialAction":[{"@type":"CommentAction","name":"Comment","target":["https:\/\/www.nexoinformativo.mx\/index.php\/2025\/05\/29\/tu-bolsillo-inteligente-profeco-revela-precios-de-temporada-para-cebolla-acelga-calabaza-y-ajo\/#respond"]}]},{"@type":"WebPage","@id":"https:\/\/www.nexoinformativo.mx\/index.php\/2025\/05\/29\/tu-bolsillo-inteligente-profeco-revela-precios-de-temporada-para-cebolla-acelga-calabaza-y-ajo\/","url":"https:\/\/www.nexoinformativo.mx\/index.php\/2025\/05\/29\/tu-bolsillo-inteligente-profeco-revela-precios-de-temporada-para-cebolla-acelga-calabaza-y-ajo\/","name":"Tu bolsillo inteligente Profeco revela precios de temporada para cebolla, acelga, calabaza y ajo | Nexo Informativo Santiago de Quer\u00e9taro","isPartOf":{"@id":"https:\/\/www.nexoinformativo.mx\/#website"},"primaryImageOfPage":{"@id":"https:\/\/www.nexoinformativo.mx\/index.php\/2025\/05\/29\/tu-bolsillo-inteligente-profeco-revela-precios-de-temporada-para-cebolla-acelga-calabaza-y-ajo\/#primaryimage"},"image":{"@id":"https:\/\/www.nexoinformativo.mx\/index.php\/2025\/05\/29\/tu-bolsillo-inteligente-profeco-revela-precios-de-temporada-para-cebolla-acelga-calabaza-y-ajo\/#primaryimage"},"thumbnailUrl":"https:\/\/www.nexoinformativo.mx\/wp-content\/uploads\/2025\/05\/IMG_3460-e1748533069440.jpg","datePublished":"2025-05-29T14:30:26+00:00","dateModified":"2025-05-29T15:39:37+00:00","description":"Tu bolsillo inteligente Profeco revela precios de temporada para cebolla, acelga, calabaza y ajo","breadcrumb":{"@id":"https:\/\/www.nexoinformativo.mx\/index.php\/2025\/05\/29\/tu-bolsillo-inteligente-profeco-revela-precios-de-temporada-para-cebolla-acelga-calabaza-y-ajo\/#breadcrumb"},"inLanguage":"es","potentialAction":[{"@type":"ReadAction","target":["https:\/\/www.nexoinformativo.mx\/index.php\/2025\/05\/29\/tu-bolsillo-inteligente-profeco-revela-precios-de-temporada-para-cebolla-acelga-calabaza-y-ajo\/"]}]},{"@type":"ImageObject","inLanguage":"es","@id":"https:\/\/www.nexoinformativo.mx\/index.php\/2025\/05\/29\/tu-bolsillo-inteligente-profeco-revela-precios-de-temporada-para-cebolla-acelga-calabaza-y-ajo\/#primaryimage","url":"https:\/\/www.nexoinformativo.mx\/wp-content\/uploads\/2025\/05\/IMG_3460-e1748533069440.jpg","contentUrl":"https:\/\/www.nexoinformativo.mx\/wp-content\/uploads\/2025\/05\/IMG_3460-e1748533069440.jpg","width":800,"height":688},{"@type":"BreadcrumbList","@id":"https:\/\/www.nexoinformativo.mx\/index.php\/2025\/05\/29\/tu-bolsillo-inteligente-profeco-revela-precios-de-temporada-para-cebolla-acelga-calabaza-y-ajo\/#breadcrumb","itemListElement":[{"@type":"ListItem","position":1,"name":"Inicio","item":"https:\/\/www.nexoinformativo.mx\/"},{"@type":"ListItem","position":2,"name":"Tu bolsillo inteligente Profeco revela precios de temporada para cebolla, acelga, calabaza y ajo"}]},{"@type":"WebSite","@id":"https:\/\/www.nexoinformativo.mx\/#website","url":"https:\/\/www.nexoinformativo.mx\/","name":"Nexo Informativo Santiago de Quer\u00e9taro","description":"Explora NexoInformativo y convi\u00e9rtete en parte de una comunidad que valora el conocimiento y la verdad. Tu nexoinformativo es tu puente hacia una comprensi\u00f3n m\u00e1s profunda del mundo que te rodea.","publisher":{"@id":"https:\/\/www.nexoinformativo.mx\/#organization"},"potentialAction":[{"@type":"SearchAction","target":{"@type":"EntryPoint","urlTemplate":"https:\/\/www.nexoinformativo.mx\/?s={search_term_string}"},"query-input":{"@type":"PropertyValueSpecification","valueRequired":true,"valueName":"search_term_string"}}],"inLanguage":"es"},{"@type":"Organization","@id":"https:\/\/www.nexoinformativo.mx\/#organization","name":"Nexo Informativo Santiago de Quer\u00e9taro","url":"https:\/\/www.nexoinformativo.mx\/","logo":{"@type":"ImageObject","inLanguage":"es","@id":"https:\/\/www.nexoinformativo.mx\/#\/schema\/logo\/image\/","url":"https:\/\/www.nexoinformativo.mx\/wp-content\/uploads\/2024\/07\/nexoi-trasparente-2.png","contentUrl":"https:\/\/www.nexoinformativo.mx\/wp-content\/uploads\/2024\/07\/nexoi-trasparente-2.png","width":816,"height":339,"caption":"Nexo Informativo Santiago de Quer\u00e9taro"},"image":{"@id":"https:\/\/www.nexoinformativo.mx\/#\/schema\/logo\/image\/"},"sameAs":["https:\/\/www.facebook.com\/people\/Nexo-Informativo\/61564066885511\/"]},{"@type":"Person","@id":"https:\/\/www.nexoinformativo.mx\/#\/schema\/person\/7749d380ba08c8ca00d7bc76fd907b7d","name":"Nexo Informativo","image":{"@type":"ImageObject","inLanguage":"es","@id":"https:\/\/www.nexoinformativo.mx\/#\/schema\/person\/image\/","url":"https:\/\/secure.gravatar.com\/avatar\/dde2928154642a13d95f87ddf1ea9718fe2b46760a005c53e41ff5ad610704e6?s=96&d=mm&r=g","contentUrl":"https:\/\/secure.gravatar.com\/avatar\/dde2928154642a13d95f87ddf1ea9718fe2b46760a005c53e41ff5ad610704e6?s=96&d=mm&r=g","caption":"Nexo Informativo"},"url":"https:\/\/www.nexoinformativo.mx\/index.php\/author\/edicion\/"}]}},"_links":{"self":[{"href":"https:\/\/www.nexoinformativo.mx\/index.php\/wp-json\/wp\/v2\/posts\/15424","targetHints":{"allow":["GET"]}}],"collection":[{"href":"https:\/\/www.nexoinformativo.mx\/index.php\/wp-json\/wp\/v2\/posts"}],"about":[{"href":"https:\/\/www.nexoinformativo.mx\/index.php\/wp-json\/wp\/v2\/types\/post"}],"author":[{"embeddable":true,"href":"https:\/\/www.nexoinformativo.mx\/index.php\/wp-json\/wp\/v2\/users\/3"}],"replies":[{"embeddable":true,"href":"https:\/\/www.nexoinformativo.mx\/index.php\/wp-json\/wp\/v2\/comments?post=15424"}],"version-history":[{"count":4,"href":"https:\/\/www.nexoinformativo.mx\/index.php\/wp-json\/wp\/v2\/posts\/15424\/revisions"}],"predecessor-version":[{"id":15428,"href":"https:\/\/www.nexoinformativo.mx\/index.php\/wp-json\/wp\/v2\/posts\/15424\/revisions\/15428"}],"wp:featuredmedia":[{"embeddable":true,"href":"https:\/\/www.nexoinformativo.mx\/index.php\/wp-json\/wp\/v2\/media\/15425"}],"wp:attachment":[{"href":"https:\/\/www.nexoinformativo.mx\/index.php\/wp-json\/wp\/v2\/media?parent=15424"}],"wp:term":[{"taxonomy":"category","embeddable":true,"href":"https:\/\/www.nexoinformativo.mx\/index.php\/wp-json\/wp\/v2\/categories?post=15424"},{"taxonomy":"post_tag","embeddable":true,"href":"https:\/\/www.nexoinformativo.mx\/index.php\/wp-json\/wp\/v2\/tags?post=15424"}],"curies":[{"name":"wp","href":"https:\/\/api.w.org\/{rel}","templated":true}]}}