{"id":1543,"date":"2024-09-03T20:43:36","date_gmt":"2024-09-04T02:43:36","guid":{"rendered":"https:\/\/www.nexoinformativo.mx\/?p=1543"},"modified":"2024-09-03T20:43:36","modified_gmt":"2024-09-04T02:43:36","slug":"gobierno-de-queretaro-recibe-reconocimiento-por-colaboracion-en-combate-al-trafico-de-armas","status":"publish","type":"post","link":"https:\/\/www.nexoinformativo.mx\/index.php\/2024\/09\/03\/gobierno-de-queretaro-recibe-reconocimiento-por-colaboracion-en-combate-al-trafico-de-armas\/","title":{"rendered":"Gobierno de Quer\u00e9taro recibe reconocimiento por colaboraci\u00f3n en combate al tr\u00e1fico de armas"},"content":{"rendered":"<p style=\"text-align: justify;\">La Agencia de Alcohol, Tabaco, Armas de Fuego y Explosivos (ATF) ha reconocido al Gobierno del estado de Quer\u00e9taro por su colaboraci\u00f3n efectiva en el combate al tr\u00e1fico il\u00edcito de armas. Este reconocimiento fue entregado durante una reuni\u00f3n encabezada por el gobernador Mauricio Kuri Gonz\u00e1lez y el secretario de Seguridad Ciudadana, Iov\u00e1n El\u00edas P\u00e9rez Hern\u00e1ndez. La ATF destac\u00f3 que el intercambio de informaci\u00f3n entre las autoridades queretanas y estadounidenses ha sido clave para lograr importantes avances en la lucha contra este delito.<\/p>\n<p style=\"text-align: justify;\">\n<p>&nbsp;<\/p>\n<p style=\"text-align: justify;\">Durante el encuentro, el gobernador Kuri Gonz\u00e1lez reafirm\u00f3 su compromiso de continuar fortaleciendo la cooperaci\u00f3n bilateral en materia de seguridad, destacando que este tipo de esfuerzos conjuntos son fundamentales para garantizar la protecci\u00f3n de las y los queretanos. La comitiva de la ATF, liderada por el agente especial Stephen Galloway, elogi\u00f3 la coordinaci\u00f3n entre ambos gobiernos, subrayando que estos resultados benefician tanto a Quer\u00e9taro como a los esfuerzos de seguridad a nivel internacional.<\/p>\n","protected":false},"excerpt":{"rendered":"<p>La Agencia de Alcohol, Tabaco, Armas de Fuego y Explosivos (ATF) ha reconocido al Gobierno del estado de Quer\u00e9taro por su colaboraci\u00f3n efectiva en el combate al tr\u00e1fico il\u00edcito de armas. Este reconocimiento fue entregado durante una reuni\u00f3n encabezada por el gobernador Mauricio Kuri Gonz\u00e1lez y el secretario de Seguridad Ciudadana, Iov\u00e1n El\u00edas P\u00e9rez Hern\u00e1ndez. La ATF destac\u00f3 que el intercambio de informaci\u00f3n entre las autoridades queretanas y estadounidenses ha sido clave para lograr importantes avances en la lucha contra este delito.<\/p>\n","protected":false},"author":3,"featured_media":1544,"comment_status":"open","ping_status":"open","sticky":false,"template":"","format":"standard","meta":{"footnotes":""},"categories":[42],"tags":[479,478,477,266],"class_list":["post-1543","post","type-post","status-publish","format-standard","has-post-thumbnail","hentry","category-estado","tag-atf","tag-colaboracioninternacional","tag-combatetraficodearmas","tag-seguridadqueretaro"],"yoast_head":"<!-- This site is optimized with the Yoast SEO plugin v25.0 - https:\/\/yoast.com\/wordpress\/plugins\/seo\/ -->\n<title>Gobierno de Quer\u00e9taro recibe reconocimiento por colaboraci\u00f3n en combate al tr\u00e1fico de armas | Nexo Informativo Santiago de Quer\u00e9taro<\/title>\n<meta name=\"description\" content=\"Gobierno de Quer\u00e9taro recibe reconocimiento por colaboraci\u00f3n en combate al tr\u00e1fico de armas\" \/>\n<meta name=\"robots\" content=\"index, follow, max-snippet:-1, max-image-preview:large, max-video-preview:-1\" \/>\n<link rel=\"canonical\" href=\"https:\/\/www.nexoinformativo.mx\/index.php\/2024\/09\/03\/gobierno-de-queretaro-recibe-reconocimiento-por-colaboracion-en-combate-al-trafico-de-armas\/\" \/>\n<meta property=\"og:locale\" content=\"es_MX\" \/>\n<meta property=\"og:type\" content=\"article\" \/>\n<meta property=\"og:title\" content=\"Gobierno de Quer\u00e9taro recibe reconocimiento por colaboraci\u00f3n en combate al tr\u00e1fico de armas | Nexo Informativo Santiago de Quer\u00e9taro\" \/>\n<meta property=\"og:description\" content=\"Gobierno de Quer\u00e9taro recibe reconocimiento por colaboraci\u00f3n en combate al tr\u00e1fico de armas\" \/>\n<meta property=\"og:url\" content=\"https:\/\/www.nexoinformativo.mx\/index.php\/2024\/09\/03\/gobierno-de-queretaro-recibe-reconocimiento-por-colaboracion-en-combate-al-trafico-de-armas\/\" \/>\n<meta property=\"og:site_name\" content=\"Nexo Informativo Santiago de Quer\u00e9taro\" \/>\n<meta property=\"article:publisher\" content=\"https:\/\/www.facebook.com\/people\/Nexo-Informativo\/61564066885511\/\" \/>\n<meta property=\"article:published_time\" content=\"2024-09-04T02:43:36+00:00\" \/>\n<meta property=\"og:image\" content=\"https:\/\/www.nexoinformativo.mx\/wp-content\/uploads\/2024\/09\/unnamed-5-e1725417489781.jpg\" \/>\n\t<meta property=\"og:image:width\" content=\"800\" \/>\n\t<meta property=\"og:image:height\" content=\"534\" \/>\n\t<meta property=\"og:image:type\" content=\"image\/jpeg\" \/>\n<meta name=\"author\" content=\"Nexo Informativo\" \/>\n<meta name=\"twitter:card\" content=\"summary_large_image\" \/>\n<meta name=\"twitter:label1\" content=\"Escrito por\" \/>\n\t<meta name=\"twitter:data1\" content=\"Nexo Informativo\" \/>\n\t<meta name=\"twitter:label2\" content=\"Tiempo de lectura\" \/>\n\t<meta name=\"twitter:data2\" content=\"1 minuto\" \/>\n<script type=\"application\/ld+json\" class=\"yoast-schema-graph\">{\"@context\":\"https:\/\/schema.org\",\"@graph\":[{\"@type\":\"Article\",\"@id\":\"https:\/\/www.nexoinformativo.mx\/index.php\/2024\/09\/03\/gobierno-de-queretaro-recibe-reconocimiento-por-colaboracion-en-combate-al-trafico-de-armas\/#article\",\"isPartOf\":{\"@id\":\"https:\/\/www.nexoinformativo.mx\/index.php\/2024\/09\/03\/gobierno-de-queretaro-recibe-reconocimiento-por-colaboracion-en-combate-al-trafico-de-armas\/\"},\"author\":{\"name\":\"Nexo Informativo\",\"@id\":\"https:\/\/www.nexoinformativo.mx\/#\/schema\/person\/7749d380ba08c8ca00d7bc76fd907b7d\"},\"headline\":\"Gobierno de Quer\u00e9taro recibe reconocimiento por colaboraci\u00f3n en combate al tr\u00e1fico de armas\",\"datePublished\":\"2024-09-04T02:43:36+00:00\",\"mainEntityOfPage\":{\"@id\":\"https:\/\/www.nexoinformativo.mx\/index.php\/2024\/09\/03\/gobierno-de-queretaro-recibe-reconocimiento-por-colaboracion-en-combate-al-trafico-de-armas\/\"},\"wordCount\":188,\"commentCount\":0,\"publisher\":{\"@id\":\"https:\/\/www.nexoinformativo.mx\/#organization\"},\"image\":{\"@id\":\"https:\/\/www.nexoinformativo.mx\/index.php\/2024\/09\/03\/gobierno-de-queretaro-recibe-reconocimiento-por-colaboracion-en-combate-al-trafico-de-armas\/#primaryimage\"},\"thumbnailUrl\":\"https:\/\/www.nexoinformativo.mx\/wp-content\/uploads\/2024\/09\/unnamed-5-e1725417489781.jpg\",\"keywords\":[\"ATF\",\"Colaboraci\u00f3nInternacional\",\"CombateTr\u00e1ficoDeArmas\",\"SeguridadQueretaro\"],\"articleSection\":[\"Estado\"],\"inLanguage\":\"es\",\"potentialAction\":[{\"@type\":\"CommentAction\",\"name\":\"Comment\",\"target\":[\"https:\/\/www.nexoinformativo.mx\/index.php\/2024\/09\/03\/gobierno-de-queretaro-recibe-reconocimiento-por-colaboracion-en-combate-al-trafico-de-armas\/#respond\"]}]},{\"@type\":\"WebPage\",\"@id\":\"https:\/\/www.nexoinformativo.mx\/index.php\/2024\/09\/03\/gobierno-de-queretaro-recibe-reconocimiento-por-colaboracion-en-combate-al-trafico-de-armas\/\",\"url\":\"https:\/\/www.nexoinformativo.mx\/index.php\/2024\/09\/03\/gobierno-de-queretaro-recibe-reconocimiento-por-colaboracion-en-combate-al-trafico-de-armas\/\",\"name\":\"Gobierno de Quer\u00e9taro recibe reconocimiento por colaboraci\u00f3n en combate al tr\u00e1fico de armas | Nexo Informativo Santiago de Quer\u00e9taro\",\"isPartOf\":{\"@id\":\"https:\/\/www.nexoinformativo.mx\/#website\"},\"primaryImageOfPage\":{\"@id\":\"https:\/\/www.nexoinformativo.mx\/index.php\/2024\/09\/03\/gobierno-de-queretaro-recibe-reconocimiento-por-colaboracion-en-combate-al-trafico-de-armas\/#primaryimage\"},\"image\":{\"@id\":\"https:\/\/www.nexoinformativo.mx\/index.php\/2024\/09\/03\/gobierno-de-queretaro-recibe-reconocimiento-por-colaboracion-en-combate-al-trafico-de-armas\/#primaryimage\"},\"thumbnailUrl\":\"https:\/\/www.nexoinformativo.mx\/wp-content\/uploads\/2024\/09\/unnamed-5-e1725417489781.jpg\",\"datePublished\":\"2024-09-04T02:43:36+00:00\",\"description\":\"Gobierno de Quer\u00e9taro recibe reconocimiento por colaboraci\u00f3n en combate al tr\u00e1fico de armas\",\"breadcrumb\":{\"@id\":\"https:\/\/www.nexoinformativo.mx\/index.php\/2024\/09\/03\/gobierno-de-queretaro-recibe-reconocimiento-por-colaboracion-en-combate-al-trafico-de-armas\/#breadcrumb\"},\"inLanguage\":\"es\",\"potentialAction\":[{\"@type\":\"ReadAction\",\"target\":[\"https:\/\/www.nexoinformativo.mx\/index.php\/2024\/09\/03\/gobierno-de-queretaro-recibe-reconocimiento-por-colaboracion-en-combate-al-trafico-de-armas\/\"]}]},{\"@type\":\"ImageObject\",\"inLanguage\":\"es\",\"@id\":\"https:\/\/www.nexoinformativo.mx\/index.php\/2024\/09\/03\/gobierno-de-queretaro-recibe-reconocimiento-por-colaboracion-en-combate-al-trafico-de-armas\/#primaryimage\",\"url\":\"https:\/\/www.nexoinformativo.mx\/wp-content\/uploads\/2024\/09\/unnamed-5-e1725417489781.jpg\",\"contentUrl\":\"https:\/\/www.nexoinformativo.mx\/wp-content\/uploads\/2024\/09\/unnamed-5-e1725417489781.jpg\",\"width\":800,\"height\":534},{\"@type\":\"BreadcrumbList\",\"@id\":\"https:\/\/www.nexoinformativo.mx\/index.php\/2024\/09\/03\/gobierno-de-queretaro-recibe-reconocimiento-por-colaboracion-en-combate-al-trafico-de-armas\/#breadcrumb\",\"itemListElement\":[{\"@type\":\"ListItem\",\"position\":1,\"name\":\"Inicio\",\"item\":\"https:\/\/www.nexoinformativo.mx\/\"},{\"@type\":\"ListItem\",\"position\":2,\"name\":\"Gobierno de Quer\u00e9taro recibe reconocimiento por colaboraci\u00f3n en combate al tr\u00e1fico de armas\"}]},{\"@type\":\"WebSite\",\"@id\":\"https:\/\/www.nexoinformativo.mx\/#website\",\"url\":\"https:\/\/www.nexoinformativo.mx\/\",\"name\":\"Nexo Informativo Santiago de Quer\u00e9taro\",\"description\":\"Explora NexoInformativo y convi\u00e9rtete en parte de una comunidad que valora el conocimiento y la verdad. Tu nexoinformativo es tu puente hacia una comprensi\u00f3n m\u00e1s profunda del mundo que te rodea.\",\"publisher\":{\"@id\":\"https:\/\/www.nexoinformativo.mx\/#organization\"},\"potentialAction\":[{\"@type\":\"SearchAction\",\"target\":{\"@type\":\"EntryPoint\",\"urlTemplate\":\"https:\/\/www.nexoinformativo.mx\/?s={search_term_string}\"},\"query-input\":{\"@type\":\"PropertyValueSpecification\",\"valueRequired\":true,\"valueName\":\"search_term_string\"}}],\"inLanguage\":\"es\"},{\"@type\":\"Organization\",\"@id\":\"https:\/\/www.nexoinformativo.mx\/#organization\",\"name\":\"Nexo Informativo Santiago de Quer\u00e9taro\",\"url\":\"https:\/\/www.nexoinformativo.mx\/\",\"logo\":{\"@type\":\"ImageObject\",\"inLanguage\":\"es\",\"@id\":\"https:\/\/www.nexoinformativo.mx\/#\/schema\/logo\/image\/\",\"url\":\"https:\/\/www.nexoinformativo.mx\/wp-content\/uploads\/2024\/07\/nexoi-trasparente-2.png\",\"contentUrl\":\"https:\/\/www.nexoinformativo.mx\/wp-content\/uploads\/2024\/07\/nexoi-trasparente-2.png\",\"width\":816,\"height\":339,\"caption\":\"Nexo Informativo Santiago de Quer\u00e9taro\"},\"image\":{\"@id\":\"https:\/\/www.nexoinformativo.mx\/#\/schema\/logo\/image\/\"},\"sameAs\":[\"https:\/\/www.facebook.com\/people\/Nexo-Informativo\/61564066885511\/\"]},{\"@type\":\"Person\",\"@id\":\"https:\/\/www.nexoinformativo.mx\/#\/schema\/person\/7749d380ba08c8ca00d7bc76fd907b7d\",\"name\":\"Nexo Informativo\",\"image\":{\"@type\":\"ImageObject\",\"inLanguage\":\"es\",\"@id\":\"https:\/\/www.nexoinformativo.mx\/#\/schema\/person\/image\/\",\"url\":\"https:\/\/secure.gravatar.com\/avatar\/dde2928154642a13d95f87ddf1ea9718fe2b46760a005c53e41ff5ad610704e6?s=96&d=mm&r=g\",\"contentUrl\":\"https:\/\/secure.gravatar.com\/avatar\/dde2928154642a13d95f87ddf1ea9718fe2b46760a005c53e41ff5ad610704e6?s=96&d=mm&r=g\",\"caption\":\"Nexo Informativo\"},\"url\":\"https:\/\/www.nexoinformativo.mx\/index.php\/author\/edicion\/\"}]}<\/script>\n<!-- \/ Yoast SEO plugin. -->","yoast_head_json":{"title":"Gobierno de Quer\u00e9taro recibe reconocimiento por colaboraci\u00f3n en combate al tr\u00e1fico de armas | Nexo Informativo Santiago de Quer\u00e9taro","description":"Gobierno de Quer\u00e9taro recibe reconocimiento por colaboraci\u00f3n en combate al tr\u00e1fico de armas","robots":{"index":"index","follow":"follow","max-snippet":"max-snippet:-1","max-image-preview":"max-image-preview:large","max-video-preview":"max-video-preview:-1"},"canonical":"https:\/\/www.nexoinformativo.mx\/index.php\/2024\/09\/03\/gobierno-de-queretaro-recibe-reconocimiento-por-colaboracion-en-combate-al-trafico-de-armas\/","og_locale":"es_MX","og_type":"article","og_title":"Gobierno de Quer\u00e9taro recibe reconocimiento por colaboraci\u00f3n en combate al tr\u00e1fico de armas | Nexo Informativo Santiago de Quer\u00e9taro","og_description":"Gobierno de Quer\u00e9taro recibe reconocimiento por colaboraci\u00f3n en combate al tr\u00e1fico de armas","og_url":"https:\/\/www.nexoinformativo.mx\/index.php\/2024\/09\/03\/gobierno-de-queretaro-recibe-reconocimiento-por-colaboracion-en-combate-al-trafico-de-armas\/","og_site_name":"Nexo Informativo Santiago de Quer\u00e9taro","article_publisher":"https:\/\/www.facebook.com\/people\/Nexo-Informativo\/61564066885511\/","article_published_time":"2024-09-04T02:43:36+00:00","og_image":[{"width":800,"height":534,"url":"https:\/\/www.nexoinformativo.mx\/wp-content\/uploads\/2024\/09\/unnamed-5-e1725417489781.jpg","type":"image\/jpeg"}],"author":"Nexo Informativo","twitter_card":"summary_large_image","twitter_misc":{"Escrito por":"Nexo Informativo","Tiempo de lectura":"1 minuto"},"schema":{"@context":"https:\/\/schema.org","@graph":[{"@type":"Article","@id":"https:\/\/www.nexoinformativo.mx\/index.php\/2024\/09\/03\/gobierno-de-queretaro-recibe-reconocimiento-por-colaboracion-en-combate-al-trafico-de-armas\/#article","isPartOf":{"@id":"https:\/\/www.nexoinformativo.mx\/index.php\/2024\/09\/03\/gobierno-de-queretaro-recibe-reconocimiento-por-colaboracion-en-combate-al-trafico-de-armas\/"},"author":{"name":"Nexo Informativo","@id":"https:\/\/www.nexoinformativo.mx\/#\/schema\/person\/7749d380ba08c8ca00d7bc76fd907b7d"},"headline":"Gobierno de Quer\u00e9taro recibe reconocimiento por colaboraci\u00f3n en combate al tr\u00e1fico de armas","datePublished":"2024-09-04T02:43:36+00:00","mainEntityOfPage":{"@id":"https:\/\/www.nexoinformativo.mx\/index.php\/2024\/09\/03\/gobierno-de-queretaro-recibe-reconocimiento-por-colaboracion-en-combate-al-trafico-de-armas\/"},"wordCount":188,"commentCount":0,"publisher":{"@id":"https:\/\/www.nexoinformativo.mx\/#organization"},"image":{"@id":"https:\/\/www.nexoinformativo.mx\/index.php\/2024\/09\/03\/gobierno-de-queretaro-recibe-reconocimiento-por-colaboracion-en-combate-al-trafico-de-armas\/#primaryimage"},"thumbnailUrl":"https:\/\/www.nexoinformativo.mx\/wp-content\/uploads\/2024\/09\/unnamed-5-e1725417489781.jpg","keywords":["ATF","Colaboraci\u00f3nInternacional","CombateTr\u00e1ficoDeArmas","SeguridadQueretaro"],"articleSection":["Estado"],"inLanguage":"es","potentialAction":[{"@type":"CommentAction","name":"Comment","target":["https:\/\/www.nexoinformativo.mx\/index.php\/2024\/09\/03\/gobierno-de-queretaro-recibe-reconocimiento-por-colaboracion-en-combate-al-trafico-de-armas\/#respond"]}]},{"@type":"WebPage","@id":"https:\/\/www.nexoinformativo.mx\/index.php\/2024\/09\/03\/gobierno-de-queretaro-recibe-reconocimiento-por-colaboracion-en-combate-al-trafico-de-armas\/","url":"https:\/\/www.nexoinformativo.mx\/index.php\/2024\/09\/03\/gobierno-de-queretaro-recibe-reconocimiento-por-colaboracion-en-combate-al-trafico-de-armas\/","name":"Gobierno de Quer\u00e9taro recibe reconocimiento por colaboraci\u00f3n en combate al tr\u00e1fico de armas | Nexo Informativo Santiago de Quer\u00e9taro","isPartOf":{"@id":"https:\/\/www.nexoinformativo.mx\/#website"},"primaryImageOfPage":{"@id":"https:\/\/www.nexoinformativo.mx\/index.php\/2024\/09\/03\/gobierno-de-queretaro-recibe-reconocimiento-por-colaboracion-en-combate-al-trafico-de-armas\/#primaryimage"},"image":{"@id":"https:\/\/www.nexoinformativo.mx\/index.php\/2024\/09\/03\/gobierno-de-queretaro-recibe-reconocimiento-por-colaboracion-en-combate-al-trafico-de-armas\/#primaryimage"},"thumbnailUrl":"https:\/\/www.nexoinformativo.mx\/wp-content\/uploads\/2024\/09\/unnamed-5-e1725417489781.jpg","datePublished":"2024-09-04T02:43:36+00:00","description":"Gobierno de Quer\u00e9taro recibe reconocimiento por colaboraci\u00f3n en combate al tr\u00e1fico de armas","breadcrumb":{"@id":"https:\/\/www.nexoinformativo.mx\/index.php\/2024\/09\/03\/gobierno-de-queretaro-recibe-reconocimiento-por-colaboracion-en-combate-al-trafico-de-armas\/#breadcrumb"},"inLanguage":"es","potentialAction":[{"@type":"ReadAction","target":["https:\/\/www.nexoinformativo.mx\/index.php\/2024\/09\/03\/gobierno-de-queretaro-recibe-reconocimiento-por-colaboracion-en-combate-al-trafico-de-armas\/"]}]},{"@type":"ImageObject","inLanguage":"es","@id":"https:\/\/www.nexoinformativo.mx\/index.php\/2024\/09\/03\/gobierno-de-queretaro-recibe-reconocimiento-por-colaboracion-en-combate-al-trafico-de-armas\/#primaryimage","url":"https:\/\/www.nexoinformativo.mx\/wp-content\/uploads\/2024\/09\/unnamed-5-e1725417489781.jpg","contentUrl":"https:\/\/www.nexoinformativo.mx\/wp-content\/uploads\/2024\/09\/unnamed-5-e1725417489781.jpg","width":800,"height":534},{"@type":"BreadcrumbList","@id":"https:\/\/www.nexoinformativo.mx\/index.php\/2024\/09\/03\/gobierno-de-queretaro-recibe-reconocimiento-por-colaboracion-en-combate-al-trafico-de-armas\/#breadcrumb","itemListElement":[{"@type":"ListItem","position":1,"name":"Inicio","item":"https:\/\/www.nexoinformativo.mx\/"},{"@type":"ListItem","position":2,"name":"Gobierno de Quer\u00e9taro recibe reconocimiento por colaboraci\u00f3n en combate al tr\u00e1fico de armas"}]},{"@type":"WebSite","@id":"https:\/\/www.nexoinformativo.mx\/#website","url":"https:\/\/www.nexoinformativo.mx\/","name":"Nexo Informativo Santiago de Quer\u00e9taro","description":"Explora NexoInformativo y convi\u00e9rtete en parte de una comunidad que valora el conocimiento y la verdad. Tu nexoinformativo es tu puente hacia una comprensi\u00f3n m\u00e1s profunda del mundo que te rodea.","publisher":{"@id":"https:\/\/www.nexoinformativo.mx\/#organization"},"potentialAction":[{"@type":"SearchAction","target":{"@type":"EntryPoint","urlTemplate":"https:\/\/www.nexoinformativo.mx\/?s={search_term_string}"},"query-input":{"@type":"PropertyValueSpecification","valueRequired":true,"valueName":"search_term_string"}}],"inLanguage":"es"},{"@type":"Organization","@id":"https:\/\/www.nexoinformativo.mx\/#organization","name":"Nexo Informativo Santiago de Quer\u00e9taro","url":"https:\/\/www.nexoinformativo.mx\/","logo":{"@type":"ImageObject","inLanguage":"es","@id":"https:\/\/www.nexoinformativo.mx\/#\/schema\/logo\/image\/","url":"https:\/\/www.nexoinformativo.mx\/wp-content\/uploads\/2024\/07\/nexoi-trasparente-2.png","contentUrl":"https:\/\/www.nexoinformativo.mx\/wp-content\/uploads\/2024\/07\/nexoi-trasparente-2.png","width":816,"height":339,"caption":"Nexo Informativo Santiago de Quer\u00e9taro"},"image":{"@id":"https:\/\/www.nexoinformativo.mx\/#\/schema\/logo\/image\/"},"sameAs":["https:\/\/www.facebook.com\/people\/Nexo-Informativo\/61564066885511\/"]},{"@type":"Person","@id":"https:\/\/www.nexoinformativo.mx\/#\/schema\/person\/7749d380ba08c8ca00d7bc76fd907b7d","name":"Nexo Informativo","image":{"@type":"ImageObject","inLanguage":"es","@id":"https:\/\/www.nexoinformativo.mx\/#\/schema\/person\/image\/","url":"https:\/\/secure.gravatar.com\/avatar\/dde2928154642a13d95f87ddf1ea9718fe2b46760a005c53e41ff5ad610704e6?s=96&d=mm&r=g","contentUrl":"https:\/\/secure.gravatar.com\/avatar\/dde2928154642a13d95f87ddf1ea9718fe2b46760a005c53e41ff5ad610704e6?s=96&d=mm&r=g","caption":"Nexo Informativo"},"url":"https:\/\/www.nexoinformativo.mx\/index.php\/author\/edicion\/"}]}},"_links":{"self":[{"href":"https:\/\/www.nexoinformativo.mx\/index.php\/wp-json\/wp\/v2\/posts\/1543","targetHints":{"allow":["GET"]}}],"collection":[{"href":"https:\/\/www.nexoinformativo.mx\/index.php\/wp-json\/wp\/v2\/posts"}],"about":[{"href":"https:\/\/www.nexoinformativo.mx\/index.php\/wp-json\/wp\/v2\/types\/post"}],"author":[{"embeddable":true,"href":"https:\/\/www.nexoinformativo.mx\/index.php\/wp-json\/wp\/v2\/users\/3"}],"replies":[{"embeddable":true,"href":"https:\/\/www.nexoinformativo.mx\/index.php\/wp-json\/wp\/v2\/comments?post=1543"}],"version-history":[{"count":2,"href":"https:\/\/www.nexoinformativo.mx\/index.php\/wp-json\/wp\/v2\/posts\/1543\/revisions"}],"predecessor-version":[{"id":1546,"href":"https:\/\/www.nexoinformativo.mx\/index.php\/wp-json\/wp\/v2\/posts\/1543\/revisions\/1546"}],"wp:featuredmedia":[{"embeddable":true,"href":"https:\/\/www.nexoinformativo.mx\/index.php\/wp-json\/wp\/v2\/media\/1544"}],"wp:attachment":[{"href":"https:\/\/www.nexoinformativo.mx\/index.php\/wp-json\/wp\/v2\/media?parent=1543"}],"wp:term":[{"taxonomy":"category","embeddable":true,"href":"https:\/\/www.nexoinformativo.mx\/index.php\/wp-json\/wp\/v2\/categories?post=1543"},{"taxonomy":"post_tag","embeddable":true,"href":"https:\/\/www.nexoinformativo.mx\/index.php\/wp-json\/wp\/v2\/tags?post=1543"}],"curies":[{"name":"wp","href":"https:\/\/api.w.org\/{rel}","templated":true}]}}