{"id":15437,"date":"2025-05-29T18:00:03","date_gmt":"2025-05-30T00:00:03","guid":{"rendered":"https:\/\/www.nexoinformativo.mx\/?p=15437"},"modified":"2025-05-29T23:03:19","modified_gmt":"2025-05-30T05:03:19","slug":"ver-mejor-para-aprender-mas-felifer-macias-entrega-600-lentes-a-estudiantes-de-secundaria-en-queretaro","status":"publish","type":"post","link":"https:\/\/www.nexoinformativo.mx\/index.php\/2025\/05\/29\/ver-mejor-para-aprender-mas-felifer-macias-entrega-600-lentes-a-estudiantes-de-secundaria-en-queretaro\/","title":{"rendered":"Ver mejor para aprender m\u00e1s Felifer Mac\u00edas entrega 600 lentes a estudiantes de secundaria en Quer\u00e9taro"},"content":{"rendered":"<p style=\"text-align: justify;\" data-sourcepos=\"5:1-5:421\">El presidente municipal de Quer\u00e9taro, Felifer Mac\u00edas, entreg\u00f3 hoy 600 lentes a estudiantes de la Secundaria T\u00e9cnica No. 1 \u201cBenito Ju\u00e1rez\u201d.<\/p>\n<p>&nbsp;<\/p>\n<p style=\"text-align: justify;\" data-sourcepos=\"5:1-5:421\">Esta acci\u00f3n forma parte del programa \u201cAcciones por Tu Salud\u201d, impulsado por el Sistema Municipal DIF, con el objetivo principal de mejorar el desempe\u00f1o acad\u00e9mico de los j\u00f3venes.<\/p>\n<p>&nbsp;<\/p>\n<p style=\"text-align: justify;\" data-sourcepos=\"7:1-7:418\">Felifer Mac\u00edas reafirm\u00f3 su compromiso con los estudiantes, destacando que una buena salud visual es fundamental para su aprendizaje.<\/p>\n<p>&nbsp;<\/p>\n<p style=\"text-align: justify;\" data-sourcepos=\"7:1-7:418\">Explic\u00f3 que muchos ni\u00f1os, ni\u00f1as y adolescentes enfrentan dificultades para estudiar debido a problemas de visi\u00f3n no detectados o por la falta de recursos para adquirir lentes. Por ello, este tipo de apoyos busca brindarles mejores condiciones para que alcancen su m\u00e1ximo potencial.<\/p>\n<p>&nbsp;<\/p>\n<p style=\"text-align: justify;\" data-sourcepos=\"9:1-9:858\">&#8220;Cu\u00eddenlos mucho, pero tambi\u00e9n les digo, si por alguna raz\u00f3n que andan para arriba y para abajo y andan jugando y obviamente sabemos la din\u00e1mica de una secundaria, si ocupan que en un momento se los reparemos y se los repongamos, cuenten conmigo&#8221;, afirm\u00f3 el alcalde.<\/p>\n<p>&nbsp;<\/p>\n<p style=\"text-align: justify;\" data-sourcepos=\"15:1-15:281\">El alcalde tambi\u00e9n hizo un llamado a los alumnos y a sus padres de familia para que se inscriban en el programa <strong>\u201cEl Extra\u201d<\/strong>. A trav\u00e9s de esta iniciativa, se otorgan apoyos econ\u00f3micos de mil pesos mensuales para respaldar la econom\u00eda familiar y prevenir la deserci\u00f3n escolar.<\/p>\n<p>&nbsp;<\/p>\n<p style=\"text-align: justify;\" data-sourcepos=\"17:1-17:324\">Por su parte, la presidenta del Patronato del Sistema Municipal DIF, Adriana Olvera, anunci\u00f3 la implementaci\u00f3n de talleres dirigidos a madres, padres de familia e hijos. El objetivo de estos talleres es promover el uso responsable de internet y redes sociales, as\u00ed como prevenir situaciones de ciberbullying.<\/p>\n<p>&nbsp;<\/p>\n<p style=\"text-align: center;\" data-sourcepos=\"17:1-17:324\"><em><strong>\u00a1Informaci\u00f3n que transforma!<\/strong><\/em><\/p>\n","protected":false},"excerpt":{"rendered":"<p>El presidente municipal de Quer\u00e9taro, Felifer Mac\u00edas, entreg\u00f3 hoy 600 lentes a estudiantes de la Secundaria T\u00e9cnica No. 1 \u201cBenito Ju\u00e1rez\u201d.<\/p>\n","protected":false},"author":3,"featured_media":15441,"comment_status":"open","ping_status":"open","sticky":false,"template":"","format":"standard","meta":{"footnotes":""},"categories":[65,58],"tags":[3632,1000,4643,3204],"class_list":["post-15437","post","type-post","status-publish","format-standard","has-post-thumbnail","hentry","category-municipios","category-ultima-hora","tag-educacionqro","tag-felifermacias","tag-lentesparaestudiantes","tag-saludvisual"],"yoast_head":"<!-- This site is optimized with the Yoast SEO plugin v25.0 - https:\/\/yoast.com\/wordpress\/plugins\/seo\/ -->\n<title>Ver mejor para aprender m\u00e1s Felifer Mac\u00edas entrega 600 lentes a estudiantes de secundaria en Quer\u00e9taro | Nexo Informativo Santiago de Quer\u00e9taro<\/title>\n<meta name=\"description\" content=\"Ver mejor para aprender m\u00e1s Felifer Mac\u00edas entrega 600 lentes a estudiantes de secundaria en Quer\u00e9taro\" \/>\n<meta name=\"robots\" content=\"index, follow, max-snippet:-1, max-image-preview:large, max-video-preview:-1\" \/>\n<link rel=\"canonical\" href=\"https:\/\/www.nexoinformativo.mx\/index.php\/2025\/05\/29\/ver-mejor-para-aprender-mas-felifer-macias-entrega-600-lentes-a-estudiantes-de-secundaria-en-queretaro\/\" \/>\n<meta property=\"og:locale\" content=\"es_MX\" \/>\n<meta property=\"og:type\" content=\"article\" \/>\n<meta property=\"og:title\" content=\"Ver mejor para aprender m\u00e1s Felifer Mac\u00edas entrega 600 lentes a estudiantes de secundaria en Quer\u00e9taro | Nexo Informativo Santiago de Quer\u00e9taro\" \/>\n<meta property=\"og:description\" content=\"Ver mejor para aprender m\u00e1s Felifer Mac\u00edas entrega 600 lentes a estudiantes de secundaria en Quer\u00e9taro\" \/>\n<meta property=\"og:url\" content=\"https:\/\/www.nexoinformativo.mx\/index.php\/2025\/05\/29\/ver-mejor-para-aprender-mas-felifer-macias-entrega-600-lentes-a-estudiantes-de-secundaria-en-queretaro\/\" \/>\n<meta property=\"og:site_name\" content=\"Nexo Informativo Santiago de Quer\u00e9taro\" \/>\n<meta property=\"article:publisher\" content=\"https:\/\/www.facebook.com\/people\/Nexo-Informativo\/61564066885511\/\" \/>\n<meta property=\"article:published_time\" content=\"2025-05-30T00:00:03+00:00\" \/>\n<meta property=\"article:modified_time\" content=\"2025-05-30T05:03:19+00:00\" \/>\n<meta property=\"og:image\" content=\"https:\/\/www.nexoinformativo.mx\/wp-content\/uploads\/2025\/05\/PHOTO-2025-05-29-12-40-50-e1748580903733.jpg\" \/>\n\t<meta property=\"og:image:width\" content=\"800\" \/>\n\t<meta property=\"og:image:height\" content=\"530\" \/>\n\t<meta property=\"og:image:type\" content=\"image\/jpeg\" \/>\n<meta name=\"author\" content=\"Nexo Informativo\" \/>\n<meta name=\"twitter:card\" content=\"summary_large_image\" \/>\n<meta name=\"twitter:label1\" content=\"Escrito por\" \/>\n\t<meta name=\"twitter:data1\" content=\"Nexo Informativo\" \/>\n\t<meta name=\"twitter:label2\" content=\"Tiempo de lectura\" \/>\n\t<meta name=\"twitter:data2\" content=\"2 minutos\" \/>\n<script type=\"application\/ld+json\" class=\"yoast-schema-graph\">{\"@context\":\"https:\/\/schema.org\",\"@graph\":[{\"@type\":\"Article\",\"@id\":\"https:\/\/www.nexoinformativo.mx\/index.php\/2025\/05\/29\/ver-mejor-para-aprender-mas-felifer-macias-entrega-600-lentes-a-estudiantes-de-secundaria-en-queretaro\/#article\",\"isPartOf\":{\"@id\":\"https:\/\/www.nexoinformativo.mx\/index.php\/2025\/05\/29\/ver-mejor-para-aprender-mas-felifer-macias-entrega-600-lentes-a-estudiantes-de-secundaria-en-queretaro\/\"},\"author\":{\"name\":\"Nexo Informativo\",\"@id\":\"https:\/\/www.nexoinformativo.mx\/#\/schema\/person\/7749d380ba08c8ca00d7bc76fd907b7d\"},\"headline\":\"Ver mejor para aprender m\u00e1s Felifer Mac\u00edas entrega 600 lentes a estudiantes de secundaria en Quer\u00e9taro\",\"datePublished\":\"2025-05-30T00:00:03+00:00\",\"dateModified\":\"2025-05-30T05:03:19+00:00\",\"mainEntityOfPage\":{\"@id\":\"https:\/\/www.nexoinformativo.mx\/index.php\/2025\/05\/29\/ver-mejor-para-aprender-mas-felifer-macias-entrega-600-lentes-a-estudiantes-de-secundaria-en-queretaro\/\"},\"wordCount\":301,\"commentCount\":0,\"publisher\":{\"@id\":\"https:\/\/www.nexoinformativo.mx\/#organization\"},\"image\":{\"@id\":\"https:\/\/www.nexoinformativo.mx\/index.php\/2025\/05\/29\/ver-mejor-para-aprender-mas-felifer-macias-entrega-600-lentes-a-estudiantes-de-secundaria-en-queretaro\/#primaryimage\"},\"thumbnailUrl\":\"https:\/\/www.nexoinformativo.mx\/wp-content\/uploads\/2025\/05\/PHOTO-2025-05-29-12-40-50-e1748580903733.jpg\",\"keywords\":[\"Educaci\u00f3nQro\",\"FeliferMac\u00edas\",\"LentesParaEstudiantes\",\"SaludVisual\"],\"articleSection\":[\"Municipios\",\"\u00daltima Hora\"],\"inLanguage\":\"es\",\"potentialAction\":[{\"@type\":\"CommentAction\",\"name\":\"Comment\",\"target\":[\"https:\/\/www.nexoinformativo.mx\/index.php\/2025\/05\/29\/ver-mejor-para-aprender-mas-felifer-macias-entrega-600-lentes-a-estudiantes-de-secundaria-en-queretaro\/#respond\"]}]},{\"@type\":\"WebPage\",\"@id\":\"https:\/\/www.nexoinformativo.mx\/index.php\/2025\/05\/29\/ver-mejor-para-aprender-mas-felifer-macias-entrega-600-lentes-a-estudiantes-de-secundaria-en-queretaro\/\",\"url\":\"https:\/\/www.nexoinformativo.mx\/index.php\/2025\/05\/29\/ver-mejor-para-aprender-mas-felifer-macias-entrega-600-lentes-a-estudiantes-de-secundaria-en-queretaro\/\",\"name\":\"Ver mejor para aprender m\u00e1s Felifer Mac\u00edas entrega 600 lentes a estudiantes de secundaria en Quer\u00e9taro | Nexo Informativo Santiago de Quer\u00e9taro\",\"isPartOf\":{\"@id\":\"https:\/\/www.nexoinformativo.mx\/#website\"},\"primaryImageOfPage\":{\"@id\":\"https:\/\/www.nexoinformativo.mx\/index.php\/2025\/05\/29\/ver-mejor-para-aprender-mas-felifer-macias-entrega-600-lentes-a-estudiantes-de-secundaria-en-queretaro\/#primaryimage\"},\"image\":{\"@id\":\"https:\/\/www.nexoinformativo.mx\/index.php\/2025\/05\/29\/ver-mejor-para-aprender-mas-felifer-macias-entrega-600-lentes-a-estudiantes-de-secundaria-en-queretaro\/#primaryimage\"},\"thumbnailUrl\":\"https:\/\/www.nexoinformativo.mx\/wp-content\/uploads\/2025\/05\/PHOTO-2025-05-29-12-40-50-e1748580903733.jpg\",\"datePublished\":\"2025-05-30T00:00:03+00:00\",\"dateModified\":\"2025-05-30T05:03:19+00:00\",\"description\":\"Ver mejor para aprender m\u00e1s Felifer Mac\u00edas entrega 600 lentes a estudiantes de secundaria en Quer\u00e9taro\",\"breadcrumb\":{\"@id\":\"https:\/\/www.nexoinformativo.mx\/index.php\/2025\/05\/29\/ver-mejor-para-aprender-mas-felifer-macias-entrega-600-lentes-a-estudiantes-de-secundaria-en-queretaro\/#breadcrumb\"},\"inLanguage\":\"es\",\"potentialAction\":[{\"@type\":\"ReadAction\",\"target\":[\"https:\/\/www.nexoinformativo.mx\/index.php\/2025\/05\/29\/ver-mejor-para-aprender-mas-felifer-macias-entrega-600-lentes-a-estudiantes-de-secundaria-en-queretaro\/\"]}]},{\"@type\":\"ImageObject\",\"inLanguage\":\"es\",\"@id\":\"https:\/\/www.nexoinformativo.mx\/index.php\/2025\/05\/29\/ver-mejor-para-aprender-mas-felifer-macias-entrega-600-lentes-a-estudiantes-de-secundaria-en-queretaro\/#primaryimage\",\"url\":\"https:\/\/www.nexoinformativo.mx\/wp-content\/uploads\/2025\/05\/PHOTO-2025-05-29-12-40-50-e1748580903733.jpg\",\"contentUrl\":\"https:\/\/www.nexoinformativo.mx\/wp-content\/uploads\/2025\/05\/PHOTO-2025-05-29-12-40-50-e1748580903733.jpg\",\"width\":800,\"height\":530},{\"@type\":\"BreadcrumbList\",\"@id\":\"https:\/\/www.nexoinformativo.mx\/index.php\/2025\/05\/29\/ver-mejor-para-aprender-mas-felifer-macias-entrega-600-lentes-a-estudiantes-de-secundaria-en-queretaro\/#breadcrumb\",\"itemListElement\":[{\"@type\":\"ListItem\",\"position\":1,\"name\":\"Inicio\",\"item\":\"https:\/\/www.nexoinformativo.mx\/\"},{\"@type\":\"ListItem\",\"position\":2,\"name\":\"Ver mejor para aprender m\u00e1s Felifer Mac\u00edas entrega 600 lentes a estudiantes de secundaria en Quer\u00e9taro\"}]},{\"@type\":\"WebSite\",\"@id\":\"https:\/\/www.nexoinformativo.mx\/#website\",\"url\":\"https:\/\/www.nexoinformativo.mx\/\",\"name\":\"Nexo Informativo Santiago de Quer\u00e9taro\",\"description\":\"Explora NexoInformativo y convi\u00e9rtete en parte de una comunidad que valora el conocimiento y la verdad. Tu nexoinformativo es tu puente hacia una comprensi\u00f3n m\u00e1s profunda del mundo que te rodea.\",\"publisher\":{\"@id\":\"https:\/\/www.nexoinformativo.mx\/#organization\"},\"potentialAction\":[{\"@type\":\"SearchAction\",\"target\":{\"@type\":\"EntryPoint\",\"urlTemplate\":\"https:\/\/www.nexoinformativo.mx\/?s={search_term_string}\"},\"query-input\":{\"@type\":\"PropertyValueSpecification\",\"valueRequired\":true,\"valueName\":\"search_term_string\"}}],\"inLanguage\":\"es\"},{\"@type\":\"Organization\",\"@id\":\"https:\/\/www.nexoinformativo.mx\/#organization\",\"name\":\"Nexo Informativo Santiago de Quer\u00e9taro\",\"url\":\"https:\/\/www.nexoinformativo.mx\/\",\"logo\":{\"@type\":\"ImageObject\",\"inLanguage\":\"es\",\"@id\":\"https:\/\/www.nexoinformativo.mx\/#\/schema\/logo\/image\/\",\"url\":\"https:\/\/www.nexoinformativo.mx\/wp-content\/uploads\/2024\/07\/nexoi-trasparente-2.png\",\"contentUrl\":\"https:\/\/www.nexoinformativo.mx\/wp-content\/uploads\/2024\/07\/nexoi-trasparente-2.png\",\"width\":816,\"height\":339,\"caption\":\"Nexo Informativo Santiago de Quer\u00e9taro\"},\"image\":{\"@id\":\"https:\/\/www.nexoinformativo.mx\/#\/schema\/logo\/image\/\"},\"sameAs\":[\"https:\/\/www.facebook.com\/people\/Nexo-Informativo\/61564066885511\/\"]},{\"@type\":\"Person\",\"@id\":\"https:\/\/www.nexoinformativo.mx\/#\/schema\/person\/7749d380ba08c8ca00d7bc76fd907b7d\",\"name\":\"Nexo Informativo\",\"image\":{\"@type\":\"ImageObject\",\"inLanguage\":\"es\",\"@id\":\"https:\/\/www.nexoinformativo.mx\/#\/schema\/person\/image\/\",\"url\":\"https:\/\/secure.gravatar.com\/avatar\/dde2928154642a13d95f87ddf1ea9718fe2b46760a005c53e41ff5ad610704e6?s=96&d=mm&r=g\",\"contentUrl\":\"https:\/\/secure.gravatar.com\/avatar\/dde2928154642a13d95f87ddf1ea9718fe2b46760a005c53e41ff5ad610704e6?s=96&d=mm&r=g\",\"caption\":\"Nexo Informativo\"},\"url\":\"https:\/\/www.nexoinformativo.mx\/index.php\/author\/edicion\/\"}]}<\/script>\n<!-- \/ Yoast SEO plugin. -->","yoast_head_json":{"title":"Ver mejor para aprender m\u00e1s Felifer Mac\u00edas entrega 600 lentes a estudiantes de secundaria en Quer\u00e9taro | Nexo Informativo Santiago de Quer\u00e9taro","description":"Ver mejor para aprender m\u00e1s Felifer Mac\u00edas entrega 600 lentes a estudiantes de secundaria en Quer\u00e9taro","robots":{"index":"index","follow":"follow","max-snippet":"max-snippet:-1","max-image-preview":"max-image-preview:large","max-video-preview":"max-video-preview:-1"},"canonical":"https:\/\/www.nexoinformativo.mx\/index.php\/2025\/05\/29\/ver-mejor-para-aprender-mas-felifer-macias-entrega-600-lentes-a-estudiantes-de-secundaria-en-queretaro\/","og_locale":"es_MX","og_type":"article","og_title":"Ver mejor para aprender m\u00e1s Felifer Mac\u00edas entrega 600 lentes a estudiantes de secundaria en Quer\u00e9taro | Nexo Informativo Santiago de Quer\u00e9taro","og_description":"Ver mejor para aprender m\u00e1s Felifer Mac\u00edas entrega 600 lentes a estudiantes de secundaria en Quer\u00e9taro","og_url":"https:\/\/www.nexoinformativo.mx\/index.php\/2025\/05\/29\/ver-mejor-para-aprender-mas-felifer-macias-entrega-600-lentes-a-estudiantes-de-secundaria-en-queretaro\/","og_site_name":"Nexo Informativo Santiago de Quer\u00e9taro","article_publisher":"https:\/\/www.facebook.com\/people\/Nexo-Informativo\/61564066885511\/","article_published_time":"2025-05-30T00:00:03+00:00","article_modified_time":"2025-05-30T05:03:19+00:00","og_image":[{"width":800,"height":530,"url":"https:\/\/www.nexoinformativo.mx\/wp-content\/uploads\/2025\/05\/PHOTO-2025-05-29-12-40-50-e1748580903733.jpg","type":"image\/jpeg"}],"author":"Nexo Informativo","twitter_card":"summary_large_image","twitter_misc":{"Escrito por":"Nexo Informativo","Tiempo de lectura":"2 minutos"},"schema":{"@context":"https:\/\/schema.org","@graph":[{"@type":"Article","@id":"https:\/\/www.nexoinformativo.mx\/index.php\/2025\/05\/29\/ver-mejor-para-aprender-mas-felifer-macias-entrega-600-lentes-a-estudiantes-de-secundaria-en-queretaro\/#article","isPartOf":{"@id":"https:\/\/www.nexoinformativo.mx\/index.php\/2025\/05\/29\/ver-mejor-para-aprender-mas-felifer-macias-entrega-600-lentes-a-estudiantes-de-secundaria-en-queretaro\/"},"author":{"name":"Nexo Informativo","@id":"https:\/\/www.nexoinformativo.mx\/#\/schema\/person\/7749d380ba08c8ca00d7bc76fd907b7d"},"headline":"Ver mejor para aprender m\u00e1s Felifer Mac\u00edas entrega 600 lentes a estudiantes de secundaria en Quer\u00e9taro","datePublished":"2025-05-30T00:00:03+00:00","dateModified":"2025-05-30T05:03:19+00:00","mainEntityOfPage":{"@id":"https:\/\/www.nexoinformativo.mx\/index.php\/2025\/05\/29\/ver-mejor-para-aprender-mas-felifer-macias-entrega-600-lentes-a-estudiantes-de-secundaria-en-queretaro\/"},"wordCount":301,"commentCount":0,"publisher":{"@id":"https:\/\/www.nexoinformativo.mx\/#organization"},"image":{"@id":"https:\/\/www.nexoinformativo.mx\/index.php\/2025\/05\/29\/ver-mejor-para-aprender-mas-felifer-macias-entrega-600-lentes-a-estudiantes-de-secundaria-en-queretaro\/#primaryimage"},"thumbnailUrl":"https:\/\/www.nexoinformativo.mx\/wp-content\/uploads\/2025\/05\/PHOTO-2025-05-29-12-40-50-e1748580903733.jpg","keywords":["Educaci\u00f3nQro","FeliferMac\u00edas","LentesParaEstudiantes","SaludVisual"],"articleSection":["Municipios","\u00daltima Hora"],"inLanguage":"es","potentialAction":[{"@type":"CommentAction","name":"Comment","target":["https:\/\/www.nexoinformativo.mx\/index.php\/2025\/05\/29\/ver-mejor-para-aprender-mas-felifer-macias-entrega-600-lentes-a-estudiantes-de-secundaria-en-queretaro\/#respond"]}]},{"@type":"WebPage","@id":"https:\/\/www.nexoinformativo.mx\/index.php\/2025\/05\/29\/ver-mejor-para-aprender-mas-felifer-macias-entrega-600-lentes-a-estudiantes-de-secundaria-en-queretaro\/","url":"https:\/\/www.nexoinformativo.mx\/index.php\/2025\/05\/29\/ver-mejor-para-aprender-mas-felifer-macias-entrega-600-lentes-a-estudiantes-de-secundaria-en-queretaro\/","name":"Ver mejor para aprender m\u00e1s Felifer Mac\u00edas entrega 600 lentes a estudiantes de secundaria en Quer\u00e9taro | Nexo Informativo Santiago de Quer\u00e9taro","isPartOf":{"@id":"https:\/\/www.nexoinformativo.mx\/#website"},"primaryImageOfPage":{"@id":"https:\/\/www.nexoinformativo.mx\/index.php\/2025\/05\/29\/ver-mejor-para-aprender-mas-felifer-macias-entrega-600-lentes-a-estudiantes-de-secundaria-en-queretaro\/#primaryimage"},"image":{"@id":"https:\/\/www.nexoinformativo.mx\/index.php\/2025\/05\/29\/ver-mejor-para-aprender-mas-felifer-macias-entrega-600-lentes-a-estudiantes-de-secundaria-en-queretaro\/#primaryimage"},"thumbnailUrl":"https:\/\/www.nexoinformativo.mx\/wp-content\/uploads\/2025\/05\/PHOTO-2025-05-29-12-40-50-e1748580903733.jpg","datePublished":"2025-05-30T00:00:03+00:00","dateModified":"2025-05-30T05:03:19+00:00","description":"Ver mejor para aprender m\u00e1s Felifer Mac\u00edas entrega 600 lentes a estudiantes de secundaria en Quer\u00e9taro","breadcrumb":{"@id":"https:\/\/www.nexoinformativo.mx\/index.php\/2025\/05\/29\/ver-mejor-para-aprender-mas-felifer-macias-entrega-600-lentes-a-estudiantes-de-secundaria-en-queretaro\/#breadcrumb"},"inLanguage":"es","potentialAction":[{"@type":"ReadAction","target":["https:\/\/www.nexoinformativo.mx\/index.php\/2025\/05\/29\/ver-mejor-para-aprender-mas-felifer-macias-entrega-600-lentes-a-estudiantes-de-secundaria-en-queretaro\/"]}]},{"@type":"ImageObject","inLanguage":"es","@id":"https:\/\/www.nexoinformativo.mx\/index.php\/2025\/05\/29\/ver-mejor-para-aprender-mas-felifer-macias-entrega-600-lentes-a-estudiantes-de-secundaria-en-queretaro\/#primaryimage","url":"https:\/\/www.nexoinformativo.mx\/wp-content\/uploads\/2025\/05\/PHOTO-2025-05-29-12-40-50-e1748580903733.jpg","contentUrl":"https:\/\/www.nexoinformativo.mx\/wp-content\/uploads\/2025\/05\/PHOTO-2025-05-29-12-40-50-e1748580903733.jpg","width":800,"height":530},{"@type":"BreadcrumbList","@id":"https:\/\/www.nexoinformativo.mx\/index.php\/2025\/05\/29\/ver-mejor-para-aprender-mas-felifer-macias-entrega-600-lentes-a-estudiantes-de-secundaria-en-queretaro\/#breadcrumb","itemListElement":[{"@type":"ListItem","position":1,"name":"Inicio","item":"https:\/\/www.nexoinformativo.mx\/"},{"@type":"ListItem","position":2,"name":"Ver mejor para aprender m\u00e1s Felifer Mac\u00edas entrega 600 lentes a estudiantes de secundaria en Quer\u00e9taro"}]},{"@type":"WebSite","@id":"https:\/\/www.nexoinformativo.mx\/#website","url":"https:\/\/www.nexoinformativo.mx\/","name":"Nexo Informativo Santiago de Quer\u00e9taro","description":"Explora NexoInformativo y convi\u00e9rtete en parte de una comunidad que valora el conocimiento y la verdad. Tu nexoinformativo es tu puente hacia una comprensi\u00f3n m\u00e1s profunda del mundo que te rodea.","publisher":{"@id":"https:\/\/www.nexoinformativo.mx\/#organization"},"potentialAction":[{"@type":"SearchAction","target":{"@type":"EntryPoint","urlTemplate":"https:\/\/www.nexoinformativo.mx\/?s={search_term_string}"},"query-input":{"@type":"PropertyValueSpecification","valueRequired":true,"valueName":"search_term_string"}}],"inLanguage":"es"},{"@type":"Organization","@id":"https:\/\/www.nexoinformativo.mx\/#organization","name":"Nexo Informativo Santiago de Quer\u00e9taro","url":"https:\/\/www.nexoinformativo.mx\/","logo":{"@type":"ImageObject","inLanguage":"es","@id":"https:\/\/www.nexoinformativo.mx\/#\/schema\/logo\/image\/","url":"https:\/\/www.nexoinformativo.mx\/wp-content\/uploads\/2024\/07\/nexoi-trasparente-2.png","contentUrl":"https:\/\/www.nexoinformativo.mx\/wp-content\/uploads\/2024\/07\/nexoi-trasparente-2.png","width":816,"height":339,"caption":"Nexo Informativo Santiago de Quer\u00e9taro"},"image":{"@id":"https:\/\/www.nexoinformativo.mx\/#\/schema\/logo\/image\/"},"sameAs":["https:\/\/www.facebook.com\/people\/Nexo-Informativo\/61564066885511\/"]},{"@type":"Person","@id":"https:\/\/www.nexoinformativo.mx\/#\/schema\/person\/7749d380ba08c8ca00d7bc76fd907b7d","name":"Nexo Informativo","image":{"@type":"ImageObject","inLanguage":"es","@id":"https:\/\/www.nexoinformativo.mx\/#\/schema\/person\/image\/","url":"https:\/\/secure.gravatar.com\/avatar\/dde2928154642a13d95f87ddf1ea9718fe2b46760a005c53e41ff5ad610704e6?s=96&d=mm&r=g","contentUrl":"https:\/\/secure.gravatar.com\/avatar\/dde2928154642a13d95f87ddf1ea9718fe2b46760a005c53e41ff5ad610704e6?s=96&d=mm&r=g","caption":"Nexo Informativo"},"url":"https:\/\/www.nexoinformativo.mx\/index.php\/author\/edicion\/"}]}},"_links":{"self":[{"href":"https:\/\/www.nexoinformativo.mx\/index.php\/wp-json\/wp\/v2\/posts\/15437","targetHints":{"allow":["GET"]}}],"collection":[{"href":"https:\/\/www.nexoinformativo.mx\/index.php\/wp-json\/wp\/v2\/posts"}],"about":[{"href":"https:\/\/www.nexoinformativo.mx\/index.php\/wp-json\/wp\/v2\/types\/post"}],"author":[{"embeddable":true,"href":"https:\/\/www.nexoinformativo.mx\/index.php\/wp-json\/wp\/v2\/users\/3"}],"replies":[{"embeddable":true,"href":"https:\/\/www.nexoinformativo.mx\/index.php\/wp-json\/wp\/v2\/comments?post=15437"}],"version-history":[{"count":6,"href":"https:\/\/www.nexoinformativo.mx\/index.php\/wp-json\/wp\/v2\/posts\/15437\/revisions"}],"predecessor-version":[{"id":15444,"href":"https:\/\/www.nexoinformativo.mx\/index.php\/wp-json\/wp\/v2\/posts\/15437\/revisions\/15444"}],"wp:featuredmedia":[{"embeddable":true,"href":"https:\/\/www.nexoinformativo.mx\/index.php\/wp-json\/wp\/v2\/media\/15441"}],"wp:attachment":[{"href":"https:\/\/www.nexoinformativo.mx\/index.php\/wp-json\/wp\/v2\/media?parent=15437"}],"wp:term":[{"taxonomy":"category","embeddable":true,"href":"https:\/\/www.nexoinformativo.mx\/index.php\/wp-json\/wp\/v2\/categories?post=15437"},{"taxonomy":"post_tag","embeddable":true,"href":"https:\/\/www.nexoinformativo.mx\/index.php\/wp-json\/wp\/v2\/tags?post=15437"}],"curies":[{"name":"wp","href":"https:\/\/api.w.org\/{rel}","templated":true}]}}