{"id":15445,"date":"2025-05-29T19:00:37","date_gmt":"2025-05-30T01:00:37","guid":{"rendered":"https:\/\/www.nexoinformativo.mx\/?p=15445"},"modified":"2025-05-29T23:02:55","modified_gmt":"2025-05-30T05:02:55","slug":"democracia-en-accion-ieeq-llama-a-queretanos-a-votar-el-1o-de-junio-en-eleccion-extraordinaria","status":"publish","type":"post","link":"https:\/\/www.nexoinformativo.mx\/index.php\/2025\/05\/29\/democracia-en-accion-ieeq-llama-a-queretanos-a-votar-el-1o-de-junio-en-eleccion-extraordinaria\/","title":{"rendered":"Democracia en acci\u00f3n IEEQ llama a Queretanos a votar el 1\u00ba de Junio en elecci\u00f3n extraordinaria"},"content":{"rendered":"<p style=\"text-align: justify;\" data-sourcepos=\"5:1-5:480\">La consejera presidenta del Instituto Electoral del Estado de Quer\u00e9taro (IEEQ), Grisel Mu\u00f1iz, hizo un llamado a la ciudadan\u00eda a participar activamente en la Elecci\u00f3n Extraordinaria del Poder Judicial de la Federaci\u00f3n el pr\u00f3ximo domingo 1\u00ba de junio.<\/p>\n<\/p>\n<p>&nbsp;<\/p>\n<p style=\"text-align: justify;\" data-sourcepos=\"7:1-7:424\">Durante la sesi\u00f3n ordinaria del Consejo General, la presidenta reconoci\u00f3 la labor del Instituto Nacional Electoral (INE) para garantizar la instalaci\u00f3n y funcionamiento de mil 378 casillas seccionales en la entidad.<\/p>\n<p>&nbsp;<\/p>\n<p style=\"text-align: justify;\" data-sourcepos=\"7:1-7:424\">Asimismo, invit\u00f3 a los ciudadanos a conocer a las candidaturas, practicar su voto y ubicar su casilla en la p\u00e1gina <a href=\"https:\/\/ine.mx\/conoceles-practica-y-ubica\/\" target=\"_blank\" rel=\"noopener\">https:\/\/ine.mx\/conoceles-practica-y-ubica\/<\/a>.<\/p>\n<\/p>\n<p>&nbsp;<\/p>\n<p style=\"text-align: justify;\" data-sourcepos=\"13:1-13:314\">En otro punto importante, el \u00f3rgano superior de direcci\u00f3n aprob\u00f3 el Reglamento del IEEQ para la organizaci\u00f3n del Plebiscito y Refer\u00e9ndum en el estado. Este nuevo marco legal regular\u00e1 la preparaci\u00f3n, organizaci\u00f3n, desarrollo y vigilancia de ambos procedimientos de participaci\u00f3n ciudadana a cargo del Instituto.<\/p>\n<\/p>\n<p>&nbsp;<\/p>\n<p style=\"text-align: justify;\" data-sourcepos=\"15:1-15:406\">El consejero Daniel Dorantes Guerra, presidente de la Comisi\u00f3n Jur\u00eddica, destac\u00f3 que el Reglamento establece reglas claras y operativas que fomentar\u00e1n la participaci\u00f3n ciudadana y har\u00e1n efectiva la Ley de Participaci\u00f3n Ciudadana vigente en la entidad.<\/p>\n<\/p>\n<p>&nbsp;<\/p>\n<p style=\"text-align: justify;\" data-sourcepos=\"15:1-15:406\">La consejera presidenta celebr\u00f3 la oportuna aprobaci\u00f3n del Reglamento, que detalla de manera clara la preparaci\u00f3n y el desarrollo de estos mecanismos.<\/p>\n<\/p>\n<p>&nbsp;<\/p>\n<p style=\"text-align: justify;\" data-sourcepos=\"25:1-25:616\">Adem\u00e1s, el \u00f3rgano colegiado aprob\u00f3 la modificaci\u00f3n en la integraci\u00f3n del \u00d3rgano de Enlace del Servicio Profesional Electoral Nacional (SPEN), conformado ahora por las personas titulares de la Secretar\u00eda Ejecutiva, Coordinaci\u00f3n Jur\u00eddica, Unidad de Transparencia, Unidad de Recursos Humanos y Financieros, y la Secretar\u00eda T\u00e9cnica de la Presidencia.<\/p>\n<\/p>\n<p>&nbsp;<\/p>\n<p style=\"text-align: justify;\" data-sourcepos=\"25:1-25:616\">La consejera Violeta Larissa Mesa Lavadores, presidenta de la Comisi\u00f3n de Seguimiento al SPEN, reconoci\u00f3 el esfuerzo por actualizar la estructura y destac\u00f3 que el personal de este sistema act\u00faa bajo los principios rectores de la funci\u00f3n electoral y la normatividad.<\/p>\n<\/p>\n<p>&nbsp;<\/p>\n<p style=\"text-align: center;\" data-sourcepos=\"25:1-25:616\"><em><strong>\u00a1Informaci\u00f3n que transforma!<\/strong><\/em><\/p>\n","protected":false},"excerpt":{"rendered":"<p>La consejera presidenta del Instituto Electoral del Estado de Quer\u00e9taro (IEEQ), Grisel Mu\u00f1iz, hizo un llamado a la ciudadan\u00eda a participar activamente en la Elecci\u00f3n Extraordinaria del Poder Judicial de la Federaci\u00f3n el pr\u00f3ximo domingo 1\u00ba de junio.<\/p>\n","protected":false},"author":3,"featured_media":15446,"comment_status":"open","ping_status":"open","sticky":false,"template":"","format":"standard","meta":{"footnotes":""},"categories":[42,58],"tags":[4602,552,1238,4644],"class_list":["post-15445","post","type-post","status-publish","format-standard","has-post-thumbnail","hentry","category-estado","category-ultima-hora","tag-eleccionesqro","tag-ieeq","tag-participacionciudadana","tag-voto2025"],"yoast_head":"<!-- This site is optimized with the Yoast SEO plugin v25.0 - https:\/\/yoast.com\/wordpress\/plugins\/seo\/ -->\n<title>Democracia en acci\u00f3n IEEQ llama a Queretanos a votar el 1\u00ba de Junio en elecci\u00f3n extraordinaria | Nexo Informativo Santiago de Quer\u00e9taro<\/title>\n<meta name=\"description\" content=\"Democracia en acci\u00f3n IEEQ llama a Queretanos a votar el 1\u00ba de Junio en elecci\u00f3n extraordinaria\" \/>\n<meta name=\"robots\" content=\"index, follow, max-snippet:-1, max-image-preview:large, max-video-preview:-1\" \/>\n<link rel=\"canonical\" href=\"https:\/\/www.nexoinformativo.mx\/index.php\/2025\/05\/29\/democracia-en-accion-ieeq-llama-a-queretanos-a-votar-el-1o-de-junio-en-eleccion-extraordinaria\/\" \/>\n<meta property=\"og:locale\" content=\"es_MX\" \/>\n<meta property=\"og:type\" content=\"article\" \/>\n<meta property=\"og:title\" content=\"Democracia en acci\u00f3n IEEQ llama a Queretanos a votar el 1\u00ba de Junio en elecci\u00f3n extraordinaria | Nexo Informativo Santiago de Quer\u00e9taro\" \/>\n<meta property=\"og:description\" content=\"Democracia en acci\u00f3n IEEQ llama a Queretanos a votar el 1\u00ba de Junio en elecci\u00f3n extraordinaria\" \/>\n<meta property=\"og:url\" content=\"https:\/\/www.nexoinformativo.mx\/index.php\/2025\/05\/29\/democracia-en-accion-ieeq-llama-a-queretanos-a-votar-el-1o-de-junio-en-eleccion-extraordinaria\/\" \/>\n<meta property=\"og:site_name\" content=\"Nexo Informativo Santiago de Quer\u00e9taro\" \/>\n<meta property=\"article:publisher\" content=\"https:\/\/www.facebook.com\/people\/Nexo-Informativo\/61564066885511\/\" \/>\n<meta property=\"article:published_time\" content=\"2025-05-30T01:00:37+00:00\" \/>\n<meta property=\"article:modified_time\" content=\"2025-05-30T05:02:55+00:00\" \/>\n<meta property=\"og:image\" content=\"https:\/\/www.nexoinformativo.mx\/wp-content\/uploads\/2025\/05\/PHOTO-2025-05-29-12-38-15-e1748581295341.jpg\" \/>\n\t<meta property=\"og:image:width\" content=\"800\" \/>\n\t<meta property=\"og:image:height\" content=\"478\" \/>\n\t<meta property=\"og:image:type\" content=\"image\/jpeg\" \/>\n<meta name=\"author\" content=\"Nexo Informativo\" \/>\n<meta name=\"twitter:card\" content=\"summary_large_image\" \/>\n<meta name=\"twitter:label1\" content=\"Escrito por\" \/>\n\t<meta name=\"twitter:data1\" content=\"Nexo Informativo\" \/>\n\t<meta name=\"twitter:label2\" content=\"Tiempo de lectura\" \/>\n\t<meta name=\"twitter:data2\" content=\"2 minutos\" \/>\n<script type=\"application\/ld+json\" class=\"yoast-schema-graph\">{\"@context\":\"https:\/\/schema.org\",\"@graph\":[{\"@type\":\"Article\",\"@id\":\"https:\/\/www.nexoinformativo.mx\/index.php\/2025\/05\/29\/democracia-en-accion-ieeq-llama-a-queretanos-a-votar-el-1o-de-junio-en-eleccion-extraordinaria\/#article\",\"isPartOf\":{\"@id\":\"https:\/\/www.nexoinformativo.mx\/index.php\/2025\/05\/29\/democracia-en-accion-ieeq-llama-a-queretanos-a-votar-el-1o-de-junio-en-eleccion-extraordinaria\/\"},\"author\":{\"name\":\"Nexo Informativo\",\"@id\":\"https:\/\/www.nexoinformativo.mx\/#\/schema\/person\/7749d380ba08c8ca00d7bc76fd907b7d\"},\"headline\":\"Democracia en acci\u00f3n IEEQ llama a Queretanos a votar el 1\u00ba de Junio en elecci\u00f3n extraordinaria\",\"datePublished\":\"2025-05-30T01:00:37+00:00\",\"dateModified\":\"2025-05-30T05:02:55+00:00\",\"mainEntityOfPage\":{\"@id\":\"https:\/\/www.nexoinformativo.mx\/index.php\/2025\/05\/29\/democracia-en-accion-ieeq-llama-a-queretanos-a-votar-el-1o-de-junio-en-eleccion-extraordinaria\/\"},\"wordCount\":346,\"commentCount\":0,\"publisher\":{\"@id\":\"https:\/\/www.nexoinformativo.mx\/#organization\"},\"image\":{\"@id\":\"https:\/\/www.nexoinformativo.mx\/index.php\/2025\/05\/29\/democracia-en-accion-ieeq-llama-a-queretanos-a-votar-el-1o-de-junio-en-eleccion-extraordinaria\/#primaryimage\"},\"thumbnailUrl\":\"https:\/\/www.nexoinformativo.mx\/wp-content\/uploads\/2025\/05\/PHOTO-2025-05-29-12-38-15-e1748581295341.jpg\",\"keywords\":[\"EleccionesQro\",\"IEEQ\",\"Participaci\u00f3nCiudadana\",\"Voto2025\"],\"articleSection\":[\"Estado\",\"\u00daltima Hora\"],\"inLanguage\":\"es\",\"potentialAction\":[{\"@type\":\"CommentAction\",\"name\":\"Comment\",\"target\":[\"https:\/\/www.nexoinformativo.mx\/index.php\/2025\/05\/29\/democracia-en-accion-ieeq-llama-a-queretanos-a-votar-el-1o-de-junio-en-eleccion-extraordinaria\/#respond\"]}]},{\"@type\":\"WebPage\",\"@id\":\"https:\/\/www.nexoinformativo.mx\/index.php\/2025\/05\/29\/democracia-en-accion-ieeq-llama-a-queretanos-a-votar-el-1o-de-junio-en-eleccion-extraordinaria\/\",\"url\":\"https:\/\/www.nexoinformativo.mx\/index.php\/2025\/05\/29\/democracia-en-accion-ieeq-llama-a-queretanos-a-votar-el-1o-de-junio-en-eleccion-extraordinaria\/\",\"name\":\"Democracia en acci\u00f3n IEEQ llama a Queretanos a votar el 1\u00ba de Junio en elecci\u00f3n extraordinaria | Nexo Informativo Santiago de Quer\u00e9taro\",\"isPartOf\":{\"@id\":\"https:\/\/www.nexoinformativo.mx\/#website\"},\"primaryImageOfPage\":{\"@id\":\"https:\/\/www.nexoinformativo.mx\/index.php\/2025\/05\/29\/democracia-en-accion-ieeq-llama-a-queretanos-a-votar-el-1o-de-junio-en-eleccion-extraordinaria\/#primaryimage\"},\"image\":{\"@id\":\"https:\/\/www.nexoinformativo.mx\/index.php\/2025\/05\/29\/democracia-en-accion-ieeq-llama-a-queretanos-a-votar-el-1o-de-junio-en-eleccion-extraordinaria\/#primaryimage\"},\"thumbnailUrl\":\"https:\/\/www.nexoinformativo.mx\/wp-content\/uploads\/2025\/05\/PHOTO-2025-05-29-12-38-15-e1748581295341.jpg\",\"datePublished\":\"2025-05-30T01:00:37+00:00\",\"dateModified\":\"2025-05-30T05:02:55+00:00\",\"description\":\"Democracia en acci\u00f3n IEEQ llama a Queretanos a votar el 1\u00ba de Junio en elecci\u00f3n extraordinaria\",\"breadcrumb\":{\"@id\":\"https:\/\/www.nexoinformativo.mx\/index.php\/2025\/05\/29\/democracia-en-accion-ieeq-llama-a-queretanos-a-votar-el-1o-de-junio-en-eleccion-extraordinaria\/#breadcrumb\"},\"inLanguage\":\"es\",\"potentialAction\":[{\"@type\":\"ReadAction\",\"target\":[\"https:\/\/www.nexoinformativo.mx\/index.php\/2025\/05\/29\/democracia-en-accion-ieeq-llama-a-queretanos-a-votar-el-1o-de-junio-en-eleccion-extraordinaria\/\"]}]},{\"@type\":\"ImageObject\",\"inLanguage\":\"es\",\"@id\":\"https:\/\/www.nexoinformativo.mx\/index.php\/2025\/05\/29\/democracia-en-accion-ieeq-llama-a-queretanos-a-votar-el-1o-de-junio-en-eleccion-extraordinaria\/#primaryimage\",\"url\":\"https:\/\/www.nexoinformativo.mx\/wp-content\/uploads\/2025\/05\/PHOTO-2025-05-29-12-38-15-e1748581295341.jpg\",\"contentUrl\":\"https:\/\/www.nexoinformativo.mx\/wp-content\/uploads\/2025\/05\/PHOTO-2025-05-29-12-38-15-e1748581295341.jpg\",\"width\":800,\"height\":478},{\"@type\":\"BreadcrumbList\",\"@id\":\"https:\/\/www.nexoinformativo.mx\/index.php\/2025\/05\/29\/democracia-en-accion-ieeq-llama-a-queretanos-a-votar-el-1o-de-junio-en-eleccion-extraordinaria\/#breadcrumb\",\"itemListElement\":[{\"@type\":\"ListItem\",\"position\":1,\"name\":\"Inicio\",\"item\":\"https:\/\/www.nexoinformativo.mx\/\"},{\"@type\":\"ListItem\",\"position\":2,\"name\":\"Democracia en acci\u00f3n IEEQ llama a Queretanos a votar el 1\u00ba de Junio en elecci\u00f3n extraordinaria\"}]},{\"@type\":\"WebSite\",\"@id\":\"https:\/\/www.nexoinformativo.mx\/#website\",\"url\":\"https:\/\/www.nexoinformativo.mx\/\",\"name\":\"Nexo Informativo Santiago de Quer\u00e9taro\",\"description\":\"Explora NexoInformativo y convi\u00e9rtete en parte de una comunidad que valora el conocimiento y la verdad. Tu nexoinformativo es tu puente hacia una comprensi\u00f3n m\u00e1s profunda del mundo que te rodea.\",\"publisher\":{\"@id\":\"https:\/\/www.nexoinformativo.mx\/#organization\"},\"potentialAction\":[{\"@type\":\"SearchAction\",\"target\":{\"@type\":\"EntryPoint\",\"urlTemplate\":\"https:\/\/www.nexoinformativo.mx\/?s={search_term_string}\"},\"query-input\":{\"@type\":\"PropertyValueSpecification\",\"valueRequired\":true,\"valueName\":\"search_term_string\"}}],\"inLanguage\":\"es\"},{\"@type\":\"Organization\",\"@id\":\"https:\/\/www.nexoinformativo.mx\/#organization\",\"name\":\"Nexo Informativo Santiago de Quer\u00e9taro\",\"url\":\"https:\/\/www.nexoinformativo.mx\/\",\"logo\":{\"@type\":\"ImageObject\",\"inLanguage\":\"es\",\"@id\":\"https:\/\/www.nexoinformativo.mx\/#\/schema\/logo\/image\/\",\"url\":\"https:\/\/www.nexoinformativo.mx\/wp-content\/uploads\/2024\/07\/nexoi-trasparente-2.png\",\"contentUrl\":\"https:\/\/www.nexoinformativo.mx\/wp-content\/uploads\/2024\/07\/nexoi-trasparente-2.png\",\"width\":816,\"height\":339,\"caption\":\"Nexo Informativo Santiago de Quer\u00e9taro\"},\"image\":{\"@id\":\"https:\/\/www.nexoinformativo.mx\/#\/schema\/logo\/image\/\"},\"sameAs\":[\"https:\/\/www.facebook.com\/people\/Nexo-Informativo\/61564066885511\/\"]},{\"@type\":\"Person\",\"@id\":\"https:\/\/www.nexoinformativo.mx\/#\/schema\/person\/7749d380ba08c8ca00d7bc76fd907b7d\",\"name\":\"Nexo Informativo\",\"image\":{\"@type\":\"ImageObject\",\"inLanguage\":\"es\",\"@id\":\"https:\/\/www.nexoinformativo.mx\/#\/schema\/person\/image\/\",\"url\":\"https:\/\/secure.gravatar.com\/avatar\/dde2928154642a13d95f87ddf1ea9718fe2b46760a005c53e41ff5ad610704e6?s=96&d=mm&r=g\",\"contentUrl\":\"https:\/\/secure.gravatar.com\/avatar\/dde2928154642a13d95f87ddf1ea9718fe2b46760a005c53e41ff5ad610704e6?s=96&d=mm&r=g\",\"caption\":\"Nexo Informativo\"},\"url\":\"https:\/\/www.nexoinformativo.mx\/index.php\/author\/edicion\/\"}]}<\/script>\n<!-- \/ Yoast SEO plugin. -->","yoast_head_json":{"title":"Democracia en acci\u00f3n IEEQ llama a Queretanos a votar el 1\u00ba de Junio en elecci\u00f3n extraordinaria | Nexo Informativo Santiago de Quer\u00e9taro","description":"Democracia en acci\u00f3n IEEQ llama a Queretanos a votar el 1\u00ba de Junio en elecci\u00f3n extraordinaria","robots":{"index":"index","follow":"follow","max-snippet":"max-snippet:-1","max-image-preview":"max-image-preview:large","max-video-preview":"max-video-preview:-1"},"canonical":"https:\/\/www.nexoinformativo.mx\/index.php\/2025\/05\/29\/democracia-en-accion-ieeq-llama-a-queretanos-a-votar-el-1o-de-junio-en-eleccion-extraordinaria\/","og_locale":"es_MX","og_type":"article","og_title":"Democracia en acci\u00f3n IEEQ llama a Queretanos a votar el 1\u00ba de Junio en elecci\u00f3n extraordinaria | Nexo Informativo Santiago de Quer\u00e9taro","og_description":"Democracia en acci\u00f3n IEEQ llama a Queretanos a votar el 1\u00ba de Junio en elecci\u00f3n extraordinaria","og_url":"https:\/\/www.nexoinformativo.mx\/index.php\/2025\/05\/29\/democracia-en-accion-ieeq-llama-a-queretanos-a-votar-el-1o-de-junio-en-eleccion-extraordinaria\/","og_site_name":"Nexo Informativo Santiago de Quer\u00e9taro","article_publisher":"https:\/\/www.facebook.com\/people\/Nexo-Informativo\/61564066885511\/","article_published_time":"2025-05-30T01:00:37+00:00","article_modified_time":"2025-05-30T05:02:55+00:00","og_image":[{"width":800,"height":478,"url":"https:\/\/www.nexoinformativo.mx\/wp-content\/uploads\/2025\/05\/PHOTO-2025-05-29-12-38-15-e1748581295341.jpg","type":"image\/jpeg"}],"author":"Nexo Informativo","twitter_card":"summary_large_image","twitter_misc":{"Escrito por":"Nexo Informativo","Tiempo de lectura":"2 minutos"},"schema":{"@context":"https:\/\/schema.org","@graph":[{"@type":"Article","@id":"https:\/\/www.nexoinformativo.mx\/index.php\/2025\/05\/29\/democracia-en-accion-ieeq-llama-a-queretanos-a-votar-el-1o-de-junio-en-eleccion-extraordinaria\/#article","isPartOf":{"@id":"https:\/\/www.nexoinformativo.mx\/index.php\/2025\/05\/29\/democracia-en-accion-ieeq-llama-a-queretanos-a-votar-el-1o-de-junio-en-eleccion-extraordinaria\/"},"author":{"name":"Nexo Informativo","@id":"https:\/\/www.nexoinformativo.mx\/#\/schema\/person\/7749d380ba08c8ca00d7bc76fd907b7d"},"headline":"Democracia en acci\u00f3n IEEQ llama a Queretanos a votar el 1\u00ba de Junio en elecci\u00f3n extraordinaria","datePublished":"2025-05-30T01:00:37+00:00","dateModified":"2025-05-30T05:02:55+00:00","mainEntityOfPage":{"@id":"https:\/\/www.nexoinformativo.mx\/index.php\/2025\/05\/29\/democracia-en-accion-ieeq-llama-a-queretanos-a-votar-el-1o-de-junio-en-eleccion-extraordinaria\/"},"wordCount":346,"commentCount":0,"publisher":{"@id":"https:\/\/www.nexoinformativo.mx\/#organization"},"image":{"@id":"https:\/\/www.nexoinformativo.mx\/index.php\/2025\/05\/29\/democracia-en-accion-ieeq-llama-a-queretanos-a-votar-el-1o-de-junio-en-eleccion-extraordinaria\/#primaryimage"},"thumbnailUrl":"https:\/\/www.nexoinformativo.mx\/wp-content\/uploads\/2025\/05\/PHOTO-2025-05-29-12-38-15-e1748581295341.jpg","keywords":["EleccionesQro","IEEQ","Participaci\u00f3nCiudadana","Voto2025"],"articleSection":["Estado","\u00daltima Hora"],"inLanguage":"es","potentialAction":[{"@type":"CommentAction","name":"Comment","target":["https:\/\/www.nexoinformativo.mx\/index.php\/2025\/05\/29\/democracia-en-accion-ieeq-llama-a-queretanos-a-votar-el-1o-de-junio-en-eleccion-extraordinaria\/#respond"]}]},{"@type":"WebPage","@id":"https:\/\/www.nexoinformativo.mx\/index.php\/2025\/05\/29\/democracia-en-accion-ieeq-llama-a-queretanos-a-votar-el-1o-de-junio-en-eleccion-extraordinaria\/","url":"https:\/\/www.nexoinformativo.mx\/index.php\/2025\/05\/29\/democracia-en-accion-ieeq-llama-a-queretanos-a-votar-el-1o-de-junio-en-eleccion-extraordinaria\/","name":"Democracia en acci\u00f3n IEEQ llama a Queretanos a votar el 1\u00ba de Junio en elecci\u00f3n extraordinaria | Nexo Informativo Santiago de Quer\u00e9taro","isPartOf":{"@id":"https:\/\/www.nexoinformativo.mx\/#website"},"primaryImageOfPage":{"@id":"https:\/\/www.nexoinformativo.mx\/index.php\/2025\/05\/29\/democracia-en-accion-ieeq-llama-a-queretanos-a-votar-el-1o-de-junio-en-eleccion-extraordinaria\/#primaryimage"},"image":{"@id":"https:\/\/www.nexoinformativo.mx\/index.php\/2025\/05\/29\/democracia-en-accion-ieeq-llama-a-queretanos-a-votar-el-1o-de-junio-en-eleccion-extraordinaria\/#primaryimage"},"thumbnailUrl":"https:\/\/www.nexoinformativo.mx\/wp-content\/uploads\/2025\/05\/PHOTO-2025-05-29-12-38-15-e1748581295341.jpg","datePublished":"2025-05-30T01:00:37+00:00","dateModified":"2025-05-30T05:02:55+00:00","description":"Democracia en acci\u00f3n IEEQ llama a Queretanos a votar el 1\u00ba de Junio en elecci\u00f3n extraordinaria","breadcrumb":{"@id":"https:\/\/www.nexoinformativo.mx\/index.php\/2025\/05\/29\/democracia-en-accion-ieeq-llama-a-queretanos-a-votar-el-1o-de-junio-en-eleccion-extraordinaria\/#breadcrumb"},"inLanguage":"es","potentialAction":[{"@type":"ReadAction","target":["https:\/\/www.nexoinformativo.mx\/index.php\/2025\/05\/29\/democracia-en-accion-ieeq-llama-a-queretanos-a-votar-el-1o-de-junio-en-eleccion-extraordinaria\/"]}]},{"@type":"ImageObject","inLanguage":"es","@id":"https:\/\/www.nexoinformativo.mx\/index.php\/2025\/05\/29\/democracia-en-accion-ieeq-llama-a-queretanos-a-votar-el-1o-de-junio-en-eleccion-extraordinaria\/#primaryimage","url":"https:\/\/www.nexoinformativo.mx\/wp-content\/uploads\/2025\/05\/PHOTO-2025-05-29-12-38-15-e1748581295341.jpg","contentUrl":"https:\/\/www.nexoinformativo.mx\/wp-content\/uploads\/2025\/05\/PHOTO-2025-05-29-12-38-15-e1748581295341.jpg","width":800,"height":478},{"@type":"BreadcrumbList","@id":"https:\/\/www.nexoinformativo.mx\/index.php\/2025\/05\/29\/democracia-en-accion-ieeq-llama-a-queretanos-a-votar-el-1o-de-junio-en-eleccion-extraordinaria\/#breadcrumb","itemListElement":[{"@type":"ListItem","position":1,"name":"Inicio","item":"https:\/\/www.nexoinformativo.mx\/"},{"@type":"ListItem","position":2,"name":"Democracia en acci\u00f3n IEEQ llama a Queretanos a votar el 1\u00ba de Junio en elecci\u00f3n extraordinaria"}]},{"@type":"WebSite","@id":"https:\/\/www.nexoinformativo.mx\/#website","url":"https:\/\/www.nexoinformativo.mx\/","name":"Nexo Informativo Santiago de Quer\u00e9taro","description":"Explora NexoInformativo y convi\u00e9rtete en parte de una comunidad que valora el conocimiento y la verdad. Tu nexoinformativo es tu puente hacia una comprensi\u00f3n m\u00e1s profunda del mundo que te rodea.","publisher":{"@id":"https:\/\/www.nexoinformativo.mx\/#organization"},"potentialAction":[{"@type":"SearchAction","target":{"@type":"EntryPoint","urlTemplate":"https:\/\/www.nexoinformativo.mx\/?s={search_term_string}"},"query-input":{"@type":"PropertyValueSpecification","valueRequired":true,"valueName":"search_term_string"}}],"inLanguage":"es"},{"@type":"Organization","@id":"https:\/\/www.nexoinformativo.mx\/#organization","name":"Nexo Informativo Santiago de Quer\u00e9taro","url":"https:\/\/www.nexoinformativo.mx\/","logo":{"@type":"ImageObject","inLanguage":"es","@id":"https:\/\/www.nexoinformativo.mx\/#\/schema\/logo\/image\/","url":"https:\/\/www.nexoinformativo.mx\/wp-content\/uploads\/2024\/07\/nexoi-trasparente-2.png","contentUrl":"https:\/\/www.nexoinformativo.mx\/wp-content\/uploads\/2024\/07\/nexoi-trasparente-2.png","width":816,"height":339,"caption":"Nexo Informativo Santiago de Quer\u00e9taro"},"image":{"@id":"https:\/\/www.nexoinformativo.mx\/#\/schema\/logo\/image\/"},"sameAs":["https:\/\/www.facebook.com\/people\/Nexo-Informativo\/61564066885511\/"]},{"@type":"Person","@id":"https:\/\/www.nexoinformativo.mx\/#\/schema\/person\/7749d380ba08c8ca00d7bc76fd907b7d","name":"Nexo Informativo","image":{"@type":"ImageObject","inLanguage":"es","@id":"https:\/\/www.nexoinformativo.mx\/#\/schema\/person\/image\/","url":"https:\/\/secure.gravatar.com\/avatar\/dde2928154642a13d95f87ddf1ea9718fe2b46760a005c53e41ff5ad610704e6?s=96&d=mm&r=g","contentUrl":"https:\/\/secure.gravatar.com\/avatar\/dde2928154642a13d95f87ddf1ea9718fe2b46760a005c53e41ff5ad610704e6?s=96&d=mm&r=g","caption":"Nexo Informativo"},"url":"https:\/\/www.nexoinformativo.mx\/index.php\/author\/edicion\/"}]}},"_links":{"self":[{"href":"https:\/\/www.nexoinformativo.mx\/index.php\/wp-json\/wp\/v2\/posts\/15445","targetHints":{"allow":["GET"]}}],"collection":[{"href":"https:\/\/www.nexoinformativo.mx\/index.php\/wp-json\/wp\/v2\/posts"}],"about":[{"href":"https:\/\/www.nexoinformativo.mx\/index.php\/wp-json\/wp\/v2\/types\/post"}],"author":[{"embeddable":true,"href":"https:\/\/www.nexoinformativo.mx\/index.php\/wp-json\/wp\/v2\/users\/3"}],"replies":[{"embeddable":true,"href":"https:\/\/www.nexoinformativo.mx\/index.php\/wp-json\/wp\/v2\/comments?post=15445"}],"version-history":[{"count":3,"href":"https:\/\/www.nexoinformativo.mx\/index.php\/wp-json\/wp\/v2\/posts\/15445\/revisions"}],"predecessor-version":[{"id":15449,"href":"https:\/\/www.nexoinformativo.mx\/index.php\/wp-json\/wp\/v2\/posts\/15445\/revisions\/15449"}],"wp:featuredmedia":[{"embeddable":true,"href":"https:\/\/www.nexoinformativo.mx\/index.php\/wp-json\/wp\/v2\/media\/15446"}],"wp:attachment":[{"href":"https:\/\/www.nexoinformativo.mx\/index.php\/wp-json\/wp\/v2\/media?parent=15445"}],"wp:term":[{"taxonomy":"category","embeddable":true,"href":"https:\/\/www.nexoinformativo.mx\/index.php\/wp-json\/wp\/v2\/categories?post=15445"},{"taxonomy":"post_tag","embeddable":true,"href":"https:\/\/www.nexoinformativo.mx\/index.php\/wp-json\/wp\/v2\/tags?post=15445"}],"curies":[{"name":"wp","href":"https:\/\/api.w.org\/{rel}","templated":true}]}}