{"id":15450,"date":"2025-05-29T20:00:23","date_gmt":"2025-05-30T02:00:23","guid":{"rendered":"https:\/\/www.nexoinformativo.mx\/?p=15450"},"modified":"2025-05-29T23:08:06","modified_gmt":"2025-05-30T05:08:06","slug":"combate-al-robo-de-vehiculos-operativo-sinergia-por-queretaro-revisa-lotes-de-autos-en-el-estado","status":"publish","type":"post","link":"https:\/\/www.nexoinformativo.mx\/index.php\/2025\/05\/29\/combate-al-robo-de-vehiculos-operativo-sinergia-por-queretaro-revisa-lotes-de-autos-en-el-estado\/","title":{"rendered":"Combate al robo de veh\u00edculos operativo \u201csinergia por Quer\u00e9taro\u201d revisa lotes de autos en el estado"},"content":{"rendered":"<p style=\"text-align: justify;\" data-sourcepos=\"5:1-5:370\">La Fiscal\u00eda General del Estado (FGE) de Quer\u00e9taro inform\u00f3 sobre la realizaci\u00f3n de un nuevo mega operativo de seguridad en establecimientos de compra-venta de veh\u00edculos seminuevos, conocidos popularmente como &#8220;yonkes&#8221; o lotes de autos usados, ubicados en los municipios de Quer\u00e9taro y Corregidora.<\/p>\n<\/p>\n<p>&nbsp;<\/p>\n<p style=\"text-align: justify;\" data-sourcepos=\"7:1-7:308\">De manera simult\u00e1nea, se llevaron a cabo 32 cateos a inmuebles dedicados a este giro comercial. El objetivo principal de estas acciones es verificar la procedencia legal de los veh\u00edculos que se encuentran en venta y asegurar que los comercios cuenten con toda la documentaci\u00f3n en regla para poder operar.<\/p>\n<\/p>\n<p>&nbsp;<\/p>\n<p style=\"text-align: justify;\" data-sourcepos=\"9:1-9:204\">La FGE destac\u00f3 que estas diligencias derivan de carpetas de investigaci\u00f3n relacionadas con los delitos de robo equiparado (posesi\u00f3n o venta de veh\u00edculos robados) y contra la seguridad p\u00fablica.<\/p>\n<\/p>\n<p>&nbsp;<\/p>\n<p style=\"text-align: justify;\" data-sourcepos=\"15:1-15:257\">En este operativo, denominado \u201cSinergia por Quer\u00e9taro\u201d, participaron de manera coordinada elementos de la Polic\u00eda de Investigaci\u00f3n del Delito de la FGE, la Secretar\u00eda de la Defensa Nacional (SEDENA), la Guardia Nacional (GN) y la Polic\u00eda Estatal (PoEs).<\/p>\n<\/p>\n<p>&nbsp;<\/p>\n<p style=\"text-align: justify;\" data-sourcepos=\"17:1-17:249\">Hasta el momento, los resultados espec\u00edficos de estos cateos no han sido revelados. Se est\u00e1 a la espera de que la Fiscal\u00eda General del Estado (FGE) informe de manera oficial los hallazgos y detenciones que se hayan logrado durante estas diligencias.<\/p>\n<\/p>\n<p>&nbsp;<\/p>\n<p style=\"text-align: center;\" data-sourcepos=\"17:1-17:249\"><em><strong>\u00a1Informaci\u00f3n que transforma!<\/strong><\/em><\/p>\n","protected":false},"excerpt":{"rendered":"<p>La Fiscal\u00eda General del Estado (FGE) de Quer\u00e9taro inform\u00f3 sobre la realizaci\u00f3n de un nuevo mega operativo de seguridad en establecimientos de compra-venta de veh\u00edculos seminuevos, conocidos popularmente como &#8220;yonkes&#8221; o lotes de autos usados, ubicados en los municipios de Quer\u00e9taro y Corregidora.<\/p>\n","protected":false},"author":3,"featured_media":15451,"comment_status":"open","ping_status":"open","sticky":false,"template":"","format":"standard","meta":{"footnotes":""},"categories":[137,58],"tags":[3486,305,3709,3655],"class_list":["post-15450","post","type-post","status-publish","format-standard","has-post-thumbnail","hentry","category-sucesos","category-ultima-hora","tag-fgequeretaro","tag-robodevehiculos","tag-seguridadqro","tag-sinergiaporqueretaro"],"yoast_head":"<!-- This site is optimized with the Yoast SEO plugin v25.0 - https:\/\/yoast.com\/wordpress\/plugins\/seo\/ -->\n<title>Combate al robo de veh\u00edculos operativo \u201csinergia por Quer\u00e9taro\u201d revisa lotes de autos en el estado | Nexo Informativo Santiago de Quer\u00e9taro<\/title>\n<meta name=\"description\" content=\"Combate al robo de veh\u00edculos operativo \u201csinergia por Quer\u00e9taro\u201d revisa lotes de autos en el estado\" \/>\n<meta name=\"robots\" content=\"index, follow, max-snippet:-1, max-image-preview:large, max-video-preview:-1\" \/>\n<link rel=\"canonical\" href=\"https:\/\/www.nexoinformativo.mx\/index.php\/2025\/05\/29\/combate-al-robo-de-vehiculos-operativo-sinergia-por-queretaro-revisa-lotes-de-autos-en-el-estado\/\" \/>\n<meta property=\"og:locale\" content=\"es_MX\" \/>\n<meta property=\"og:type\" content=\"article\" \/>\n<meta property=\"og:title\" content=\"Combate al robo de veh\u00edculos operativo \u201csinergia por Quer\u00e9taro\u201d revisa lotes de autos en el estado | Nexo Informativo Santiago de Quer\u00e9taro\" \/>\n<meta property=\"og:description\" content=\"Combate al robo de veh\u00edculos operativo \u201csinergia por Quer\u00e9taro\u201d revisa lotes de autos en el estado\" \/>\n<meta property=\"og:url\" content=\"https:\/\/www.nexoinformativo.mx\/index.php\/2025\/05\/29\/combate-al-robo-de-vehiculos-operativo-sinergia-por-queretaro-revisa-lotes-de-autos-en-el-estado\/\" \/>\n<meta property=\"og:site_name\" content=\"Nexo Informativo Santiago de Quer\u00e9taro\" \/>\n<meta property=\"article:publisher\" content=\"https:\/\/www.facebook.com\/people\/Nexo-Informativo\/61564066885511\/\" \/>\n<meta property=\"article:published_time\" content=\"2025-05-30T02:00:23+00:00\" \/>\n<meta property=\"article:modified_time\" content=\"2025-05-30T05:08:06+00:00\" \/>\n<meta property=\"og:image\" content=\"https:\/\/www.nexoinformativo.mx\/wp-content\/uploads\/2025\/05\/PHOTO-2025-05-29-21-27-12-scaled-e1748581641821.jpg\" \/>\n\t<meta property=\"og:image:width\" content=\"800\" \/>\n\t<meta property=\"og:image:height\" content=\"600\" \/>\n\t<meta property=\"og:image:type\" content=\"image\/jpeg\" \/>\n<meta name=\"author\" content=\"Nexo Informativo\" \/>\n<meta name=\"twitter:card\" content=\"summary_large_image\" \/>\n<meta name=\"twitter:label1\" content=\"Escrito por\" \/>\n\t<meta name=\"twitter:data1\" content=\"Nexo Informativo\" \/>\n\t<meta name=\"twitter:label2\" content=\"Tiempo de lectura\" \/>\n\t<meta name=\"twitter:data2\" content=\"2 minutos\" \/>\n<script type=\"application\/ld+json\" class=\"yoast-schema-graph\">{\"@context\":\"https:\/\/schema.org\",\"@graph\":[{\"@type\":\"Article\",\"@id\":\"https:\/\/www.nexoinformativo.mx\/index.php\/2025\/05\/29\/combate-al-robo-de-vehiculos-operativo-sinergia-por-queretaro-revisa-lotes-de-autos-en-el-estado\/#article\",\"isPartOf\":{\"@id\":\"https:\/\/www.nexoinformativo.mx\/index.php\/2025\/05\/29\/combate-al-robo-de-vehiculos-operativo-sinergia-por-queretaro-revisa-lotes-de-autos-en-el-estado\/\"},\"author\":{\"name\":\"Nexo Informativo\",\"@id\":\"https:\/\/www.nexoinformativo.mx\/#\/schema\/person\/7749d380ba08c8ca00d7bc76fd907b7d\"},\"headline\":\"Combate al robo de veh\u00edculos operativo \u201csinergia por Quer\u00e9taro\u201d revisa lotes de autos en el estado\",\"datePublished\":\"2025-05-30T02:00:23+00:00\",\"dateModified\":\"2025-05-30T05:08:06+00:00\",\"mainEntityOfPage\":{\"@id\":\"https:\/\/www.nexoinformativo.mx\/index.php\/2025\/05\/29\/combate-al-robo-de-vehiculos-operativo-sinergia-por-queretaro-revisa-lotes-de-autos-en-el-estado\/\"},\"wordCount\":246,\"commentCount\":0,\"publisher\":{\"@id\":\"https:\/\/www.nexoinformativo.mx\/#organization\"},\"image\":{\"@id\":\"https:\/\/www.nexoinformativo.mx\/index.php\/2025\/05\/29\/combate-al-robo-de-vehiculos-operativo-sinergia-por-queretaro-revisa-lotes-de-autos-en-el-estado\/#primaryimage\"},\"thumbnailUrl\":\"https:\/\/www.nexoinformativo.mx\/wp-content\/uploads\/2025\/05\/PHOTO-2025-05-29-21-27-12-scaled-e1748581641821.jpg\",\"keywords\":[\"FGEQuer\u00e9taro\",\"RoboDeVeh\u00edculos\",\"SeguridadQro\",\"SinergiaPorQuer\u00e9taro\"],\"articleSection\":[\"Sucesos\",\"\u00daltima Hora\"],\"inLanguage\":\"es\",\"potentialAction\":[{\"@type\":\"CommentAction\",\"name\":\"Comment\",\"target\":[\"https:\/\/www.nexoinformativo.mx\/index.php\/2025\/05\/29\/combate-al-robo-de-vehiculos-operativo-sinergia-por-queretaro-revisa-lotes-de-autos-en-el-estado\/#respond\"]}]},{\"@type\":\"WebPage\",\"@id\":\"https:\/\/www.nexoinformativo.mx\/index.php\/2025\/05\/29\/combate-al-robo-de-vehiculos-operativo-sinergia-por-queretaro-revisa-lotes-de-autos-en-el-estado\/\",\"url\":\"https:\/\/www.nexoinformativo.mx\/index.php\/2025\/05\/29\/combate-al-robo-de-vehiculos-operativo-sinergia-por-queretaro-revisa-lotes-de-autos-en-el-estado\/\",\"name\":\"Combate al robo de veh\u00edculos operativo \u201csinergia por Quer\u00e9taro\u201d revisa lotes de autos en el estado | Nexo Informativo Santiago de Quer\u00e9taro\",\"isPartOf\":{\"@id\":\"https:\/\/www.nexoinformativo.mx\/#website\"},\"primaryImageOfPage\":{\"@id\":\"https:\/\/www.nexoinformativo.mx\/index.php\/2025\/05\/29\/combate-al-robo-de-vehiculos-operativo-sinergia-por-queretaro-revisa-lotes-de-autos-en-el-estado\/#primaryimage\"},\"image\":{\"@id\":\"https:\/\/www.nexoinformativo.mx\/index.php\/2025\/05\/29\/combate-al-robo-de-vehiculos-operativo-sinergia-por-queretaro-revisa-lotes-de-autos-en-el-estado\/#primaryimage\"},\"thumbnailUrl\":\"https:\/\/www.nexoinformativo.mx\/wp-content\/uploads\/2025\/05\/PHOTO-2025-05-29-21-27-12-scaled-e1748581641821.jpg\",\"datePublished\":\"2025-05-30T02:00:23+00:00\",\"dateModified\":\"2025-05-30T05:08:06+00:00\",\"description\":\"Combate al robo de veh\u00edculos operativo \u201csinergia por Quer\u00e9taro\u201d revisa lotes de autos en el estado\",\"breadcrumb\":{\"@id\":\"https:\/\/www.nexoinformativo.mx\/index.php\/2025\/05\/29\/combate-al-robo-de-vehiculos-operativo-sinergia-por-queretaro-revisa-lotes-de-autos-en-el-estado\/#breadcrumb\"},\"inLanguage\":\"es\",\"potentialAction\":[{\"@type\":\"ReadAction\",\"target\":[\"https:\/\/www.nexoinformativo.mx\/index.php\/2025\/05\/29\/combate-al-robo-de-vehiculos-operativo-sinergia-por-queretaro-revisa-lotes-de-autos-en-el-estado\/\"]}]},{\"@type\":\"ImageObject\",\"inLanguage\":\"es\",\"@id\":\"https:\/\/www.nexoinformativo.mx\/index.php\/2025\/05\/29\/combate-al-robo-de-vehiculos-operativo-sinergia-por-queretaro-revisa-lotes-de-autos-en-el-estado\/#primaryimage\",\"url\":\"https:\/\/www.nexoinformativo.mx\/wp-content\/uploads\/2025\/05\/PHOTO-2025-05-29-21-27-12-scaled-e1748581641821.jpg\",\"contentUrl\":\"https:\/\/www.nexoinformativo.mx\/wp-content\/uploads\/2025\/05\/PHOTO-2025-05-29-21-27-12-scaled-e1748581641821.jpg\",\"width\":800,\"height\":600},{\"@type\":\"BreadcrumbList\",\"@id\":\"https:\/\/www.nexoinformativo.mx\/index.php\/2025\/05\/29\/combate-al-robo-de-vehiculos-operativo-sinergia-por-queretaro-revisa-lotes-de-autos-en-el-estado\/#breadcrumb\",\"itemListElement\":[{\"@type\":\"ListItem\",\"position\":1,\"name\":\"Inicio\",\"item\":\"https:\/\/www.nexoinformativo.mx\/\"},{\"@type\":\"ListItem\",\"position\":2,\"name\":\"Combate al robo de veh\u00edculos operativo \u201csinergia por Quer\u00e9taro\u201d revisa lotes de autos en el estado\"}]},{\"@type\":\"WebSite\",\"@id\":\"https:\/\/www.nexoinformativo.mx\/#website\",\"url\":\"https:\/\/www.nexoinformativo.mx\/\",\"name\":\"Nexo Informativo Santiago de Quer\u00e9taro\",\"description\":\"Explora NexoInformativo y convi\u00e9rtete en parte de una comunidad que valora el conocimiento y la verdad. Tu nexoinformativo es tu puente hacia una comprensi\u00f3n m\u00e1s profunda del mundo que te rodea.\",\"publisher\":{\"@id\":\"https:\/\/www.nexoinformativo.mx\/#organization\"},\"potentialAction\":[{\"@type\":\"SearchAction\",\"target\":{\"@type\":\"EntryPoint\",\"urlTemplate\":\"https:\/\/www.nexoinformativo.mx\/?s={search_term_string}\"},\"query-input\":{\"@type\":\"PropertyValueSpecification\",\"valueRequired\":true,\"valueName\":\"search_term_string\"}}],\"inLanguage\":\"es\"},{\"@type\":\"Organization\",\"@id\":\"https:\/\/www.nexoinformativo.mx\/#organization\",\"name\":\"Nexo Informativo Santiago de Quer\u00e9taro\",\"url\":\"https:\/\/www.nexoinformativo.mx\/\",\"logo\":{\"@type\":\"ImageObject\",\"inLanguage\":\"es\",\"@id\":\"https:\/\/www.nexoinformativo.mx\/#\/schema\/logo\/image\/\",\"url\":\"https:\/\/www.nexoinformativo.mx\/wp-content\/uploads\/2024\/07\/nexoi-trasparente-2.png\",\"contentUrl\":\"https:\/\/www.nexoinformativo.mx\/wp-content\/uploads\/2024\/07\/nexoi-trasparente-2.png\",\"width\":816,\"height\":339,\"caption\":\"Nexo Informativo Santiago de Quer\u00e9taro\"},\"image\":{\"@id\":\"https:\/\/www.nexoinformativo.mx\/#\/schema\/logo\/image\/\"},\"sameAs\":[\"https:\/\/www.facebook.com\/people\/Nexo-Informativo\/61564066885511\/\"]},{\"@type\":\"Person\",\"@id\":\"https:\/\/www.nexoinformativo.mx\/#\/schema\/person\/7749d380ba08c8ca00d7bc76fd907b7d\",\"name\":\"Nexo Informativo\",\"image\":{\"@type\":\"ImageObject\",\"inLanguage\":\"es\",\"@id\":\"https:\/\/www.nexoinformativo.mx\/#\/schema\/person\/image\/\",\"url\":\"https:\/\/secure.gravatar.com\/avatar\/dde2928154642a13d95f87ddf1ea9718fe2b46760a005c53e41ff5ad610704e6?s=96&d=mm&r=g\",\"contentUrl\":\"https:\/\/secure.gravatar.com\/avatar\/dde2928154642a13d95f87ddf1ea9718fe2b46760a005c53e41ff5ad610704e6?s=96&d=mm&r=g\",\"caption\":\"Nexo Informativo\"},\"url\":\"https:\/\/www.nexoinformativo.mx\/index.php\/author\/edicion\/\"}]}<\/script>\n<!-- \/ Yoast SEO plugin. -->","yoast_head_json":{"title":"Combate al robo de veh\u00edculos operativo \u201csinergia por Quer\u00e9taro\u201d revisa lotes de autos en el estado | Nexo Informativo Santiago de Quer\u00e9taro","description":"Combate al robo de veh\u00edculos operativo \u201csinergia por Quer\u00e9taro\u201d revisa lotes de autos en el estado","robots":{"index":"index","follow":"follow","max-snippet":"max-snippet:-1","max-image-preview":"max-image-preview:large","max-video-preview":"max-video-preview:-1"},"canonical":"https:\/\/www.nexoinformativo.mx\/index.php\/2025\/05\/29\/combate-al-robo-de-vehiculos-operativo-sinergia-por-queretaro-revisa-lotes-de-autos-en-el-estado\/","og_locale":"es_MX","og_type":"article","og_title":"Combate al robo de veh\u00edculos operativo \u201csinergia por Quer\u00e9taro\u201d revisa lotes de autos en el estado | Nexo Informativo Santiago de Quer\u00e9taro","og_description":"Combate al robo de veh\u00edculos operativo \u201csinergia por Quer\u00e9taro\u201d revisa lotes de autos en el estado","og_url":"https:\/\/www.nexoinformativo.mx\/index.php\/2025\/05\/29\/combate-al-robo-de-vehiculos-operativo-sinergia-por-queretaro-revisa-lotes-de-autos-en-el-estado\/","og_site_name":"Nexo Informativo Santiago de Quer\u00e9taro","article_publisher":"https:\/\/www.facebook.com\/people\/Nexo-Informativo\/61564066885511\/","article_published_time":"2025-05-30T02:00:23+00:00","article_modified_time":"2025-05-30T05:08:06+00:00","og_image":[{"width":800,"height":600,"url":"https:\/\/www.nexoinformativo.mx\/wp-content\/uploads\/2025\/05\/PHOTO-2025-05-29-21-27-12-scaled-e1748581641821.jpg","type":"image\/jpeg"}],"author":"Nexo Informativo","twitter_card":"summary_large_image","twitter_misc":{"Escrito por":"Nexo Informativo","Tiempo de lectura":"2 minutos"},"schema":{"@context":"https:\/\/schema.org","@graph":[{"@type":"Article","@id":"https:\/\/www.nexoinformativo.mx\/index.php\/2025\/05\/29\/combate-al-robo-de-vehiculos-operativo-sinergia-por-queretaro-revisa-lotes-de-autos-en-el-estado\/#article","isPartOf":{"@id":"https:\/\/www.nexoinformativo.mx\/index.php\/2025\/05\/29\/combate-al-robo-de-vehiculos-operativo-sinergia-por-queretaro-revisa-lotes-de-autos-en-el-estado\/"},"author":{"name":"Nexo Informativo","@id":"https:\/\/www.nexoinformativo.mx\/#\/schema\/person\/7749d380ba08c8ca00d7bc76fd907b7d"},"headline":"Combate al robo de veh\u00edculos operativo \u201csinergia por Quer\u00e9taro\u201d revisa lotes de autos en el estado","datePublished":"2025-05-30T02:00:23+00:00","dateModified":"2025-05-30T05:08:06+00:00","mainEntityOfPage":{"@id":"https:\/\/www.nexoinformativo.mx\/index.php\/2025\/05\/29\/combate-al-robo-de-vehiculos-operativo-sinergia-por-queretaro-revisa-lotes-de-autos-en-el-estado\/"},"wordCount":246,"commentCount":0,"publisher":{"@id":"https:\/\/www.nexoinformativo.mx\/#organization"},"image":{"@id":"https:\/\/www.nexoinformativo.mx\/index.php\/2025\/05\/29\/combate-al-robo-de-vehiculos-operativo-sinergia-por-queretaro-revisa-lotes-de-autos-en-el-estado\/#primaryimage"},"thumbnailUrl":"https:\/\/www.nexoinformativo.mx\/wp-content\/uploads\/2025\/05\/PHOTO-2025-05-29-21-27-12-scaled-e1748581641821.jpg","keywords":["FGEQuer\u00e9taro","RoboDeVeh\u00edculos","SeguridadQro","SinergiaPorQuer\u00e9taro"],"articleSection":["Sucesos","\u00daltima Hora"],"inLanguage":"es","potentialAction":[{"@type":"CommentAction","name":"Comment","target":["https:\/\/www.nexoinformativo.mx\/index.php\/2025\/05\/29\/combate-al-robo-de-vehiculos-operativo-sinergia-por-queretaro-revisa-lotes-de-autos-en-el-estado\/#respond"]}]},{"@type":"WebPage","@id":"https:\/\/www.nexoinformativo.mx\/index.php\/2025\/05\/29\/combate-al-robo-de-vehiculos-operativo-sinergia-por-queretaro-revisa-lotes-de-autos-en-el-estado\/","url":"https:\/\/www.nexoinformativo.mx\/index.php\/2025\/05\/29\/combate-al-robo-de-vehiculos-operativo-sinergia-por-queretaro-revisa-lotes-de-autos-en-el-estado\/","name":"Combate al robo de veh\u00edculos operativo \u201csinergia por Quer\u00e9taro\u201d revisa lotes de autos en el estado | Nexo Informativo Santiago de Quer\u00e9taro","isPartOf":{"@id":"https:\/\/www.nexoinformativo.mx\/#website"},"primaryImageOfPage":{"@id":"https:\/\/www.nexoinformativo.mx\/index.php\/2025\/05\/29\/combate-al-robo-de-vehiculos-operativo-sinergia-por-queretaro-revisa-lotes-de-autos-en-el-estado\/#primaryimage"},"image":{"@id":"https:\/\/www.nexoinformativo.mx\/index.php\/2025\/05\/29\/combate-al-robo-de-vehiculos-operativo-sinergia-por-queretaro-revisa-lotes-de-autos-en-el-estado\/#primaryimage"},"thumbnailUrl":"https:\/\/www.nexoinformativo.mx\/wp-content\/uploads\/2025\/05\/PHOTO-2025-05-29-21-27-12-scaled-e1748581641821.jpg","datePublished":"2025-05-30T02:00:23+00:00","dateModified":"2025-05-30T05:08:06+00:00","description":"Combate al robo de veh\u00edculos operativo \u201csinergia por Quer\u00e9taro\u201d revisa lotes de autos en el estado","breadcrumb":{"@id":"https:\/\/www.nexoinformativo.mx\/index.php\/2025\/05\/29\/combate-al-robo-de-vehiculos-operativo-sinergia-por-queretaro-revisa-lotes-de-autos-en-el-estado\/#breadcrumb"},"inLanguage":"es","potentialAction":[{"@type":"ReadAction","target":["https:\/\/www.nexoinformativo.mx\/index.php\/2025\/05\/29\/combate-al-robo-de-vehiculos-operativo-sinergia-por-queretaro-revisa-lotes-de-autos-en-el-estado\/"]}]},{"@type":"ImageObject","inLanguage":"es","@id":"https:\/\/www.nexoinformativo.mx\/index.php\/2025\/05\/29\/combate-al-robo-de-vehiculos-operativo-sinergia-por-queretaro-revisa-lotes-de-autos-en-el-estado\/#primaryimage","url":"https:\/\/www.nexoinformativo.mx\/wp-content\/uploads\/2025\/05\/PHOTO-2025-05-29-21-27-12-scaled-e1748581641821.jpg","contentUrl":"https:\/\/www.nexoinformativo.mx\/wp-content\/uploads\/2025\/05\/PHOTO-2025-05-29-21-27-12-scaled-e1748581641821.jpg","width":800,"height":600},{"@type":"BreadcrumbList","@id":"https:\/\/www.nexoinformativo.mx\/index.php\/2025\/05\/29\/combate-al-robo-de-vehiculos-operativo-sinergia-por-queretaro-revisa-lotes-de-autos-en-el-estado\/#breadcrumb","itemListElement":[{"@type":"ListItem","position":1,"name":"Inicio","item":"https:\/\/www.nexoinformativo.mx\/"},{"@type":"ListItem","position":2,"name":"Combate al robo de veh\u00edculos operativo \u201csinergia por Quer\u00e9taro\u201d revisa lotes de autos en el estado"}]},{"@type":"WebSite","@id":"https:\/\/www.nexoinformativo.mx\/#website","url":"https:\/\/www.nexoinformativo.mx\/","name":"Nexo Informativo Santiago de Quer\u00e9taro","description":"Explora NexoInformativo y convi\u00e9rtete en parte de una comunidad que valora el conocimiento y la verdad. Tu nexoinformativo es tu puente hacia una comprensi\u00f3n m\u00e1s profunda del mundo que te rodea.","publisher":{"@id":"https:\/\/www.nexoinformativo.mx\/#organization"},"potentialAction":[{"@type":"SearchAction","target":{"@type":"EntryPoint","urlTemplate":"https:\/\/www.nexoinformativo.mx\/?s={search_term_string}"},"query-input":{"@type":"PropertyValueSpecification","valueRequired":true,"valueName":"search_term_string"}}],"inLanguage":"es"},{"@type":"Organization","@id":"https:\/\/www.nexoinformativo.mx\/#organization","name":"Nexo Informativo Santiago de Quer\u00e9taro","url":"https:\/\/www.nexoinformativo.mx\/","logo":{"@type":"ImageObject","inLanguage":"es","@id":"https:\/\/www.nexoinformativo.mx\/#\/schema\/logo\/image\/","url":"https:\/\/www.nexoinformativo.mx\/wp-content\/uploads\/2024\/07\/nexoi-trasparente-2.png","contentUrl":"https:\/\/www.nexoinformativo.mx\/wp-content\/uploads\/2024\/07\/nexoi-trasparente-2.png","width":816,"height":339,"caption":"Nexo Informativo Santiago de Quer\u00e9taro"},"image":{"@id":"https:\/\/www.nexoinformativo.mx\/#\/schema\/logo\/image\/"},"sameAs":["https:\/\/www.facebook.com\/people\/Nexo-Informativo\/61564066885511\/"]},{"@type":"Person","@id":"https:\/\/www.nexoinformativo.mx\/#\/schema\/person\/7749d380ba08c8ca00d7bc76fd907b7d","name":"Nexo Informativo","image":{"@type":"ImageObject","inLanguage":"es","@id":"https:\/\/www.nexoinformativo.mx\/#\/schema\/person\/image\/","url":"https:\/\/secure.gravatar.com\/avatar\/dde2928154642a13d95f87ddf1ea9718fe2b46760a005c53e41ff5ad610704e6?s=96&d=mm&r=g","contentUrl":"https:\/\/secure.gravatar.com\/avatar\/dde2928154642a13d95f87ddf1ea9718fe2b46760a005c53e41ff5ad610704e6?s=96&d=mm&r=g","caption":"Nexo Informativo"},"url":"https:\/\/www.nexoinformativo.mx\/index.php\/author\/edicion\/"}]}},"_links":{"self":[{"href":"https:\/\/www.nexoinformativo.mx\/index.php\/wp-json\/wp\/v2\/posts\/15450","targetHints":{"allow":["GET"]}}],"collection":[{"href":"https:\/\/www.nexoinformativo.mx\/index.php\/wp-json\/wp\/v2\/posts"}],"about":[{"href":"https:\/\/www.nexoinformativo.mx\/index.php\/wp-json\/wp\/v2\/types\/post"}],"author":[{"embeddable":true,"href":"https:\/\/www.nexoinformativo.mx\/index.php\/wp-json\/wp\/v2\/users\/3"}],"replies":[{"embeddable":true,"href":"https:\/\/www.nexoinformativo.mx\/index.php\/wp-json\/wp\/v2\/comments?post=15450"}],"version-history":[{"count":3,"href":"https:\/\/www.nexoinformativo.mx\/index.php\/wp-json\/wp\/v2\/posts\/15450\/revisions"}],"predecessor-version":[{"id":15454,"href":"https:\/\/www.nexoinformativo.mx\/index.php\/wp-json\/wp\/v2\/posts\/15450\/revisions\/15454"}],"wp:featuredmedia":[{"embeddable":true,"href":"https:\/\/www.nexoinformativo.mx\/index.php\/wp-json\/wp\/v2\/media\/15451"}],"wp:attachment":[{"href":"https:\/\/www.nexoinformativo.mx\/index.php\/wp-json\/wp\/v2\/media?parent=15450"}],"wp:term":[{"taxonomy":"category","embeddable":true,"href":"https:\/\/www.nexoinformativo.mx\/index.php\/wp-json\/wp\/v2\/categories?post=15450"},{"taxonomy":"post_tag","embeddable":true,"href":"https:\/\/www.nexoinformativo.mx\/index.php\/wp-json\/wp\/v2\/tags?post=15450"}],"curies":[{"name":"wp","href":"https:\/\/api.w.org\/{rel}","templated":true}]}}