{"id":15455,"date":"2025-05-29T22:00:56","date_gmt":"2025-05-30T04:00:56","guid":{"rendered":"https:\/\/www.nexoinformativo.mx\/?p=15455"},"modified":"2025-05-29T23:13:44","modified_gmt":"2025-05-30T05:13:44","slug":"queretaro-impulsa-el-empleo-felifer-macias-inaugura-el-centro-integral-de-operaciones-kavak","status":"publish","type":"post","link":"https:\/\/www.nexoinformativo.mx\/index.php\/2025\/05\/29\/queretaro-impulsa-el-empleo-felifer-macias-inaugura-el-centro-integral-de-operaciones-kavak\/","title":{"rendered":"Quer\u00e9taro impulsa el empleo Felifer Mac\u00edas inaugura el centro integral de operaciones Kavak"},"content":{"rendered":"<p style=\"text-align: justify;\" data-sourcepos=\"5:1-5:437\">El presidente municipal de Quer\u00e9taro, Felifer Mac\u00edas, asisti\u00f3 a la inauguraci\u00f3n del nuevo Centro Integral de Operaciones Kavak.<\/p>\n<p>&nbsp;<\/p>\n<p style=\"text-align: justify;\" data-sourcepos=\"5:1-5:437\">Durante el evento, el alcalde destac\u00f3 que la ciudad se consolida como el destino preferido para las empresas que apuestan por el futuro y que generan oportunidades de empleos dignos para el talento local.<\/p>\n<p>&nbsp;<\/p>\n<p style=\"text-align: justify;\" data-sourcepos=\"7:1-7:408\">Kavak inici\u00f3 operaciones en Quer\u00e9taro en 2021 con una inversi\u00f3n inicial de 250 millones de pesos. Demostrando su crecimiento en el estado, en mayo de este a\u00f1o la empresa abri\u00f3 las puertas de Kavak Bernardo Quintana, tras una inversi\u00f3n adicional de tres millones de pesos en el reacondicionamiento de sus instalaciones.<\/p>\n<p>&nbsp;<\/p>\n<p style=\"text-align: justify;\" data-sourcepos=\"15:1-15:308\">En la inauguraci\u00f3n estuvieron presentes importantes figuras como Mariano Segarra, director comercial de Kavak; Genaro Montes D\u00edaz, subsecretario de Desarrollo Econ\u00f3mico del Estado; Alejandro Sterling S\u00e1nchez, secretario de Desarrollo Econ\u00f3mico del Municipio; as\u00ed como colaboradores de la empresa.<\/p>\n<p>&nbsp;<\/p>\n<p style=\"text-align: justify;\" data-sourcepos=\"17:1-17:257\">Este evento subraya la importancia de la colaboraci\u00f3n entre el gobierno y el sector privado para atraer inversiones y fomentar el desarrollo econ\u00f3mico en la regi\u00f3n, ofreciendo nuevas oportunidades de crecimiento y bienestar para los ciudadanos de Quer\u00e9taro.<\/p>\n<p>&nbsp;<\/p>\n<p style=\"text-align: center;\" data-sourcepos=\"17:1-17:257\"><em><strong>\u00a1Informaci\u00f3n que transforma!<\/strong><\/em><\/p>\n","protected":false},"excerpt":{"rendered":"<p>El presidente municipal de Quer\u00e9taro, Felifer Mac\u00edas, asisti\u00f3 a la inauguraci\u00f3n del nuevo Centro Integral de Operaciones Kavak.<\/p>\n","protected":false},"author":3,"featured_media":15456,"comment_status":"open","ping_status":"open","sticky":false,"template":"","format":"standard","meta":{"footnotes":""},"categories":[65,58],"tags":[3689,1000,1915,4645],"class_list":["post-15455","post","type-post","status-publish","format-standard","has-post-thumbnail","hentry","category-municipios","category-ultima-hora","tag-empleoqro","tag-felifermacias","tag-inversionenqueretaro","tag-kavakqueretaro"],"yoast_head":"<!-- This site is optimized with the Yoast SEO plugin v25.0 - https:\/\/yoast.com\/wordpress\/plugins\/seo\/ -->\n<title>Quer\u00e9taro impulsa el empleo Felifer Mac\u00edas inaugura el centro integral de operaciones Kavak | Nexo Informativo Santiago de Quer\u00e9taro<\/title>\n<meta name=\"description\" content=\"Quer\u00e9taro impulsa el empleo Felifer Mac\u00edas inaugura el centro integral de operaciones Kavak\" \/>\n<meta name=\"robots\" content=\"index, follow, max-snippet:-1, max-image-preview:large, max-video-preview:-1\" \/>\n<link rel=\"canonical\" href=\"https:\/\/www.nexoinformativo.mx\/index.php\/2025\/05\/29\/queretaro-impulsa-el-empleo-felifer-macias-inaugura-el-centro-integral-de-operaciones-kavak\/\" \/>\n<meta property=\"og:locale\" content=\"es_MX\" \/>\n<meta property=\"og:type\" content=\"article\" \/>\n<meta property=\"og:title\" content=\"Quer\u00e9taro impulsa el empleo Felifer Mac\u00edas inaugura el centro integral de operaciones Kavak | Nexo Informativo Santiago de Quer\u00e9taro\" \/>\n<meta property=\"og:description\" content=\"Quer\u00e9taro impulsa el empleo Felifer Mac\u00edas inaugura el centro integral de operaciones Kavak\" \/>\n<meta property=\"og:url\" content=\"https:\/\/www.nexoinformativo.mx\/index.php\/2025\/05\/29\/queretaro-impulsa-el-empleo-felifer-macias-inaugura-el-centro-integral-de-operaciones-kavak\/\" \/>\n<meta property=\"og:site_name\" content=\"Nexo Informativo Santiago de Quer\u00e9taro\" \/>\n<meta property=\"article:publisher\" content=\"https:\/\/www.facebook.com\/people\/Nexo-Informativo\/61564066885511\/\" \/>\n<meta property=\"article:published_time\" content=\"2025-05-30T04:00:56+00:00\" \/>\n<meta property=\"article:modified_time\" content=\"2025-05-30T05:13:44+00:00\" \/>\n<meta property=\"og:image\" content=\"https:\/\/www.nexoinformativo.mx\/wp-content\/uploads\/2025\/05\/90250360-05a5-4811-a2ad-9885b765a238-e1748581949491.jpg\" \/>\n\t<meta property=\"og:image:width\" content=\"800\" \/>\n\t<meta property=\"og:image:height\" content=\"916\" \/>\n\t<meta property=\"og:image:type\" content=\"image\/jpeg\" \/>\n<meta name=\"author\" content=\"Nexo Informativo\" \/>\n<meta name=\"twitter:card\" content=\"summary_large_image\" \/>\n<meta name=\"twitter:label1\" content=\"Escrito por\" \/>\n\t<meta name=\"twitter:data1\" content=\"Nexo Informativo\" \/>\n\t<meta name=\"twitter:label2\" content=\"Tiempo de lectura\" \/>\n\t<meta name=\"twitter:data2\" content=\"2 minutos\" \/>\n<script type=\"application\/ld+json\" class=\"yoast-schema-graph\">{\"@context\":\"https:\/\/schema.org\",\"@graph\":[{\"@type\":\"Article\",\"@id\":\"https:\/\/www.nexoinformativo.mx\/index.php\/2025\/05\/29\/queretaro-impulsa-el-empleo-felifer-macias-inaugura-el-centro-integral-de-operaciones-kavak\/#article\",\"isPartOf\":{\"@id\":\"https:\/\/www.nexoinformativo.mx\/index.php\/2025\/05\/29\/queretaro-impulsa-el-empleo-felifer-macias-inaugura-el-centro-integral-de-operaciones-kavak\/\"},\"author\":{\"name\":\"Nexo Informativo\",\"@id\":\"https:\/\/www.nexoinformativo.mx\/#\/schema\/person\/7749d380ba08c8ca00d7bc76fd907b7d\"},\"headline\":\"Quer\u00e9taro impulsa el empleo Felifer Mac\u00edas inaugura el centro integral de operaciones Kavak\",\"datePublished\":\"2025-05-30T04:00:56+00:00\",\"dateModified\":\"2025-05-30T05:13:44+00:00\",\"mainEntityOfPage\":{\"@id\":\"https:\/\/www.nexoinformativo.mx\/index.php\/2025\/05\/29\/queretaro-impulsa-el-empleo-felifer-macias-inaugura-el-centro-integral-de-operaciones-kavak\/\"},\"wordCount\":217,\"commentCount\":0,\"publisher\":{\"@id\":\"https:\/\/www.nexoinformativo.mx\/#organization\"},\"image\":{\"@id\":\"https:\/\/www.nexoinformativo.mx\/index.php\/2025\/05\/29\/queretaro-impulsa-el-empleo-felifer-macias-inaugura-el-centro-integral-de-operaciones-kavak\/#primaryimage\"},\"thumbnailUrl\":\"https:\/\/www.nexoinformativo.mx\/wp-content\/uploads\/2025\/05\/90250360-05a5-4811-a2ad-9885b765a238-e1748581949491.jpg\",\"keywords\":[\"EmpleoQro\",\"FeliferMac\u00edas\",\"Inversi\u00f3nEnQuer\u00e9taro\",\"KavakQuer\u00e9taro\"],\"articleSection\":[\"Municipios\",\"\u00daltima Hora\"],\"inLanguage\":\"es\",\"potentialAction\":[{\"@type\":\"CommentAction\",\"name\":\"Comment\",\"target\":[\"https:\/\/www.nexoinformativo.mx\/index.php\/2025\/05\/29\/queretaro-impulsa-el-empleo-felifer-macias-inaugura-el-centro-integral-de-operaciones-kavak\/#respond\"]}]},{\"@type\":\"WebPage\",\"@id\":\"https:\/\/www.nexoinformativo.mx\/index.php\/2025\/05\/29\/queretaro-impulsa-el-empleo-felifer-macias-inaugura-el-centro-integral-de-operaciones-kavak\/\",\"url\":\"https:\/\/www.nexoinformativo.mx\/index.php\/2025\/05\/29\/queretaro-impulsa-el-empleo-felifer-macias-inaugura-el-centro-integral-de-operaciones-kavak\/\",\"name\":\"Quer\u00e9taro impulsa el empleo Felifer Mac\u00edas inaugura el centro integral de operaciones Kavak | Nexo Informativo Santiago de Quer\u00e9taro\",\"isPartOf\":{\"@id\":\"https:\/\/www.nexoinformativo.mx\/#website\"},\"primaryImageOfPage\":{\"@id\":\"https:\/\/www.nexoinformativo.mx\/index.php\/2025\/05\/29\/queretaro-impulsa-el-empleo-felifer-macias-inaugura-el-centro-integral-de-operaciones-kavak\/#primaryimage\"},\"image\":{\"@id\":\"https:\/\/www.nexoinformativo.mx\/index.php\/2025\/05\/29\/queretaro-impulsa-el-empleo-felifer-macias-inaugura-el-centro-integral-de-operaciones-kavak\/#primaryimage\"},\"thumbnailUrl\":\"https:\/\/www.nexoinformativo.mx\/wp-content\/uploads\/2025\/05\/90250360-05a5-4811-a2ad-9885b765a238-e1748581949491.jpg\",\"datePublished\":\"2025-05-30T04:00:56+00:00\",\"dateModified\":\"2025-05-30T05:13:44+00:00\",\"description\":\"Quer\u00e9taro impulsa el empleo Felifer Mac\u00edas inaugura el centro integral de operaciones Kavak\",\"breadcrumb\":{\"@id\":\"https:\/\/www.nexoinformativo.mx\/index.php\/2025\/05\/29\/queretaro-impulsa-el-empleo-felifer-macias-inaugura-el-centro-integral-de-operaciones-kavak\/#breadcrumb\"},\"inLanguage\":\"es\",\"potentialAction\":[{\"@type\":\"ReadAction\",\"target\":[\"https:\/\/www.nexoinformativo.mx\/index.php\/2025\/05\/29\/queretaro-impulsa-el-empleo-felifer-macias-inaugura-el-centro-integral-de-operaciones-kavak\/\"]}]},{\"@type\":\"ImageObject\",\"inLanguage\":\"es\",\"@id\":\"https:\/\/www.nexoinformativo.mx\/index.php\/2025\/05\/29\/queretaro-impulsa-el-empleo-felifer-macias-inaugura-el-centro-integral-de-operaciones-kavak\/#primaryimage\",\"url\":\"https:\/\/www.nexoinformativo.mx\/wp-content\/uploads\/2025\/05\/90250360-05a5-4811-a2ad-9885b765a238-e1748581949491.jpg\",\"contentUrl\":\"https:\/\/www.nexoinformativo.mx\/wp-content\/uploads\/2025\/05\/90250360-05a5-4811-a2ad-9885b765a238-e1748581949491.jpg\",\"width\":800,\"height\":916},{\"@type\":\"BreadcrumbList\",\"@id\":\"https:\/\/www.nexoinformativo.mx\/index.php\/2025\/05\/29\/queretaro-impulsa-el-empleo-felifer-macias-inaugura-el-centro-integral-de-operaciones-kavak\/#breadcrumb\",\"itemListElement\":[{\"@type\":\"ListItem\",\"position\":1,\"name\":\"Inicio\",\"item\":\"https:\/\/www.nexoinformativo.mx\/\"},{\"@type\":\"ListItem\",\"position\":2,\"name\":\"Quer\u00e9taro impulsa el empleo Felifer Mac\u00edas inaugura el centro integral de operaciones Kavak\"}]},{\"@type\":\"WebSite\",\"@id\":\"https:\/\/www.nexoinformativo.mx\/#website\",\"url\":\"https:\/\/www.nexoinformativo.mx\/\",\"name\":\"Nexo Informativo Santiago de Quer\u00e9taro\",\"description\":\"Explora NexoInformativo y convi\u00e9rtete en parte de una comunidad que valora el conocimiento y la verdad. Tu nexoinformativo es tu puente hacia una comprensi\u00f3n m\u00e1s profunda del mundo que te rodea.\",\"publisher\":{\"@id\":\"https:\/\/www.nexoinformativo.mx\/#organization\"},\"potentialAction\":[{\"@type\":\"SearchAction\",\"target\":{\"@type\":\"EntryPoint\",\"urlTemplate\":\"https:\/\/www.nexoinformativo.mx\/?s={search_term_string}\"},\"query-input\":{\"@type\":\"PropertyValueSpecification\",\"valueRequired\":true,\"valueName\":\"search_term_string\"}}],\"inLanguage\":\"es\"},{\"@type\":\"Organization\",\"@id\":\"https:\/\/www.nexoinformativo.mx\/#organization\",\"name\":\"Nexo Informativo Santiago de Quer\u00e9taro\",\"url\":\"https:\/\/www.nexoinformativo.mx\/\",\"logo\":{\"@type\":\"ImageObject\",\"inLanguage\":\"es\",\"@id\":\"https:\/\/www.nexoinformativo.mx\/#\/schema\/logo\/image\/\",\"url\":\"https:\/\/www.nexoinformativo.mx\/wp-content\/uploads\/2024\/07\/nexoi-trasparente-2.png\",\"contentUrl\":\"https:\/\/www.nexoinformativo.mx\/wp-content\/uploads\/2024\/07\/nexoi-trasparente-2.png\",\"width\":816,\"height\":339,\"caption\":\"Nexo Informativo Santiago de Quer\u00e9taro\"},\"image\":{\"@id\":\"https:\/\/www.nexoinformativo.mx\/#\/schema\/logo\/image\/\"},\"sameAs\":[\"https:\/\/www.facebook.com\/people\/Nexo-Informativo\/61564066885511\/\"]},{\"@type\":\"Person\",\"@id\":\"https:\/\/www.nexoinformativo.mx\/#\/schema\/person\/7749d380ba08c8ca00d7bc76fd907b7d\",\"name\":\"Nexo Informativo\",\"image\":{\"@type\":\"ImageObject\",\"inLanguage\":\"es\",\"@id\":\"https:\/\/www.nexoinformativo.mx\/#\/schema\/person\/image\/\",\"url\":\"https:\/\/secure.gravatar.com\/avatar\/dde2928154642a13d95f87ddf1ea9718fe2b46760a005c53e41ff5ad610704e6?s=96&d=mm&r=g\",\"contentUrl\":\"https:\/\/secure.gravatar.com\/avatar\/dde2928154642a13d95f87ddf1ea9718fe2b46760a005c53e41ff5ad610704e6?s=96&d=mm&r=g\",\"caption\":\"Nexo Informativo\"},\"url\":\"https:\/\/www.nexoinformativo.mx\/index.php\/author\/edicion\/\"}]}<\/script>\n<!-- \/ Yoast SEO plugin. -->","yoast_head_json":{"title":"Quer\u00e9taro impulsa el empleo Felifer Mac\u00edas inaugura el centro integral de operaciones Kavak | Nexo Informativo Santiago de Quer\u00e9taro","description":"Quer\u00e9taro impulsa el empleo Felifer Mac\u00edas inaugura el centro integral de operaciones Kavak","robots":{"index":"index","follow":"follow","max-snippet":"max-snippet:-1","max-image-preview":"max-image-preview:large","max-video-preview":"max-video-preview:-1"},"canonical":"https:\/\/www.nexoinformativo.mx\/index.php\/2025\/05\/29\/queretaro-impulsa-el-empleo-felifer-macias-inaugura-el-centro-integral-de-operaciones-kavak\/","og_locale":"es_MX","og_type":"article","og_title":"Quer\u00e9taro impulsa el empleo Felifer Mac\u00edas inaugura el centro integral de operaciones Kavak | Nexo Informativo Santiago de Quer\u00e9taro","og_description":"Quer\u00e9taro impulsa el empleo Felifer Mac\u00edas inaugura el centro integral de operaciones Kavak","og_url":"https:\/\/www.nexoinformativo.mx\/index.php\/2025\/05\/29\/queretaro-impulsa-el-empleo-felifer-macias-inaugura-el-centro-integral-de-operaciones-kavak\/","og_site_name":"Nexo Informativo Santiago de Quer\u00e9taro","article_publisher":"https:\/\/www.facebook.com\/people\/Nexo-Informativo\/61564066885511\/","article_published_time":"2025-05-30T04:00:56+00:00","article_modified_time":"2025-05-30T05:13:44+00:00","og_image":[{"width":800,"height":916,"url":"https:\/\/www.nexoinformativo.mx\/wp-content\/uploads\/2025\/05\/90250360-05a5-4811-a2ad-9885b765a238-e1748581949491.jpg","type":"image\/jpeg"}],"author":"Nexo Informativo","twitter_card":"summary_large_image","twitter_misc":{"Escrito por":"Nexo Informativo","Tiempo de lectura":"2 minutos"},"schema":{"@context":"https:\/\/schema.org","@graph":[{"@type":"Article","@id":"https:\/\/www.nexoinformativo.mx\/index.php\/2025\/05\/29\/queretaro-impulsa-el-empleo-felifer-macias-inaugura-el-centro-integral-de-operaciones-kavak\/#article","isPartOf":{"@id":"https:\/\/www.nexoinformativo.mx\/index.php\/2025\/05\/29\/queretaro-impulsa-el-empleo-felifer-macias-inaugura-el-centro-integral-de-operaciones-kavak\/"},"author":{"name":"Nexo Informativo","@id":"https:\/\/www.nexoinformativo.mx\/#\/schema\/person\/7749d380ba08c8ca00d7bc76fd907b7d"},"headline":"Quer\u00e9taro impulsa el empleo Felifer Mac\u00edas inaugura el centro integral de operaciones Kavak","datePublished":"2025-05-30T04:00:56+00:00","dateModified":"2025-05-30T05:13:44+00:00","mainEntityOfPage":{"@id":"https:\/\/www.nexoinformativo.mx\/index.php\/2025\/05\/29\/queretaro-impulsa-el-empleo-felifer-macias-inaugura-el-centro-integral-de-operaciones-kavak\/"},"wordCount":217,"commentCount":0,"publisher":{"@id":"https:\/\/www.nexoinformativo.mx\/#organization"},"image":{"@id":"https:\/\/www.nexoinformativo.mx\/index.php\/2025\/05\/29\/queretaro-impulsa-el-empleo-felifer-macias-inaugura-el-centro-integral-de-operaciones-kavak\/#primaryimage"},"thumbnailUrl":"https:\/\/www.nexoinformativo.mx\/wp-content\/uploads\/2025\/05\/90250360-05a5-4811-a2ad-9885b765a238-e1748581949491.jpg","keywords":["EmpleoQro","FeliferMac\u00edas","Inversi\u00f3nEnQuer\u00e9taro","KavakQuer\u00e9taro"],"articleSection":["Municipios","\u00daltima Hora"],"inLanguage":"es","potentialAction":[{"@type":"CommentAction","name":"Comment","target":["https:\/\/www.nexoinformativo.mx\/index.php\/2025\/05\/29\/queretaro-impulsa-el-empleo-felifer-macias-inaugura-el-centro-integral-de-operaciones-kavak\/#respond"]}]},{"@type":"WebPage","@id":"https:\/\/www.nexoinformativo.mx\/index.php\/2025\/05\/29\/queretaro-impulsa-el-empleo-felifer-macias-inaugura-el-centro-integral-de-operaciones-kavak\/","url":"https:\/\/www.nexoinformativo.mx\/index.php\/2025\/05\/29\/queretaro-impulsa-el-empleo-felifer-macias-inaugura-el-centro-integral-de-operaciones-kavak\/","name":"Quer\u00e9taro impulsa el empleo Felifer Mac\u00edas inaugura el centro integral de operaciones Kavak | Nexo Informativo Santiago de Quer\u00e9taro","isPartOf":{"@id":"https:\/\/www.nexoinformativo.mx\/#website"},"primaryImageOfPage":{"@id":"https:\/\/www.nexoinformativo.mx\/index.php\/2025\/05\/29\/queretaro-impulsa-el-empleo-felifer-macias-inaugura-el-centro-integral-de-operaciones-kavak\/#primaryimage"},"image":{"@id":"https:\/\/www.nexoinformativo.mx\/index.php\/2025\/05\/29\/queretaro-impulsa-el-empleo-felifer-macias-inaugura-el-centro-integral-de-operaciones-kavak\/#primaryimage"},"thumbnailUrl":"https:\/\/www.nexoinformativo.mx\/wp-content\/uploads\/2025\/05\/90250360-05a5-4811-a2ad-9885b765a238-e1748581949491.jpg","datePublished":"2025-05-30T04:00:56+00:00","dateModified":"2025-05-30T05:13:44+00:00","description":"Quer\u00e9taro impulsa el empleo Felifer Mac\u00edas inaugura el centro integral de operaciones Kavak","breadcrumb":{"@id":"https:\/\/www.nexoinformativo.mx\/index.php\/2025\/05\/29\/queretaro-impulsa-el-empleo-felifer-macias-inaugura-el-centro-integral-de-operaciones-kavak\/#breadcrumb"},"inLanguage":"es","potentialAction":[{"@type":"ReadAction","target":["https:\/\/www.nexoinformativo.mx\/index.php\/2025\/05\/29\/queretaro-impulsa-el-empleo-felifer-macias-inaugura-el-centro-integral-de-operaciones-kavak\/"]}]},{"@type":"ImageObject","inLanguage":"es","@id":"https:\/\/www.nexoinformativo.mx\/index.php\/2025\/05\/29\/queretaro-impulsa-el-empleo-felifer-macias-inaugura-el-centro-integral-de-operaciones-kavak\/#primaryimage","url":"https:\/\/www.nexoinformativo.mx\/wp-content\/uploads\/2025\/05\/90250360-05a5-4811-a2ad-9885b765a238-e1748581949491.jpg","contentUrl":"https:\/\/www.nexoinformativo.mx\/wp-content\/uploads\/2025\/05\/90250360-05a5-4811-a2ad-9885b765a238-e1748581949491.jpg","width":800,"height":916},{"@type":"BreadcrumbList","@id":"https:\/\/www.nexoinformativo.mx\/index.php\/2025\/05\/29\/queretaro-impulsa-el-empleo-felifer-macias-inaugura-el-centro-integral-de-operaciones-kavak\/#breadcrumb","itemListElement":[{"@type":"ListItem","position":1,"name":"Inicio","item":"https:\/\/www.nexoinformativo.mx\/"},{"@type":"ListItem","position":2,"name":"Quer\u00e9taro impulsa el empleo Felifer Mac\u00edas inaugura el centro integral de operaciones Kavak"}]},{"@type":"WebSite","@id":"https:\/\/www.nexoinformativo.mx\/#website","url":"https:\/\/www.nexoinformativo.mx\/","name":"Nexo Informativo Santiago de Quer\u00e9taro","description":"Explora NexoInformativo y convi\u00e9rtete en parte de una comunidad que valora el conocimiento y la verdad. Tu nexoinformativo es tu puente hacia una comprensi\u00f3n m\u00e1s profunda del mundo que te rodea.","publisher":{"@id":"https:\/\/www.nexoinformativo.mx\/#organization"},"potentialAction":[{"@type":"SearchAction","target":{"@type":"EntryPoint","urlTemplate":"https:\/\/www.nexoinformativo.mx\/?s={search_term_string}"},"query-input":{"@type":"PropertyValueSpecification","valueRequired":true,"valueName":"search_term_string"}}],"inLanguage":"es"},{"@type":"Organization","@id":"https:\/\/www.nexoinformativo.mx\/#organization","name":"Nexo Informativo Santiago de Quer\u00e9taro","url":"https:\/\/www.nexoinformativo.mx\/","logo":{"@type":"ImageObject","inLanguage":"es","@id":"https:\/\/www.nexoinformativo.mx\/#\/schema\/logo\/image\/","url":"https:\/\/www.nexoinformativo.mx\/wp-content\/uploads\/2024\/07\/nexoi-trasparente-2.png","contentUrl":"https:\/\/www.nexoinformativo.mx\/wp-content\/uploads\/2024\/07\/nexoi-trasparente-2.png","width":816,"height":339,"caption":"Nexo Informativo Santiago de Quer\u00e9taro"},"image":{"@id":"https:\/\/www.nexoinformativo.mx\/#\/schema\/logo\/image\/"},"sameAs":["https:\/\/www.facebook.com\/people\/Nexo-Informativo\/61564066885511\/"]},{"@type":"Person","@id":"https:\/\/www.nexoinformativo.mx\/#\/schema\/person\/7749d380ba08c8ca00d7bc76fd907b7d","name":"Nexo Informativo","image":{"@type":"ImageObject","inLanguage":"es","@id":"https:\/\/www.nexoinformativo.mx\/#\/schema\/person\/image\/","url":"https:\/\/secure.gravatar.com\/avatar\/dde2928154642a13d95f87ddf1ea9718fe2b46760a005c53e41ff5ad610704e6?s=96&d=mm&r=g","contentUrl":"https:\/\/secure.gravatar.com\/avatar\/dde2928154642a13d95f87ddf1ea9718fe2b46760a005c53e41ff5ad610704e6?s=96&d=mm&r=g","caption":"Nexo Informativo"},"url":"https:\/\/www.nexoinformativo.mx\/index.php\/author\/edicion\/"}]}},"_links":{"self":[{"href":"https:\/\/www.nexoinformativo.mx\/index.php\/wp-json\/wp\/v2\/posts\/15455","targetHints":{"allow":["GET"]}}],"collection":[{"href":"https:\/\/www.nexoinformativo.mx\/index.php\/wp-json\/wp\/v2\/posts"}],"about":[{"href":"https:\/\/www.nexoinformativo.mx\/index.php\/wp-json\/wp\/v2\/types\/post"}],"author":[{"embeddable":true,"href":"https:\/\/www.nexoinformativo.mx\/index.php\/wp-json\/wp\/v2\/users\/3"}],"replies":[{"embeddable":true,"href":"https:\/\/www.nexoinformativo.mx\/index.php\/wp-json\/wp\/v2\/comments?post=15455"}],"version-history":[{"count":4,"href":"https:\/\/www.nexoinformativo.mx\/index.php\/wp-json\/wp\/v2\/posts\/15455\/revisions"}],"predecessor-version":[{"id":15461,"href":"https:\/\/www.nexoinformativo.mx\/index.php\/wp-json\/wp\/v2\/posts\/15455\/revisions\/15461"}],"wp:featuredmedia":[{"embeddable":true,"href":"https:\/\/www.nexoinformativo.mx\/index.php\/wp-json\/wp\/v2\/media\/15456"}],"wp:attachment":[{"href":"https:\/\/www.nexoinformativo.mx\/index.php\/wp-json\/wp\/v2\/media?parent=15455"}],"wp:term":[{"taxonomy":"category","embeddable":true,"href":"https:\/\/www.nexoinformativo.mx\/index.php\/wp-json\/wp\/v2\/categories?post=15455"},{"taxonomy":"post_tag","embeddable":true,"href":"https:\/\/www.nexoinformativo.mx\/index.php\/wp-json\/wp\/v2\/tags?post=15455"}],"curies":[{"name":"wp","href":"https:\/\/api.w.org\/{rel}","templated":true}]}}