{"id":15462,"date":"2025-06-01T12:00:54","date_gmt":"2025-06-01T18:00:54","guid":{"rendered":"https:\/\/www.nexoinformativo.mx\/?p=15462"},"modified":"2025-06-01T22:23:43","modified_gmt":"2025-06-02T04:23:43","slug":"la-eleccion-del-poder-judicial-marca-el-inicio-de-un-mexico-con-justicia-para-todos-asegura-sheinbaum","status":"publish","type":"post","link":"https:\/\/www.nexoinformativo.mx\/index.php\/2025\/06\/01\/la-eleccion-del-poder-judicial-marca-el-inicio-de-un-mexico-con-justicia-para-todos-asegura-sheinbaum\/","title":{"rendered":"La elecci\u00f3n del Poder Judicial marca el inicio de un M\u00e9xico con &#8220;justicia para todos&#8221; asegura Sheinbaum"},"content":{"rendered":"<p style=\"text-align: justify;\" data-sourcepos=\"5:1-5:411\">La Presidenta de M\u00e9xico, Claudia Sheinbaum, celebr\u00f3 hoy un momento trascendental para la naci\u00f3n: la primera elecci\u00f3n del Poder Judicial en la historia del pa\u00eds.<\/p>\n<p>&nbsp;<\/p>\n<p style=\"text-align: justify;\" data-sourcepos=\"5:1-5:411\">Desde Acapulco, Guerrero, durante la conmemoraci\u00f3n del D\u00eda de la Marina Nacional, la mandataria afirm\u00f3 que este proceso democr\u00e1tico har\u00e1 realidad un aut\u00e9ntico Estado de Derecho, donde &#8220;nadie estar\u00e1 por encima de la ley&#8221;.<\/p>\n<p>&nbsp;<\/p>\n<p style=\"text-align: justify;\" data-sourcepos=\"7:1-7:396\">En un mensaje claro y directo, la Presidenta Sheinbaum evoc\u00f3 el principio de Juarez &#8220;al margen de la ley nada, por encima de la ley nadie&#8221;, enfatizando que la elecci\u00f3n popular del Poder Judicial garantizar\u00e1 que incluso los m\u00e1s poderosos respeten las leyes.<\/p>\n<p>&nbsp;<\/p>\n<p style=\"text-align: justify;\" data-sourcepos=\"7:1-7:396\">A casi un a\u00f1o de que los mexicanos decidieran dar continuidad a la Cuarta Transformaci\u00f3n, la Presidenta resalt\u00f3 que el pa\u00eds avanza firmemente hacia la Prosperidad Compartida. Ahora, con la elecci\u00f3n de los tres Poderes \u2013Ejecutivo, Legislativo y Judicial\u2013, se consolida la participaci\u00f3n ciudadana en la vida p\u00fablica.<\/p>\n<p>&nbsp;<\/p>\n<p style=\"text-align: justify;\" data-sourcepos=\"13:1-13:440\">Sheinbaum destac\u00f3 que el &#8220;r\u00e9gimen de corrupci\u00f3n y privilegios del pasado neoliberal&#8221; est\u00e1 quedando atr\u00e1s. Subray\u00f3 el respeto y garant\u00eda de todas las libertades fundamentales: expresi\u00f3n, prensa, reuni\u00f3n y movilizaci\u00f3n.<\/p>\n<p>&nbsp;<\/p>\n<p style=\"text-align: justify;\" data-sourcepos=\"15:1-15:384\">En el \u00e1mbito econ\u00f3mico, la Presidenta inform\u00f3 sobre los avances del pa\u00eds a pesar de las dificultades internacionales. El primer trimestre del a\u00f1o registr\u00f3 un r\u00e9cord en Inversi\u00f3n Extranjera Directa (IED), el nivel m\u00e1s bajo de desempleo y el salario m\u00ednimo y medio m\u00e1s alto en 40 a\u00f1os en t\u00e9rminos reales. En abril de 2025, M\u00e9xico alcanz\u00f3 el nivel de pobreza laboral m\u00e1s bajo en 20 a\u00f1os.<\/p>\n<p>&nbsp;<\/p>\n<p style=\"text-align: justify;\" data-sourcepos=\"17:1-17:357\">Adem\u00e1s, en los primeros ocho meses de su administraci\u00f3n, se han iniciado importantes obras de infraestructura, como los trenes M\u00e9xico-Pachuca y M\u00e9xico-Quer\u00e9taro, y el tren de carga del Tren Maya. Se suman 10 proyectos carreteros, 17 de agua potable y saneamiento, y 20 de tecnificaci\u00f3n de riego agr\u00edcola, impulsando el desarrollo y la conectividad del pa\u00eds.<\/p>\n<\/p>\n<p>&nbsp;<\/p>\n<p style=\"text-align: justify;\" data-sourcepos=\"21:1-21:405\">La mandataria reconoci\u00f3 el papel fundamental de la Secretar\u00eda de Marina en proyectos estrat\u00e9gicos como el Corredor Interoce\u00e1nico, con la l\u00ednea de tren de Salina Cruz, Oaxaca, a Ciudad Hidalgo, Chiapas y a Para\u00edso, Tabasco.<\/p>\n<p>&nbsp;<\/p>\n<p style=\"text-align: justify;\" data-sourcepos=\"21:1-21:405\">Durante la ceremonia, la Comandanta Suprema de las Fuerzas Armadas entreg\u00f3 la condecoraci\u00f3n Bicentenario y menciones honor\u00edficas a marinos destacados. Asimismo, coloc\u00f3 una ofrenda de honor a quienes perdieron la vida en cumplimiento de su deber.<\/p>\n<p>&nbsp;<\/p>\n<p style=\"text-align: center;\" data-sourcepos=\"21:1-21:405\"><em><strong>\u00a1Informaci\u00f3n que transforma!<\/strong><\/em><\/p>\n","protected":false},"excerpt":{"rendered":"<p>La Presidenta de M\u00e9xico, Claudia Sheinbaum, celebr\u00f3 hoy un momento trascendental para la naci\u00f3n: la primera elecci\u00f3n del Poder Judicial en la historia del pa\u00eds.<\/p>\n","protected":false},"author":3,"featured_media":15463,"comment_status":"open","ping_status":"open","sticky":false,"template":"","format":"standard","meta":{"footnotes":""},"categories":[88,58],"tags":[4646,275,4647,4648],"class_list":["post-15462","post","type-post","status-publish","format-standard","has-post-thumbnail","hentry","category-nacional","category-ultima-hora","tag-eleccionjudicialhistorica","tag-estadodederecho","tag-mexicoenavance","tag-prosperidadcompartida"],"yoast_head":"<!-- This site is optimized with the Yoast SEO plugin v25.0 - https:\/\/yoast.com\/wordpress\/plugins\/seo\/ -->\n<title>La elecci\u00f3n del Poder Judicial marca el inicio de un M\u00e9xico con &quot;justicia para todos&quot; asegura Sheinbaum | Nexo Informativo Santiago de Quer\u00e9taro<\/title>\n<meta name=\"description\" content=\"La elecci\u00f3n del Poder Judicial marca el inicio de un M\u00e9xico con &quot;justicia para todos&quot; asegura Sheinbaum\" \/>\n<meta name=\"robots\" content=\"index, follow, max-snippet:-1, max-image-preview:large, max-video-preview:-1\" \/>\n<link rel=\"canonical\" href=\"https:\/\/www.nexoinformativo.mx\/index.php\/2025\/06\/01\/la-eleccion-del-poder-judicial-marca-el-inicio-de-un-mexico-con-justicia-para-todos-asegura-sheinbaum\/\" \/>\n<meta property=\"og:locale\" content=\"es_MX\" \/>\n<meta property=\"og:type\" content=\"article\" \/>\n<meta property=\"og:title\" content=\"La elecci\u00f3n del Poder Judicial marca el inicio de un M\u00e9xico con &quot;justicia para todos&quot; asegura Sheinbaum | Nexo Informativo Santiago de Quer\u00e9taro\" \/>\n<meta property=\"og:description\" content=\"La elecci\u00f3n del Poder Judicial marca el inicio de un M\u00e9xico con &quot;justicia para todos&quot; asegura Sheinbaum\" \/>\n<meta property=\"og:url\" content=\"https:\/\/www.nexoinformativo.mx\/index.php\/2025\/06\/01\/la-eleccion-del-poder-judicial-marca-el-inicio-de-un-mexico-con-justicia-para-todos-asegura-sheinbaum\/\" \/>\n<meta property=\"og:site_name\" content=\"Nexo Informativo Santiago de Quer\u00e9taro\" \/>\n<meta property=\"article:publisher\" content=\"https:\/\/www.facebook.com\/people\/Nexo-Informativo\/61564066885511\/\" \/>\n<meta property=\"article:published_time\" content=\"2025-06-01T18:00:54+00:00\" \/>\n<meta property=\"article:modified_time\" content=\"2025-06-02T04:23:43+00:00\" \/>\n<meta property=\"og:image\" content=\"https:\/\/www.nexoinformativo.mx\/wp-content\/uploads\/2025\/06\/IMG_3605.jpg\" \/>\n\t<meta property=\"og:image:width\" content=\"650\" \/>\n\t<meta property=\"og:image:height\" content=\"380\" \/>\n\t<meta property=\"og:image:type\" content=\"image\/jpeg\" \/>\n<meta name=\"author\" content=\"Nexo Informativo\" \/>\n<meta name=\"twitter:card\" content=\"summary_large_image\" \/>\n<meta name=\"twitter:label1\" content=\"Escrito por\" \/>\n\t<meta name=\"twitter:data1\" content=\"Nexo Informativo\" \/>\n\t<meta name=\"twitter:label2\" content=\"Tiempo de lectura\" \/>\n\t<meta name=\"twitter:data2\" content=\"2 minutos\" \/>\n<script type=\"application\/ld+json\" class=\"yoast-schema-graph\">{\"@context\":\"https:\/\/schema.org\",\"@graph\":[{\"@type\":\"Article\",\"@id\":\"https:\/\/www.nexoinformativo.mx\/index.php\/2025\/06\/01\/la-eleccion-del-poder-judicial-marca-el-inicio-de-un-mexico-con-justicia-para-todos-asegura-sheinbaum\/#article\",\"isPartOf\":{\"@id\":\"https:\/\/www.nexoinformativo.mx\/index.php\/2025\/06\/01\/la-eleccion-del-poder-judicial-marca-el-inicio-de-un-mexico-con-justicia-para-todos-asegura-sheinbaum\/\"},\"author\":{\"name\":\"Nexo Informativo\",\"@id\":\"https:\/\/www.nexoinformativo.mx\/#\/schema\/person\/7749d380ba08c8ca00d7bc76fd907b7d\"},\"headline\":\"La elecci\u00f3n del Poder Judicial marca el inicio de un M\u00e9xico con &#8220;justicia para todos&#8221; asegura Sheinbaum\",\"datePublished\":\"2025-06-01T18:00:54+00:00\",\"dateModified\":\"2025-06-02T04:23:43+00:00\",\"mainEntityOfPage\":{\"@id\":\"https:\/\/www.nexoinformativo.mx\/index.php\/2025\/06\/01\/la-eleccion-del-poder-judicial-marca-el-inicio-de-un-mexico-con-justicia-para-todos-asegura-sheinbaum\/\"},\"wordCount\":451,\"commentCount\":0,\"publisher\":{\"@id\":\"https:\/\/www.nexoinformativo.mx\/#organization\"},\"image\":{\"@id\":\"https:\/\/www.nexoinformativo.mx\/index.php\/2025\/06\/01\/la-eleccion-del-poder-judicial-marca-el-inicio-de-un-mexico-con-justicia-para-todos-asegura-sheinbaum\/#primaryimage\"},\"thumbnailUrl\":\"https:\/\/www.nexoinformativo.mx\/wp-content\/uploads\/2025\/06\/IMG_3605.jpg\",\"keywords\":[\"EleccionJudicialHistorica\",\"EstadodeDerecho\",\"MexicoEnAvance\",\"ProsperidadCompartida\"],\"articleSection\":[\"Nacional\",\"\u00daltima Hora\"],\"inLanguage\":\"es\",\"potentialAction\":[{\"@type\":\"CommentAction\",\"name\":\"Comment\",\"target\":[\"https:\/\/www.nexoinformativo.mx\/index.php\/2025\/06\/01\/la-eleccion-del-poder-judicial-marca-el-inicio-de-un-mexico-con-justicia-para-todos-asegura-sheinbaum\/#respond\"]}]},{\"@type\":\"WebPage\",\"@id\":\"https:\/\/www.nexoinformativo.mx\/index.php\/2025\/06\/01\/la-eleccion-del-poder-judicial-marca-el-inicio-de-un-mexico-con-justicia-para-todos-asegura-sheinbaum\/\",\"url\":\"https:\/\/www.nexoinformativo.mx\/index.php\/2025\/06\/01\/la-eleccion-del-poder-judicial-marca-el-inicio-de-un-mexico-con-justicia-para-todos-asegura-sheinbaum\/\",\"name\":\"La elecci\u00f3n del Poder Judicial marca el inicio de un M\u00e9xico con \\\"justicia para todos\\\" asegura Sheinbaum | Nexo Informativo Santiago de Quer\u00e9taro\",\"isPartOf\":{\"@id\":\"https:\/\/www.nexoinformativo.mx\/#website\"},\"primaryImageOfPage\":{\"@id\":\"https:\/\/www.nexoinformativo.mx\/index.php\/2025\/06\/01\/la-eleccion-del-poder-judicial-marca-el-inicio-de-un-mexico-con-justicia-para-todos-asegura-sheinbaum\/#primaryimage\"},\"image\":{\"@id\":\"https:\/\/www.nexoinformativo.mx\/index.php\/2025\/06\/01\/la-eleccion-del-poder-judicial-marca-el-inicio-de-un-mexico-con-justicia-para-todos-asegura-sheinbaum\/#primaryimage\"},\"thumbnailUrl\":\"https:\/\/www.nexoinformativo.mx\/wp-content\/uploads\/2025\/06\/IMG_3605.jpg\",\"datePublished\":\"2025-06-01T18:00:54+00:00\",\"dateModified\":\"2025-06-02T04:23:43+00:00\",\"description\":\"La elecci\u00f3n del Poder Judicial marca el inicio de un M\u00e9xico con \\\"justicia para todos\\\" asegura Sheinbaum\",\"breadcrumb\":{\"@id\":\"https:\/\/www.nexoinformativo.mx\/index.php\/2025\/06\/01\/la-eleccion-del-poder-judicial-marca-el-inicio-de-un-mexico-con-justicia-para-todos-asegura-sheinbaum\/#breadcrumb\"},\"inLanguage\":\"es\",\"potentialAction\":[{\"@type\":\"ReadAction\",\"target\":[\"https:\/\/www.nexoinformativo.mx\/index.php\/2025\/06\/01\/la-eleccion-del-poder-judicial-marca-el-inicio-de-un-mexico-con-justicia-para-todos-asegura-sheinbaum\/\"]}]},{\"@type\":\"ImageObject\",\"inLanguage\":\"es\",\"@id\":\"https:\/\/www.nexoinformativo.mx\/index.php\/2025\/06\/01\/la-eleccion-del-poder-judicial-marca-el-inicio-de-un-mexico-con-justicia-para-todos-asegura-sheinbaum\/#primaryimage\",\"url\":\"https:\/\/www.nexoinformativo.mx\/wp-content\/uploads\/2025\/06\/IMG_3605.jpg\",\"contentUrl\":\"https:\/\/www.nexoinformativo.mx\/wp-content\/uploads\/2025\/06\/IMG_3605.jpg\",\"width\":650,\"height\":380,\"caption\":\"Acapulco, Guerrero. 1 de junio 2025. La presidenta constitucional de los Estados Unidos Mexicanos, la Doctora Claudia Sheinbaum Pardo en D\u00eda de la Marina Nacional. La acompa\u00f1an: Edgar Amador, secretario de Hacienda; Juan Ram\u00f3n de la Fuente, secretario de Relaciones Exteriores; Josefina Rodr\u00edguez Zamora, secretaria de Turismo; Raymundo Pedro Morales \u00c1ngeles, secretario de Marina (Semar); Evelyn Cecia Salgado Pineda, gobernadora Constitucional del Estado de Guerrero; Trevilla Trejo, secretario de la Defensa Nacional; Alicia B\u00e1rcena, secretaria de Medio Ambiente y Recursos Naturales; Ernestina Godoy Ramos, consejera jur\u00eddica del Ejecutivo Federal. Foto: Gabriel Monroy\/Presidencia\"},{\"@type\":\"BreadcrumbList\",\"@id\":\"https:\/\/www.nexoinformativo.mx\/index.php\/2025\/06\/01\/la-eleccion-del-poder-judicial-marca-el-inicio-de-un-mexico-con-justicia-para-todos-asegura-sheinbaum\/#breadcrumb\",\"itemListElement\":[{\"@type\":\"ListItem\",\"position\":1,\"name\":\"Inicio\",\"item\":\"https:\/\/www.nexoinformativo.mx\/\"},{\"@type\":\"ListItem\",\"position\":2,\"name\":\"La elecci\u00f3n del Poder Judicial marca el inicio de un M\u00e9xico con &#8220;justicia para todos&#8221; asegura Sheinbaum\"}]},{\"@type\":\"WebSite\",\"@id\":\"https:\/\/www.nexoinformativo.mx\/#website\",\"url\":\"https:\/\/www.nexoinformativo.mx\/\",\"name\":\"Nexo Informativo Santiago de Quer\u00e9taro\",\"description\":\"Explora NexoInformativo y convi\u00e9rtete en parte de una comunidad que valora el conocimiento y la verdad. Tu nexoinformativo es tu puente hacia una comprensi\u00f3n m\u00e1s profunda del mundo que te rodea.\",\"publisher\":{\"@id\":\"https:\/\/www.nexoinformativo.mx\/#organization\"},\"potentialAction\":[{\"@type\":\"SearchAction\",\"target\":{\"@type\":\"EntryPoint\",\"urlTemplate\":\"https:\/\/www.nexoinformativo.mx\/?s={search_term_string}\"},\"query-input\":{\"@type\":\"PropertyValueSpecification\",\"valueRequired\":true,\"valueName\":\"search_term_string\"}}],\"inLanguage\":\"es\"},{\"@type\":\"Organization\",\"@id\":\"https:\/\/www.nexoinformativo.mx\/#organization\",\"name\":\"Nexo Informativo Santiago de Quer\u00e9taro\",\"url\":\"https:\/\/www.nexoinformativo.mx\/\",\"logo\":{\"@type\":\"ImageObject\",\"inLanguage\":\"es\",\"@id\":\"https:\/\/www.nexoinformativo.mx\/#\/schema\/logo\/image\/\",\"url\":\"https:\/\/www.nexoinformativo.mx\/wp-content\/uploads\/2024\/07\/nexoi-trasparente-2.png\",\"contentUrl\":\"https:\/\/www.nexoinformativo.mx\/wp-content\/uploads\/2024\/07\/nexoi-trasparente-2.png\",\"width\":816,\"height\":339,\"caption\":\"Nexo Informativo Santiago de Quer\u00e9taro\"},\"image\":{\"@id\":\"https:\/\/www.nexoinformativo.mx\/#\/schema\/logo\/image\/\"},\"sameAs\":[\"https:\/\/www.facebook.com\/people\/Nexo-Informativo\/61564066885511\/\"]},{\"@type\":\"Person\",\"@id\":\"https:\/\/www.nexoinformativo.mx\/#\/schema\/person\/7749d380ba08c8ca00d7bc76fd907b7d\",\"name\":\"Nexo Informativo\",\"image\":{\"@type\":\"ImageObject\",\"inLanguage\":\"es\",\"@id\":\"https:\/\/www.nexoinformativo.mx\/#\/schema\/person\/image\/\",\"url\":\"https:\/\/secure.gravatar.com\/avatar\/dde2928154642a13d95f87ddf1ea9718fe2b46760a005c53e41ff5ad610704e6?s=96&d=mm&r=g\",\"contentUrl\":\"https:\/\/secure.gravatar.com\/avatar\/dde2928154642a13d95f87ddf1ea9718fe2b46760a005c53e41ff5ad610704e6?s=96&d=mm&r=g\",\"caption\":\"Nexo Informativo\"},\"url\":\"https:\/\/www.nexoinformativo.mx\/index.php\/author\/edicion\/\"}]}<\/script>\n<!-- \/ Yoast SEO plugin. -->","yoast_head_json":{"title":"La elecci\u00f3n del Poder Judicial marca el inicio de un M\u00e9xico con \"justicia para todos\" asegura Sheinbaum | Nexo Informativo Santiago de Quer\u00e9taro","description":"La elecci\u00f3n del Poder Judicial marca el inicio de un M\u00e9xico con \"justicia para todos\" asegura Sheinbaum","robots":{"index":"index","follow":"follow","max-snippet":"max-snippet:-1","max-image-preview":"max-image-preview:large","max-video-preview":"max-video-preview:-1"},"canonical":"https:\/\/www.nexoinformativo.mx\/index.php\/2025\/06\/01\/la-eleccion-del-poder-judicial-marca-el-inicio-de-un-mexico-con-justicia-para-todos-asegura-sheinbaum\/","og_locale":"es_MX","og_type":"article","og_title":"La elecci\u00f3n del Poder Judicial marca el inicio de un M\u00e9xico con \"justicia para todos\" asegura Sheinbaum | Nexo Informativo Santiago de Quer\u00e9taro","og_description":"La elecci\u00f3n del Poder Judicial marca el inicio de un M\u00e9xico con \"justicia para todos\" asegura Sheinbaum","og_url":"https:\/\/www.nexoinformativo.mx\/index.php\/2025\/06\/01\/la-eleccion-del-poder-judicial-marca-el-inicio-de-un-mexico-con-justicia-para-todos-asegura-sheinbaum\/","og_site_name":"Nexo Informativo Santiago de Quer\u00e9taro","article_publisher":"https:\/\/www.facebook.com\/people\/Nexo-Informativo\/61564066885511\/","article_published_time":"2025-06-01T18:00:54+00:00","article_modified_time":"2025-06-02T04:23:43+00:00","og_image":[{"width":650,"height":380,"url":"https:\/\/www.nexoinformativo.mx\/wp-content\/uploads\/2025\/06\/IMG_3605.jpg","type":"image\/jpeg"}],"author":"Nexo Informativo","twitter_card":"summary_large_image","twitter_misc":{"Escrito por":"Nexo Informativo","Tiempo de lectura":"2 minutos"},"schema":{"@context":"https:\/\/schema.org","@graph":[{"@type":"Article","@id":"https:\/\/www.nexoinformativo.mx\/index.php\/2025\/06\/01\/la-eleccion-del-poder-judicial-marca-el-inicio-de-un-mexico-con-justicia-para-todos-asegura-sheinbaum\/#article","isPartOf":{"@id":"https:\/\/www.nexoinformativo.mx\/index.php\/2025\/06\/01\/la-eleccion-del-poder-judicial-marca-el-inicio-de-un-mexico-con-justicia-para-todos-asegura-sheinbaum\/"},"author":{"name":"Nexo Informativo","@id":"https:\/\/www.nexoinformativo.mx\/#\/schema\/person\/7749d380ba08c8ca00d7bc76fd907b7d"},"headline":"La elecci\u00f3n del Poder Judicial marca el inicio de un M\u00e9xico con &#8220;justicia para todos&#8221; asegura Sheinbaum","datePublished":"2025-06-01T18:00:54+00:00","dateModified":"2025-06-02T04:23:43+00:00","mainEntityOfPage":{"@id":"https:\/\/www.nexoinformativo.mx\/index.php\/2025\/06\/01\/la-eleccion-del-poder-judicial-marca-el-inicio-de-un-mexico-con-justicia-para-todos-asegura-sheinbaum\/"},"wordCount":451,"commentCount":0,"publisher":{"@id":"https:\/\/www.nexoinformativo.mx\/#organization"},"image":{"@id":"https:\/\/www.nexoinformativo.mx\/index.php\/2025\/06\/01\/la-eleccion-del-poder-judicial-marca-el-inicio-de-un-mexico-con-justicia-para-todos-asegura-sheinbaum\/#primaryimage"},"thumbnailUrl":"https:\/\/www.nexoinformativo.mx\/wp-content\/uploads\/2025\/06\/IMG_3605.jpg","keywords":["EleccionJudicialHistorica","EstadodeDerecho","MexicoEnAvance","ProsperidadCompartida"],"articleSection":["Nacional","\u00daltima Hora"],"inLanguage":"es","potentialAction":[{"@type":"CommentAction","name":"Comment","target":["https:\/\/www.nexoinformativo.mx\/index.php\/2025\/06\/01\/la-eleccion-del-poder-judicial-marca-el-inicio-de-un-mexico-con-justicia-para-todos-asegura-sheinbaum\/#respond"]}]},{"@type":"WebPage","@id":"https:\/\/www.nexoinformativo.mx\/index.php\/2025\/06\/01\/la-eleccion-del-poder-judicial-marca-el-inicio-de-un-mexico-con-justicia-para-todos-asegura-sheinbaum\/","url":"https:\/\/www.nexoinformativo.mx\/index.php\/2025\/06\/01\/la-eleccion-del-poder-judicial-marca-el-inicio-de-un-mexico-con-justicia-para-todos-asegura-sheinbaum\/","name":"La elecci\u00f3n del Poder Judicial marca el inicio de un M\u00e9xico con \"justicia para todos\" asegura Sheinbaum | Nexo Informativo Santiago de Quer\u00e9taro","isPartOf":{"@id":"https:\/\/www.nexoinformativo.mx\/#website"},"primaryImageOfPage":{"@id":"https:\/\/www.nexoinformativo.mx\/index.php\/2025\/06\/01\/la-eleccion-del-poder-judicial-marca-el-inicio-de-un-mexico-con-justicia-para-todos-asegura-sheinbaum\/#primaryimage"},"image":{"@id":"https:\/\/www.nexoinformativo.mx\/index.php\/2025\/06\/01\/la-eleccion-del-poder-judicial-marca-el-inicio-de-un-mexico-con-justicia-para-todos-asegura-sheinbaum\/#primaryimage"},"thumbnailUrl":"https:\/\/www.nexoinformativo.mx\/wp-content\/uploads\/2025\/06\/IMG_3605.jpg","datePublished":"2025-06-01T18:00:54+00:00","dateModified":"2025-06-02T04:23:43+00:00","description":"La elecci\u00f3n del Poder Judicial marca el inicio de un M\u00e9xico con \"justicia para todos\" asegura Sheinbaum","breadcrumb":{"@id":"https:\/\/www.nexoinformativo.mx\/index.php\/2025\/06\/01\/la-eleccion-del-poder-judicial-marca-el-inicio-de-un-mexico-con-justicia-para-todos-asegura-sheinbaum\/#breadcrumb"},"inLanguage":"es","potentialAction":[{"@type":"ReadAction","target":["https:\/\/www.nexoinformativo.mx\/index.php\/2025\/06\/01\/la-eleccion-del-poder-judicial-marca-el-inicio-de-un-mexico-con-justicia-para-todos-asegura-sheinbaum\/"]}]},{"@type":"ImageObject","inLanguage":"es","@id":"https:\/\/www.nexoinformativo.mx\/index.php\/2025\/06\/01\/la-eleccion-del-poder-judicial-marca-el-inicio-de-un-mexico-con-justicia-para-todos-asegura-sheinbaum\/#primaryimage","url":"https:\/\/www.nexoinformativo.mx\/wp-content\/uploads\/2025\/06\/IMG_3605.jpg","contentUrl":"https:\/\/www.nexoinformativo.mx\/wp-content\/uploads\/2025\/06\/IMG_3605.jpg","width":650,"height":380,"caption":"Acapulco, Guerrero. 1 de junio 2025. La presidenta constitucional de los Estados Unidos Mexicanos, la Doctora Claudia Sheinbaum Pardo en D\u00eda de la Marina Nacional. La acompa\u00f1an: Edgar Amador, secretario de Hacienda; Juan Ram\u00f3n de la Fuente, secretario de Relaciones Exteriores; Josefina Rodr\u00edguez Zamora, secretaria de Turismo; Raymundo Pedro Morales \u00c1ngeles, secretario de Marina (Semar); Evelyn Cecia Salgado Pineda, gobernadora Constitucional del Estado de Guerrero; Trevilla Trejo, secretario de la Defensa Nacional; Alicia B\u00e1rcena, secretaria de Medio Ambiente y Recursos Naturales; Ernestina Godoy Ramos, consejera jur\u00eddica del Ejecutivo Federal. Foto: Gabriel Monroy\/Presidencia"},{"@type":"BreadcrumbList","@id":"https:\/\/www.nexoinformativo.mx\/index.php\/2025\/06\/01\/la-eleccion-del-poder-judicial-marca-el-inicio-de-un-mexico-con-justicia-para-todos-asegura-sheinbaum\/#breadcrumb","itemListElement":[{"@type":"ListItem","position":1,"name":"Inicio","item":"https:\/\/www.nexoinformativo.mx\/"},{"@type":"ListItem","position":2,"name":"La elecci\u00f3n del Poder Judicial marca el inicio de un M\u00e9xico con &#8220;justicia para todos&#8221; asegura Sheinbaum"}]},{"@type":"WebSite","@id":"https:\/\/www.nexoinformativo.mx\/#website","url":"https:\/\/www.nexoinformativo.mx\/","name":"Nexo Informativo Santiago de Quer\u00e9taro","description":"Explora NexoInformativo y convi\u00e9rtete en parte de una comunidad que valora el conocimiento y la verdad. Tu nexoinformativo es tu puente hacia una comprensi\u00f3n m\u00e1s profunda del mundo que te rodea.","publisher":{"@id":"https:\/\/www.nexoinformativo.mx\/#organization"},"potentialAction":[{"@type":"SearchAction","target":{"@type":"EntryPoint","urlTemplate":"https:\/\/www.nexoinformativo.mx\/?s={search_term_string}"},"query-input":{"@type":"PropertyValueSpecification","valueRequired":true,"valueName":"search_term_string"}}],"inLanguage":"es"},{"@type":"Organization","@id":"https:\/\/www.nexoinformativo.mx\/#organization","name":"Nexo Informativo Santiago de Quer\u00e9taro","url":"https:\/\/www.nexoinformativo.mx\/","logo":{"@type":"ImageObject","inLanguage":"es","@id":"https:\/\/www.nexoinformativo.mx\/#\/schema\/logo\/image\/","url":"https:\/\/www.nexoinformativo.mx\/wp-content\/uploads\/2024\/07\/nexoi-trasparente-2.png","contentUrl":"https:\/\/www.nexoinformativo.mx\/wp-content\/uploads\/2024\/07\/nexoi-trasparente-2.png","width":816,"height":339,"caption":"Nexo Informativo Santiago de Quer\u00e9taro"},"image":{"@id":"https:\/\/www.nexoinformativo.mx\/#\/schema\/logo\/image\/"},"sameAs":["https:\/\/www.facebook.com\/people\/Nexo-Informativo\/61564066885511\/"]},{"@type":"Person","@id":"https:\/\/www.nexoinformativo.mx\/#\/schema\/person\/7749d380ba08c8ca00d7bc76fd907b7d","name":"Nexo Informativo","image":{"@type":"ImageObject","inLanguage":"es","@id":"https:\/\/www.nexoinformativo.mx\/#\/schema\/person\/image\/","url":"https:\/\/secure.gravatar.com\/avatar\/dde2928154642a13d95f87ddf1ea9718fe2b46760a005c53e41ff5ad610704e6?s=96&d=mm&r=g","contentUrl":"https:\/\/secure.gravatar.com\/avatar\/dde2928154642a13d95f87ddf1ea9718fe2b46760a005c53e41ff5ad610704e6?s=96&d=mm&r=g","caption":"Nexo Informativo"},"url":"https:\/\/www.nexoinformativo.mx\/index.php\/author\/edicion\/"}]}},"_links":{"self":[{"href":"https:\/\/www.nexoinformativo.mx\/index.php\/wp-json\/wp\/v2\/posts\/15462","targetHints":{"allow":["GET"]}}],"collection":[{"href":"https:\/\/www.nexoinformativo.mx\/index.php\/wp-json\/wp\/v2\/posts"}],"about":[{"href":"https:\/\/www.nexoinformativo.mx\/index.php\/wp-json\/wp\/v2\/types\/post"}],"author":[{"embeddable":true,"href":"https:\/\/www.nexoinformativo.mx\/index.php\/wp-json\/wp\/v2\/users\/3"}],"replies":[{"embeddable":true,"href":"https:\/\/www.nexoinformativo.mx\/index.php\/wp-json\/wp\/v2\/comments?post=15462"}],"version-history":[{"count":4,"href":"https:\/\/www.nexoinformativo.mx\/index.php\/wp-json\/wp\/v2\/posts\/15462\/revisions"}],"predecessor-version":[{"id":15467,"href":"https:\/\/www.nexoinformativo.mx\/index.php\/wp-json\/wp\/v2\/posts\/15462\/revisions\/15467"}],"wp:featuredmedia":[{"embeddable":true,"href":"https:\/\/www.nexoinformativo.mx\/index.php\/wp-json\/wp\/v2\/media\/15463"}],"wp:attachment":[{"href":"https:\/\/www.nexoinformativo.mx\/index.php\/wp-json\/wp\/v2\/media?parent=15462"}],"wp:term":[{"taxonomy":"category","embeddable":true,"href":"https:\/\/www.nexoinformativo.mx\/index.php\/wp-json\/wp\/v2\/categories?post=15462"},{"taxonomy":"post_tag","embeddable":true,"href":"https:\/\/www.nexoinformativo.mx\/index.php\/wp-json\/wp\/v2\/tags?post=15462"}],"curies":[{"name":"wp","href":"https:\/\/api.w.org\/{rel}","templated":true}]}}