{"id":15468,"date":"2025-06-01T13:00:51","date_gmt":"2025-06-01T19:00:51","guid":{"rendered":"https:\/\/www.nexoinformativo.mx\/?p=15468"},"modified":"2025-06-01T22:28:57","modified_gmt":"2025-06-02T04:28:57","slug":"mexico-a-la-vanguardia-ebrard-firma-con-university-college-london-para-una-economia-sostenible","status":"publish","type":"post","link":"https:\/\/www.nexoinformativo.mx\/index.php\/2025\/06\/01\/mexico-a-la-vanguardia-ebrard-firma-con-university-college-london-para-una-economia-sostenible\/","title":{"rendered":"M\u00e9xico a la vanguardia Ebrard firma con University College London para una econom\u00eda sostenible"},"content":{"rendered":"<p style=\"text-align: justify;\" data-sourcepos=\"5:1-5:394\">El secretario de Econom\u00eda, Marcelo Ebrard, ha dado un paso crucial para posicionar a M\u00e9xico a la vanguardia de la innovaci\u00f3n econ\u00f3mica global.<\/p>\n<p>&nbsp;<\/p>\n<p style=\"text-align: justify;\" data-sourcepos=\"5:1-5:394\">El funcionario firm\u00f3 una carta de intenci\u00f3n con el prestigioso Institute for Innovation and Public Purpose (IIPP) de la University College London (UCL), un acuerdo que promete redefinir las pol\u00edticas econ\u00f3micas del pa\u00eds.<\/p>\n<p>&nbsp;<\/p>\n<p style=\"text-align: justify;\" data-sourcepos=\"7:1-7:367\">Esta alianza estrat\u00e9gica tiene como objetivo principal dise\u00f1ar e implementar pol\u00edticas p\u00fablicas orientadas a misionesque impulsen un crecimiento econ\u00f3mico m\u00e1s inclusivo y sostenible.<\/p>\n<p>&nbsp;<\/p>\n<p style=\"text-align: justify;\" data-sourcepos=\"13:1-13:385\">La colaboraci\u00f3n, respaldada por la fundaci\u00f3n Open Society Foundations, busca fortalecer las capacidades del Estado mexicano para coordinar estrategias transversales.<\/p>\n<p>&nbsp;<\/p>\n<p style=\"text-align: justify;\" data-sourcepos=\"13:1-13:385\">Esto se alinea perfectamente con la agenda econ\u00f3mica de la Presidenta Claudia Sheinbaum, que incluye iniciativas clave como el Plan M\u00e9xico, el Plan Nacional H\u00eddrico y los Polos de Desarrollo Econ\u00f3mico para el Bienestar.<\/p>\n<\/p>\n<p>&nbsp;<\/p>\n<p style=\"text-align: justify;\" data-sourcepos=\"17:1-17:534\">La profesora Mazzucato enfatiz\u00f3 la importancia de este cambio: \u201cLa transformaci\u00f3n econ\u00f3mica del Estado exige m\u00e1s que buenas intenciones: requiere un cambio de paradigma, nuevas herramientas, instituciones y formas de trabajo entre sectores gubernamentales\u201d.<\/p>\n<p>&nbsp;<\/p>\n<p style=\"text-align: justify;\" data-sourcepos=\"17:1-17:534\">Adem\u00e1s, resalt\u00f3 el compromiso de M\u00e9xico con la prosperidad compartida y una estrategia industrial verde como una &#8220;oportunidad ejemplar&#8221; para demostrar c\u00f3mo un enfoque basado en resultados puede abordar desaf\u00edos complejos y garantizar beneficios equitativos para todos.<\/p>\n<p>&nbsp;<\/p>\n<p style=\"text-align: justify;\" data-sourcepos=\"25:1-25:214\">Esta firma representa un paso estrat\u00e9gico y decidido hacia una transformaci\u00f3n econ\u00f3mica con justicia social y sostenibilidad en M\u00e9xico, prometiendo un futuro m\u00e1s pr\u00f3spero y equitativo para todos sus ciudadanos.<\/p>\n<p>&nbsp;<\/p>\n<p style=\"text-align: center;\" data-sourcepos=\"25:1-25:214\"><em><strong>\u00a1Informaci\u00f3n que transforma!<\/strong><\/em><\/p>\n","protected":false},"excerpt":{"rendered":"<p>El secretario de Econom\u00eda, Marcelo Ebrard, ha dado un paso crucial para posicionar a M\u00e9xico a la vanguardia de la innovaci\u00f3n econ\u00f3mica global.<\/p>\n","protected":false},"author":3,"featured_media":15469,"comment_status":"open","ping_status":"open","sticky":false,"template":"","format":"standard","meta":{"footnotes":""},"categories":[5,88,58],"tags":[4651,4649,2284,4650],"class_list":["post-15468","post","type-post","status-publish","format-standard","has-post-thumbnail","hentry","category-economia","category-nacional","category-ultima-hora","tag-ebrardeconomia","tag-economiaconproposito","tag-mexicosostenible","tag-transformacioneconomica"],"yoast_head":"<!-- This site is optimized with the Yoast SEO plugin v25.0 - https:\/\/yoast.com\/wordpress\/plugins\/seo\/ -->\n<title>M\u00e9xico a la vanguardia Ebrard firma con University College London para una econom\u00eda sostenible | Nexo Informativo Santiago de Quer\u00e9taro<\/title>\n<meta name=\"description\" content=\"M\u00e9xico a la vanguardia Ebrard firma con University College London para una econom\u00eda sostenible\" \/>\n<meta name=\"robots\" content=\"index, follow, max-snippet:-1, max-image-preview:large, max-video-preview:-1\" \/>\n<link rel=\"canonical\" href=\"https:\/\/www.nexoinformativo.mx\/index.php\/2025\/06\/01\/mexico-a-la-vanguardia-ebrard-firma-con-university-college-london-para-una-economia-sostenible\/\" \/>\n<meta property=\"og:locale\" content=\"es_MX\" \/>\n<meta property=\"og:type\" content=\"article\" \/>\n<meta property=\"og:title\" content=\"M\u00e9xico a la vanguardia Ebrard firma con University College London para una econom\u00eda sostenible | Nexo Informativo Santiago de Quer\u00e9taro\" \/>\n<meta property=\"og:description\" content=\"M\u00e9xico a la vanguardia Ebrard firma con University College London para una econom\u00eda sostenible\" \/>\n<meta property=\"og:url\" content=\"https:\/\/www.nexoinformativo.mx\/index.php\/2025\/06\/01\/mexico-a-la-vanguardia-ebrard-firma-con-university-college-london-para-una-economia-sostenible\/\" \/>\n<meta property=\"og:site_name\" content=\"Nexo Informativo Santiago de Quer\u00e9taro\" \/>\n<meta property=\"article:publisher\" content=\"https:\/\/www.facebook.com\/people\/Nexo-Informativo\/61564066885511\/\" \/>\n<meta property=\"article:published_time\" content=\"2025-06-01T19:00:51+00:00\" \/>\n<meta property=\"article:modified_time\" content=\"2025-06-02T04:28:57+00:00\" \/>\n<meta property=\"og:image\" content=\"https:\/\/www.nexoinformativo.mx\/wp-content\/uploads\/2025\/06\/IMG_3606.jpg\" \/>\n\t<meta property=\"og:image:width\" content=\"650\" \/>\n\t<meta property=\"og:image:height\" content=\"380\" \/>\n\t<meta property=\"og:image:type\" content=\"image\/jpeg\" \/>\n<meta name=\"author\" content=\"Nexo Informativo\" \/>\n<meta name=\"twitter:card\" content=\"summary_large_image\" \/>\n<meta name=\"twitter:label1\" content=\"Escrito por\" \/>\n\t<meta name=\"twitter:data1\" content=\"Nexo Informativo\" \/>\n\t<meta name=\"twitter:label2\" content=\"Tiempo de lectura\" \/>\n\t<meta name=\"twitter:data2\" content=\"2 minutos\" \/>\n<script type=\"application\/ld+json\" class=\"yoast-schema-graph\">{\"@context\":\"https:\/\/schema.org\",\"@graph\":[{\"@type\":\"Article\",\"@id\":\"https:\/\/www.nexoinformativo.mx\/index.php\/2025\/06\/01\/mexico-a-la-vanguardia-ebrard-firma-con-university-college-london-para-una-economia-sostenible\/#article\",\"isPartOf\":{\"@id\":\"https:\/\/www.nexoinformativo.mx\/index.php\/2025\/06\/01\/mexico-a-la-vanguardia-ebrard-firma-con-university-college-london-para-una-economia-sostenible\/\"},\"author\":{\"name\":\"Nexo Informativo\",\"@id\":\"https:\/\/www.nexoinformativo.mx\/#\/schema\/person\/7749d380ba08c8ca00d7bc76fd907b7d\"},\"headline\":\"M\u00e9xico a la vanguardia Ebrard firma con University College London para una econom\u00eda sostenible\",\"datePublished\":\"2025-06-01T19:00:51+00:00\",\"dateModified\":\"2025-06-02T04:28:57+00:00\",\"mainEntityOfPage\":{\"@id\":\"https:\/\/www.nexoinformativo.mx\/index.php\/2025\/06\/01\/mexico-a-la-vanguardia-ebrard-firma-con-university-college-london-para-una-economia-sostenible\/\"},\"wordCount\":295,\"commentCount\":0,\"publisher\":{\"@id\":\"https:\/\/www.nexoinformativo.mx\/#organization\"},\"image\":{\"@id\":\"https:\/\/www.nexoinformativo.mx\/index.php\/2025\/06\/01\/mexico-a-la-vanguardia-ebrard-firma-con-university-college-london-para-una-economia-sostenible\/#primaryimage\"},\"thumbnailUrl\":\"https:\/\/www.nexoinformativo.mx\/wp-content\/uploads\/2025\/06\/IMG_3606.jpg\",\"keywords\":[\"EbrardEconomia\",\"EconomiaConProposito\",\"M\u00e9xicoSostenible\",\"TransformacionEconomica\"],\"articleSection\":[\"Econom\u00eda\",\"Nacional\",\"\u00daltima Hora\"],\"inLanguage\":\"es\",\"potentialAction\":[{\"@type\":\"CommentAction\",\"name\":\"Comment\",\"target\":[\"https:\/\/www.nexoinformativo.mx\/index.php\/2025\/06\/01\/mexico-a-la-vanguardia-ebrard-firma-con-university-college-london-para-una-economia-sostenible\/#respond\"]}]},{\"@type\":\"WebPage\",\"@id\":\"https:\/\/www.nexoinformativo.mx\/index.php\/2025\/06\/01\/mexico-a-la-vanguardia-ebrard-firma-con-university-college-london-para-una-economia-sostenible\/\",\"url\":\"https:\/\/www.nexoinformativo.mx\/index.php\/2025\/06\/01\/mexico-a-la-vanguardia-ebrard-firma-con-university-college-london-para-una-economia-sostenible\/\",\"name\":\"M\u00e9xico a la vanguardia Ebrard firma con University College London para una econom\u00eda sostenible | Nexo Informativo Santiago de Quer\u00e9taro\",\"isPartOf\":{\"@id\":\"https:\/\/www.nexoinformativo.mx\/#website\"},\"primaryImageOfPage\":{\"@id\":\"https:\/\/www.nexoinformativo.mx\/index.php\/2025\/06\/01\/mexico-a-la-vanguardia-ebrard-firma-con-university-college-london-para-una-economia-sostenible\/#primaryimage\"},\"image\":{\"@id\":\"https:\/\/www.nexoinformativo.mx\/index.php\/2025\/06\/01\/mexico-a-la-vanguardia-ebrard-firma-con-university-college-london-para-una-economia-sostenible\/#primaryimage\"},\"thumbnailUrl\":\"https:\/\/www.nexoinformativo.mx\/wp-content\/uploads\/2025\/06\/IMG_3606.jpg\",\"datePublished\":\"2025-06-01T19:00:51+00:00\",\"dateModified\":\"2025-06-02T04:28:57+00:00\",\"description\":\"M\u00e9xico a la vanguardia Ebrard firma con University College London para una econom\u00eda sostenible\",\"breadcrumb\":{\"@id\":\"https:\/\/www.nexoinformativo.mx\/index.php\/2025\/06\/01\/mexico-a-la-vanguardia-ebrard-firma-con-university-college-london-para-una-economia-sostenible\/#breadcrumb\"},\"inLanguage\":\"es\",\"potentialAction\":[{\"@type\":\"ReadAction\",\"target\":[\"https:\/\/www.nexoinformativo.mx\/index.php\/2025\/06\/01\/mexico-a-la-vanguardia-ebrard-firma-con-university-college-london-para-una-economia-sostenible\/\"]}]},{\"@type\":\"ImageObject\",\"inLanguage\":\"es\",\"@id\":\"https:\/\/www.nexoinformativo.mx\/index.php\/2025\/06\/01\/mexico-a-la-vanguardia-ebrard-firma-con-university-college-london-para-una-economia-sostenible\/#primaryimage\",\"url\":\"https:\/\/www.nexoinformativo.mx\/wp-content\/uploads\/2025\/06\/IMG_3606.jpg\",\"contentUrl\":\"https:\/\/www.nexoinformativo.mx\/wp-content\/uploads\/2025\/06\/IMG_3606.jpg\",\"width\":650,\"height\":380},{\"@type\":\"BreadcrumbList\",\"@id\":\"https:\/\/www.nexoinformativo.mx\/index.php\/2025\/06\/01\/mexico-a-la-vanguardia-ebrard-firma-con-university-college-london-para-una-economia-sostenible\/#breadcrumb\",\"itemListElement\":[{\"@type\":\"ListItem\",\"position\":1,\"name\":\"Inicio\",\"item\":\"https:\/\/www.nexoinformativo.mx\/\"},{\"@type\":\"ListItem\",\"position\":2,\"name\":\"M\u00e9xico a la vanguardia Ebrard firma con University College London para una econom\u00eda sostenible\"}]},{\"@type\":\"WebSite\",\"@id\":\"https:\/\/www.nexoinformativo.mx\/#website\",\"url\":\"https:\/\/www.nexoinformativo.mx\/\",\"name\":\"Nexo Informativo Santiago de Quer\u00e9taro\",\"description\":\"Explora NexoInformativo y convi\u00e9rtete en parte de una comunidad que valora el conocimiento y la verdad. Tu nexoinformativo es tu puente hacia una comprensi\u00f3n m\u00e1s profunda del mundo que te rodea.\",\"publisher\":{\"@id\":\"https:\/\/www.nexoinformativo.mx\/#organization\"},\"potentialAction\":[{\"@type\":\"SearchAction\",\"target\":{\"@type\":\"EntryPoint\",\"urlTemplate\":\"https:\/\/www.nexoinformativo.mx\/?s={search_term_string}\"},\"query-input\":{\"@type\":\"PropertyValueSpecification\",\"valueRequired\":true,\"valueName\":\"search_term_string\"}}],\"inLanguage\":\"es\"},{\"@type\":\"Organization\",\"@id\":\"https:\/\/www.nexoinformativo.mx\/#organization\",\"name\":\"Nexo Informativo Santiago de Quer\u00e9taro\",\"url\":\"https:\/\/www.nexoinformativo.mx\/\",\"logo\":{\"@type\":\"ImageObject\",\"inLanguage\":\"es\",\"@id\":\"https:\/\/www.nexoinformativo.mx\/#\/schema\/logo\/image\/\",\"url\":\"https:\/\/www.nexoinformativo.mx\/wp-content\/uploads\/2024\/07\/nexoi-trasparente-2.png\",\"contentUrl\":\"https:\/\/www.nexoinformativo.mx\/wp-content\/uploads\/2024\/07\/nexoi-trasparente-2.png\",\"width\":816,\"height\":339,\"caption\":\"Nexo Informativo Santiago de Quer\u00e9taro\"},\"image\":{\"@id\":\"https:\/\/www.nexoinformativo.mx\/#\/schema\/logo\/image\/\"},\"sameAs\":[\"https:\/\/www.facebook.com\/people\/Nexo-Informativo\/61564066885511\/\"]},{\"@type\":\"Person\",\"@id\":\"https:\/\/www.nexoinformativo.mx\/#\/schema\/person\/7749d380ba08c8ca00d7bc76fd907b7d\",\"name\":\"Nexo Informativo\",\"image\":{\"@type\":\"ImageObject\",\"inLanguage\":\"es\",\"@id\":\"https:\/\/www.nexoinformativo.mx\/#\/schema\/person\/image\/\",\"url\":\"https:\/\/secure.gravatar.com\/avatar\/dde2928154642a13d95f87ddf1ea9718fe2b46760a005c53e41ff5ad610704e6?s=96&d=mm&r=g\",\"contentUrl\":\"https:\/\/secure.gravatar.com\/avatar\/dde2928154642a13d95f87ddf1ea9718fe2b46760a005c53e41ff5ad610704e6?s=96&d=mm&r=g\",\"caption\":\"Nexo Informativo\"},\"url\":\"https:\/\/www.nexoinformativo.mx\/index.php\/author\/edicion\/\"}]}<\/script>\n<!-- \/ Yoast SEO plugin. -->","yoast_head_json":{"title":"M\u00e9xico a la vanguardia Ebrard firma con University College London para una econom\u00eda sostenible | Nexo Informativo Santiago de Quer\u00e9taro","description":"M\u00e9xico a la vanguardia Ebrard firma con University College London para una econom\u00eda sostenible","robots":{"index":"index","follow":"follow","max-snippet":"max-snippet:-1","max-image-preview":"max-image-preview:large","max-video-preview":"max-video-preview:-1"},"canonical":"https:\/\/www.nexoinformativo.mx\/index.php\/2025\/06\/01\/mexico-a-la-vanguardia-ebrard-firma-con-university-college-london-para-una-economia-sostenible\/","og_locale":"es_MX","og_type":"article","og_title":"M\u00e9xico a la vanguardia Ebrard firma con University College London para una econom\u00eda sostenible | Nexo Informativo Santiago de Quer\u00e9taro","og_description":"M\u00e9xico a la vanguardia Ebrard firma con University College London para una econom\u00eda sostenible","og_url":"https:\/\/www.nexoinformativo.mx\/index.php\/2025\/06\/01\/mexico-a-la-vanguardia-ebrard-firma-con-university-college-london-para-una-economia-sostenible\/","og_site_name":"Nexo Informativo Santiago de Quer\u00e9taro","article_publisher":"https:\/\/www.facebook.com\/people\/Nexo-Informativo\/61564066885511\/","article_published_time":"2025-06-01T19:00:51+00:00","article_modified_time":"2025-06-02T04:28:57+00:00","og_image":[{"width":650,"height":380,"url":"https:\/\/www.nexoinformativo.mx\/wp-content\/uploads\/2025\/06\/IMG_3606.jpg","type":"image\/jpeg"}],"author":"Nexo Informativo","twitter_card":"summary_large_image","twitter_misc":{"Escrito por":"Nexo Informativo","Tiempo de lectura":"2 minutos"},"schema":{"@context":"https:\/\/schema.org","@graph":[{"@type":"Article","@id":"https:\/\/www.nexoinformativo.mx\/index.php\/2025\/06\/01\/mexico-a-la-vanguardia-ebrard-firma-con-university-college-london-para-una-economia-sostenible\/#article","isPartOf":{"@id":"https:\/\/www.nexoinformativo.mx\/index.php\/2025\/06\/01\/mexico-a-la-vanguardia-ebrard-firma-con-university-college-london-para-una-economia-sostenible\/"},"author":{"name":"Nexo Informativo","@id":"https:\/\/www.nexoinformativo.mx\/#\/schema\/person\/7749d380ba08c8ca00d7bc76fd907b7d"},"headline":"M\u00e9xico a la vanguardia Ebrard firma con University College London para una econom\u00eda sostenible","datePublished":"2025-06-01T19:00:51+00:00","dateModified":"2025-06-02T04:28:57+00:00","mainEntityOfPage":{"@id":"https:\/\/www.nexoinformativo.mx\/index.php\/2025\/06\/01\/mexico-a-la-vanguardia-ebrard-firma-con-university-college-london-para-una-economia-sostenible\/"},"wordCount":295,"commentCount":0,"publisher":{"@id":"https:\/\/www.nexoinformativo.mx\/#organization"},"image":{"@id":"https:\/\/www.nexoinformativo.mx\/index.php\/2025\/06\/01\/mexico-a-la-vanguardia-ebrard-firma-con-university-college-london-para-una-economia-sostenible\/#primaryimage"},"thumbnailUrl":"https:\/\/www.nexoinformativo.mx\/wp-content\/uploads\/2025\/06\/IMG_3606.jpg","keywords":["EbrardEconomia","EconomiaConProposito","M\u00e9xicoSostenible","TransformacionEconomica"],"articleSection":["Econom\u00eda","Nacional","\u00daltima Hora"],"inLanguage":"es","potentialAction":[{"@type":"CommentAction","name":"Comment","target":["https:\/\/www.nexoinformativo.mx\/index.php\/2025\/06\/01\/mexico-a-la-vanguardia-ebrard-firma-con-university-college-london-para-una-economia-sostenible\/#respond"]}]},{"@type":"WebPage","@id":"https:\/\/www.nexoinformativo.mx\/index.php\/2025\/06\/01\/mexico-a-la-vanguardia-ebrard-firma-con-university-college-london-para-una-economia-sostenible\/","url":"https:\/\/www.nexoinformativo.mx\/index.php\/2025\/06\/01\/mexico-a-la-vanguardia-ebrard-firma-con-university-college-london-para-una-economia-sostenible\/","name":"M\u00e9xico a la vanguardia Ebrard firma con University College London para una econom\u00eda sostenible | Nexo Informativo Santiago de Quer\u00e9taro","isPartOf":{"@id":"https:\/\/www.nexoinformativo.mx\/#website"},"primaryImageOfPage":{"@id":"https:\/\/www.nexoinformativo.mx\/index.php\/2025\/06\/01\/mexico-a-la-vanguardia-ebrard-firma-con-university-college-london-para-una-economia-sostenible\/#primaryimage"},"image":{"@id":"https:\/\/www.nexoinformativo.mx\/index.php\/2025\/06\/01\/mexico-a-la-vanguardia-ebrard-firma-con-university-college-london-para-una-economia-sostenible\/#primaryimage"},"thumbnailUrl":"https:\/\/www.nexoinformativo.mx\/wp-content\/uploads\/2025\/06\/IMG_3606.jpg","datePublished":"2025-06-01T19:00:51+00:00","dateModified":"2025-06-02T04:28:57+00:00","description":"M\u00e9xico a la vanguardia Ebrard firma con University College London para una econom\u00eda sostenible","breadcrumb":{"@id":"https:\/\/www.nexoinformativo.mx\/index.php\/2025\/06\/01\/mexico-a-la-vanguardia-ebrard-firma-con-university-college-london-para-una-economia-sostenible\/#breadcrumb"},"inLanguage":"es","potentialAction":[{"@type":"ReadAction","target":["https:\/\/www.nexoinformativo.mx\/index.php\/2025\/06\/01\/mexico-a-la-vanguardia-ebrard-firma-con-university-college-london-para-una-economia-sostenible\/"]}]},{"@type":"ImageObject","inLanguage":"es","@id":"https:\/\/www.nexoinformativo.mx\/index.php\/2025\/06\/01\/mexico-a-la-vanguardia-ebrard-firma-con-university-college-london-para-una-economia-sostenible\/#primaryimage","url":"https:\/\/www.nexoinformativo.mx\/wp-content\/uploads\/2025\/06\/IMG_3606.jpg","contentUrl":"https:\/\/www.nexoinformativo.mx\/wp-content\/uploads\/2025\/06\/IMG_3606.jpg","width":650,"height":380},{"@type":"BreadcrumbList","@id":"https:\/\/www.nexoinformativo.mx\/index.php\/2025\/06\/01\/mexico-a-la-vanguardia-ebrard-firma-con-university-college-london-para-una-economia-sostenible\/#breadcrumb","itemListElement":[{"@type":"ListItem","position":1,"name":"Inicio","item":"https:\/\/www.nexoinformativo.mx\/"},{"@type":"ListItem","position":2,"name":"M\u00e9xico a la vanguardia Ebrard firma con University College London para una econom\u00eda sostenible"}]},{"@type":"WebSite","@id":"https:\/\/www.nexoinformativo.mx\/#website","url":"https:\/\/www.nexoinformativo.mx\/","name":"Nexo Informativo Santiago de Quer\u00e9taro","description":"Explora NexoInformativo y convi\u00e9rtete en parte de una comunidad que valora el conocimiento y la verdad. Tu nexoinformativo es tu puente hacia una comprensi\u00f3n m\u00e1s profunda del mundo que te rodea.","publisher":{"@id":"https:\/\/www.nexoinformativo.mx\/#organization"},"potentialAction":[{"@type":"SearchAction","target":{"@type":"EntryPoint","urlTemplate":"https:\/\/www.nexoinformativo.mx\/?s={search_term_string}"},"query-input":{"@type":"PropertyValueSpecification","valueRequired":true,"valueName":"search_term_string"}}],"inLanguage":"es"},{"@type":"Organization","@id":"https:\/\/www.nexoinformativo.mx\/#organization","name":"Nexo Informativo Santiago de Quer\u00e9taro","url":"https:\/\/www.nexoinformativo.mx\/","logo":{"@type":"ImageObject","inLanguage":"es","@id":"https:\/\/www.nexoinformativo.mx\/#\/schema\/logo\/image\/","url":"https:\/\/www.nexoinformativo.mx\/wp-content\/uploads\/2024\/07\/nexoi-trasparente-2.png","contentUrl":"https:\/\/www.nexoinformativo.mx\/wp-content\/uploads\/2024\/07\/nexoi-trasparente-2.png","width":816,"height":339,"caption":"Nexo Informativo Santiago de Quer\u00e9taro"},"image":{"@id":"https:\/\/www.nexoinformativo.mx\/#\/schema\/logo\/image\/"},"sameAs":["https:\/\/www.facebook.com\/people\/Nexo-Informativo\/61564066885511\/"]},{"@type":"Person","@id":"https:\/\/www.nexoinformativo.mx\/#\/schema\/person\/7749d380ba08c8ca00d7bc76fd907b7d","name":"Nexo Informativo","image":{"@type":"ImageObject","inLanguage":"es","@id":"https:\/\/www.nexoinformativo.mx\/#\/schema\/person\/image\/","url":"https:\/\/secure.gravatar.com\/avatar\/dde2928154642a13d95f87ddf1ea9718fe2b46760a005c53e41ff5ad610704e6?s=96&d=mm&r=g","contentUrl":"https:\/\/secure.gravatar.com\/avatar\/dde2928154642a13d95f87ddf1ea9718fe2b46760a005c53e41ff5ad610704e6?s=96&d=mm&r=g","caption":"Nexo Informativo"},"url":"https:\/\/www.nexoinformativo.mx\/index.php\/author\/edicion\/"}]}},"_links":{"self":[{"href":"https:\/\/www.nexoinformativo.mx\/index.php\/wp-json\/wp\/v2\/posts\/15468","targetHints":{"allow":["GET"]}}],"collection":[{"href":"https:\/\/www.nexoinformativo.mx\/index.php\/wp-json\/wp\/v2\/posts"}],"about":[{"href":"https:\/\/www.nexoinformativo.mx\/index.php\/wp-json\/wp\/v2\/types\/post"}],"author":[{"embeddable":true,"href":"https:\/\/www.nexoinformativo.mx\/index.php\/wp-json\/wp\/v2\/users\/3"}],"replies":[{"embeddable":true,"href":"https:\/\/www.nexoinformativo.mx\/index.php\/wp-json\/wp\/v2\/comments?post=15468"}],"version-history":[{"count":4,"href":"https:\/\/www.nexoinformativo.mx\/index.php\/wp-json\/wp\/v2\/posts\/15468\/revisions"}],"predecessor-version":[{"id":15472,"href":"https:\/\/www.nexoinformativo.mx\/index.php\/wp-json\/wp\/v2\/posts\/15468\/revisions\/15472"}],"wp:featuredmedia":[{"embeddable":true,"href":"https:\/\/www.nexoinformativo.mx\/index.php\/wp-json\/wp\/v2\/media\/15469"}],"wp:attachment":[{"href":"https:\/\/www.nexoinformativo.mx\/index.php\/wp-json\/wp\/v2\/media?parent=15468"}],"wp:term":[{"taxonomy":"category","embeddable":true,"href":"https:\/\/www.nexoinformativo.mx\/index.php\/wp-json\/wp\/v2\/categories?post=15468"},{"taxonomy":"post_tag","embeddable":true,"href":"https:\/\/www.nexoinformativo.mx\/index.php\/wp-json\/wp\/v2\/tags?post=15468"}],"curies":[{"name":"wp","href":"https:\/\/api.w.org\/{rel}","templated":true}]}}