{"id":15474,"date":"2025-06-01T14:00:09","date_gmt":"2025-06-01T20:00:09","guid":{"rendered":"https:\/\/www.nexoinformativo.mx\/?p=15474"},"modified":"2025-06-01T22:35:40","modified_gmt":"2025-06-02T04:35:40","slug":"cuidado-con-el-dengue-queretaro-refuerza-medidas-y-te-pide-ayuda-para-combatirlo","status":"publish","type":"post","link":"https:\/\/www.nexoinformativo.mx\/index.php\/2025\/06\/01\/cuidado-con-el-dengue-queretaro-refuerza-medidas-y-te-pide-ayuda-para-combatirlo\/","title":{"rendered":"Cuidado con el dengue Quer\u00e9taro refuerza medidas y te pide ayuda para combatirlo"},"content":{"rendered":"<p style=\"text-align: justify;\" data-sourcepos=\"5:1-5:386\">La Secretar\u00eda de Salud (SESA) de Quer\u00e9taro hace un llamado urgente a la poblaci\u00f3n para que adopte y refuerce las medidas preventivas ante el aumento de casos de dengue en el estado y en todo M\u00e9xico.<\/p>\n<p>&nbsp;<\/p>\n<p style=\"text-align: justify;\" data-sourcepos=\"5:1-5:386\">La clave est\u00e1 en eliminar los criaderos de mosquitos, protegerse de las picaduras y buscar atenci\u00f3n m\u00e9dica a tiempo si aparecen los s\u00edntomas.<\/p>\n<p>&nbsp;<\/p>\n<p style=\"text-align: justify;\" data-sourcepos=\"11:1-11:497\">Al 30 de mayo de 2025, Quer\u00e9taro registra 20 casos positivos de dengue, afectando a once mujeres y nueve hombres.<\/p>\n<p>&nbsp;<\/p>\n<p style=\"text-align: justify;\" data-sourcepos=\"11:1-11:497\">Estos casos se distribuyen en varios municipios: uno en Cadereyta de Montes, dos en El Marqu\u00e9s, cinco en Jalpan de Serra, tres en Pe\u00f1amiller, ocho en Quer\u00e9taro capital y uno en Tequisquiapan. De estos, 14 son dengue no grave y seis presentan signos de alarma.<\/p>\n<p>&nbsp;<\/p>\n<p style=\"text-align: justify;\" data-sourcepos=\"13:1-13:451\">La SESA ha estado trabajando arduamente en la prevenci\u00f3n. De enero a abril de 2025, las brigadas de vectores realizaron acciones en 29 localidades, recolectando 16.95 toneladas de cacharros que podr\u00edan servir como criaderos.<\/p>\n<p>&nbsp;<\/p>\n<p style=\"text-align: justify;\" data-sourcepos=\"13:1-13:451\">Adem\u00e1s, se aplic\u00f3 abate en 24 mil casas y 49 mil 232 dep\u00f3sitos, protegiendo a m\u00e1s de 61 mil habitantes. Tambi\u00e9n se fumigaron 180 hect\u00e1reas y se colocaron miles de ovitrampas para detectar y controlar la presencia del mosquito.<\/p>\n<p>&nbsp;<\/p>\n<p style=\"text-align: justify;\" data-sourcepos=\"27:1-27:362\">Los s\u00edntomas del dengue pueden incluir fiebre acompa\u00f1ada de dolor de cabeza intenso, n\u00e1useas, v\u00f3mitos, malestar general, dolor muscular o articular, dolor detr\u00e1s de los ojos y sarpullido. \u00a1Atenci\u00f3n! Los signos de gravedad incluyen dolor abdominal fuerte, fatiga, v\u00f3mito persistente (o con sangre), somnolencia y sangrado de enc\u00edas, nariz, orina o excremento.<\/p>\n<p>&nbsp;<\/p>\n<p style=\"text-align: justify;\" data-sourcepos=\"29:1-29:248\">Las personas m\u00e1s vulnerables al dengue grave son los menores de un a\u00f1o, mayores de 65, embarazadas y aquellos con enfermedades cr\u00f3nicas no controladas. Actualmente no hay un tratamiento espec\u00edfico, por lo que el manejo es para aliviar los s\u00edntomas.<\/p>\n<\/p>\n<p>&nbsp;<\/p>\n<p>Si tienes s\u00edntomas: \u00a1No te automediques! Acude a la unidad de salud m\u00e1s cercana, toma mucha agua, descansa y sigue las indicaciones de tu m\u00e9dico.<\/p>\n<p>&nbsp;<\/p>\n<p style=\"text-align: center;\"><em><strong>\u00a1Informaci\u00f3n que transforma!<\/strong><\/em><\/p>\n","protected":false},"excerpt":{"rendered":"<p>La Secretar\u00eda de Salud (SESA) de Quer\u00e9taro hace un llamado urgente a la poblaci\u00f3n para que adopte y refuerce las medidas preventivas ante el aumento de casos de dengue en el estado y en todo M\u00e9xico.<\/p>\n","protected":false},"author":3,"featured_media":15475,"comment_status":"open","ping_status":"open","sticky":false,"template":"","format":"standard","meta":{"footnotes":""},"categories":[42,58],"tags":[4653,948,4652,4448],"class_list":["post-15474","post","type-post","status-publish","format-standard","has-post-thumbnail","hentry","category-estado","category-ultima-hora","tag-cerocriaderos","tag-prevenciondengue","tag-queretarosindengue","tag-saludqro"],"yoast_head":"<!-- This site is optimized with the Yoast SEO plugin v25.0 - https:\/\/yoast.com\/wordpress\/plugins\/seo\/ -->\n<title>Cuidado con el dengue Quer\u00e9taro refuerza medidas y te pide ayuda para combatirlo | Nexo Informativo Santiago de Quer\u00e9taro<\/title>\n<meta name=\"description\" content=\"Cuidado con el dengue Quer\u00e9taro refuerza medidas y te pide ayuda para combatirlo\" \/>\n<meta name=\"robots\" content=\"index, follow, max-snippet:-1, max-image-preview:large, max-video-preview:-1\" \/>\n<link rel=\"canonical\" href=\"https:\/\/www.nexoinformativo.mx\/index.php\/2025\/06\/01\/cuidado-con-el-dengue-queretaro-refuerza-medidas-y-te-pide-ayuda-para-combatirlo\/\" \/>\n<meta property=\"og:locale\" content=\"es_MX\" \/>\n<meta property=\"og:type\" content=\"article\" \/>\n<meta property=\"og:title\" content=\"Cuidado con el dengue Quer\u00e9taro refuerza medidas y te pide ayuda para combatirlo | Nexo Informativo Santiago de Quer\u00e9taro\" \/>\n<meta property=\"og:description\" content=\"Cuidado con el dengue Quer\u00e9taro refuerza medidas y te pide ayuda para combatirlo\" \/>\n<meta property=\"og:url\" content=\"https:\/\/www.nexoinformativo.mx\/index.php\/2025\/06\/01\/cuidado-con-el-dengue-queretaro-refuerza-medidas-y-te-pide-ayuda-para-combatirlo\/\" \/>\n<meta property=\"og:site_name\" content=\"Nexo Informativo Santiago de Quer\u00e9taro\" \/>\n<meta property=\"article:publisher\" content=\"https:\/\/www.facebook.com\/people\/Nexo-Informativo\/61564066885511\/\" \/>\n<meta property=\"article:published_time\" content=\"2025-06-01T20:00:09+00:00\" \/>\n<meta property=\"article:modified_time\" content=\"2025-06-02T04:35:40+00:00\" \/>\n<meta property=\"og:image\" content=\"https:\/\/www.nexoinformativo.mx\/wp-content\/uploads\/2025\/06\/PHOTO-2025-06-01-22-06-15-e1748838867173.jpg\" \/>\n\t<meta property=\"og:image:width\" content=\"800\" \/>\n\t<meta property=\"og:image:height\" content=\"800\" \/>\n\t<meta property=\"og:image:type\" content=\"image\/jpeg\" \/>\n<meta name=\"author\" content=\"Nexo Informativo\" \/>\n<meta name=\"twitter:card\" content=\"summary_large_image\" \/>\n<meta name=\"twitter:label1\" content=\"Escrito por\" \/>\n\t<meta name=\"twitter:data1\" content=\"Nexo Informativo\" \/>\n\t<meta name=\"twitter:label2\" content=\"Tiempo de lectura\" \/>\n\t<meta name=\"twitter:data2\" content=\"2 minutos\" \/>\n<script type=\"application\/ld+json\" class=\"yoast-schema-graph\">{\"@context\":\"https:\/\/schema.org\",\"@graph\":[{\"@type\":\"Article\",\"@id\":\"https:\/\/www.nexoinformativo.mx\/index.php\/2025\/06\/01\/cuidado-con-el-dengue-queretaro-refuerza-medidas-y-te-pide-ayuda-para-combatirlo\/#article\",\"isPartOf\":{\"@id\":\"https:\/\/www.nexoinformativo.mx\/index.php\/2025\/06\/01\/cuidado-con-el-dengue-queretaro-refuerza-medidas-y-te-pide-ayuda-para-combatirlo\/\"},\"author\":{\"name\":\"Nexo Informativo\",\"@id\":\"https:\/\/www.nexoinformativo.mx\/#\/schema\/person\/7749d380ba08c8ca00d7bc76fd907b7d\"},\"headline\":\"Cuidado con el dengue Quer\u00e9taro refuerza medidas y te pide ayuda para combatirlo\",\"datePublished\":\"2025-06-01T20:00:09+00:00\",\"dateModified\":\"2025-06-02T04:35:40+00:00\",\"mainEntityOfPage\":{\"@id\":\"https:\/\/www.nexoinformativo.mx\/index.php\/2025\/06\/01\/cuidado-con-el-dengue-queretaro-refuerza-medidas-y-te-pide-ayuda-para-combatirlo\/\"},\"wordCount\":362,\"commentCount\":0,\"publisher\":{\"@id\":\"https:\/\/www.nexoinformativo.mx\/#organization\"},\"image\":{\"@id\":\"https:\/\/www.nexoinformativo.mx\/index.php\/2025\/06\/01\/cuidado-con-el-dengue-queretaro-refuerza-medidas-y-te-pide-ayuda-para-combatirlo\/#primaryimage\"},\"thumbnailUrl\":\"https:\/\/www.nexoinformativo.mx\/wp-content\/uploads\/2025\/06\/PHOTO-2025-06-01-22-06-15-e1748838867173.jpg\",\"keywords\":[\"CeroCriaderos\",\"Prevenci\u00f3nDengue\",\"Quer\u00e9taroSinDengue\",\"SaludQro\"],\"articleSection\":[\"Estado\",\"\u00daltima Hora\"],\"inLanguage\":\"es\",\"potentialAction\":[{\"@type\":\"CommentAction\",\"name\":\"Comment\",\"target\":[\"https:\/\/www.nexoinformativo.mx\/index.php\/2025\/06\/01\/cuidado-con-el-dengue-queretaro-refuerza-medidas-y-te-pide-ayuda-para-combatirlo\/#respond\"]}]},{\"@type\":\"WebPage\",\"@id\":\"https:\/\/www.nexoinformativo.mx\/index.php\/2025\/06\/01\/cuidado-con-el-dengue-queretaro-refuerza-medidas-y-te-pide-ayuda-para-combatirlo\/\",\"url\":\"https:\/\/www.nexoinformativo.mx\/index.php\/2025\/06\/01\/cuidado-con-el-dengue-queretaro-refuerza-medidas-y-te-pide-ayuda-para-combatirlo\/\",\"name\":\"Cuidado con el dengue Quer\u00e9taro refuerza medidas y te pide ayuda para combatirlo | Nexo Informativo Santiago de Quer\u00e9taro\",\"isPartOf\":{\"@id\":\"https:\/\/www.nexoinformativo.mx\/#website\"},\"primaryImageOfPage\":{\"@id\":\"https:\/\/www.nexoinformativo.mx\/index.php\/2025\/06\/01\/cuidado-con-el-dengue-queretaro-refuerza-medidas-y-te-pide-ayuda-para-combatirlo\/#primaryimage\"},\"image\":{\"@id\":\"https:\/\/www.nexoinformativo.mx\/index.php\/2025\/06\/01\/cuidado-con-el-dengue-queretaro-refuerza-medidas-y-te-pide-ayuda-para-combatirlo\/#primaryimage\"},\"thumbnailUrl\":\"https:\/\/www.nexoinformativo.mx\/wp-content\/uploads\/2025\/06\/PHOTO-2025-06-01-22-06-15-e1748838867173.jpg\",\"datePublished\":\"2025-06-01T20:00:09+00:00\",\"dateModified\":\"2025-06-02T04:35:40+00:00\",\"description\":\"Cuidado con el dengue Quer\u00e9taro refuerza medidas y te pide ayuda para combatirlo\",\"breadcrumb\":{\"@id\":\"https:\/\/www.nexoinformativo.mx\/index.php\/2025\/06\/01\/cuidado-con-el-dengue-queretaro-refuerza-medidas-y-te-pide-ayuda-para-combatirlo\/#breadcrumb\"},\"inLanguage\":\"es\",\"potentialAction\":[{\"@type\":\"ReadAction\",\"target\":[\"https:\/\/www.nexoinformativo.mx\/index.php\/2025\/06\/01\/cuidado-con-el-dengue-queretaro-refuerza-medidas-y-te-pide-ayuda-para-combatirlo\/\"]}]},{\"@type\":\"ImageObject\",\"inLanguage\":\"es\",\"@id\":\"https:\/\/www.nexoinformativo.mx\/index.php\/2025\/06\/01\/cuidado-con-el-dengue-queretaro-refuerza-medidas-y-te-pide-ayuda-para-combatirlo\/#primaryimage\",\"url\":\"https:\/\/www.nexoinformativo.mx\/wp-content\/uploads\/2025\/06\/PHOTO-2025-06-01-22-06-15-e1748838867173.jpg\",\"contentUrl\":\"https:\/\/www.nexoinformativo.mx\/wp-content\/uploads\/2025\/06\/PHOTO-2025-06-01-22-06-15-e1748838867173.jpg\",\"width\":800,\"height\":800},{\"@type\":\"BreadcrumbList\",\"@id\":\"https:\/\/www.nexoinformativo.mx\/index.php\/2025\/06\/01\/cuidado-con-el-dengue-queretaro-refuerza-medidas-y-te-pide-ayuda-para-combatirlo\/#breadcrumb\",\"itemListElement\":[{\"@type\":\"ListItem\",\"position\":1,\"name\":\"Inicio\",\"item\":\"https:\/\/www.nexoinformativo.mx\/\"},{\"@type\":\"ListItem\",\"position\":2,\"name\":\"Cuidado con el dengue Quer\u00e9taro refuerza medidas y te pide ayuda para combatirlo\"}]},{\"@type\":\"WebSite\",\"@id\":\"https:\/\/www.nexoinformativo.mx\/#website\",\"url\":\"https:\/\/www.nexoinformativo.mx\/\",\"name\":\"Nexo Informativo Santiago de Quer\u00e9taro\",\"description\":\"Explora NexoInformativo y convi\u00e9rtete en parte de una comunidad que valora el conocimiento y la verdad. Tu nexoinformativo es tu puente hacia una comprensi\u00f3n m\u00e1s profunda del mundo que te rodea.\",\"publisher\":{\"@id\":\"https:\/\/www.nexoinformativo.mx\/#organization\"},\"potentialAction\":[{\"@type\":\"SearchAction\",\"target\":{\"@type\":\"EntryPoint\",\"urlTemplate\":\"https:\/\/www.nexoinformativo.mx\/?s={search_term_string}\"},\"query-input\":{\"@type\":\"PropertyValueSpecification\",\"valueRequired\":true,\"valueName\":\"search_term_string\"}}],\"inLanguage\":\"es\"},{\"@type\":\"Organization\",\"@id\":\"https:\/\/www.nexoinformativo.mx\/#organization\",\"name\":\"Nexo Informativo Santiago de Quer\u00e9taro\",\"url\":\"https:\/\/www.nexoinformativo.mx\/\",\"logo\":{\"@type\":\"ImageObject\",\"inLanguage\":\"es\",\"@id\":\"https:\/\/www.nexoinformativo.mx\/#\/schema\/logo\/image\/\",\"url\":\"https:\/\/www.nexoinformativo.mx\/wp-content\/uploads\/2024\/07\/nexoi-trasparente-2.png\",\"contentUrl\":\"https:\/\/www.nexoinformativo.mx\/wp-content\/uploads\/2024\/07\/nexoi-trasparente-2.png\",\"width\":816,\"height\":339,\"caption\":\"Nexo Informativo Santiago de Quer\u00e9taro\"},\"image\":{\"@id\":\"https:\/\/www.nexoinformativo.mx\/#\/schema\/logo\/image\/\"},\"sameAs\":[\"https:\/\/www.facebook.com\/people\/Nexo-Informativo\/61564066885511\/\"]},{\"@type\":\"Person\",\"@id\":\"https:\/\/www.nexoinformativo.mx\/#\/schema\/person\/7749d380ba08c8ca00d7bc76fd907b7d\",\"name\":\"Nexo Informativo\",\"image\":{\"@type\":\"ImageObject\",\"inLanguage\":\"es\",\"@id\":\"https:\/\/www.nexoinformativo.mx\/#\/schema\/person\/image\/\",\"url\":\"https:\/\/secure.gravatar.com\/avatar\/dde2928154642a13d95f87ddf1ea9718fe2b46760a005c53e41ff5ad610704e6?s=96&d=mm&r=g\",\"contentUrl\":\"https:\/\/secure.gravatar.com\/avatar\/dde2928154642a13d95f87ddf1ea9718fe2b46760a005c53e41ff5ad610704e6?s=96&d=mm&r=g\",\"caption\":\"Nexo Informativo\"},\"url\":\"https:\/\/www.nexoinformativo.mx\/index.php\/author\/edicion\/\"}]}<\/script>\n<!-- \/ Yoast SEO plugin. -->","yoast_head_json":{"title":"Cuidado con el dengue Quer\u00e9taro refuerza medidas y te pide ayuda para combatirlo | Nexo Informativo Santiago de Quer\u00e9taro","description":"Cuidado con el dengue Quer\u00e9taro refuerza medidas y te pide ayuda para combatirlo","robots":{"index":"index","follow":"follow","max-snippet":"max-snippet:-1","max-image-preview":"max-image-preview:large","max-video-preview":"max-video-preview:-1"},"canonical":"https:\/\/www.nexoinformativo.mx\/index.php\/2025\/06\/01\/cuidado-con-el-dengue-queretaro-refuerza-medidas-y-te-pide-ayuda-para-combatirlo\/","og_locale":"es_MX","og_type":"article","og_title":"Cuidado con el dengue Quer\u00e9taro refuerza medidas y te pide ayuda para combatirlo | Nexo Informativo Santiago de Quer\u00e9taro","og_description":"Cuidado con el dengue Quer\u00e9taro refuerza medidas y te pide ayuda para combatirlo","og_url":"https:\/\/www.nexoinformativo.mx\/index.php\/2025\/06\/01\/cuidado-con-el-dengue-queretaro-refuerza-medidas-y-te-pide-ayuda-para-combatirlo\/","og_site_name":"Nexo Informativo Santiago de Quer\u00e9taro","article_publisher":"https:\/\/www.facebook.com\/people\/Nexo-Informativo\/61564066885511\/","article_published_time":"2025-06-01T20:00:09+00:00","article_modified_time":"2025-06-02T04:35:40+00:00","og_image":[{"width":800,"height":800,"url":"https:\/\/www.nexoinformativo.mx\/wp-content\/uploads\/2025\/06\/PHOTO-2025-06-01-22-06-15-e1748838867173.jpg","type":"image\/jpeg"}],"author":"Nexo Informativo","twitter_card":"summary_large_image","twitter_misc":{"Escrito por":"Nexo Informativo","Tiempo de lectura":"2 minutos"},"schema":{"@context":"https:\/\/schema.org","@graph":[{"@type":"Article","@id":"https:\/\/www.nexoinformativo.mx\/index.php\/2025\/06\/01\/cuidado-con-el-dengue-queretaro-refuerza-medidas-y-te-pide-ayuda-para-combatirlo\/#article","isPartOf":{"@id":"https:\/\/www.nexoinformativo.mx\/index.php\/2025\/06\/01\/cuidado-con-el-dengue-queretaro-refuerza-medidas-y-te-pide-ayuda-para-combatirlo\/"},"author":{"name":"Nexo Informativo","@id":"https:\/\/www.nexoinformativo.mx\/#\/schema\/person\/7749d380ba08c8ca00d7bc76fd907b7d"},"headline":"Cuidado con el dengue Quer\u00e9taro refuerza medidas y te pide ayuda para combatirlo","datePublished":"2025-06-01T20:00:09+00:00","dateModified":"2025-06-02T04:35:40+00:00","mainEntityOfPage":{"@id":"https:\/\/www.nexoinformativo.mx\/index.php\/2025\/06\/01\/cuidado-con-el-dengue-queretaro-refuerza-medidas-y-te-pide-ayuda-para-combatirlo\/"},"wordCount":362,"commentCount":0,"publisher":{"@id":"https:\/\/www.nexoinformativo.mx\/#organization"},"image":{"@id":"https:\/\/www.nexoinformativo.mx\/index.php\/2025\/06\/01\/cuidado-con-el-dengue-queretaro-refuerza-medidas-y-te-pide-ayuda-para-combatirlo\/#primaryimage"},"thumbnailUrl":"https:\/\/www.nexoinformativo.mx\/wp-content\/uploads\/2025\/06\/PHOTO-2025-06-01-22-06-15-e1748838867173.jpg","keywords":["CeroCriaderos","Prevenci\u00f3nDengue","Quer\u00e9taroSinDengue","SaludQro"],"articleSection":["Estado","\u00daltima Hora"],"inLanguage":"es","potentialAction":[{"@type":"CommentAction","name":"Comment","target":["https:\/\/www.nexoinformativo.mx\/index.php\/2025\/06\/01\/cuidado-con-el-dengue-queretaro-refuerza-medidas-y-te-pide-ayuda-para-combatirlo\/#respond"]}]},{"@type":"WebPage","@id":"https:\/\/www.nexoinformativo.mx\/index.php\/2025\/06\/01\/cuidado-con-el-dengue-queretaro-refuerza-medidas-y-te-pide-ayuda-para-combatirlo\/","url":"https:\/\/www.nexoinformativo.mx\/index.php\/2025\/06\/01\/cuidado-con-el-dengue-queretaro-refuerza-medidas-y-te-pide-ayuda-para-combatirlo\/","name":"Cuidado con el dengue Quer\u00e9taro refuerza medidas y te pide ayuda para combatirlo | Nexo Informativo Santiago de Quer\u00e9taro","isPartOf":{"@id":"https:\/\/www.nexoinformativo.mx\/#website"},"primaryImageOfPage":{"@id":"https:\/\/www.nexoinformativo.mx\/index.php\/2025\/06\/01\/cuidado-con-el-dengue-queretaro-refuerza-medidas-y-te-pide-ayuda-para-combatirlo\/#primaryimage"},"image":{"@id":"https:\/\/www.nexoinformativo.mx\/index.php\/2025\/06\/01\/cuidado-con-el-dengue-queretaro-refuerza-medidas-y-te-pide-ayuda-para-combatirlo\/#primaryimage"},"thumbnailUrl":"https:\/\/www.nexoinformativo.mx\/wp-content\/uploads\/2025\/06\/PHOTO-2025-06-01-22-06-15-e1748838867173.jpg","datePublished":"2025-06-01T20:00:09+00:00","dateModified":"2025-06-02T04:35:40+00:00","description":"Cuidado con el dengue Quer\u00e9taro refuerza medidas y te pide ayuda para combatirlo","breadcrumb":{"@id":"https:\/\/www.nexoinformativo.mx\/index.php\/2025\/06\/01\/cuidado-con-el-dengue-queretaro-refuerza-medidas-y-te-pide-ayuda-para-combatirlo\/#breadcrumb"},"inLanguage":"es","potentialAction":[{"@type":"ReadAction","target":["https:\/\/www.nexoinformativo.mx\/index.php\/2025\/06\/01\/cuidado-con-el-dengue-queretaro-refuerza-medidas-y-te-pide-ayuda-para-combatirlo\/"]}]},{"@type":"ImageObject","inLanguage":"es","@id":"https:\/\/www.nexoinformativo.mx\/index.php\/2025\/06\/01\/cuidado-con-el-dengue-queretaro-refuerza-medidas-y-te-pide-ayuda-para-combatirlo\/#primaryimage","url":"https:\/\/www.nexoinformativo.mx\/wp-content\/uploads\/2025\/06\/PHOTO-2025-06-01-22-06-15-e1748838867173.jpg","contentUrl":"https:\/\/www.nexoinformativo.mx\/wp-content\/uploads\/2025\/06\/PHOTO-2025-06-01-22-06-15-e1748838867173.jpg","width":800,"height":800},{"@type":"BreadcrumbList","@id":"https:\/\/www.nexoinformativo.mx\/index.php\/2025\/06\/01\/cuidado-con-el-dengue-queretaro-refuerza-medidas-y-te-pide-ayuda-para-combatirlo\/#breadcrumb","itemListElement":[{"@type":"ListItem","position":1,"name":"Inicio","item":"https:\/\/www.nexoinformativo.mx\/"},{"@type":"ListItem","position":2,"name":"Cuidado con el dengue Quer\u00e9taro refuerza medidas y te pide ayuda para combatirlo"}]},{"@type":"WebSite","@id":"https:\/\/www.nexoinformativo.mx\/#website","url":"https:\/\/www.nexoinformativo.mx\/","name":"Nexo Informativo Santiago de Quer\u00e9taro","description":"Explora NexoInformativo y convi\u00e9rtete en parte de una comunidad que valora el conocimiento y la verdad. Tu nexoinformativo es tu puente hacia una comprensi\u00f3n m\u00e1s profunda del mundo que te rodea.","publisher":{"@id":"https:\/\/www.nexoinformativo.mx\/#organization"},"potentialAction":[{"@type":"SearchAction","target":{"@type":"EntryPoint","urlTemplate":"https:\/\/www.nexoinformativo.mx\/?s={search_term_string}"},"query-input":{"@type":"PropertyValueSpecification","valueRequired":true,"valueName":"search_term_string"}}],"inLanguage":"es"},{"@type":"Organization","@id":"https:\/\/www.nexoinformativo.mx\/#organization","name":"Nexo Informativo Santiago de Quer\u00e9taro","url":"https:\/\/www.nexoinformativo.mx\/","logo":{"@type":"ImageObject","inLanguage":"es","@id":"https:\/\/www.nexoinformativo.mx\/#\/schema\/logo\/image\/","url":"https:\/\/www.nexoinformativo.mx\/wp-content\/uploads\/2024\/07\/nexoi-trasparente-2.png","contentUrl":"https:\/\/www.nexoinformativo.mx\/wp-content\/uploads\/2024\/07\/nexoi-trasparente-2.png","width":816,"height":339,"caption":"Nexo Informativo Santiago de Quer\u00e9taro"},"image":{"@id":"https:\/\/www.nexoinformativo.mx\/#\/schema\/logo\/image\/"},"sameAs":["https:\/\/www.facebook.com\/people\/Nexo-Informativo\/61564066885511\/"]},{"@type":"Person","@id":"https:\/\/www.nexoinformativo.mx\/#\/schema\/person\/7749d380ba08c8ca00d7bc76fd907b7d","name":"Nexo Informativo","image":{"@type":"ImageObject","inLanguage":"es","@id":"https:\/\/www.nexoinformativo.mx\/#\/schema\/person\/image\/","url":"https:\/\/secure.gravatar.com\/avatar\/dde2928154642a13d95f87ddf1ea9718fe2b46760a005c53e41ff5ad610704e6?s=96&d=mm&r=g","contentUrl":"https:\/\/secure.gravatar.com\/avatar\/dde2928154642a13d95f87ddf1ea9718fe2b46760a005c53e41ff5ad610704e6?s=96&d=mm&r=g","caption":"Nexo Informativo"},"url":"https:\/\/www.nexoinformativo.mx\/index.php\/author\/edicion\/"}]}},"_links":{"self":[{"href":"https:\/\/www.nexoinformativo.mx\/index.php\/wp-json\/wp\/v2\/posts\/15474","targetHints":{"allow":["GET"]}}],"collection":[{"href":"https:\/\/www.nexoinformativo.mx\/index.php\/wp-json\/wp\/v2\/posts"}],"about":[{"href":"https:\/\/www.nexoinformativo.mx\/index.php\/wp-json\/wp\/v2\/types\/post"}],"author":[{"embeddable":true,"href":"https:\/\/www.nexoinformativo.mx\/index.php\/wp-json\/wp\/v2\/users\/3"}],"replies":[{"embeddable":true,"href":"https:\/\/www.nexoinformativo.mx\/index.php\/wp-json\/wp\/v2\/comments?post=15474"}],"version-history":[{"count":4,"href":"https:\/\/www.nexoinformativo.mx\/index.php\/wp-json\/wp\/v2\/posts\/15474\/revisions"}],"predecessor-version":[{"id":15478,"href":"https:\/\/www.nexoinformativo.mx\/index.php\/wp-json\/wp\/v2\/posts\/15474\/revisions\/15478"}],"wp:featuredmedia":[{"embeddable":true,"href":"https:\/\/www.nexoinformativo.mx\/index.php\/wp-json\/wp\/v2\/media\/15475"}],"wp:attachment":[{"href":"https:\/\/www.nexoinformativo.mx\/index.php\/wp-json\/wp\/v2\/media?parent=15474"}],"wp:term":[{"taxonomy":"category","embeddable":true,"href":"https:\/\/www.nexoinformativo.mx\/index.php\/wp-json\/wp\/v2\/categories?post=15474"},{"taxonomy":"post_tag","embeddable":true,"href":"https:\/\/www.nexoinformativo.mx\/index.php\/wp-json\/wp\/v2\/tags?post=15474"}],"curies":[{"name":"wp","href":"https:\/\/api.w.org\/{rel}","templated":true}]}}