{"id":1548,"date":"2024-09-03T19:00:29","date_gmt":"2024-09-04T01:00:29","guid":{"rendered":"https:\/\/www.nexoinformativo.mx\/?p=1548"},"modified":"2024-09-04T10:47:19","modified_gmt":"2024-09-04T16:47:19","slug":"fallece-persona-en-juzgado-civico-de-queretaro-tras-detencion-por-falta-administrativa","status":"publish","type":"post","link":"https:\/\/www.nexoinformativo.mx\/index.php\/2024\/09\/03\/fallece-persona-en-juzgado-civico-de-queretaro-tras-detencion-por-falta-administrativa\/","title":{"rendered":"Fallece persona en Juzgado C\u00edvico de Quer\u00e9taro tras detenci\u00f3n por falta administrativa"},"content":{"rendered":"<p style=\"text-align: justify;\">Esta tarde, una persona falleci\u00f3 en las inmediaciones del Juzgado C\u00edvico dentro de la Secretar\u00eda de Seguridad P\u00fablica Municipal de Quer\u00e9taro (SSPMQ), ubicado en la colonia San Pablo. El individuo, detenido por una presunta falta administrativa, falleci\u00f3 alrededor de las 18:00 horas mientras era ingresado a la dependencia.<\/p>\n<p>&nbsp;<\/p>\n<p style=\"text-align: justify;\">La zona fue asegurada por elementos de la Guardia Municipal, quienes notificaron a la Fiscal\u00eda General del Estado (FGE). Personal de la Direcci\u00f3n de Servicios Periciales realiz\u00f3 las diligencias correspondientes, y el cuerpo fue trasladado a la morgue para la necropsia de ley. Las autoridades no han proporcionado m\u00e1s detalles sobre la identidad del fallecido.<\/p>\n","protected":false},"excerpt":{"rendered":"<p>Esta tarde, una persona falleci\u00f3 en las inmediaciones del Juzgado C\u00edvico dentro de la Secretar\u00eda de Seguridad P\u00fablica Municipal de Quer\u00e9taro (SSPMQ), ubicado en la colonia San Pablo. El individuo, detenido por una presunta falta administrativa, falleci\u00f3 alrededor de las 18:00 horas mientras era ingresado a la dependencia.<\/p>\n","protected":false},"author":3,"featured_media":1549,"comment_status":"open","ping_status":"open","sticky":false,"template":"","format":"standard","meta":{"footnotes":""},"categories":[137,58],"tags":[481,480,133,207],"class_list":["post-1548","post","type-post","status-publish","format-standard","has-post-thumbnail","hentry","category-sucesos","category-ultima-hora","tag-fallecimiento","tag-justicia","tag-queretaro","tag-seguridadpublica"],"yoast_head":"<!-- This site is optimized with the Yoast SEO plugin v25.0 - https:\/\/yoast.com\/wordpress\/plugins\/seo\/ -->\n<title>Fallece persona en Juzgado C\u00edvico de Quer\u00e9taro tras detenci\u00f3n por falta administrativa | Nexo Informativo Santiago de Quer\u00e9taro<\/title>\n<meta name=\"description\" content=\"Fallece persona en Juzgado C\u00edvico de Quer\u00e9taro tras detenci\u00f3n por falta administrativa\" \/>\n<meta name=\"robots\" content=\"index, follow, max-snippet:-1, max-image-preview:large, max-video-preview:-1\" \/>\n<link rel=\"canonical\" href=\"https:\/\/www.nexoinformativo.mx\/index.php\/2024\/09\/03\/fallece-persona-en-juzgado-civico-de-queretaro-tras-detencion-por-falta-administrativa\/\" \/>\n<meta property=\"og:locale\" content=\"es_MX\" \/>\n<meta property=\"og:type\" content=\"article\" \/>\n<meta property=\"og:title\" content=\"Fallece persona en Juzgado C\u00edvico de Quer\u00e9taro tras detenci\u00f3n por falta administrativa | Nexo Informativo Santiago de Quer\u00e9taro\" \/>\n<meta property=\"og:description\" content=\"Fallece persona en Juzgado C\u00edvico de Quer\u00e9taro tras detenci\u00f3n por falta administrativa\" \/>\n<meta property=\"og:url\" content=\"https:\/\/www.nexoinformativo.mx\/index.php\/2024\/09\/03\/fallece-persona-en-juzgado-civico-de-queretaro-tras-detencion-por-falta-administrativa\/\" \/>\n<meta property=\"og:site_name\" content=\"Nexo Informativo Santiago de Quer\u00e9taro\" \/>\n<meta property=\"article:publisher\" content=\"https:\/\/www.facebook.com\/people\/Nexo-Informativo\/61564066885511\/\" \/>\n<meta property=\"article:published_time\" content=\"2024-09-04T01:00:29+00:00\" \/>\n<meta property=\"article:modified_time\" content=\"2024-09-04T16:47:19+00:00\" \/>\n<meta property=\"og:image\" content=\"https:\/\/www.nexoinformativo.mx\/wp-content\/uploads\/2024\/09\/unnamed-7-e1725468247580.jpg\" \/>\n\t<meta property=\"og:image:width\" content=\"800\" \/>\n\t<meta property=\"og:image:height\" content=\"600\" \/>\n\t<meta property=\"og:image:type\" content=\"image\/jpeg\" \/>\n<meta name=\"author\" content=\"Nexo Informativo\" \/>\n<meta name=\"twitter:card\" content=\"summary_large_image\" \/>\n<meta name=\"twitter:label1\" content=\"Escrito por\" \/>\n\t<meta name=\"twitter:data1\" content=\"Nexo Informativo\" \/>\n\t<meta name=\"twitter:label2\" content=\"Tiempo de lectura\" \/>\n\t<meta name=\"twitter:data2\" content=\"1 minuto\" \/>\n<script type=\"application\/ld+json\" class=\"yoast-schema-graph\">{\"@context\":\"https:\/\/schema.org\",\"@graph\":[{\"@type\":\"Article\",\"@id\":\"https:\/\/www.nexoinformativo.mx\/index.php\/2024\/09\/03\/fallece-persona-en-juzgado-civico-de-queretaro-tras-detencion-por-falta-administrativa\/#article\",\"isPartOf\":{\"@id\":\"https:\/\/www.nexoinformativo.mx\/index.php\/2024\/09\/03\/fallece-persona-en-juzgado-civico-de-queretaro-tras-detencion-por-falta-administrativa\/\"},\"author\":{\"name\":\"Nexo Informativo\",\"@id\":\"https:\/\/www.nexoinformativo.mx\/#\/schema\/person\/7749d380ba08c8ca00d7bc76fd907b7d\"},\"headline\":\"Fallece persona en Juzgado C\u00edvico de Quer\u00e9taro tras detenci\u00f3n por falta administrativa\",\"datePublished\":\"2024-09-04T01:00:29+00:00\",\"dateModified\":\"2024-09-04T16:47:19+00:00\",\"mainEntityOfPage\":{\"@id\":\"https:\/\/www.nexoinformativo.mx\/index.php\/2024\/09\/03\/fallece-persona-en-juzgado-civico-de-queretaro-tras-detencion-por-falta-administrativa\/\"},\"wordCount\":125,\"commentCount\":0,\"publisher\":{\"@id\":\"https:\/\/www.nexoinformativo.mx\/#organization\"},\"image\":{\"@id\":\"https:\/\/www.nexoinformativo.mx\/index.php\/2024\/09\/03\/fallece-persona-en-juzgado-civico-de-queretaro-tras-detencion-por-falta-administrativa\/#primaryimage\"},\"thumbnailUrl\":\"https:\/\/www.nexoinformativo.mx\/wp-content\/uploads\/2024\/09\/unnamed-7-e1725468247580.jpg\",\"keywords\":[\"Fallecimiento\",\"Justicia\",\"Quer\u00e9taro\",\"SeguridadP\u00fablica\"],\"articleSection\":[\"Sucesos\",\"\u00daltima Hora\"],\"inLanguage\":\"es\",\"potentialAction\":[{\"@type\":\"CommentAction\",\"name\":\"Comment\",\"target\":[\"https:\/\/www.nexoinformativo.mx\/index.php\/2024\/09\/03\/fallece-persona-en-juzgado-civico-de-queretaro-tras-detencion-por-falta-administrativa\/#respond\"]}]},{\"@type\":\"WebPage\",\"@id\":\"https:\/\/www.nexoinformativo.mx\/index.php\/2024\/09\/03\/fallece-persona-en-juzgado-civico-de-queretaro-tras-detencion-por-falta-administrativa\/\",\"url\":\"https:\/\/www.nexoinformativo.mx\/index.php\/2024\/09\/03\/fallece-persona-en-juzgado-civico-de-queretaro-tras-detencion-por-falta-administrativa\/\",\"name\":\"Fallece persona en Juzgado C\u00edvico de Quer\u00e9taro tras detenci\u00f3n por falta administrativa | Nexo Informativo Santiago de Quer\u00e9taro\",\"isPartOf\":{\"@id\":\"https:\/\/www.nexoinformativo.mx\/#website\"},\"primaryImageOfPage\":{\"@id\":\"https:\/\/www.nexoinformativo.mx\/index.php\/2024\/09\/03\/fallece-persona-en-juzgado-civico-de-queretaro-tras-detencion-por-falta-administrativa\/#primaryimage\"},\"image\":{\"@id\":\"https:\/\/www.nexoinformativo.mx\/index.php\/2024\/09\/03\/fallece-persona-en-juzgado-civico-de-queretaro-tras-detencion-por-falta-administrativa\/#primaryimage\"},\"thumbnailUrl\":\"https:\/\/www.nexoinformativo.mx\/wp-content\/uploads\/2024\/09\/unnamed-7-e1725468247580.jpg\",\"datePublished\":\"2024-09-04T01:00:29+00:00\",\"dateModified\":\"2024-09-04T16:47:19+00:00\",\"description\":\"Fallece persona en Juzgado C\u00edvico de Quer\u00e9taro tras detenci\u00f3n por falta administrativa\",\"breadcrumb\":{\"@id\":\"https:\/\/www.nexoinformativo.mx\/index.php\/2024\/09\/03\/fallece-persona-en-juzgado-civico-de-queretaro-tras-detencion-por-falta-administrativa\/#breadcrumb\"},\"inLanguage\":\"es\",\"potentialAction\":[{\"@type\":\"ReadAction\",\"target\":[\"https:\/\/www.nexoinformativo.mx\/index.php\/2024\/09\/03\/fallece-persona-en-juzgado-civico-de-queretaro-tras-detencion-por-falta-administrativa\/\"]}]},{\"@type\":\"ImageObject\",\"inLanguage\":\"es\",\"@id\":\"https:\/\/www.nexoinformativo.mx\/index.php\/2024\/09\/03\/fallece-persona-en-juzgado-civico-de-queretaro-tras-detencion-por-falta-administrativa\/#primaryimage\",\"url\":\"https:\/\/www.nexoinformativo.mx\/wp-content\/uploads\/2024\/09\/unnamed-7-e1725468247580.jpg\",\"contentUrl\":\"https:\/\/www.nexoinformativo.mx\/wp-content\/uploads\/2024\/09\/unnamed-7-e1725468247580.jpg\",\"width\":800,\"height\":600},{\"@type\":\"BreadcrumbList\",\"@id\":\"https:\/\/www.nexoinformativo.mx\/index.php\/2024\/09\/03\/fallece-persona-en-juzgado-civico-de-queretaro-tras-detencion-por-falta-administrativa\/#breadcrumb\",\"itemListElement\":[{\"@type\":\"ListItem\",\"position\":1,\"name\":\"Inicio\",\"item\":\"https:\/\/www.nexoinformativo.mx\/\"},{\"@type\":\"ListItem\",\"position\":2,\"name\":\"Fallece persona en Juzgado C\u00edvico de Quer\u00e9taro tras detenci\u00f3n por falta administrativa\"}]},{\"@type\":\"WebSite\",\"@id\":\"https:\/\/www.nexoinformativo.mx\/#website\",\"url\":\"https:\/\/www.nexoinformativo.mx\/\",\"name\":\"Nexo Informativo Santiago de Quer\u00e9taro\",\"description\":\"Explora NexoInformativo y convi\u00e9rtete en parte de una comunidad que valora el conocimiento y la verdad. Tu nexoinformativo es tu puente hacia una comprensi\u00f3n m\u00e1s profunda del mundo que te rodea.\",\"publisher\":{\"@id\":\"https:\/\/www.nexoinformativo.mx\/#organization\"},\"potentialAction\":[{\"@type\":\"SearchAction\",\"target\":{\"@type\":\"EntryPoint\",\"urlTemplate\":\"https:\/\/www.nexoinformativo.mx\/?s={search_term_string}\"},\"query-input\":{\"@type\":\"PropertyValueSpecification\",\"valueRequired\":true,\"valueName\":\"search_term_string\"}}],\"inLanguage\":\"es\"},{\"@type\":\"Organization\",\"@id\":\"https:\/\/www.nexoinformativo.mx\/#organization\",\"name\":\"Nexo Informativo Santiago de Quer\u00e9taro\",\"url\":\"https:\/\/www.nexoinformativo.mx\/\",\"logo\":{\"@type\":\"ImageObject\",\"inLanguage\":\"es\",\"@id\":\"https:\/\/www.nexoinformativo.mx\/#\/schema\/logo\/image\/\",\"url\":\"https:\/\/www.nexoinformativo.mx\/wp-content\/uploads\/2024\/07\/nexoi-trasparente-2.png\",\"contentUrl\":\"https:\/\/www.nexoinformativo.mx\/wp-content\/uploads\/2024\/07\/nexoi-trasparente-2.png\",\"width\":816,\"height\":339,\"caption\":\"Nexo Informativo Santiago de Quer\u00e9taro\"},\"image\":{\"@id\":\"https:\/\/www.nexoinformativo.mx\/#\/schema\/logo\/image\/\"},\"sameAs\":[\"https:\/\/www.facebook.com\/people\/Nexo-Informativo\/61564066885511\/\"]},{\"@type\":\"Person\",\"@id\":\"https:\/\/www.nexoinformativo.mx\/#\/schema\/person\/7749d380ba08c8ca00d7bc76fd907b7d\",\"name\":\"Nexo Informativo\",\"image\":{\"@type\":\"ImageObject\",\"inLanguage\":\"es\",\"@id\":\"https:\/\/www.nexoinformativo.mx\/#\/schema\/person\/image\/\",\"url\":\"https:\/\/secure.gravatar.com\/avatar\/dde2928154642a13d95f87ddf1ea9718fe2b46760a005c53e41ff5ad610704e6?s=96&d=mm&r=g\",\"contentUrl\":\"https:\/\/secure.gravatar.com\/avatar\/dde2928154642a13d95f87ddf1ea9718fe2b46760a005c53e41ff5ad610704e6?s=96&d=mm&r=g\",\"caption\":\"Nexo Informativo\"},\"url\":\"https:\/\/www.nexoinformativo.mx\/index.php\/author\/edicion\/\"}]}<\/script>\n<!-- \/ Yoast SEO plugin. -->","yoast_head_json":{"title":"Fallece persona en Juzgado C\u00edvico de Quer\u00e9taro tras detenci\u00f3n por falta administrativa | Nexo Informativo Santiago de Quer\u00e9taro","description":"Fallece persona en Juzgado C\u00edvico de Quer\u00e9taro tras detenci\u00f3n por falta administrativa","robots":{"index":"index","follow":"follow","max-snippet":"max-snippet:-1","max-image-preview":"max-image-preview:large","max-video-preview":"max-video-preview:-1"},"canonical":"https:\/\/www.nexoinformativo.mx\/index.php\/2024\/09\/03\/fallece-persona-en-juzgado-civico-de-queretaro-tras-detencion-por-falta-administrativa\/","og_locale":"es_MX","og_type":"article","og_title":"Fallece persona en Juzgado C\u00edvico de Quer\u00e9taro tras detenci\u00f3n por falta administrativa | Nexo Informativo Santiago de Quer\u00e9taro","og_description":"Fallece persona en Juzgado C\u00edvico de Quer\u00e9taro tras detenci\u00f3n por falta administrativa","og_url":"https:\/\/www.nexoinformativo.mx\/index.php\/2024\/09\/03\/fallece-persona-en-juzgado-civico-de-queretaro-tras-detencion-por-falta-administrativa\/","og_site_name":"Nexo Informativo Santiago de Quer\u00e9taro","article_publisher":"https:\/\/www.facebook.com\/people\/Nexo-Informativo\/61564066885511\/","article_published_time":"2024-09-04T01:00:29+00:00","article_modified_time":"2024-09-04T16:47:19+00:00","og_image":[{"width":800,"height":600,"url":"https:\/\/www.nexoinformativo.mx\/wp-content\/uploads\/2024\/09\/unnamed-7-e1725468247580.jpg","type":"image\/jpeg"}],"author":"Nexo Informativo","twitter_card":"summary_large_image","twitter_misc":{"Escrito por":"Nexo Informativo","Tiempo de lectura":"1 minuto"},"schema":{"@context":"https:\/\/schema.org","@graph":[{"@type":"Article","@id":"https:\/\/www.nexoinformativo.mx\/index.php\/2024\/09\/03\/fallece-persona-en-juzgado-civico-de-queretaro-tras-detencion-por-falta-administrativa\/#article","isPartOf":{"@id":"https:\/\/www.nexoinformativo.mx\/index.php\/2024\/09\/03\/fallece-persona-en-juzgado-civico-de-queretaro-tras-detencion-por-falta-administrativa\/"},"author":{"name":"Nexo Informativo","@id":"https:\/\/www.nexoinformativo.mx\/#\/schema\/person\/7749d380ba08c8ca00d7bc76fd907b7d"},"headline":"Fallece persona en Juzgado C\u00edvico de Quer\u00e9taro tras detenci\u00f3n por falta administrativa","datePublished":"2024-09-04T01:00:29+00:00","dateModified":"2024-09-04T16:47:19+00:00","mainEntityOfPage":{"@id":"https:\/\/www.nexoinformativo.mx\/index.php\/2024\/09\/03\/fallece-persona-en-juzgado-civico-de-queretaro-tras-detencion-por-falta-administrativa\/"},"wordCount":125,"commentCount":0,"publisher":{"@id":"https:\/\/www.nexoinformativo.mx\/#organization"},"image":{"@id":"https:\/\/www.nexoinformativo.mx\/index.php\/2024\/09\/03\/fallece-persona-en-juzgado-civico-de-queretaro-tras-detencion-por-falta-administrativa\/#primaryimage"},"thumbnailUrl":"https:\/\/www.nexoinformativo.mx\/wp-content\/uploads\/2024\/09\/unnamed-7-e1725468247580.jpg","keywords":["Fallecimiento","Justicia","Quer\u00e9taro","SeguridadP\u00fablica"],"articleSection":["Sucesos","\u00daltima Hora"],"inLanguage":"es","potentialAction":[{"@type":"CommentAction","name":"Comment","target":["https:\/\/www.nexoinformativo.mx\/index.php\/2024\/09\/03\/fallece-persona-en-juzgado-civico-de-queretaro-tras-detencion-por-falta-administrativa\/#respond"]}]},{"@type":"WebPage","@id":"https:\/\/www.nexoinformativo.mx\/index.php\/2024\/09\/03\/fallece-persona-en-juzgado-civico-de-queretaro-tras-detencion-por-falta-administrativa\/","url":"https:\/\/www.nexoinformativo.mx\/index.php\/2024\/09\/03\/fallece-persona-en-juzgado-civico-de-queretaro-tras-detencion-por-falta-administrativa\/","name":"Fallece persona en Juzgado C\u00edvico de Quer\u00e9taro tras detenci\u00f3n por falta administrativa | Nexo Informativo Santiago de Quer\u00e9taro","isPartOf":{"@id":"https:\/\/www.nexoinformativo.mx\/#website"},"primaryImageOfPage":{"@id":"https:\/\/www.nexoinformativo.mx\/index.php\/2024\/09\/03\/fallece-persona-en-juzgado-civico-de-queretaro-tras-detencion-por-falta-administrativa\/#primaryimage"},"image":{"@id":"https:\/\/www.nexoinformativo.mx\/index.php\/2024\/09\/03\/fallece-persona-en-juzgado-civico-de-queretaro-tras-detencion-por-falta-administrativa\/#primaryimage"},"thumbnailUrl":"https:\/\/www.nexoinformativo.mx\/wp-content\/uploads\/2024\/09\/unnamed-7-e1725468247580.jpg","datePublished":"2024-09-04T01:00:29+00:00","dateModified":"2024-09-04T16:47:19+00:00","description":"Fallece persona en Juzgado C\u00edvico de Quer\u00e9taro tras detenci\u00f3n por falta administrativa","breadcrumb":{"@id":"https:\/\/www.nexoinformativo.mx\/index.php\/2024\/09\/03\/fallece-persona-en-juzgado-civico-de-queretaro-tras-detencion-por-falta-administrativa\/#breadcrumb"},"inLanguage":"es","potentialAction":[{"@type":"ReadAction","target":["https:\/\/www.nexoinformativo.mx\/index.php\/2024\/09\/03\/fallece-persona-en-juzgado-civico-de-queretaro-tras-detencion-por-falta-administrativa\/"]}]},{"@type":"ImageObject","inLanguage":"es","@id":"https:\/\/www.nexoinformativo.mx\/index.php\/2024\/09\/03\/fallece-persona-en-juzgado-civico-de-queretaro-tras-detencion-por-falta-administrativa\/#primaryimage","url":"https:\/\/www.nexoinformativo.mx\/wp-content\/uploads\/2024\/09\/unnamed-7-e1725468247580.jpg","contentUrl":"https:\/\/www.nexoinformativo.mx\/wp-content\/uploads\/2024\/09\/unnamed-7-e1725468247580.jpg","width":800,"height":600},{"@type":"BreadcrumbList","@id":"https:\/\/www.nexoinformativo.mx\/index.php\/2024\/09\/03\/fallece-persona-en-juzgado-civico-de-queretaro-tras-detencion-por-falta-administrativa\/#breadcrumb","itemListElement":[{"@type":"ListItem","position":1,"name":"Inicio","item":"https:\/\/www.nexoinformativo.mx\/"},{"@type":"ListItem","position":2,"name":"Fallece persona en Juzgado C\u00edvico de Quer\u00e9taro tras detenci\u00f3n por falta administrativa"}]},{"@type":"WebSite","@id":"https:\/\/www.nexoinformativo.mx\/#website","url":"https:\/\/www.nexoinformativo.mx\/","name":"Nexo Informativo Santiago de Quer\u00e9taro","description":"Explora NexoInformativo y convi\u00e9rtete en parte de una comunidad que valora el conocimiento y la verdad. Tu nexoinformativo es tu puente hacia una comprensi\u00f3n m\u00e1s profunda del mundo que te rodea.","publisher":{"@id":"https:\/\/www.nexoinformativo.mx\/#organization"},"potentialAction":[{"@type":"SearchAction","target":{"@type":"EntryPoint","urlTemplate":"https:\/\/www.nexoinformativo.mx\/?s={search_term_string}"},"query-input":{"@type":"PropertyValueSpecification","valueRequired":true,"valueName":"search_term_string"}}],"inLanguage":"es"},{"@type":"Organization","@id":"https:\/\/www.nexoinformativo.mx\/#organization","name":"Nexo Informativo Santiago de Quer\u00e9taro","url":"https:\/\/www.nexoinformativo.mx\/","logo":{"@type":"ImageObject","inLanguage":"es","@id":"https:\/\/www.nexoinformativo.mx\/#\/schema\/logo\/image\/","url":"https:\/\/www.nexoinformativo.mx\/wp-content\/uploads\/2024\/07\/nexoi-trasparente-2.png","contentUrl":"https:\/\/www.nexoinformativo.mx\/wp-content\/uploads\/2024\/07\/nexoi-trasparente-2.png","width":816,"height":339,"caption":"Nexo Informativo Santiago de Quer\u00e9taro"},"image":{"@id":"https:\/\/www.nexoinformativo.mx\/#\/schema\/logo\/image\/"},"sameAs":["https:\/\/www.facebook.com\/people\/Nexo-Informativo\/61564066885511\/"]},{"@type":"Person","@id":"https:\/\/www.nexoinformativo.mx\/#\/schema\/person\/7749d380ba08c8ca00d7bc76fd907b7d","name":"Nexo Informativo","image":{"@type":"ImageObject","inLanguage":"es","@id":"https:\/\/www.nexoinformativo.mx\/#\/schema\/person\/image\/","url":"https:\/\/secure.gravatar.com\/avatar\/dde2928154642a13d95f87ddf1ea9718fe2b46760a005c53e41ff5ad610704e6?s=96&d=mm&r=g","contentUrl":"https:\/\/secure.gravatar.com\/avatar\/dde2928154642a13d95f87ddf1ea9718fe2b46760a005c53e41ff5ad610704e6?s=96&d=mm&r=g","caption":"Nexo Informativo"},"url":"https:\/\/www.nexoinformativo.mx\/index.php\/author\/edicion\/"}]}},"_links":{"self":[{"href":"https:\/\/www.nexoinformativo.mx\/index.php\/wp-json\/wp\/v2\/posts\/1548","targetHints":{"allow":["GET"]}}],"collection":[{"href":"https:\/\/www.nexoinformativo.mx\/index.php\/wp-json\/wp\/v2\/posts"}],"about":[{"href":"https:\/\/www.nexoinformativo.mx\/index.php\/wp-json\/wp\/v2\/types\/post"}],"author":[{"embeddable":true,"href":"https:\/\/www.nexoinformativo.mx\/index.php\/wp-json\/wp\/v2\/users\/3"}],"replies":[{"embeddable":true,"href":"https:\/\/www.nexoinformativo.mx\/index.php\/wp-json\/wp\/v2\/comments?post=1548"}],"version-history":[{"count":1,"href":"https:\/\/www.nexoinformativo.mx\/index.php\/wp-json\/wp\/v2\/posts\/1548\/revisions"}],"predecessor-version":[{"id":1550,"href":"https:\/\/www.nexoinformativo.mx\/index.php\/wp-json\/wp\/v2\/posts\/1548\/revisions\/1550"}],"wp:featuredmedia":[{"embeddable":true,"href":"https:\/\/www.nexoinformativo.mx\/index.php\/wp-json\/wp\/v2\/media\/1549"}],"wp:attachment":[{"href":"https:\/\/www.nexoinformativo.mx\/index.php\/wp-json\/wp\/v2\/media?parent=1548"}],"wp:term":[{"taxonomy":"category","embeddable":true,"href":"https:\/\/www.nexoinformativo.mx\/index.php\/wp-json\/wp\/v2\/categories?post=1548"},{"taxonomy":"post_tag","embeddable":true,"href":"https:\/\/www.nexoinformativo.mx\/index.php\/wp-json\/wp\/v2\/tags?post=1548"}],"curies":[{"name":"wp","href":"https:\/\/api.w.org\/{rel}","templated":true}]}}