{"id":15480,"date":"2025-06-01T15:00:54","date_gmt":"2025-06-01T21:00:54","guid":{"rendered":"https:\/\/www.nexoinformativo.mx\/?p=15480"},"modified":"2025-06-01T22:41:16","modified_gmt":"2025-06-02T04:41:16","slug":"queretaro-sin-incidentes-en-la-votacion-del-poder-judicial-destaca-la-seguridad-electoral","status":"publish","type":"post","link":"https:\/\/www.nexoinformativo.mx\/index.php\/2025\/06\/01\/queretaro-sin-incidentes-en-la-votacion-del-poder-judicial-destaca-la-seguridad-electoral\/","title":{"rendered":"Quer\u00e9taro sin incidentes en la votaci\u00f3n del Poder Judicial destaca la seguridad electoral"},"content":{"rendered":"<p style=\"text-align: justify;\" data-sourcepos=\"5:1-5:343\">La jornada electoral extraordinaria para renovar los cargos del Poder Judicial Federal en Quer\u00e9taro se llev\u00f3 a cabo este domingo sin incidentes, pero con una baja participaci\u00f3n ciudadana. A pesar de la poca afluencia, las autoridades electorales destacaron la tranquilidad y seguridad del proceso.<\/p>\n<p>&nbsp;<\/p>\n<p style=\"text-align: justify;\" data-sourcepos=\"11:1-11:372\">Ana Lilia P\u00e9rez Mendoza, vocal ejecutiva del INE en Quer\u00e9taro, inform\u00f3 durante la sesi\u00f3n extraordinaria de consejo que la jornada transcurri\u00f3 en completa calma.<\/p>\n<p>&nbsp;<\/p>\n<p style=\"text-align: justify;\" data-sourcepos=\"11:1-11:372\">&#8220;Hemos tenido una jornada electoral en calma, con afluencia permanente en nuestras casillas, de poca ciudadan\u00eda, pero permanente, sin ning\u00fan incidente que lamentar, con absoluta seguridad\u201d, se\u00f1al\u00f3 P\u00e9rez Mendoza.<\/p>\n<p>&nbsp;<\/p>\n<p style=\"text-align: justify;\" data-sourcepos=\"13:1-13:210\">Para calcular la participaci\u00f3n, se tom\u00f3 una muestra de 26 casillas a trav\u00e9s del sistema de informaci\u00f3n de la jornada electoral. La vocal ejecutiva a\u00f1adi\u00f3 que todo el proceso se desarroll\u00f3 sin mayores problemas.<\/p>\n<p>&nbsp;<\/p>\n<p style=\"text-align: justify;\" data-sourcepos=\"17:1-17:320\">En el estado de Quer\u00e9taro se instalaron mil 378 casillas, y cerca de 12 mil personas participaron como funcionarios de casilla. De los 1.9 millones de personas registradas para votar, se recibieron 132 votos anticipados, que fueron destinados a ministras y ministros de la Suprema Corte de Justicia de la Naci\u00f3n.<\/p>\n<p>&nbsp;<\/p>\n<p style=\"text-align: justify;\" data-sourcepos=\"23:1-23:314\">Por su parte, el secretario de Gobierno del Estado, Carlos Alcaraz, confirm\u00f3 que la jornada electoral se desarroll\u00f3 con un \u201csaldo blanco\u201d, sin ning\u00fan incidente que requiera investigaci\u00f3n. Esto fue posible gracias a un operativo conjunto de los tres niveles de gobierno que garantiz\u00f3 la paz durante todo el proceso.<\/p>\n<p>&nbsp;<\/p>\n<p style=\"text-align: justify;\" data-sourcepos=\"25:1-25:180\">\u201cHa habido un saldo blanco, ninguna incidencia ante las instancias federales, no hay una denuncia o alg\u00fan hecho que tenga que ser investigado durante esta jornada\u201d, afirm\u00f3 Alcaraz.<\/p>\n<p>&nbsp;<\/p>\n<p style=\"text-align: justify;\" data-sourcepos=\"27:1-27:374\">El funcionario agradeci\u00f3 a los ciudadanos por su participaci\u00f3n, que una vez m\u00e1s convierte a Quer\u00e9taro en un referente democr\u00e1tico por la manera en que se llevan a cabo las votaciones.<\/p>\n<p>&nbsp;<\/p>\n<p style=\"text-align: justify;\" data-sourcepos=\"27:1-27:374\">&#8220;Nuevamente Quer\u00e9taro se convierte en un referente democr\u00e1tico de c\u00f3mo se llevan a cabo las participaci\u00f3n&#8221;, concluy\u00f3, reconociendo el trabajo del INE por organizar y conducir el proceso.<\/p>\n<p>&nbsp;<\/p>\n<p style=\"text-align: center;\" data-sourcepos=\"27:1-27:374\"><em><strong>\u00a1Informaci\u00f3n que transforma!<\/strong><\/em><\/p>\n","protected":false},"excerpt":{"rendered":"<p>La jornada electoral extraordinaria para renovar los cargos del Poder Judicial Federal en Quer\u00e9taro se llev\u00f3 a cabo este domingo sin incidentes, pero con una baja participaci\u00f3n ciudadana. A pesar de la poca afluencia, las autoridades electorales destacaron la tranquilidad y seguridad del proceso.<\/p>\n","protected":false},"author":3,"featured_media":15482,"comment_status":"open","ping_status":"open","sticky":false,"template":"","format":"standard","meta":{"footnotes":""},"categories":[42,58],"tags":[386,4655,534,4654],"class_list":["post-15480","post","type-post","status-publish","format-standard","has-post-thumbnail","hentry","category-estado","category-ultima-hora","tag-eleccionesqueretaro","tag-ineqro","tag-poderjudicial","tag-queretarodemocratico"],"yoast_head":"<!-- This site is optimized with the Yoast SEO plugin v25.0 - https:\/\/yoast.com\/wordpress\/plugins\/seo\/ -->\n<title>Quer\u00e9taro sin incidentes en la votaci\u00f3n del Poder Judicial destaca la seguridad electoral | Nexo Informativo Santiago de Quer\u00e9taro<\/title>\n<meta name=\"description\" content=\"Quer\u00e9taro sin incidentes en la votaci\u00f3n del Poder Judicial destaca la seguridad electoral\" \/>\n<meta name=\"robots\" content=\"index, follow, max-snippet:-1, max-image-preview:large, max-video-preview:-1\" \/>\n<link rel=\"canonical\" href=\"https:\/\/www.nexoinformativo.mx\/index.php\/2025\/06\/01\/queretaro-sin-incidentes-en-la-votacion-del-poder-judicial-destaca-la-seguridad-electoral\/\" \/>\n<meta property=\"og:locale\" content=\"es_MX\" \/>\n<meta property=\"og:type\" content=\"article\" \/>\n<meta property=\"og:title\" content=\"Quer\u00e9taro sin incidentes en la votaci\u00f3n del Poder Judicial destaca la seguridad electoral | Nexo Informativo Santiago de Quer\u00e9taro\" \/>\n<meta property=\"og:description\" content=\"Quer\u00e9taro sin incidentes en la votaci\u00f3n del Poder Judicial destaca la seguridad electoral\" \/>\n<meta property=\"og:url\" content=\"https:\/\/www.nexoinformativo.mx\/index.php\/2025\/06\/01\/queretaro-sin-incidentes-en-la-votacion-del-poder-judicial-destaca-la-seguridad-electoral\/\" \/>\n<meta property=\"og:site_name\" content=\"Nexo Informativo Santiago de Quer\u00e9taro\" \/>\n<meta property=\"article:publisher\" content=\"https:\/\/www.facebook.com\/people\/Nexo-Informativo\/61564066885511\/\" \/>\n<meta property=\"article:published_time\" content=\"2025-06-01T21:00:54+00:00\" \/>\n<meta property=\"article:modified_time\" content=\"2025-06-02T04:41:16+00:00\" \/>\n<meta property=\"og:image\" content=\"https:\/\/www.nexoinformativo.mx\/wp-content\/uploads\/2025\/06\/IMG_3609-e1748839242750.jpg\" \/>\n\t<meta property=\"og:image:width\" content=\"800\" \/>\n\t<meta property=\"og:image:height\" content=\"721\" \/>\n\t<meta property=\"og:image:type\" content=\"image\/jpeg\" \/>\n<meta name=\"author\" content=\"Nexo Informativo\" \/>\n<meta name=\"twitter:card\" content=\"summary_large_image\" \/>\n<meta name=\"twitter:label1\" content=\"Escrito por\" \/>\n\t<meta name=\"twitter:data1\" content=\"Nexo Informativo\" \/>\n\t<meta name=\"twitter:label2\" content=\"Tiempo de lectura\" \/>\n\t<meta name=\"twitter:data2\" content=\"2 minutos\" \/>\n<script type=\"application\/ld+json\" class=\"yoast-schema-graph\">{\"@context\":\"https:\/\/schema.org\",\"@graph\":[{\"@type\":\"Article\",\"@id\":\"https:\/\/www.nexoinformativo.mx\/index.php\/2025\/06\/01\/queretaro-sin-incidentes-en-la-votacion-del-poder-judicial-destaca-la-seguridad-electoral\/#article\",\"isPartOf\":{\"@id\":\"https:\/\/www.nexoinformativo.mx\/index.php\/2025\/06\/01\/queretaro-sin-incidentes-en-la-votacion-del-poder-judicial-destaca-la-seguridad-electoral\/\"},\"author\":{\"name\":\"Nexo Informativo\",\"@id\":\"https:\/\/www.nexoinformativo.mx\/#\/schema\/person\/7749d380ba08c8ca00d7bc76fd907b7d\"},\"headline\":\"Quer\u00e9taro sin incidentes en la votaci\u00f3n del Poder Judicial destaca la seguridad electoral\",\"datePublished\":\"2025-06-01T21:00:54+00:00\",\"dateModified\":\"2025-06-02T04:41:16+00:00\",\"mainEntityOfPage\":{\"@id\":\"https:\/\/www.nexoinformativo.mx\/index.php\/2025\/06\/01\/queretaro-sin-incidentes-en-la-votacion-del-poder-judicial-destaca-la-seguridad-electoral\/\"},\"wordCount\":368,\"commentCount\":0,\"publisher\":{\"@id\":\"https:\/\/www.nexoinformativo.mx\/#organization\"},\"image\":{\"@id\":\"https:\/\/www.nexoinformativo.mx\/index.php\/2025\/06\/01\/queretaro-sin-incidentes-en-la-votacion-del-poder-judicial-destaca-la-seguridad-electoral\/#primaryimage\"},\"thumbnailUrl\":\"https:\/\/www.nexoinformativo.mx\/wp-content\/uploads\/2025\/06\/IMG_3609-e1748839242750.jpg\",\"keywords\":[\"EleccionesQuer\u00e9taro\",\"INEQro\",\"PoderJudicial\",\"Quer\u00e9taroDemocr\u00e1tico\"],\"articleSection\":[\"Estado\",\"\u00daltima Hora\"],\"inLanguage\":\"es\",\"potentialAction\":[{\"@type\":\"CommentAction\",\"name\":\"Comment\",\"target\":[\"https:\/\/www.nexoinformativo.mx\/index.php\/2025\/06\/01\/queretaro-sin-incidentes-en-la-votacion-del-poder-judicial-destaca-la-seguridad-electoral\/#respond\"]}]},{\"@type\":\"WebPage\",\"@id\":\"https:\/\/www.nexoinformativo.mx\/index.php\/2025\/06\/01\/queretaro-sin-incidentes-en-la-votacion-del-poder-judicial-destaca-la-seguridad-electoral\/\",\"url\":\"https:\/\/www.nexoinformativo.mx\/index.php\/2025\/06\/01\/queretaro-sin-incidentes-en-la-votacion-del-poder-judicial-destaca-la-seguridad-electoral\/\",\"name\":\"Quer\u00e9taro sin incidentes en la votaci\u00f3n del Poder Judicial destaca la seguridad electoral | Nexo Informativo Santiago de Quer\u00e9taro\",\"isPartOf\":{\"@id\":\"https:\/\/www.nexoinformativo.mx\/#website\"},\"primaryImageOfPage\":{\"@id\":\"https:\/\/www.nexoinformativo.mx\/index.php\/2025\/06\/01\/queretaro-sin-incidentes-en-la-votacion-del-poder-judicial-destaca-la-seguridad-electoral\/#primaryimage\"},\"image\":{\"@id\":\"https:\/\/www.nexoinformativo.mx\/index.php\/2025\/06\/01\/queretaro-sin-incidentes-en-la-votacion-del-poder-judicial-destaca-la-seguridad-electoral\/#primaryimage\"},\"thumbnailUrl\":\"https:\/\/www.nexoinformativo.mx\/wp-content\/uploads\/2025\/06\/IMG_3609-e1748839242750.jpg\",\"datePublished\":\"2025-06-01T21:00:54+00:00\",\"dateModified\":\"2025-06-02T04:41:16+00:00\",\"description\":\"Quer\u00e9taro sin incidentes en la votaci\u00f3n del Poder Judicial destaca la seguridad electoral\",\"breadcrumb\":{\"@id\":\"https:\/\/www.nexoinformativo.mx\/index.php\/2025\/06\/01\/queretaro-sin-incidentes-en-la-votacion-del-poder-judicial-destaca-la-seguridad-electoral\/#breadcrumb\"},\"inLanguage\":\"es\",\"potentialAction\":[{\"@type\":\"ReadAction\",\"target\":[\"https:\/\/www.nexoinformativo.mx\/index.php\/2025\/06\/01\/queretaro-sin-incidentes-en-la-votacion-del-poder-judicial-destaca-la-seguridad-electoral\/\"]}]},{\"@type\":\"ImageObject\",\"inLanguage\":\"es\",\"@id\":\"https:\/\/www.nexoinformativo.mx\/index.php\/2025\/06\/01\/queretaro-sin-incidentes-en-la-votacion-del-poder-judicial-destaca-la-seguridad-electoral\/#primaryimage\",\"url\":\"https:\/\/www.nexoinformativo.mx\/wp-content\/uploads\/2025\/06\/IMG_3609-e1748839242750.jpg\",\"contentUrl\":\"https:\/\/www.nexoinformativo.mx\/wp-content\/uploads\/2025\/06\/IMG_3609-e1748839242750.jpg\",\"width\":800,\"height\":721},{\"@type\":\"BreadcrumbList\",\"@id\":\"https:\/\/www.nexoinformativo.mx\/index.php\/2025\/06\/01\/queretaro-sin-incidentes-en-la-votacion-del-poder-judicial-destaca-la-seguridad-electoral\/#breadcrumb\",\"itemListElement\":[{\"@type\":\"ListItem\",\"position\":1,\"name\":\"Inicio\",\"item\":\"https:\/\/www.nexoinformativo.mx\/\"},{\"@type\":\"ListItem\",\"position\":2,\"name\":\"Quer\u00e9taro sin incidentes en la votaci\u00f3n del Poder Judicial destaca la seguridad electoral\"}]},{\"@type\":\"WebSite\",\"@id\":\"https:\/\/www.nexoinformativo.mx\/#website\",\"url\":\"https:\/\/www.nexoinformativo.mx\/\",\"name\":\"Nexo Informativo Santiago de Quer\u00e9taro\",\"description\":\"Explora NexoInformativo y convi\u00e9rtete en parte de una comunidad que valora el conocimiento y la verdad. Tu nexoinformativo es tu puente hacia una comprensi\u00f3n m\u00e1s profunda del mundo que te rodea.\",\"publisher\":{\"@id\":\"https:\/\/www.nexoinformativo.mx\/#organization\"},\"potentialAction\":[{\"@type\":\"SearchAction\",\"target\":{\"@type\":\"EntryPoint\",\"urlTemplate\":\"https:\/\/www.nexoinformativo.mx\/?s={search_term_string}\"},\"query-input\":{\"@type\":\"PropertyValueSpecification\",\"valueRequired\":true,\"valueName\":\"search_term_string\"}}],\"inLanguage\":\"es\"},{\"@type\":\"Organization\",\"@id\":\"https:\/\/www.nexoinformativo.mx\/#organization\",\"name\":\"Nexo Informativo Santiago de Quer\u00e9taro\",\"url\":\"https:\/\/www.nexoinformativo.mx\/\",\"logo\":{\"@type\":\"ImageObject\",\"inLanguage\":\"es\",\"@id\":\"https:\/\/www.nexoinformativo.mx\/#\/schema\/logo\/image\/\",\"url\":\"https:\/\/www.nexoinformativo.mx\/wp-content\/uploads\/2024\/07\/nexoi-trasparente-2.png\",\"contentUrl\":\"https:\/\/www.nexoinformativo.mx\/wp-content\/uploads\/2024\/07\/nexoi-trasparente-2.png\",\"width\":816,\"height\":339,\"caption\":\"Nexo Informativo Santiago de Quer\u00e9taro\"},\"image\":{\"@id\":\"https:\/\/www.nexoinformativo.mx\/#\/schema\/logo\/image\/\"},\"sameAs\":[\"https:\/\/www.facebook.com\/people\/Nexo-Informativo\/61564066885511\/\"]},{\"@type\":\"Person\",\"@id\":\"https:\/\/www.nexoinformativo.mx\/#\/schema\/person\/7749d380ba08c8ca00d7bc76fd907b7d\",\"name\":\"Nexo Informativo\",\"image\":{\"@type\":\"ImageObject\",\"inLanguage\":\"es\",\"@id\":\"https:\/\/www.nexoinformativo.mx\/#\/schema\/person\/image\/\",\"url\":\"https:\/\/secure.gravatar.com\/avatar\/dde2928154642a13d95f87ddf1ea9718fe2b46760a005c53e41ff5ad610704e6?s=96&d=mm&r=g\",\"contentUrl\":\"https:\/\/secure.gravatar.com\/avatar\/dde2928154642a13d95f87ddf1ea9718fe2b46760a005c53e41ff5ad610704e6?s=96&d=mm&r=g\",\"caption\":\"Nexo Informativo\"},\"url\":\"https:\/\/www.nexoinformativo.mx\/index.php\/author\/edicion\/\"}]}<\/script>\n<!-- \/ Yoast SEO plugin. -->","yoast_head_json":{"title":"Quer\u00e9taro sin incidentes en la votaci\u00f3n del Poder Judicial destaca la seguridad electoral | Nexo Informativo Santiago de Quer\u00e9taro","description":"Quer\u00e9taro sin incidentes en la votaci\u00f3n del Poder Judicial destaca la seguridad electoral","robots":{"index":"index","follow":"follow","max-snippet":"max-snippet:-1","max-image-preview":"max-image-preview:large","max-video-preview":"max-video-preview:-1"},"canonical":"https:\/\/www.nexoinformativo.mx\/index.php\/2025\/06\/01\/queretaro-sin-incidentes-en-la-votacion-del-poder-judicial-destaca-la-seguridad-electoral\/","og_locale":"es_MX","og_type":"article","og_title":"Quer\u00e9taro sin incidentes en la votaci\u00f3n del Poder Judicial destaca la seguridad electoral | Nexo Informativo Santiago de Quer\u00e9taro","og_description":"Quer\u00e9taro sin incidentes en la votaci\u00f3n del Poder Judicial destaca la seguridad electoral","og_url":"https:\/\/www.nexoinformativo.mx\/index.php\/2025\/06\/01\/queretaro-sin-incidentes-en-la-votacion-del-poder-judicial-destaca-la-seguridad-electoral\/","og_site_name":"Nexo Informativo Santiago de Quer\u00e9taro","article_publisher":"https:\/\/www.facebook.com\/people\/Nexo-Informativo\/61564066885511\/","article_published_time":"2025-06-01T21:00:54+00:00","article_modified_time":"2025-06-02T04:41:16+00:00","og_image":[{"width":800,"height":721,"url":"https:\/\/www.nexoinformativo.mx\/wp-content\/uploads\/2025\/06\/IMG_3609-e1748839242750.jpg","type":"image\/jpeg"}],"author":"Nexo Informativo","twitter_card":"summary_large_image","twitter_misc":{"Escrito por":"Nexo Informativo","Tiempo de lectura":"2 minutos"},"schema":{"@context":"https:\/\/schema.org","@graph":[{"@type":"Article","@id":"https:\/\/www.nexoinformativo.mx\/index.php\/2025\/06\/01\/queretaro-sin-incidentes-en-la-votacion-del-poder-judicial-destaca-la-seguridad-electoral\/#article","isPartOf":{"@id":"https:\/\/www.nexoinformativo.mx\/index.php\/2025\/06\/01\/queretaro-sin-incidentes-en-la-votacion-del-poder-judicial-destaca-la-seguridad-electoral\/"},"author":{"name":"Nexo Informativo","@id":"https:\/\/www.nexoinformativo.mx\/#\/schema\/person\/7749d380ba08c8ca00d7bc76fd907b7d"},"headline":"Quer\u00e9taro sin incidentes en la votaci\u00f3n del Poder Judicial destaca la seguridad electoral","datePublished":"2025-06-01T21:00:54+00:00","dateModified":"2025-06-02T04:41:16+00:00","mainEntityOfPage":{"@id":"https:\/\/www.nexoinformativo.mx\/index.php\/2025\/06\/01\/queretaro-sin-incidentes-en-la-votacion-del-poder-judicial-destaca-la-seguridad-electoral\/"},"wordCount":368,"commentCount":0,"publisher":{"@id":"https:\/\/www.nexoinformativo.mx\/#organization"},"image":{"@id":"https:\/\/www.nexoinformativo.mx\/index.php\/2025\/06\/01\/queretaro-sin-incidentes-en-la-votacion-del-poder-judicial-destaca-la-seguridad-electoral\/#primaryimage"},"thumbnailUrl":"https:\/\/www.nexoinformativo.mx\/wp-content\/uploads\/2025\/06\/IMG_3609-e1748839242750.jpg","keywords":["EleccionesQuer\u00e9taro","INEQro","PoderJudicial","Quer\u00e9taroDemocr\u00e1tico"],"articleSection":["Estado","\u00daltima Hora"],"inLanguage":"es","potentialAction":[{"@type":"CommentAction","name":"Comment","target":["https:\/\/www.nexoinformativo.mx\/index.php\/2025\/06\/01\/queretaro-sin-incidentes-en-la-votacion-del-poder-judicial-destaca-la-seguridad-electoral\/#respond"]}]},{"@type":"WebPage","@id":"https:\/\/www.nexoinformativo.mx\/index.php\/2025\/06\/01\/queretaro-sin-incidentes-en-la-votacion-del-poder-judicial-destaca-la-seguridad-electoral\/","url":"https:\/\/www.nexoinformativo.mx\/index.php\/2025\/06\/01\/queretaro-sin-incidentes-en-la-votacion-del-poder-judicial-destaca-la-seguridad-electoral\/","name":"Quer\u00e9taro sin incidentes en la votaci\u00f3n del Poder Judicial destaca la seguridad electoral | Nexo Informativo Santiago de Quer\u00e9taro","isPartOf":{"@id":"https:\/\/www.nexoinformativo.mx\/#website"},"primaryImageOfPage":{"@id":"https:\/\/www.nexoinformativo.mx\/index.php\/2025\/06\/01\/queretaro-sin-incidentes-en-la-votacion-del-poder-judicial-destaca-la-seguridad-electoral\/#primaryimage"},"image":{"@id":"https:\/\/www.nexoinformativo.mx\/index.php\/2025\/06\/01\/queretaro-sin-incidentes-en-la-votacion-del-poder-judicial-destaca-la-seguridad-electoral\/#primaryimage"},"thumbnailUrl":"https:\/\/www.nexoinformativo.mx\/wp-content\/uploads\/2025\/06\/IMG_3609-e1748839242750.jpg","datePublished":"2025-06-01T21:00:54+00:00","dateModified":"2025-06-02T04:41:16+00:00","description":"Quer\u00e9taro sin incidentes en la votaci\u00f3n del Poder Judicial destaca la seguridad electoral","breadcrumb":{"@id":"https:\/\/www.nexoinformativo.mx\/index.php\/2025\/06\/01\/queretaro-sin-incidentes-en-la-votacion-del-poder-judicial-destaca-la-seguridad-electoral\/#breadcrumb"},"inLanguage":"es","potentialAction":[{"@type":"ReadAction","target":["https:\/\/www.nexoinformativo.mx\/index.php\/2025\/06\/01\/queretaro-sin-incidentes-en-la-votacion-del-poder-judicial-destaca-la-seguridad-electoral\/"]}]},{"@type":"ImageObject","inLanguage":"es","@id":"https:\/\/www.nexoinformativo.mx\/index.php\/2025\/06\/01\/queretaro-sin-incidentes-en-la-votacion-del-poder-judicial-destaca-la-seguridad-electoral\/#primaryimage","url":"https:\/\/www.nexoinformativo.mx\/wp-content\/uploads\/2025\/06\/IMG_3609-e1748839242750.jpg","contentUrl":"https:\/\/www.nexoinformativo.mx\/wp-content\/uploads\/2025\/06\/IMG_3609-e1748839242750.jpg","width":800,"height":721},{"@type":"BreadcrumbList","@id":"https:\/\/www.nexoinformativo.mx\/index.php\/2025\/06\/01\/queretaro-sin-incidentes-en-la-votacion-del-poder-judicial-destaca-la-seguridad-electoral\/#breadcrumb","itemListElement":[{"@type":"ListItem","position":1,"name":"Inicio","item":"https:\/\/www.nexoinformativo.mx\/"},{"@type":"ListItem","position":2,"name":"Quer\u00e9taro sin incidentes en la votaci\u00f3n del Poder Judicial destaca la seguridad electoral"}]},{"@type":"WebSite","@id":"https:\/\/www.nexoinformativo.mx\/#website","url":"https:\/\/www.nexoinformativo.mx\/","name":"Nexo Informativo Santiago de Quer\u00e9taro","description":"Explora NexoInformativo y convi\u00e9rtete en parte de una comunidad que valora el conocimiento y la verdad. Tu nexoinformativo es tu puente hacia una comprensi\u00f3n m\u00e1s profunda del mundo que te rodea.","publisher":{"@id":"https:\/\/www.nexoinformativo.mx\/#organization"},"potentialAction":[{"@type":"SearchAction","target":{"@type":"EntryPoint","urlTemplate":"https:\/\/www.nexoinformativo.mx\/?s={search_term_string}"},"query-input":{"@type":"PropertyValueSpecification","valueRequired":true,"valueName":"search_term_string"}}],"inLanguage":"es"},{"@type":"Organization","@id":"https:\/\/www.nexoinformativo.mx\/#organization","name":"Nexo Informativo Santiago de Quer\u00e9taro","url":"https:\/\/www.nexoinformativo.mx\/","logo":{"@type":"ImageObject","inLanguage":"es","@id":"https:\/\/www.nexoinformativo.mx\/#\/schema\/logo\/image\/","url":"https:\/\/www.nexoinformativo.mx\/wp-content\/uploads\/2024\/07\/nexoi-trasparente-2.png","contentUrl":"https:\/\/www.nexoinformativo.mx\/wp-content\/uploads\/2024\/07\/nexoi-trasparente-2.png","width":816,"height":339,"caption":"Nexo Informativo Santiago de Quer\u00e9taro"},"image":{"@id":"https:\/\/www.nexoinformativo.mx\/#\/schema\/logo\/image\/"},"sameAs":["https:\/\/www.facebook.com\/people\/Nexo-Informativo\/61564066885511\/"]},{"@type":"Person","@id":"https:\/\/www.nexoinformativo.mx\/#\/schema\/person\/7749d380ba08c8ca00d7bc76fd907b7d","name":"Nexo Informativo","image":{"@type":"ImageObject","inLanguage":"es","@id":"https:\/\/www.nexoinformativo.mx\/#\/schema\/person\/image\/","url":"https:\/\/secure.gravatar.com\/avatar\/dde2928154642a13d95f87ddf1ea9718fe2b46760a005c53e41ff5ad610704e6?s=96&d=mm&r=g","contentUrl":"https:\/\/secure.gravatar.com\/avatar\/dde2928154642a13d95f87ddf1ea9718fe2b46760a005c53e41ff5ad610704e6?s=96&d=mm&r=g","caption":"Nexo Informativo"},"url":"https:\/\/www.nexoinformativo.mx\/index.php\/author\/edicion\/"}]}},"_links":{"self":[{"href":"https:\/\/www.nexoinformativo.mx\/index.php\/wp-json\/wp\/v2\/posts\/15480","targetHints":{"allow":["GET"]}}],"collection":[{"href":"https:\/\/www.nexoinformativo.mx\/index.php\/wp-json\/wp\/v2\/posts"}],"about":[{"href":"https:\/\/www.nexoinformativo.mx\/index.php\/wp-json\/wp\/v2\/types\/post"}],"author":[{"embeddable":true,"href":"https:\/\/www.nexoinformativo.mx\/index.php\/wp-json\/wp\/v2\/users\/3"}],"replies":[{"embeddable":true,"href":"https:\/\/www.nexoinformativo.mx\/index.php\/wp-json\/wp\/v2\/comments?post=15480"}],"version-history":[{"count":3,"href":"https:\/\/www.nexoinformativo.mx\/index.php\/wp-json\/wp\/v2\/posts\/15480\/revisions"}],"predecessor-version":[{"id":15483,"href":"https:\/\/www.nexoinformativo.mx\/index.php\/wp-json\/wp\/v2\/posts\/15480\/revisions\/15483"}],"wp:featuredmedia":[{"embeddable":true,"href":"https:\/\/www.nexoinformativo.mx\/index.php\/wp-json\/wp\/v2\/media\/15482"}],"wp:attachment":[{"href":"https:\/\/www.nexoinformativo.mx\/index.php\/wp-json\/wp\/v2\/media?parent=15480"}],"wp:term":[{"taxonomy":"category","embeddable":true,"href":"https:\/\/www.nexoinformativo.mx\/index.php\/wp-json\/wp\/v2\/categories?post=15480"},{"taxonomy":"post_tag","embeddable":true,"href":"https:\/\/www.nexoinformativo.mx\/index.php\/wp-json\/wp\/v2\/tags?post=15480"}],"curies":[{"name":"wp","href":"https:\/\/api.w.org\/{rel}","templated":true}]}}