{"id":15491,"date":"2025-06-02T06:30:06","date_gmt":"2025-06-02T12:30:06","guid":{"rendered":"https:\/\/www.nexoinformativo.mx\/?p=15491"},"modified":"2025-06-02T08:10:11","modified_gmt":"2025-06-02T14:10:11","slug":"maestros-convocados-sep-impulsa-un-nuevo-sistema-docente-y-elimina-usicamm","status":"publish","type":"post","link":"https:\/\/www.nexoinformativo.mx\/index.php\/2025\/06\/02\/maestros-convocados-sep-impulsa-un-nuevo-sistema-docente-y-elimina-usicamm\/","title":{"rendered":"Maestros convocados SEP impulsa un nuevo sistema docente y elimina Usicamm"},"content":{"rendered":"<p style=\"text-align: justify;\" data-sourcepos=\"5:1-5:464\">El secretario de Educaci\u00f3n P\u00fablica, Mario Delgado, ha lanzado una importante convocatoria a las y los maestros de todo el pa\u00eds: participar activamente en una consulta &#8220;escuela por escuela&#8221; para construir un nuevo sistema de contrataci\u00f3n y promoci\u00f3n docente.<\/p>\n<p>&nbsp;<\/p>\n<p style=\"text-align: justify;\" data-sourcepos=\"5:1-5:464\">Esta iniciativa cumple el compromiso de la Presidenta Sheinbaum de eliminar la Unidad para el Sistema de la Carrera de las Maestras y los Maestros (Usicamm)..<\/p>\n<p>&nbsp;<\/p>\n<p style=\"text-align: justify;\" data-sourcepos=\"13:1-13:184\">El secretario asegur\u00f3 que cada propuesta recibida ser\u00e1 fundamental para este cambio hist\u00f3rico, donde el magisterio ser\u00e1 protagonista de las decisiones que impactan su vida profesional.<\/p>\n<p>&nbsp;<\/p>\n<p style=\"text-align: justify;\" data-sourcepos=\"19:1-19:417\">Delgado tambi\u00e9n destac\u00f3 las buenas noticias para el sector educativo. Resalt\u00f3 el incremento salarial hist\u00f3rico del 9%, retroactivo a enero, que alcanzar\u00e1 el 10% en septiembre, anunciado por la Presidenta Sheinbaum en el D\u00eda de la Maestra y el Maestro.<\/p>\n<p>&nbsp;<\/p>\n<p style=\"text-align: justify;\" data-sourcepos=\"21:1-21:220\">Adem\u00e1s, como un reconocimiento adicional, la Presidenta otorg\u00f3 una semana extra de vacaciones al magisterio. Por ello, el pr\u00f3ximo ciclo escolar iniciar\u00e1 un poco m\u00e1s tarde de lo habitual, el lunes 1 de septiembre.<\/p>\n<p>&nbsp;<\/p>\n<p style=\"text-align: justify;\" data-sourcepos=\"27:1-27:456\">El titular de la SEP subray\u00f3 la relevancia de los Consejos T\u00e9cnicos Escolares (CTE) como comunidades de aprendizaje y reflexi\u00f3n pedag\u00f3gica. Insisti\u00f3 en que estos espacios deben fortalecerse para que docentes reflexionen juntos y mejoren los procesos de ense\u00f1anza y aprendizaje.<\/p>\n<p>&nbsp;<\/p>\n<p style=\"text-align: justify;\" data-sourcepos=\"29:1-29:312\">En sinton\u00eda con el Plan de Estudio 2022, que integra la igualdad de g\u00e9nero, la sesi\u00f3n del CTE abordar\u00e1 un tema crucial: la violencia contra las mujeres y sus diversas manifestaciones. El objetivo es conectar la vida diaria con los contenidos educativos y desarrollar proyectos escolares que promuevan la equidad.<\/p>\n<p>&nbsp;<\/p>\n<p style=\"text-align: center;\" data-sourcepos=\"29:1-29:312\"><em><strong>\u00a1Informaci\u00f3n que transforma!<\/strong><\/em><\/p>\n","protected":false},"excerpt":{"rendered":"<p>El secretario de Educaci\u00f3n P\u00fablica, Mario Delgado, ha lanzado una importante convocatoria a las y los maestros de todo el pa\u00eds: participar activamente en una consulta &#8220;escuela por escuela&#8221; para construir un nuevo sistema de contrataci\u00f3n y promoci\u00f3n docente.<\/p>\n","protected":false},"author":3,"featured_media":15492,"comment_status":"open","ping_status":"open","sticky":false,"template":"","format":"standard","meta":{"footnotes":""},"categories":[88,58],"tags":[1597,4657,4658,538],"class_list":["post-15491","post","type-post","status-publish","format-standard","has-post-thumbnail","hentry","category-nacional","category-ultima-hora","tag-docentes","tag-magisterio","tag-nuevaeducacion","tag-sep"],"yoast_head":"<!-- This site is optimized with the Yoast SEO plugin v25.0 - https:\/\/yoast.com\/wordpress\/plugins\/seo\/ -->\n<title>Maestros convocados SEP impulsa un nuevo sistema docente y elimina Usicamm | Nexo Informativo Santiago de Quer\u00e9taro<\/title>\n<meta name=\"robots\" content=\"index, follow, max-snippet:-1, max-image-preview:large, max-video-preview:-1\" \/>\n<link rel=\"canonical\" href=\"https:\/\/www.nexoinformativo.mx\/index.php\/2025\/06\/02\/maestros-convocados-sep-impulsa-un-nuevo-sistema-docente-y-elimina-usicamm\/\" \/>\n<meta property=\"og:locale\" content=\"es_MX\" \/>\n<meta property=\"og:type\" content=\"article\" \/>\n<meta property=\"og:title\" content=\"Maestros convocados SEP impulsa un nuevo sistema docente y elimina Usicamm | Nexo Informativo Santiago de Quer\u00e9taro\" \/>\n<meta property=\"og:description\" content=\"El secretario de Educaci\u00f3n P\u00fablica, Mario Delgado, ha lanzado una importante convocatoria a las y los maestros de todo el pa\u00eds: participar activamente en una consulta &quot;escuela por escuela&quot; para construir un nuevo sistema de contrataci\u00f3n y promoci\u00f3n docente.\" \/>\n<meta property=\"og:url\" content=\"https:\/\/www.nexoinformativo.mx\/index.php\/2025\/06\/02\/maestros-convocados-sep-impulsa-un-nuevo-sistema-docente-y-elimina-usicamm\/\" \/>\n<meta property=\"og:site_name\" content=\"Nexo Informativo Santiago de Quer\u00e9taro\" \/>\n<meta property=\"article:publisher\" content=\"https:\/\/www.facebook.com\/people\/Nexo-Informativo\/61564066885511\/\" \/>\n<meta property=\"article:published_time\" content=\"2025-06-02T12:30:06+00:00\" \/>\n<meta property=\"article:modified_time\" content=\"2025-06-02T14:10:11+00:00\" \/>\n<meta property=\"og:image\" content=\"https:\/\/www.nexoinformativo.mx\/wp-content\/uploads\/2025\/06\/IMG_3614.jpg\" \/>\n\t<meta property=\"og:image:width\" content=\"650\" \/>\n\t<meta property=\"og:image:height\" content=\"380\" \/>\n\t<meta property=\"og:image:type\" content=\"image\/jpeg\" \/>\n<meta name=\"author\" content=\"Nexo Informativo\" \/>\n<meta name=\"twitter:card\" content=\"summary_large_image\" \/>\n<meta name=\"twitter:label1\" content=\"Escrito por\" \/>\n\t<meta name=\"twitter:data1\" content=\"Nexo Informativo\" \/>\n\t<meta name=\"twitter:label2\" content=\"Tiempo de lectura\" \/>\n\t<meta name=\"twitter:data2\" content=\"2 minutos\" \/>\n<script type=\"application\/ld+json\" class=\"yoast-schema-graph\">{\"@context\":\"https:\/\/schema.org\",\"@graph\":[{\"@type\":\"Article\",\"@id\":\"https:\/\/www.nexoinformativo.mx\/index.php\/2025\/06\/02\/maestros-convocados-sep-impulsa-un-nuevo-sistema-docente-y-elimina-usicamm\/#article\",\"isPartOf\":{\"@id\":\"https:\/\/www.nexoinformativo.mx\/index.php\/2025\/06\/02\/maestros-convocados-sep-impulsa-un-nuevo-sistema-docente-y-elimina-usicamm\/\"},\"author\":{\"name\":\"Nexo Informativo\",\"@id\":\"https:\/\/www.nexoinformativo.mx\/#\/schema\/person\/7749d380ba08c8ca00d7bc76fd907b7d\"},\"headline\":\"Maestros convocados SEP impulsa un nuevo sistema docente y elimina Usicamm\",\"datePublished\":\"2025-06-02T12:30:06+00:00\",\"dateModified\":\"2025-06-02T14:10:11+00:00\",\"mainEntityOfPage\":{\"@id\":\"https:\/\/www.nexoinformativo.mx\/index.php\/2025\/06\/02\/maestros-convocados-sep-impulsa-un-nuevo-sistema-docente-y-elimina-usicamm\/\"},\"wordCount\":293,\"commentCount\":0,\"publisher\":{\"@id\":\"https:\/\/www.nexoinformativo.mx\/#organization\"},\"image\":{\"@id\":\"https:\/\/www.nexoinformativo.mx\/index.php\/2025\/06\/02\/maestros-convocados-sep-impulsa-un-nuevo-sistema-docente-y-elimina-usicamm\/#primaryimage\"},\"thumbnailUrl\":\"https:\/\/www.nexoinformativo.mx\/wp-content\/uploads\/2025\/06\/IMG_3614.jpg\",\"keywords\":[\"Docentes\",\"Magisterio\",\"NuevaEducacion\",\"SEP\"],\"articleSection\":[\"Nacional\",\"\u00daltima Hora\"],\"inLanguage\":\"es\",\"potentialAction\":[{\"@type\":\"CommentAction\",\"name\":\"Comment\",\"target\":[\"https:\/\/www.nexoinformativo.mx\/index.php\/2025\/06\/02\/maestros-convocados-sep-impulsa-un-nuevo-sistema-docente-y-elimina-usicamm\/#respond\"]}]},{\"@type\":\"WebPage\",\"@id\":\"https:\/\/www.nexoinformativo.mx\/index.php\/2025\/06\/02\/maestros-convocados-sep-impulsa-un-nuevo-sistema-docente-y-elimina-usicamm\/\",\"url\":\"https:\/\/www.nexoinformativo.mx\/index.php\/2025\/06\/02\/maestros-convocados-sep-impulsa-un-nuevo-sistema-docente-y-elimina-usicamm\/\",\"name\":\"Maestros convocados SEP impulsa un nuevo sistema docente y elimina Usicamm | Nexo Informativo Santiago de Quer\u00e9taro\",\"isPartOf\":{\"@id\":\"https:\/\/www.nexoinformativo.mx\/#website\"},\"primaryImageOfPage\":{\"@id\":\"https:\/\/www.nexoinformativo.mx\/index.php\/2025\/06\/02\/maestros-convocados-sep-impulsa-un-nuevo-sistema-docente-y-elimina-usicamm\/#primaryimage\"},\"image\":{\"@id\":\"https:\/\/www.nexoinformativo.mx\/index.php\/2025\/06\/02\/maestros-convocados-sep-impulsa-un-nuevo-sistema-docente-y-elimina-usicamm\/#primaryimage\"},\"thumbnailUrl\":\"https:\/\/www.nexoinformativo.mx\/wp-content\/uploads\/2025\/06\/IMG_3614.jpg\",\"datePublished\":\"2025-06-02T12:30:06+00:00\",\"dateModified\":\"2025-06-02T14:10:11+00:00\",\"breadcrumb\":{\"@id\":\"https:\/\/www.nexoinformativo.mx\/index.php\/2025\/06\/02\/maestros-convocados-sep-impulsa-un-nuevo-sistema-docente-y-elimina-usicamm\/#breadcrumb\"},\"inLanguage\":\"es\",\"potentialAction\":[{\"@type\":\"ReadAction\",\"target\":[\"https:\/\/www.nexoinformativo.mx\/index.php\/2025\/06\/02\/maestros-convocados-sep-impulsa-un-nuevo-sistema-docente-y-elimina-usicamm\/\"]}]},{\"@type\":\"ImageObject\",\"inLanguage\":\"es\",\"@id\":\"https:\/\/www.nexoinformativo.mx\/index.php\/2025\/06\/02\/maestros-convocados-sep-impulsa-un-nuevo-sistema-docente-y-elimina-usicamm\/#primaryimage\",\"url\":\"https:\/\/www.nexoinformativo.mx\/wp-content\/uploads\/2025\/06\/IMG_3614.jpg\",\"contentUrl\":\"https:\/\/www.nexoinformativo.mx\/wp-content\/uploads\/2025\/06\/IMG_3614.jpg\",\"width\":650,\"height\":380},{\"@type\":\"BreadcrumbList\",\"@id\":\"https:\/\/www.nexoinformativo.mx\/index.php\/2025\/06\/02\/maestros-convocados-sep-impulsa-un-nuevo-sistema-docente-y-elimina-usicamm\/#breadcrumb\",\"itemListElement\":[{\"@type\":\"ListItem\",\"position\":1,\"name\":\"Inicio\",\"item\":\"https:\/\/www.nexoinformativo.mx\/\"},{\"@type\":\"ListItem\",\"position\":2,\"name\":\"Maestros convocados SEP impulsa un nuevo sistema docente y elimina Usicamm\"}]},{\"@type\":\"WebSite\",\"@id\":\"https:\/\/www.nexoinformativo.mx\/#website\",\"url\":\"https:\/\/www.nexoinformativo.mx\/\",\"name\":\"Nexo Informativo Santiago de Quer\u00e9taro\",\"description\":\"Explora NexoInformativo y convi\u00e9rtete en parte de una comunidad que valora el conocimiento y la verdad. Tu nexoinformativo es tu puente hacia una comprensi\u00f3n m\u00e1s profunda del mundo que te rodea.\",\"publisher\":{\"@id\":\"https:\/\/www.nexoinformativo.mx\/#organization\"},\"potentialAction\":[{\"@type\":\"SearchAction\",\"target\":{\"@type\":\"EntryPoint\",\"urlTemplate\":\"https:\/\/www.nexoinformativo.mx\/?s={search_term_string}\"},\"query-input\":{\"@type\":\"PropertyValueSpecification\",\"valueRequired\":true,\"valueName\":\"search_term_string\"}}],\"inLanguage\":\"es\"},{\"@type\":\"Organization\",\"@id\":\"https:\/\/www.nexoinformativo.mx\/#organization\",\"name\":\"Nexo Informativo Santiago de Quer\u00e9taro\",\"url\":\"https:\/\/www.nexoinformativo.mx\/\",\"logo\":{\"@type\":\"ImageObject\",\"inLanguage\":\"es\",\"@id\":\"https:\/\/www.nexoinformativo.mx\/#\/schema\/logo\/image\/\",\"url\":\"https:\/\/www.nexoinformativo.mx\/wp-content\/uploads\/2024\/07\/nexoi-trasparente-2.png\",\"contentUrl\":\"https:\/\/www.nexoinformativo.mx\/wp-content\/uploads\/2024\/07\/nexoi-trasparente-2.png\",\"width\":816,\"height\":339,\"caption\":\"Nexo Informativo Santiago de Quer\u00e9taro\"},\"image\":{\"@id\":\"https:\/\/www.nexoinformativo.mx\/#\/schema\/logo\/image\/\"},\"sameAs\":[\"https:\/\/www.facebook.com\/people\/Nexo-Informativo\/61564066885511\/\"]},{\"@type\":\"Person\",\"@id\":\"https:\/\/www.nexoinformativo.mx\/#\/schema\/person\/7749d380ba08c8ca00d7bc76fd907b7d\",\"name\":\"Nexo Informativo\",\"image\":{\"@type\":\"ImageObject\",\"inLanguage\":\"es\",\"@id\":\"https:\/\/www.nexoinformativo.mx\/#\/schema\/person\/image\/\",\"url\":\"https:\/\/secure.gravatar.com\/avatar\/dde2928154642a13d95f87ddf1ea9718fe2b46760a005c53e41ff5ad610704e6?s=96&d=mm&r=g\",\"contentUrl\":\"https:\/\/secure.gravatar.com\/avatar\/dde2928154642a13d95f87ddf1ea9718fe2b46760a005c53e41ff5ad610704e6?s=96&d=mm&r=g\",\"caption\":\"Nexo Informativo\"},\"url\":\"https:\/\/www.nexoinformativo.mx\/index.php\/author\/edicion\/\"}]}<\/script>\n<!-- \/ Yoast SEO plugin. -->","yoast_head_json":{"title":"Maestros convocados SEP impulsa un nuevo sistema docente y elimina Usicamm | Nexo Informativo Santiago de Quer\u00e9taro","robots":{"index":"index","follow":"follow","max-snippet":"max-snippet:-1","max-image-preview":"max-image-preview:large","max-video-preview":"max-video-preview:-1"},"canonical":"https:\/\/www.nexoinformativo.mx\/index.php\/2025\/06\/02\/maestros-convocados-sep-impulsa-un-nuevo-sistema-docente-y-elimina-usicamm\/","og_locale":"es_MX","og_type":"article","og_title":"Maestros convocados SEP impulsa un nuevo sistema docente y elimina Usicamm | Nexo Informativo Santiago de Quer\u00e9taro","og_description":"El secretario de Educaci\u00f3n P\u00fablica, Mario Delgado, ha lanzado una importante convocatoria a las y los maestros de todo el pa\u00eds: participar activamente en una consulta \"escuela por escuela\" para construir un nuevo sistema de contrataci\u00f3n y promoci\u00f3n docente.","og_url":"https:\/\/www.nexoinformativo.mx\/index.php\/2025\/06\/02\/maestros-convocados-sep-impulsa-un-nuevo-sistema-docente-y-elimina-usicamm\/","og_site_name":"Nexo Informativo Santiago de Quer\u00e9taro","article_publisher":"https:\/\/www.facebook.com\/people\/Nexo-Informativo\/61564066885511\/","article_published_time":"2025-06-02T12:30:06+00:00","article_modified_time":"2025-06-02T14:10:11+00:00","og_image":[{"width":650,"height":380,"url":"https:\/\/www.nexoinformativo.mx\/wp-content\/uploads\/2025\/06\/IMG_3614.jpg","type":"image\/jpeg"}],"author":"Nexo Informativo","twitter_card":"summary_large_image","twitter_misc":{"Escrito por":"Nexo Informativo","Tiempo de lectura":"2 minutos"},"schema":{"@context":"https:\/\/schema.org","@graph":[{"@type":"Article","@id":"https:\/\/www.nexoinformativo.mx\/index.php\/2025\/06\/02\/maestros-convocados-sep-impulsa-un-nuevo-sistema-docente-y-elimina-usicamm\/#article","isPartOf":{"@id":"https:\/\/www.nexoinformativo.mx\/index.php\/2025\/06\/02\/maestros-convocados-sep-impulsa-un-nuevo-sistema-docente-y-elimina-usicamm\/"},"author":{"name":"Nexo Informativo","@id":"https:\/\/www.nexoinformativo.mx\/#\/schema\/person\/7749d380ba08c8ca00d7bc76fd907b7d"},"headline":"Maestros convocados SEP impulsa un nuevo sistema docente y elimina Usicamm","datePublished":"2025-06-02T12:30:06+00:00","dateModified":"2025-06-02T14:10:11+00:00","mainEntityOfPage":{"@id":"https:\/\/www.nexoinformativo.mx\/index.php\/2025\/06\/02\/maestros-convocados-sep-impulsa-un-nuevo-sistema-docente-y-elimina-usicamm\/"},"wordCount":293,"commentCount":0,"publisher":{"@id":"https:\/\/www.nexoinformativo.mx\/#organization"},"image":{"@id":"https:\/\/www.nexoinformativo.mx\/index.php\/2025\/06\/02\/maestros-convocados-sep-impulsa-un-nuevo-sistema-docente-y-elimina-usicamm\/#primaryimage"},"thumbnailUrl":"https:\/\/www.nexoinformativo.mx\/wp-content\/uploads\/2025\/06\/IMG_3614.jpg","keywords":["Docentes","Magisterio","NuevaEducacion","SEP"],"articleSection":["Nacional","\u00daltima Hora"],"inLanguage":"es","potentialAction":[{"@type":"CommentAction","name":"Comment","target":["https:\/\/www.nexoinformativo.mx\/index.php\/2025\/06\/02\/maestros-convocados-sep-impulsa-un-nuevo-sistema-docente-y-elimina-usicamm\/#respond"]}]},{"@type":"WebPage","@id":"https:\/\/www.nexoinformativo.mx\/index.php\/2025\/06\/02\/maestros-convocados-sep-impulsa-un-nuevo-sistema-docente-y-elimina-usicamm\/","url":"https:\/\/www.nexoinformativo.mx\/index.php\/2025\/06\/02\/maestros-convocados-sep-impulsa-un-nuevo-sistema-docente-y-elimina-usicamm\/","name":"Maestros convocados SEP impulsa un nuevo sistema docente y elimina Usicamm | Nexo Informativo Santiago de Quer\u00e9taro","isPartOf":{"@id":"https:\/\/www.nexoinformativo.mx\/#website"},"primaryImageOfPage":{"@id":"https:\/\/www.nexoinformativo.mx\/index.php\/2025\/06\/02\/maestros-convocados-sep-impulsa-un-nuevo-sistema-docente-y-elimina-usicamm\/#primaryimage"},"image":{"@id":"https:\/\/www.nexoinformativo.mx\/index.php\/2025\/06\/02\/maestros-convocados-sep-impulsa-un-nuevo-sistema-docente-y-elimina-usicamm\/#primaryimage"},"thumbnailUrl":"https:\/\/www.nexoinformativo.mx\/wp-content\/uploads\/2025\/06\/IMG_3614.jpg","datePublished":"2025-06-02T12:30:06+00:00","dateModified":"2025-06-02T14:10:11+00:00","breadcrumb":{"@id":"https:\/\/www.nexoinformativo.mx\/index.php\/2025\/06\/02\/maestros-convocados-sep-impulsa-un-nuevo-sistema-docente-y-elimina-usicamm\/#breadcrumb"},"inLanguage":"es","potentialAction":[{"@type":"ReadAction","target":["https:\/\/www.nexoinformativo.mx\/index.php\/2025\/06\/02\/maestros-convocados-sep-impulsa-un-nuevo-sistema-docente-y-elimina-usicamm\/"]}]},{"@type":"ImageObject","inLanguage":"es","@id":"https:\/\/www.nexoinformativo.mx\/index.php\/2025\/06\/02\/maestros-convocados-sep-impulsa-un-nuevo-sistema-docente-y-elimina-usicamm\/#primaryimage","url":"https:\/\/www.nexoinformativo.mx\/wp-content\/uploads\/2025\/06\/IMG_3614.jpg","contentUrl":"https:\/\/www.nexoinformativo.mx\/wp-content\/uploads\/2025\/06\/IMG_3614.jpg","width":650,"height":380},{"@type":"BreadcrumbList","@id":"https:\/\/www.nexoinformativo.mx\/index.php\/2025\/06\/02\/maestros-convocados-sep-impulsa-un-nuevo-sistema-docente-y-elimina-usicamm\/#breadcrumb","itemListElement":[{"@type":"ListItem","position":1,"name":"Inicio","item":"https:\/\/www.nexoinformativo.mx\/"},{"@type":"ListItem","position":2,"name":"Maestros convocados SEP impulsa un nuevo sistema docente y elimina Usicamm"}]},{"@type":"WebSite","@id":"https:\/\/www.nexoinformativo.mx\/#website","url":"https:\/\/www.nexoinformativo.mx\/","name":"Nexo Informativo Santiago de Quer\u00e9taro","description":"Explora NexoInformativo y convi\u00e9rtete en parte de una comunidad que valora el conocimiento y la verdad. Tu nexoinformativo es tu puente hacia una comprensi\u00f3n m\u00e1s profunda del mundo que te rodea.","publisher":{"@id":"https:\/\/www.nexoinformativo.mx\/#organization"},"potentialAction":[{"@type":"SearchAction","target":{"@type":"EntryPoint","urlTemplate":"https:\/\/www.nexoinformativo.mx\/?s={search_term_string}"},"query-input":{"@type":"PropertyValueSpecification","valueRequired":true,"valueName":"search_term_string"}}],"inLanguage":"es"},{"@type":"Organization","@id":"https:\/\/www.nexoinformativo.mx\/#organization","name":"Nexo Informativo Santiago de Quer\u00e9taro","url":"https:\/\/www.nexoinformativo.mx\/","logo":{"@type":"ImageObject","inLanguage":"es","@id":"https:\/\/www.nexoinformativo.mx\/#\/schema\/logo\/image\/","url":"https:\/\/www.nexoinformativo.mx\/wp-content\/uploads\/2024\/07\/nexoi-trasparente-2.png","contentUrl":"https:\/\/www.nexoinformativo.mx\/wp-content\/uploads\/2024\/07\/nexoi-trasparente-2.png","width":816,"height":339,"caption":"Nexo Informativo Santiago de Quer\u00e9taro"},"image":{"@id":"https:\/\/www.nexoinformativo.mx\/#\/schema\/logo\/image\/"},"sameAs":["https:\/\/www.facebook.com\/people\/Nexo-Informativo\/61564066885511\/"]},{"@type":"Person","@id":"https:\/\/www.nexoinformativo.mx\/#\/schema\/person\/7749d380ba08c8ca00d7bc76fd907b7d","name":"Nexo Informativo","image":{"@type":"ImageObject","inLanguage":"es","@id":"https:\/\/www.nexoinformativo.mx\/#\/schema\/person\/image\/","url":"https:\/\/secure.gravatar.com\/avatar\/dde2928154642a13d95f87ddf1ea9718fe2b46760a005c53e41ff5ad610704e6?s=96&d=mm&r=g","contentUrl":"https:\/\/secure.gravatar.com\/avatar\/dde2928154642a13d95f87ddf1ea9718fe2b46760a005c53e41ff5ad610704e6?s=96&d=mm&r=g","caption":"Nexo Informativo"},"url":"https:\/\/www.nexoinformativo.mx\/index.php\/author\/edicion\/"}]}},"_links":{"self":[{"href":"https:\/\/www.nexoinformativo.mx\/index.php\/wp-json\/wp\/v2\/posts\/15491","targetHints":{"allow":["GET"]}}],"collection":[{"href":"https:\/\/www.nexoinformativo.mx\/index.php\/wp-json\/wp\/v2\/posts"}],"about":[{"href":"https:\/\/www.nexoinformativo.mx\/index.php\/wp-json\/wp\/v2\/types\/post"}],"author":[{"embeddable":true,"href":"https:\/\/www.nexoinformativo.mx\/index.php\/wp-json\/wp\/v2\/users\/3"}],"replies":[{"embeddable":true,"href":"https:\/\/www.nexoinformativo.mx\/index.php\/wp-json\/wp\/v2\/comments?post=15491"}],"version-history":[{"count":4,"href":"https:\/\/www.nexoinformativo.mx\/index.php\/wp-json\/wp\/v2\/posts\/15491\/revisions"}],"predecessor-version":[{"id":15496,"href":"https:\/\/www.nexoinformativo.mx\/index.php\/wp-json\/wp\/v2\/posts\/15491\/revisions\/15496"}],"wp:featuredmedia":[{"embeddable":true,"href":"https:\/\/www.nexoinformativo.mx\/index.php\/wp-json\/wp\/v2\/media\/15492"}],"wp:attachment":[{"href":"https:\/\/www.nexoinformativo.mx\/index.php\/wp-json\/wp\/v2\/media?parent=15491"}],"wp:term":[{"taxonomy":"category","embeddable":true,"href":"https:\/\/www.nexoinformativo.mx\/index.php\/wp-json\/wp\/v2\/categories?post=15491"},{"taxonomy":"post_tag","embeddable":true,"href":"https:\/\/www.nexoinformativo.mx\/index.php\/wp-json\/wp\/v2\/tags?post=15491"}],"curies":[{"name":"wp","href":"https:\/\/api.w.org\/{rel}","templated":true}]}}