{"id":15497,"date":"2025-06-02T07:00:59","date_gmt":"2025-06-02T13:00:59","guid":{"rendered":"https:\/\/www.nexoinformativo.mx\/?p=15497"},"modified":"2025-06-02T08:16:53","modified_gmt":"2025-06-02T14:16:53","slug":"secretaria-de-las-mujeres-invierte-394-mdp-para-proteger-a-victimas-de-violencia","status":"publish","type":"post","link":"https:\/\/www.nexoinformativo.mx\/index.php\/2025\/06\/02\/secretaria-de-las-mujeres-invierte-394-mdp-para-proteger-a-victimas-de-violencia\/","title":{"rendered":"Secretar\u00eda de las Mujeres invierte 394 mdp para proteger a v\u00edctimas de violencia"},"content":{"rendered":"<p style=\"text-align: justify;\" data-sourcepos=\"5:1-5:414\">El Gobierno de M\u00e9xico, a trav\u00e9s de la Secretar\u00eda de las Mujeres, ha reafirmado su compromiso en la lucha contra la violencia de g\u00e9nero.<\/p>\n<p>&nbsp;<\/p>\n<p style=\"text-align: justify;\" data-sourcepos=\"5:1-5:414\">Este 2025, se destinar\u00e1n 394 millones 471 mil 273 pesos para fortalecer 99 Refugios y Centros Externos de Atenci\u00f3n para mujeres que viven violencia extrema y sus hijos. Estos espacios son fundamentales en el combate a las violencias en el pa\u00eds.<\/p>\n<p>&nbsp;<\/p>\n<p style=\"text-align: justify;\" data-sourcepos=\"11:1-11:471\">Estos fondos, gestionados mediante el Programa de Apoyo a Refugios Especializados para Mujeres V\u00edctimas de Violencia de G\u00e9nero, sus Hijas e Hijos, permitir\u00e1n que el Estado acompa\u00f1e y financie servicios cruciales.<\/p>\n<p>&nbsp;<\/p>\n<p style=\"text-align: justify;\" data-sourcepos=\"11:1-11:471\">Los Refugios ofrecen protecci\u00f3n integral a mujeres en riesgo feminicida, incluyendo intervenci\u00f3n psicol\u00f3gica, atenci\u00f3n m\u00e9dica y de enfermer\u00eda, acompa\u00f1amiento jur\u00eddico, educaci\u00f3n multinivel, espacios l\u00fadicos y alojamiento con alimentaci\u00f3n, ropa y calzado.<\/p>\n<p>&nbsp;<\/p>\n<p style=\"text-align: justify;\" data-sourcepos=\"13:1-13:220\">Adem\u00e1s, se brindan capacitaciones y talleres de oficios para que las mujeres adquieran herramientas que les permitan lograr su autonom\u00eda econ\u00f3mica una vez que concluyan su estancia, que puede ser de hasta tres meses.<\/p>\n<p>&nbsp;<\/p>\n<p style=\"text-align: justify;\" data-sourcepos=\"21:1-21:331\">Tras una convocatoria lanzada el 28 de febrero, la Secretar\u00eda de las Mujeres aval\u00f3 la entrega de recursos a 99 proyectos, de los cuales 65 son Refugios y 34 Centros Externos de Atenci\u00f3n.<\/p>\n<p>&nbsp;<\/p>\n<p style=\"text-align: justify;\" data-sourcepos=\"25:1-25:386\">La subsecretaria destac\u00f3 la perspectiva de la Secretar\u00eda de las Mujeres al construir pol\u00edticas p\u00fablicas, buscando una relaci\u00f3n de corresponsabilidad y coinversi\u00f3n con las organizaciones.<\/p>\n<p>&nbsp;<\/p>\n<p style=\"text-align: justify;\" data-sourcepos=\"27:1-27:317\">En la reuni\u00f3n estuvieron presentes importantes figuras como Enna Paloma Ayala Sierra, directora general de Pol\u00edticas de Acceso a una Vida Libre de Violencias, y Perla Vargas Cervantes, directora de Refugios e Instancias Locales de Atenci\u00f3n Primaria, junto con representantes de 48 Organizaciones de la Sociedad Civil.<\/p>\n<p>&nbsp;<\/p>\n<p style=\"text-align: center;\" data-sourcepos=\"27:1-27:317\"><em><strong>\u00a1Informaci\u00f3n que transforma!<\/strong><\/em><\/p>\n","protected":false},"excerpt":{"rendered":"<p>El Gobierno de M\u00e9xico, a trav\u00e9s de la Secretar\u00eda de las Mujeres, ha reafirmado su compromiso en la lucha contra la violencia de g\u00e9nero.<\/p>\n","protected":false},"author":3,"featured_media":15498,"comment_status":"open","ping_status":"open","sticky":false,"template":"","format":"standard","meta":{"footnotes":""},"categories":[88,58],"tags":[4659,858,4660,3943],"class_list":["post-15497","post","type-post","status-publish","format-standard","has-post-thumbnail","hentry","category-nacional","category-ultima-hora","tag-mujereslibresdeviolencia","tag-noalaviolencia","tag-refugiosseguros","tag-secretariadelasmujeres"],"yoast_head":"<!-- This site is optimized with the Yoast SEO plugin v25.0 - https:\/\/yoast.com\/wordpress\/plugins\/seo\/ -->\n<title>Secretar\u00eda de las Mujeres invierte 394 mdp para proteger a v\u00edctimas de violencia | Nexo Informativo Santiago de Quer\u00e9taro<\/title>\n<meta name=\"description\" content=\"Secretar\u00eda de las Mujeres invierte 394 mdp para proteger a v\u00edctimas de violencia\" \/>\n<meta name=\"robots\" content=\"index, follow, max-snippet:-1, max-image-preview:large, max-video-preview:-1\" \/>\n<link rel=\"canonical\" href=\"https:\/\/www.nexoinformativo.mx\/index.php\/2025\/06\/02\/secretaria-de-las-mujeres-invierte-394-mdp-para-proteger-a-victimas-de-violencia\/\" \/>\n<meta property=\"og:locale\" content=\"es_MX\" \/>\n<meta property=\"og:type\" content=\"article\" \/>\n<meta property=\"og:title\" content=\"Secretar\u00eda de las Mujeres invierte 394 mdp para proteger a v\u00edctimas de violencia | Nexo Informativo Santiago de Quer\u00e9taro\" \/>\n<meta property=\"og:description\" content=\"Secretar\u00eda de las Mujeres invierte 394 mdp para proteger a v\u00edctimas de violencia\" \/>\n<meta property=\"og:url\" content=\"https:\/\/www.nexoinformativo.mx\/index.php\/2025\/06\/02\/secretaria-de-las-mujeres-invierte-394-mdp-para-proteger-a-victimas-de-violencia\/\" \/>\n<meta property=\"og:site_name\" content=\"Nexo Informativo Santiago de Quer\u00e9taro\" \/>\n<meta property=\"article:publisher\" content=\"https:\/\/www.facebook.com\/people\/Nexo-Informativo\/61564066885511\/\" \/>\n<meta property=\"article:published_time\" content=\"2025-06-02T13:00:59+00:00\" \/>\n<meta property=\"article:modified_time\" content=\"2025-06-02T14:16:53+00:00\" \/>\n<meta property=\"og:image\" content=\"https:\/\/www.nexoinformativo.mx\/wp-content\/uploads\/2025\/06\/IMG_3618-2.jpg\" \/>\n\t<meta property=\"og:image:width\" content=\"650\" \/>\n\t<meta property=\"og:image:height\" content=\"380\" \/>\n\t<meta property=\"og:image:type\" content=\"image\/jpeg\" \/>\n<meta name=\"author\" content=\"Nexo Informativo\" \/>\n<meta name=\"twitter:card\" content=\"summary_large_image\" \/>\n<meta name=\"twitter:label1\" content=\"Escrito por\" \/>\n\t<meta name=\"twitter:data1\" content=\"Nexo Informativo\" \/>\n\t<meta name=\"twitter:label2\" content=\"Tiempo de lectura\" \/>\n\t<meta name=\"twitter:data2\" content=\"2 minutos\" \/>\n<script type=\"application\/ld+json\" class=\"yoast-schema-graph\">{\"@context\":\"https:\/\/schema.org\",\"@graph\":[{\"@type\":\"Article\",\"@id\":\"https:\/\/www.nexoinformativo.mx\/index.php\/2025\/06\/02\/secretaria-de-las-mujeres-invierte-394-mdp-para-proteger-a-victimas-de-violencia\/#article\",\"isPartOf\":{\"@id\":\"https:\/\/www.nexoinformativo.mx\/index.php\/2025\/06\/02\/secretaria-de-las-mujeres-invierte-394-mdp-para-proteger-a-victimas-de-violencia\/\"},\"author\":{\"name\":\"Nexo Informativo\",\"@id\":\"https:\/\/www.nexoinformativo.mx\/#\/schema\/person\/7749d380ba08c8ca00d7bc76fd907b7d\"},\"headline\":\"Secretar\u00eda de las Mujeres invierte 394 mdp para proteger a v\u00edctimas de violencia\",\"datePublished\":\"2025-06-02T13:00:59+00:00\",\"dateModified\":\"2025-06-02T14:16:53+00:00\",\"mainEntityOfPage\":{\"@id\":\"https:\/\/www.nexoinformativo.mx\/index.php\/2025\/06\/02\/secretaria-de-las-mujeres-invierte-394-mdp-para-proteger-a-victimas-de-violencia\/\"},\"wordCount\":317,\"commentCount\":0,\"publisher\":{\"@id\":\"https:\/\/www.nexoinformativo.mx\/#organization\"},\"image\":{\"@id\":\"https:\/\/www.nexoinformativo.mx\/index.php\/2025\/06\/02\/secretaria-de-las-mujeres-invierte-394-mdp-para-proteger-a-victimas-de-violencia\/#primaryimage\"},\"thumbnailUrl\":\"https:\/\/www.nexoinformativo.mx\/wp-content\/uploads\/2025\/06\/IMG_3618-2.jpg\",\"keywords\":[\"MujeresLibresDeViolencia\",\"NoALaViolencia\",\"RefugiosSeguros\",\"Secretar\u00edaDeLasMujeres\"],\"articleSection\":[\"Nacional\",\"\u00daltima Hora\"],\"inLanguage\":\"es\",\"potentialAction\":[{\"@type\":\"CommentAction\",\"name\":\"Comment\",\"target\":[\"https:\/\/www.nexoinformativo.mx\/index.php\/2025\/06\/02\/secretaria-de-las-mujeres-invierte-394-mdp-para-proteger-a-victimas-de-violencia\/#respond\"]}]},{\"@type\":\"WebPage\",\"@id\":\"https:\/\/www.nexoinformativo.mx\/index.php\/2025\/06\/02\/secretaria-de-las-mujeres-invierte-394-mdp-para-proteger-a-victimas-de-violencia\/\",\"url\":\"https:\/\/www.nexoinformativo.mx\/index.php\/2025\/06\/02\/secretaria-de-las-mujeres-invierte-394-mdp-para-proteger-a-victimas-de-violencia\/\",\"name\":\"Secretar\u00eda de las Mujeres invierte 394 mdp para proteger a v\u00edctimas de violencia | Nexo Informativo Santiago de Quer\u00e9taro\",\"isPartOf\":{\"@id\":\"https:\/\/www.nexoinformativo.mx\/#website\"},\"primaryImageOfPage\":{\"@id\":\"https:\/\/www.nexoinformativo.mx\/index.php\/2025\/06\/02\/secretaria-de-las-mujeres-invierte-394-mdp-para-proteger-a-victimas-de-violencia\/#primaryimage\"},\"image\":{\"@id\":\"https:\/\/www.nexoinformativo.mx\/index.php\/2025\/06\/02\/secretaria-de-las-mujeres-invierte-394-mdp-para-proteger-a-victimas-de-violencia\/#primaryimage\"},\"thumbnailUrl\":\"https:\/\/www.nexoinformativo.mx\/wp-content\/uploads\/2025\/06\/IMG_3618-2.jpg\",\"datePublished\":\"2025-06-02T13:00:59+00:00\",\"dateModified\":\"2025-06-02T14:16:53+00:00\",\"description\":\"Secretar\u00eda de las Mujeres invierte 394 mdp para proteger a v\u00edctimas de violencia\",\"breadcrumb\":{\"@id\":\"https:\/\/www.nexoinformativo.mx\/index.php\/2025\/06\/02\/secretaria-de-las-mujeres-invierte-394-mdp-para-proteger-a-victimas-de-violencia\/#breadcrumb\"},\"inLanguage\":\"es\",\"potentialAction\":[{\"@type\":\"ReadAction\",\"target\":[\"https:\/\/www.nexoinformativo.mx\/index.php\/2025\/06\/02\/secretaria-de-las-mujeres-invierte-394-mdp-para-proteger-a-victimas-de-violencia\/\"]}]},{\"@type\":\"ImageObject\",\"inLanguage\":\"es\",\"@id\":\"https:\/\/www.nexoinformativo.mx\/index.php\/2025\/06\/02\/secretaria-de-las-mujeres-invierte-394-mdp-para-proteger-a-victimas-de-violencia\/#primaryimage\",\"url\":\"https:\/\/www.nexoinformativo.mx\/wp-content\/uploads\/2025\/06\/IMG_3618-2.jpg\",\"contentUrl\":\"https:\/\/www.nexoinformativo.mx\/wp-content\/uploads\/2025\/06\/IMG_3618-2.jpg\",\"width\":650,\"height\":380},{\"@type\":\"BreadcrumbList\",\"@id\":\"https:\/\/www.nexoinformativo.mx\/index.php\/2025\/06\/02\/secretaria-de-las-mujeres-invierte-394-mdp-para-proteger-a-victimas-de-violencia\/#breadcrumb\",\"itemListElement\":[{\"@type\":\"ListItem\",\"position\":1,\"name\":\"Inicio\",\"item\":\"https:\/\/www.nexoinformativo.mx\/\"},{\"@type\":\"ListItem\",\"position\":2,\"name\":\"Secretar\u00eda de las Mujeres invierte 394 mdp para proteger a v\u00edctimas de violencia\"}]},{\"@type\":\"WebSite\",\"@id\":\"https:\/\/www.nexoinformativo.mx\/#website\",\"url\":\"https:\/\/www.nexoinformativo.mx\/\",\"name\":\"Nexo Informativo Santiago de Quer\u00e9taro\",\"description\":\"Explora NexoInformativo y convi\u00e9rtete en parte de una comunidad que valora el conocimiento y la verdad. Tu nexoinformativo es tu puente hacia una comprensi\u00f3n m\u00e1s profunda del mundo que te rodea.\",\"publisher\":{\"@id\":\"https:\/\/www.nexoinformativo.mx\/#organization\"},\"potentialAction\":[{\"@type\":\"SearchAction\",\"target\":{\"@type\":\"EntryPoint\",\"urlTemplate\":\"https:\/\/www.nexoinformativo.mx\/?s={search_term_string}\"},\"query-input\":{\"@type\":\"PropertyValueSpecification\",\"valueRequired\":true,\"valueName\":\"search_term_string\"}}],\"inLanguage\":\"es\"},{\"@type\":\"Organization\",\"@id\":\"https:\/\/www.nexoinformativo.mx\/#organization\",\"name\":\"Nexo Informativo Santiago de Quer\u00e9taro\",\"url\":\"https:\/\/www.nexoinformativo.mx\/\",\"logo\":{\"@type\":\"ImageObject\",\"inLanguage\":\"es\",\"@id\":\"https:\/\/www.nexoinformativo.mx\/#\/schema\/logo\/image\/\",\"url\":\"https:\/\/www.nexoinformativo.mx\/wp-content\/uploads\/2024\/07\/nexoi-trasparente-2.png\",\"contentUrl\":\"https:\/\/www.nexoinformativo.mx\/wp-content\/uploads\/2024\/07\/nexoi-trasparente-2.png\",\"width\":816,\"height\":339,\"caption\":\"Nexo Informativo Santiago de Quer\u00e9taro\"},\"image\":{\"@id\":\"https:\/\/www.nexoinformativo.mx\/#\/schema\/logo\/image\/\"},\"sameAs\":[\"https:\/\/www.facebook.com\/people\/Nexo-Informativo\/61564066885511\/\"]},{\"@type\":\"Person\",\"@id\":\"https:\/\/www.nexoinformativo.mx\/#\/schema\/person\/7749d380ba08c8ca00d7bc76fd907b7d\",\"name\":\"Nexo Informativo\",\"image\":{\"@type\":\"ImageObject\",\"inLanguage\":\"es\",\"@id\":\"https:\/\/www.nexoinformativo.mx\/#\/schema\/person\/image\/\",\"url\":\"https:\/\/secure.gravatar.com\/avatar\/dde2928154642a13d95f87ddf1ea9718fe2b46760a005c53e41ff5ad610704e6?s=96&d=mm&r=g\",\"contentUrl\":\"https:\/\/secure.gravatar.com\/avatar\/dde2928154642a13d95f87ddf1ea9718fe2b46760a005c53e41ff5ad610704e6?s=96&d=mm&r=g\",\"caption\":\"Nexo Informativo\"},\"url\":\"https:\/\/www.nexoinformativo.mx\/index.php\/author\/edicion\/\"}]}<\/script>\n<!-- \/ Yoast SEO plugin. -->","yoast_head_json":{"title":"Secretar\u00eda de las Mujeres invierte 394 mdp para proteger a v\u00edctimas de violencia | Nexo Informativo Santiago de Quer\u00e9taro","description":"Secretar\u00eda de las Mujeres invierte 394 mdp para proteger a v\u00edctimas de violencia","robots":{"index":"index","follow":"follow","max-snippet":"max-snippet:-1","max-image-preview":"max-image-preview:large","max-video-preview":"max-video-preview:-1"},"canonical":"https:\/\/www.nexoinformativo.mx\/index.php\/2025\/06\/02\/secretaria-de-las-mujeres-invierte-394-mdp-para-proteger-a-victimas-de-violencia\/","og_locale":"es_MX","og_type":"article","og_title":"Secretar\u00eda de las Mujeres invierte 394 mdp para proteger a v\u00edctimas de violencia | Nexo Informativo Santiago de Quer\u00e9taro","og_description":"Secretar\u00eda de las Mujeres invierte 394 mdp para proteger a v\u00edctimas de violencia","og_url":"https:\/\/www.nexoinformativo.mx\/index.php\/2025\/06\/02\/secretaria-de-las-mujeres-invierte-394-mdp-para-proteger-a-victimas-de-violencia\/","og_site_name":"Nexo Informativo Santiago de Quer\u00e9taro","article_publisher":"https:\/\/www.facebook.com\/people\/Nexo-Informativo\/61564066885511\/","article_published_time":"2025-06-02T13:00:59+00:00","article_modified_time":"2025-06-02T14:16:53+00:00","og_image":[{"width":650,"height":380,"url":"https:\/\/www.nexoinformativo.mx\/wp-content\/uploads\/2025\/06\/IMG_3618-2.jpg","type":"image\/jpeg"}],"author":"Nexo Informativo","twitter_card":"summary_large_image","twitter_misc":{"Escrito por":"Nexo Informativo","Tiempo de lectura":"2 minutos"},"schema":{"@context":"https:\/\/schema.org","@graph":[{"@type":"Article","@id":"https:\/\/www.nexoinformativo.mx\/index.php\/2025\/06\/02\/secretaria-de-las-mujeres-invierte-394-mdp-para-proteger-a-victimas-de-violencia\/#article","isPartOf":{"@id":"https:\/\/www.nexoinformativo.mx\/index.php\/2025\/06\/02\/secretaria-de-las-mujeres-invierte-394-mdp-para-proteger-a-victimas-de-violencia\/"},"author":{"name":"Nexo Informativo","@id":"https:\/\/www.nexoinformativo.mx\/#\/schema\/person\/7749d380ba08c8ca00d7bc76fd907b7d"},"headline":"Secretar\u00eda de las Mujeres invierte 394 mdp para proteger a v\u00edctimas de violencia","datePublished":"2025-06-02T13:00:59+00:00","dateModified":"2025-06-02T14:16:53+00:00","mainEntityOfPage":{"@id":"https:\/\/www.nexoinformativo.mx\/index.php\/2025\/06\/02\/secretaria-de-las-mujeres-invierte-394-mdp-para-proteger-a-victimas-de-violencia\/"},"wordCount":317,"commentCount":0,"publisher":{"@id":"https:\/\/www.nexoinformativo.mx\/#organization"},"image":{"@id":"https:\/\/www.nexoinformativo.mx\/index.php\/2025\/06\/02\/secretaria-de-las-mujeres-invierte-394-mdp-para-proteger-a-victimas-de-violencia\/#primaryimage"},"thumbnailUrl":"https:\/\/www.nexoinformativo.mx\/wp-content\/uploads\/2025\/06\/IMG_3618-2.jpg","keywords":["MujeresLibresDeViolencia","NoALaViolencia","RefugiosSeguros","Secretar\u00edaDeLasMujeres"],"articleSection":["Nacional","\u00daltima Hora"],"inLanguage":"es","potentialAction":[{"@type":"CommentAction","name":"Comment","target":["https:\/\/www.nexoinformativo.mx\/index.php\/2025\/06\/02\/secretaria-de-las-mujeres-invierte-394-mdp-para-proteger-a-victimas-de-violencia\/#respond"]}]},{"@type":"WebPage","@id":"https:\/\/www.nexoinformativo.mx\/index.php\/2025\/06\/02\/secretaria-de-las-mujeres-invierte-394-mdp-para-proteger-a-victimas-de-violencia\/","url":"https:\/\/www.nexoinformativo.mx\/index.php\/2025\/06\/02\/secretaria-de-las-mujeres-invierte-394-mdp-para-proteger-a-victimas-de-violencia\/","name":"Secretar\u00eda de las Mujeres invierte 394 mdp para proteger a v\u00edctimas de violencia | Nexo Informativo Santiago de Quer\u00e9taro","isPartOf":{"@id":"https:\/\/www.nexoinformativo.mx\/#website"},"primaryImageOfPage":{"@id":"https:\/\/www.nexoinformativo.mx\/index.php\/2025\/06\/02\/secretaria-de-las-mujeres-invierte-394-mdp-para-proteger-a-victimas-de-violencia\/#primaryimage"},"image":{"@id":"https:\/\/www.nexoinformativo.mx\/index.php\/2025\/06\/02\/secretaria-de-las-mujeres-invierte-394-mdp-para-proteger-a-victimas-de-violencia\/#primaryimage"},"thumbnailUrl":"https:\/\/www.nexoinformativo.mx\/wp-content\/uploads\/2025\/06\/IMG_3618-2.jpg","datePublished":"2025-06-02T13:00:59+00:00","dateModified":"2025-06-02T14:16:53+00:00","description":"Secretar\u00eda de las Mujeres invierte 394 mdp para proteger a v\u00edctimas de violencia","breadcrumb":{"@id":"https:\/\/www.nexoinformativo.mx\/index.php\/2025\/06\/02\/secretaria-de-las-mujeres-invierte-394-mdp-para-proteger-a-victimas-de-violencia\/#breadcrumb"},"inLanguage":"es","potentialAction":[{"@type":"ReadAction","target":["https:\/\/www.nexoinformativo.mx\/index.php\/2025\/06\/02\/secretaria-de-las-mujeres-invierte-394-mdp-para-proteger-a-victimas-de-violencia\/"]}]},{"@type":"ImageObject","inLanguage":"es","@id":"https:\/\/www.nexoinformativo.mx\/index.php\/2025\/06\/02\/secretaria-de-las-mujeres-invierte-394-mdp-para-proteger-a-victimas-de-violencia\/#primaryimage","url":"https:\/\/www.nexoinformativo.mx\/wp-content\/uploads\/2025\/06\/IMG_3618-2.jpg","contentUrl":"https:\/\/www.nexoinformativo.mx\/wp-content\/uploads\/2025\/06\/IMG_3618-2.jpg","width":650,"height":380},{"@type":"BreadcrumbList","@id":"https:\/\/www.nexoinformativo.mx\/index.php\/2025\/06\/02\/secretaria-de-las-mujeres-invierte-394-mdp-para-proteger-a-victimas-de-violencia\/#breadcrumb","itemListElement":[{"@type":"ListItem","position":1,"name":"Inicio","item":"https:\/\/www.nexoinformativo.mx\/"},{"@type":"ListItem","position":2,"name":"Secretar\u00eda de las Mujeres invierte 394 mdp para proteger a v\u00edctimas de violencia"}]},{"@type":"WebSite","@id":"https:\/\/www.nexoinformativo.mx\/#website","url":"https:\/\/www.nexoinformativo.mx\/","name":"Nexo Informativo Santiago de Quer\u00e9taro","description":"Explora NexoInformativo y convi\u00e9rtete en parte de una comunidad que valora el conocimiento y la verdad. Tu nexoinformativo es tu puente hacia una comprensi\u00f3n m\u00e1s profunda del mundo que te rodea.","publisher":{"@id":"https:\/\/www.nexoinformativo.mx\/#organization"},"potentialAction":[{"@type":"SearchAction","target":{"@type":"EntryPoint","urlTemplate":"https:\/\/www.nexoinformativo.mx\/?s={search_term_string}"},"query-input":{"@type":"PropertyValueSpecification","valueRequired":true,"valueName":"search_term_string"}}],"inLanguage":"es"},{"@type":"Organization","@id":"https:\/\/www.nexoinformativo.mx\/#organization","name":"Nexo Informativo Santiago de Quer\u00e9taro","url":"https:\/\/www.nexoinformativo.mx\/","logo":{"@type":"ImageObject","inLanguage":"es","@id":"https:\/\/www.nexoinformativo.mx\/#\/schema\/logo\/image\/","url":"https:\/\/www.nexoinformativo.mx\/wp-content\/uploads\/2024\/07\/nexoi-trasparente-2.png","contentUrl":"https:\/\/www.nexoinformativo.mx\/wp-content\/uploads\/2024\/07\/nexoi-trasparente-2.png","width":816,"height":339,"caption":"Nexo Informativo Santiago de Quer\u00e9taro"},"image":{"@id":"https:\/\/www.nexoinformativo.mx\/#\/schema\/logo\/image\/"},"sameAs":["https:\/\/www.facebook.com\/people\/Nexo-Informativo\/61564066885511\/"]},{"@type":"Person","@id":"https:\/\/www.nexoinformativo.mx\/#\/schema\/person\/7749d380ba08c8ca00d7bc76fd907b7d","name":"Nexo Informativo","image":{"@type":"ImageObject","inLanguage":"es","@id":"https:\/\/www.nexoinformativo.mx\/#\/schema\/person\/image\/","url":"https:\/\/secure.gravatar.com\/avatar\/dde2928154642a13d95f87ddf1ea9718fe2b46760a005c53e41ff5ad610704e6?s=96&d=mm&r=g","contentUrl":"https:\/\/secure.gravatar.com\/avatar\/dde2928154642a13d95f87ddf1ea9718fe2b46760a005c53e41ff5ad610704e6?s=96&d=mm&r=g","caption":"Nexo Informativo"},"url":"https:\/\/www.nexoinformativo.mx\/index.php\/author\/edicion\/"}]}},"_links":{"self":[{"href":"https:\/\/www.nexoinformativo.mx\/index.php\/wp-json\/wp\/v2\/posts\/15497","targetHints":{"allow":["GET"]}}],"collection":[{"href":"https:\/\/www.nexoinformativo.mx\/index.php\/wp-json\/wp\/v2\/posts"}],"about":[{"href":"https:\/\/www.nexoinformativo.mx\/index.php\/wp-json\/wp\/v2\/types\/post"}],"author":[{"embeddable":true,"href":"https:\/\/www.nexoinformativo.mx\/index.php\/wp-json\/wp\/v2\/users\/3"}],"replies":[{"embeddable":true,"href":"https:\/\/www.nexoinformativo.mx\/index.php\/wp-json\/wp\/v2\/comments?post=15497"}],"version-history":[{"count":4,"href":"https:\/\/www.nexoinformativo.mx\/index.php\/wp-json\/wp\/v2\/posts\/15497\/revisions"}],"predecessor-version":[{"id":15501,"href":"https:\/\/www.nexoinformativo.mx\/index.php\/wp-json\/wp\/v2\/posts\/15497\/revisions\/15501"}],"wp:featuredmedia":[{"embeddable":true,"href":"https:\/\/www.nexoinformativo.mx\/index.php\/wp-json\/wp\/v2\/media\/15498"}],"wp:attachment":[{"href":"https:\/\/www.nexoinformativo.mx\/index.php\/wp-json\/wp\/v2\/media?parent=15497"}],"wp:term":[{"taxonomy":"category","embeddable":true,"href":"https:\/\/www.nexoinformativo.mx\/index.php\/wp-json\/wp\/v2\/categories?post=15497"},{"taxonomy":"post_tag","embeddable":true,"href":"https:\/\/www.nexoinformativo.mx\/index.php\/wp-json\/wp\/v2\/tags?post=15497"}],"curies":[{"name":"wp","href":"https:\/\/api.w.org\/{rel}","templated":true}]}}