{"id":15510,"date":"2025-06-02T08:00:16","date_gmt":"2025-06-02T14:00:16","guid":{"rendered":"https:\/\/www.nexoinformativo.mx\/?p=15510"},"modified":"2025-06-02T08:32:11","modified_gmt":"2025-06-02T14:32:11","slug":"brilla-la-musica-mexicana-mariachi-2000-llega-a-queretaro-con-la-orquesta-filarmonica","status":"publish","type":"post","link":"https:\/\/www.nexoinformativo.mx\/index.php\/2025\/06\/02\/brilla-la-musica-mexicana-mariachi-2000-llega-a-queretaro-con-la-orquesta-filarmonica\/","title":{"rendered":"Brilla la m\u00fasica Mexicana Mariachi 2000 llega a Quer\u00e9taro con la Orquesta Filarm\u00f3nica"},"content":{"rendered":"<p style=\"text-align: justify;\" data-sourcepos=\"7:1-7:356\">Prep\u00e1rate para una noche m\u00e1gica este mi\u00e9rcoles 4 de junio en el Auditorio Josefa Ortiz de Dom\u00ednguez. A las 8:00 de la noche, seremos testigos de una fusi\u00f3n musical \u00fanica: el legendario Mariachi 2000 de Cutberto P\u00e9rez y la Orquesta Filarm\u00f3nica del Estado de Quer\u00e9taro, bajo la batuta del maestro Mark Kadin.<\/p>\n<p>&nbsp;<\/p>\n<p style=\"text-align: justify;\" data-sourcepos=\"7:1-7:356\">Esta velada promete ser una experiencia inolvidable, un verdadero viaje por los grandes \u00e9xitos de la m\u00fasica mexicana. Ambas agrupaciones, reconocidas por su profesionalismo y pasi\u00f3n, interpretar\u00e1n las melod\u00edas con un orgullo y emoci\u00f3n que cautivar\u00e1n a todos los presentes.<\/p>\n<p>&nbsp;<\/p>\n<p style=\"text-align: justify;\" data-sourcepos=\"15:1-15:343\">El Mariachi 2000, fundado el 27 de octubre de 1980 en Garibaldi por el talentoso Cutberto P\u00e9rez, se ha convertido en un referente de la m\u00fasica tradicional. Su sonido distintivo, especialmente la trompeta de su fundador, les ha permitido llevar el alma de M\u00e9xico a escenarios internacionales en pa\u00edses como Espa\u00f1a, Alemania, Cuba y Reino Unido.<\/p>\n<p>&nbsp;<\/p>\n<p style=\"text-align: justify;\" data-sourcepos=\"21:1-21:331\">A lo largo de su trayectoria, el Mariachi 2000 ha colaborado con la Orquesta Sinf\u00f3nica Nacional y ha acompa\u00f1ado a grandes figuras de la m\u00fasica nacional e internacional. Nombres como Juan Gabriel, Gloria Estefan, Joaqu\u00edn Sabina y Pl\u00e1cido Domingo son solo algunos de los artistas que han compartido escenario con ellos.<\/p>\n<p>&nbsp;<\/p>\n<p style=\"text-align: justify;\" data-sourcepos=\"23:1-23:246\">El programa para este mi\u00e9rcoles es de lujo, con una treintena de piezas que prometen emocionar al p\u00fablico. Podr\u00e1s disfrutar de cl\u00e1sicos como &#8220;Qu\u00e9 bonita es mi tierra&#8221;, &#8220;La Bikina&#8221;, &#8220;Guadalajara&#8221;, &#8220;M\u00e9xico lindo y querido&#8221; y muchos m\u00e1s.<\/p>\n<p>&nbsp;<\/p>\n<p style=\"text-align: justify;\" data-sourcepos=\"25:1-25:558\">No te pierdas esta oportunidad de vivir una noche inolvidable. Los boletos est\u00e1n a la venta en l\u00ednea a trav\u00e9s de <a href=\"https:\/\/filarmonicadequeretaro.pagatusboletos.com\/venta\/es\/entradas-musica-mariachi-sinfonico-2000-de-cutberto-perez\" target=\"_blank\" rel=\"noopener\">https:\/\/filarmonicadequeretaro.pagatusboletos.com\/venta\/es\/entradas-musica-mariachi-sinfonico-2000-de-cutberto-perez.<\/a><\/p>\n<p>&nbsp;<\/p>\n<p style=\"text-align: justify;\" data-sourcepos=\"25:1-25:558\">Y en puntos f\u00edsicos: la Asociaci\u00f3n M\u00e9dica dentro del Hospital \u00c1ngeles de Quer\u00e9taro (de 9:00 a 17:00 horas) y en Manuel Altamirano norte, n\u00famero 18, en el Centro Hist\u00f3rico de Quer\u00e9taro (de 9:00 a 15:00 horas).<\/p>\n<p>&nbsp;<\/p>\n<p style=\"text-align: center;\" data-sourcepos=\"25:1-25:558\"><em><strong>\u00a1Informaci\u00f3n que transforma!<\/strong><\/em><\/p>\n","protected":false},"excerpt":{"rendered":"<p>Prep\u00e1rate para una noche m\u00e1gica este mi\u00e9rcoles 4 de junio en el Auditorio Josefa Ortiz de Dom\u00ednguez. A las 8:00 de la noche, seremos testigos de una fusi\u00f3n musical \u00fanica: el legendario Mariachi 2000 de Cutberto P\u00e9rez y la Orquesta Filarm\u00f3nica del Estado de Quer\u00e9taro, bajo la batuta del maestro Mark Kadin.<\/p>\n","protected":false},"author":3,"featured_media":15511,"comment_status":"open","ping_status":"open","sticky":false,"template":"","format":"standard","meta":{"footnotes":""},"categories":[50,42,58],"tags":[4666,4664,3435,4665],"class_list":["post-15510","post","type-post","status-publish","format-standard","has-post-thumbnail","hentry","category-espectaculos","category-estado","category-ultima-hora","tag-filarmonicaqro","tag-mariachisinfonico","tag-musicamexicana","tag-queretaromusical"],"yoast_head":"<!-- This site is optimized with the Yoast SEO plugin v25.0 - https:\/\/yoast.com\/wordpress\/plugins\/seo\/ -->\n<title>Brilla la m\u00fasica Mexicana Mariachi 2000 llega a Quer\u00e9taro con la Orquesta Filarm\u00f3nica | Nexo Informativo Santiago de Quer\u00e9taro<\/title>\n<meta name=\"description\" content=\"Brilla la m\u00fasica Mexicana Mariachi 2000 llega a Quer\u00e9taro con la Orquesta Filarm\u00f3nica\" \/>\n<meta name=\"robots\" content=\"index, follow, max-snippet:-1, max-image-preview:large, max-video-preview:-1\" \/>\n<link rel=\"canonical\" href=\"https:\/\/www.nexoinformativo.mx\/index.php\/2025\/06\/02\/brilla-la-musica-mexicana-mariachi-2000-llega-a-queretaro-con-la-orquesta-filarmonica\/\" \/>\n<meta property=\"og:locale\" content=\"es_MX\" \/>\n<meta property=\"og:type\" content=\"article\" \/>\n<meta property=\"og:title\" content=\"Brilla la m\u00fasica Mexicana Mariachi 2000 llega a Quer\u00e9taro con la Orquesta Filarm\u00f3nica | Nexo Informativo Santiago de Quer\u00e9taro\" \/>\n<meta property=\"og:description\" content=\"Brilla la m\u00fasica Mexicana Mariachi 2000 llega a Quer\u00e9taro con la Orquesta Filarm\u00f3nica\" \/>\n<meta property=\"og:url\" content=\"https:\/\/www.nexoinformativo.mx\/index.php\/2025\/06\/02\/brilla-la-musica-mexicana-mariachi-2000-llega-a-queretaro-con-la-orquesta-filarmonica\/\" \/>\n<meta property=\"og:site_name\" content=\"Nexo Informativo Santiago de Quer\u00e9taro\" \/>\n<meta property=\"article:publisher\" content=\"https:\/\/www.facebook.com\/people\/Nexo-Informativo\/61564066885511\/\" \/>\n<meta property=\"article:published_time\" content=\"2025-06-02T14:00:16+00:00\" \/>\n<meta property=\"article:modified_time\" content=\"2025-06-02T14:32:11+00:00\" \/>\n<meta property=\"og:image\" content=\"https:\/\/www.nexoinformativo.mx\/wp-content\/uploads\/2025\/06\/PHOTO-2025-06-02-07-50-18-e1748874612157.jpg\" \/>\n\t<meta property=\"og:image:width\" content=\"800\" \/>\n\t<meta property=\"og:image:height\" content=\"449\" \/>\n\t<meta property=\"og:image:type\" content=\"image\/jpeg\" \/>\n<meta name=\"author\" content=\"Nexo Informativo\" \/>\n<meta name=\"twitter:card\" content=\"summary_large_image\" \/>\n<meta name=\"twitter:label1\" content=\"Escrito por\" \/>\n\t<meta name=\"twitter:data1\" content=\"Nexo Informativo\" \/>\n\t<meta name=\"twitter:label2\" content=\"Tiempo de lectura\" \/>\n\t<meta name=\"twitter:data2\" content=\"2 minutos\" \/>\n<script type=\"application\/ld+json\" class=\"yoast-schema-graph\">{\"@context\":\"https:\/\/schema.org\",\"@graph\":[{\"@type\":\"Article\",\"@id\":\"https:\/\/www.nexoinformativo.mx\/index.php\/2025\/06\/02\/brilla-la-musica-mexicana-mariachi-2000-llega-a-queretaro-con-la-orquesta-filarmonica\/#article\",\"isPartOf\":{\"@id\":\"https:\/\/www.nexoinformativo.mx\/index.php\/2025\/06\/02\/brilla-la-musica-mexicana-mariachi-2000-llega-a-queretaro-con-la-orquesta-filarmonica\/\"},\"author\":{\"name\":\"Nexo Informativo\",\"@id\":\"https:\/\/www.nexoinformativo.mx\/#\/schema\/person\/7749d380ba08c8ca00d7bc76fd907b7d\"},\"headline\":\"Brilla la m\u00fasica Mexicana Mariachi 2000 llega a Quer\u00e9taro con la Orquesta Filarm\u00f3nica\",\"datePublished\":\"2025-06-02T14:00:16+00:00\",\"dateModified\":\"2025-06-02T14:32:11+00:00\",\"mainEntityOfPage\":{\"@id\":\"https:\/\/www.nexoinformativo.mx\/index.php\/2025\/06\/02\/brilla-la-musica-mexicana-mariachi-2000-llega-a-queretaro-con-la-orquesta-filarmonica\/\"},\"wordCount\":356,\"commentCount\":0,\"publisher\":{\"@id\":\"https:\/\/www.nexoinformativo.mx\/#organization\"},\"image\":{\"@id\":\"https:\/\/www.nexoinformativo.mx\/index.php\/2025\/06\/02\/brilla-la-musica-mexicana-mariachi-2000-llega-a-queretaro-con-la-orquesta-filarmonica\/#primaryimage\"},\"thumbnailUrl\":\"https:\/\/www.nexoinformativo.mx\/wp-content\/uploads\/2025\/06\/PHOTO-2025-06-02-07-50-18-e1748874612157.jpg\",\"keywords\":[\"FilarmonicaQro\",\"MariachiSinf\u00f3nico\",\"M\u00fasicaMexicana\",\"Quer\u00e9taroMusical\"],\"articleSection\":[\"Espect\u00e1culos\",\"Estado\",\"\u00daltima Hora\"],\"inLanguage\":\"es\",\"potentialAction\":[{\"@type\":\"CommentAction\",\"name\":\"Comment\",\"target\":[\"https:\/\/www.nexoinformativo.mx\/index.php\/2025\/06\/02\/brilla-la-musica-mexicana-mariachi-2000-llega-a-queretaro-con-la-orquesta-filarmonica\/#respond\"]}]},{\"@type\":\"WebPage\",\"@id\":\"https:\/\/www.nexoinformativo.mx\/index.php\/2025\/06\/02\/brilla-la-musica-mexicana-mariachi-2000-llega-a-queretaro-con-la-orquesta-filarmonica\/\",\"url\":\"https:\/\/www.nexoinformativo.mx\/index.php\/2025\/06\/02\/brilla-la-musica-mexicana-mariachi-2000-llega-a-queretaro-con-la-orquesta-filarmonica\/\",\"name\":\"Brilla la m\u00fasica Mexicana Mariachi 2000 llega a Quer\u00e9taro con la Orquesta Filarm\u00f3nica | Nexo Informativo Santiago de Quer\u00e9taro\",\"isPartOf\":{\"@id\":\"https:\/\/www.nexoinformativo.mx\/#website\"},\"primaryImageOfPage\":{\"@id\":\"https:\/\/www.nexoinformativo.mx\/index.php\/2025\/06\/02\/brilla-la-musica-mexicana-mariachi-2000-llega-a-queretaro-con-la-orquesta-filarmonica\/#primaryimage\"},\"image\":{\"@id\":\"https:\/\/www.nexoinformativo.mx\/index.php\/2025\/06\/02\/brilla-la-musica-mexicana-mariachi-2000-llega-a-queretaro-con-la-orquesta-filarmonica\/#primaryimage\"},\"thumbnailUrl\":\"https:\/\/www.nexoinformativo.mx\/wp-content\/uploads\/2025\/06\/PHOTO-2025-06-02-07-50-18-e1748874612157.jpg\",\"datePublished\":\"2025-06-02T14:00:16+00:00\",\"dateModified\":\"2025-06-02T14:32:11+00:00\",\"description\":\"Brilla la m\u00fasica Mexicana Mariachi 2000 llega a Quer\u00e9taro con la Orquesta Filarm\u00f3nica\",\"breadcrumb\":{\"@id\":\"https:\/\/www.nexoinformativo.mx\/index.php\/2025\/06\/02\/brilla-la-musica-mexicana-mariachi-2000-llega-a-queretaro-con-la-orquesta-filarmonica\/#breadcrumb\"},\"inLanguage\":\"es\",\"potentialAction\":[{\"@type\":\"ReadAction\",\"target\":[\"https:\/\/www.nexoinformativo.mx\/index.php\/2025\/06\/02\/brilla-la-musica-mexicana-mariachi-2000-llega-a-queretaro-con-la-orquesta-filarmonica\/\"]}]},{\"@type\":\"ImageObject\",\"inLanguage\":\"es\",\"@id\":\"https:\/\/www.nexoinformativo.mx\/index.php\/2025\/06\/02\/brilla-la-musica-mexicana-mariachi-2000-llega-a-queretaro-con-la-orquesta-filarmonica\/#primaryimage\",\"url\":\"https:\/\/www.nexoinformativo.mx\/wp-content\/uploads\/2025\/06\/PHOTO-2025-06-02-07-50-18-e1748874612157.jpg\",\"contentUrl\":\"https:\/\/www.nexoinformativo.mx\/wp-content\/uploads\/2025\/06\/PHOTO-2025-06-02-07-50-18-e1748874612157.jpg\",\"width\":800,\"height\":449},{\"@type\":\"BreadcrumbList\",\"@id\":\"https:\/\/www.nexoinformativo.mx\/index.php\/2025\/06\/02\/brilla-la-musica-mexicana-mariachi-2000-llega-a-queretaro-con-la-orquesta-filarmonica\/#breadcrumb\",\"itemListElement\":[{\"@type\":\"ListItem\",\"position\":1,\"name\":\"Inicio\",\"item\":\"https:\/\/www.nexoinformativo.mx\/\"},{\"@type\":\"ListItem\",\"position\":2,\"name\":\"Brilla la m\u00fasica Mexicana Mariachi 2000 llega a Quer\u00e9taro con la Orquesta Filarm\u00f3nica\"}]},{\"@type\":\"WebSite\",\"@id\":\"https:\/\/www.nexoinformativo.mx\/#website\",\"url\":\"https:\/\/www.nexoinformativo.mx\/\",\"name\":\"Nexo Informativo Santiago de Quer\u00e9taro\",\"description\":\"Explora NexoInformativo y convi\u00e9rtete en parte de una comunidad que valora el conocimiento y la verdad. Tu nexoinformativo es tu puente hacia una comprensi\u00f3n m\u00e1s profunda del mundo que te rodea.\",\"publisher\":{\"@id\":\"https:\/\/www.nexoinformativo.mx\/#organization\"},\"potentialAction\":[{\"@type\":\"SearchAction\",\"target\":{\"@type\":\"EntryPoint\",\"urlTemplate\":\"https:\/\/www.nexoinformativo.mx\/?s={search_term_string}\"},\"query-input\":{\"@type\":\"PropertyValueSpecification\",\"valueRequired\":true,\"valueName\":\"search_term_string\"}}],\"inLanguage\":\"es\"},{\"@type\":\"Organization\",\"@id\":\"https:\/\/www.nexoinformativo.mx\/#organization\",\"name\":\"Nexo Informativo Santiago de Quer\u00e9taro\",\"url\":\"https:\/\/www.nexoinformativo.mx\/\",\"logo\":{\"@type\":\"ImageObject\",\"inLanguage\":\"es\",\"@id\":\"https:\/\/www.nexoinformativo.mx\/#\/schema\/logo\/image\/\",\"url\":\"https:\/\/www.nexoinformativo.mx\/wp-content\/uploads\/2024\/07\/nexoi-trasparente-2.png\",\"contentUrl\":\"https:\/\/www.nexoinformativo.mx\/wp-content\/uploads\/2024\/07\/nexoi-trasparente-2.png\",\"width\":816,\"height\":339,\"caption\":\"Nexo Informativo Santiago de Quer\u00e9taro\"},\"image\":{\"@id\":\"https:\/\/www.nexoinformativo.mx\/#\/schema\/logo\/image\/\"},\"sameAs\":[\"https:\/\/www.facebook.com\/people\/Nexo-Informativo\/61564066885511\/\"]},{\"@type\":\"Person\",\"@id\":\"https:\/\/www.nexoinformativo.mx\/#\/schema\/person\/7749d380ba08c8ca00d7bc76fd907b7d\",\"name\":\"Nexo Informativo\",\"image\":{\"@type\":\"ImageObject\",\"inLanguage\":\"es\",\"@id\":\"https:\/\/www.nexoinformativo.mx\/#\/schema\/person\/image\/\",\"url\":\"https:\/\/secure.gravatar.com\/avatar\/dde2928154642a13d95f87ddf1ea9718fe2b46760a005c53e41ff5ad610704e6?s=96&d=mm&r=g\",\"contentUrl\":\"https:\/\/secure.gravatar.com\/avatar\/dde2928154642a13d95f87ddf1ea9718fe2b46760a005c53e41ff5ad610704e6?s=96&d=mm&r=g\",\"caption\":\"Nexo Informativo\"},\"url\":\"https:\/\/www.nexoinformativo.mx\/index.php\/author\/edicion\/\"}]}<\/script>\n<!-- \/ Yoast SEO plugin. -->","yoast_head_json":{"title":"Brilla la m\u00fasica Mexicana Mariachi 2000 llega a Quer\u00e9taro con la Orquesta Filarm\u00f3nica | Nexo Informativo Santiago de Quer\u00e9taro","description":"Brilla la m\u00fasica Mexicana Mariachi 2000 llega a Quer\u00e9taro con la Orquesta Filarm\u00f3nica","robots":{"index":"index","follow":"follow","max-snippet":"max-snippet:-1","max-image-preview":"max-image-preview:large","max-video-preview":"max-video-preview:-1"},"canonical":"https:\/\/www.nexoinformativo.mx\/index.php\/2025\/06\/02\/brilla-la-musica-mexicana-mariachi-2000-llega-a-queretaro-con-la-orquesta-filarmonica\/","og_locale":"es_MX","og_type":"article","og_title":"Brilla la m\u00fasica Mexicana Mariachi 2000 llega a Quer\u00e9taro con la Orquesta Filarm\u00f3nica | Nexo Informativo Santiago de Quer\u00e9taro","og_description":"Brilla la m\u00fasica Mexicana Mariachi 2000 llega a Quer\u00e9taro con la Orquesta Filarm\u00f3nica","og_url":"https:\/\/www.nexoinformativo.mx\/index.php\/2025\/06\/02\/brilla-la-musica-mexicana-mariachi-2000-llega-a-queretaro-con-la-orquesta-filarmonica\/","og_site_name":"Nexo Informativo Santiago de Quer\u00e9taro","article_publisher":"https:\/\/www.facebook.com\/people\/Nexo-Informativo\/61564066885511\/","article_published_time":"2025-06-02T14:00:16+00:00","article_modified_time":"2025-06-02T14:32:11+00:00","og_image":[{"width":800,"height":449,"url":"https:\/\/www.nexoinformativo.mx\/wp-content\/uploads\/2025\/06\/PHOTO-2025-06-02-07-50-18-e1748874612157.jpg","type":"image\/jpeg"}],"author":"Nexo Informativo","twitter_card":"summary_large_image","twitter_misc":{"Escrito por":"Nexo Informativo","Tiempo de lectura":"2 minutos"},"schema":{"@context":"https:\/\/schema.org","@graph":[{"@type":"Article","@id":"https:\/\/www.nexoinformativo.mx\/index.php\/2025\/06\/02\/brilla-la-musica-mexicana-mariachi-2000-llega-a-queretaro-con-la-orquesta-filarmonica\/#article","isPartOf":{"@id":"https:\/\/www.nexoinformativo.mx\/index.php\/2025\/06\/02\/brilla-la-musica-mexicana-mariachi-2000-llega-a-queretaro-con-la-orquesta-filarmonica\/"},"author":{"name":"Nexo Informativo","@id":"https:\/\/www.nexoinformativo.mx\/#\/schema\/person\/7749d380ba08c8ca00d7bc76fd907b7d"},"headline":"Brilla la m\u00fasica Mexicana Mariachi 2000 llega a Quer\u00e9taro con la Orquesta Filarm\u00f3nica","datePublished":"2025-06-02T14:00:16+00:00","dateModified":"2025-06-02T14:32:11+00:00","mainEntityOfPage":{"@id":"https:\/\/www.nexoinformativo.mx\/index.php\/2025\/06\/02\/brilla-la-musica-mexicana-mariachi-2000-llega-a-queretaro-con-la-orquesta-filarmonica\/"},"wordCount":356,"commentCount":0,"publisher":{"@id":"https:\/\/www.nexoinformativo.mx\/#organization"},"image":{"@id":"https:\/\/www.nexoinformativo.mx\/index.php\/2025\/06\/02\/brilla-la-musica-mexicana-mariachi-2000-llega-a-queretaro-con-la-orquesta-filarmonica\/#primaryimage"},"thumbnailUrl":"https:\/\/www.nexoinformativo.mx\/wp-content\/uploads\/2025\/06\/PHOTO-2025-06-02-07-50-18-e1748874612157.jpg","keywords":["FilarmonicaQro","MariachiSinf\u00f3nico","M\u00fasicaMexicana","Quer\u00e9taroMusical"],"articleSection":["Espect\u00e1culos","Estado","\u00daltima Hora"],"inLanguage":"es","potentialAction":[{"@type":"CommentAction","name":"Comment","target":["https:\/\/www.nexoinformativo.mx\/index.php\/2025\/06\/02\/brilla-la-musica-mexicana-mariachi-2000-llega-a-queretaro-con-la-orquesta-filarmonica\/#respond"]}]},{"@type":"WebPage","@id":"https:\/\/www.nexoinformativo.mx\/index.php\/2025\/06\/02\/brilla-la-musica-mexicana-mariachi-2000-llega-a-queretaro-con-la-orquesta-filarmonica\/","url":"https:\/\/www.nexoinformativo.mx\/index.php\/2025\/06\/02\/brilla-la-musica-mexicana-mariachi-2000-llega-a-queretaro-con-la-orquesta-filarmonica\/","name":"Brilla la m\u00fasica Mexicana Mariachi 2000 llega a Quer\u00e9taro con la Orquesta Filarm\u00f3nica | Nexo Informativo Santiago de Quer\u00e9taro","isPartOf":{"@id":"https:\/\/www.nexoinformativo.mx\/#website"},"primaryImageOfPage":{"@id":"https:\/\/www.nexoinformativo.mx\/index.php\/2025\/06\/02\/brilla-la-musica-mexicana-mariachi-2000-llega-a-queretaro-con-la-orquesta-filarmonica\/#primaryimage"},"image":{"@id":"https:\/\/www.nexoinformativo.mx\/index.php\/2025\/06\/02\/brilla-la-musica-mexicana-mariachi-2000-llega-a-queretaro-con-la-orquesta-filarmonica\/#primaryimage"},"thumbnailUrl":"https:\/\/www.nexoinformativo.mx\/wp-content\/uploads\/2025\/06\/PHOTO-2025-06-02-07-50-18-e1748874612157.jpg","datePublished":"2025-06-02T14:00:16+00:00","dateModified":"2025-06-02T14:32:11+00:00","description":"Brilla la m\u00fasica Mexicana Mariachi 2000 llega a Quer\u00e9taro con la Orquesta Filarm\u00f3nica","breadcrumb":{"@id":"https:\/\/www.nexoinformativo.mx\/index.php\/2025\/06\/02\/brilla-la-musica-mexicana-mariachi-2000-llega-a-queretaro-con-la-orquesta-filarmonica\/#breadcrumb"},"inLanguage":"es","potentialAction":[{"@type":"ReadAction","target":["https:\/\/www.nexoinformativo.mx\/index.php\/2025\/06\/02\/brilla-la-musica-mexicana-mariachi-2000-llega-a-queretaro-con-la-orquesta-filarmonica\/"]}]},{"@type":"ImageObject","inLanguage":"es","@id":"https:\/\/www.nexoinformativo.mx\/index.php\/2025\/06\/02\/brilla-la-musica-mexicana-mariachi-2000-llega-a-queretaro-con-la-orquesta-filarmonica\/#primaryimage","url":"https:\/\/www.nexoinformativo.mx\/wp-content\/uploads\/2025\/06\/PHOTO-2025-06-02-07-50-18-e1748874612157.jpg","contentUrl":"https:\/\/www.nexoinformativo.mx\/wp-content\/uploads\/2025\/06\/PHOTO-2025-06-02-07-50-18-e1748874612157.jpg","width":800,"height":449},{"@type":"BreadcrumbList","@id":"https:\/\/www.nexoinformativo.mx\/index.php\/2025\/06\/02\/brilla-la-musica-mexicana-mariachi-2000-llega-a-queretaro-con-la-orquesta-filarmonica\/#breadcrumb","itemListElement":[{"@type":"ListItem","position":1,"name":"Inicio","item":"https:\/\/www.nexoinformativo.mx\/"},{"@type":"ListItem","position":2,"name":"Brilla la m\u00fasica Mexicana Mariachi 2000 llega a Quer\u00e9taro con la Orquesta Filarm\u00f3nica"}]},{"@type":"WebSite","@id":"https:\/\/www.nexoinformativo.mx\/#website","url":"https:\/\/www.nexoinformativo.mx\/","name":"Nexo Informativo Santiago de Quer\u00e9taro","description":"Explora NexoInformativo y convi\u00e9rtete en parte de una comunidad que valora el conocimiento y la verdad. Tu nexoinformativo es tu puente hacia una comprensi\u00f3n m\u00e1s profunda del mundo que te rodea.","publisher":{"@id":"https:\/\/www.nexoinformativo.mx\/#organization"},"potentialAction":[{"@type":"SearchAction","target":{"@type":"EntryPoint","urlTemplate":"https:\/\/www.nexoinformativo.mx\/?s={search_term_string}"},"query-input":{"@type":"PropertyValueSpecification","valueRequired":true,"valueName":"search_term_string"}}],"inLanguage":"es"},{"@type":"Organization","@id":"https:\/\/www.nexoinformativo.mx\/#organization","name":"Nexo Informativo Santiago de Quer\u00e9taro","url":"https:\/\/www.nexoinformativo.mx\/","logo":{"@type":"ImageObject","inLanguage":"es","@id":"https:\/\/www.nexoinformativo.mx\/#\/schema\/logo\/image\/","url":"https:\/\/www.nexoinformativo.mx\/wp-content\/uploads\/2024\/07\/nexoi-trasparente-2.png","contentUrl":"https:\/\/www.nexoinformativo.mx\/wp-content\/uploads\/2024\/07\/nexoi-trasparente-2.png","width":816,"height":339,"caption":"Nexo Informativo Santiago de Quer\u00e9taro"},"image":{"@id":"https:\/\/www.nexoinformativo.mx\/#\/schema\/logo\/image\/"},"sameAs":["https:\/\/www.facebook.com\/people\/Nexo-Informativo\/61564066885511\/"]},{"@type":"Person","@id":"https:\/\/www.nexoinformativo.mx\/#\/schema\/person\/7749d380ba08c8ca00d7bc76fd907b7d","name":"Nexo Informativo","image":{"@type":"ImageObject","inLanguage":"es","@id":"https:\/\/www.nexoinformativo.mx\/#\/schema\/person\/image\/","url":"https:\/\/secure.gravatar.com\/avatar\/dde2928154642a13d95f87ddf1ea9718fe2b46760a005c53e41ff5ad610704e6?s=96&d=mm&r=g","contentUrl":"https:\/\/secure.gravatar.com\/avatar\/dde2928154642a13d95f87ddf1ea9718fe2b46760a005c53e41ff5ad610704e6?s=96&d=mm&r=g","caption":"Nexo Informativo"},"url":"https:\/\/www.nexoinformativo.mx\/index.php\/author\/edicion\/"}]}},"_links":{"self":[{"href":"https:\/\/www.nexoinformativo.mx\/index.php\/wp-json\/wp\/v2\/posts\/15510","targetHints":{"allow":["GET"]}}],"collection":[{"href":"https:\/\/www.nexoinformativo.mx\/index.php\/wp-json\/wp\/v2\/posts"}],"about":[{"href":"https:\/\/www.nexoinformativo.mx\/index.php\/wp-json\/wp\/v2\/types\/post"}],"author":[{"embeddable":true,"href":"https:\/\/www.nexoinformativo.mx\/index.php\/wp-json\/wp\/v2\/users\/3"}],"replies":[{"embeddable":true,"href":"https:\/\/www.nexoinformativo.mx\/index.php\/wp-json\/wp\/v2\/comments?post=15510"}],"version-history":[{"count":4,"href":"https:\/\/www.nexoinformativo.mx\/index.php\/wp-json\/wp\/v2\/posts\/15510\/revisions"}],"predecessor-version":[{"id":15514,"href":"https:\/\/www.nexoinformativo.mx\/index.php\/wp-json\/wp\/v2\/posts\/15510\/revisions\/15514"}],"wp:featuredmedia":[{"embeddable":true,"href":"https:\/\/www.nexoinformativo.mx\/index.php\/wp-json\/wp\/v2\/media\/15511"}],"wp:attachment":[{"href":"https:\/\/www.nexoinformativo.mx\/index.php\/wp-json\/wp\/v2\/media?parent=15510"}],"wp:term":[{"taxonomy":"category","embeddable":true,"href":"https:\/\/www.nexoinformativo.mx\/index.php\/wp-json\/wp\/v2\/categories?post=15510"},{"taxonomy":"post_tag","embeddable":true,"href":"https:\/\/www.nexoinformativo.mx\/index.php\/wp-json\/wp\/v2\/tags?post=15510"}],"curies":[{"name":"wp","href":"https:\/\/api.w.org\/{rel}","templated":true}]}}