{"id":15527,"date":"2025-06-02T12:00:04","date_gmt":"2025-06-02T18:00:04","guid":{"rendered":"https:\/\/www.nexoinformativo.mx\/?p=15527"},"modified":"2025-06-03T00:21:20","modified_gmt":"2025-06-03T06:21:20","slug":"el-marques-primer-municipio-con-todos-sus-empleados-capacitados-contra-la-corrupcion","status":"publish","type":"post","link":"https:\/\/www.nexoinformativo.mx\/index.php\/2025\/06\/02\/el-marques-primer-municipio-con-todos-sus-empleados-capacitados-contra-la-corrupcion\/","title":{"rendered":"El Marqu\u00e9s primer municipio con todos sus empleados capacitados contra la corrupci\u00f3n"},"content":{"rendered":"<p style=\"text-align: justify;\" data-sourcepos=\"3:1-3:469\">El municipio de El Marqu\u00e9s se ha posicionado como un l\u00edder en la lucha contra la corrupci\u00f3n. El Sistema Estatal Anticorrupci\u00f3n ha reconocido a la administraci\u00f3n municipal, encabezada por Rodrigo Monsalvo, por lograr que el 100% de sus trabajadores completaran satisfactoriamente la capacitaci\u00f3n &#8220;municipios anticorrupci\u00f3n&#8221;.<\/p>\n<p>&nbsp;<\/p>\n<p style=\"text-align: justify;\" data-sourcepos=\"9:1-9:430\">Desde el inicio de la actual gesti\u00f3n, la administraci\u00f3n municipal ha capacitado a la totalidad de su personal. Esto significa que tres mil 107 servidores p\u00fablicos han recibido instrucci\u00f3n en materia de combate a la corrupci\u00f3n, demostrando un esfuerzo sin precedentes por parte del ayuntamiento.<\/p>\n<p>&nbsp;<\/p>\n<p style=\"text-align: justify;\" data-sourcepos=\"9:1-9:430\">Durante la ceremonia de reconocimiento, se entregaron diplomas al personal de diversas \u00e1reas municipales, destacando su dedicaci\u00f3n.<\/p>\n<p>&nbsp;<\/p>\n<p style=\"text-align: justify;\" data-sourcepos=\"11:1-11:449\">El alcalde Rodrigo Monsalvo reiter\u00f3 su firme compromiso de contribuir, desde el \u00e1mbito local, a consolidar una pol\u00edtica estatal anticorrupci\u00f3n. &#8220;En mi gobierno seguimos asumiendo esta tarea con resultados permanentes. Mi reconocimiento a los tres mil 107 servidores p\u00fablicos del municipio que acreditaron su capacitaci\u00f3n&#8221;, afirm\u00f3.<\/p>\n<p>&nbsp;<\/p>\n<p style=\"text-align: justify;\" data-sourcepos=\"13:1-13:227\">Monsalvo \u00a0a\u00f1adi\u00f3 que este esfuerzo acredita a El Marqu\u00e9s como un &#8220;municipio anticorrupci\u00f3n&#8221; y asegur\u00f3 que seguir\u00e1n cumpliendo con Quer\u00e9taro y con M\u00e9xico, con respeto al combate a la corrupci\u00f3n y fortaleza institucional.<\/p>\n<\/p>\n<p>&nbsp;<\/p>\n<p style=\"text-align: justify;\" data-sourcepos=\"19:1-19:343\">Mar\u00eda Leonor Hern\u00e1ndez, auditora superior municipal de El Marqu\u00e9s, explic\u00f3 que esta capacitaci\u00f3n cumple con lo establecido en el Plan Municipal de Desarrollo 2024-2027.<\/p>\n<p>&nbsp;<\/p>\n<p style=\"text-align: justify;\" data-sourcepos=\"19:1-19:343\">Este plan contempla el compromiso del alcalde Monsalvo Castel\u00e1n de fortalecer la transparencia, mejorar la rendici\u00f3n de cuentas y combatir la corrupci\u00f3n desde la base.<\/p>\n<p>&nbsp;<\/p>\n<p style=\"text-align: justify;\" data-sourcepos=\"21:1-21:357\">Por su parte, Jorge S\u00e1nchez Mart\u00ednez, titular de la Secretar\u00eda Ejecutiva del Sistema Estatal Anticorrupci\u00f3n, hizo un llamado a los servidores p\u00fablicos para seguir trabajando en el desarrollo de las comunidades.<\/p>\n<p>&nbsp;<\/p>\n<p style=\"text-align: justify;\" data-sourcepos=\"23:1-23:195\">En el evento estuvieron presentes la coordinadora de Gabinete Municipal, Claudia Mart\u00ednez Guevara, y el regidor s\u00edndico y presidente de la Comisi\u00f3n de Combate a la Corrupci\u00f3n, Luis El\u00edas Camacho.<\/p>\n<p>&nbsp;<\/p>\n<p style=\"text-align: justify;\" data-sourcepos=\"25:1-25:402\">La capacitaci\u00f3n del 100% de sus servidores p\u00fablicos no es solo un logro administrativo, sino un paso firme hacia una cultura de integridad que fortalece la confianza ciudadana y sienta las bases de un municipio ejemplar en el combate a la corrupci\u00f3n.<\/p>\n<p>&nbsp;<\/p>\n<p style=\"text-align: center;\" data-sourcepos=\"25:1-25:402\"><em><strong>\u00a1Informaci\u00f3n que transforma!<\/strong><\/em><\/p>\n","protected":false},"excerpt":{"rendered":"<p>El Marqu\u00e9s primer municipio con todos sus empleados capacitados contra la corrupci\u00f3n<\/p>\n","protected":false},"author":3,"featured_media":15529,"comment_status":"open","ping_status":"open","sticky":false,"template":"","format":"standard","meta":{"footnotes":""},"categories":[65,58,1],"tags":[4671,4669,729,4670],"class_list":["post-15527","post","type-post","status-publish","format-standard","has-post-thumbnail","hentry","category-municipios","category-ultima-hora","category-uncategorized","tag-cerocorrupcion","tag-elmarquesanticorrupcion","tag-gobiernotransparente","tag-queretarohonesto"],"yoast_head":"<!-- This site is optimized with the Yoast SEO plugin v25.0 - https:\/\/yoast.com\/wordpress\/plugins\/seo\/ -->\n<title>El Marqu\u00e9s primer municipio con todos sus empleados capacitados contra la corrupci\u00f3n | Nexo Informativo Santiago de Quer\u00e9taro<\/title>\n<meta name=\"description\" content=\"El Marqu\u00e9s tiene modelo nacional reconocido por capacitar al 100% de su personal contra la corrupci\u00f3n\" \/>\n<meta name=\"robots\" content=\"index, follow, max-snippet:-1, max-image-preview:large, max-video-preview:-1\" \/>\n<link rel=\"canonical\" href=\"https:\/\/www.nexoinformativo.mx\/index.php\/2025\/06\/02\/el-marques-primer-municipio-con-todos-sus-empleados-capacitados-contra-la-corrupcion\/\" \/>\n<meta property=\"og:locale\" content=\"es_MX\" \/>\n<meta property=\"og:type\" content=\"article\" \/>\n<meta property=\"og:title\" content=\"El Marqu\u00e9s primer municipio con todos sus empleados capacitados contra la corrupci\u00f3n | Nexo Informativo Santiago de Quer\u00e9taro\" \/>\n<meta property=\"og:description\" content=\"El Marqu\u00e9s tiene modelo nacional reconocido por capacitar al 100% de su personal contra la corrupci\u00f3n\" \/>\n<meta property=\"og:url\" content=\"https:\/\/www.nexoinformativo.mx\/index.php\/2025\/06\/02\/el-marques-primer-municipio-con-todos-sus-empleados-capacitados-contra-la-corrupcion\/\" \/>\n<meta property=\"og:site_name\" content=\"Nexo Informativo Santiago de Quer\u00e9taro\" \/>\n<meta property=\"article:publisher\" content=\"https:\/\/www.facebook.com\/people\/Nexo-Informativo\/61564066885511\/\" \/>\n<meta property=\"article:published_time\" content=\"2025-06-02T18:00:04+00:00\" \/>\n<meta property=\"article:modified_time\" content=\"2025-06-03T06:21:20+00:00\" \/>\n<meta property=\"og:image\" content=\"https:\/\/www.nexoinformativo.mx\/wp-content\/uploads\/2025\/06\/PHOTO-2025-06-02-10-00-51-scaled-e1748899452866.jpg\" \/>\n\t<meta property=\"og:image:width\" content=\"800\" \/>\n\t<meta property=\"og:image:height\" content=\"532\" \/>\n\t<meta property=\"og:image:type\" content=\"image\/jpeg\" \/>\n<meta name=\"author\" content=\"Nexo Informativo\" \/>\n<meta name=\"twitter:card\" content=\"summary_large_image\" \/>\n<meta name=\"twitter:label1\" content=\"Escrito por\" \/>\n\t<meta name=\"twitter:data1\" content=\"Nexo Informativo\" \/>\n\t<meta name=\"twitter:label2\" content=\"Tiempo de lectura\" \/>\n\t<meta name=\"twitter:data2\" content=\"2 minutos\" \/>\n<script type=\"application\/ld+json\" class=\"yoast-schema-graph\">{\"@context\":\"https:\/\/schema.org\",\"@graph\":[{\"@type\":\"Article\",\"@id\":\"https:\/\/www.nexoinformativo.mx\/index.php\/2025\/06\/02\/el-marques-primer-municipio-con-todos-sus-empleados-capacitados-contra-la-corrupcion\/#article\",\"isPartOf\":{\"@id\":\"https:\/\/www.nexoinformativo.mx\/index.php\/2025\/06\/02\/el-marques-primer-municipio-con-todos-sus-empleados-capacitados-contra-la-corrupcion\/\"},\"author\":{\"name\":\"Nexo Informativo\",\"@id\":\"https:\/\/www.nexoinformativo.mx\/#\/schema\/person\/7749d380ba08c8ca00d7bc76fd907b7d\"},\"headline\":\"El Marqu\u00e9s primer municipio con todos sus empleados capacitados contra la corrupci\u00f3n\",\"datePublished\":\"2025-06-02T18:00:04+00:00\",\"dateModified\":\"2025-06-03T06:21:20+00:00\",\"mainEntityOfPage\":{\"@id\":\"https:\/\/www.nexoinformativo.mx\/index.php\/2025\/06\/02\/el-marques-primer-municipio-con-todos-sus-empleados-capacitados-contra-la-corrupcion\/\"},\"wordCount\":406,\"commentCount\":0,\"publisher\":{\"@id\":\"https:\/\/www.nexoinformativo.mx\/#organization\"},\"image\":{\"@id\":\"https:\/\/www.nexoinformativo.mx\/index.php\/2025\/06\/02\/el-marques-primer-municipio-con-todos-sus-empleados-capacitados-contra-la-corrupcion\/#primaryimage\"},\"thumbnailUrl\":\"https:\/\/www.nexoinformativo.mx\/wp-content\/uploads\/2025\/06\/PHOTO-2025-06-02-10-00-51-scaled-e1748899452866.jpg\",\"keywords\":[\"CeroCorrupcion\",\"ElMarquesAnticorrupcion\",\"GobiernoTransparente\",\"Quer\u00e9taroHonesto\"],\"articleSection\":[\"Municipios\",\"\u00daltima Hora\",\"Uncategorized\"],\"inLanguage\":\"es\",\"potentialAction\":[{\"@type\":\"CommentAction\",\"name\":\"Comment\",\"target\":[\"https:\/\/www.nexoinformativo.mx\/index.php\/2025\/06\/02\/el-marques-primer-municipio-con-todos-sus-empleados-capacitados-contra-la-corrupcion\/#respond\"]}]},{\"@type\":\"WebPage\",\"@id\":\"https:\/\/www.nexoinformativo.mx\/index.php\/2025\/06\/02\/el-marques-primer-municipio-con-todos-sus-empleados-capacitados-contra-la-corrupcion\/\",\"url\":\"https:\/\/www.nexoinformativo.mx\/index.php\/2025\/06\/02\/el-marques-primer-municipio-con-todos-sus-empleados-capacitados-contra-la-corrupcion\/\",\"name\":\"El Marqu\u00e9s primer municipio con todos sus empleados capacitados contra la corrupci\u00f3n | Nexo Informativo Santiago de Quer\u00e9taro\",\"isPartOf\":{\"@id\":\"https:\/\/www.nexoinformativo.mx\/#website\"},\"primaryImageOfPage\":{\"@id\":\"https:\/\/www.nexoinformativo.mx\/index.php\/2025\/06\/02\/el-marques-primer-municipio-con-todos-sus-empleados-capacitados-contra-la-corrupcion\/#primaryimage\"},\"image\":{\"@id\":\"https:\/\/www.nexoinformativo.mx\/index.php\/2025\/06\/02\/el-marques-primer-municipio-con-todos-sus-empleados-capacitados-contra-la-corrupcion\/#primaryimage\"},\"thumbnailUrl\":\"https:\/\/www.nexoinformativo.mx\/wp-content\/uploads\/2025\/06\/PHOTO-2025-06-02-10-00-51-scaled-e1748899452866.jpg\",\"datePublished\":\"2025-06-02T18:00:04+00:00\",\"dateModified\":\"2025-06-03T06:21:20+00:00\",\"description\":\"El Marqu\u00e9s tiene modelo nacional reconocido por capacitar al 100% de su personal contra la corrupci\u00f3n\",\"breadcrumb\":{\"@id\":\"https:\/\/www.nexoinformativo.mx\/index.php\/2025\/06\/02\/el-marques-primer-municipio-con-todos-sus-empleados-capacitados-contra-la-corrupcion\/#breadcrumb\"},\"inLanguage\":\"es\",\"potentialAction\":[{\"@type\":\"ReadAction\",\"target\":[\"https:\/\/www.nexoinformativo.mx\/index.php\/2025\/06\/02\/el-marques-primer-municipio-con-todos-sus-empleados-capacitados-contra-la-corrupcion\/\"]}]},{\"@type\":\"ImageObject\",\"inLanguage\":\"es\",\"@id\":\"https:\/\/www.nexoinformativo.mx\/index.php\/2025\/06\/02\/el-marques-primer-municipio-con-todos-sus-empleados-capacitados-contra-la-corrupcion\/#primaryimage\",\"url\":\"https:\/\/www.nexoinformativo.mx\/wp-content\/uploads\/2025\/06\/PHOTO-2025-06-02-10-00-51-scaled-e1748899452866.jpg\",\"contentUrl\":\"https:\/\/www.nexoinformativo.mx\/wp-content\/uploads\/2025\/06\/PHOTO-2025-06-02-10-00-51-scaled-e1748899452866.jpg\",\"width\":800,\"height\":532},{\"@type\":\"BreadcrumbList\",\"@id\":\"https:\/\/www.nexoinformativo.mx\/index.php\/2025\/06\/02\/el-marques-primer-municipio-con-todos-sus-empleados-capacitados-contra-la-corrupcion\/#breadcrumb\",\"itemListElement\":[{\"@type\":\"ListItem\",\"position\":1,\"name\":\"Inicio\",\"item\":\"https:\/\/www.nexoinformativo.mx\/\"},{\"@type\":\"ListItem\",\"position\":2,\"name\":\"El Marqu\u00e9s primer municipio con todos sus empleados capacitados contra la corrupci\u00f3n\"}]},{\"@type\":\"WebSite\",\"@id\":\"https:\/\/www.nexoinformativo.mx\/#website\",\"url\":\"https:\/\/www.nexoinformativo.mx\/\",\"name\":\"Nexo Informativo Santiago de Quer\u00e9taro\",\"description\":\"Explora NexoInformativo y convi\u00e9rtete en parte de una comunidad que valora el conocimiento y la verdad. Tu nexoinformativo es tu puente hacia una comprensi\u00f3n m\u00e1s profunda del mundo que te rodea.\",\"publisher\":{\"@id\":\"https:\/\/www.nexoinformativo.mx\/#organization\"},\"potentialAction\":[{\"@type\":\"SearchAction\",\"target\":{\"@type\":\"EntryPoint\",\"urlTemplate\":\"https:\/\/www.nexoinformativo.mx\/?s={search_term_string}\"},\"query-input\":{\"@type\":\"PropertyValueSpecification\",\"valueRequired\":true,\"valueName\":\"search_term_string\"}}],\"inLanguage\":\"es\"},{\"@type\":\"Organization\",\"@id\":\"https:\/\/www.nexoinformativo.mx\/#organization\",\"name\":\"Nexo Informativo Santiago de Quer\u00e9taro\",\"url\":\"https:\/\/www.nexoinformativo.mx\/\",\"logo\":{\"@type\":\"ImageObject\",\"inLanguage\":\"es\",\"@id\":\"https:\/\/www.nexoinformativo.mx\/#\/schema\/logo\/image\/\",\"url\":\"https:\/\/www.nexoinformativo.mx\/wp-content\/uploads\/2024\/07\/nexoi-trasparente-2.png\",\"contentUrl\":\"https:\/\/www.nexoinformativo.mx\/wp-content\/uploads\/2024\/07\/nexoi-trasparente-2.png\",\"width\":816,\"height\":339,\"caption\":\"Nexo Informativo Santiago de Quer\u00e9taro\"},\"image\":{\"@id\":\"https:\/\/www.nexoinformativo.mx\/#\/schema\/logo\/image\/\"},\"sameAs\":[\"https:\/\/www.facebook.com\/people\/Nexo-Informativo\/61564066885511\/\"]},{\"@type\":\"Person\",\"@id\":\"https:\/\/www.nexoinformativo.mx\/#\/schema\/person\/7749d380ba08c8ca00d7bc76fd907b7d\",\"name\":\"Nexo Informativo\",\"image\":{\"@type\":\"ImageObject\",\"inLanguage\":\"es\",\"@id\":\"https:\/\/www.nexoinformativo.mx\/#\/schema\/person\/image\/\",\"url\":\"https:\/\/secure.gravatar.com\/avatar\/dde2928154642a13d95f87ddf1ea9718fe2b46760a005c53e41ff5ad610704e6?s=96&d=mm&r=g\",\"contentUrl\":\"https:\/\/secure.gravatar.com\/avatar\/dde2928154642a13d95f87ddf1ea9718fe2b46760a005c53e41ff5ad610704e6?s=96&d=mm&r=g\",\"caption\":\"Nexo Informativo\"},\"url\":\"https:\/\/www.nexoinformativo.mx\/index.php\/author\/edicion\/\"}]}<\/script>\n<!-- \/ Yoast SEO plugin. -->","yoast_head_json":{"title":"El Marqu\u00e9s primer municipio con todos sus empleados capacitados contra la corrupci\u00f3n | Nexo Informativo Santiago de Quer\u00e9taro","description":"El Marqu\u00e9s tiene modelo nacional reconocido por capacitar al 100% de su personal contra la corrupci\u00f3n","robots":{"index":"index","follow":"follow","max-snippet":"max-snippet:-1","max-image-preview":"max-image-preview:large","max-video-preview":"max-video-preview:-1"},"canonical":"https:\/\/www.nexoinformativo.mx\/index.php\/2025\/06\/02\/el-marques-primer-municipio-con-todos-sus-empleados-capacitados-contra-la-corrupcion\/","og_locale":"es_MX","og_type":"article","og_title":"El Marqu\u00e9s primer municipio con todos sus empleados capacitados contra la corrupci\u00f3n | Nexo Informativo Santiago de Quer\u00e9taro","og_description":"El Marqu\u00e9s tiene modelo nacional reconocido por capacitar al 100% de su personal contra la corrupci\u00f3n","og_url":"https:\/\/www.nexoinformativo.mx\/index.php\/2025\/06\/02\/el-marques-primer-municipio-con-todos-sus-empleados-capacitados-contra-la-corrupcion\/","og_site_name":"Nexo Informativo Santiago de Quer\u00e9taro","article_publisher":"https:\/\/www.facebook.com\/people\/Nexo-Informativo\/61564066885511\/","article_published_time":"2025-06-02T18:00:04+00:00","article_modified_time":"2025-06-03T06:21:20+00:00","og_image":[{"width":800,"height":532,"url":"https:\/\/www.nexoinformativo.mx\/wp-content\/uploads\/2025\/06\/PHOTO-2025-06-02-10-00-51-scaled-e1748899452866.jpg","type":"image\/jpeg"}],"author":"Nexo Informativo","twitter_card":"summary_large_image","twitter_misc":{"Escrito por":"Nexo Informativo","Tiempo de lectura":"2 minutos"},"schema":{"@context":"https:\/\/schema.org","@graph":[{"@type":"Article","@id":"https:\/\/www.nexoinformativo.mx\/index.php\/2025\/06\/02\/el-marques-primer-municipio-con-todos-sus-empleados-capacitados-contra-la-corrupcion\/#article","isPartOf":{"@id":"https:\/\/www.nexoinformativo.mx\/index.php\/2025\/06\/02\/el-marques-primer-municipio-con-todos-sus-empleados-capacitados-contra-la-corrupcion\/"},"author":{"name":"Nexo Informativo","@id":"https:\/\/www.nexoinformativo.mx\/#\/schema\/person\/7749d380ba08c8ca00d7bc76fd907b7d"},"headline":"El Marqu\u00e9s primer municipio con todos sus empleados capacitados contra la corrupci\u00f3n","datePublished":"2025-06-02T18:00:04+00:00","dateModified":"2025-06-03T06:21:20+00:00","mainEntityOfPage":{"@id":"https:\/\/www.nexoinformativo.mx\/index.php\/2025\/06\/02\/el-marques-primer-municipio-con-todos-sus-empleados-capacitados-contra-la-corrupcion\/"},"wordCount":406,"commentCount":0,"publisher":{"@id":"https:\/\/www.nexoinformativo.mx\/#organization"},"image":{"@id":"https:\/\/www.nexoinformativo.mx\/index.php\/2025\/06\/02\/el-marques-primer-municipio-con-todos-sus-empleados-capacitados-contra-la-corrupcion\/#primaryimage"},"thumbnailUrl":"https:\/\/www.nexoinformativo.mx\/wp-content\/uploads\/2025\/06\/PHOTO-2025-06-02-10-00-51-scaled-e1748899452866.jpg","keywords":["CeroCorrupcion","ElMarquesAnticorrupcion","GobiernoTransparente","Quer\u00e9taroHonesto"],"articleSection":["Municipios","\u00daltima Hora","Uncategorized"],"inLanguage":"es","potentialAction":[{"@type":"CommentAction","name":"Comment","target":["https:\/\/www.nexoinformativo.mx\/index.php\/2025\/06\/02\/el-marques-primer-municipio-con-todos-sus-empleados-capacitados-contra-la-corrupcion\/#respond"]}]},{"@type":"WebPage","@id":"https:\/\/www.nexoinformativo.mx\/index.php\/2025\/06\/02\/el-marques-primer-municipio-con-todos-sus-empleados-capacitados-contra-la-corrupcion\/","url":"https:\/\/www.nexoinformativo.mx\/index.php\/2025\/06\/02\/el-marques-primer-municipio-con-todos-sus-empleados-capacitados-contra-la-corrupcion\/","name":"El Marqu\u00e9s primer municipio con todos sus empleados capacitados contra la corrupci\u00f3n | Nexo Informativo Santiago de Quer\u00e9taro","isPartOf":{"@id":"https:\/\/www.nexoinformativo.mx\/#website"},"primaryImageOfPage":{"@id":"https:\/\/www.nexoinformativo.mx\/index.php\/2025\/06\/02\/el-marques-primer-municipio-con-todos-sus-empleados-capacitados-contra-la-corrupcion\/#primaryimage"},"image":{"@id":"https:\/\/www.nexoinformativo.mx\/index.php\/2025\/06\/02\/el-marques-primer-municipio-con-todos-sus-empleados-capacitados-contra-la-corrupcion\/#primaryimage"},"thumbnailUrl":"https:\/\/www.nexoinformativo.mx\/wp-content\/uploads\/2025\/06\/PHOTO-2025-06-02-10-00-51-scaled-e1748899452866.jpg","datePublished":"2025-06-02T18:00:04+00:00","dateModified":"2025-06-03T06:21:20+00:00","description":"El Marqu\u00e9s tiene modelo nacional reconocido por capacitar al 100% de su personal contra la corrupci\u00f3n","breadcrumb":{"@id":"https:\/\/www.nexoinformativo.mx\/index.php\/2025\/06\/02\/el-marques-primer-municipio-con-todos-sus-empleados-capacitados-contra-la-corrupcion\/#breadcrumb"},"inLanguage":"es","potentialAction":[{"@type":"ReadAction","target":["https:\/\/www.nexoinformativo.mx\/index.php\/2025\/06\/02\/el-marques-primer-municipio-con-todos-sus-empleados-capacitados-contra-la-corrupcion\/"]}]},{"@type":"ImageObject","inLanguage":"es","@id":"https:\/\/www.nexoinformativo.mx\/index.php\/2025\/06\/02\/el-marques-primer-municipio-con-todos-sus-empleados-capacitados-contra-la-corrupcion\/#primaryimage","url":"https:\/\/www.nexoinformativo.mx\/wp-content\/uploads\/2025\/06\/PHOTO-2025-06-02-10-00-51-scaled-e1748899452866.jpg","contentUrl":"https:\/\/www.nexoinformativo.mx\/wp-content\/uploads\/2025\/06\/PHOTO-2025-06-02-10-00-51-scaled-e1748899452866.jpg","width":800,"height":532},{"@type":"BreadcrumbList","@id":"https:\/\/www.nexoinformativo.mx\/index.php\/2025\/06\/02\/el-marques-primer-municipio-con-todos-sus-empleados-capacitados-contra-la-corrupcion\/#breadcrumb","itemListElement":[{"@type":"ListItem","position":1,"name":"Inicio","item":"https:\/\/www.nexoinformativo.mx\/"},{"@type":"ListItem","position":2,"name":"El Marqu\u00e9s primer municipio con todos sus empleados capacitados contra la corrupci\u00f3n"}]},{"@type":"WebSite","@id":"https:\/\/www.nexoinformativo.mx\/#website","url":"https:\/\/www.nexoinformativo.mx\/","name":"Nexo Informativo Santiago de Quer\u00e9taro","description":"Explora NexoInformativo y convi\u00e9rtete en parte de una comunidad que valora el conocimiento y la verdad. Tu nexoinformativo es tu puente hacia una comprensi\u00f3n m\u00e1s profunda del mundo que te rodea.","publisher":{"@id":"https:\/\/www.nexoinformativo.mx\/#organization"},"potentialAction":[{"@type":"SearchAction","target":{"@type":"EntryPoint","urlTemplate":"https:\/\/www.nexoinformativo.mx\/?s={search_term_string}"},"query-input":{"@type":"PropertyValueSpecification","valueRequired":true,"valueName":"search_term_string"}}],"inLanguage":"es"},{"@type":"Organization","@id":"https:\/\/www.nexoinformativo.mx\/#organization","name":"Nexo Informativo Santiago de Quer\u00e9taro","url":"https:\/\/www.nexoinformativo.mx\/","logo":{"@type":"ImageObject","inLanguage":"es","@id":"https:\/\/www.nexoinformativo.mx\/#\/schema\/logo\/image\/","url":"https:\/\/www.nexoinformativo.mx\/wp-content\/uploads\/2024\/07\/nexoi-trasparente-2.png","contentUrl":"https:\/\/www.nexoinformativo.mx\/wp-content\/uploads\/2024\/07\/nexoi-trasparente-2.png","width":816,"height":339,"caption":"Nexo Informativo Santiago de Quer\u00e9taro"},"image":{"@id":"https:\/\/www.nexoinformativo.mx\/#\/schema\/logo\/image\/"},"sameAs":["https:\/\/www.facebook.com\/people\/Nexo-Informativo\/61564066885511\/"]},{"@type":"Person","@id":"https:\/\/www.nexoinformativo.mx\/#\/schema\/person\/7749d380ba08c8ca00d7bc76fd907b7d","name":"Nexo Informativo","image":{"@type":"ImageObject","inLanguage":"es","@id":"https:\/\/www.nexoinformativo.mx\/#\/schema\/person\/image\/","url":"https:\/\/secure.gravatar.com\/avatar\/dde2928154642a13d95f87ddf1ea9718fe2b46760a005c53e41ff5ad610704e6?s=96&d=mm&r=g","contentUrl":"https:\/\/secure.gravatar.com\/avatar\/dde2928154642a13d95f87ddf1ea9718fe2b46760a005c53e41ff5ad610704e6?s=96&d=mm&r=g","caption":"Nexo Informativo"},"url":"https:\/\/www.nexoinformativo.mx\/index.php\/author\/edicion\/"}]}},"_links":{"self":[{"href":"https:\/\/www.nexoinformativo.mx\/index.php\/wp-json\/wp\/v2\/posts\/15527","targetHints":{"allow":["GET"]}}],"collection":[{"href":"https:\/\/www.nexoinformativo.mx\/index.php\/wp-json\/wp\/v2\/posts"}],"about":[{"href":"https:\/\/www.nexoinformativo.mx\/index.php\/wp-json\/wp\/v2\/types\/post"}],"author":[{"embeddable":true,"href":"https:\/\/www.nexoinformativo.mx\/index.php\/wp-json\/wp\/v2\/users\/3"}],"replies":[{"embeddable":true,"href":"https:\/\/www.nexoinformativo.mx\/index.php\/wp-json\/wp\/v2\/comments?post=15527"}],"version-history":[{"count":5,"href":"https:\/\/www.nexoinformativo.mx\/index.php\/wp-json\/wp\/v2\/posts\/15527\/revisions"}],"predecessor-version":[{"id":15530,"href":"https:\/\/www.nexoinformativo.mx\/index.php\/wp-json\/wp\/v2\/posts\/15527\/revisions\/15530"}],"wp:featuredmedia":[{"embeddable":true,"href":"https:\/\/www.nexoinformativo.mx\/index.php\/wp-json\/wp\/v2\/media\/15529"}],"wp:attachment":[{"href":"https:\/\/www.nexoinformativo.mx\/index.php\/wp-json\/wp\/v2\/media?parent=15527"}],"wp:term":[{"taxonomy":"category","embeddable":true,"href":"https:\/\/www.nexoinformativo.mx\/index.php\/wp-json\/wp\/v2\/categories?post=15527"},{"taxonomy":"post_tag","embeddable":true,"href":"https:\/\/www.nexoinformativo.mx\/index.php\/wp-json\/wp\/v2\/tags?post=15527"}],"curies":[{"name":"wp","href":"https:\/\/api.w.org\/{rel}","templated":true}]}}