{"id":1554,"date":"2024-09-04T11:22:15","date_gmt":"2024-09-04T17:22:15","guid":{"rendered":"https:\/\/www.nexoinformativo.mx\/?p=1554"},"modified":"2024-09-04T11:22:15","modified_gmt":"2024-09-04T17:22:15","slug":"inauguran-expo-industrial-y-comercial-en-queretaro-con-grandes-expectativas-economicas","status":"publish","type":"post","link":"https:\/\/www.nexoinformativo.mx\/index.php\/2024\/09\/04\/inauguran-expo-industrial-y-comercial-en-queretaro-con-grandes-expectativas-economicas\/","title":{"rendered":"Inauguran Expo Industrial y Comercial en Quer\u00e9taro con grandes expectativas econ\u00f3micas"},"content":{"rendered":"<p style=\"text-align: justify;\">El gobernador Mauricio Kuri inaugur\u00f3 la Expo Encuentro Industrial y Comercial en Quer\u00e9taro, un evento que promete ser un motor clave para la vinculaci\u00f3n comercial y el desarrollo de negocios en la regi\u00f3n. Durante los tres d\u00edas que durar\u00e1 la Expo, se espera una derrama econ\u00f3mica de 3 mil 600 millones de pesos, subrayando la importancia de este evento para fortalecer las cadenas de proveedur\u00eda locales y nacionales.<\/p>\n<p>&nbsp;<\/p>\n<p style=\"text-align: justify;\">El secretario de Desarrollo Sustentable del Gobierno del Estado, Marco Del Prete Tercero, explic\u00f3 que la Expo, celebrada en el Quer\u00e9taro Centro de Congresos, contar\u00e1 con tres pabellones dedicados al sector industrial, comercial y tecnol\u00f3gico. Estos espacios ser\u00e1n el epicentro de citas de negocios entre empresas proveedoras y grandes compa\u00f1\u00edas compradoras, fomentando as\u00ed nuevas oportunidades comerciales y colaboraciones estrat\u00e9gicas.<\/p>\n<p>&nbsp;<\/p>\n<p style=\"text-align: justify;\">Adem\u00e1s de las actividades de negocio, la Expo incluir\u00e1 una feria de empleo orientada a profesionistas, donde m\u00e1s de 40 empresas ofrecer\u00e1n diversas vacantes. Este esfuerzo busca no solo generar empleo, sino tambi\u00e9n conectar a los talentos locales con oportunidades significativas en la regi\u00f3n.<\/p>\n<p style=\"text-align: justify;\">Por \u00faltimo, un grupo de artesanos locales tendr\u00e1 la oportunidad de exhibir y vender sus productos, integrando la riqueza cultural de Quer\u00e9taro en un evento que mezcla innovaci\u00f3n, comercio y tradici\u00f3n.<\/p>\n","protected":false},"excerpt":{"rendered":"<p>El gobernador Mauricio Kuri inaugur\u00f3 la Expo Encuentro Industrial y Comercial en Quer\u00e9taro, un evento que promete ser un motor clave para la vinculaci\u00f3n comercial y el desarrollo de negocios en la regi\u00f3n. Durante los tres d\u00edas que durar\u00e1 la Expo, se espera una derrama econ\u00f3mica de 3 mil 600 millones de pesos, subrayando la importancia de este evento para fortalecer las cadenas de proveedur\u00eda locales y nacionales.<\/p>\n","protected":false},"author":3,"featured_media":1555,"comment_status":"open","ping_status":"open","sticky":false,"template":"","format":"standard","meta":{"footnotes":""},"categories":[5,42,58],"tags":[486,352,484,485],"class_list":["post-1554","post","type-post","status-publish","format-standard","has-post-thumbnail","hentry","category-economia","category-estado","category-ultima-hora","tag-crecimientoindustria","tag-desarrolloeconomico","tag-expoqueretaro2024","tag-oportunidadesdenegocio"],"yoast_head":"<!-- This site is optimized with the Yoast SEO plugin v25.0 - https:\/\/yoast.com\/wordpress\/plugins\/seo\/ -->\n<title>Inauguran Expo Industrial y Comercial en Quer\u00e9taro con grandes expectativas econ\u00f3micas | Nexo Informativo Santiago de Quer\u00e9taro<\/title>\n<meta name=\"description\" content=\"Inauguran Expo Industrial y Comercial en Quer\u00e9taro con grandes expectativas econ\u00f3micas\" \/>\n<meta name=\"robots\" content=\"index, follow, max-snippet:-1, max-image-preview:large, max-video-preview:-1\" \/>\n<link rel=\"canonical\" href=\"https:\/\/www.nexoinformativo.mx\/index.php\/2024\/09\/04\/inauguran-expo-industrial-y-comercial-en-queretaro-con-grandes-expectativas-economicas\/\" \/>\n<meta property=\"og:locale\" content=\"es_MX\" \/>\n<meta property=\"og:type\" content=\"article\" \/>\n<meta property=\"og:title\" content=\"Inauguran Expo Industrial y Comercial en Quer\u00e9taro con grandes expectativas econ\u00f3micas | Nexo Informativo Santiago de Quer\u00e9taro\" \/>\n<meta property=\"og:description\" content=\"Inauguran Expo Industrial y Comercial en Quer\u00e9taro con grandes expectativas econ\u00f3micas\" \/>\n<meta property=\"og:url\" content=\"https:\/\/www.nexoinformativo.mx\/index.php\/2024\/09\/04\/inauguran-expo-industrial-y-comercial-en-queretaro-con-grandes-expectativas-economicas\/\" \/>\n<meta property=\"og:site_name\" content=\"Nexo Informativo Santiago de Quer\u00e9taro\" \/>\n<meta property=\"article:publisher\" content=\"https:\/\/www.facebook.com\/people\/Nexo-Informativo\/61564066885511\/\" \/>\n<meta property=\"article:published_time\" content=\"2024-09-04T17:22:15+00:00\" \/>\n<meta property=\"og:image\" content=\"https:\/\/www.nexoinformativo.mx\/wp-content\/uploads\/2024\/09\/unnamed-11-1-e1725470465396.jpg\" \/>\n\t<meta property=\"og:image:width\" content=\"800\" \/>\n\t<meta property=\"og:image:height\" content=\"533\" \/>\n\t<meta property=\"og:image:type\" content=\"image\/jpeg\" \/>\n<meta name=\"author\" content=\"Nexo Informativo\" \/>\n<meta name=\"twitter:card\" content=\"summary_large_image\" \/>\n<meta name=\"twitter:label1\" content=\"Escrito por\" \/>\n\t<meta name=\"twitter:data1\" content=\"Nexo Informativo\" \/>\n\t<meta name=\"twitter:label2\" content=\"Tiempo de lectura\" \/>\n\t<meta name=\"twitter:data2\" content=\"2 minutos\" \/>\n<script type=\"application\/ld+json\" class=\"yoast-schema-graph\">{\"@context\":\"https:\/\/schema.org\",\"@graph\":[{\"@type\":\"Article\",\"@id\":\"https:\/\/www.nexoinformativo.mx\/index.php\/2024\/09\/04\/inauguran-expo-industrial-y-comercial-en-queretaro-con-grandes-expectativas-economicas\/#article\",\"isPartOf\":{\"@id\":\"https:\/\/www.nexoinformativo.mx\/index.php\/2024\/09\/04\/inauguran-expo-industrial-y-comercial-en-queretaro-con-grandes-expectativas-economicas\/\"},\"author\":{\"name\":\"Nexo Informativo\",\"@id\":\"https:\/\/www.nexoinformativo.mx\/#\/schema\/person\/7749d380ba08c8ca00d7bc76fd907b7d\"},\"headline\":\"Inauguran Expo Industrial y Comercial en Quer\u00e9taro con grandes expectativas econ\u00f3micas\",\"datePublished\":\"2024-09-04T17:22:15+00:00\",\"mainEntityOfPage\":{\"@id\":\"https:\/\/www.nexoinformativo.mx\/index.php\/2024\/09\/04\/inauguran-expo-industrial-y-comercial-en-queretaro-con-grandes-expectativas-economicas\/\"},\"wordCount\":233,\"commentCount\":0,\"publisher\":{\"@id\":\"https:\/\/www.nexoinformativo.mx\/#organization\"},\"image\":{\"@id\":\"https:\/\/www.nexoinformativo.mx\/index.php\/2024\/09\/04\/inauguran-expo-industrial-y-comercial-en-queretaro-con-grandes-expectativas-economicas\/#primaryimage\"},\"thumbnailUrl\":\"https:\/\/www.nexoinformativo.mx\/wp-content\/uploads\/2024\/09\/unnamed-11-1-e1725470465396.jpg\",\"keywords\":[\"CrecimientoIndustria\",\"DesarrolloEcon\u00f3mico\",\"ExpoQuer\u00e9taro2024\",\"OportunidadesDeNegocio\"],\"articleSection\":[\"Econom\u00eda\",\"Estado\",\"\u00daltima Hora\"],\"inLanguage\":\"es\",\"potentialAction\":[{\"@type\":\"CommentAction\",\"name\":\"Comment\",\"target\":[\"https:\/\/www.nexoinformativo.mx\/index.php\/2024\/09\/04\/inauguran-expo-industrial-y-comercial-en-queretaro-con-grandes-expectativas-economicas\/#respond\"]}]},{\"@type\":\"WebPage\",\"@id\":\"https:\/\/www.nexoinformativo.mx\/index.php\/2024\/09\/04\/inauguran-expo-industrial-y-comercial-en-queretaro-con-grandes-expectativas-economicas\/\",\"url\":\"https:\/\/www.nexoinformativo.mx\/index.php\/2024\/09\/04\/inauguran-expo-industrial-y-comercial-en-queretaro-con-grandes-expectativas-economicas\/\",\"name\":\"Inauguran Expo Industrial y Comercial en Quer\u00e9taro con grandes expectativas econ\u00f3micas | Nexo Informativo Santiago de Quer\u00e9taro\",\"isPartOf\":{\"@id\":\"https:\/\/www.nexoinformativo.mx\/#website\"},\"primaryImageOfPage\":{\"@id\":\"https:\/\/www.nexoinformativo.mx\/index.php\/2024\/09\/04\/inauguran-expo-industrial-y-comercial-en-queretaro-con-grandes-expectativas-economicas\/#primaryimage\"},\"image\":{\"@id\":\"https:\/\/www.nexoinformativo.mx\/index.php\/2024\/09\/04\/inauguran-expo-industrial-y-comercial-en-queretaro-con-grandes-expectativas-economicas\/#primaryimage\"},\"thumbnailUrl\":\"https:\/\/www.nexoinformativo.mx\/wp-content\/uploads\/2024\/09\/unnamed-11-1-e1725470465396.jpg\",\"datePublished\":\"2024-09-04T17:22:15+00:00\",\"description\":\"Inauguran Expo Industrial y Comercial en Quer\u00e9taro con grandes expectativas econ\u00f3micas\",\"breadcrumb\":{\"@id\":\"https:\/\/www.nexoinformativo.mx\/index.php\/2024\/09\/04\/inauguran-expo-industrial-y-comercial-en-queretaro-con-grandes-expectativas-economicas\/#breadcrumb\"},\"inLanguage\":\"es\",\"potentialAction\":[{\"@type\":\"ReadAction\",\"target\":[\"https:\/\/www.nexoinformativo.mx\/index.php\/2024\/09\/04\/inauguran-expo-industrial-y-comercial-en-queretaro-con-grandes-expectativas-economicas\/\"]}]},{\"@type\":\"ImageObject\",\"inLanguage\":\"es\",\"@id\":\"https:\/\/www.nexoinformativo.mx\/index.php\/2024\/09\/04\/inauguran-expo-industrial-y-comercial-en-queretaro-con-grandes-expectativas-economicas\/#primaryimage\",\"url\":\"https:\/\/www.nexoinformativo.mx\/wp-content\/uploads\/2024\/09\/unnamed-11-1-e1725470465396.jpg\",\"contentUrl\":\"https:\/\/www.nexoinformativo.mx\/wp-content\/uploads\/2024\/09\/unnamed-11-1-e1725470465396.jpg\",\"width\":800,\"height\":533},{\"@type\":\"BreadcrumbList\",\"@id\":\"https:\/\/www.nexoinformativo.mx\/index.php\/2024\/09\/04\/inauguran-expo-industrial-y-comercial-en-queretaro-con-grandes-expectativas-economicas\/#breadcrumb\",\"itemListElement\":[{\"@type\":\"ListItem\",\"position\":1,\"name\":\"Inicio\",\"item\":\"https:\/\/www.nexoinformativo.mx\/\"},{\"@type\":\"ListItem\",\"position\":2,\"name\":\"Inauguran Expo Industrial y Comercial en Quer\u00e9taro con grandes expectativas econ\u00f3micas\"}]},{\"@type\":\"WebSite\",\"@id\":\"https:\/\/www.nexoinformativo.mx\/#website\",\"url\":\"https:\/\/www.nexoinformativo.mx\/\",\"name\":\"Nexo Informativo Santiago de Quer\u00e9taro\",\"description\":\"Explora NexoInformativo y convi\u00e9rtete en parte de una comunidad que valora el conocimiento y la verdad. Tu nexoinformativo es tu puente hacia una comprensi\u00f3n m\u00e1s profunda del mundo que te rodea.\",\"publisher\":{\"@id\":\"https:\/\/www.nexoinformativo.mx\/#organization\"},\"potentialAction\":[{\"@type\":\"SearchAction\",\"target\":{\"@type\":\"EntryPoint\",\"urlTemplate\":\"https:\/\/www.nexoinformativo.mx\/?s={search_term_string}\"},\"query-input\":{\"@type\":\"PropertyValueSpecification\",\"valueRequired\":true,\"valueName\":\"search_term_string\"}}],\"inLanguage\":\"es\"},{\"@type\":\"Organization\",\"@id\":\"https:\/\/www.nexoinformativo.mx\/#organization\",\"name\":\"Nexo Informativo Santiago de Quer\u00e9taro\",\"url\":\"https:\/\/www.nexoinformativo.mx\/\",\"logo\":{\"@type\":\"ImageObject\",\"inLanguage\":\"es\",\"@id\":\"https:\/\/www.nexoinformativo.mx\/#\/schema\/logo\/image\/\",\"url\":\"https:\/\/www.nexoinformativo.mx\/wp-content\/uploads\/2024\/07\/nexoi-trasparente-2.png\",\"contentUrl\":\"https:\/\/www.nexoinformativo.mx\/wp-content\/uploads\/2024\/07\/nexoi-trasparente-2.png\",\"width\":816,\"height\":339,\"caption\":\"Nexo Informativo Santiago de Quer\u00e9taro\"},\"image\":{\"@id\":\"https:\/\/www.nexoinformativo.mx\/#\/schema\/logo\/image\/\"},\"sameAs\":[\"https:\/\/www.facebook.com\/people\/Nexo-Informativo\/61564066885511\/\"]},{\"@type\":\"Person\",\"@id\":\"https:\/\/www.nexoinformativo.mx\/#\/schema\/person\/7749d380ba08c8ca00d7bc76fd907b7d\",\"name\":\"Nexo Informativo\",\"image\":{\"@type\":\"ImageObject\",\"inLanguage\":\"es\",\"@id\":\"https:\/\/www.nexoinformativo.mx\/#\/schema\/person\/image\/\",\"url\":\"https:\/\/secure.gravatar.com\/avatar\/dde2928154642a13d95f87ddf1ea9718fe2b46760a005c53e41ff5ad610704e6?s=96&d=mm&r=g\",\"contentUrl\":\"https:\/\/secure.gravatar.com\/avatar\/dde2928154642a13d95f87ddf1ea9718fe2b46760a005c53e41ff5ad610704e6?s=96&d=mm&r=g\",\"caption\":\"Nexo Informativo\"},\"url\":\"https:\/\/www.nexoinformativo.mx\/index.php\/author\/edicion\/\"}]}<\/script>\n<!-- \/ Yoast SEO plugin. -->","yoast_head_json":{"title":"Inauguran Expo Industrial y Comercial en Quer\u00e9taro con grandes expectativas econ\u00f3micas | Nexo Informativo Santiago de Quer\u00e9taro","description":"Inauguran Expo Industrial y Comercial en Quer\u00e9taro con grandes expectativas econ\u00f3micas","robots":{"index":"index","follow":"follow","max-snippet":"max-snippet:-1","max-image-preview":"max-image-preview:large","max-video-preview":"max-video-preview:-1"},"canonical":"https:\/\/www.nexoinformativo.mx\/index.php\/2024\/09\/04\/inauguran-expo-industrial-y-comercial-en-queretaro-con-grandes-expectativas-economicas\/","og_locale":"es_MX","og_type":"article","og_title":"Inauguran Expo Industrial y Comercial en Quer\u00e9taro con grandes expectativas econ\u00f3micas | Nexo Informativo Santiago de Quer\u00e9taro","og_description":"Inauguran Expo Industrial y Comercial en Quer\u00e9taro con grandes expectativas econ\u00f3micas","og_url":"https:\/\/www.nexoinformativo.mx\/index.php\/2024\/09\/04\/inauguran-expo-industrial-y-comercial-en-queretaro-con-grandes-expectativas-economicas\/","og_site_name":"Nexo Informativo Santiago de Quer\u00e9taro","article_publisher":"https:\/\/www.facebook.com\/people\/Nexo-Informativo\/61564066885511\/","article_published_time":"2024-09-04T17:22:15+00:00","og_image":[{"width":800,"height":533,"url":"https:\/\/www.nexoinformativo.mx\/wp-content\/uploads\/2024\/09\/unnamed-11-1-e1725470465396.jpg","type":"image\/jpeg"}],"author":"Nexo Informativo","twitter_card":"summary_large_image","twitter_misc":{"Escrito por":"Nexo Informativo","Tiempo de lectura":"2 minutos"},"schema":{"@context":"https:\/\/schema.org","@graph":[{"@type":"Article","@id":"https:\/\/www.nexoinformativo.mx\/index.php\/2024\/09\/04\/inauguran-expo-industrial-y-comercial-en-queretaro-con-grandes-expectativas-economicas\/#article","isPartOf":{"@id":"https:\/\/www.nexoinformativo.mx\/index.php\/2024\/09\/04\/inauguran-expo-industrial-y-comercial-en-queretaro-con-grandes-expectativas-economicas\/"},"author":{"name":"Nexo Informativo","@id":"https:\/\/www.nexoinformativo.mx\/#\/schema\/person\/7749d380ba08c8ca00d7bc76fd907b7d"},"headline":"Inauguran Expo Industrial y Comercial en Quer\u00e9taro con grandes expectativas econ\u00f3micas","datePublished":"2024-09-04T17:22:15+00:00","mainEntityOfPage":{"@id":"https:\/\/www.nexoinformativo.mx\/index.php\/2024\/09\/04\/inauguran-expo-industrial-y-comercial-en-queretaro-con-grandes-expectativas-economicas\/"},"wordCount":233,"commentCount":0,"publisher":{"@id":"https:\/\/www.nexoinformativo.mx\/#organization"},"image":{"@id":"https:\/\/www.nexoinformativo.mx\/index.php\/2024\/09\/04\/inauguran-expo-industrial-y-comercial-en-queretaro-con-grandes-expectativas-economicas\/#primaryimage"},"thumbnailUrl":"https:\/\/www.nexoinformativo.mx\/wp-content\/uploads\/2024\/09\/unnamed-11-1-e1725470465396.jpg","keywords":["CrecimientoIndustria","DesarrolloEcon\u00f3mico","ExpoQuer\u00e9taro2024","OportunidadesDeNegocio"],"articleSection":["Econom\u00eda","Estado","\u00daltima Hora"],"inLanguage":"es","potentialAction":[{"@type":"CommentAction","name":"Comment","target":["https:\/\/www.nexoinformativo.mx\/index.php\/2024\/09\/04\/inauguran-expo-industrial-y-comercial-en-queretaro-con-grandes-expectativas-economicas\/#respond"]}]},{"@type":"WebPage","@id":"https:\/\/www.nexoinformativo.mx\/index.php\/2024\/09\/04\/inauguran-expo-industrial-y-comercial-en-queretaro-con-grandes-expectativas-economicas\/","url":"https:\/\/www.nexoinformativo.mx\/index.php\/2024\/09\/04\/inauguran-expo-industrial-y-comercial-en-queretaro-con-grandes-expectativas-economicas\/","name":"Inauguran Expo Industrial y Comercial en Quer\u00e9taro con grandes expectativas econ\u00f3micas | Nexo Informativo Santiago de Quer\u00e9taro","isPartOf":{"@id":"https:\/\/www.nexoinformativo.mx\/#website"},"primaryImageOfPage":{"@id":"https:\/\/www.nexoinformativo.mx\/index.php\/2024\/09\/04\/inauguran-expo-industrial-y-comercial-en-queretaro-con-grandes-expectativas-economicas\/#primaryimage"},"image":{"@id":"https:\/\/www.nexoinformativo.mx\/index.php\/2024\/09\/04\/inauguran-expo-industrial-y-comercial-en-queretaro-con-grandes-expectativas-economicas\/#primaryimage"},"thumbnailUrl":"https:\/\/www.nexoinformativo.mx\/wp-content\/uploads\/2024\/09\/unnamed-11-1-e1725470465396.jpg","datePublished":"2024-09-04T17:22:15+00:00","description":"Inauguran Expo Industrial y Comercial en Quer\u00e9taro con grandes expectativas econ\u00f3micas","breadcrumb":{"@id":"https:\/\/www.nexoinformativo.mx\/index.php\/2024\/09\/04\/inauguran-expo-industrial-y-comercial-en-queretaro-con-grandes-expectativas-economicas\/#breadcrumb"},"inLanguage":"es","potentialAction":[{"@type":"ReadAction","target":["https:\/\/www.nexoinformativo.mx\/index.php\/2024\/09\/04\/inauguran-expo-industrial-y-comercial-en-queretaro-con-grandes-expectativas-economicas\/"]}]},{"@type":"ImageObject","inLanguage":"es","@id":"https:\/\/www.nexoinformativo.mx\/index.php\/2024\/09\/04\/inauguran-expo-industrial-y-comercial-en-queretaro-con-grandes-expectativas-economicas\/#primaryimage","url":"https:\/\/www.nexoinformativo.mx\/wp-content\/uploads\/2024\/09\/unnamed-11-1-e1725470465396.jpg","contentUrl":"https:\/\/www.nexoinformativo.mx\/wp-content\/uploads\/2024\/09\/unnamed-11-1-e1725470465396.jpg","width":800,"height":533},{"@type":"BreadcrumbList","@id":"https:\/\/www.nexoinformativo.mx\/index.php\/2024\/09\/04\/inauguran-expo-industrial-y-comercial-en-queretaro-con-grandes-expectativas-economicas\/#breadcrumb","itemListElement":[{"@type":"ListItem","position":1,"name":"Inicio","item":"https:\/\/www.nexoinformativo.mx\/"},{"@type":"ListItem","position":2,"name":"Inauguran Expo Industrial y Comercial en Quer\u00e9taro con grandes expectativas econ\u00f3micas"}]},{"@type":"WebSite","@id":"https:\/\/www.nexoinformativo.mx\/#website","url":"https:\/\/www.nexoinformativo.mx\/","name":"Nexo Informativo Santiago de Quer\u00e9taro","description":"Explora NexoInformativo y convi\u00e9rtete en parte de una comunidad que valora el conocimiento y la verdad. Tu nexoinformativo es tu puente hacia una comprensi\u00f3n m\u00e1s profunda del mundo que te rodea.","publisher":{"@id":"https:\/\/www.nexoinformativo.mx\/#organization"},"potentialAction":[{"@type":"SearchAction","target":{"@type":"EntryPoint","urlTemplate":"https:\/\/www.nexoinformativo.mx\/?s={search_term_string}"},"query-input":{"@type":"PropertyValueSpecification","valueRequired":true,"valueName":"search_term_string"}}],"inLanguage":"es"},{"@type":"Organization","@id":"https:\/\/www.nexoinformativo.mx\/#organization","name":"Nexo Informativo Santiago de Quer\u00e9taro","url":"https:\/\/www.nexoinformativo.mx\/","logo":{"@type":"ImageObject","inLanguage":"es","@id":"https:\/\/www.nexoinformativo.mx\/#\/schema\/logo\/image\/","url":"https:\/\/www.nexoinformativo.mx\/wp-content\/uploads\/2024\/07\/nexoi-trasparente-2.png","contentUrl":"https:\/\/www.nexoinformativo.mx\/wp-content\/uploads\/2024\/07\/nexoi-trasparente-2.png","width":816,"height":339,"caption":"Nexo Informativo Santiago de Quer\u00e9taro"},"image":{"@id":"https:\/\/www.nexoinformativo.mx\/#\/schema\/logo\/image\/"},"sameAs":["https:\/\/www.facebook.com\/people\/Nexo-Informativo\/61564066885511\/"]},{"@type":"Person","@id":"https:\/\/www.nexoinformativo.mx\/#\/schema\/person\/7749d380ba08c8ca00d7bc76fd907b7d","name":"Nexo Informativo","image":{"@type":"ImageObject","inLanguage":"es","@id":"https:\/\/www.nexoinformativo.mx\/#\/schema\/person\/image\/","url":"https:\/\/secure.gravatar.com\/avatar\/dde2928154642a13d95f87ddf1ea9718fe2b46760a005c53e41ff5ad610704e6?s=96&d=mm&r=g","contentUrl":"https:\/\/secure.gravatar.com\/avatar\/dde2928154642a13d95f87ddf1ea9718fe2b46760a005c53e41ff5ad610704e6?s=96&d=mm&r=g","caption":"Nexo Informativo"},"url":"https:\/\/www.nexoinformativo.mx\/index.php\/author\/edicion\/"}]}},"_links":{"self":[{"href":"https:\/\/www.nexoinformativo.mx\/index.php\/wp-json\/wp\/v2\/posts\/1554","targetHints":{"allow":["GET"]}}],"collection":[{"href":"https:\/\/www.nexoinformativo.mx\/index.php\/wp-json\/wp\/v2\/posts"}],"about":[{"href":"https:\/\/www.nexoinformativo.mx\/index.php\/wp-json\/wp\/v2\/types\/post"}],"author":[{"embeddable":true,"href":"https:\/\/www.nexoinformativo.mx\/index.php\/wp-json\/wp\/v2\/users\/3"}],"replies":[{"embeddable":true,"href":"https:\/\/www.nexoinformativo.mx\/index.php\/wp-json\/wp\/v2\/comments?post=1554"}],"version-history":[{"count":1,"href":"https:\/\/www.nexoinformativo.mx\/index.php\/wp-json\/wp\/v2\/posts\/1554\/revisions"}],"predecessor-version":[{"id":1556,"href":"https:\/\/www.nexoinformativo.mx\/index.php\/wp-json\/wp\/v2\/posts\/1554\/revisions\/1556"}],"wp:featuredmedia":[{"embeddable":true,"href":"https:\/\/www.nexoinformativo.mx\/index.php\/wp-json\/wp\/v2\/media\/1555"}],"wp:attachment":[{"href":"https:\/\/www.nexoinformativo.mx\/index.php\/wp-json\/wp\/v2\/media?parent=1554"}],"wp:term":[{"taxonomy":"category","embeddable":true,"href":"https:\/\/www.nexoinformativo.mx\/index.php\/wp-json\/wp\/v2\/categories?post=1554"},{"taxonomy":"post_tag","embeddable":true,"href":"https:\/\/www.nexoinformativo.mx\/index.php\/wp-json\/wp\/v2\/tags?post=1554"}],"curies":[{"name":"wp","href":"https:\/\/api.w.org\/{rel}","templated":true}]}}