{"id":15547,"date":"2025-06-02T13:00:37","date_gmt":"2025-06-02T19:00:37","guid":{"rendered":"https:\/\/www.nexoinformativo.mx\/?p=15547"},"modified":"2025-06-02T15:40:28","modified_gmt":"2025-06-02T21:40:28","slug":"cae-asaltante-reincidente-que-robo-a-taxista-a-mano-armada-en-san-juan-del-rio","status":"publish","type":"post","link":"https:\/\/www.nexoinformativo.mx\/index.php\/2025\/06\/02\/cae-asaltante-reincidente-que-robo-a-taxista-a-mano-armada-en-san-juan-del-rio\/","title":{"rendered":"Cae asaltante reincidente que robo a taxista a mano armada en San Juan del R\u00edo"},"content":{"rendered":"<p style=\"text-align: justify;\" data-sourcepos=\"4:1-4:349\">Gracias a la r\u00e1pida respuesta de la Secretar\u00eda de Seguridad P\u00fablica Municipal (SSPM-SJR) y la coordinaci\u00f3n con el C4, lograron detener a un hombre que asalt\u00f3 a un taxista con un arma de fuego.<\/p>\n<p>&nbsp;<\/p>\n<p style=\"text-align: justify;\" data-sourcepos=\"4:1-4:349\">El robo ocurri\u00f3 en la colonia Granjas Banth\u00ed, y el detenido, de 22 a\u00f1os, ya contaba con antecedentes por delitos similares.<\/p>\n<p>&nbsp;<\/p>\n<p style=\"text-align: justify;\" data-sourcepos=\"10:1-10:174\">Seg\u00fan el reporte, el asaltante solicit\u00f3 un servicio de viaje a un taxista. Una vez en el trayecto, amenaz\u00f3 al conductor con un arma de fuego y lo despoj\u00f3 de sus pertenencias.<\/p>\n<p>&nbsp;<\/p>\n<p style=\"text-align: justify;\" data-sourcepos=\"12:1-12:339\">Tras recibir el aviso del asalto, los oficiales de la SSPM-SJR se movilizaron de inmediato. Al llegar al lugar, lograron detener al presunto responsable, identificado como Leonardo &#8220;N.&#8221;, de 22 a\u00f1os. En el operativo, se recuperaron 4 mil 20 pesos en efectivo que hab\u00edan sido robados y se asegur\u00f3 el arma de fuego utilizada en el asalto.<\/p>\n<p>&nbsp;<\/p>\n<p style=\"text-align: justify;\" data-sourcepos=\"14:1-14:302\">Leonardo &#8220;N.&#8221; fue trasladado a las instalaciones de la Fiscal\u00eda General del Estado (FGE) en San Juan del R\u00edo, donde se continuar\u00e1 con el proceso legal para determinar su situaci\u00f3n jur\u00eddica.<\/p>\n<\/p>\n<p>&nbsp;<\/p>\n<p style=\"text-align: justify;\" data-sourcepos=\"14:1-14:302\">La pronta acci\u00f3n de las autoridades demuestra la efectividad de la vigilancia y la coordinaci\u00f3n en el municipio.<\/p>\n<p>&nbsp;<\/p>\n<p style=\"text-align: center;\" data-sourcepos=\"14:1-14:302\"><em><strong>\u00a1Informaci\u00f3n que transforma!<\/strong><\/em><\/p>\n","protected":false},"excerpt":{"rendered":"<p>Gracias a la r\u00e1pida respuesta de la Secretar\u00eda de Seguridad P\u00fablica Municipal (SSPM-SJR) y la coordinaci\u00f3n con el C4, lograron detener a un hombre que asalt\u00f3 a un taxista con un arma de fuego.<\/p>\n","protected":false},"author":3,"featured_media":15548,"comment_status":"open","ping_status":"open","sticky":false,"template":"","format":"standard","meta":{"footnotes":""},"categories":[65,137,58],"tags":[4675,1212,382,3662],"class_list":["post-15547","post","type-post","status-publish","format-standard","has-post-thumbnail","hentry","category-municipios","category-sucesos","category-ultima-hora","tag-ceroimpunity","tag-roboconviolencia","tag-sanjuandelrio","tag-seguridadsjr"],"yoast_head":"<!-- This site is optimized with the Yoast SEO plugin v25.0 - https:\/\/yoast.com\/wordpress\/plugins\/seo\/ -->\n<title>Cae asaltante reincidente que robo a taxista a mano armada en San Juan del R\u00edo | Nexo Informativo Santiago de Quer\u00e9taro<\/title>\n<meta name=\"description\" content=\"Cae asaltante reincidente que robo a taxista a mano armada en San Juan del R\u00edo\" \/>\n<meta name=\"robots\" content=\"index, follow, max-snippet:-1, max-image-preview:large, max-video-preview:-1\" \/>\n<link rel=\"canonical\" href=\"https:\/\/www.nexoinformativo.mx\/index.php\/2025\/06\/02\/cae-asaltante-reincidente-que-robo-a-taxista-a-mano-armada-en-san-juan-del-rio\/\" \/>\n<meta property=\"og:locale\" content=\"es_MX\" \/>\n<meta property=\"og:type\" content=\"article\" \/>\n<meta property=\"og:title\" content=\"Cae asaltante reincidente que robo a taxista a mano armada en San Juan del R\u00edo | Nexo Informativo Santiago de Quer\u00e9taro\" \/>\n<meta property=\"og:description\" content=\"Cae asaltante reincidente que robo a taxista a mano armada en San Juan del R\u00edo\" \/>\n<meta property=\"og:url\" content=\"https:\/\/www.nexoinformativo.mx\/index.php\/2025\/06\/02\/cae-asaltante-reincidente-que-robo-a-taxista-a-mano-armada-en-san-juan-del-rio\/\" \/>\n<meta property=\"og:site_name\" content=\"Nexo Informativo Santiago de Quer\u00e9taro\" \/>\n<meta property=\"article:publisher\" content=\"https:\/\/www.facebook.com\/people\/Nexo-Informativo\/61564066885511\/\" \/>\n<meta property=\"article:published_time\" content=\"2025-06-02T19:00:37+00:00\" \/>\n<meta property=\"article:modified_time\" content=\"2025-06-02T21:40:28+00:00\" \/>\n<meta property=\"og:image\" content=\"https:\/\/www.nexoinformativo.mx\/wp-content\/uploads\/2025\/06\/PHOTO-2025-06-02-14-24-17-e1748900352968.jpg\" \/>\n\t<meta property=\"og:image:width\" content=\"800\" \/>\n\t<meta property=\"og:image:height\" content=\"800\" \/>\n\t<meta property=\"og:image:type\" content=\"image\/jpeg\" \/>\n<meta name=\"author\" content=\"Nexo Informativo\" \/>\n<meta name=\"twitter:card\" content=\"summary_large_image\" \/>\n<meta name=\"twitter:label1\" content=\"Escrito por\" \/>\n\t<meta name=\"twitter:data1\" content=\"Nexo Informativo\" \/>\n\t<meta name=\"twitter:label2\" content=\"Tiempo de lectura\" \/>\n\t<meta name=\"twitter:data2\" content=\"2 minutos\" \/>\n<script type=\"application\/ld+json\" class=\"yoast-schema-graph\">{\"@context\":\"https:\/\/schema.org\",\"@graph\":[{\"@type\":\"Article\",\"@id\":\"https:\/\/www.nexoinformativo.mx\/index.php\/2025\/06\/02\/cae-asaltante-reincidente-que-robo-a-taxista-a-mano-armada-en-san-juan-del-rio\/#article\",\"isPartOf\":{\"@id\":\"https:\/\/www.nexoinformativo.mx\/index.php\/2025\/06\/02\/cae-asaltante-reincidente-que-robo-a-taxista-a-mano-armada-en-san-juan-del-rio\/\"},\"author\":{\"name\":\"Nexo Informativo\",\"@id\":\"https:\/\/www.nexoinformativo.mx\/#\/schema\/person\/7749d380ba08c8ca00d7bc76fd907b7d\"},\"headline\":\"Cae asaltante reincidente que robo a taxista a mano armada en San Juan del R\u00edo\",\"datePublished\":\"2025-06-02T19:00:37+00:00\",\"dateModified\":\"2025-06-02T21:40:28+00:00\",\"mainEntityOfPage\":{\"@id\":\"https:\/\/www.nexoinformativo.mx\/index.php\/2025\/06\/02\/cae-asaltante-reincidente-que-robo-a-taxista-a-mano-armada-en-san-juan-del-rio\/\"},\"wordCount\":229,\"commentCount\":0,\"publisher\":{\"@id\":\"https:\/\/www.nexoinformativo.mx\/#organization\"},\"image\":{\"@id\":\"https:\/\/www.nexoinformativo.mx\/index.php\/2025\/06\/02\/cae-asaltante-reincidente-que-robo-a-taxista-a-mano-armada-en-san-juan-del-rio\/#primaryimage\"},\"thumbnailUrl\":\"https:\/\/www.nexoinformativo.mx\/wp-content\/uploads\/2025\/06\/PHOTO-2025-06-02-14-24-17-e1748900352968.jpg\",\"keywords\":[\"CeroImpunity\",\"RoboConViolencia\",\"SanJuanDelR\u00edo\",\"SeguridadSJR\"],\"articleSection\":[\"Municipios\",\"Sucesos\",\"\u00daltima Hora\"],\"inLanguage\":\"es\",\"potentialAction\":[{\"@type\":\"CommentAction\",\"name\":\"Comment\",\"target\":[\"https:\/\/www.nexoinformativo.mx\/index.php\/2025\/06\/02\/cae-asaltante-reincidente-que-robo-a-taxista-a-mano-armada-en-san-juan-del-rio\/#respond\"]}]},{\"@type\":\"WebPage\",\"@id\":\"https:\/\/www.nexoinformativo.mx\/index.php\/2025\/06\/02\/cae-asaltante-reincidente-que-robo-a-taxista-a-mano-armada-en-san-juan-del-rio\/\",\"url\":\"https:\/\/www.nexoinformativo.mx\/index.php\/2025\/06\/02\/cae-asaltante-reincidente-que-robo-a-taxista-a-mano-armada-en-san-juan-del-rio\/\",\"name\":\"Cae asaltante reincidente que robo a taxista a mano armada en San Juan del R\u00edo | Nexo Informativo Santiago de Quer\u00e9taro\",\"isPartOf\":{\"@id\":\"https:\/\/www.nexoinformativo.mx\/#website\"},\"primaryImageOfPage\":{\"@id\":\"https:\/\/www.nexoinformativo.mx\/index.php\/2025\/06\/02\/cae-asaltante-reincidente-que-robo-a-taxista-a-mano-armada-en-san-juan-del-rio\/#primaryimage\"},\"image\":{\"@id\":\"https:\/\/www.nexoinformativo.mx\/index.php\/2025\/06\/02\/cae-asaltante-reincidente-que-robo-a-taxista-a-mano-armada-en-san-juan-del-rio\/#primaryimage\"},\"thumbnailUrl\":\"https:\/\/www.nexoinformativo.mx\/wp-content\/uploads\/2025\/06\/PHOTO-2025-06-02-14-24-17-e1748900352968.jpg\",\"datePublished\":\"2025-06-02T19:00:37+00:00\",\"dateModified\":\"2025-06-02T21:40:28+00:00\",\"description\":\"Cae asaltante reincidente que robo a taxista a mano armada en San Juan del R\u00edo\",\"breadcrumb\":{\"@id\":\"https:\/\/www.nexoinformativo.mx\/index.php\/2025\/06\/02\/cae-asaltante-reincidente-que-robo-a-taxista-a-mano-armada-en-san-juan-del-rio\/#breadcrumb\"},\"inLanguage\":\"es\",\"potentialAction\":[{\"@type\":\"ReadAction\",\"target\":[\"https:\/\/www.nexoinformativo.mx\/index.php\/2025\/06\/02\/cae-asaltante-reincidente-que-robo-a-taxista-a-mano-armada-en-san-juan-del-rio\/\"]}]},{\"@type\":\"ImageObject\",\"inLanguage\":\"es\",\"@id\":\"https:\/\/www.nexoinformativo.mx\/index.php\/2025\/06\/02\/cae-asaltante-reincidente-que-robo-a-taxista-a-mano-armada-en-san-juan-del-rio\/#primaryimage\",\"url\":\"https:\/\/www.nexoinformativo.mx\/wp-content\/uploads\/2025\/06\/PHOTO-2025-06-02-14-24-17-e1748900352968.jpg\",\"contentUrl\":\"https:\/\/www.nexoinformativo.mx\/wp-content\/uploads\/2025\/06\/PHOTO-2025-06-02-14-24-17-e1748900352968.jpg\",\"width\":800,\"height\":800},{\"@type\":\"BreadcrumbList\",\"@id\":\"https:\/\/www.nexoinformativo.mx\/index.php\/2025\/06\/02\/cae-asaltante-reincidente-que-robo-a-taxista-a-mano-armada-en-san-juan-del-rio\/#breadcrumb\",\"itemListElement\":[{\"@type\":\"ListItem\",\"position\":1,\"name\":\"Inicio\",\"item\":\"https:\/\/www.nexoinformativo.mx\/\"},{\"@type\":\"ListItem\",\"position\":2,\"name\":\"Cae asaltante reincidente que robo a taxista a mano armada en San Juan del R\u00edo\"}]},{\"@type\":\"WebSite\",\"@id\":\"https:\/\/www.nexoinformativo.mx\/#website\",\"url\":\"https:\/\/www.nexoinformativo.mx\/\",\"name\":\"Nexo Informativo Santiago de Quer\u00e9taro\",\"description\":\"Explora NexoInformativo y convi\u00e9rtete en parte de una comunidad que valora el conocimiento y la verdad. Tu nexoinformativo es tu puente hacia una comprensi\u00f3n m\u00e1s profunda del mundo que te rodea.\",\"publisher\":{\"@id\":\"https:\/\/www.nexoinformativo.mx\/#organization\"},\"potentialAction\":[{\"@type\":\"SearchAction\",\"target\":{\"@type\":\"EntryPoint\",\"urlTemplate\":\"https:\/\/www.nexoinformativo.mx\/?s={search_term_string}\"},\"query-input\":{\"@type\":\"PropertyValueSpecification\",\"valueRequired\":true,\"valueName\":\"search_term_string\"}}],\"inLanguage\":\"es\"},{\"@type\":\"Organization\",\"@id\":\"https:\/\/www.nexoinformativo.mx\/#organization\",\"name\":\"Nexo Informativo Santiago de Quer\u00e9taro\",\"url\":\"https:\/\/www.nexoinformativo.mx\/\",\"logo\":{\"@type\":\"ImageObject\",\"inLanguage\":\"es\",\"@id\":\"https:\/\/www.nexoinformativo.mx\/#\/schema\/logo\/image\/\",\"url\":\"https:\/\/www.nexoinformativo.mx\/wp-content\/uploads\/2024\/07\/nexoi-trasparente-2.png\",\"contentUrl\":\"https:\/\/www.nexoinformativo.mx\/wp-content\/uploads\/2024\/07\/nexoi-trasparente-2.png\",\"width\":816,\"height\":339,\"caption\":\"Nexo Informativo Santiago de Quer\u00e9taro\"},\"image\":{\"@id\":\"https:\/\/www.nexoinformativo.mx\/#\/schema\/logo\/image\/\"},\"sameAs\":[\"https:\/\/www.facebook.com\/people\/Nexo-Informativo\/61564066885511\/\"]},{\"@type\":\"Person\",\"@id\":\"https:\/\/www.nexoinformativo.mx\/#\/schema\/person\/7749d380ba08c8ca00d7bc76fd907b7d\",\"name\":\"Nexo Informativo\",\"image\":{\"@type\":\"ImageObject\",\"inLanguage\":\"es\",\"@id\":\"https:\/\/www.nexoinformativo.mx\/#\/schema\/person\/image\/\",\"url\":\"https:\/\/secure.gravatar.com\/avatar\/dde2928154642a13d95f87ddf1ea9718fe2b46760a005c53e41ff5ad610704e6?s=96&d=mm&r=g\",\"contentUrl\":\"https:\/\/secure.gravatar.com\/avatar\/dde2928154642a13d95f87ddf1ea9718fe2b46760a005c53e41ff5ad610704e6?s=96&d=mm&r=g\",\"caption\":\"Nexo Informativo\"},\"url\":\"https:\/\/www.nexoinformativo.mx\/index.php\/author\/edicion\/\"}]}<\/script>\n<!-- \/ Yoast SEO plugin. -->","yoast_head_json":{"title":"Cae asaltante reincidente que robo a taxista a mano armada en San Juan del R\u00edo | Nexo Informativo Santiago de Quer\u00e9taro","description":"Cae asaltante reincidente que robo a taxista a mano armada en San Juan del R\u00edo","robots":{"index":"index","follow":"follow","max-snippet":"max-snippet:-1","max-image-preview":"max-image-preview:large","max-video-preview":"max-video-preview:-1"},"canonical":"https:\/\/www.nexoinformativo.mx\/index.php\/2025\/06\/02\/cae-asaltante-reincidente-que-robo-a-taxista-a-mano-armada-en-san-juan-del-rio\/","og_locale":"es_MX","og_type":"article","og_title":"Cae asaltante reincidente que robo a taxista a mano armada en San Juan del R\u00edo | Nexo Informativo Santiago de Quer\u00e9taro","og_description":"Cae asaltante reincidente que robo a taxista a mano armada en San Juan del R\u00edo","og_url":"https:\/\/www.nexoinformativo.mx\/index.php\/2025\/06\/02\/cae-asaltante-reincidente-que-robo-a-taxista-a-mano-armada-en-san-juan-del-rio\/","og_site_name":"Nexo Informativo Santiago de Quer\u00e9taro","article_publisher":"https:\/\/www.facebook.com\/people\/Nexo-Informativo\/61564066885511\/","article_published_time":"2025-06-02T19:00:37+00:00","article_modified_time":"2025-06-02T21:40:28+00:00","og_image":[{"width":800,"height":800,"url":"https:\/\/www.nexoinformativo.mx\/wp-content\/uploads\/2025\/06\/PHOTO-2025-06-02-14-24-17-e1748900352968.jpg","type":"image\/jpeg"}],"author":"Nexo Informativo","twitter_card":"summary_large_image","twitter_misc":{"Escrito por":"Nexo Informativo","Tiempo de lectura":"2 minutos"},"schema":{"@context":"https:\/\/schema.org","@graph":[{"@type":"Article","@id":"https:\/\/www.nexoinformativo.mx\/index.php\/2025\/06\/02\/cae-asaltante-reincidente-que-robo-a-taxista-a-mano-armada-en-san-juan-del-rio\/#article","isPartOf":{"@id":"https:\/\/www.nexoinformativo.mx\/index.php\/2025\/06\/02\/cae-asaltante-reincidente-que-robo-a-taxista-a-mano-armada-en-san-juan-del-rio\/"},"author":{"name":"Nexo Informativo","@id":"https:\/\/www.nexoinformativo.mx\/#\/schema\/person\/7749d380ba08c8ca00d7bc76fd907b7d"},"headline":"Cae asaltante reincidente que robo a taxista a mano armada en San Juan del R\u00edo","datePublished":"2025-06-02T19:00:37+00:00","dateModified":"2025-06-02T21:40:28+00:00","mainEntityOfPage":{"@id":"https:\/\/www.nexoinformativo.mx\/index.php\/2025\/06\/02\/cae-asaltante-reincidente-que-robo-a-taxista-a-mano-armada-en-san-juan-del-rio\/"},"wordCount":229,"commentCount":0,"publisher":{"@id":"https:\/\/www.nexoinformativo.mx\/#organization"},"image":{"@id":"https:\/\/www.nexoinformativo.mx\/index.php\/2025\/06\/02\/cae-asaltante-reincidente-que-robo-a-taxista-a-mano-armada-en-san-juan-del-rio\/#primaryimage"},"thumbnailUrl":"https:\/\/www.nexoinformativo.mx\/wp-content\/uploads\/2025\/06\/PHOTO-2025-06-02-14-24-17-e1748900352968.jpg","keywords":["CeroImpunity","RoboConViolencia","SanJuanDelR\u00edo","SeguridadSJR"],"articleSection":["Municipios","Sucesos","\u00daltima Hora"],"inLanguage":"es","potentialAction":[{"@type":"CommentAction","name":"Comment","target":["https:\/\/www.nexoinformativo.mx\/index.php\/2025\/06\/02\/cae-asaltante-reincidente-que-robo-a-taxista-a-mano-armada-en-san-juan-del-rio\/#respond"]}]},{"@type":"WebPage","@id":"https:\/\/www.nexoinformativo.mx\/index.php\/2025\/06\/02\/cae-asaltante-reincidente-que-robo-a-taxista-a-mano-armada-en-san-juan-del-rio\/","url":"https:\/\/www.nexoinformativo.mx\/index.php\/2025\/06\/02\/cae-asaltante-reincidente-que-robo-a-taxista-a-mano-armada-en-san-juan-del-rio\/","name":"Cae asaltante reincidente que robo a taxista a mano armada en San Juan del R\u00edo | Nexo Informativo Santiago de Quer\u00e9taro","isPartOf":{"@id":"https:\/\/www.nexoinformativo.mx\/#website"},"primaryImageOfPage":{"@id":"https:\/\/www.nexoinformativo.mx\/index.php\/2025\/06\/02\/cae-asaltante-reincidente-que-robo-a-taxista-a-mano-armada-en-san-juan-del-rio\/#primaryimage"},"image":{"@id":"https:\/\/www.nexoinformativo.mx\/index.php\/2025\/06\/02\/cae-asaltante-reincidente-que-robo-a-taxista-a-mano-armada-en-san-juan-del-rio\/#primaryimage"},"thumbnailUrl":"https:\/\/www.nexoinformativo.mx\/wp-content\/uploads\/2025\/06\/PHOTO-2025-06-02-14-24-17-e1748900352968.jpg","datePublished":"2025-06-02T19:00:37+00:00","dateModified":"2025-06-02T21:40:28+00:00","description":"Cae asaltante reincidente que robo a taxista a mano armada en San Juan del R\u00edo","breadcrumb":{"@id":"https:\/\/www.nexoinformativo.mx\/index.php\/2025\/06\/02\/cae-asaltante-reincidente-que-robo-a-taxista-a-mano-armada-en-san-juan-del-rio\/#breadcrumb"},"inLanguage":"es","potentialAction":[{"@type":"ReadAction","target":["https:\/\/www.nexoinformativo.mx\/index.php\/2025\/06\/02\/cae-asaltante-reincidente-que-robo-a-taxista-a-mano-armada-en-san-juan-del-rio\/"]}]},{"@type":"ImageObject","inLanguage":"es","@id":"https:\/\/www.nexoinformativo.mx\/index.php\/2025\/06\/02\/cae-asaltante-reincidente-que-robo-a-taxista-a-mano-armada-en-san-juan-del-rio\/#primaryimage","url":"https:\/\/www.nexoinformativo.mx\/wp-content\/uploads\/2025\/06\/PHOTO-2025-06-02-14-24-17-e1748900352968.jpg","contentUrl":"https:\/\/www.nexoinformativo.mx\/wp-content\/uploads\/2025\/06\/PHOTO-2025-06-02-14-24-17-e1748900352968.jpg","width":800,"height":800},{"@type":"BreadcrumbList","@id":"https:\/\/www.nexoinformativo.mx\/index.php\/2025\/06\/02\/cae-asaltante-reincidente-que-robo-a-taxista-a-mano-armada-en-san-juan-del-rio\/#breadcrumb","itemListElement":[{"@type":"ListItem","position":1,"name":"Inicio","item":"https:\/\/www.nexoinformativo.mx\/"},{"@type":"ListItem","position":2,"name":"Cae asaltante reincidente que robo a taxista a mano armada en San Juan del R\u00edo"}]},{"@type":"WebSite","@id":"https:\/\/www.nexoinformativo.mx\/#website","url":"https:\/\/www.nexoinformativo.mx\/","name":"Nexo Informativo Santiago de Quer\u00e9taro","description":"Explora NexoInformativo y convi\u00e9rtete en parte de una comunidad que valora el conocimiento y la verdad. Tu nexoinformativo es tu puente hacia una comprensi\u00f3n m\u00e1s profunda del mundo que te rodea.","publisher":{"@id":"https:\/\/www.nexoinformativo.mx\/#organization"},"potentialAction":[{"@type":"SearchAction","target":{"@type":"EntryPoint","urlTemplate":"https:\/\/www.nexoinformativo.mx\/?s={search_term_string}"},"query-input":{"@type":"PropertyValueSpecification","valueRequired":true,"valueName":"search_term_string"}}],"inLanguage":"es"},{"@type":"Organization","@id":"https:\/\/www.nexoinformativo.mx\/#organization","name":"Nexo Informativo Santiago de Quer\u00e9taro","url":"https:\/\/www.nexoinformativo.mx\/","logo":{"@type":"ImageObject","inLanguage":"es","@id":"https:\/\/www.nexoinformativo.mx\/#\/schema\/logo\/image\/","url":"https:\/\/www.nexoinformativo.mx\/wp-content\/uploads\/2024\/07\/nexoi-trasparente-2.png","contentUrl":"https:\/\/www.nexoinformativo.mx\/wp-content\/uploads\/2024\/07\/nexoi-trasparente-2.png","width":816,"height":339,"caption":"Nexo Informativo Santiago de Quer\u00e9taro"},"image":{"@id":"https:\/\/www.nexoinformativo.mx\/#\/schema\/logo\/image\/"},"sameAs":["https:\/\/www.facebook.com\/people\/Nexo-Informativo\/61564066885511\/"]},{"@type":"Person","@id":"https:\/\/www.nexoinformativo.mx\/#\/schema\/person\/7749d380ba08c8ca00d7bc76fd907b7d","name":"Nexo Informativo","image":{"@type":"ImageObject","inLanguage":"es","@id":"https:\/\/www.nexoinformativo.mx\/#\/schema\/person\/image\/","url":"https:\/\/secure.gravatar.com\/avatar\/dde2928154642a13d95f87ddf1ea9718fe2b46760a005c53e41ff5ad610704e6?s=96&d=mm&r=g","contentUrl":"https:\/\/secure.gravatar.com\/avatar\/dde2928154642a13d95f87ddf1ea9718fe2b46760a005c53e41ff5ad610704e6?s=96&d=mm&r=g","caption":"Nexo Informativo"},"url":"https:\/\/www.nexoinformativo.mx\/index.php\/author\/edicion\/"}]}},"_links":{"self":[{"href":"https:\/\/www.nexoinformativo.mx\/index.php\/wp-json\/wp\/v2\/posts\/15547","targetHints":{"allow":["GET"]}}],"collection":[{"href":"https:\/\/www.nexoinformativo.mx\/index.php\/wp-json\/wp\/v2\/posts"}],"about":[{"href":"https:\/\/www.nexoinformativo.mx\/index.php\/wp-json\/wp\/v2\/types\/post"}],"author":[{"embeddable":true,"href":"https:\/\/www.nexoinformativo.mx\/index.php\/wp-json\/wp\/v2\/users\/3"}],"replies":[{"embeddable":true,"href":"https:\/\/www.nexoinformativo.mx\/index.php\/wp-json\/wp\/v2\/comments?post=15547"}],"version-history":[{"count":4,"href":"https:\/\/www.nexoinformativo.mx\/index.php\/wp-json\/wp\/v2\/posts\/15547\/revisions"}],"predecessor-version":[{"id":15551,"href":"https:\/\/www.nexoinformativo.mx\/index.php\/wp-json\/wp\/v2\/posts\/15547\/revisions\/15551"}],"wp:featuredmedia":[{"embeddable":true,"href":"https:\/\/www.nexoinformativo.mx\/index.php\/wp-json\/wp\/v2\/media\/15548"}],"wp:attachment":[{"href":"https:\/\/www.nexoinformativo.mx\/index.php\/wp-json\/wp\/v2\/media?parent=15547"}],"wp:term":[{"taxonomy":"category","embeddable":true,"href":"https:\/\/www.nexoinformativo.mx\/index.php\/wp-json\/wp\/v2\/categories?post=15547"},{"taxonomy":"post_tag","embeddable":true,"href":"https:\/\/www.nexoinformativo.mx\/index.php\/wp-json\/wp\/v2\/tags?post=15547"}],"curies":[{"name":"wp","href":"https:\/\/api.w.org\/{rel}","templated":true}]}}