{"id":15553,"date":"2025-06-03T06:00:12","date_gmt":"2025-06-03T12:00:12","guid":{"rendered":"https:\/\/www.nexoinformativo.mx\/?p=15553"},"modified":"2025-06-03T14:11:20","modified_gmt":"2025-06-03T20:11:20","slug":"futuro-en-el-aire-club-gallos-de-queretaro-podria-ser-adquirido-por-inversionistas-extranjeros-informa-kuri","status":"publish","type":"post","link":"https:\/\/www.nexoinformativo.mx\/index.php\/2025\/06\/03\/futuro-en-el-aire-club-gallos-de-queretaro-podria-ser-adquirido-por-inversionistas-extranjeros-informa-kuri\/","title":{"rendered":"Futuro en el aire club Gallos de Quer\u00e9taro podr\u00eda ser adquirido por inversionistas extranjeros informa Kuri"},"content":{"rendered":"<p style=\"text-align: justify;\" data-sourcepos=\"5:1-5:437\">El futuro de los Gallos Blancos podr\u00eda estar en nuevas manos. El gobernador del estado, Mauricio Kuri, inform\u00f3 que en los pr\u00f3ximos d\u00edas podr\u00eda reunirse con los empresarios interesados en adquirir el Club Gallos Blancos de Quer\u00e9taro.<\/p>\n<p>&nbsp;<\/p>\n<p style=\"text-align: justify;\" data-sourcepos=\"5:1-5:437\">Esto sucede despu\u00e9s de que la Federaci\u00f3n Mexicana de F\u00fatbol (FMF) diera luz verde al proceso de compraventa del equipo.<\/p>\n<p>&nbsp;<\/p>\n<p style=\"text-align: justify;\" data-sourcepos=\"7:1-7:373\">Kuri detall\u00f3 que se trata de un fondo de inversi\u00f3n extranjero que ya ha manifestado formalmente su inter\u00e9s en la transacci\u00f3n.<\/p>\n<p>&nbsp;<\/p>\n<p style=\"text-align: justify;\" data-sourcepos=\"7:1-7:373\">Sin embargo, el gobernador aclar\u00f3 que la identidad de estos inversionistas a\u00fan no se ha hecho p\u00fablica, por lo que ser\u00e1 necesario esperar a que esta informaci\u00f3n se formalice y se confirme en los pr\u00f3ximos d\u00edas.<\/p>\n<p>&nbsp;<\/p>\n<p style=\"text-align: justify;\" data-sourcepos=\"9:1-9:163\">Esta noticia abre la puerta a un posible cambio de administraci\u00f3n para el equipo queretano, generando expectativa entre la afici\u00f3n y el entorno futbol\u00edstico local.<\/p>\n<p>&nbsp;<\/p>\n<p style=\"text-align: center;\" data-sourcepos=\"9:1-9:163\"><em><strong>\u00a1Informaci\u00f3n que transforma!<\/strong><\/em><\/p>\n","protected":false},"excerpt":{"rendered":"<p>El futuro de los Gallos Blancos podr\u00eda estar en nuevas manos. El gobernador del estado, Mauricio Kuri, inform\u00f3 que en los pr\u00f3ximos d\u00edas podr\u00eda reunirse con los empresarios interesados en adquirir el Club Gallos Blancos de Quer\u00e9taro.<\/p>\n","protected":false},"author":3,"featured_media":15554,"comment_status":"open","ping_status":"open","sticky":false,"template":"","format":"standard","meta":{"footnotes":""},"categories":[42,58],"tags":[4676,2394,2703,4677],"class_list":["post-15553","post","type-post","status-publish","format-standard","has-post-thumbnail","hentry","category-estado","category-ultima-hora","tag-clubqueretaro","tag-futbolmexicano","tag-gallosblancos","tag-ligamx"],"yoast_head":"<!-- This site is optimized with the Yoast SEO plugin v25.0 - https:\/\/yoast.com\/wordpress\/plugins\/seo\/ -->\n<title>Futuro en el aire club Gallos de Quer\u00e9taro podr\u00eda ser adquirido por inversionistas extranjeros informa Kuri | Nexo Informativo Santiago de Quer\u00e9taro<\/title>\n<meta name=\"description\" content=\"Futuro en el aire club Gallos de Quer\u00e9taro podr\u00eda ser adquirido por inversionistas extranjeros informa Kuri\" \/>\n<meta name=\"robots\" content=\"index, follow, max-snippet:-1, max-image-preview:large, max-video-preview:-1\" \/>\n<link rel=\"canonical\" href=\"https:\/\/www.nexoinformativo.mx\/index.php\/2025\/06\/03\/futuro-en-el-aire-club-gallos-de-queretaro-podria-ser-adquirido-por-inversionistas-extranjeros-informa-kuri\/\" \/>\n<meta property=\"og:locale\" content=\"es_MX\" \/>\n<meta property=\"og:type\" content=\"article\" \/>\n<meta property=\"og:title\" content=\"Futuro en el aire club Gallos de Quer\u00e9taro podr\u00eda ser adquirido por inversionistas extranjeros informa Kuri | Nexo Informativo Santiago de Quer\u00e9taro\" \/>\n<meta property=\"og:description\" content=\"Futuro en el aire club Gallos de Quer\u00e9taro podr\u00eda ser adquirido por inversionistas extranjeros informa Kuri\" \/>\n<meta property=\"og:url\" content=\"https:\/\/www.nexoinformativo.mx\/index.php\/2025\/06\/03\/futuro-en-el-aire-club-gallos-de-queretaro-podria-ser-adquirido-por-inversionistas-extranjeros-informa-kuri\/\" \/>\n<meta property=\"og:site_name\" content=\"Nexo Informativo Santiago de Quer\u00e9taro\" \/>\n<meta property=\"article:publisher\" content=\"https:\/\/www.facebook.com\/people\/Nexo-Informativo\/61564066885511\/\" \/>\n<meta property=\"article:published_time\" content=\"2025-06-03T12:00:12+00:00\" \/>\n<meta property=\"article:modified_time\" content=\"2025-06-03T20:11:20+00:00\" \/>\n<meta property=\"og:image\" content=\"https:\/\/www.nexoinformativo.mx\/wp-content\/uploads\/2025\/06\/PHOTO-2025-06-02-22-48-06-e1748981425683.jpg\" \/>\n\t<meta property=\"og:image:width\" content=\"800\" \/>\n\t<meta property=\"og:image:height\" content=\"450\" \/>\n\t<meta property=\"og:image:type\" content=\"image\/jpeg\" \/>\n<meta name=\"author\" content=\"Nexo Informativo\" \/>\n<meta name=\"twitter:card\" content=\"summary_large_image\" \/>\n<meta name=\"twitter:label1\" content=\"Escrito por\" \/>\n\t<meta name=\"twitter:data1\" content=\"Nexo Informativo\" \/>\n\t<meta name=\"twitter:label2\" content=\"Tiempo de lectura\" \/>\n\t<meta name=\"twitter:data2\" content=\"1 minuto\" \/>\n<script type=\"application\/ld+json\" class=\"yoast-schema-graph\">{\"@context\":\"https:\/\/schema.org\",\"@graph\":[{\"@type\":\"Article\",\"@id\":\"https:\/\/www.nexoinformativo.mx\/index.php\/2025\/06\/03\/futuro-en-el-aire-club-gallos-de-queretaro-podria-ser-adquirido-por-inversionistas-extranjeros-informa-kuri\/#article\",\"isPartOf\":{\"@id\":\"https:\/\/www.nexoinformativo.mx\/index.php\/2025\/06\/03\/futuro-en-el-aire-club-gallos-de-queretaro-podria-ser-adquirido-por-inversionistas-extranjeros-informa-kuri\/\"},\"author\":{\"name\":\"Nexo Informativo\",\"@id\":\"https:\/\/www.nexoinformativo.mx\/#\/schema\/person\/7749d380ba08c8ca00d7bc76fd907b7d\"},\"headline\":\"Futuro en el aire club Gallos de Quer\u00e9taro podr\u00eda ser adquirido por inversionistas extranjeros informa Kuri\",\"datePublished\":\"2025-06-03T12:00:12+00:00\",\"dateModified\":\"2025-06-03T20:11:20+00:00\",\"mainEntityOfPage\":{\"@id\":\"https:\/\/www.nexoinformativo.mx\/index.php\/2025\/06\/03\/futuro-en-el-aire-club-gallos-de-queretaro-podria-ser-adquirido-por-inversionistas-extranjeros-informa-kuri\/\"},\"wordCount\":185,\"commentCount\":0,\"publisher\":{\"@id\":\"https:\/\/www.nexoinformativo.mx\/#organization\"},\"image\":{\"@id\":\"https:\/\/www.nexoinformativo.mx\/index.php\/2025\/06\/03\/futuro-en-el-aire-club-gallos-de-queretaro-podria-ser-adquirido-por-inversionistas-extranjeros-informa-kuri\/#primaryimage\"},\"thumbnailUrl\":\"https:\/\/www.nexoinformativo.mx\/wp-content\/uploads\/2025\/06\/PHOTO-2025-06-02-22-48-06-e1748981425683.jpg\",\"keywords\":[\"ClubQuer\u00e9taro\",\"FutbolMexicano\",\"GallosBlancos\",\"LigaMX\"],\"articleSection\":[\"Estado\",\"\u00daltima Hora\"],\"inLanguage\":\"es\",\"potentialAction\":[{\"@type\":\"CommentAction\",\"name\":\"Comment\",\"target\":[\"https:\/\/www.nexoinformativo.mx\/index.php\/2025\/06\/03\/futuro-en-el-aire-club-gallos-de-queretaro-podria-ser-adquirido-por-inversionistas-extranjeros-informa-kuri\/#respond\"]}]},{\"@type\":\"WebPage\",\"@id\":\"https:\/\/www.nexoinformativo.mx\/index.php\/2025\/06\/03\/futuro-en-el-aire-club-gallos-de-queretaro-podria-ser-adquirido-por-inversionistas-extranjeros-informa-kuri\/\",\"url\":\"https:\/\/www.nexoinformativo.mx\/index.php\/2025\/06\/03\/futuro-en-el-aire-club-gallos-de-queretaro-podria-ser-adquirido-por-inversionistas-extranjeros-informa-kuri\/\",\"name\":\"Futuro en el aire club Gallos de Quer\u00e9taro podr\u00eda ser adquirido por inversionistas extranjeros informa Kuri | Nexo Informativo Santiago de Quer\u00e9taro\",\"isPartOf\":{\"@id\":\"https:\/\/www.nexoinformativo.mx\/#website\"},\"primaryImageOfPage\":{\"@id\":\"https:\/\/www.nexoinformativo.mx\/index.php\/2025\/06\/03\/futuro-en-el-aire-club-gallos-de-queretaro-podria-ser-adquirido-por-inversionistas-extranjeros-informa-kuri\/#primaryimage\"},\"image\":{\"@id\":\"https:\/\/www.nexoinformativo.mx\/index.php\/2025\/06\/03\/futuro-en-el-aire-club-gallos-de-queretaro-podria-ser-adquirido-por-inversionistas-extranjeros-informa-kuri\/#primaryimage\"},\"thumbnailUrl\":\"https:\/\/www.nexoinformativo.mx\/wp-content\/uploads\/2025\/06\/PHOTO-2025-06-02-22-48-06-e1748981425683.jpg\",\"datePublished\":\"2025-06-03T12:00:12+00:00\",\"dateModified\":\"2025-06-03T20:11:20+00:00\",\"description\":\"Futuro en el aire club Gallos de Quer\u00e9taro podr\u00eda ser adquirido por inversionistas extranjeros informa Kuri\",\"breadcrumb\":{\"@id\":\"https:\/\/www.nexoinformativo.mx\/index.php\/2025\/06\/03\/futuro-en-el-aire-club-gallos-de-queretaro-podria-ser-adquirido-por-inversionistas-extranjeros-informa-kuri\/#breadcrumb\"},\"inLanguage\":\"es\",\"potentialAction\":[{\"@type\":\"ReadAction\",\"target\":[\"https:\/\/www.nexoinformativo.mx\/index.php\/2025\/06\/03\/futuro-en-el-aire-club-gallos-de-queretaro-podria-ser-adquirido-por-inversionistas-extranjeros-informa-kuri\/\"]}]},{\"@type\":\"ImageObject\",\"inLanguage\":\"es\",\"@id\":\"https:\/\/www.nexoinformativo.mx\/index.php\/2025\/06\/03\/futuro-en-el-aire-club-gallos-de-queretaro-podria-ser-adquirido-por-inversionistas-extranjeros-informa-kuri\/#primaryimage\",\"url\":\"https:\/\/www.nexoinformativo.mx\/wp-content\/uploads\/2025\/06\/PHOTO-2025-06-02-22-48-06-e1748981425683.jpg\",\"contentUrl\":\"https:\/\/www.nexoinformativo.mx\/wp-content\/uploads\/2025\/06\/PHOTO-2025-06-02-22-48-06-e1748981425683.jpg\",\"width\":800,\"height\":450},{\"@type\":\"BreadcrumbList\",\"@id\":\"https:\/\/www.nexoinformativo.mx\/index.php\/2025\/06\/03\/futuro-en-el-aire-club-gallos-de-queretaro-podria-ser-adquirido-por-inversionistas-extranjeros-informa-kuri\/#breadcrumb\",\"itemListElement\":[{\"@type\":\"ListItem\",\"position\":1,\"name\":\"Inicio\",\"item\":\"https:\/\/www.nexoinformativo.mx\/\"},{\"@type\":\"ListItem\",\"position\":2,\"name\":\"Futuro en el aire club Gallos de Quer\u00e9taro podr\u00eda ser adquirido por inversionistas extranjeros informa Kuri\"}]},{\"@type\":\"WebSite\",\"@id\":\"https:\/\/www.nexoinformativo.mx\/#website\",\"url\":\"https:\/\/www.nexoinformativo.mx\/\",\"name\":\"Nexo Informativo Santiago de Quer\u00e9taro\",\"description\":\"Explora NexoInformativo y convi\u00e9rtete en parte de una comunidad que valora el conocimiento y la verdad. Tu nexoinformativo es tu puente hacia una comprensi\u00f3n m\u00e1s profunda del mundo que te rodea.\",\"publisher\":{\"@id\":\"https:\/\/www.nexoinformativo.mx\/#organization\"},\"potentialAction\":[{\"@type\":\"SearchAction\",\"target\":{\"@type\":\"EntryPoint\",\"urlTemplate\":\"https:\/\/www.nexoinformativo.mx\/?s={search_term_string}\"},\"query-input\":{\"@type\":\"PropertyValueSpecification\",\"valueRequired\":true,\"valueName\":\"search_term_string\"}}],\"inLanguage\":\"es\"},{\"@type\":\"Organization\",\"@id\":\"https:\/\/www.nexoinformativo.mx\/#organization\",\"name\":\"Nexo Informativo Santiago de Quer\u00e9taro\",\"url\":\"https:\/\/www.nexoinformativo.mx\/\",\"logo\":{\"@type\":\"ImageObject\",\"inLanguage\":\"es\",\"@id\":\"https:\/\/www.nexoinformativo.mx\/#\/schema\/logo\/image\/\",\"url\":\"https:\/\/www.nexoinformativo.mx\/wp-content\/uploads\/2024\/07\/nexoi-trasparente-2.png\",\"contentUrl\":\"https:\/\/www.nexoinformativo.mx\/wp-content\/uploads\/2024\/07\/nexoi-trasparente-2.png\",\"width\":816,\"height\":339,\"caption\":\"Nexo Informativo Santiago de Quer\u00e9taro\"},\"image\":{\"@id\":\"https:\/\/www.nexoinformativo.mx\/#\/schema\/logo\/image\/\"},\"sameAs\":[\"https:\/\/www.facebook.com\/people\/Nexo-Informativo\/61564066885511\/\"]},{\"@type\":\"Person\",\"@id\":\"https:\/\/www.nexoinformativo.mx\/#\/schema\/person\/7749d380ba08c8ca00d7bc76fd907b7d\",\"name\":\"Nexo Informativo\",\"image\":{\"@type\":\"ImageObject\",\"inLanguage\":\"es\",\"@id\":\"https:\/\/www.nexoinformativo.mx\/#\/schema\/person\/image\/\",\"url\":\"https:\/\/secure.gravatar.com\/avatar\/dde2928154642a13d95f87ddf1ea9718fe2b46760a005c53e41ff5ad610704e6?s=96&d=mm&r=g\",\"contentUrl\":\"https:\/\/secure.gravatar.com\/avatar\/dde2928154642a13d95f87ddf1ea9718fe2b46760a005c53e41ff5ad610704e6?s=96&d=mm&r=g\",\"caption\":\"Nexo Informativo\"},\"url\":\"https:\/\/www.nexoinformativo.mx\/index.php\/author\/edicion\/\"}]}<\/script>\n<!-- \/ Yoast SEO plugin. -->","yoast_head_json":{"title":"Futuro en el aire club Gallos de Quer\u00e9taro podr\u00eda ser adquirido por inversionistas extranjeros informa Kuri | Nexo Informativo Santiago de Quer\u00e9taro","description":"Futuro en el aire club Gallos de Quer\u00e9taro podr\u00eda ser adquirido por inversionistas extranjeros informa Kuri","robots":{"index":"index","follow":"follow","max-snippet":"max-snippet:-1","max-image-preview":"max-image-preview:large","max-video-preview":"max-video-preview:-1"},"canonical":"https:\/\/www.nexoinformativo.mx\/index.php\/2025\/06\/03\/futuro-en-el-aire-club-gallos-de-queretaro-podria-ser-adquirido-por-inversionistas-extranjeros-informa-kuri\/","og_locale":"es_MX","og_type":"article","og_title":"Futuro en el aire club Gallos de Quer\u00e9taro podr\u00eda ser adquirido por inversionistas extranjeros informa Kuri | Nexo Informativo Santiago de Quer\u00e9taro","og_description":"Futuro en el aire club Gallos de Quer\u00e9taro podr\u00eda ser adquirido por inversionistas extranjeros informa Kuri","og_url":"https:\/\/www.nexoinformativo.mx\/index.php\/2025\/06\/03\/futuro-en-el-aire-club-gallos-de-queretaro-podria-ser-adquirido-por-inversionistas-extranjeros-informa-kuri\/","og_site_name":"Nexo Informativo Santiago de Quer\u00e9taro","article_publisher":"https:\/\/www.facebook.com\/people\/Nexo-Informativo\/61564066885511\/","article_published_time":"2025-06-03T12:00:12+00:00","article_modified_time":"2025-06-03T20:11:20+00:00","og_image":[{"width":800,"height":450,"url":"https:\/\/www.nexoinformativo.mx\/wp-content\/uploads\/2025\/06\/PHOTO-2025-06-02-22-48-06-e1748981425683.jpg","type":"image\/jpeg"}],"author":"Nexo Informativo","twitter_card":"summary_large_image","twitter_misc":{"Escrito por":"Nexo Informativo","Tiempo de lectura":"1 minuto"},"schema":{"@context":"https:\/\/schema.org","@graph":[{"@type":"Article","@id":"https:\/\/www.nexoinformativo.mx\/index.php\/2025\/06\/03\/futuro-en-el-aire-club-gallos-de-queretaro-podria-ser-adquirido-por-inversionistas-extranjeros-informa-kuri\/#article","isPartOf":{"@id":"https:\/\/www.nexoinformativo.mx\/index.php\/2025\/06\/03\/futuro-en-el-aire-club-gallos-de-queretaro-podria-ser-adquirido-por-inversionistas-extranjeros-informa-kuri\/"},"author":{"name":"Nexo Informativo","@id":"https:\/\/www.nexoinformativo.mx\/#\/schema\/person\/7749d380ba08c8ca00d7bc76fd907b7d"},"headline":"Futuro en el aire club Gallos de Quer\u00e9taro podr\u00eda ser adquirido por inversionistas extranjeros informa Kuri","datePublished":"2025-06-03T12:00:12+00:00","dateModified":"2025-06-03T20:11:20+00:00","mainEntityOfPage":{"@id":"https:\/\/www.nexoinformativo.mx\/index.php\/2025\/06\/03\/futuro-en-el-aire-club-gallos-de-queretaro-podria-ser-adquirido-por-inversionistas-extranjeros-informa-kuri\/"},"wordCount":185,"commentCount":0,"publisher":{"@id":"https:\/\/www.nexoinformativo.mx\/#organization"},"image":{"@id":"https:\/\/www.nexoinformativo.mx\/index.php\/2025\/06\/03\/futuro-en-el-aire-club-gallos-de-queretaro-podria-ser-adquirido-por-inversionistas-extranjeros-informa-kuri\/#primaryimage"},"thumbnailUrl":"https:\/\/www.nexoinformativo.mx\/wp-content\/uploads\/2025\/06\/PHOTO-2025-06-02-22-48-06-e1748981425683.jpg","keywords":["ClubQuer\u00e9taro","FutbolMexicano","GallosBlancos","LigaMX"],"articleSection":["Estado","\u00daltima Hora"],"inLanguage":"es","potentialAction":[{"@type":"CommentAction","name":"Comment","target":["https:\/\/www.nexoinformativo.mx\/index.php\/2025\/06\/03\/futuro-en-el-aire-club-gallos-de-queretaro-podria-ser-adquirido-por-inversionistas-extranjeros-informa-kuri\/#respond"]}]},{"@type":"WebPage","@id":"https:\/\/www.nexoinformativo.mx\/index.php\/2025\/06\/03\/futuro-en-el-aire-club-gallos-de-queretaro-podria-ser-adquirido-por-inversionistas-extranjeros-informa-kuri\/","url":"https:\/\/www.nexoinformativo.mx\/index.php\/2025\/06\/03\/futuro-en-el-aire-club-gallos-de-queretaro-podria-ser-adquirido-por-inversionistas-extranjeros-informa-kuri\/","name":"Futuro en el aire club Gallos de Quer\u00e9taro podr\u00eda ser adquirido por inversionistas extranjeros informa Kuri | Nexo Informativo Santiago de Quer\u00e9taro","isPartOf":{"@id":"https:\/\/www.nexoinformativo.mx\/#website"},"primaryImageOfPage":{"@id":"https:\/\/www.nexoinformativo.mx\/index.php\/2025\/06\/03\/futuro-en-el-aire-club-gallos-de-queretaro-podria-ser-adquirido-por-inversionistas-extranjeros-informa-kuri\/#primaryimage"},"image":{"@id":"https:\/\/www.nexoinformativo.mx\/index.php\/2025\/06\/03\/futuro-en-el-aire-club-gallos-de-queretaro-podria-ser-adquirido-por-inversionistas-extranjeros-informa-kuri\/#primaryimage"},"thumbnailUrl":"https:\/\/www.nexoinformativo.mx\/wp-content\/uploads\/2025\/06\/PHOTO-2025-06-02-22-48-06-e1748981425683.jpg","datePublished":"2025-06-03T12:00:12+00:00","dateModified":"2025-06-03T20:11:20+00:00","description":"Futuro en el aire club Gallos de Quer\u00e9taro podr\u00eda ser adquirido por inversionistas extranjeros informa Kuri","breadcrumb":{"@id":"https:\/\/www.nexoinformativo.mx\/index.php\/2025\/06\/03\/futuro-en-el-aire-club-gallos-de-queretaro-podria-ser-adquirido-por-inversionistas-extranjeros-informa-kuri\/#breadcrumb"},"inLanguage":"es","potentialAction":[{"@type":"ReadAction","target":["https:\/\/www.nexoinformativo.mx\/index.php\/2025\/06\/03\/futuro-en-el-aire-club-gallos-de-queretaro-podria-ser-adquirido-por-inversionistas-extranjeros-informa-kuri\/"]}]},{"@type":"ImageObject","inLanguage":"es","@id":"https:\/\/www.nexoinformativo.mx\/index.php\/2025\/06\/03\/futuro-en-el-aire-club-gallos-de-queretaro-podria-ser-adquirido-por-inversionistas-extranjeros-informa-kuri\/#primaryimage","url":"https:\/\/www.nexoinformativo.mx\/wp-content\/uploads\/2025\/06\/PHOTO-2025-06-02-22-48-06-e1748981425683.jpg","contentUrl":"https:\/\/www.nexoinformativo.mx\/wp-content\/uploads\/2025\/06\/PHOTO-2025-06-02-22-48-06-e1748981425683.jpg","width":800,"height":450},{"@type":"BreadcrumbList","@id":"https:\/\/www.nexoinformativo.mx\/index.php\/2025\/06\/03\/futuro-en-el-aire-club-gallos-de-queretaro-podria-ser-adquirido-por-inversionistas-extranjeros-informa-kuri\/#breadcrumb","itemListElement":[{"@type":"ListItem","position":1,"name":"Inicio","item":"https:\/\/www.nexoinformativo.mx\/"},{"@type":"ListItem","position":2,"name":"Futuro en el aire club Gallos de Quer\u00e9taro podr\u00eda ser adquirido por inversionistas extranjeros informa Kuri"}]},{"@type":"WebSite","@id":"https:\/\/www.nexoinformativo.mx\/#website","url":"https:\/\/www.nexoinformativo.mx\/","name":"Nexo Informativo Santiago de Quer\u00e9taro","description":"Explora NexoInformativo y convi\u00e9rtete en parte de una comunidad que valora el conocimiento y la verdad. Tu nexoinformativo es tu puente hacia una comprensi\u00f3n m\u00e1s profunda del mundo que te rodea.","publisher":{"@id":"https:\/\/www.nexoinformativo.mx\/#organization"},"potentialAction":[{"@type":"SearchAction","target":{"@type":"EntryPoint","urlTemplate":"https:\/\/www.nexoinformativo.mx\/?s={search_term_string}"},"query-input":{"@type":"PropertyValueSpecification","valueRequired":true,"valueName":"search_term_string"}}],"inLanguage":"es"},{"@type":"Organization","@id":"https:\/\/www.nexoinformativo.mx\/#organization","name":"Nexo Informativo Santiago de Quer\u00e9taro","url":"https:\/\/www.nexoinformativo.mx\/","logo":{"@type":"ImageObject","inLanguage":"es","@id":"https:\/\/www.nexoinformativo.mx\/#\/schema\/logo\/image\/","url":"https:\/\/www.nexoinformativo.mx\/wp-content\/uploads\/2024\/07\/nexoi-trasparente-2.png","contentUrl":"https:\/\/www.nexoinformativo.mx\/wp-content\/uploads\/2024\/07\/nexoi-trasparente-2.png","width":816,"height":339,"caption":"Nexo Informativo Santiago de Quer\u00e9taro"},"image":{"@id":"https:\/\/www.nexoinformativo.mx\/#\/schema\/logo\/image\/"},"sameAs":["https:\/\/www.facebook.com\/people\/Nexo-Informativo\/61564066885511\/"]},{"@type":"Person","@id":"https:\/\/www.nexoinformativo.mx\/#\/schema\/person\/7749d380ba08c8ca00d7bc76fd907b7d","name":"Nexo Informativo","image":{"@type":"ImageObject","inLanguage":"es","@id":"https:\/\/www.nexoinformativo.mx\/#\/schema\/person\/image\/","url":"https:\/\/secure.gravatar.com\/avatar\/dde2928154642a13d95f87ddf1ea9718fe2b46760a005c53e41ff5ad610704e6?s=96&d=mm&r=g","contentUrl":"https:\/\/secure.gravatar.com\/avatar\/dde2928154642a13d95f87ddf1ea9718fe2b46760a005c53e41ff5ad610704e6?s=96&d=mm&r=g","caption":"Nexo Informativo"},"url":"https:\/\/www.nexoinformativo.mx\/index.php\/author\/edicion\/"}]}},"_links":{"self":[{"href":"https:\/\/www.nexoinformativo.mx\/index.php\/wp-json\/wp\/v2\/posts\/15553","targetHints":{"allow":["GET"]}}],"collection":[{"href":"https:\/\/www.nexoinformativo.mx\/index.php\/wp-json\/wp\/v2\/posts"}],"about":[{"href":"https:\/\/www.nexoinformativo.mx\/index.php\/wp-json\/wp\/v2\/types\/post"}],"author":[{"embeddable":true,"href":"https:\/\/www.nexoinformativo.mx\/index.php\/wp-json\/wp\/v2\/users\/3"}],"replies":[{"embeddable":true,"href":"https:\/\/www.nexoinformativo.mx\/index.php\/wp-json\/wp\/v2\/comments?post=15553"}],"version-history":[{"count":4,"href":"https:\/\/www.nexoinformativo.mx\/index.php\/wp-json\/wp\/v2\/posts\/15553\/revisions"}],"predecessor-version":[{"id":15558,"href":"https:\/\/www.nexoinformativo.mx\/index.php\/wp-json\/wp\/v2\/posts\/15553\/revisions\/15558"}],"wp:featuredmedia":[{"embeddable":true,"href":"https:\/\/www.nexoinformativo.mx\/index.php\/wp-json\/wp\/v2\/media\/15554"}],"wp:attachment":[{"href":"https:\/\/www.nexoinformativo.mx\/index.php\/wp-json\/wp\/v2\/media?parent=15553"}],"wp:term":[{"taxonomy":"category","embeddable":true,"href":"https:\/\/www.nexoinformativo.mx\/index.php\/wp-json\/wp\/v2\/categories?post=15553"},{"taxonomy":"post_tag","embeddable":true,"href":"https:\/\/www.nexoinformativo.mx\/index.php\/wp-json\/wp\/v2\/tags?post=15553"}],"curies":[{"name":"wp","href":"https:\/\/api.w.org\/{rel}","templated":true}]}}