{"id":15559,"date":"2025-06-03T07:00:24","date_gmt":"2025-06-03T13:00:24","guid":{"rendered":"https:\/\/www.nexoinformativo.mx\/?p=15559"},"modified":"2025-06-03T14:15:55","modified_gmt":"2025-06-03T20:15:55","slug":"regresa-la-natacion-a-corregidora-alberca-municipal-el-pueblito-reabre-sus-puertas-con-beneficios-para-usuarios","status":"publish","type":"post","link":"https:\/\/www.nexoinformativo.mx\/index.php\/2025\/06\/03\/regresa-la-natacion-a-corregidora-alberca-municipal-el-pueblito-reabre-sus-puertas-con-beneficios-para-usuarios\/","title":{"rendered":"Regresa la nataci\u00f3n a Corregidora alberca Municipal el Pueblito reabre sus puertas con beneficios para usuarios"},"content":{"rendered":"<p style=\"text-align: justify;\" data-sourcepos=\"5:1-5:443\">El presidente municipal, Chepe Guerrero, anunci\u00f3 la reapertura total de la alberca municipal ubicada en la Unidad Deportiva El Pueblito.<\/p>\n<\/p>\n<p>&nbsp;<\/p>\n<p style=\"text-align: justify;\" data-sourcepos=\"5:1-5:443\">Las actividades hab\u00edan sido suspendidas en abril debido a una falla en el sistema de circulaci\u00f3n, pero tras los trabajos de reparaci\u00f3n, \u00a1est\u00e1 lista para recibir a sus usuarios de nuevo!<\/p>\n<\/p>\n<p>&nbsp;<\/p>\n<p style=\"text-align: justify;\" data-sourcepos=\"7:1-7:239\">&#8220;Vecinas y vecinos de Corregidora, me da mucho gusto informarles que, desde este lunes 2 de junio, reabrimos en su totalidad los servicios de nuestra alberca municipal&#8221;, expres\u00f3 el edil a trav\u00e9s de un video publicado en sus redes sociales.<\/p>\n<\/p>\n<p>&nbsp;<\/p>\n<p style=\"text-align: justify;\" data-sourcepos=\"9:1-9:243\">Adem\u00e1s, como una medida de apoyo a los usuarios afectados por el cierre, Chepe Guerrero inform\u00f3 que el pago realizado durante el mes de abril se aplicar\u00e1 en su totalidad durante el mes de junio. \u00a1As\u00ed, los usuarios no perder\u00e1n su inversi\u00f3n!<\/p>\n<\/p>\n<p>&nbsp;<\/p>\n<p style=\"text-align: justify;\" data-sourcepos=\"17:1-17:437\">Seg\u00fan Germ\u00e1n Borja, secretario de Desarrollo Social, la suspensi\u00f3n afect\u00f3 directamente a 515 usuarios activos, incluyendo ni\u00f1as, ni\u00f1os, j\u00f3venes y personas adultas mayores.<\/p>\n<\/p>\n<p>&nbsp;<\/p>\n<p style=\"text-align: justify;\" data-sourcepos=\"17:1-17:437\">Durante el periodo de cierre, las secretar\u00edas de Administraci\u00f3n y la Direcci\u00f3n de Adquisiciones y Contrataci\u00f3n de Servicios (DAPSI) trabajaron intensamente en las reparaciones para garantizar la seguridad y el \u00f3ptimo funcionamiento de las instalaciones.<\/p>\n<\/p>\n<p>&nbsp;<\/p>\n<p style=\"text-align: justify;\" data-sourcepos=\"19:1-19:226\">&#8220;Hoy, con mucho orgullo, les confirmo que todo est\u00e1 listo para recibirlos de nuevo. \u00a1La alberca est\u00e1 de vuelta! Seguimos trabajando para ofrecerles espacios seguros, dignos y de calidad. A paso firme\u201d, concluy\u00f3 Chepe Guerrero.<\/p>\n<\/p>\n<p>&nbsp;<\/p>\n<p style=\"text-align: center;\" data-sourcepos=\"19:1-19:226\"><em><strong>\u00a1Informaci\u00f3n que transforma!<\/strong><\/em><\/p>\n","protected":false},"excerpt":{"rendered":"<p>El presidente municipal, Chepe Guerrero, anunci\u00f3 la reapertura total de la alberca municipal ubicada en la Unidad Deportiva El Pueblito.<\/p>\n","protected":false},"author":3,"featured_media":15560,"comment_status":"open","ping_status":"open","sticky":false,"template":"","format":"standard","meta":{"footnotes":""},"categories":[65,58],"tags":[4678,237,233,4679],"class_list":["post-15559","post","type-post","status-publish","format-standard","has-post-thumbnail","hentry","category-municipios","category-ultima-hora","tag-albercaelpueblito","tag-chepeguerrero","tag-corregidora","tag-deporteinclusivo"],"yoast_head":"<!-- This site is optimized with the Yoast SEO plugin v25.0 - https:\/\/yoast.com\/wordpress\/plugins\/seo\/ -->\n<title>Regresa la nataci\u00f3n a Corregidora alberca Municipal el Pueblito reabre sus puertas con beneficios para usuarios | Nexo Informativo Santiago de Quer\u00e9taro<\/title>\n<meta name=\"description\" content=\"Regresa la nataci\u00f3n a Corregidora alberca Municipal el Pueblito reabre sus puertas con beneficios para usuarios\" \/>\n<meta name=\"robots\" content=\"index, follow, max-snippet:-1, max-image-preview:large, max-video-preview:-1\" \/>\n<link rel=\"canonical\" href=\"https:\/\/www.nexoinformativo.mx\/index.php\/2025\/06\/03\/regresa-la-natacion-a-corregidora-alberca-municipal-el-pueblito-reabre-sus-puertas-con-beneficios-para-usuarios\/\" \/>\n<meta property=\"og:locale\" content=\"es_MX\" \/>\n<meta property=\"og:type\" content=\"article\" \/>\n<meta property=\"og:title\" content=\"Regresa la nataci\u00f3n a Corregidora alberca Municipal el Pueblito reabre sus puertas con beneficios para usuarios | Nexo Informativo Santiago de Quer\u00e9taro\" \/>\n<meta property=\"og:description\" content=\"Regresa la nataci\u00f3n a Corregidora alberca Municipal el Pueblito reabre sus puertas con beneficios para usuarios\" \/>\n<meta property=\"og:url\" content=\"https:\/\/www.nexoinformativo.mx\/index.php\/2025\/06\/03\/regresa-la-natacion-a-corregidora-alberca-municipal-el-pueblito-reabre-sus-puertas-con-beneficios-para-usuarios\/\" \/>\n<meta property=\"og:site_name\" content=\"Nexo Informativo Santiago de Quer\u00e9taro\" \/>\n<meta property=\"article:publisher\" content=\"https:\/\/www.facebook.com\/people\/Nexo-Informativo\/61564066885511\/\" \/>\n<meta property=\"article:published_time\" content=\"2025-06-03T13:00:24+00:00\" \/>\n<meta property=\"article:modified_time\" content=\"2025-06-03T20:15:55+00:00\" \/>\n<meta property=\"og:image\" content=\"https:\/\/www.nexoinformativo.mx\/wp-content\/uploads\/2025\/06\/PHOTO-2025-06-03-11-16-24-e1748981703807.jpg\" \/>\n\t<meta property=\"og:image:width\" content=\"800\" \/>\n\t<meta property=\"og:image:height\" content=\"533\" \/>\n\t<meta property=\"og:image:type\" content=\"image\/jpeg\" \/>\n<meta name=\"author\" content=\"Nexo Informativo\" \/>\n<meta name=\"twitter:card\" content=\"summary_large_image\" \/>\n<meta name=\"twitter:label1\" content=\"Escrito por\" \/>\n\t<meta name=\"twitter:data1\" content=\"Nexo Informativo\" \/>\n\t<meta name=\"twitter:label2\" content=\"Tiempo de lectura\" \/>\n\t<meta name=\"twitter:data2\" content=\"2 minutos\" \/>\n<script type=\"application\/ld+json\" class=\"yoast-schema-graph\">{\"@context\":\"https:\/\/schema.org\",\"@graph\":[{\"@type\":\"Article\",\"@id\":\"https:\/\/www.nexoinformativo.mx\/index.php\/2025\/06\/03\/regresa-la-natacion-a-corregidora-alberca-municipal-el-pueblito-reabre-sus-puertas-con-beneficios-para-usuarios\/#article\",\"isPartOf\":{\"@id\":\"https:\/\/www.nexoinformativo.mx\/index.php\/2025\/06\/03\/regresa-la-natacion-a-corregidora-alberca-municipal-el-pueblito-reabre-sus-puertas-con-beneficios-para-usuarios\/\"},\"author\":{\"name\":\"Nexo Informativo\",\"@id\":\"https:\/\/www.nexoinformativo.mx\/#\/schema\/person\/7749d380ba08c8ca00d7bc76fd907b7d\"},\"headline\":\"Regresa la nataci\u00f3n a Corregidora alberca Municipal el Pueblito reabre sus puertas con beneficios para usuarios\",\"datePublished\":\"2025-06-03T13:00:24+00:00\",\"dateModified\":\"2025-06-03T20:15:55+00:00\",\"mainEntityOfPage\":{\"@id\":\"https:\/\/www.nexoinformativo.mx\/index.php\/2025\/06\/03\/regresa-la-natacion-a-corregidora-alberca-municipal-el-pueblito-reabre-sus-puertas-con-beneficios-para-usuarios\/\"},\"wordCount\":269,\"commentCount\":0,\"publisher\":{\"@id\":\"https:\/\/www.nexoinformativo.mx\/#organization\"},\"image\":{\"@id\":\"https:\/\/www.nexoinformativo.mx\/index.php\/2025\/06\/03\/regresa-la-natacion-a-corregidora-alberca-municipal-el-pueblito-reabre-sus-puertas-con-beneficios-para-usuarios\/#primaryimage\"},\"thumbnailUrl\":\"https:\/\/www.nexoinformativo.mx\/wp-content\/uploads\/2025\/06\/PHOTO-2025-06-03-11-16-24-e1748981703807.jpg\",\"keywords\":[\"AlbercaElPueblito\",\"ChepeGuerrero\",\"Corregidora\",\"DeporteInclusivo\"],\"articleSection\":[\"Municipios\",\"\u00daltima Hora\"],\"inLanguage\":\"es\",\"potentialAction\":[{\"@type\":\"CommentAction\",\"name\":\"Comment\",\"target\":[\"https:\/\/www.nexoinformativo.mx\/index.php\/2025\/06\/03\/regresa-la-natacion-a-corregidora-alberca-municipal-el-pueblito-reabre-sus-puertas-con-beneficios-para-usuarios\/#respond\"]}]},{\"@type\":\"WebPage\",\"@id\":\"https:\/\/www.nexoinformativo.mx\/index.php\/2025\/06\/03\/regresa-la-natacion-a-corregidora-alberca-municipal-el-pueblito-reabre-sus-puertas-con-beneficios-para-usuarios\/\",\"url\":\"https:\/\/www.nexoinformativo.mx\/index.php\/2025\/06\/03\/regresa-la-natacion-a-corregidora-alberca-municipal-el-pueblito-reabre-sus-puertas-con-beneficios-para-usuarios\/\",\"name\":\"Regresa la nataci\u00f3n a Corregidora alberca Municipal el Pueblito reabre sus puertas con beneficios para usuarios | Nexo Informativo Santiago de Quer\u00e9taro\",\"isPartOf\":{\"@id\":\"https:\/\/www.nexoinformativo.mx\/#website\"},\"primaryImageOfPage\":{\"@id\":\"https:\/\/www.nexoinformativo.mx\/index.php\/2025\/06\/03\/regresa-la-natacion-a-corregidora-alberca-municipal-el-pueblito-reabre-sus-puertas-con-beneficios-para-usuarios\/#primaryimage\"},\"image\":{\"@id\":\"https:\/\/www.nexoinformativo.mx\/index.php\/2025\/06\/03\/regresa-la-natacion-a-corregidora-alberca-municipal-el-pueblito-reabre-sus-puertas-con-beneficios-para-usuarios\/#primaryimage\"},\"thumbnailUrl\":\"https:\/\/www.nexoinformativo.mx\/wp-content\/uploads\/2025\/06\/PHOTO-2025-06-03-11-16-24-e1748981703807.jpg\",\"datePublished\":\"2025-06-03T13:00:24+00:00\",\"dateModified\":\"2025-06-03T20:15:55+00:00\",\"description\":\"Regresa la nataci\u00f3n a Corregidora alberca Municipal el Pueblito reabre sus puertas con beneficios para usuarios\",\"breadcrumb\":{\"@id\":\"https:\/\/www.nexoinformativo.mx\/index.php\/2025\/06\/03\/regresa-la-natacion-a-corregidora-alberca-municipal-el-pueblito-reabre-sus-puertas-con-beneficios-para-usuarios\/#breadcrumb\"},\"inLanguage\":\"es\",\"potentialAction\":[{\"@type\":\"ReadAction\",\"target\":[\"https:\/\/www.nexoinformativo.mx\/index.php\/2025\/06\/03\/regresa-la-natacion-a-corregidora-alberca-municipal-el-pueblito-reabre-sus-puertas-con-beneficios-para-usuarios\/\"]}]},{\"@type\":\"ImageObject\",\"inLanguage\":\"es\",\"@id\":\"https:\/\/www.nexoinformativo.mx\/index.php\/2025\/06\/03\/regresa-la-natacion-a-corregidora-alberca-municipal-el-pueblito-reabre-sus-puertas-con-beneficios-para-usuarios\/#primaryimage\",\"url\":\"https:\/\/www.nexoinformativo.mx\/wp-content\/uploads\/2025\/06\/PHOTO-2025-06-03-11-16-24-e1748981703807.jpg\",\"contentUrl\":\"https:\/\/www.nexoinformativo.mx\/wp-content\/uploads\/2025\/06\/PHOTO-2025-06-03-11-16-24-e1748981703807.jpg\",\"width\":800,\"height\":533},{\"@type\":\"BreadcrumbList\",\"@id\":\"https:\/\/www.nexoinformativo.mx\/index.php\/2025\/06\/03\/regresa-la-natacion-a-corregidora-alberca-municipal-el-pueblito-reabre-sus-puertas-con-beneficios-para-usuarios\/#breadcrumb\",\"itemListElement\":[{\"@type\":\"ListItem\",\"position\":1,\"name\":\"Inicio\",\"item\":\"https:\/\/www.nexoinformativo.mx\/\"},{\"@type\":\"ListItem\",\"position\":2,\"name\":\"Regresa la nataci\u00f3n a Corregidora alberca Municipal el Pueblito reabre sus puertas con beneficios para usuarios\"}]},{\"@type\":\"WebSite\",\"@id\":\"https:\/\/www.nexoinformativo.mx\/#website\",\"url\":\"https:\/\/www.nexoinformativo.mx\/\",\"name\":\"Nexo Informativo Santiago de Quer\u00e9taro\",\"description\":\"Explora NexoInformativo y convi\u00e9rtete en parte de una comunidad que valora el conocimiento y la verdad. Tu nexoinformativo es tu puente hacia una comprensi\u00f3n m\u00e1s profunda del mundo que te rodea.\",\"publisher\":{\"@id\":\"https:\/\/www.nexoinformativo.mx\/#organization\"},\"potentialAction\":[{\"@type\":\"SearchAction\",\"target\":{\"@type\":\"EntryPoint\",\"urlTemplate\":\"https:\/\/www.nexoinformativo.mx\/?s={search_term_string}\"},\"query-input\":{\"@type\":\"PropertyValueSpecification\",\"valueRequired\":true,\"valueName\":\"search_term_string\"}}],\"inLanguage\":\"es\"},{\"@type\":\"Organization\",\"@id\":\"https:\/\/www.nexoinformativo.mx\/#organization\",\"name\":\"Nexo Informativo Santiago de Quer\u00e9taro\",\"url\":\"https:\/\/www.nexoinformativo.mx\/\",\"logo\":{\"@type\":\"ImageObject\",\"inLanguage\":\"es\",\"@id\":\"https:\/\/www.nexoinformativo.mx\/#\/schema\/logo\/image\/\",\"url\":\"https:\/\/www.nexoinformativo.mx\/wp-content\/uploads\/2024\/07\/nexoi-trasparente-2.png\",\"contentUrl\":\"https:\/\/www.nexoinformativo.mx\/wp-content\/uploads\/2024\/07\/nexoi-trasparente-2.png\",\"width\":816,\"height\":339,\"caption\":\"Nexo Informativo Santiago de Quer\u00e9taro\"},\"image\":{\"@id\":\"https:\/\/www.nexoinformativo.mx\/#\/schema\/logo\/image\/\"},\"sameAs\":[\"https:\/\/www.facebook.com\/people\/Nexo-Informativo\/61564066885511\/\"]},{\"@type\":\"Person\",\"@id\":\"https:\/\/www.nexoinformativo.mx\/#\/schema\/person\/7749d380ba08c8ca00d7bc76fd907b7d\",\"name\":\"Nexo Informativo\",\"image\":{\"@type\":\"ImageObject\",\"inLanguage\":\"es\",\"@id\":\"https:\/\/www.nexoinformativo.mx\/#\/schema\/person\/image\/\",\"url\":\"https:\/\/secure.gravatar.com\/avatar\/dde2928154642a13d95f87ddf1ea9718fe2b46760a005c53e41ff5ad610704e6?s=96&d=mm&r=g\",\"contentUrl\":\"https:\/\/secure.gravatar.com\/avatar\/dde2928154642a13d95f87ddf1ea9718fe2b46760a005c53e41ff5ad610704e6?s=96&d=mm&r=g\",\"caption\":\"Nexo Informativo\"},\"url\":\"https:\/\/www.nexoinformativo.mx\/index.php\/author\/edicion\/\"}]}<\/script>\n<!-- \/ Yoast SEO plugin. -->","yoast_head_json":{"title":"Regresa la nataci\u00f3n a Corregidora alberca Municipal el Pueblito reabre sus puertas con beneficios para usuarios | Nexo Informativo Santiago de Quer\u00e9taro","description":"Regresa la nataci\u00f3n a Corregidora alberca Municipal el Pueblito reabre sus puertas con beneficios para usuarios","robots":{"index":"index","follow":"follow","max-snippet":"max-snippet:-1","max-image-preview":"max-image-preview:large","max-video-preview":"max-video-preview:-1"},"canonical":"https:\/\/www.nexoinformativo.mx\/index.php\/2025\/06\/03\/regresa-la-natacion-a-corregidora-alberca-municipal-el-pueblito-reabre-sus-puertas-con-beneficios-para-usuarios\/","og_locale":"es_MX","og_type":"article","og_title":"Regresa la nataci\u00f3n a Corregidora alberca Municipal el Pueblito reabre sus puertas con beneficios para usuarios | Nexo Informativo Santiago de Quer\u00e9taro","og_description":"Regresa la nataci\u00f3n a Corregidora alberca Municipal el Pueblito reabre sus puertas con beneficios para usuarios","og_url":"https:\/\/www.nexoinformativo.mx\/index.php\/2025\/06\/03\/regresa-la-natacion-a-corregidora-alberca-municipal-el-pueblito-reabre-sus-puertas-con-beneficios-para-usuarios\/","og_site_name":"Nexo Informativo Santiago de Quer\u00e9taro","article_publisher":"https:\/\/www.facebook.com\/people\/Nexo-Informativo\/61564066885511\/","article_published_time":"2025-06-03T13:00:24+00:00","article_modified_time":"2025-06-03T20:15:55+00:00","og_image":[{"width":800,"height":533,"url":"https:\/\/www.nexoinformativo.mx\/wp-content\/uploads\/2025\/06\/PHOTO-2025-06-03-11-16-24-e1748981703807.jpg","type":"image\/jpeg"}],"author":"Nexo Informativo","twitter_card":"summary_large_image","twitter_misc":{"Escrito por":"Nexo Informativo","Tiempo de lectura":"2 minutos"},"schema":{"@context":"https:\/\/schema.org","@graph":[{"@type":"Article","@id":"https:\/\/www.nexoinformativo.mx\/index.php\/2025\/06\/03\/regresa-la-natacion-a-corregidora-alberca-municipal-el-pueblito-reabre-sus-puertas-con-beneficios-para-usuarios\/#article","isPartOf":{"@id":"https:\/\/www.nexoinformativo.mx\/index.php\/2025\/06\/03\/regresa-la-natacion-a-corregidora-alberca-municipal-el-pueblito-reabre-sus-puertas-con-beneficios-para-usuarios\/"},"author":{"name":"Nexo Informativo","@id":"https:\/\/www.nexoinformativo.mx\/#\/schema\/person\/7749d380ba08c8ca00d7bc76fd907b7d"},"headline":"Regresa la nataci\u00f3n a Corregidora alberca Municipal el Pueblito reabre sus puertas con beneficios para usuarios","datePublished":"2025-06-03T13:00:24+00:00","dateModified":"2025-06-03T20:15:55+00:00","mainEntityOfPage":{"@id":"https:\/\/www.nexoinformativo.mx\/index.php\/2025\/06\/03\/regresa-la-natacion-a-corregidora-alberca-municipal-el-pueblito-reabre-sus-puertas-con-beneficios-para-usuarios\/"},"wordCount":269,"commentCount":0,"publisher":{"@id":"https:\/\/www.nexoinformativo.mx\/#organization"},"image":{"@id":"https:\/\/www.nexoinformativo.mx\/index.php\/2025\/06\/03\/regresa-la-natacion-a-corregidora-alberca-municipal-el-pueblito-reabre-sus-puertas-con-beneficios-para-usuarios\/#primaryimage"},"thumbnailUrl":"https:\/\/www.nexoinformativo.mx\/wp-content\/uploads\/2025\/06\/PHOTO-2025-06-03-11-16-24-e1748981703807.jpg","keywords":["AlbercaElPueblito","ChepeGuerrero","Corregidora","DeporteInclusivo"],"articleSection":["Municipios","\u00daltima Hora"],"inLanguage":"es","potentialAction":[{"@type":"CommentAction","name":"Comment","target":["https:\/\/www.nexoinformativo.mx\/index.php\/2025\/06\/03\/regresa-la-natacion-a-corregidora-alberca-municipal-el-pueblito-reabre-sus-puertas-con-beneficios-para-usuarios\/#respond"]}]},{"@type":"WebPage","@id":"https:\/\/www.nexoinformativo.mx\/index.php\/2025\/06\/03\/regresa-la-natacion-a-corregidora-alberca-municipal-el-pueblito-reabre-sus-puertas-con-beneficios-para-usuarios\/","url":"https:\/\/www.nexoinformativo.mx\/index.php\/2025\/06\/03\/regresa-la-natacion-a-corregidora-alberca-municipal-el-pueblito-reabre-sus-puertas-con-beneficios-para-usuarios\/","name":"Regresa la nataci\u00f3n a Corregidora alberca Municipal el Pueblito reabre sus puertas con beneficios para usuarios | Nexo Informativo Santiago de Quer\u00e9taro","isPartOf":{"@id":"https:\/\/www.nexoinformativo.mx\/#website"},"primaryImageOfPage":{"@id":"https:\/\/www.nexoinformativo.mx\/index.php\/2025\/06\/03\/regresa-la-natacion-a-corregidora-alberca-municipal-el-pueblito-reabre-sus-puertas-con-beneficios-para-usuarios\/#primaryimage"},"image":{"@id":"https:\/\/www.nexoinformativo.mx\/index.php\/2025\/06\/03\/regresa-la-natacion-a-corregidora-alberca-municipal-el-pueblito-reabre-sus-puertas-con-beneficios-para-usuarios\/#primaryimage"},"thumbnailUrl":"https:\/\/www.nexoinformativo.mx\/wp-content\/uploads\/2025\/06\/PHOTO-2025-06-03-11-16-24-e1748981703807.jpg","datePublished":"2025-06-03T13:00:24+00:00","dateModified":"2025-06-03T20:15:55+00:00","description":"Regresa la nataci\u00f3n a Corregidora alberca Municipal el Pueblito reabre sus puertas con beneficios para usuarios","breadcrumb":{"@id":"https:\/\/www.nexoinformativo.mx\/index.php\/2025\/06\/03\/regresa-la-natacion-a-corregidora-alberca-municipal-el-pueblito-reabre-sus-puertas-con-beneficios-para-usuarios\/#breadcrumb"},"inLanguage":"es","potentialAction":[{"@type":"ReadAction","target":["https:\/\/www.nexoinformativo.mx\/index.php\/2025\/06\/03\/regresa-la-natacion-a-corregidora-alberca-municipal-el-pueblito-reabre-sus-puertas-con-beneficios-para-usuarios\/"]}]},{"@type":"ImageObject","inLanguage":"es","@id":"https:\/\/www.nexoinformativo.mx\/index.php\/2025\/06\/03\/regresa-la-natacion-a-corregidora-alberca-municipal-el-pueblito-reabre-sus-puertas-con-beneficios-para-usuarios\/#primaryimage","url":"https:\/\/www.nexoinformativo.mx\/wp-content\/uploads\/2025\/06\/PHOTO-2025-06-03-11-16-24-e1748981703807.jpg","contentUrl":"https:\/\/www.nexoinformativo.mx\/wp-content\/uploads\/2025\/06\/PHOTO-2025-06-03-11-16-24-e1748981703807.jpg","width":800,"height":533},{"@type":"BreadcrumbList","@id":"https:\/\/www.nexoinformativo.mx\/index.php\/2025\/06\/03\/regresa-la-natacion-a-corregidora-alberca-municipal-el-pueblito-reabre-sus-puertas-con-beneficios-para-usuarios\/#breadcrumb","itemListElement":[{"@type":"ListItem","position":1,"name":"Inicio","item":"https:\/\/www.nexoinformativo.mx\/"},{"@type":"ListItem","position":2,"name":"Regresa la nataci\u00f3n a Corregidora alberca Municipal el Pueblito reabre sus puertas con beneficios para usuarios"}]},{"@type":"WebSite","@id":"https:\/\/www.nexoinformativo.mx\/#website","url":"https:\/\/www.nexoinformativo.mx\/","name":"Nexo Informativo Santiago de Quer\u00e9taro","description":"Explora NexoInformativo y convi\u00e9rtete en parte de una comunidad que valora el conocimiento y la verdad. Tu nexoinformativo es tu puente hacia una comprensi\u00f3n m\u00e1s profunda del mundo que te rodea.","publisher":{"@id":"https:\/\/www.nexoinformativo.mx\/#organization"},"potentialAction":[{"@type":"SearchAction","target":{"@type":"EntryPoint","urlTemplate":"https:\/\/www.nexoinformativo.mx\/?s={search_term_string}"},"query-input":{"@type":"PropertyValueSpecification","valueRequired":true,"valueName":"search_term_string"}}],"inLanguage":"es"},{"@type":"Organization","@id":"https:\/\/www.nexoinformativo.mx\/#organization","name":"Nexo Informativo Santiago de Quer\u00e9taro","url":"https:\/\/www.nexoinformativo.mx\/","logo":{"@type":"ImageObject","inLanguage":"es","@id":"https:\/\/www.nexoinformativo.mx\/#\/schema\/logo\/image\/","url":"https:\/\/www.nexoinformativo.mx\/wp-content\/uploads\/2024\/07\/nexoi-trasparente-2.png","contentUrl":"https:\/\/www.nexoinformativo.mx\/wp-content\/uploads\/2024\/07\/nexoi-trasparente-2.png","width":816,"height":339,"caption":"Nexo Informativo Santiago de Quer\u00e9taro"},"image":{"@id":"https:\/\/www.nexoinformativo.mx\/#\/schema\/logo\/image\/"},"sameAs":["https:\/\/www.facebook.com\/people\/Nexo-Informativo\/61564066885511\/"]},{"@type":"Person","@id":"https:\/\/www.nexoinformativo.mx\/#\/schema\/person\/7749d380ba08c8ca00d7bc76fd907b7d","name":"Nexo Informativo","image":{"@type":"ImageObject","inLanguage":"es","@id":"https:\/\/www.nexoinformativo.mx\/#\/schema\/person\/image\/","url":"https:\/\/secure.gravatar.com\/avatar\/dde2928154642a13d95f87ddf1ea9718fe2b46760a005c53e41ff5ad610704e6?s=96&d=mm&r=g","contentUrl":"https:\/\/secure.gravatar.com\/avatar\/dde2928154642a13d95f87ddf1ea9718fe2b46760a005c53e41ff5ad610704e6?s=96&d=mm&r=g","caption":"Nexo Informativo"},"url":"https:\/\/www.nexoinformativo.mx\/index.php\/author\/edicion\/"}]}},"_links":{"self":[{"href":"https:\/\/www.nexoinformativo.mx\/index.php\/wp-json\/wp\/v2\/posts\/15559","targetHints":{"allow":["GET"]}}],"collection":[{"href":"https:\/\/www.nexoinformativo.mx\/index.php\/wp-json\/wp\/v2\/posts"}],"about":[{"href":"https:\/\/www.nexoinformativo.mx\/index.php\/wp-json\/wp\/v2\/types\/post"}],"author":[{"embeddable":true,"href":"https:\/\/www.nexoinformativo.mx\/index.php\/wp-json\/wp\/v2\/users\/3"}],"replies":[{"embeddable":true,"href":"https:\/\/www.nexoinformativo.mx\/index.php\/wp-json\/wp\/v2\/comments?post=15559"}],"version-history":[{"count":3,"href":"https:\/\/www.nexoinformativo.mx\/index.php\/wp-json\/wp\/v2\/posts\/15559\/revisions"}],"predecessor-version":[{"id":15563,"href":"https:\/\/www.nexoinformativo.mx\/index.php\/wp-json\/wp\/v2\/posts\/15559\/revisions\/15563"}],"wp:featuredmedia":[{"embeddable":true,"href":"https:\/\/www.nexoinformativo.mx\/index.php\/wp-json\/wp\/v2\/media\/15560"}],"wp:attachment":[{"href":"https:\/\/www.nexoinformativo.mx\/index.php\/wp-json\/wp\/v2\/media?parent=15559"}],"wp:term":[{"taxonomy":"category","embeddable":true,"href":"https:\/\/www.nexoinformativo.mx\/index.php\/wp-json\/wp\/v2\/categories?post=15559"},{"taxonomy":"post_tag","embeddable":true,"href":"https:\/\/www.nexoinformativo.mx\/index.php\/wp-json\/wp\/v2\/tags?post=15559"}],"curies":[{"name":"wp","href":"https:\/\/api.w.org\/{rel}","templated":true}]}}