{"id":15569,"date":"2025-06-03T09:00:08","date_gmt":"2025-06-03T15:00:08","guid":{"rendered":"https:\/\/www.nexoinformativo.mx\/?p=15569"},"modified":"2025-06-03T14:26:36","modified_gmt":"2025-06-03T20:26:36","slug":"alerta-por-lluvias-queretaro-atribuye-encharcamientos-en-5-de-febrero-a-basura-y-falla-de-bombeo","status":"publish","type":"post","link":"https:\/\/www.nexoinformativo.mx\/index.php\/2025\/06\/03\/alerta-por-lluvias-queretaro-atribuye-encharcamientos-en-5-de-febrero-a-basura-y-falla-de-bombeo\/","title":{"rendered":"Alerta por lluvias Quer\u00e9taro atribuye encharcamientos en 5 de Febrero a basura y falla de bombeo"},"content":{"rendered":"<p style=\"text-align: justify;\" data-sourcepos=\"5:1-5:426\">El encharcamiento que afect\u00f3 recientemente las inmediaciones de Paseo 5 de Febrero, a la altura del acceso a Tlacote, fue provocado por una combinaci\u00f3n de factores: la primera lluvia intensa de la temporada, la acumulaci\u00f3n de basura y una falla temporal en un equipo de bombeo.<\/p>\n<p>&nbsp;<\/p>\n<p style=\"text-align: justify;\" data-sourcepos=\"5:1-5:426\">As\u00ed lo inform\u00f3 P\u00edo X Salgado, secretario de Desarrollo Urbano y Obras P\u00fablicas del estado. El incidente ocurri\u00f3 durante la noche del s\u00e1bado pasado y se extendi\u00f3 hasta la madrugada del domingo.<\/p>\n<p>&nbsp;<\/p>\n<p style=\"text-align: justify;\" data-sourcepos=\"5:1-5:426\">Se acumul\u00f3 hasta 40 cent\u00edmetros de agua que permanecieron por aproximadamente dos horas, sin que se reportaran da\u00f1os materiales ni afectaciones personales.<\/p>\n<p>&nbsp;<\/p>\n<p style=\"text-align: justify;\" data-sourcepos=\"9:1-9:615\">El secretario aclar\u00f3 que este ha sido el \u00fanico encharcamiento reportado en la zona de Paseo 5 de Febrero y que el sistema de drenaje oper\u00f3 correctamente en las lluvias posteriores. &#8220;Los c\u00e1rcamos se encuentran funcionando bien; el equipo fue revisado y se encuentra en condiciones operativas\u201d, a\u00f1adi\u00f3.<\/p>\n<p>&nbsp;<\/p>\n<p style=\"text-align: justify;\" data-sourcepos=\"15:1-15:398\">En cuanto a las afectaciones en las zonas de Menchaca y San Pedrito Pe\u00f1uelas, el secretario reconoci\u00f3 que se trata de un problema estructural de escurrimientos pluviales, resultado del desarrollo urbano irregular de las \u00faltimas d\u00e9cadas.<\/p>\n<p>&nbsp;<\/p>\n<p style=\"text-align: justify;\" data-sourcepos=\"17:1-17:309\">A pesar de la coordinaci\u00f3n con el municipio, Salgado admiti\u00f3 que no hay actualmente intervenciones estructurales mayores en esa zona y que se requiere un an\u00e1lisis integral para evaluar soluciones a largo plazo, aunque reconoci\u00f3 que ya no existen espacios disponibles para construir nuevas obras de regulaci\u00f3n.<\/p>\n<p>&nbsp;<\/p>\n<p style=\"text-align: justify;\" data-sourcepos=\"19:1-19:320\">Respecto a otras regiones del estado, asegur\u00f3 que los cauces en San Juan del R\u00edo y Tequisquiapan est\u00e1n operando adecuadamente, a pesar de los escurrimientos importantes, especialmente en el r\u00edo San Juan.<\/p>\n<p>&nbsp;<\/p>\n<p style=\"text-align: center;\" data-sourcepos=\"19:1-19:320\"><em><strong>\u00a1Informaci\u00f3n que transforma!<\/strong><\/em><\/p>\n","protected":false},"excerpt":{"rendered":"<p>El encharcamiento que afect\u00f3 recientemente las inmediaciones de Paseo 5 de Febrero, a la altura del acceso a Tlacote, fue provocado por una combinaci\u00f3n de factores: la primera lluvia intensa de la temporada, la acumulaci\u00f3n de basura y una falla temporal en un equipo de bombeo.<\/p>\n","protected":false},"author":3,"featured_media":15570,"comment_status":"open","ping_status":"open","sticky":false,"template":"","format":"standard","meta":{"footnotes":""},"categories":[42,137,58],"tags":[4563,644,1460,4681],"class_list":["post-15569","post","type-post","status-publish","format-standard","has-post-thumbnail","hentry","category-estado","category-sucesos","category-ultima-hora","tag-lluviasqro","tag-obraspublicas","tag-paseo5defebrero","tag-prevencioninundaciones"],"yoast_head":"<!-- This site is optimized with the Yoast SEO plugin v25.0 - https:\/\/yoast.com\/wordpress\/plugins\/seo\/ -->\n<title>Alerta por lluvias Quer\u00e9taro atribuye encharcamientos en 5 de Febrero a basura y falla de bombeo | Nexo Informativo Santiago de Quer\u00e9taro<\/title>\n<meta name=\"description\" content=\"Alerta por lluvias Quer\u00e9taro atribuye encharcamientos en 5 de Febrero a basura y falla de bombeo\" \/>\n<meta name=\"robots\" content=\"index, follow, max-snippet:-1, max-image-preview:large, max-video-preview:-1\" \/>\n<link rel=\"canonical\" href=\"https:\/\/www.nexoinformativo.mx\/index.php\/2025\/06\/03\/alerta-por-lluvias-queretaro-atribuye-encharcamientos-en-5-de-febrero-a-basura-y-falla-de-bombeo\/\" \/>\n<meta property=\"og:locale\" content=\"es_MX\" \/>\n<meta property=\"og:type\" content=\"article\" \/>\n<meta property=\"og:title\" content=\"Alerta por lluvias Quer\u00e9taro atribuye encharcamientos en 5 de Febrero a basura y falla de bombeo | Nexo Informativo Santiago de Quer\u00e9taro\" \/>\n<meta property=\"og:description\" content=\"Alerta por lluvias Quer\u00e9taro atribuye encharcamientos en 5 de Febrero a basura y falla de bombeo\" \/>\n<meta property=\"og:url\" content=\"https:\/\/www.nexoinformativo.mx\/index.php\/2025\/06\/03\/alerta-por-lluvias-queretaro-atribuye-encharcamientos-en-5-de-febrero-a-basura-y-falla-de-bombeo\/\" \/>\n<meta property=\"og:site_name\" content=\"Nexo Informativo Santiago de Quer\u00e9taro\" \/>\n<meta property=\"article:publisher\" content=\"https:\/\/www.facebook.com\/people\/Nexo-Informativo\/61564066885511\/\" \/>\n<meta property=\"article:published_time\" content=\"2025-06-03T15:00:08+00:00\" \/>\n<meta property=\"article:modified_time\" content=\"2025-06-03T20:26:36+00:00\" \/>\n<meta property=\"og:image\" content=\"https:\/\/www.nexoinformativo.mx\/wp-content\/uploads\/2025\/06\/PHOTO-2025-06-03-11-17-15-e1748982335870.jpg\" \/>\n\t<meta property=\"og:image:width\" content=\"800\" \/>\n\t<meta property=\"og:image:height\" content=\"533\" \/>\n\t<meta property=\"og:image:type\" content=\"image\/jpeg\" \/>\n<meta name=\"author\" content=\"Nexo Informativo\" \/>\n<meta name=\"twitter:card\" content=\"summary_large_image\" \/>\n<meta name=\"twitter:label1\" content=\"Escrito por\" \/>\n\t<meta name=\"twitter:data1\" content=\"Nexo Informativo\" \/>\n\t<meta name=\"twitter:label2\" content=\"Tiempo de lectura\" \/>\n\t<meta name=\"twitter:data2\" content=\"2 minutos\" \/>\n<script type=\"application\/ld+json\" class=\"yoast-schema-graph\">{\"@context\":\"https:\/\/schema.org\",\"@graph\":[{\"@type\":\"Article\",\"@id\":\"https:\/\/www.nexoinformativo.mx\/index.php\/2025\/06\/03\/alerta-por-lluvias-queretaro-atribuye-encharcamientos-en-5-de-febrero-a-basura-y-falla-de-bombeo\/#article\",\"isPartOf\":{\"@id\":\"https:\/\/www.nexoinformativo.mx\/index.php\/2025\/06\/03\/alerta-por-lluvias-queretaro-atribuye-encharcamientos-en-5-de-febrero-a-basura-y-falla-de-bombeo\/\"},\"author\":{\"name\":\"Nexo Informativo\",\"@id\":\"https:\/\/www.nexoinformativo.mx\/#\/schema\/person\/7749d380ba08c8ca00d7bc76fd907b7d\"},\"headline\":\"Alerta por lluvias Quer\u00e9taro atribuye encharcamientos en 5 de Febrero a basura y falla de bombeo\",\"datePublished\":\"2025-06-03T15:00:08+00:00\",\"dateModified\":\"2025-06-03T20:26:36+00:00\",\"mainEntityOfPage\":{\"@id\":\"https:\/\/www.nexoinformativo.mx\/index.php\/2025\/06\/03\/alerta-por-lluvias-queretaro-atribuye-encharcamientos-en-5-de-febrero-a-basura-y-falla-de-bombeo\/\"},\"wordCount\":304,\"commentCount\":0,\"publisher\":{\"@id\":\"https:\/\/www.nexoinformativo.mx\/#organization\"},\"image\":{\"@id\":\"https:\/\/www.nexoinformativo.mx\/index.php\/2025\/06\/03\/alerta-por-lluvias-queretaro-atribuye-encharcamientos-en-5-de-febrero-a-basura-y-falla-de-bombeo\/#primaryimage\"},\"thumbnailUrl\":\"https:\/\/www.nexoinformativo.mx\/wp-content\/uploads\/2025\/06\/PHOTO-2025-06-03-11-17-15-e1748982335870.jpg\",\"keywords\":[\"LluviasQro\",\"ObrasP\u00fablicas\",\"Paseo5deFebrero\",\"Prevenci\u00f3nInundaciones\"],\"articleSection\":[\"Estado\",\"Sucesos\",\"\u00daltima Hora\"],\"inLanguage\":\"es\",\"potentialAction\":[{\"@type\":\"CommentAction\",\"name\":\"Comment\",\"target\":[\"https:\/\/www.nexoinformativo.mx\/index.php\/2025\/06\/03\/alerta-por-lluvias-queretaro-atribuye-encharcamientos-en-5-de-febrero-a-basura-y-falla-de-bombeo\/#respond\"]}]},{\"@type\":\"WebPage\",\"@id\":\"https:\/\/www.nexoinformativo.mx\/index.php\/2025\/06\/03\/alerta-por-lluvias-queretaro-atribuye-encharcamientos-en-5-de-febrero-a-basura-y-falla-de-bombeo\/\",\"url\":\"https:\/\/www.nexoinformativo.mx\/index.php\/2025\/06\/03\/alerta-por-lluvias-queretaro-atribuye-encharcamientos-en-5-de-febrero-a-basura-y-falla-de-bombeo\/\",\"name\":\"Alerta por lluvias Quer\u00e9taro atribuye encharcamientos en 5 de Febrero a basura y falla de bombeo | Nexo Informativo Santiago de Quer\u00e9taro\",\"isPartOf\":{\"@id\":\"https:\/\/www.nexoinformativo.mx\/#website\"},\"primaryImageOfPage\":{\"@id\":\"https:\/\/www.nexoinformativo.mx\/index.php\/2025\/06\/03\/alerta-por-lluvias-queretaro-atribuye-encharcamientos-en-5-de-febrero-a-basura-y-falla-de-bombeo\/#primaryimage\"},\"image\":{\"@id\":\"https:\/\/www.nexoinformativo.mx\/index.php\/2025\/06\/03\/alerta-por-lluvias-queretaro-atribuye-encharcamientos-en-5-de-febrero-a-basura-y-falla-de-bombeo\/#primaryimage\"},\"thumbnailUrl\":\"https:\/\/www.nexoinformativo.mx\/wp-content\/uploads\/2025\/06\/PHOTO-2025-06-03-11-17-15-e1748982335870.jpg\",\"datePublished\":\"2025-06-03T15:00:08+00:00\",\"dateModified\":\"2025-06-03T20:26:36+00:00\",\"description\":\"Alerta por lluvias Quer\u00e9taro atribuye encharcamientos en 5 de Febrero a basura y falla de bombeo\",\"breadcrumb\":{\"@id\":\"https:\/\/www.nexoinformativo.mx\/index.php\/2025\/06\/03\/alerta-por-lluvias-queretaro-atribuye-encharcamientos-en-5-de-febrero-a-basura-y-falla-de-bombeo\/#breadcrumb\"},\"inLanguage\":\"es\",\"potentialAction\":[{\"@type\":\"ReadAction\",\"target\":[\"https:\/\/www.nexoinformativo.mx\/index.php\/2025\/06\/03\/alerta-por-lluvias-queretaro-atribuye-encharcamientos-en-5-de-febrero-a-basura-y-falla-de-bombeo\/\"]}]},{\"@type\":\"ImageObject\",\"inLanguage\":\"es\",\"@id\":\"https:\/\/www.nexoinformativo.mx\/index.php\/2025\/06\/03\/alerta-por-lluvias-queretaro-atribuye-encharcamientos-en-5-de-febrero-a-basura-y-falla-de-bombeo\/#primaryimage\",\"url\":\"https:\/\/www.nexoinformativo.mx\/wp-content\/uploads\/2025\/06\/PHOTO-2025-06-03-11-17-15-e1748982335870.jpg\",\"contentUrl\":\"https:\/\/www.nexoinformativo.mx\/wp-content\/uploads\/2025\/06\/PHOTO-2025-06-03-11-17-15-e1748982335870.jpg\",\"width\":800,\"height\":533},{\"@type\":\"BreadcrumbList\",\"@id\":\"https:\/\/www.nexoinformativo.mx\/index.php\/2025\/06\/03\/alerta-por-lluvias-queretaro-atribuye-encharcamientos-en-5-de-febrero-a-basura-y-falla-de-bombeo\/#breadcrumb\",\"itemListElement\":[{\"@type\":\"ListItem\",\"position\":1,\"name\":\"Inicio\",\"item\":\"https:\/\/www.nexoinformativo.mx\/\"},{\"@type\":\"ListItem\",\"position\":2,\"name\":\"Alerta por lluvias Quer\u00e9taro atribuye encharcamientos en 5 de Febrero a basura y falla de bombeo\"}]},{\"@type\":\"WebSite\",\"@id\":\"https:\/\/www.nexoinformativo.mx\/#website\",\"url\":\"https:\/\/www.nexoinformativo.mx\/\",\"name\":\"Nexo Informativo Santiago de Quer\u00e9taro\",\"description\":\"Explora NexoInformativo y convi\u00e9rtete en parte de una comunidad que valora el conocimiento y la verdad. Tu nexoinformativo es tu puente hacia una comprensi\u00f3n m\u00e1s profunda del mundo que te rodea.\",\"publisher\":{\"@id\":\"https:\/\/www.nexoinformativo.mx\/#organization\"},\"potentialAction\":[{\"@type\":\"SearchAction\",\"target\":{\"@type\":\"EntryPoint\",\"urlTemplate\":\"https:\/\/www.nexoinformativo.mx\/?s={search_term_string}\"},\"query-input\":{\"@type\":\"PropertyValueSpecification\",\"valueRequired\":true,\"valueName\":\"search_term_string\"}}],\"inLanguage\":\"es\"},{\"@type\":\"Organization\",\"@id\":\"https:\/\/www.nexoinformativo.mx\/#organization\",\"name\":\"Nexo Informativo Santiago de Quer\u00e9taro\",\"url\":\"https:\/\/www.nexoinformativo.mx\/\",\"logo\":{\"@type\":\"ImageObject\",\"inLanguage\":\"es\",\"@id\":\"https:\/\/www.nexoinformativo.mx\/#\/schema\/logo\/image\/\",\"url\":\"https:\/\/www.nexoinformativo.mx\/wp-content\/uploads\/2024\/07\/nexoi-trasparente-2.png\",\"contentUrl\":\"https:\/\/www.nexoinformativo.mx\/wp-content\/uploads\/2024\/07\/nexoi-trasparente-2.png\",\"width\":816,\"height\":339,\"caption\":\"Nexo Informativo Santiago de Quer\u00e9taro\"},\"image\":{\"@id\":\"https:\/\/www.nexoinformativo.mx\/#\/schema\/logo\/image\/\"},\"sameAs\":[\"https:\/\/www.facebook.com\/people\/Nexo-Informativo\/61564066885511\/\"]},{\"@type\":\"Person\",\"@id\":\"https:\/\/www.nexoinformativo.mx\/#\/schema\/person\/7749d380ba08c8ca00d7bc76fd907b7d\",\"name\":\"Nexo Informativo\",\"image\":{\"@type\":\"ImageObject\",\"inLanguage\":\"es\",\"@id\":\"https:\/\/www.nexoinformativo.mx\/#\/schema\/person\/image\/\",\"url\":\"https:\/\/secure.gravatar.com\/avatar\/dde2928154642a13d95f87ddf1ea9718fe2b46760a005c53e41ff5ad610704e6?s=96&d=mm&r=g\",\"contentUrl\":\"https:\/\/secure.gravatar.com\/avatar\/dde2928154642a13d95f87ddf1ea9718fe2b46760a005c53e41ff5ad610704e6?s=96&d=mm&r=g\",\"caption\":\"Nexo Informativo\"},\"url\":\"https:\/\/www.nexoinformativo.mx\/index.php\/author\/edicion\/\"}]}<\/script>\n<!-- \/ Yoast SEO plugin. -->","yoast_head_json":{"title":"Alerta por lluvias Quer\u00e9taro atribuye encharcamientos en 5 de Febrero a basura y falla de bombeo | Nexo Informativo Santiago de Quer\u00e9taro","description":"Alerta por lluvias Quer\u00e9taro atribuye encharcamientos en 5 de Febrero a basura y falla de bombeo","robots":{"index":"index","follow":"follow","max-snippet":"max-snippet:-1","max-image-preview":"max-image-preview:large","max-video-preview":"max-video-preview:-1"},"canonical":"https:\/\/www.nexoinformativo.mx\/index.php\/2025\/06\/03\/alerta-por-lluvias-queretaro-atribuye-encharcamientos-en-5-de-febrero-a-basura-y-falla-de-bombeo\/","og_locale":"es_MX","og_type":"article","og_title":"Alerta por lluvias Quer\u00e9taro atribuye encharcamientos en 5 de Febrero a basura y falla de bombeo | Nexo Informativo Santiago de Quer\u00e9taro","og_description":"Alerta por lluvias Quer\u00e9taro atribuye encharcamientos en 5 de Febrero a basura y falla de bombeo","og_url":"https:\/\/www.nexoinformativo.mx\/index.php\/2025\/06\/03\/alerta-por-lluvias-queretaro-atribuye-encharcamientos-en-5-de-febrero-a-basura-y-falla-de-bombeo\/","og_site_name":"Nexo Informativo Santiago de Quer\u00e9taro","article_publisher":"https:\/\/www.facebook.com\/people\/Nexo-Informativo\/61564066885511\/","article_published_time":"2025-06-03T15:00:08+00:00","article_modified_time":"2025-06-03T20:26:36+00:00","og_image":[{"width":800,"height":533,"url":"https:\/\/www.nexoinformativo.mx\/wp-content\/uploads\/2025\/06\/PHOTO-2025-06-03-11-17-15-e1748982335870.jpg","type":"image\/jpeg"}],"author":"Nexo Informativo","twitter_card":"summary_large_image","twitter_misc":{"Escrito por":"Nexo Informativo","Tiempo de lectura":"2 minutos"},"schema":{"@context":"https:\/\/schema.org","@graph":[{"@type":"Article","@id":"https:\/\/www.nexoinformativo.mx\/index.php\/2025\/06\/03\/alerta-por-lluvias-queretaro-atribuye-encharcamientos-en-5-de-febrero-a-basura-y-falla-de-bombeo\/#article","isPartOf":{"@id":"https:\/\/www.nexoinformativo.mx\/index.php\/2025\/06\/03\/alerta-por-lluvias-queretaro-atribuye-encharcamientos-en-5-de-febrero-a-basura-y-falla-de-bombeo\/"},"author":{"name":"Nexo Informativo","@id":"https:\/\/www.nexoinformativo.mx\/#\/schema\/person\/7749d380ba08c8ca00d7bc76fd907b7d"},"headline":"Alerta por lluvias Quer\u00e9taro atribuye encharcamientos en 5 de Febrero a basura y falla de bombeo","datePublished":"2025-06-03T15:00:08+00:00","dateModified":"2025-06-03T20:26:36+00:00","mainEntityOfPage":{"@id":"https:\/\/www.nexoinformativo.mx\/index.php\/2025\/06\/03\/alerta-por-lluvias-queretaro-atribuye-encharcamientos-en-5-de-febrero-a-basura-y-falla-de-bombeo\/"},"wordCount":304,"commentCount":0,"publisher":{"@id":"https:\/\/www.nexoinformativo.mx\/#organization"},"image":{"@id":"https:\/\/www.nexoinformativo.mx\/index.php\/2025\/06\/03\/alerta-por-lluvias-queretaro-atribuye-encharcamientos-en-5-de-febrero-a-basura-y-falla-de-bombeo\/#primaryimage"},"thumbnailUrl":"https:\/\/www.nexoinformativo.mx\/wp-content\/uploads\/2025\/06\/PHOTO-2025-06-03-11-17-15-e1748982335870.jpg","keywords":["LluviasQro","ObrasP\u00fablicas","Paseo5deFebrero","Prevenci\u00f3nInundaciones"],"articleSection":["Estado","Sucesos","\u00daltima Hora"],"inLanguage":"es","potentialAction":[{"@type":"CommentAction","name":"Comment","target":["https:\/\/www.nexoinformativo.mx\/index.php\/2025\/06\/03\/alerta-por-lluvias-queretaro-atribuye-encharcamientos-en-5-de-febrero-a-basura-y-falla-de-bombeo\/#respond"]}]},{"@type":"WebPage","@id":"https:\/\/www.nexoinformativo.mx\/index.php\/2025\/06\/03\/alerta-por-lluvias-queretaro-atribuye-encharcamientos-en-5-de-febrero-a-basura-y-falla-de-bombeo\/","url":"https:\/\/www.nexoinformativo.mx\/index.php\/2025\/06\/03\/alerta-por-lluvias-queretaro-atribuye-encharcamientos-en-5-de-febrero-a-basura-y-falla-de-bombeo\/","name":"Alerta por lluvias Quer\u00e9taro atribuye encharcamientos en 5 de Febrero a basura y falla de bombeo | Nexo Informativo Santiago de Quer\u00e9taro","isPartOf":{"@id":"https:\/\/www.nexoinformativo.mx\/#website"},"primaryImageOfPage":{"@id":"https:\/\/www.nexoinformativo.mx\/index.php\/2025\/06\/03\/alerta-por-lluvias-queretaro-atribuye-encharcamientos-en-5-de-febrero-a-basura-y-falla-de-bombeo\/#primaryimage"},"image":{"@id":"https:\/\/www.nexoinformativo.mx\/index.php\/2025\/06\/03\/alerta-por-lluvias-queretaro-atribuye-encharcamientos-en-5-de-febrero-a-basura-y-falla-de-bombeo\/#primaryimage"},"thumbnailUrl":"https:\/\/www.nexoinformativo.mx\/wp-content\/uploads\/2025\/06\/PHOTO-2025-06-03-11-17-15-e1748982335870.jpg","datePublished":"2025-06-03T15:00:08+00:00","dateModified":"2025-06-03T20:26:36+00:00","description":"Alerta por lluvias Quer\u00e9taro atribuye encharcamientos en 5 de Febrero a basura y falla de bombeo","breadcrumb":{"@id":"https:\/\/www.nexoinformativo.mx\/index.php\/2025\/06\/03\/alerta-por-lluvias-queretaro-atribuye-encharcamientos-en-5-de-febrero-a-basura-y-falla-de-bombeo\/#breadcrumb"},"inLanguage":"es","potentialAction":[{"@type":"ReadAction","target":["https:\/\/www.nexoinformativo.mx\/index.php\/2025\/06\/03\/alerta-por-lluvias-queretaro-atribuye-encharcamientos-en-5-de-febrero-a-basura-y-falla-de-bombeo\/"]}]},{"@type":"ImageObject","inLanguage":"es","@id":"https:\/\/www.nexoinformativo.mx\/index.php\/2025\/06\/03\/alerta-por-lluvias-queretaro-atribuye-encharcamientos-en-5-de-febrero-a-basura-y-falla-de-bombeo\/#primaryimage","url":"https:\/\/www.nexoinformativo.mx\/wp-content\/uploads\/2025\/06\/PHOTO-2025-06-03-11-17-15-e1748982335870.jpg","contentUrl":"https:\/\/www.nexoinformativo.mx\/wp-content\/uploads\/2025\/06\/PHOTO-2025-06-03-11-17-15-e1748982335870.jpg","width":800,"height":533},{"@type":"BreadcrumbList","@id":"https:\/\/www.nexoinformativo.mx\/index.php\/2025\/06\/03\/alerta-por-lluvias-queretaro-atribuye-encharcamientos-en-5-de-febrero-a-basura-y-falla-de-bombeo\/#breadcrumb","itemListElement":[{"@type":"ListItem","position":1,"name":"Inicio","item":"https:\/\/www.nexoinformativo.mx\/"},{"@type":"ListItem","position":2,"name":"Alerta por lluvias Quer\u00e9taro atribuye encharcamientos en 5 de Febrero a basura y falla de bombeo"}]},{"@type":"WebSite","@id":"https:\/\/www.nexoinformativo.mx\/#website","url":"https:\/\/www.nexoinformativo.mx\/","name":"Nexo Informativo Santiago de Quer\u00e9taro","description":"Explora NexoInformativo y convi\u00e9rtete en parte de una comunidad que valora el conocimiento y la verdad. Tu nexoinformativo es tu puente hacia una comprensi\u00f3n m\u00e1s profunda del mundo que te rodea.","publisher":{"@id":"https:\/\/www.nexoinformativo.mx\/#organization"},"potentialAction":[{"@type":"SearchAction","target":{"@type":"EntryPoint","urlTemplate":"https:\/\/www.nexoinformativo.mx\/?s={search_term_string}"},"query-input":{"@type":"PropertyValueSpecification","valueRequired":true,"valueName":"search_term_string"}}],"inLanguage":"es"},{"@type":"Organization","@id":"https:\/\/www.nexoinformativo.mx\/#organization","name":"Nexo Informativo Santiago de Quer\u00e9taro","url":"https:\/\/www.nexoinformativo.mx\/","logo":{"@type":"ImageObject","inLanguage":"es","@id":"https:\/\/www.nexoinformativo.mx\/#\/schema\/logo\/image\/","url":"https:\/\/www.nexoinformativo.mx\/wp-content\/uploads\/2024\/07\/nexoi-trasparente-2.png","contentUrl":"https:\/\/www.nexoinformativo.mx\/wp-content\/uploads\/2024\/07\/nexoi-trasparente-2.png","width":816,"height":339,"caption":"Nexo Informativo Santiago de Quer\u00e9taro"},"image":{"@id":"https:\/\/www.nexoinformativo.mx\/#\/schema\/logo\/image\/"},"sameAs":["https:\/\/www.facebook.com\/people\/Nexo-Informativo\/61564066885511\/"]},{"@type":"Person","@id":"https:\/\/www.nexoinformativo.mx\/#\/schema\/person\/7749d380ba08c8ca00d7bc76fd907b7d","name":"Nexo Informativo","image":{"@type":"ImageObject","inLanguage":"es","@id":"https:\/\/www.nexoinformativo.mx\/#\/schema\/person\/image\/","url":"https:\/\/secure.gravatar.com\/avatar\/dde2928154642a13d95f87ddf1ea9718fe2b46760a005c53e41ff5ad610704e6?s=96&d=mm&r=g","contentUrl":"https:\/\/secure.gravatar.com\/avatar\/dde2928154642a13d95f87ddf1ea9718fe2b46760a005c53e41ff5ad610704e6?s=96&d=mm&r=g","caption":"Nexo Informativo"},"url":"https:\/\/www.nexoinformativo.mx\/index.php\/author\/edicion\/"}]}},"_links":{"self":[{"href":"https:\/\/www.nexoinformativo.mx\/index.php\/wp-json\/wp\/v2\/posts\/15569","targetHints":{"allow":["GET"]}}],"collection":[{"href":"https:\/\/www.nexoinformativo.mx\/index.php\/wp-json\/wp\/v2\/posts"}],"about":[{"href":"https:\/\/www.nexoinformativo.mx\/index.php\/wp-json\/wp\/v2\/types\/post"}],"author":[{"embeddable":true,"href":"https:\/\/www.nexoinformativo.mx\/index.php\/wp-json\/wp\/v2\/users\/3"}],"replies":[{"embeddable":true,"href":"https:\/\/www.nexoinformativo.mx\/index.php\/wp-json\/wp\/v2\/comments?post=15569"}],"version-history":[{"count":4,"href":"https:\/\/www.nexoinformativo.mx\/index.php\/wp-json\/wp\/v2\/posts\/15569\/revisions"}],"predecessor-version":[{"id":15574,"href":"https:\/\/www.nexoinformativo.mx\/index.php\/wp-json\/wp\/v2\/posts\/15569\/revisions\/15574"}],"wp:featuredmedia":[{"embeddable":true,"href":"https:\/\/www.nexoinformativo.mx\/index.php\/wp-json\/wp\/v2\/media\/15570"}],"wp:attachment":[{"href":"https:\/\/www.nexoinformativo.mx\/index.php\/wp-json\/wp\/v2\/media?parent=15569"}],"wp:term":[{"taxonomy":"category","embeddable":true,"href":"https:\/\/www.nexoinformativo.mx\/index.php\/wp-json\/wp\/v2\/categories?post=15569"},{"taxonomy":"post_tag","embeddable":true,"href":"https:\/\/www.nexoinformativo.mx\/index.php\/wp-json\/wp\/v2\/tags?post=15569"}],"curies":[{"name":"wp","href":"https:\/\/api.w.org\/{rel}","templated":true}]}}