{"id":15586,"date":"2025-06-03T13:00:55","date_gmt":"2025-06-03T19:00:55","guid":{"rendered":"https:\/\/www.nexoinformativo.mx\/?p=15586"},"modified":"2025-06-03T17:15:25","modified_gmt":"2025-06-03T23:15:25","slug":"unidos-contra-el-gusano-barrenador-mexico-y-centroamerica-se-capacitan-para-proteger-al-ganado","status":"publish","type":"post","link":"https:\/\/www.nexoinformativo.mx\/index.php\/2025\/06\/03\/unidos-contra-el-gusano-barrenador-mexico-y-centroamerica-se-capacitan-para-proteger-al-ganado\/","title":{"rendered":"Unidos contra el Gusano barrenador M\u00e9xico y Centroam\u00e9rica se capacitan para proteger al ganado"},"content":{"rendered":"<p style=\"text-align: justify;\" data-sourcepos=\"5:1-5:449\">La Secretar\u00eda de Agricultura y Desarrollo Rural (AGRICULTURA) ha puesto en marcha el primer seminario, ejercicio y simulacro sobre el gusano barrenador del ganado (GBG) en el norte de M\u00e9xico.<\/p>\n<\/p>\n<p>&nbsp;<\/p>\n<p style=\"text-align: justify;\" data-sourcepos=\"5:1-5:449\">El objetivo es claro: fortalecer las capacidades del personal t\u00e9cnico, m\u00e9dicos veterinarios y productores pecuarios de M\u00e9xico y Centroam\u00e9rica para prevenir y erradicar esta enfermedad.<\/p>\n<\/p>\n<p>&nbsp;<\/p>\n<p style=\"text-align: justify;\" data-sourcepos=\"7:1-7:453\">Del 2 al 6 de junio, este esfuerzo de capacitaci\u00f3n se lleva a cabo en la sede de la regi\u00f3n lagunera de la Universidad Aut\u00f3noma Agraria Antonio Narro (UAAAN).<\/p>\n<\/p>\n<p>&nbsp;<\/p>\n<p style=\"text-align: justify;\" data-sourcepos=\"7:1-7:453\">Cuenta con la participaci\u00f3n de 115 personas, incluyendo personal t\u00e9cnico de Honduras, Belice, Guatemala, El Salvador, Costa Rica y Panam\u00e1, y con el apoyo del Instituto Interamericano de Cooperaci\u00f3n para la Agricultura (IICA) y el Departamento de Agricultura de los Estados Unidos de Am\u00e9rica.<\/p>\n<\/p>\n<p>&nbsp;<\/p>\n<p style=\"text-align: justify;\" data-sourcepos=\"15:1-15:238\">Durante el acto inaugural en Torre\u00f3n, Coahuila, se resalt\u00f3 la relevancia de llevar a cabo estas capacitaciones preventivas en las zonas donde a\u00fan no est\u00e1 presente el GBG, con el fin de disminuir los riesgos de dispersi\u00f3n de la enfermedad.<\/p>\n<\/p>\n<p>&nbsp;<\/p>\n<p style=\"text-align: justify;\" data-sourcepos=\"17:1-17:299\">Diego Montenegro Ernst, representante del IICA en M\u00e9xico, enfatiz\u00f3 que el trabajo conjunto es la \u00fanica manera de lograr la erradicaci\u00f3n del gusano barrenador. Subray\u00f3 tambi\u00e9n la importancia de la comunicaci\u00f3n y divulgaci\u00f3n para lograr la participaci\u00f3n de la poblaci\u00f3n en las acciones de control.<\/p>\n<\/p>\n<p>&nbsp;<\/p>\n<p style=\"text-align: justify;\" data-sourcepos=\"23:1-23:423\">En este primer ejercicio en el norte del pa\u00eds (despu\u00e9s de dos simulacros previos en el sur-sureste antes de la llegada de la enfermedad a M\u00e9xico), los participantes recibir\u00e1n capacitaci\u00f3n sobre la t\u00e9cnica del Insecto Est\u00e9ril, diagn\u00f3stico y elementos para la identificaci\u00f3n del GBG, obtenci\u00f3n de muestras y tratamiento de heridas. Adem\u00e1s, realizar\u00e1n pr\u00e1cticas de campo en una unidad de producci\u00f3n de bovinos de Coahuila.<\/p>\n<\/p>\n<p>&nbsp;<\/p>\n<p style=\"text-align: center;\" data-sourcepos=\"23:1-23:423\"><em><strong>\u00a1Informaci\u00f3n que transforma!<\/strong><\/em><\/p>\n","protected":false},"excerpt":{"rendered":"<p>La Secretar\u00eda de Agricultura y Desarrollo Rural (AGRICULTURA) ha puesto en marcha el primer seminario, ejercicio y simulacro sobre el gusano barrenador del ganado (GBG) en el norte de M\u00e9xico.<\/p>\n","protected":false},"author":3,"featured_media":15587,"comment_status":"open","ping_status":"open","sticky":false,"template":"","format":"standard","meta":{"footnotes":""},"categories":[88,58],"tags":[4337,4573,2042,4452],"class_list":["post-15586","post","type-post","status-publish","format-standard","has-post-thumbnail","hentry","category-nacional","category-ultima-hora","tag-agriculturamx","tag-ganadosano","tag-gusanobarrenador","tag-sanidadanimal"],"yoast_head":"<!-- This site is optimized with the Yoast SEO plugin v25.0 - https:\/\/yoast.com\/wordpress\/plugins\/seo\/ -->\n<title>Unidos contra el Gusano barrenador M\u00e9xico y Centroam\u00e9rica se capacitan para proteger al ganado | Nexo Informativo Santiago de Quer\u00e9taro<\/title>\n<meta name=\"description\" content=\"Unidos contra el Gusano barrenador M\u00e9xico y Centroam\u00e9rica se capacitan para proteger al ganado\" \/>\n<meta name=\"robots\" content=\"index, follow, max-snippet:-1, max-image-preview:large, max-video-preview:-1\" \/>\n<link rel=\"canonical\" href=\"https:\/\/www.nexoinformativo.mx\/index.php\/2025\/06\/03\/unidos-contra-el-gusano-barrenador-mexico-y-centroamerica-se-capacitan-para-proteger-al-ganado\/\" \/>\n<meta property=\"og:locale\" content=\"es_MX\" \/>\n<meta property=\"og:type\" content=\"article\" \/>\n<meta property=\"og:title\" content=\"Unidos contra el Gusano barrenador M\u00e9xico y Centroam\u00e9rica se capacitan para proteger al ganado | Nexo Informativo Santiago de Quer\u00e9taro\" \/>\n<meta property=\"og:description\" content=\"Unidos contra el Gusano barrenador M\u00e9xico y Centroam\u00e9rica se capacitan para proteger al ganado\" \/>\n<meta property=\"og:url\" content=\"https:\/\/www.nexoinformativo.mx\/index.php\/2025\/06\/03\/unidos-contra-el-gusano-barrenador-mexico-y-centroamerica-se-capacitan-para-proteger-al-ganado\/\" \/>\n<meta property=\"og:site_name\" content=\"Nexo Informativo Santiago de Quer\u00e9taro\" \/>\n<meta property=\"article:publisher\" content=\"https:\/\/www.facebook.com\/people\/Nexo-Informativo\/61564066885511\/\" \/>\n<meta property=\"article:published_time\" content=\"2025-06-03T19:00:55+00:00\" \/>\n<meta property=\"article:modified_time\" content=\"2025-06-03T23:15:25+00:00\" \/>\n<meta property=\"og:image\" content=\"https:\/\/www.nexoinformativo.mx\/wp-content\/uploads\/2025\/06\/IMG_3655.jpg\" \/>\n\t<meta property=\"og:image:width\" content=\"650\" \/>\n\t<meta property=\"og:image:height\" content=\"380\" \/>\n\t<meta property=\"og:image:type\" content=\"image\/jpeg\" \/>\n<meta name=\"author\" content=\"Nexo Informativo\" \/>\n<meta name=\"twitter:card\" content=\"summary_large_image\" \/>\n<meta name=\"twitter:label1\" content=\"Escrito por\" \/>\n\t<meta name=\"twitter:data1\" content=\"Nexo Informativo\" \/>\n\t<meta name=\"twitter:label2\" content=\"Tiempo de lectura\" \/>\n\t<meta name=\"twitter:data2\" content=\"2 minutos\" \/>\n<script type=\"application\/ld+json\" class=\"yoast-schema-graph\">{\"@context\":\"https:\/\/schema.org\",\"@graph\":[{\"@type\":\"Article\",\"@id\":\"https:\/\/www.nexoinformativo.mx\/index.php\/2025\/06\/03\/unidos-contra-el-gusano-barrenador-mexico-y-centroamerica-se-capacitan-para-proteger-al-ganado\/#article\",\"isPartOf\":{\"@id\":\"https:\/\/www.nexoinformativo.mx\/index.php\/2025\/06\/03\/unidos-contra-el-gusano-barrenador-mexico-y-centroamerica-se-capacitan-para-proteger-al-ganado\/\"},\"author\":{\"name\":\"Nexo Informativo\",\"@id\":\"https:\/\/www.nexoinformativo.mx\/#\/schema\/person\/7749d380ba08c8ca00d7bc76fd907b7d\"},\"headline\":\"Unidos contra el Gusano barrenador M\u00e9xico y Centroam\u00e9rica se capacitan para proteger al ganado\",\"datePublished\":\"2025-06-03T19:00:55+00:00\",\"dateModified\":\"2025-06-03T23:15:25+00:00\",\"mainEntityOfPage\":{\"@id\":\"https:\/\/www.nexoinformativo.mx\/index.php\/2025\/06\/03\/unidos-contra-el-gusano-barrenador-mexico-y-centroamerica-se-capacitan-para-proteger-al-ganado\/\"},\"wordCount\":339,\"commentCount\":0,\"publisher\":{\"@id\":\"https:\/\/www.nexoinformativo.mx\/#organization\"},\"image\":{\"@id\":\"https:\/\/www.nexoinformativo.mx\/index.php\/2025\/06\/03\/unidos-contra-el-gusano-barrenador-mexico-y-centroamerica-se-capacitan-para-proteger-al-ganado\/#primaryimage\"},\"thumbnailUrl\":\"https:\/\/www.nexoinformativo.mx\/wp-content\/uploads\/2025\/06\/IMG_3655.jpg\",\"keywords\":[\"AgriculturaMX\",\"GanadoSano\",\"GusanoBarrenador\",\"SanidadAnimal\"],\"articleSection\":[\"Nacional\",\"\u00daltima Hora\"],\"inLanguage\":\"es\",\"potentialAction\":[{\"@type\":\"CommentAction\",\"name\":\"Comment\",\"target\":[\"https:\/\/www.nexoinformativo.mx\/index.php\/2025\/06\/03\/unidos-contra-el-gusano-barrenador-mexico-y-centroamerica-se-capacitan-para-proteger-al-ganado\/#respond\"]}]},{\"@type\":\"WebPage\",\"@id\":\"https:\/\/www.nexoinformativo.mx\/index.php\/2025\/06\/03\/unidos-contra-el-gusano-barrenador-mexico-y-centroamerica-se-capacitan-para-proteger-al-ganado\/\",\"url\":\"https:\/\/www.nexoinformativo.mx\/index.php\/2025\/06\/03\/unidos-contra-el-gusano-barrenador-mexico-y-centroamerica-se-capacitan-para-proteger-al-ganado\/\",\"name\":\"Unidos contra el Gusano barrenador M\u00e9xico y Centroam\u00e9rica se capacitan para proteger al ganado | Nexo Informativo Santiago de Quer\u00e9taro\",\"isPartOf\":{\"@id\":\"https:\/\/www.nexoinformativo.mx\/#website\"},\"primaryImageOfPage\":{\"@id\":\"https:\/\/www.nexoinformativo.mx\/index.php\/2025\/06\/03\/unidos-contra-el-gusano-barrenador-mexico-y-centroamerica-se-capacitan-para-proteger-al-ganado\/#primaryimage\"},\"image\":{\"@id\":\"https:\/\/www.nexoinformativo.mx\/index.php\/2025\/06\/03\/unidos-contra-el-gusano-barrenador-mexico-y-centroamerica-se-capacitan-para-proteger-al-ganado\/#primaryimage\"},\"thumbnailUrl\":\"https:\/\/www.nexoinformativo.mx\/wp-content\/uploads\/2025\/06\/IMG_3655.jpg\",\"datePublished\":\"2025-06-03T19:00:55+00:00\",\"dateModified\":\"2025-06-03T23:15:25+00:00\",\"description\":\"Unidos contra el Gusano barrenador M\u00e9xico y Centroam\u00e9rica se capacitan para proteger al ganado\",\"breadcrumb\":{\"@id\":\"https:\/\/www.nexoinformativo.mx\/index.php\/2025\/06\/03\/unidos-contra-el-gusano-barrenador-mexico-y-centroamerica-se-capacitan-para-proteger-al-ganado\/#breadcrumb\"},\"inLanguage\":\"es\",\"potentialAction\":[{\"@type\":\"ReadAction\",\"target\":[\"https:\/\/www.nexoinformativo.mx\/index.php\/2025\/06\/03\/unidos-contra-el-gusano-barrenador-mexico-y-centroamerica-se-capacitan-para-proteger-al-ganado\/\"]}]},{\"@type\":\"ImageObject\",\"inLanguage\":\"es\",\"@id\":\"https:\/\/www.nexoinformativo.mx\/index.php\/2025\/06\/03\/unidos-contra-el-gusano-barrenador-mexico-y-centroamerica-se-capacitan-para-proteger-al-ganado\/#primaryimage\",\"url\":\"https:\/\/www.nexoinformativo.mx\/wp-content\/uploads\/2025\/06\/IMG_3655.jpg\",\"contentUrl\":\"https:\/\/www.nexoinformativo.mx\/wp-content\/uploads\/2025\/06\/IMG_3655.jpg\",\"width\":650,\"height\":380},{\"@type\":\"BreadcrumbList\",\"@id\":\"https:\/\/www.nexoinformativo.mx\/index.php\/2025\/06\/03\/unidos-contra-el-gusano-barrenador-mexico-y-centroamerica-se-capacitan-para-proteger-al-ganado\/#breadcrumb\",\"itemListElement\":[{\"@type\":\"ListItem\",\"position\":1,\"name\":\"Inicio\",\"item\":\"https:\/\/www.nexoinformativo.mx\/\"},{\"@type\":\"ListItem\",\"position\":2,\"name\":\"Unidos contra el Gusano barrenador M\u00e9xico y Centroam\u00e9rica se capacitan para proteger al ganado\"}]},{\"@type\":\"WebSite\",\"@id\":\"https:\/\/www.nexoinformativo.mx\/#website\",\"url\":\"https:\/\/www.nexoinformativo.mx\/\",\"name\":\"Nexo Informativo Santiago de Quer\u00e9taro\",\"description\":\"Explora NexoInformativo y convi\u00e9rtete en parte de una comunidad que valora el conocimiento y la verdad. Tu nexoinformativo es tu puente hacia una comprensi\u00f3n m\u00e1s profunda del mundo que te rodea.\",\"publisher\":{\"@id\":\"https:\/\/www.nexoinformativo.mx\/#organization\"},\"potentialAction\":[{\"@type\":\"SearchAction\",\"target\":{\"@type\":\"EntryPoint\",\"urlTemplate\":\"https:\/\/www.nexoinformativo.mx\/?s={search_term_string}\"},\"query-input\":{\"@type\":\"PropertyValueSpecification\",\"valueRequired\":true,\"valueName\":\"search_term_string\"}}],\"inLanguage\":\"es\"},{\"@type\":\"Organization\",\"@id\":\"https:\/\/www.nexoinformativo.mx\/#organization\",\"name\":\"Nexo Informativo Santiago de Quer\u00e9taro\",\"url\":\"https:\/\/www.nexoinformativo.mx\/\",\"logo\":{\"@type\":\"ImageObject\",\"inLanguage\":\"es\",\"@id\":\"https:\/\/www.nexoinformativo.mx\/#\/schema\/logo\/image\/\",\"url\":\"https:\/\/www.nexoinformativo.mx\/wp-content\/uploads\/2024\/07\/nexoi-trasparente-2.png\",\"contentUrl\":\"https:\/\/www.nexoinformativo.mx\/wp-content\/uploads\/2024\/07\/nexoi-trasparente-2.png\",\"width\":816,\"height\":339,\"caption\":\"Nexo Informativo Santiago de Quer\u00e9taro\"},\"image\":{\"@id\":\"https:\/\/www.nexoinformativo.mx\/#\/schema\/logo\/image\/\"},\"sameAs\":[\"https:\/\/www.facebook.com\/people\/Nexo-Informativo\/61564066885511\/\"]},{\"@type\":\"Person\",\"@id\":\"https:\/\/www.nexoinformativo.mx\/#\/schema\/person\/7749d380ba08c8ca00d7bc76fd907b7d\",\"name\":\"Nexo Informativo\",\"image\":{\"@type\":\"ImageObject\",\"inLanguage\":\"es\",\"@id\":\"https:\/\/www.nexoinformativo.mx\/#\/schema\/person\/image\/\",\"url\":\"https:\/\/secure.gravatar.com\/avatar\/dde2928154642a13d95f87ddf1ea9718fe2b46760a005c53e41ff5ad610704e6?s=96&d=mm&r=g\",\"contentUrl\":\"https:\/\/secure.gravatar.com\/avatar\/dde2928154642a13d95f87ddf1ea9718fe2b46760a005c53e41ff5ad610704e6?s=96&d=mm&r=g\",\"caption\":\"Nexo Informativo\"},\"url\":\"https:\/\/www.nexoinformativo.mx\/index.php\/author\/edicion\/\"}]}<\/script>\n<!-- \/ Yoast SEO plugin. -->","yoast_head_json":{"title":"Unidos contra el Gusano barrenador M\u00e9xico y Centroam\u00e9rica se capacitan para proteger al ganado | Nexo Informativo Santiago de Quer\u00e9taro","description":"Unidos contra el Gusano barrenador M\u00e9xico y Centroam\u00e9rica se capacitan para proteger al ganado","robots":{"index":"index","follow":"follow","max-snippet":"max-snippet:-1","max-image-preview":"max-image-preview:large","max-video-preview":"max-video-preview:-1"},"canonical":"https:\/\/www.nexoinformativo.mx\/index.php\/2025\/06\/03\/unidos-contra-el-gusano-barrenador-mexico-y-centroamerica-se-capacitan-para-proteger-al-ganado\/","og_locale":"es_MX","og_type":"article","og_title":"Unidos contra el Gusano barrenador M\u00e9xico y Centroam\u00e9rica se capacitan para proteger al ganado | Nexo Informativo Santiago de Quer\u00e9taro","og_description":"Unidos contra el Gusano barrenador M\u00e9xico y Centroam\u00e9rica se capacitan para proteger al ganado","og_url":"https:\/\/www.nexoinformativo.mx\/index.php\/2025\/06\/03\/unidos-contra-el-gusano-barrenador-mexico-y-centroamerica-se-capacitan-para-proteger-al-ganado\/","og_site_name":"Nexo Informativo Santiago de Quer\u00e9taro","article_publisher":"https:\/\/www.facebook.com\/people\/Nexo-Informativo\/61564066885511\/","article_published_time":"2025-06-03T19:00:55+00:00","article_modified_time":"2025-06-03T23:15:25+00:00","og_image":[{"width":650,"height":380,"url":"https:\/\/www.nexoinformativo.mx\/wp-content\/uploads\/2025\/06\/IMG_3655.jpg","type":"image\/jpeg"}],"author":"Nexo Informativo","twitter_card":"summary_large_image","twitter_misc":{"Escrito por":"Nexo Informativo","Tiempo de lectura":"2 minutos"},"schema":{"@context":"https:\/\/schema.org","@graph":[{"@type":"Article","@id":"https:\/\/www.nexoinformativo.mx\/index.php\/2025\/06\/03\/unidos-contra-el-gusano-barrenador-mexico-y-centroamerica-se-capacitan-para-proteger-al-ganado\/#article","isPartOf":{"@id":"https:\/\/www.nexoinformativo.mx\/index.php\/2025\/06\/03\/unidos-contra-el-gusano-barrenador-mexico-y-centroamerica-se-capacitan-para-proteger-al-ganado\/"},"author":{"name":"Nexo Informativo","@id":"https:\/\/www.nexoinformativo.mx\/#\/schema\/person\/7749d380ba08c8ca00d7bc76fd907b7d"},"headline":"Unidos contra el Gusano barrenador M\u00e9xico y Centroam\u00e9rica se capacitan para proteger al ganado","datePublished":"2025-06-03T19:00:55+00:00","dateModified":"2025-06-03T23:15:25+00:00","mainEntityOfPage":{"@id":"https:\/\/www.nexoinformativo.mx\/index.php\/2025\/06\/03\/unidos-contra-el-gusano-barrenador-mexico-y-centroamerica-se-capacitan-para-proteger-al-ganado\/"},"wordCount":339,"commentCount":0,"publisher":{"@id":"https:\/\/www.nexoinformativo.mx\/#organization"},"image":{"@id":"https:\/\/www.nexoinformativo.mx\/index.php\/2025\/06\/03\/unidos-contra-el-gusano-barrenador-mexico-y-centroamerica-se-capacitan-para-proteger-al-ganado\/#primaryimage"},"thumbnailUrl":"https:\/\/www.nexoinformativo.mx\/wp-content\/uploads\/2025\/06\/IMG_3655.jpg","keywords":["AgriculturaMX","GanadoSano","GusanoBarrenador","SanidadAnimal"],"articleSection":["Nacional","\u00daltima Hora"],"inLanguage":"es","potentialAction":[{"@type":"CommentAction","name":"Comment","target":["https:\/\/www.nexoinformativo.mx\/index.php\/2025\/06\/03\/unidos-contra-el-gusano-barrenador-mexico-y-centroamerica-se-capacitan-para-proteger-al-ganado\/#respond"]}]},{"@type":"WebPage","@id":"https:\/\/www.nexoinformativo.mx\/index.php\/2025\/06\/03\/unidos-contra-el-gusano-barrenador-mexico-y-centroamerica-se-capacitan-para-proteger-al-ganado\/","url":"https:\/\/www.nexoinformativo.mx\/index.php\/2025\/06\/03\/unidos-contra-el-gusano-barrenador-mexico-y-centroamerica-se-capacitan-para-proteger-al-ganado\/","name":"Unidos contra el Gusano barrenador M\u00e9xico y Centroam\u00e9rica se capacitan para proteger al ganado | Nexo Informativo Santiago de Quer\u00e9taro","isPartOf":{"@id":"https:\/\/www.nexoinformativo.mx\/#website"},"primaryImageOfPage":{"@id":"https:\/\/www.nexoinformativo.mx\/index.php\/2025\/06\/03\/unidos-contra-el-gusano-barrenador-mexico-y-centroamerica-se-capacitan-para-proteger-al-ganado\/#primaryimage"},"image":{"@id":"https:\/\/www.nexoinformativo.mx\/index.php\/2025\/06\/03\/unidos-contra-el-gusano-barrenador-mexico-y-centroamerica-se-capacitan-para-proteger-al-ganado\/#primaryimage"},"thumbnailUrl":"https:\/\/www.nexoinformativo.mx\/wp-content\/uploads\/2025\/06\/IMG_3655.jpg","datePublished":"2025-06-03T19:00:55+00:00","dateModified":"2025-06-03T23:15:25+00:00","description":"Unidos contra el Gusano barrenador M\u00e9xico y Centroam\u00e9rica se capacitan para proteger al ganado","breadcrumb":{"@id":"https:\/\/www.nexoinformativo.mx\/index.php\/2025\/06\/03\/unidos-contra-el-gusano-barrenador-mexico-y-centroamerica-se-capacitan-para-proteger-al-ganado\/#breadcrumb"},"inLanguage":"es","potentialAction":[{"@type":"ReadAction","target":["https:\/\/www.nexoinformativo.mx\/index.php\/2025\/06\/03\/unidos-contra-el-gusano-barrenador-mexico-y-centroamerica-se-capacitan-para-proteger-al-ganado\/"]}]},{"@type":"ImageObject","inLanguage":"es","@id":"https:\/\/www.nexoinformativo.mx\/index.php\/2025\/06\/03\/unidos-contra-el-gusano-barrenador-mexico-y-centroamerica-se-capacitan-para-proteger-al-ganado\/#primaryimage","url":"https:\/\/www.nexoinformativo.mx\/wp-content\/uploads\/2025\/06\/IMG_3655.jpg","contentUrl":"https:\/\/www.nexoinformativo.mx\/wp-content\/uploads\/2025\/06\/IMG_3655.jpg","width":650,"height":380},{"@type":"BreadcrumbList","@id":"https:\/\/www.nexoinformativo.mx\/index.php\/2025\/06\/03\/unidos-contra-el-gusano-barrenador-mexico-y-centroamerica-se-capacitan-para-proteger-al-ganado\/#breadcrumb","itemListElement":[{"@type":"ListItem","position":1,"name":"Inicio","item":"https:\/\/www.nexoinformativo.mx\/"},{"@type":"ListItem","position":2,"name":"Unidos contra el Gusano barrenador M\u00e9xico y Centroam\u00e9rica se capacitan para proteger al ganado"}]},{"@type":"WebSite","@id":"https:\/\/www.nexoinformativo.mx\/#website","url":"https:\/\/www.nexoinformativo.mx\/","name":"Nexo Informativo Santiago de Quer\u00e9taro","description":"Explora NexoInformativo y convi\u00e9rtete en parte de una comunidad que valora el conocimiento y la verdad. Tu nexoinformativo es tu puente hacia una comprensi\u00f3n m\u00e1s profunda del mundo que te rodea.","publisher":{"@id":"https:\/\/www.nexoinformativo.mx\/#organization"},"potentialAction":[{"@type":"SearchAction","target":{"@type":"EntryPoint","urlTemplate":"https:\/\/www.nexoinformativo.mx\/?s={search_term_string}"},"query-input":{"@type":"PropertyValueSpecification","valueRequired":true,"valueName":"search_term_string"}}],"inLanguage":"es"},{"@type":"Organization","@id":"https:\/\/www.nexoinformativo.mx\/#organization","name":"Nexo Informativo Santiago de Quer\u00e9taro","url":"https:\/\/www.nexoinformativo.mx\/","logo":{"@type":"ImageObject","inLanguage":"es","@id":"https:\/\/www.nexoinformativo.mx\/#\/schema\/logo\/image\/","url":"https:\/\/www.nexoinformativo.mx\/wp-content\/uploads\/2024\/07\/nexoi-trasparente-2.png","contentUrl":"https:\/\/www.nexoinformativo.mx\/wp-content\/uploads\/2024\/07\/nexoi-trasparente-2.png","width":816,"height":339,"caption":"Nexo Informativo Santiago de Quer\u00e9taro"},"image":{"@id":"https:\/\/www.nexoinformativo.mx\/#\/schema\/logo\/image\/"},"sameAs":["https:\/\/www.facebook.com\/people\/Nexo-Informativo\/61564066885511\/"]},{"@type":"Person","@id":"https:\/\/www.nexoinformativo.mx\/#\/schema\/person\/7749d380ba08c8ca00d7bc76fd907b7d","name":"Nexo Informativo","image":{"@type":"ImageObject","inLanguage":"es","@id":"https:\/\/www.nexoinformativo.mx\/#\/schema\/person\/image\/","url":"https:\/\/secure.gravatar.com\/avatar\/dde2928154642a13d95f87ddf1ea9718fe2b46760a005c53e41ff5ad610704e6?s=96&d=mm&r=g","contentUrl":"https:\/\/secure.gravatar.com\/avatar\/dde2928154642a13d95f87ddf1ea9718fe2b46760a005c53e41ff5ad610704e6?s=96&d=mm&r=g","caption":"Nexo Informativo"},"url":"https:\/\/www.nexoinformativo.mx\/index.php\/author\/edicion\/"}]}},"_links":{"self":[{"href":"https:\/\/www.nexoinformativo.mx\/index.php\/wp-json\/wp\/v2\/posts\/15586","targetHints":{"allow":["GET"]}}],"collection":[{"href":"https:\/\/www.nexoinformativo.mx\/index.php\/wp-json\/wp\/v2\/posts"}],"about":[{"href":"https:\/\/www.nexoinformativo.mx\/index.php\/wp-json\/wp\/v2\/types\/post"}],"author":[{"embeddable":true,"href":"https:\/\/www.nexoinformativo.mx\/index.php\/wp-json\/wp\/v2\/users\/3"}],"replies":[{"embeddable":true,"href":"https:\/\/www.nexoinformativo.mx\/index.php\/wp-json\/wp\/v2\/comments?post=15586"}],"version-history":[{"count":2,"href":"https:\/\/www.nexoinformativo.mx\/index.php\/wp-json\/wp\/v2\/posts\/15586\/revisions"}],"predecessor-version":[{"id":15589,"href":"https:\/\/www.nexoinformativo.mx\/index.php\/wp-json\/wp\/v2\/posts\/15586\/revisions\/15589"}],"wp:featuredmedia":[{"embeddable":true,"href":"https:\/\/www.nexoinformativo.mx\/index.php\/wp-json\/wp\/v2\/media\/15587"}],"wp:attachment":[{"href":"https:\/\/www.nexoinformativo.mx\/index.php\/wp-json\/wp\/v2\/media?parent=15586"}],"wp:term":[{"taxonomy":"category","embeddable":true,"href":"https:\/\/www.nexoinformativo.mx\/index.php\/wp-json\/wp\/v2\/categories?post=15586"},{"taxonomy":"post_tag","embeddable":true,"href":"https:\/\/www.nexoinformativo.mx\/index.php\/wp-json\/wp\/v2\/tags?post=15586"}],"curies":[{"name":"wp","href":"https:\/\/api.w.org\/{rel}","templated":true}]}}