{"id":15590,"date":"2025-06-04T06:00:53","date_gmt":"2025-06-04T12:00:53","guid":{"rendered":"https:\/\/www.nexoinformativo.mx\/?p=15590"},"modified":"2025-06-04T08:22:56","modified_gmt":"2025-06-04T14:22:56","slug":"salud-en-las-aulas-mas-de-2-millones-de-ninos-atendidos-por-la-sep-en-jornadas-escolares","status":"publish","type":"post","link":"https:\/\/www.nexoinformativo.mx\/index.php\/2025\/06\/04\/salud-en-las-aulas-mas-de-2-millones-de-ninos-atendidos-por-la-sep-en-jornadas-escolares\/","title":{"rendered":"Salud en las aulas m\u00e1s de 2 millones de ni\u00f1os atendidos por la SEP en Jornadas Escolares"},"content":{"rendered":"<p style=\"text-align: justify;\" data-sourcepos=\"5:1-5:425\">La Secretar\u00eda de Educaci\u00f3n P\u00fablica (SEP), bajo el liderazgo de Mario Delgado, inform\u00f3 que, al 30 de mayo de 2025, un impresionante total de 2 millones 184 mil 122 estudiantes de primaria p\u00fablica en todo el pa\u00eds han recibido atenci\u00f3n m\u00e9dica preventiva.<\/p>\n<p>&nbsp;<\/p>\n<p style=\"text-align: justify;\" data-sourcepos=\"5:1-5:425\">Esto es parte de la estrategia nacional &#8220;Vive Saludable, Vive Feliz&#8221;. Esta iniciativa del Gobierno de M\u00e9xico busca asegurar el bienestar integral de los ni\u00f1os, creando entornos escolares saludables y fomentando h\u00e1bitos de vida que impulsen su desarrollo.<\/p>\n<p>&nbsp;<\/p>\n<p style=\"text-align: justify;\" data-sourcepos=\"9:1-9:379\">Desde el 12 de marzo hasta el 30 de mayo, las brigadas de salud han visitado 13 mil 868 escuelas primarias p\u00fablicas.<\/p>\n<p>&nbsp;<\/p>\n<p style=\"text-align: justify;\" data-sourcepos=\"9:1-9:379\">Este esfuerzo es posible gracias al compromiso de 7 mil 744 especialistas de las Secretar\u00edas de Salud federal y estatales, enfermeras y enfermeros del IMSS, personal de los sistemas DIF Nacional y estatales, y servidores p\u00fablicos de la propia SEP.<\/p>\n<p>&nbsp;<\/p>\n<p style=\"text-align: justify;\" data-sourcepos=\"15:1-15:309\">La estrategia nacional &#8220;Vive Saludable, Vive Feliz&#8221; es una pol\u00edtica p\u00fablica integral impulsada por la presidenta Claudia Sheinbaum. Su objetivo es construir una nueva cultura de bienestar en las escuelas del pa\u00eds, convirtiendo los planteles educativos en verdaderos centros de promoci\u00f3n de la salud.<\/p>\n<p>&nbsp;<\/p>\n<p style=\"text-align: justify;\" data-sourcepos=\"17:1-17:78\">El secretario Mario Delgado detall\u00f3 que las brigadas realizan valoraciones en:<\/p>\n<p>&nbsp;<\/p>\n<p style=\"text-align: justify;\"><strong>*Salud visual:<\/strong> Para detectar problemas de vista a tiempo.<\/p>\n<p style=\"text-align: justify;\"><strong>*Salud dental:<\/strong> Revisando y orientando sobre el cuidado bucal.<\/p>\n<p style=\"text-align: justify;\"><strong>*Control de peso y talla:<\/strong> Monitoreando el desarrollo f\u00edsico de los estudiantes.<\/p>\n<p style=\"text-align: justify;\"><strong>*Orientaci\u00f3n alimentaria:<\/strong> Ofreciendo consejos para una dieta balanceada.<\/p>\n<p style=\"text-align: justify;\"><strong>*Promoci\u00f3n de la actividad f\u00edsica:<\/strong> Incentivando el movimiento y el ejercicio.<\/p>\n<p>&nbsp;<\/p>\n<p style=\"text-align: justify;\" data-sourcepos=\"26:1-26:455\">Este esfuerzo coordinado entre los distintos niveles de gobierno y la participaci\u00f3n activa de padres de familia, docentes y brigadas de salud, busca que cada escuela sea un espacio que promueva no solo el aprendizaje, sino tambi\u00e9n la salud y el bienestar.<\/p>\n<p>&nbsp;<\/p>\n<p style=\"text-align: center;\" data-sourcepos=\"26:1-26:455\"><em><strong>\u00a1Informaci\u00f3n que transforma!<\/strong><\/em><\/p>\n","protected":false},"excerpt":{"rendered":"<p>La Secretar\u00eda de Educaci\u00f3n P\u00fablica (SEP), bajo el liderazgo de Mario Delgado, inform\u00f3 que, al 30 de mayo de 2025, un impresionante total de 2 millones 184 mil 122 estudiantes de primaria p\u00fablica en todo el pa\u00eds han recibido atenci\u00f3n m\u00e9dica preventiva.<\/p>\n","protected":false},"author":3,"featured_media":15591,"comment_status":"open","ping_status":"open","sticky":false,"template":"","format":"standard","meta":{"footnotes":""},"categories":[88,58],"tags":[2537,947,4688,3733],"class_list":["post-15590","post","type-post","status-publish","format-standard","has-post-thumbnail","hentry","category-nacional","category-ultima-hora","tag-ninossanos","tag-saludescolar","tag-sepsalud","tag-vivesaludable"],"yoast_head":"<!-- This site is optimized with the Yoast SEO plugin v25.0 - https:\/\/yoast.com\/wordpress\/plugins\/seo\/ -->\n<title>Salud en las aulas m\u00e1s de 2 millones de ni\u00f1os atendidos por la SEP en Jornadas Escolares | Nexo Informativo Santiago de Quer\u00e9taro<\/title>\n<meta name=\"description\" content=\"Salud en las aulas m\u00e1s de 2 millones de ni\u00f1os atendidos por la SEP en Jornadas Escolares\" \/>\n<meta name=\"robots\" content=\"index, follow, max-snippet:-1, max-image-preview:large, max-video-preview:-1\" \/>\n<link rel=\"canonical\" href=\"https:\/\/www.nexoinformativo.mx\/index.php\/2025\/06\/04\/salud-en-las-aulas-mas-de-2-millones-de-ninos-atendidos-por-la-sep-en-jornadas-escolares\/\" \/>\n<meta property=\"og:locale\" content=\"es_MX\" \/>\n<meta property=\"og:type\" content=\"article\" \/>\n<meta property=\"og:title\" content=\"Salud en las aulas m\u00e1s de 2 millones de ni\u00f1os atendidos por la SEP en Jornadas Escolares | Nexo Informativo Santiago de Quer\u00e9taro\" \/>\n<meta property=\"og:description\" content=\"Salud en las aulas m\u00e1s de 2 millones de ni\u00f1os atendidos por la SEP en Jornadas Escolares\" \/>\n<meta property=\"og:url\" content=\"https:\/\/www.nexoinformativo.mx\/index.php\/2025\/06\/04\/salud-en-las-aulas-mas-de-2-millones-de-ninos-atendidos-por-la-sep-en-jornadas-escolares\/\" \/>\n<meta property=\"og:site_name\" content=\"Nexo Informativo Santiago de Quer\u00e9taro\" \/>\n<meta property=\"article:publisher\" content=\"https:\/\/www.facebook.com\/people\/Nexo-Informativo\/61564066885511\/\" \/>\n<meta property=\"article:published_time\" content=\"2025-06-04T12:00:53+00:00\" \/>\n<meta property=\"article:modified_time\" content=\"2025-06-04T14:22:56+00:00\" \/>\n<meta property=\"og:image\" content=\"https:\/\/www.nexoinformativo.mx\/wp-content\/uploads\/2025\/06\/IMG_3657.jpg\" \/>\n\t<meta property=\"og:image:width\" content=\"650\" \/>\n\t<meta property=\"og:image:height\" content=\"380\" \/>\n\t<meta property=\"og:image:type\" content=\"image\/jpeg\" \/>\n<meta name=\"author\" content=\"Nexo Informativo\" \/>\n<meta name=\"twitter:card\" content=\"summary_large_image\" \/>\n<meta name=\"twitter:label1\" content=\"Escrito por\" \/>\n\t<meta name=\"twitter:data1\" content=\"Nexo Informativo\" \/>\n\t<meta name=\"twitter:label2\" content=\"Tiempo de lectura\" \/>\n\t<meta name=\"twitter:data2\" content=\"2 minutos\" \/>\n<script type=\"application\/ld+json\" class=\"yoast-schema-graph\">{\"@context\":\"https:\/\/schema.org\",\"@graph\":[{\"@type\":\"Article\",\"@id\":\"https:\/\/www.nexoinformativo.mx\/index.php\/2025\/06\/04\/salud-en-las-aulas-mas-de-2-millones-de-ninos-atendidos-por-la-sep-en-jornadas-escolares\/#article\",\"isPartOf\":{\"@id\":\"https:\/\/www.nexoinformativo.mx\/index.php\/2025\/06\/04\/salud-en-las-aulas-mas-de-2-millones-de-ninos-atendidos-por-la-sep-en-jornadas-escolares\/\"},\"author\":{\"name\":\"Nexo Informativo\",\"@id\":\"https:\/\/www.nexoinformativo.mx\/#\/schema\/person\/7749d380ba08c8ca00d7bc76fd907b7d\"},\"headline\":\"Salud en las aulas m\u00e1s de 2 millones de ni\u00f1os atendidos por la SEP en Jornadas Escolares\",\"datePublished\":\"2025-06-04T12:00:53+00:00\",\"dateModified\":\"2025-06-04T14:22:56+00:00\",\"mainEntityOfPage\":{\"@id\":\"https:\/\/www.nexoinformativo.mx\/index.php\/2025\/06\/04\/salud-en-las-aulas-mas-de-2-millones-de-ninos-atendidos-por-la-sep-en-jornadas-escolares\/\"},\"wordCount\":330,\"commentCount\":0,\"publisher\":{\"@id\":\"https:\/\/www.nexoinformativo.mx\/#organization\"},\"image\":{\"@id\":\"https:\/\/www.nexoinformativo.mx\/index.php\/2025\/06\/04\/salud-en-las-aulas-mas-de-2-millones-de-ninos-atendidos-por-la-sep-en-jornadas-escolares\/#primaryimage\"},\"thumbnailUrl\":\"https:\/\/www.nexoinformativo.mx\/wp-content\/uploads\/2025\/06\/IMG_3657.jpg\",\"keywords\":[\"Ni\u00f1osSanos\",\"SaludEscolar\",\"SEPSalud\",\"ViveSaludable\"],\"articleSection\":[\"Nacional\",\"\u00daltima Hora\"],\"inLanguage\":\"es\",\"potentialAction\":[{\"@type\":\"CommentAction\",\"name\":\"Comment\",\"target\":[\"https:\/\/www.nexoinformativo.mx\/index.php\/2025\/06\/04\/salud-en-las-aulas-mas-de-2-millones-de-ninos-atendidos-por-la-sep-en-jornadas-escolares\/#respond\"]}]},{\"@type\":\"WebPage\",\"@id\":\"https:\/\/www.nexoinformativo.mx\/index.php\/2025\/06\/04\/salud-en-las-aulas-mas-de-2-millones-de-ninos-atendidos-por-la-sep-en-jornadas-escolares\/\",\"url\":\"https:\/\/www.nexoinformativo.mx\/index.php\/2025\/06\/04\/salud-en-las-aulas-mas-de-2-millones-de-ninos-atendidos-por-la-sep-en-jornadas-escolares\/\",\"name\":\"Salud en las aulas m\u00e1s de 2 millones de ni\u00f1os atendidos por la SEP en Jornadas Escolares | Nexo Informativo Santiago de Quer\u00e9taro\",\"isPartOf\":{\"@id\":\"https:\/\/www.nexoinformativo.mx\/#website\"},\"primaryImageOfPage\":{\"@id\":\"https:\/\/www.nexoinformativo.mx\/index.php\/2025\/06\/04\/salud-en-las-aulas-mas-de-2-millones-de-ninos-atendidos-por-la-sep-en-jornadas-escolares\/#primaryimage\"},\"image\":{\"@id\":\"https:\/\/www.nexoinformativo.mx\/index.php\/2025\/06\/04\/salud-en-las-aulas-mas-de-2-millones-de-ninos-atendidos-por-la-sep-en-jornadas-escolares\/#primaryimage\"},\"thumbnailUrl\":\"https:\/\/www.nexoinformativo.mx\/wp-content\/uploads\/2025\/06\/IMG_3657.jpg\",\"datePublished\":\"2025-06-04T12:00:53+00:00\",\"dateModified\":\"2025-06-04T14:22:56+00:00\",\"description\":\"Salud en las aulas m\u00e1s de 2 millones de ni\u00f1os atendidos por la SEP en Jornadas Escolares\",\"breadcrumb\":{\"@id\":\"https:\/\/www.nexoinformativo.mx\/index.php\/2025\/06\/04\/salud-en-las-aulas-mas-de-2-millones-de-ninos-atendidos-por-la-sep-en-jornadas-escolares\/#breadcrumb\"},\"inLanguage\":\"es\",\"potentialAction\":[{\"@type\":\"ReadAction\",\"target\":[\"https:\/\/www.nexoinformativo.mx\/index.php\/2025\/06\/04\/salud-en-las-aulas-mas-de-2-millones-de-ninos-atendidos-por-la-sep-en-jornadas-escolares\/\"]}]},{\"@type\":\"ImageObject\",\"inLanguage\":\"es\",\"@id\":\"https:\/\/www.nexoinformativo.mx\/index.php\/2025\/06\/04\/salud-en-las-aulas-mas-de-2-millones-de-ninos-atendidos-por-la-sep-en-jornadas-escolares\/#primaryimage\",\"url\":\"https:\/\/www.nexoinformativo.mx\/wp-content\/uploads\/2025\/06\/IMG_3657.jpg\",\"contentUrl\":\"https:\/\/www.nexoinformativo.mx\/wp-content\/uploads\/2025\/06\/IMG_3657.jpg\",\"width\":650,\"height\":380},{\"@type\":\"BreadcrumbList\",\"@id\":\"https:\/\/www.nexoinformativo.mx\/index.php\/2025\/06\/04\/salud-en-las-aulas-mas-de-2-millones-de-ninos-atendidos-por-la-sep-en-jornadas-escolares\/#breadcrumb\",\"itemListElement\":[{\"@type\":\"ListItem\",\"position\":1,\"name\":\"Inicio\",\"item\":\"https:\/\/www.nexoinformativo.mx\/\"},{\"@type\":\"ListItem\",\"position\":2,\"name\":\"Salud en las aulas m\u00e1s de 2 millones de ni\u00f1os atendidos por la SEP en Jornadas Escolares\"}]},{\"@type\":\"WebSite\",\"@id\":\"https:\/\/www.nexoinformativo.mx\/#website\",\"url\":\"https:\/\/www.nexoinformativo.mx\/\",\"name\":\"Nexo Informativo Santiago de Quer\u00e9taro\",\"description\":\"Explora NexoInformativo y convi\u00e9rtete en parte de una comunidad que valora el conocimiento y la verdad. Tu nexoinformativo es tu puente hacia una comprensi\u00f3n m\u00e1s profunda del mundo que te rodea.\",\"publisher\":{\"@id\":\"https:\/\/www.nexoinformativo.mx\/#organization\"},\"potentialAction\":[{\"@type\":\"SearchAction\",\"target\":{\"@type\":\"EntryPoint\",\"urlTemplate\":\"https:\/\/www.nexoinformativo.mx\/?s={search_term_string}\"},\"query-input\":{\"@type\":\"PropertyValueSpecification\",\"valueRequired\":true,\"valueName\":\"search_term_string\"}}],\"inLanguage\":\"es\"},{\"@type\":\"Organization\",\"@id\":\"https:\/\/www.nexoinformativo.mx\/#organization\",\"name\":\"Nexo Informativo Santiago de Quer\u00e9taro\",\"url\":\"https:\/\/www.nexoinformativo.mx\/\",\"logo\":{\"@type\":\"ImageObject\",\"inLanguage\":\"es\",\"@id\":\"https:\/\/www.nexoinformativo.mx\/#\/schema\/logo\/image\/\",\"url\":\"https:\/\/www.nexoinformativo.mx\/wp-content\/uploads\/2024\/07\/nexoi-trasparente-2.png\",\"contentUrl\":\"https:\/\/www.nexoinformativo.mx\/wp-content\/uploads\/2024\/07\/nexoi-trasparente-2.png\",\"width\":816,\"height\":339,\"caption\":\"Nexo Informativo Santiago de Quer\u00e9taro\"},\"image\":{\"@id\":\"https:\/\/www.nexoinformativo.mx\/#\/schema\/logo\/image\/\"},\"sameAs\":[\"https:\/\/www.facebook.com\/people\/Nexo-Informativo\/61564066885511\/\"]},{\"@type\":\"Person\",\"@id\":\"https:\/\/www.nexoinformativo.mx\/#\/schema\/person\/7749d380ba08c8ca00d7bc76fd907b7d\",\"name\":\"Nexo Informativo\",\"image\":{\"@type\":\"ImageObject\",\"inLanguage\":\"es\",\"@id\":\"https:\/\/www.nexoinformativo.mx\/#\/schema\/person\/image\/\",\"url\":\"https:\/\/secure.gravatar.com\/avatar\/dde2928154642a13d95f87ddf1ea9718fe2b46760a005c53e41ff5ad610704e6?s=96&d=mm&r=g\",\"contentUrl\":\"https:\/\/secure.gravatar.com\/avatar\/dde2928154642a13d95f87ddf1ea9718fe2b46760a005c53e41ff5ad610704e6?s=96&d=mm&r=g\",\"caption\":\"Nexo Informativo\"},\"url\":\"https:\/\/www.nexoinformativo.mx\/index.php\/author\/edicion\/\"}]}<\/script>\n<!-- \/ Yoast SEO plugin. -->","yoast_head_json":{"title":"Salud en las aulas m\u00e1s de 2 millones de ni\u00f1os atendidos por la SEP en Jornadas Escolares | Nexo Informativo Santiago de Quer\u00e9taro","description":"Salud en las aulas m\u00e1s de 2 millones de ni\u00f1os atendidos por la SEP en Jornadas Escolares","robots":{"index":"index","follow":"follow","max-snippet":"max-snippet:-1","max-image-preview":"max-image-preview:large","max-video-preview":"max-video-preview:-1"},"canonical":"https:\/\/www.nexoinformativo.mx\/index.php\/2025\/06\/04\/salud-en-las-aulas-mas-de-2-millones-de-ninos-atendidos-por-la-sep-en-jornadas-escolares\/","og_locale":"es_MX","og_type":"article","og_title":"Salud en las aulas m\u00e1s de 2 millones de ni\u00f1os atendidos por la SEP en Jornadas Escolares | Nexo Informativo Santiago de Quer\u00e9taro","og_description":"Salud en las aulas m\u00e1s de 2 millones de ni\u00f1os atendidos por la SEP en Jornadas Escolares","og_url":"https:\/\/www.nexoinformativo.mx\/index.php\/2025\/06\/04\/salud-en-las-aulas-mas-de-2-millones-de-ninos-atendidos-por-la-sep-en-jornadas-escolares\/","og_site_name":"Nexo Informativo Santiago de Quer\u00e9taro","article_publisher":"https:\/\/www.facebook.com\/people\/Nexo-Informativo\/61564066885511\/","article_published_time":"2025-06-04T12:00:53+00:00","article_modified_time":"2025-06-04T14:22:56+00:00","og_image":[{"width":650,"height":380,"url":"https:\/\/www.nexoinformativo.mx\/wp-content\/uploads\/2025\/06\/IMG_3657.jpg","type":"image\/jpeg"}],"author":"Nexo Informativo","twitter_card":"summary_large_image","twitter_misc":{"Escrito por":"Nexo Informativo","Tiempo de lectura":"2 minutos"},"schema":{"@context":"https:\/\/schema.org","@graph":[{"@type":"Article","@id":"https:\/\/www.nexoinformativo.mx\/index.php\/2025\/06\/04\/salud-en-las-aulas-mas-de-2-millones-de-ninos-atendidos-por-la-sep-en-jornadas-escolares\/#article","isPartOf":{"@id":"https:\/\/www.nexoinformativo.mx\/index.php\/2025\/06\/04\/salud-en-las-aulas-mas-de-2-millones-de-ninos-atendidos-por-la-sep-en-jornadas-escolares\/"},"author":{"name":"Nexo Informativo","@id":"https:\/\/www.nexoinformativo.mx\/#\/schema\/person\/7749d380ba08c8ca00d7bc76fd907b7d"},"headline":"Salud en las aulas m\u00e1s de 2 millones de ni\u00f1os atendidos por la SEP en Jornadas Escolares","datePublished":"2025-06-04T12:00:53+00:00","dateModified":"2025-06-04T14:22:56+00:00","mainEntityOfPage":{"@id":"https:\/\/www.nexoinformativo.mx\/index.php\/2025\/06\/04\/salud-en-las-aulas-mas-de-2-millones-de-ninos-atendidos-por-la-sep-en-jornadas-escolares\/"},"wordCount":330,"commentCount":0,"publisher":{"@id":"https:\/\/www.nexoinformativo.mx\/#organization"},"image":{"@id":"https:\/\/www.nexoinformativo.mx\/index.php\/2025\/06\/04\/salud-en-las-aulas-mas-de-2-millones-de-ninos-atendidos-por-la-sep-en-jornadas-escolares\/#primaryimage"},"thumbnailUrl":"https:\/\/www.nexoinformativo.mx\/wp-content\/uploads\/2025\/06\/IMG_3657.jpg","keywords":["Ni\u00f1osSanos","SaludEscolar","SEPSalud","ViveSaludable"],"articleSection":["Nacional","\u00daltima Hora"],"inLanguage":"es","potentialAction":[{"@type":"CommentAction","name":"Comment","target":["https:\/\/www.nexoinformativo.mx\/index.php\/2025\/06\/04\/salud-en-las-aulas-mas-de-2-millones-de-ninos-atendidos-por-la-sep-en-jornadas-escolares\/#respond"]}]},{"@type":"WebPage","@id":"https:\/\/www.nexoinformativo.mx\/index.php\/2025\/06\/04\/salud-en-las-aulas-mas-de-2-millones-de-ninos-atendidos-por-la-sep-en-jornadas-escolares\/","url":"https:\/\/www.nexoinformativo.mx\/index.php\/2025\/06\/04\/salud-en-las-aulas-mas-de-2-millones-de-ninos-atendidos-por-la-sep-en-jornadas-escolares\/","name":"Salud en las aulas m\u00e1s de 2 millones de ni\u00f1os atendidos por la SEP en Jornadas Escolares | Nexo Informativo Santiago de Quer\u00e9taro","isPartOf":{"@id":"https:\/\/www.nexoinformativo.mx\/#website"},"primaryImageOfPage":{"@id":"https:\/\/www.nexoinformativo.mx\/index.php\/2025\/06\/04\/salud-en-las-aulas-mas-de-2-millones-de-ninos-atendidos-por-la-sep-en-jornadas-escolares\/#primaryimage"},"image":{"@id":"https:\/\/www.nexoinformativo.mx\/index.php\/2025\/06\/04\/salud-en-las-aulas-mas-de-2-millones-de-ninos-atendidos-por-la-sep-en-jornadas-escolares\/#primaryimage"},"thumbnailUrl":"https:\/\/www.nexoinformativo.mx\/wp-content\/uploads\/2025\/06\/IMG_3657.jpg","datePublished":"2025-06-04T12:00:53+00:00","dateModified":"2025-06-04T14:22:56+00:00","description":"Salud en las aulas m\u00e1s de 2 millones de ni\u00f1os atendidos por la SEP en Jornadas Escolares","breadcrumb":{"@id":"https:\/\/www.nexoinformativo.mx\/index.php\/2025\/06\/04\/salud-en-las-aulas-mas-de-2-millones-de-ninos-atendidos-por-la-sep-en-jornadas-escolares\/#breadcrumb"},"inLanguage":"es","potentialAction":[{"@type":"ReadAction","target":["https:\/\/www.nexoinformativo.mx\/index.php\/2025\/06\/04\/salud-en-las-aulas-mas-de-2-millones-de-ninos-atendidos-por-la-sep-en-jornadas-escolares\/"]}]},{"@type":"ImageObject","inLanguage":"es","@id":"https:\/\/www.nexoinformativo.mx\/index.php\/2025\/06\/04\/salud-en-las-aulas-mas-de-2-millones-de-ninos-atendidos-por-la-sep-en-jornadas-escolares\/#primaryimage","url":"https:\/\/www.nexoinformativo.mx\/wp-content\/uploads\/2025\/06\/IMG_3657.jpg","contentUrl":"https:\/\/www.nexoinformativo.mx\/wp-content\/uploads\/2025\/06\/IMG_3657.jpg","width":650,"height":380},{"@type":"BreadcrumbList","@id":"https:\/\/www.nexoinformativo.mx\/index.php\/2025\/06\/04\/salud-en-las-aulas-mas-de-2-millones-de-ninos-atendidos-por-la-sep-en-jornadas-escolares\/#breadcrumb","itemListElement":[{"@type":"ListItem","position":1,"name":"Inicio","item":"https:\/\/www.nexoinformativo.mx\/"},{"@type":"ListItem","position":2,"name":"Salud en las aulas m\u00e1s de 2 millones de ni\u00f1os atendidos por la SEP en Jornadas Escolares"}]},{"@type":"WebSite","@id":"https:\/\/www.nexoinformativo.mx\/#website","url":"https:\/\/www.nexoinformativo.mx\/","name":"Nexo Informativo Santiago de Quer\u00e9taro","description":"Explora NexoInformativo y convi\u00e9rtete en parte de una comunidad que valora el conocimiento y la verdad. Tu nexoinformativo es tu puente hacia una comprensi\u00f3n m\u00e1s profunda del mundo que te rodea.","publisher":{"@id":"https:\/\/www.nexoinformativo.mx\/#organization"},"potentialAction":[{"@type":"SearchAction","target":{"@type":"EntryPoint","urlTemplate":"https:\/\/www.nexoinformativo.mx\/?s={search_term_string}"},"query-input":{"@type":"PropertyValueSpecification","valueRequired":true,"valueName":"search_term_string"}}],"inLanguage":"es"},{"@type":"Organization","@id":"https:\/\/www.nexoinformativo.mx\/#organization","name":"Nexo Informativo Santiago de Quer\u00e9taro","url":"https:\/\/www.nexoinformativo.mx\/","logo":{"@type":"ImageObject","inLanguage":"es","@id":"https:\/\/www.nexoinformativo.mx\/#\/schema\/logo\/image\/","url":"https:\/\/www.nexoinformativo.mx\/wp-content\/uploads\/2024\/07\/nexoi-trasparente-2.png","contentUrl":"https:\/\/www.nexoinformativo.mx\/wp-content\/uploads\/2024\/07\/nexoi-trasparente-2.png","width":816,"height":339,"caption":"Nexo Informativo Santiago de Quer\u00e9taro"},"image":{"@id":"https:\/\/www.nexoinformativo.mx\/#\/schema\/logo\/image\/"},"sameAs":["https:\/\/www.facebook.com\/people\/Nexo-Informativo\/61564066885511\/"]},{"@type":"Person","@id":"https:\/\/www.nexoinformativo.mx\/#\/schema\/person\/7749d380ba08c8ca00d7bc76fd907b7d","name":"Nexo Informativo","image":{"@type":"ImageObject","inLanguage":"es","@id":"https:\/\/www.nexoinformativo.mx\/#\/schema\/person\/image\/","url":"https:\/\/secure.gravatar.com\/avatar\/dde2928154642a13d95f87ddf1ea9718fe2b46760a005c53e41ff5ad610704e6?s=96&d=mm&r=g","contentUrl":"https:\/\/secure.gravatar.com\/avatar\/dde2928154642a13d95f87ddf1ea9718fe2b46760a005c53e41ff5ad610704e6?s=96&d=mm&r=g","caption":"Nexo Informativo"},"url":"https:\/\/www.nexoinformativo.mx\/index.php\/author\/edicion\/"}]}},"_links":{"self":[{"href":"https:\/\/www.nexoinformativo.mx\/index.php\/wp-json\/wp\/v2\/posts\/15590","targetHints":{"allow":["GET"]}}],"collection":[{"href":"https:\/\/www.nexoinformativo.mx\/index.php\/wp-json\/wp\/v2\/posts"}],"about":[{"href":"https:\/\/www.nexoinformativo.mx\/index.php\/wp-json\/wp\/v2\/types\/post"}],"author":[{"embeddable":true,"href":"https:\/\/www.nexoinformativo.mx\/index.php\/wp-json\/wp\/v2\/users\/3"}],"replies":[{"embeddable":true,"href":"https:\/\/www.nexoinformativo.mx\/index.php\/wp-json\/wp\/v2\/comments?post=15590"}],"version-history":[{"count":5,"href":"https:\/\/www.nexoinformativo.mx\/index.php\/wp-json\/wp\/v2\/posts\/15590\/revisions"}],"predecessor-version":[{"id":15594,"href":"https:\/\/www.nexoinformativo.mx\/index.php\/wp-json\/wp\/v2\/posts\/15590\/revisions\/15594"}],"wp:featuredmedia":[{"embeddable":true,"href":"https:\/\/www.nexoinformativo.mx\/index.php\/wp-json\/wp\/v2\/media\/15591"}],"wp:attachment":[{"href":"https:\/\/www.nexoinformativo.mx\/index.php\/wp-json\/wp\/v2\/media?parent=15590"}],"wp:term":[{"taxonomy":"category","embeddable":true,"href":"https:\/\/www.nexoinformativo.mx\/index.php\/wp-json\/wp\/v2\/categories?post=15590"},{"taxonomy":"post_tag","embeddable":true,"href":"https:\/\/www.nexoinformativo.mx\/index.php\/wp-json\/wp\/v2\/tags?post=15590"}],"curies":[{"name":"wp","href":"https:\/\/api.w.org\/{rel}","templated":true}]}}