{"id":15609,"date":"2025-06-04T07:30:21","date_gmt":"2025-06-04T13:30:21","guid":{"rendered":"https:\/\/www.nexoinformativo.mx\/?p=15609"},"modified":"2025-06-04T08:39:02","modified_gmt":"2025-06-04T14:39:02","slug":"apoyo-alimentario-en-huimilpan-sedif-instala-comedores-moviles-para-beneficiar-a-mas-de-200-personas","status":"publish","type":"post","link":"https:\/\/www.nexoinformativo.mx\/index.php\/2025\/06\/04\/apoyo-alimentario-en-huimilpan-sedif-instala-comedores-moviles-para-beneficiar-a-mas-de-200-personas\/","title":{"rendered":"Apoyo alimentario en Huimilpan SEDIF instala comedores m\u00f3viles para beneficiar a mas de 200 personas"},"content":{"rendered":"<p style=\"text-align: justify;\" data-sourcepos=\"5:1-5:412\">El Sistema Estatal DIF (SEDIF), a trav\u00e9s de su Direcci\u00f3n de Alimentaci\u00f3n, ha puesto en marcha el programa <strong>\u201cNosotros Vamos, Comedores M\u00f3viles 2025\u201d<\/strong> en la localidad de Lagunillas, en el municipio de Huimilpan. Este comedor m\u00f3vil beneficiar\u00e1 hasta a 200 personas y permanecer\u00e1 en el lugar hasta el 23 de junio.<\/p>\n<\/p>\n<p>&nbsp;<\/p>\n<p style=\"text-align: justify;\" data-sourcepos=\"7:1-7:332\">Emmanuel Hern\u00e1ndez, director de Alimentaci\u00f3n del SEDIF, explic\u00f3 que el programa estar\u00e1 activo durante 16 d\u00edas, ofreciendo alimentos nutritivos y gratuitos. Un grupo de voluntarios se encarga de la preparaci\u00f3n de la comida, lo que representa un importante ahorro en la econom\u00eda de las familias que m\u00e1s lo necesitan.<\/p>\n<\/p>\n<p>&nbsp;<\/p>\n<p style=\"text-align: justify;\" data-sourcepos=\"9:1-9:244\">\u201cEs un programa que todos los d\u00edas tiene que promoverse como un derecho, porque todas las familias tienen que tener algo que comer, y adem\u00e1s influye en la salud de ustedes y sus hijos para tener una poblaci\u00f3n sana\u201d, destac\u00f3 Hern\u00e1ndez Rodr\u00edguez.<\/p>\n<\/p>\n<p>&nbsp;<\/p>\n<p style=\"text-align: justify;\" data-sourcepos=\"15:1-15:329\">Durante el evento de instalaci\u00f3n, estuvieron presentes Jairo Morales Mart\u00ednez, presidente municipal de Huimilpan, y Ana Karen de Le\u00f3n, presidenta del Sistema DIF Municipal, quienes acompa\u00f1aron a los beneficiarios de este programa que busca asegurar el acceso a una alimentaci\u00f3n adecuada en las zonas m\u00e1s apartadas.<\/p>\n<\/p>\n<p>&nbsp;<\/p>\n<p style=\"text-align: justify;\" data-sourcepos=\"17:1-17:204\">Esta iniciativa refuerza el compromiso del SEDIF con la seguridad alimentaria y el bienestar de las familias queretanas, especialmente en aquellas comunidades que requieren un apoyo m\u00e1s cercano y directo.<\/p>\n<\/p>\n<p>&nbsp;<\/p>\n<p style=\"text-align: center;\" data-sourcepos=\"17:1-17:204\"><em><strong>\u00a1Informaci\u00f3n que transforma!<\/strong><\/em><\/p>\n","protected":false},"excerpt":{"rendered":"<p>El Sistema Estatal DIF (SEDIF), a trav\u00e9s de su Direcci\u00f3n de Alimentaci\u00f3n, ha puesto en marcha el programa \u201cNosotros Vamos, Comedores M\u00f3viles 2025\u201d en la localidad de Lagunillas, en el municipio de Huimilpan. Este comedor m\u00f3vil beneficiar\u00e1 hasta a 200 personas y permanecer\u00e1 en el lugar hasta el 23 de junio.<\/p>\n","protected":false},"author":3,"featured_media":15610,"comment_status":"open","ping_status":"open","sticky":false,"template":"","format":"standard","meta":{"footnotes":""},"categories":[65,58],"tags":[1576,4006,217,1170],"class_list":["post-15609","post","type-post","status-publish","format-standard","has-post-thumbnail","hentry","category-municipios","category-ultima-hora","tag-alimentacionsaludable","tag-comedoresmoviles","tag-huimilpan","tag-sedif"],"yoast_head":"<!-- This site is optimized with the Yoast SEO plugin v25.0 - https:\/\/yoast.com\/wordpress\/plugins\/seo\/ -->\n<title>Apoyo alimentario en Huimilpan SEDIF instala comedores m\u00f3viles para beneficiar a mas de 200 personas | Nexo Informativo Santiago de Quer\u00e9taro<\/title>\n<meta name=\"description\" content=\"Apoyo alimentario en Huimilpan SEDIF instala comedores m\u00f3viles para beneficiar a mas de 200 personas\" \/>\n<meta name=\"robots\" content=\"index, follow, max-snippet:-1, max-image-preview:large, max-video-preview:-1\" \/>\n<link rel=\"canonical\" href=\"https:\/\/www.nexoinformativo.mx\/index.php\/2025\/06\/04\/apoyo-alimentario-en-huimilpan-sedif-instala-comedores-moviles-para-beneficiar-a-mas-de-200-personas\/\" \/>\n<meta property=\"og:locale\" content=\"es_MX\" \/>\n<meta property=\"og:type\" content=\"article\" \/>\n<meta property=\"og:title\" content=\"Apoyo alimentario en Huimilpan SEDIF instala comedores m\u00f3viles para beneficiar a mas de 200 personas | Nexo Informativo Santiago de Quer\u00e9taro\" \/>\n<meta property=\"og:description\" content=\"Apoyo alimentario en Huimilpan SEDIF instala comedores m\u00f3viles para beneficiar a mas de 200 personas\" \/>\n<meta property=\"og:url\" content=\"https:\/\/www.nexoinformativo.mx\/index.php\/2025\/06\/04\/apoyo-alimentario-en-huimilpan-sedif-instala-comedores-moviles-para-beneficiar-a-mas-de-200-personas\/\" \/>\n<meta property=\"og:site_name\" content=\"Nexo Informativo Santiago de Quer\u00e9taro\" \/>\n<meta property=\"article:publisher\" content=\"https:\/\/www.facebook.com\/people\/Nexo-Informativo\/61564066885511\/\" \/>\n<meta property=\"article:published_time\" content=\"2025-06-04T13:30:21+00:00\" \/>\n<meta property=\"article:modified_time\" content=\"2025-06-04T14:39:02+00:00\" \/>\n<meta property=\"og:image\" content=\"https:\/\/www.nexoinformativo.mx\/wp-content\/uploads\/2025\/06\/PHOTO-2025-06-03-14-58-47-e1749047896116.jpg\" \/>\n\t<meta property=\"og:image:width\" content=\"800\" \/>\n\t<meta property=\"og:image:height\" content=\"533\" \/>\n\t<meta property=\"og:image:type\" content=\"image\/jpeg\" \/>\n<meta name=\"author\" content=\"Nexo Informativo\" \/>\n<meta name=\"twitter:card\" content=\"summary_large_image\" \/>\n<meta name=\"twitter:label1\" content=\"Escrito por\" \/>\n\t<meta name=\"twitter:data1\" content=\"Nexo Informativo\" \/>\n\t<meta name=\"twitter:label2\" content=\"Tiempo de lectura\" \/>\n\t<meta name=\"twitter:data2\" content=\"2 minutos\" \/>\n<script type=\"application\/ld+json\" class=\"yoast-schema-graph\">{\"@context\":\"https:\/\/schema.org\",\"@graph\":[{\"@type\":\"Article\",\"@id\":\"https:\/\/www.nexoinformativo.mx\/index.php\/2025\/06\/04\/apoyo-alimentario-en-huimilpan-sedif-instala-comedores-moviles-para-beneficiar-a-mas-de-200-personas\/#article\",\"isPartOf\":{\"@id\":\"https:\/\/www.nexoinformativo.mx\/index.php\/2025\/06\/04\/apoyo-alimentario-en-huimilpan-sedif-instala-comedores-moviles-para-beneficiar-a-mas-de-200-personas\/\"},\"author\":{\"name\":\"Nexo Informativo\",\"@id\":\"https:\/\/www.nexoinformativo.mx\/#\/schema\/person\/7749d380ba08c8ca00d7bc76fd907b7d\"},\"headline\":\"Apoyo alimentario en Huimilpan SEDIF instala comedores m\u00f3viles para beneficiar a mas de 200 personas\",\"datePublished\":\"2025-06-04T13:30:21+00:00\",\"dateModified\":\"2025-06-04T14:39:02+00:00\",\"mainEntityOfPage\":{\"@id\":\"https:\/\/www.nexoinformativo.mx\/index.php\/2025\/06\/04\/apoyo-alimentario-en-huimilpan-sedif-instala-comedores-moviles-para-beneficiar-a-mas-de-200-personas\/\"},\"wordCount\":261,\"commentCount\":0,\"publisher\":{\"@id\":\"https:\/\/www.nexoinformativo.mx\/#organization\"},\"image\":{\"@id\":\"https:\/\/www.nexoinformativo.mx\/index.php\/2025\/06\/04\/apoyo-alimentario-en-huimilpan-sedif-instala-comedores-moviles-para-beneficiar-a-mas-de-200-personas\/#primaryimage\"},\"thumbnailUrl\":\"https:\/\/www.nexoinformativo.mx\/wp-content\/uploads\/2025\/06\/PHOTO-2025-06-03-14-58-47-e1749047896116.jpg\",\"keywords\":[\"Alimentaci\u00f3nSaludable\",\"ComedoresM\u00f3viles\",\"Huimilpan\",\"SEDIF\"],\"articleSection\":[\"Municipios\",\"\u00daltima Hora\"],\"inLanguage\":\"es\",\"potentialAction\":[{\"@type\":\"CommentAction\",\"name\":\"Comment\",\"target\":[\"https:\/\/www.nexoinformativo.mx\/index.php\/2025\/06\/04\/apoyo-alimentario-en-huimilpan-sedif-instala-comedores-moviles-para-beneficiar-a-mas-de-200-personas\/#respond\"]}]},{\"@type\":\"WebPage\",\"@id\":\"https:\/\/www.nexoinformativo.mx\/index.php\/2025\/06\/04\/apoyo-alimentario-en-huimilpan-sedif-instala-comedores-moviles-para-beneficiar-a-mas-de-200-personas\/\",\"url\":\"https:\/\/www.nexoinformativo.mx\/index.php\/2025\/06\/04\/apoyo-alimentario-en-huimilpan-sedif-instala-comedores-moviles-para-beneficiar-a-mas-de-200-personas\/\",\"name\":\"Apoyo alimentario en Huimilpan SEDIF instala comedores m\u00f3viles para beneficiar a mas de 200 personas | Nexo Informativo Santiago de Quer\u00e9taro\",\"isPartOf\":{\"@id\":\"https:\/\/www.nexoinformativo.mx\/#website\"},\"primaryImageOfPage\":{\"@id\":\"https:\/\/www.nexoinformativo.mx\/index.php\/2025\/06\/04\/apoyo-alimentario-en-huimilpan-sedif-instala-comedores-moviles-para-beneficiar-a-mas-de-200-personas\/#primaryimage\"},\"image\":{\"@id\":\"https:\/\/www.nexoinformativo.mx\/index.php\/2025\/06\/04\/apoyo-alimentario-en-huimilpan-sedif-instala-comedores-moviles-para-beneficiar-a-mas-de-200-personas\/#primaryimage\"},\"thumbnailUrl\":\"https:\/\/www.nexoinformativo.mx\/wp-content\/uploads\/2025\/06\/PHOTO-2025-06-03-14-58-47-e1749047896116.jpg\",\"datePublished\":\"2025-06-04T13:30:21+00:00\",\"dateModified\":\"2025-06-04T14:39:02+00:00\",\"description\":\"Apoyo alimentario en Huimilpan SEDIF instala comedores m\u00f3viles para beneficiar a mas de 200 personas\",\"breadcrumb\":{\"@id\":\"https:\/\/www.nexoinformativo.mx\/index.php\/2025\/06\/04\/apoyo-alimentario-en-huimilpan-sedif-instala-comedores-moviles-para-beneficiar-a-mas-de-200-personas\/#breadcrumb\"},\"inLanguage\":\"es\",\"potentialAction\":[{\"@type\":\"ReadAction\",\"target\":[\"https:\/\/www.nexoinformativo.mx\/index.php\/2025\/06\/04\/apoyo-alimentario-en-huimilpan-sedif-instala-comedores-moviles-para-beneficiar-a-mas-de-200-personas\/\"]}]},{\"@type\":\"ImageObject\",\"inLanguage\":\"es\",\"@id\":\"https:\/\/www.nexoinformativo.mx\/index.php\/2025\/06\/04\/apoyo-alimentario-en-huimilpan-sedif-instala-comedores-moviles-para-beneficiar-a-mas-de-200-personas\/#primaryimage\",\"url\":\"https:\/\/www.nexoinformativo.mx\/wp-content\/uploads\/2025\/06\/PHOTO-2025-06-03-14-58-47-e1749047896116.jpg\",\"contentUrl\":\"https:\/\/www.nexoinformativo.mx\/wp-content\/uploads\/2025\/06\/PHOTO-2025-06-03-14-58-47-e1749047896116.jpg\",\"width\":800,\"height\":533},{\"@type\":\"BreadcrumbList\",\"@id\":\"https:\/\/www.nexoinformativo.mx\/index.php\/2025\/06\/04\/apoyo-alimentario-en-huimilpan-sedif-instala-comedores-moviles-para-beneficiar-a-mas-de-200-personas\/#breadcrumb\",\"itemListElement\":[{\"@type\":\"ListItem\",\"position\":1,\"name\":\"Inicio\",\"item\":\"https:\/\/www.nexoinformativo.mx\/\"},{\"@type\":\"ListItem\",\"position\":2,\"name\":\"Apoyo alimentario en Huimilpan SEDIF instala comedores m\u00f3viles para beneficiar a mas de 200 personas\"}]},{\"@type\":\"WebSite\",\"@id\":\"https:\/\/www.nexoinformativo.mx\/#website\",\"url\":\"https:\/\/www.nexoinformativo.mx\/\",\"name\":\"Nexo Informativo Santiago de Quer\u00e9taro\",\"description\":\"Explora NexoInformativo y convi\u00e9rtete en parte de una comunidad que valora el conocimiento y la verdad. Tu nexoinformativo es tu puente hacia una comprensi\u00f3n m\u00e1s profunda del mundo que te rodea.\",\"publisher\":{\"@id\":\"https:\/\/www.nexoinformativo.mx\/#organization\"},\"potentialAction\":[{\"@type\":\"SearchAction\",\"target\":{\"@type\":\"EntryPoint\",\"urlTemplate\":\"https:\/\/www.nexoinformativo.mx\/?s={search_term_string}\"},\"query-input\":{\"@type\":\"PropertyValueSpecification\",\"valueRequired\":true,\"valueName\":\"search_term_string\"}}],\"inLanguage\":\"es\"},{\"@type\":\"Organization\",\"@id\":\"https:\/\/www.nexoinformativo.mx\/#organization\",\"name\":\"Nexo Informativo Santiago de Quer\u00e9taro\",\"url\":\"https:\/\/www.nexoinformativo.mx\/\",\"logo\":{\"@type\":\"ImageObject\",\"inLanguage\":\"es\",\"@id\":\"https:\/\/www.nexoinformativo.mx\/#\/schema\/logo\/image\/\",\"url\":\"https:\/\/www.nexoinformativo.mx\/wp-content\/uploads\/2024\/07\/nexoi-trasparente-2.png\",\"contentUrl\":\"https:\/\/www.nexoinformativo.mx\/wp-content\/uploads\/2024\/07\/nexoi-trasparente-2.png\",\"width\":816,\"height\":339,\"caption\":\"Nexo Informativo Santiago de Quer\u00e9taro\"},\"image\":{\"@id\":\"https:\/\/www.nexoinformativo.mx\/#\/schema\/logo\/image\/\"},\"sameAs\":[\"https:\/\/www.facebook.com\/people\/Nexo-Informativo\/61564066885511\/\"]},{\"@type\":\"Person\",\"@id\":\"https:\/\/www.nexoinformativo.mx\/#\/schema\/person\/7749d380ba08c8ca00d7bc76fd907b7d\",\"name\":\"Nexo Informativo\",\"image\":{\"@type\":\"ImageObject\",\"inLanguage\":\"es\",\"@id\":\"https:\/\/www.nexoinformativo.mx\/#\/schema\/person\/image\/\",\"url\":\"https:\/\/secure.gravatar.com\/avatar\/dde2928154642a13d95f87ddf1ea9718fe2b46760a005c53e41ff5ad610704e6?s=96&d=mm&r=g\",\"contentUrl\":\"https:\/\/secure.gravatar.com\/avatar\/dde2928154642a13d95f87ddf1ea9718fe2b46760a005c53e41ff5ad610704e6?s=96&d=mm&r=g\",\"caption\":\"Nexo Informativo\"},\"url\":\"https:\/\/www.nexoinformativo.mx\/index.php\/author\/edicion\/\"}]}<\/script>\n<!-- \/ Yoast SEO plugin. -->","yoast_head_json":{"title":"Apoyo alimentario en Huimilpan SEDIF instala comedores m\u00f3viles para beneficiar a mas de 200 personas | Nexo Informativo Santiago de Quer\u00e9taro","description":"Apoyo alimentario en Huimilpan SEDIF instala comedores m\u00f3viles para beneficiar a mas de 200 personas","robots":{"index":"index","follow":"follow","max-snippet":"max-snippet:-1","max-image-preview":"max-image-preview:large","max-video-preview":"max-video-preview:-1"},"canonical":"https:\/\/www.nexoinformativo.mx\/index.php\/2025\/06\/04\/apoyo-alimentario-en-huimilpan-sedif-instala-comedores-moviles-para-beneficiar-a-mas-de-200-personas\/","og_locale":"es_MX","og_type":"article","og_title":"Apoyo alimentario en Huimilpan SEDIF instala comedores m\u00f3viles para beneficiar a mas de 200 personas | Nexo Informativo Santiago de Quer\u00e9taro","og_description":"Apoyo alimentario en Huimilpan SEDIF instala comedores m\u00f3viles para beneficiar a mas de 200 personas","og_url":"https:\/\/www.nexoinformativo.mx\/index.php\/2025\/06\/04\/apoyo-alimentario-en-huimilpan-sedif-instala-comedores-moviles-para-beneficiar-a-mas-de-200-personas\/","og_site_name":"Nexo Informativo Santiago de Quer\u00e9taro","article_publisher":"https:\/\/www.facebook.com\/people\/Nexo-Informativo\/61564066885511\/","article_published_time":"2025-06-04T13:30:21+00:00","article_modified_time":"2025-06-04T14:39:02+00:00","og_image":[{"width":800,"height":533,"url":"https:\/\/www.nexoinformativo.mx\/wp-content\/uploads\/2025\/06\/PHOTO-2025-06-03-14-58-47-e1749047896116.jpg","type":"image\/jpeg"}],"author":"Nexo Informativo","twitter_card":"summary_large_image","twitter_misc":{"Escrito por":"Nexo Informativo","Tiempo de lectura":"2 minutos"},"schema":{"@context":"https:\/\/schema.org","@graph":[{"@type":"Article","@id":"https:\/\/www.nexoinformativo.mx\/index.php\/2025\/06\/04\/apoyo-alimentario-en-huimilpan-sedif-instala-comedores-moviles-para-beneficiar-a-mas-de-200-personas\/#article","isPartOf":{"@id":"https:\/\/www.nexoinformativo.mx\/index.php\/2025\/06\/04\/apoyo-alimentario-en-huimilpan-sedif-instala-comedores-moviles-para-beneficiar-a-mas-de-200-personas\/"},"author":{"name":"Nexo Informativo","@id":"https:\/\/www.nexoinformativo.mx\/#\/schema\/person\/7749d380ba08c8ca00d7bc76fd907b7d"},"headline":"Apoyo alimentario en Huimilpan SEDIF instala comedores m\u00f3viles para beneficiar a mas de 200 personas","datePublished":"2025-06-04T13:30:21+00:00","dateModified":"2025-06-04T14:39:02+00:00","mainEntityOfPage":{"@id":"https:\/\/www.nexoinformativo.mx\/index.php\/2025\/06\/04\/apoyo-alimentario-en-huimilpan-sedif-instala-comedores-moviles-para-beneficiar-a-mas-de-200-personas\/"},"wordCount":261,"commentCount":0,"publisher":{"@id":"https:\/\/www.nexoinformativo.mx\/#organization"},"image":{"@id":"https:\/\/www.nexoinformativo.mx\/index.php\/2025\/06\/04\/apoyo-alimentario-en-huimilpan-sedif-instala-comedores-moviles-para-beneficiar-a-mas-de-200-personas\/#primaryimage"},"thumbnailUrl":"https:\/\/www.nexoinformativo.mx\/wp-content\/uploads\/2025\/06\/PHOTO-2025-06-03-14-58-47-e1749047896116.jpg","keywords":["Alimentaci\u00f3nSaludable","ComedoresM\u00f3viles","Huimilpan","SEDIF"],"articleSection":["Municipios","\u00daltima Hora"],"inLanguage":"es","potentialAction":[{"@type":"CommentAction","name":"Comment","target":["https:\/\/www.nexoinformativo.mx\/index.php\/2025\/06\/04\/apoyo-alimentario-en-huimilpan-sedif-instala-comedores-moviles-para-beneficiar-a-mas-de-200-personas\/#respond"]}]},{"@type":"WebPage","@id":"https:\/\/www.nexoinformativo.mx\/index.php\/2025\/06\/04\/apoyo-alimentario-en-huimilpan-sedif-instala-comedores-moviles-para-beneficiar-a-mas-de-200-personas\/","url":"https:\/\/www.nexoinformativo.mx\/index.php\/2025\/06\/04\/apoyo-alimentario-en-huimilpan-sedif-instala-comedores-moviles-para-beneficiar-a-mas-de-200-personas\/","name":"Apoyo alimentario en Huimilpan SEDIF instala comedores m\u00f3viles para beneficiar a mas de 200 personas | Nexo Informativo Santiago de Quer\u00e9taro","isPartOf":{"@id":"https:\/\/www.nexoinformativo.mx\/#website"},"primaryImageOfPage":{"@id":"https:\/\/www.nexoinformativo.mx\/index.php\/2025\/06\/04\/apoyo-alimentario-en-huimilpan-sedif-instala-comedores-moviles-para-beneficiar-a-mas-de-200-personas\/#primaryimage"},"image":{"@id":"https:\/\/www.nexoinformativo.mx\/index.php\/2025\/06\/04\/apoyo-alimentario-en-huimilpan-sedif-instala-comedores-moviles-para-beneficiar-a-mas-de-200-personas\/#primaryimage"},"thumbnailUrl":"https:\/\/www.nexoinformativo.mx\/wp-content\/uploads\/2025\/06\/PHOTO-2025-06-03-14-58-47-e1749047896116.jpg","datePublished":"2025-06-04T13:30:21+00:00","dateModified":"2025-06-04T14:39:02+00:00","description":"Apoyo alimentario en Huimilpan SEDIF instala comedores m\u00f3viles para beneficiar a mas de 200 personas","breadcrumb":{"@id":"https:\/\/www.nexoinformativo.mx\/index.php\/2025\/06\/04\/apoyo-alimentario-en-huimilpan-sedif-instala-comedores-moviles-para-beneficiar-a-mas-de-200-personas\/#breadcrumb"},"inLanguage":"es","potentialAction":[{"@type":"ReadAction","target":["https:\/\/www.nexoinformativo.mx\/index.php\/2025\/06\/04\/apoyo-alimentario-en-huimilpan-sedif-instala-comedores-moviles-para-beneficiar-a-mas-de-200-personas\/"]}]},{"@type":"ImageObject","inLanguage":"es","@id":"https:\/\/www.nexoinformativo.mx\/index.php\/2025\/06\/04\/apoyo-alimentario-en-huimilpan-sedif-instala-comedores-moviles-para-beneficiar-a-mas-de-200-personas\/#primaryimage","url":"https:\/\/www.nexoinformativo.mx\/wp-content\/uploads\/2025\/06\/PHOTO-2025-06-03-14-58-47-e1749047896116.jpg","contentUrl":"https:\/\/www.nexoinformativo.mx\/wp-content\/uploads\/2025\/06\/PHOTO-2025-06-03-14-58-47-e1749047896116.jpg","width":800,"height":533},{"@type":"BreadcrumbList","@id":"https:\/\/www.nexoinformativo.mx\/index.php\/2025\/06\/04\/apoyo-alimentario-en-huimilpan-sedif-instala-comedores-moviles-para-beneficiar-a-mas-de-200-personas\/#breadcrumb","itemListElement":[{"@type":"ListItem","position":1,"name":"Inicio","item":"https:\/\/www.nexoinformativo.mx\/"},{"@type":"ListItem","position":2,"name":"Apoyo alimentario en Huimilpan SEDIF instala comedores m\u00f3viles para beneficiar a mas de 200 personas"}]},{"@type":"WebSite","@id":"https:\/\/www.nexoinformativo.mx\/#website","url":"https:\/\/www.nexoinformativo.mx\/","name":"Nexo Informativo Santiago de Quer\u00e9taro","description":"Explora NexoInformativo y convi\u00e9rtete en parte de una comunidad que valora el conocimiento y la verdad. Tu nexoinformativo es tu puente hacia una comprensi\u00f3n m\u00e1s profunda del mundo que te rodea.","publisher":{"@id":"https:\/\/www.nexoinformativo.mx\/#organization"},"potentialAction":[{"@type":"SearchAction","target":{"@type":"EntryPoint","urlTemplate":"https:\/\/www.nexoinformativo.mx\/?s={search_term_string}"},"query-input":{"@type":"PropertyValueSpecification","valueRequired":true,"valueName":"search_term_string"}}],"inLanguage":"es"},{"@type":"Organization","@id":"https:\/\/www.nexoinformativo.mx\/#organization","name":"Nexo Informativo Santiago de Quer\u00e9taro","url":"https:\/\/www.nexoinformativo.mx\/","logo":{"@type":"ImageObject","inLanguage":"es","@id":"https:\/\/www.nexoinformativo.mx\/#\/schema\/logo\/image\/","url":"https:\/\/www.nexoinformativo.mx\/wp-content\/uploads\/2024\/07\/nexoi-trasparente-2.png","contentUrl":"https:\/\/www.nexoinformativo.mx\/wp-content\/uploads\/2024\/07\/nexoi-trasparente-2.png","width":816,"height":339,"caption":"Nexo Informativo Santiago de Quer\u00e9taro"},"image":{"@id":"https:\/\/www.nexoinformativo.mx\/#\/schema\/logo\/image\/"},"sameAs":["https:\/\/www.facebook.com\/people\/Nexo-Informativo\/61564066885511\/"]},{"@type":"Person","@id":"https:\/\/www.nexoinformativo.mx\/#\/schema\/person\/7749d380ba08c8ca00d7bc76fd907b7d","name":"Nexo Informativo","image":{"@type":"ImageObject","inLanguage":"es","@id":"https:\/\/www.nexoinformativo.mx\/#\/schema\/person\/image\/","url":"https:\/\/secure.gravatar.com\/avatar\/dde2928154642a13d95f87ddf1ea9718fe2b46760a005c53e41ff5ad610704e6?s=96&d=mm&r=g","contentUrl":"https:\/\/secure.gravatar.com\/avatar\/dde2928154642a13d95f87ddf1ea9718fe2b46760a005c53e41ff5ad610704e6?s=96&d=mm&r=g","caption":"Nexo Informativo"},"url":"https:\/\/www.nexoinformativo.mx\/index.php\/author\/edicion\/"}]}},"_links":{"self":[{"href":"https:\/\/www.nexoinformativo.mx\/index.php\/wp-json\/wp\/v2\/posts\/15609","targetHints":{"allow":["GET"]}}],"collection":[{"href":"https:\/\/www.nexoinformativo.mx\/index.php\/wp-json\/wp\/v2\/posts"}],"about":[{"href":"https:\/\/www.nexoinformativo.mx\/index.php\/wp-json\/wp\/v2\/types\/post"}],"author":[{"embeddable":true,"href":"https:\/\/www.nexoinformativo.mx\/index.php\/wp-json\/wp\/v2\/users\/3"}],"replies":[{"embeddable":true,"href":"https:\/\/www.nexoinformativo.mx\/index.php\/wp-json\/wp\/v2\/comments?post=15609"}],"version-history":[{"count":3,"href":"https:\/\/www.nexoinformativo.mx\/index.php\/wp-json\/wp\/v2\/posts\/15609\/revisions"}],"predecessor-version":[{"id":15613,"href":"https:\/\/www.nexoinformativo.mx\/index.php\/wp-json\/wp\/v2\/posts\/15609\/revisions\/15613"}],"wp:featuredmedia":[{"embeddable":true,"href":"https:\/\/www.nexoinformativo.mx\/index.php\/wp-json\/wp\/v2\/media\/15610"}],"wp:attachment":[{"href":"https:\/\/www.nexoinformativo.mx\/index.php\/wp-json\/wp\/v2\/media?parent=15609"}],"wp:term":[{"taxonomy":"category","embeddable":true,"href":"https:\/\/www.nexoinformativo.mx\/index.php\/wp-json\/wp\/v2\/categories?post=15609"},{"taxonomy":"post_tag","embeddable":true,"href":"https:\/\/www.nexoinformativo.mx\/index.php\/wp-json\/wp\/v2\/tags?post=15609"}],"curies":[{"name":"wp","href":"https:\/\/api.w.org\/{rel}","templated":true}]}}