{"id":15628,"date":"2025-06-04T08:15:36","date_gmt":"2025-06-04T14:15:36","guid":{"rendered":"https:\/\/www.nexoinformativo.mx\/?p=15628"},"modified":"2025-06-04T08:55:54","modified_gmt":"2025-06-04T14:55:54","slug":"historico-para-queretaro-mauricio-kuri-lanza-proyecto-batan-que-asegura-agua-por-los-proximos-50-anos","status":"publish","type":"post","link":"https:\/\/www.nexoinformativo.mx\/index.php\/2025\/06\/04\/historico-para-queretaro-mauricio-kuri-lanza-proyecto-batan-que-asegura-agua-por-los-proximos-50-anos\/","title":{"rendered":"Hist\u00f3rico para Quer\u00e9taro Mauricio Kuri lanza Proyecto Bat\u00e1n que asegura agua por los pr\u00f3ximos 50 a\u00f1os"},"content":{"rendered":"<p style=\"text-align: justify;\" data-sourcepos=\"5:1-5:390\">El gobernador Mauricio Kuri\u00a0anunci\u00f3 la iniciativa que ser\u00e1 turnada al Congreso local para hacer realidad el Sistema Bat\u00e1n, Agua para todos. Este ambicioso proyecto garantiza el abastecimiento de agua para las familias queretanas durante los pr\u00f3ximos 50 a\u00f1os.<\/p>\n<\/p>\n<p>&nbsp;<\/p>\n<p style=\"text-align: justify;\" data-sourcepos=\"7:1-7:404\">A trav\u00e9s de un mensaje en redes sociales, el mandatario destac\u00f3 que &#8220;la peor infraestructura es la que no se construye&#8221; y enfatiz\u00f3 que Quer\u00e9taro no se detiene; cuando se trata del agua, no se pueden dar el lujo de esperar.<\/p>\n<\/p>\n<p>&nbsp;<\/p>\n<p style=\"text-align: justify;\" data-sourcepos=\"7:1-7:404\">\u201cEste proyecto nos convierte nuevamente en referente nacional. Seremos el primer estado de M\u00e9xico y de Am\u00e9rica Latina que reusar\u00e1 agua. Esto significa que nos comprometemos con el medio ambiente\u201d, afirm\u00f3 Kuri.<\/p>\n<\/p>\n<p>&nbsp;<\/p>\n<p style=\"text-align: justify;\" data-sourcepos=\"15:1-15:368\">El gobernador explic\u00f3 que garantizar el agua para el futuro implica el uso de tecnolog\u00eda de punta a la altura de lugares como California, Singapur e Israel.<\/p>\n<\/p>\n<p>&nbsp;<\/p>\n<p style=\"text-align: justify;\" data-sourcepos=\"15:1-15:368\">El sistema captar\u00e1 el agua de lluvia y el agua usada en casa, la cual ser\u00e1 llevada a dos plantas potabilizadoras de \u00faltima generaci\u00f3n para ser tratada y devuelta limpia y segura a los hogares queretanos.<\/p>\n<\/p>\n<p>&nbsp;<\/p>\n<p style=\"text-align: justify;\" data-sourcepos=\"17:1-17:219\">\u201cBat\u00e1n surtir\u00e1 hasta mil 800 litros por segundo. Similar al Acueducto II, que ha garantizado por dos d\u00e9cadas el agua a las familias. En tres a\u00f1os de construcci\u00f3n, garantizaremos el futuro de tres generaciones\u201d, detall\u00f3.<\/p>\n<\/p>\n<p>&nbsp;<\/p>\n<p style=\"text-align: justify;\" data-sourcepos=\"19:1-19:394\">Kuri Gonz\u00e1lez advirti\u00f3 que la necesidad de este proyecto es real y latente, en un momento donde se viven sequ\u00edas m\u00e1s graves y los acu\u00edferos est\u00e1n sobreexplotados. Este es un compromiso firme con el medio ambiente, que permitir\u00e1 entregar un estado limpio y sano, adem\u00e1s de ahorrar los recursos de los pozos subterr\u00e1neos.<\/p>\n<\/p>\n<p>&nbsp;<\/p>\n<p style=\"text-align: justify;\" data-sourcepos=\"21:1-21:363\">\u201cCuando concluya el proyecto, todo el estado, repito: todo el estado, hasta los lugares m\u00e1s alejados, contar\u00e1n con agua. Ya contamos con el respaldo del Gobierno Federal, de CONAGUA, y el compromiso total de la CEA. Hoy m\u00e1s que nunca, necesitamos unidad, decisi\u00f3n y futuro. Porque cuidar el agua es cuidar a Quer\u00e9taro y a tu familia\u201d, concluy\u00f3 el gobernador.<\/p>\n<\/p>\n<p>&nbsp;<\/p>\n<p style=\"text-align: center;\" data-sourcepos=\"21:1-21:363\"><em><strong>\u00a1Informaci\u00f3n que transforma!<\/strong><\/em><\/p>\n","protected":false},"excerpt":{"rendered":"<p>El gobernador Mauricio Kuri\u00a0anunci\u00f3 la iniciativa que ser\u00e1 turnada al Congreso local para hacer realidad el Sistema Bat\u00e1n, Agua para todos. Este ambicioso proyecto garantiza el abastecimiento de agua para las familias queretanas durante los pr\u00f3ximos 50 a\u00f1os.<\/p>\n","protected":false},"author":3,"featured_media":15629,"comment_status":"open","ping_status":"open","sticky":false,"template":"","format":"standard","meta":{"footnotes":""},"categories":[42,58],"tags":[1366,4696,665,4695],"class_list":["post-15628","post","type-post","status-publish","format-standard","has-post-thumbnail","hentry","category-estado","category-ultima-hora","tag-aguaparatodos","tag-futurohidrico","tag-queretarosustentable","tag-sistemabatan"],"yoast_head":"<!-- This site is optimized with the Yoast SEO plugin v25.0 - https:\/\/yoast.com\/wordpress\/plugins\/seo\/ -->\n<title>Hist\u00f3rico para Quer\u00e9taro Mauricio Kuri lanza Proyecto Bat\u00e1n que asegura agua por los pr\u00f3ximos 50 a\u00f1os | Nexo Informativo Santiago de Quer\u00e9taro<\/title>\n<meta name=\"description\" content=\"Hist\u00f3rico para Quer\u00e9taro Mauricio Kuri lanza Proyecto Bat\u00e1n que asegura agua por los pr\u00f3ximos 50 a\u00f1os\" \/>\n<meta name=\"robots\" content=\"index, follow, max-snippet:-1, max-image-preview:large, max-video-preview:-1\" \/>\n<link rel=\"canonical\" href=\"https:\/\/www.nexoinformativo.mx\/index.php\/2025\/06\/04\/historico-para-queretaro-mauricio-kuri-lanza-proyecto-batan-que-asegura-agua-por-los-proximos-50-anos\/\" \/>\n<meta property=\"og:locale\" content=\"es_MX\" \/>\n<meta property=\"og:type\" content=\"article\" \/>\n<meta property=\"og:title\" content=\"Hist\u00f3rico para Quer\u00e9taro Mauricio Kuri lanza Proyecto Bat\u00e1n que asegura agua por los pr\u00f3ximos 50 a\u00f1os | Nexo Informativo Santiago de Quer\u00e9taro\" \/>\n<meta property=\"og:description\" content=\"Hist\u00f3rico para Quer\u00e9taro Mauricio Kuri lanza Proyecto Bat\u00e1n que asegura agua por los pr\u00f3ximos 50 a\u00f1os\" \/>\n<meta property=\"og:url\" content=\"https:\/\/www.nexoinformativo.mx\/index.php\/2025\/06\/04\/historico-para-queretaro-mauricio-kuri-lanza-proyecto-batan-que-asegura-agua-por-los-proximos-50-anos\/\" \/>\n<meta property=\"og:site_name\" content=\"Nexo Informativo Santiago de Quer\u00e9taro\" \/>\n<meta property=\"article:publisher\" content=\"https:\/\/www.facebook.com\/people\/Nexo-Informativo\/61564066885511\/\" \/>\n<meta property=\"article:published_time\" content=\"2025-06-04T14:15:36+00:00\" \/>\n<meta property=\"article:modified_time\" content=\"2025-06-04T14:55:54+00:00\" \/>\n<meta property=\"og:image\" content=\"https:\/\/www.nexoinformativo.mx\/wp-content\/uploads\/2025\/06\/PHOTO-2025-06-04-08-00-07-e1749048798752.jpg\" \/>\n\t<meta property=\"og:image:width\" content=\"800\" \/>\n\t<meta property=\"og:image:height\" content=\"450\" \/>\n\t<meta property=\"og:image:type\" content=\"image\/jpeg\" \/>\n<meta name=\"author\" content=\"Nexo Informativo\" \/>\n<meta name=\"twitter:card\" content=\"summary_large_image\" \/>\n<meta name=\"twitter:label1\" content=\"Escrito por\" \/>\n\t<meta name=\"twitter:data1\" content=\"Nexo Informativo\" \/>\n\t<meta name=\"twitter:label2\" content=\"Tiempo de lectura\" \/>\n\t<meta name=\"twitter:data2\" content=\"2 minutos\" \/>\n<script type=\"application\/ld+json\" class=\"yoast-schema-graph\">{\"@context\":\"https:\/\/schema.org\",\"@graph\":[{\"@type\":\"Article\",\"@id\":\"https:\/\/www.nexoinformativo.mx\/index.php\/2025\/06\/04\/historico-para-queretaro-mauricio-kuri-lanza-proyecto-batan-que-asegura-agua-por-los-proximos-50-anos\/#article\",\"isPartOf\":{\"@id\":\"https:\/\/www.nexoinformativo.mx\/index.php\/2025\/06\/04\/historico-para-queretaro-mauricio-kuri-lanza-proyecto-batan-que-asegura-agua-por-los-proximos-50-anos\/\"},\"author\":{\"name\":\"Nexo Informativo\",\"@id\":\"https:\/\/www.nexoinformativo.mx\/#\/schema\/person\/7749d380ba08c8ca00d7bc76fd907b7d\"},\"headline\":\"Hist\u00f3rico para Quer\u00e9taro Mauricio Kuri lanza Proyecto Bat\u00e1n que asegura agua por los pr\u00f3ximos 50 a\u00f1os\",\"datePublished\":\"2025-06-04T14:15:36+00:00\",\"dateModified\":\"2025-06-04T14:55:54+00:00\",\"mainEntityOfPage\":{\"@id\":\"https:\/\/www.nexoinformativo.mx\/index.php\/2025\/06\/04\/historico-para-queretaro-mauricio-kuri-lanza-proyecto-batan-que-asegura-agua-por-los-proximos-50-anos\/\"},\"wordCount\":378,\"commentCount\":0,\"publisher\":{\"@id\":\"https:\/\/www.nexoinformativo.mx\/#organization\"},\"image\":{\"@id\":\"https:\/\/www.nexoinformativo.mx\/index.php\/2025\/06\/04\/historico-para-queretaro-mauricio-kuri-lanza-proyecto-batan-que-asegura-agua-por-los-proximos-50-anos\/#primaryimage\"},\"thumbnailUrl\":\"https:\/\/www.nexoinformativo.mx\/wp-content\/uploads\/2025\/06\/PHOTO-2025-06-04-08-00-07-e1749048798752.jpg\",\"keywords\":[\"AguaParaTodos\",\"FuturoH\u00eddrico\",\"Quer\u00e9taroSustentable\",\"SistemaBat\u00e1n\"],\"articleSection\":[\"Estado\",\"\u00daltima Hora\"],\"inLanguage\":\"es\",\"potentialAction\":[{\"@type\":\"CommentAction\",\"name\":\"Comment\",\"target\":[\"https:\/\/www.nexoinformativo.mx\/index.php\/2025\/06\/04\/historico-para-queretaro-mauricio-kuri-lanza-proyecto-batan-que-asegura-agua-por-los-proximos-50-anos\/#respond\"]}]},{\"@type\":\"WebPage\",\"@id\":\"https:\/\/www.nexoinformativo.mx\/index.php\/2025\/06\/04\/historico-para-queretaro-mauricio-kuri-lanza-proyecto-batan-que-asegura-agua-por-los-proximos-50-anos\/\",\"url\":\"https:\/\/www.nexoinformativo.mx\/index.php\/2025\/06\/04\/historico-para-queretaro-mauricio-kuri-lanza-proyecto-batan-que-asegura-agua-por-los-proximos-50-anos\/\",\"name\":\"Hist\u00f3rico para Quer\u00e9taro Mauricio Kuri lanza Proyecto Bat\u00e1n que asegura agua por los pr\u00f3ximos 50 a\u00f1os | Nexo Informativo Santiago de Quer\u00e9taro\",\"isPartOf\":{\"@id\":\"https:\/\/www.nexoinformativo.mx\/#website\"},\"primaryImageOfPage\":{\"@id\":\"https:\/\/www.nexoinformativo.mx\/index.php\/2025\/06\/04\/historico-para-queretaro-mauricio-kuri-lanza-proyecto-batan-que-asegura-agua-por-los-proximos-50-anos\/#primaryimage\"},\"image\":{\"@id\":\"https:\/\/www.nexoinformativo.mx\/index.php\/2025\/06\/04\/historico-para-queretaro-mauricio-kuri-lanza-proyecto-batan-que-asegura-agua-por-los-proximos-50-anos\/#primaryimage\"},\"thumbnailUrl\":\"https:\/\/www.nexoinformativo.mx\/wp-content\/uploads\/2025\/06\/PHOTO-2025-06-04-08-00-07-e1749048798752.jpg\",\"datePublished\":\"2025-06-04T14:15:36+00:00\",\"dateModified\":\"2025-06-04T14:55:54+00:00\",\"description\":\"Hist\u00f3rico para Quer\u00e9taro Mauricio Kuri lanza Proyecto Bat\u00e1n que asegura agua por los pr\u00f3ximos 50 a\u00f1os\",\"breadcrumb\":{\"@id\":\"https:\/\/www.nexoinformativo.mx\/index.php\/2025\/06\/04\/historico-para-queretaro-mauricio-kuri-lanza-proyecto-batan-que-asegura-agua-por-los-proximos-50-anos\/#breadcrumb\"},\"inLanguage\":\"es\",\"potentialAction\":[{\"@type\":\"ReadAction\",\"target\":[\"https:\/\/www.nexoinformativo.mx\/index.php\/2025\/06\/04\/historico-para-queretaro-mauricio-kuri-lanza-proyecto-batan-que-asegura-agua-por-los-proximos-50-anos\/\"]}]},{\"@type\":\"ImageObject\",\"inLanguage\":\"es\",\"@id\":\"https:\/\/www.nexoinformativo.mx\/index.php\/2025\/06\/04\/historico-para-queretaro-mauricio-kuri-lanza-proyecto-batan-que-asegura-agua-por-los-proximos-50-anos\/#primaryimage\",\"url\":\"https:\/\/www.nexoinformativo.mx\/wp-content\/uploads\/2025\/06\/PHOTO-2025-06-04-08-00-07-e1749048798752.jpg\",\"contentUrl\":\"https:\/\/www.nexoinformativo.mx\/wp-content\/uploads\/2025\/06\/PHOTO-2025-06-04-08-00-07-e1749048798752.jpg\",\"width\":800,\"height\":450},{\"@type\":\"BreadcrumbList\",\"@id\":\"https:\/\/www.nexoinformativo.mx\/index.php\/2025\/06\/04\/historico-para-queretaro-mauricio-kuri-lanza-proyecto-batan-que-asegura-agua-por-los-proximos-50-anos\/#breadcrumb\",\"itemListElement\":[{\"@type\":\"ListItem\",\"position\":1,\"name\":\"Inicio\",\"item\":\"https:\/\/www.nexoinformativo.mx\/\"},{\"@type\":\"ListItem\",\"position\":2,\"name\":\"Hist\u00f3rico para Quer\u00e9taro Mauricio Kuri lanza Proyecto Bat\u00e1n que asegura agua por los pr\u00f3ximos 50 a\u00f1os\"}]},{\"@type\":\"WebSite\",\"@id\":\"https:\/\/www.nexoinformativo.mx\/#website\",\"url\":\"https:\/\/www.nexoinformativo.mx\/\",\"name\":\"Nexo Informativo Santiago de Quer\u00e9taro\",\"description\":\"Explora NexoInformativo y convi\u00e9rtete en parte de una comunidad que valora el conocimiento y la verdad. Tu nexoinformativo es tu puente hacia una comprensi\u00f3n m\u00e1s profunda del mundo que te rodea.\",\"publisher\":{\"@id\":\"https:\/\/www.nexoinformativo.mx\/#organization\"},\"potentialAction\":[{\"@type\":\"SearchAction\",\"target\":{\"@type\":\"EntryPoint\",\"urlTemplate\":\"https:\/\/www.nexoinformativo.mx\/?s={search_term_string}\"},\"query-input\":{\"@type\":\"PropertyValueSpecification\",\"valueRequired\":true,\"valueName\":\"search_term_string\"}}],\"inLanguage\":\"es\"},{\"@type\":\"Organization\",\"@id\":\"https:\/\/www.nexoinformativo.mx\/#organization\",\"name\":\"Nexo Informativo Santiago de Quer\u00e9taro\",\"url\":\"https:\/\/www.nexoinformativo.mx\/\",\"logo\":{\"@type\":\"ImageObject\",\"inLanguage\":\"es\",\"@id\":\"https:\/\/www.nexoinformativo.mx\/#\/schema\/logo\/image\/\",\"url\":\"https:\/\/www.nexoinformativo.mx\/wp-content\/uploads\/2024\/07\/nexoi-trasparente-2.png\",\"contentUrl\":\"https:\/\/www.nexoinformativo.mx\/wp-content\/uploads\/2024\/07\/nexoi-trasparente-2.png\",\"width\":816,\"height\":339,\"caption\":\"Nexo Informativo Santiago de Quer\u00e9taro\"},\"image\":{\"@id\":\"https:\/\/www.nexoinformativo.mx\/#\/schema\/logo\/image\/\"},\"sameAs\":[\"https:\/\/www.facebook.com\/people\/Nexo-Informativo\/61564066885511\/\"]},{\"@type\":\"Person\",\"@id\":\"https:\/\/www.nexoinformativo.mx\/#\/schema\/person\/7749d380ba08c8ca00d7bc76fd907b7d\",\"name\":\"Nexo Informativo\",\"image\":{\"@type\":\"ImageObject\",\"inLanguage\":\"es\",\"@id\":\"https:\/\/www.nexoinformativo.mx\/#\/schema\/person\/image\/\",\"url\":\"https:\/\/secure.gravatar.com\/avatar\/dde2928154642a13d95f87ddf1ea9718fe2b46760a005c53e41ff5ad610704e6?s=96&d=mm&r=g\",\"contentUrl\":\"https:\/\/secure.gravatar.com\/avatar\/dde2928154642a13d95f87ddf1ea9718fe2b46760a005c53e41ff5ad610704e6?s=96&d=mm&r=g\",\"caption\":\"Nexo Informativo\"},\"url\":\"https:\/\/www.nexoinformativo.mx\/index.php\/author\/edicion\/\"}]}<\/script>\n<!-- \/ Yoast SEO plugin. -->","yoast_head_json":{"title":"Hist\u00f3rico para Quer\u00e9taro Mauricio Kuri lanza Proyecto Bat\u00e1n que asegura agua por los pr\u00f3ximos 50 a\u00f1os | Nexo Informativo Santiago de Quer\u00e9taro","description":"Hist\u00f3rico para Quer\u00e9taro Mauricio Kuri lanza Proyecto Bat\u00e1n que asegura agua por los pr\u00f3ximos 50 a\u00f1os","robots":{"index":"index","follow":"follow","max-snippet":"max-snippet:-1","max-image-preview":"max-image-preview:large","max-video-preview":"max-video-preview:-1"},"canonical":"https:\/\/www.nexoinformativo.mx\/index.php\/2025\/06\/04\/historico-para-queretaro-mauricio-kuri-lanza-proyecto-batan-que-asegura-agua-por-los-proximos-50-anos\/","og_locale":"es_MX","og_type":"article","og_title":"Hist\u00f3rico para Quer\u00e9taro Mauricio Kuri lanza Proyecto Bat\u00e1n que asegura agua por los pr\u00f3ximos 50 a\u00f1os | Nexo Informativo Santiago de Quer\u00e9taro","og_description":"Hist\u00f3rico para Quer\u00e9taro Mauricio Kuri lanza Proyecto Bat\u00e1n que asegura agua por los pr\u00f3ximos 50 a\u00f1os","og_url":"https:\/\/www.nexoinformativo.mx\/index.php\/2025\/06\/04\/historico-para-queretaro-mauricio-kuri-lanza-proyecto-batan-que-asegura-agua-por-los-proximos-50-anos\/","og_site_name":"Nexo Informativo Santiago de Quer\u00e9taro","article_publisher":"https:\/\/www.facebook.com\/people\/Nexo-Informativo\/61564066885511\/","article_published_time":"2025-06-04T14:15:36+00:00","article_modified_time":"2025-06-04T14:55:54+00:00","og_image":[{"width":800,"height":450,"url":"https:\/\/www.nexoinformativo.mx\/wp-content\/uploads\/2025\/06\/PHOTO-2025-06-04-08-00-07-e1749048798752.jpg","type":"image\/jpeg"}],"author":"Nexo Informativo","twitter_card":"summary_large_image","twitter_misc":{"Escrito por":"Nexo Informativo","Tiempo de lectura":"2 minutos"},"schema":{"@context":"https:\/\/schema.org","@graph":[{"@type":"Article","@id":"https:\/\/www.nexoinformativo.mx\/index.php\/2025\/06\/04\/historico-para-queretaro-mauricio-kuri-lanza-proyecto-batan-que-asegura-agua-por-los-proximos-50-anos\/#article","isPartOf":{"@id":"https:\/\/www.nexoinformativo.mx\/index.php\/2025\/06\/04\/historico-para-queretaro-mauricio-kuri-lanza-proyecto-batan-que-asegura-agua-por-los-proximos-50-anos\/"},"author":{"name":"Nexo Informativo","@id":"https:\/\/www.nexoinformativo.mx\/#\/schema\/person\/7749d380ba08c8ca00d7bc76fd907b7d"},"headline":"Hist\u00f3rico para Quer\u00e9taro Mauricio Kuri lanza Proyecto Bat\u00e1n que asegura agua por los pr\u00f3ximos 50 a\u00f1os","datePublished":"2025-06-04T14:15:36+00:00","dateModified":"2025-06-04T14:55:54+00:00","mainEntityOfPage":{"@id":"https:\/\/www.nexoinformativo.mx\/index.php\/2025\/06\/04\/historico-para-queretaro-mauricio-kuri-lanza-proyecto-batan-que-asegura-agua-por-los-proximos-50-anos\/"},"wordCount":378,"commentCount":0,"publisher":{"@id":"https:\/\/www.nexoinformativo.mx\/#organization"},"image":{"@id":"https:\/\/www.nexoinformativo.mx\/index.php\/2025\/06\/04\/historico-para-queretaro-mauricio-kuri-lanza-proyecto-batan-que-asegura-agua-por-los-proximos-50-anos\/#primaryimage"},"thumbnailUrl":"https:\/\/www.nexoinformativo.mx\/wp-content\/uploads\/2025\/06\/PHOTO-2025-06-04-08-00-07-e1749048798752.jpg","keywords":["AguaParaTodos","FuturoH\u00eddrico","Quer\u00e9taroSustentable","SistemaBat\u00e1n"],"articleSection":["Estado","\u00daltima Hora"],"inLanguage":"es","potentialAction":[{"@type":"CommentAction","name":"Comment","target":["https:\/\/www.nexoinformativo.mx\/index.php\/2025\/06\/04\/historico-para-queretaro-mauricio-kuri-lanza-proyecto-batan-que-asegura-agua-por-los-proximos-50-anos\/#respond"]}]},{"@type":"WebPage","@id":"https:\/\/www.nexoinformativo.mx\/index.php\/2025\/06\/04\/historico-para-queretaro-mauricio-kuri-lanza-proyecto-batan-que-asegura-agua-por-los-proximos-50-anos\/","url":"https:\/\/www.nexoinformativo.mx\/index.php\/2025\/06\/04\/historico-para-queretaro-mauricio-kuri-lanza-proyecto-batan-que-asegura-agua-por-los-proximos-50-anos\/","name":"Hist\u00f3rico para Quer\u00e9taro Mauricio Kuri lanza Proyecto Bat\u00e1n que asegura agua por los pr\u00f3ximos 50 a\u00f1os | Nexo Informativo Santiago de Quer\u00e9taro","isPartOf":{"@id":"https:\/\/www.nexoinformativo.mx\/#website"},"primaryImageOfPage":{"@id":"https:\/\/www.nexoinformativo.mx\/index.php\/2025\/06\/04\/historico-para-queretaro-mauricio-kuri-lanza-proyecto-batan-que-asegura-agua-por-los-proximos-50-anos\/#primaryimage"},"image":{"@id":"https:\/\/www.nexoinformativo.mx\/index.php\/2025\/06\/04\/historico-para-queretaro-mauricio-kuri-lanza-proyecto-batan-que-asegura-agua-por-los-proximos-50-anos\/#primaryimage"},"thumbnailUrl":"https:\/\/www.nexoinformativo.mx\/wp-content\/uploads\/2025\/06\/PHOTO-2025-06-04-08-00-07-e1749048798752.jpg","datePublished":"2025-06-04T14:15:36+00:00","dateModified":"2025-06-04T14:55:54+00:00","description":"Hist\u00f3rico para Quer\u00e9taro Mauricio Kuri lanza Proyecto Bat\u00e1n que asegura agua por los pr\u00f3ximos 50 a\u00f1os","breadcrumb":{"@id":"https:\/\/www.nexoinformativo.mx\/index.php\/2025\/06\/04\/historico-para-queretaro-mauricio-kuri-lanza-proyecto-batan-que-asegura-agua-por-los-proximos-50-anos\/#breadcrumb"},"inLanguage":"es","potentialAction":[{"@type":"ReadAction","target":["https:\/\/www.nexoinformativo.mx\/index.php\/2025\/06\/04\/historico-para-queretaro-mauricio-kuri-lanza-proyecto-batan-que-asegura-agua-por-los-proximos-50-anos\/"]}]},{"@type":"ImageObject","inLanguage":"es","@id":"https:\/\/www.nexoinformativo.mx\/index.php\/2025\/06\/04\/historico-para-queretaro-mauricio-kuri-lanza-proyecto-batan-que-asegura-agua-por-los-proximos-50-anos\/#primaryimage","url":"https:\/\/www.nexoinformativo.mx\/wp-content\/uploads\/2025\/06\/PHOTO-2025-06-04-08-00-07-e1749048798752.jpg","contentUrl":"https:\/\/www.nexoinformativo.mx\/wp-content\/uploads\/2025\/06\/PHOTO-2025-06-04-08-00-07-e1749048798752.jpg","width":800,"height":450},{"@type":"BreadcrumbList","@id":"https:\/\/www.nexoinformativo.mx\/index.php\/2025\/06\/04\/historico-para-queretaro-mauricio-kuri-lanza-proyecto-batan-que-asegura-agua-por-los-proximos-50-anos\/#breadcrumb","itemListElement":[{"@type":"ListItem","position":1,"name":"Inicio","item":"https:\/\/www.nexoinformativo.mx\/"},{"@type":"ListItem","position":2,"name":"Hist\u00f3rico para Quer\u00e9taro Mauricio Kuri lanza Proyecto Bat\u00e1n que asegura agua por los pr\u00f3ximos 50 a\u00f1os"}]},{"@type":"WebSite","@id":"https:\/\/www.nexoinformativo.mx\/#website","url":"https:\/\/www.nexoinformativo.mx\/","name":"Nexo Informativo Santiago de Quer\u00e9taro","description":"Explora NexoInformativo y convi\u00e9rtete en parte de una comunidad que valora el conocimiento y la verdad. Tu nexoinformativo es tu puente hacia una comprensi\u00f3n m\u00e1s profunda del mundo que te rodea.","publisher":{"@id":"https:\/\/www.nexoinformativo.mx\/#organization"},"potentialAction":[{"@type":"SearchAction","target":{"@type":"EntryPoint","urlTemplate":"https:\/\/www.nexoinformativo.mx\/?s={search_term_string}"},"query-input":{"@type":"PropertyValueSpecification","valueRequired":true,"valueName":"search_term_string"}}],"inLanguage":"es"},{"@type":"Organization","@id":"https:\/\/www.nexoinformativo.mx\/#organization","name":"Nexo Informativo Santiago de Quer\u00e9taro","url":"https:\/\/www.nexoinformativo.mx\/","logo":{"@type":"ImageObject","inLanguage":"es","@id":"https:\/\/www.nexoinformativo.mx\/#\/schema\/logo\/image\/","url":"https:\/\/www.nexoinformativo.mx\/wp-content\/uploads\/2024\/07\/nexoi-trasparente-2.png","contentUrl":"https:\/\/www.nexoinformativo.mx\/wp-content\/uploads\/2024\/07\/nexoi-trasparente-2.png","width":816,"height":339,"caption":"Nexo Informativo Santiago de Quer\u00e9taro"},"image":{"@id":"https:\/\/www.nexoinformativo.mx\/#\/schema\/logo\/image\/"},"sameAs":["https:\/\/www.facebook.com\/people\/Nexo-Informativo\/61564066885511\/"]},{"@type":"Person","@id":"https:\/\/www.nexoinformativo.mx\/#\/schema\/person\/7749d380ba08c8ca00d7bc76fd907b7d","name":"Nexo Informativo","image":{"@type":"ImageObject","inLanguage":"es","@id":"https:\/\/www.nexoinformativo.mx\/#\/schema\/person\/image\/","url":"https:\/\/secure.gravatar.com\/avatar\/dde2928154642a13d95f87ddf1ea9718fe2b46760a005c53e41ff5ad610704e6?s=96&d=mm&r=g","contentUrl":"https:\/\/secure.gravatar.com\/avatar\/dde2928154642a13d95f87ddf1ea9718fe2b46760a005c53e41ff5ad610704e6?s=96&d=mm&r=g","caption":"Nexo Informativo"},"url":"https:\/\/www.nexoinformativo.mx\/index.php\/author\/edicion\/"}]}},"_links":{"self":[{"href":"https:\/\/www.nexoinformativo.mx\/index.php\/wp-json\/wp\/v2\/posts\/15628","targetHints":{"allow":["GET"]}}],"collection":[{"href":"https:\/\/www.nexoinformativo.mx\/index.php\/wp-json\/wp\/v2\/posts"}],"about":[{"href":"https:\/\/www.nexoinformativo.mx\/index.php\/wp-json\/wp\/v2\/types\/post"}],"author":[{"embeddable":true,"href":"https:\/\/www.nexoinformativo.mx\/index.php\/wp-json\/wp\/v2\/users\/3"}],"replies":[{"embeddable":true,"href":"https:\/\/www.nexoinformativo.mx\/index.php\/wp-json\/wp\/v2\/comments?post=15628"}],"version-history":[{"count":3,"href":"https:\/\/www.nexoinformativo.mx\/index.php\/wp-json\/wp\/v2\/posts\/15628\/revisions"}],"predecessor-version":[{"id":15632,"href":"https:\/\/www.nexoinformativo.mx\/index.php\/wp-json\/wp\/v2\/posts\/15628\/revisions\/15632"}],"wp:featuredmedia":[{"embeddable":true,"href":"https:\/\/www.nexoinformativo.mx\/index.php\/wp-json\/wp\/v2\/media\/15629"}],"wp:attachment":[{"href":"https:\/\/www.nexoinformativo.mx\/index.php\/wp-json\/wp\/v2\/media?parent=15628"}],"wp:term":[{"taxonomy":"category","embeddable":true,"href":"https:\/\/www.nexoinformativo.mx\/index.php\/wp-json\/wp\/v2\/categories?post=15628"},{"taxonomy":"post_tag","embeddable":true,"href":"https:\/\/www.nexoinformativo.mx\/index.php\/wp-json\/wp\/v2\/tags?post=15628"}],"curies":[{"name":"wp","href":"https:\/\/api.w.org\/{rel}","templated":true}]}}