{"id":1563,"date":"2024-09-04T11:00:54","date_gmt":"2024-09-04T17:00:54","guid":{"rendered":"https:\/\/www.nexoinformativo.mx\/?p=1563"},"modified":"2024-09-04T17:11:53","modified_gmt":"2024-09-04T23:11:53","slug":"detectan-venta-de-utiles-escolares-gratuitos-del-gobierno-en-redes-sociales","status":"publish","type":"post","link":"https:\/\/www.nexoinformativo.mx\/index.php\/2024\/09\/04\/detectan-venta-de-utiles-escolares-gratuitos-del-gobierno-en-redes-sociales\/","title":{"rendered":"Detectan venta de \u00fatiles escolares gratuitos del Gobierno en redes sociales"},"content":{"rendered":"<p style=\"text-align: justify;\">En Quer\u00e9taro, la Secretar\u00eda de Educaci\u00f3n del Estado ha confirmado que algunos ciudadanos est\u00e1n comercializando en redes sociales los \u00fatiles escolares que el Gobierno del Estado entreg\u00f3 de manera gratuita para apoyar a las familias en el regreso a clases. Martha Elena Soto Obreg\u00f3n, titular de la Secretar\u00eda, hizo un llamado a la ciudadan\u00eda a no participar en estas pr\u00e1cticas, por que el objetivo del programa busca apoyar la econom\u00eda familiar y brindar igualdad de oportunidades para todos los estudiantes.<\/p>\n<p>&nbsp;<\/p>\n<p style=\"text-align: justify;\">Soto Obreg\u00f3n aclar\u00f3 que, aunque estas acciones no son sancionables legalmente, el llamado es a la conciencia social: &#8220;El esfuerzo del Gobierno del Estado es para que nadie est\u00e9 a la mitad de las oportunidades. Esa es una situaci\u00f3n que no podemos medir ni parar, pero s\u00ed podemos hacer un llamado a la ciudadan\u00eda&#8221;.<\/p>\n<p>&nbsp;<\/p>\n<p style=\"text-align: justify;\">La funcionaria tambi\u00e9n solicit\u00f3 a los ciudadanos reportar los casos de venta de \u00fatiles escolares para identificar d\u00f3nde y por qu\u00e9 se est\u00e1n presentando estos incidentes. <strong>&#8220;Ojal\u00e1 que los utilicen para lo que son, que es para los \u00fatiles escolares&#8221;<\/strong>, expres\u00f3.<\/p>\n<p>&nbsp;<\/p>\n<p style=\"text-align: justify;\">Los \u00fatiles escolares incluyen cuadernos, l\u00e1pices, colores, mochilas y otros materiales necesarios para el ciclo escolar, son distribuidos de forma gratuita por el Gobierno del Estado para asegurar que todos los estudiantes tengan acceso a los materiales b\u00e1sicos para su educaci\u00f3n.<\/p>\n<p>&nbsp;<\/p>\n<p style=\"text-align: justify;\">El programa ha sido bien recibido por la comunidad, aunque la venta de estos materiales en redes sociales ha levantado preocupaciones sobre su correcta utilizaci\u00f3n. La Secretar\u00eda de Educaci\u00f3n del Estado continuar\u00e1 monitoreando la situaci\u00f3n y el uso adecuado de los recursos entregados para el beneficio de los ni\u00f1os del estado.<\/p>\n","protected":false},"excerpt":{"rendered":"<p>En Quer\u00e9taro, la Secretar\u00eda de Educaci\u00f3n del Estado ha confirmado que algunos ciudadanos est\u00e1n comercializando en redes sociales los \u00fatiles escolares que el Gobierno del Estado entreg\u00f3 de manera gratuita para apoyar a las familias en el regreso a clases. Martha Elena Soto Obreg\u00f3n, titular de la Secretar\u00eda, hizo un llamado a la ciudadan\u00eda a no participar en estas pr\u00e1cticas, por que el objetivo del programa busca apoyar la econom\u00eda familiar y brindar igualdad de oportunidades para todos los estudiantes.<\/p>\n","protected":false},"author":3,"featured_media":1564,"comment_status":"open","ping_status":"open","sticky":false,"template":"","format":"standard","meta":{"footnotes":""},"categories":[42,58],"tags":[496,495,498,497,494],"class_list":["post-1563","post","type-post","status-publish","format-standard","has-post-thumbnail","hentry","category-estado","category-ultima-hora","tag-apoyofamiliar","tag-educacionqueretaro","tag-gualdadeducativa","tag-noalaventa","tag-utilesescolares"],"yoast_head":"<!-- This site is optimized with the Yoast SEO plugin v25.0 - https:\/\/yoast.com\/wordpress\/plugins\/seo\/ -->\n<title>Detectan venta de \u00fatiles escolares gratuitos del Gobierno en redes sociales | Nexo Informativo Santiago de Quer\u00e9taro<\/title>\n<meta name=\"description\" content=\"Detectan venta de \u00fatiles escolares gratuitos del Gobierno en redes sociales\" \/>\n<meta name=\"robots\" content=\"index, follow, max-snippet:-1, max-image-preview:large, max-video-preview:-1\" \/>\n<link rel=\"canonical\" href=\"https:\/\/www.nexoinformativo.mx\/index.php\/2024\/09\/04\/detectan-venta-de-utiles-escolares-gratuitos-del-gobierno-en-redes-sociales\/\" \/>\n<meta property=\"og:locale\" content=\"es_MX\" \/>\n<meta property=\"og:type\" content=\"article\" \/>\n<meta property=\"og:title\" content=\"Detectan venta de \u00fatiles escolares gratuitos del Gobierno en redes sociales | Nexo Informativo Santiago de Quer\u00e9taro\" \/>\n<meta property=\"og:description\" content=\"Detectan venta de \u00fatiles escolares gratuitos del Gobierno en redes sociales\" \/>\n<meta property=\"og:url\" content=\"https:\/\/www.nexoinformativo.mx\/index.php\/2024\/09\/04\/detectan-venta-de-utiles-escolares-gratuitos-del-gobierno-en-redes-sociales\/\" \/>\n<meta property=\"og:site_name\" content=\"Nexo Informativo Santiago de Quer\u00e9taro\" \/>\n<meta property=\"article:publisher\" content=\"https:\/\/www.facebook.com\/people\/Nexo-Informativo\/61564066885511\/\" \/>\n<meta property=\"article:published_time\" content=\"2024-09-04T17:00:54+00:00\" \/>\n<meta property=\"article:modified_time\" content=\"2024-09-04T23:11:53+00:00\" \/>\n<meta property=\"og:image\" content=\"https:\/\/www.nexoinformativo.mx\/wp-content\/uploads\/2024\/09\/PHOTO-2024-09-04-16-51-15.jpg\" \/>\n\t<meta property=\"og:image:width\" content=\"630\" \/>\n\t<meta property=\"og:image:height\" content=\"363\" \/>\n\t<meta property=\"og:image:type\" content=\"image\/jpeg\" \/>\n<meta name=\"author\" content=\"Nexo Informativo\" \/>\n<meta name=\"twitter:card\" content=\"summary_large_image\" \/>\n<meta name=\"twitter:label1\" content=\"Escrito por\" \/>\n\t<meta name=\"twitter:data1\" content=\"Nexo Informativo\" \/>\n\t<meta name=\"twitter:label2\" content=\"Tiempo de lectura\" \/>\n\t<meta name=\"twitter:data2\" content=\"2 minutos\" \/>\n<script type=\"application\/ld+json\" class=\"yoast-schema-graph\">{\"@context\":\"https:\/\/schema.org\",\"@graph\":[{\"@type\":\"Article\",\"@id\":\"https:\/\/www.nexoinformativo.mx\/index.php\/2024\/09\/04\/detectan-venta-de-utiles-escolares-gratuitos-del-gobierno-en-redes-sociales\/#article\",\"isPartOf\":{\"@id\":\"https:\/\/www.nexoinformativo.mx\/index.php\/2024\/09\/04\/detectan-venta-de-utiles-escolares-gratuitos-del-gobierno-en-redes-sociales\/\"},\"author\":{\"name\":\"Nexo Informativo\",\"@id\":\"https:\/\/www.nexoinformativo.mx\/#\/schema\/person\/7749d380ba08c8ca00d7bc76fd907b7d\"},\"headline\":\"Detectan venta de \u00fatiles escolares gratuitos del Gobierno en redes sociales\",\"datePublished\":\"2024-09-04T17:00:54+00:00\",\"dateModified\":\"2024-09-04T23:11:53+00:00\",\"mainEntityOfPage\":{\"@id\":\"https:\/\/www.nexoinformativo.mx\/index.php\/2024\/09\/04\/detectan-venta-de-utiles-escolares-gratuitos-del-gobierno-en-redes-sociales\/\"},\"wordCount\":305,\"commentCount\":0,\"publisher\":{\"@id\":\"https:\/\/www.nexoinformativo.mx\/#organization\"},\"image\":{\"@id\":\"https:\/\/www.nexoinformativo.mx\/index.php\/2024\/09\/04\/detectan-venta-de-utiles-escolares-gratuitos-del-gobierno-en-redes-sociales\/#primaryimage\"},\"thumbnailUrl\":\"https:\/\/www.nexoinformativo.mx\/wp-content\/uploads\/2024\/09\/PHOTO-2024-09-04-16-51-15.jpg\",\"keywords\":[\"ApoyoFamiliar\",\"Educaci\u00f3nQuer\u00e9taro\",\"gualdadEducativa\",\"NoALaVenta\",\"\u00datilesEscolares\"],\"articleSection\":[\"Estado\",\"\u00daltima Hora\"],\"inLanguage\":\"es\",\"potentialAction\":[{\"@type\":\"CommentAction\",\"name\":\"Comment\",\"target\":[\"https:\/\/www.nexoinformativo.mx\/index.php\/2024\/09\/04\/detectan-venta-de-utiles-escolares-gratuitos-del-gobierno-en-redes-sociales\/#respond\"]}]},{\"@type\":\"WebPage\",\"@id\":\"https:\/\/www.nexoinformativo.mx\/index.php\/2024\/09\/04\/detectan-venta-de-utiles-escolares-gratuitos-del-gobierno-en-redes-sociales\/\",\"url\":\"https:\/\/www.nexoinformativo.mx\/index.php\/2024\/09\/04\/detectan-venta-de-utiles-escolares-gratuitos-del-gobierno-en-redes-sociales\/\",\"name\":\"Detectan venta de \u00fatiles escolares gratuitos del Gobierno en redes sociales | Nexo Informativo Santiago de Quer\u00e9taro\",\"isPartOf\":{\"@id\":\"https:\/\/www.nexoinformativo.mx\/#website\"},\"primaryImageOfPage\":{\"@id\":\"https:\/\/www.nexoinformativo.mx\/index.php\/2024\/09\/04\/detectan-venta-de-utiles-escolares-gratuitos-del-gobierno-en-redes-sociales\/#primaryimage\"},\"image\":{\"@id\":\"https:\/\/www.nexoinformativo.mx\/index.php\/2024\/09\/04\/detectan-venta-de-utiles-escolares-gratuitos-del-gobierno-en-redes-sociales\/#primaryimage\"},\"thumbnailUrl\":\"https:\/\/www.nexoinformativo.mx\/wp-content\/uploads\/2024\/09\/PHOTO-2024-09-04-16-51-15.jpg\",\"datePublished\":\"2024-09-04T17:00:54+00:00\",\"dateModified\":\"2024-09-04T23:11:53+00:00\",\"description\":\"Detectan venta de \u00fatiles escolares gratuitos del Gobierno en redes sociales\",\"breadcrumb\":{\"@id\":\"https:\/\/www.nexoinformativo.mx\/index.php\/2024\/09\/04\/detectan-venta-de-utiles-escolares-gratuitos-del-gobierno-en-redes-sociales\/#breadcrumb\"},\"inLanguage\":\"es\",\"potentialAction\":[{\"@type\":\"ReadAction\",\"target\":[\"https:\/\/www.nexoinformativo.mx\/index.php\/2024\/09\/04\/detectan-venta-de-utiles-escolares-gratuitos-del-gobierno-en-redes-sociales\/\"]}]},{\"@type\":\"ImageObject\",\"inLanguage\":\"es\",\"@id\":\"https:\/\/www.nexoinformativo.mx\/index.php\/2024\/09\/04\/detectan-venta-de-utiles-escolares-gratuitos-del-gobierno-en-redes-sociales\/#primaryimage\",\"url\":\"https:\/\/www.nexoinformativo.mx\/wp-content\/uploads\/2024\/09\/PHOTO-2024-09-04-16-51-15.jpg\",\"contentUrl\":\"https:\/\/www.nexoinformativo.mx\/wp-content\/uploads\/2024\/09\/PHOTO-2024-09-04-16-51-15.jpg\",\"width\":630,\"height\":363},{\"@type\":\"BreadcrumbList\",\"@id\":\"https:\/\/www.nexoinformativo.mx\/index.php\/2024\/09\/04\/detectan-venta-de-utiles-escolares-gratuitos-del-gobierno-en-redes-sociales\/#breadcrumb\",\"itemListElement\":[{\"@type\":\"ListItem\",\"position\":1,\"name\":\"Inicio\",\"item\":\"https:\/\/www.nexoinformativo.mx\/\"},{\"@type\":\"ListItem\",\"position\":2,\"name\":\"Detectan venta de \u00fatiles escolares gratuitos del Gobierno en redes sociales\"}]},{\"@type\":\"WebSite\",\"@id\":\"https:\/\/www.nexoinformativo.mx\/#website\",\"url\":\"https:\/\/www.nexoinformativo.mx\/\",\"name\":\"Nexo Informativo Santiago de Quer\u00e9taro\",\"description\":\"Explora NexoInformativo y convi\u00e9rtete en parte de una comunidad que valora el conocimiento y la verdad. Tu nexoinformativo es tu puente hacia una comprensi\u00f3n m\u00e1s profunda del mundo que te rodea.\",\"publisher\":{\"@id\":\"https:\/\/www.nexoinformativo.mx\/#organization\"},\"potentialAction\":[{\"@type\":\"SearchAction\",\"target\":{\"@type\":\"EntryPoint\",\"urlTemplate\":\"https:\/\/www.nexoinformativo.mx\/?s={search_term_string}\"},\"query-input\":{\"@type\":\"PropertyValueSpecification\",\"valueRequired\":true,\"valueName\":\"search_term_string\"}}],\"inLanguage\":\"es\"},{\"@type\":\"Organization\",\"@id\":\"https:\/\/www.nexoinformativo.mx\/#organization\",\"name\":\"Nexo Informativo Santiago de Quer\u00e9taro\",\"url\":\"https:\/\/www.nexoinformativo.mx\/\",\"logo\":{\"@type\":\"ImageObject\",\"inLanguage\":\"es\",\"@id\":\"https:\/\/www.nexoinformativo.mx\/#\/schema\/logo\/image\/\",\"url\":\"https:\/\/www.nexoinformativo.mx\/wp-content\/uploads\/2024\/07\/nexoi-trasparente-2.png\",\"contentUrl\":\"https:\/\/www.nexoinformativo.mx\/wp-content\/uploads\/2024\/07\/nexoi-trasparente-2.png\",\"width\":816,\"height\":339,\"caption\":\"Nexo Informativo Santiago de Quer\u00e9taro\"},\"image\":{\"@id\":\"https:\/\/www.nexoinformativo.mx\/#\/schema\/logo\/image\/\"},\"sameAs\":[\"https:\/\/www.facebook.com\/people\/Nexo-Informativo\/61564066885511\/\"]},{\"@type\":\"Person\",\"@id\":\"https:\/\/www.nexoinformativo.mx\/#\/schema\/person\/7749d380ba08c8ca00d7bc76fd907b7d\",\"name\":\"Nexo Informativo\",\"image\":{\"@type\":\"ImageObject\",\"inLanguage\":\"es\",\"@id\":\"https:\/\/www.nexoinformativo.mx\/#\/schema\/person\/image\/\",\"url\":\"https:\/\/secure.gravatar.com\/avatar\/dde2928154642a13d95f87ddf1ea9718fe2b46760a005c53e41ff5ad610704e6?s=96&d=mm&r=g\",\"contentUrl\":\"https:\/\/secure.gravatar.com\/avatar\/dde2928154642a13d95f87ddf1ea9718fe2b46760a005c53e41ff5ad610704e6?s=96&d=mm&r=g\",\"caption\":\"Nexo Informativo\"},\"url\":\"https:\/\/www.nexoinformativo.mx\/index.php\/author\/edicion\/\"}]}<\/script>\n<!-- \/ Yoast SEO plugin. -->","yoast_head_json":{"title":"Detectan venta de \u00fatiles escolares gratuitos del Gobierno en redes sociales | Nexo Informativo Santiago de Quer\u00e9taro","description":"Detectan venta de \u00fatiles escolares gratuitos del Gobierno en redes sociales","robots":{"index":"index","follow":"follow","max-snippet":"max-snippet:-1","max-image-preview":"max-image-preview:large","max-video-preview":"max-video-preview:-1"},"canonical":"https:\/\/www.nexoinformativo.mx\/index.php\/2024\/09\/04\/detectan-venta-de-utiles-escolares-gratuitos-del-gobierno-en-redes-sociales\/","og_locale":"es_MX","og_type":"article","og_title":"Detectan venta de \u00fatiles escolares gratuitos del Gobierno en redes sociales | Nexo Informativo Santiago de Quer\u00e9taro","og_description":"Detectan venta de \u00fatiles escolares gratuitos del Gobierno en redes sociales","og_url":"https:\/\/www.nexoinformativo.mx\/index.php\/2024\/09\/04\/detectan-venta-de-utiles-escolares-gratuitos-del-gobierno-en-redes-sociales\/","og_site_name":"Nexo Informativo Santiago de Quer\u00e9taro","article_publisher":"https:\/\/www.facebook.com\/people\/Nexo-Informativo\/61564066885511\/","article_published_time":"2024-09-04T17:00:54+00:00","article_modified_time":"2024-09-04T23:11:53+00:00","og_image":[{"width":630,"height":363,"url":"https:\/\/www.nexoinformativo.mx\/wp-content\/uploads\/2024\/09\/PHOTO-2024-09-04-16-51-15.jpg","type":"image\/jpeg"}],"author":"Nexo Informativo","twitter_card":"summary_large_image","twitter_misc":{"Escrito por":"Nexo Informativo","Tiempo de lectura":"2 minutos"},"schema":{"@context":"https:\/\/schema.org","@graph":[{"@type":"Article","@id":"https:\/\/www.nexoinformativo.mx\/index.php\/2024\/09\/04\/detectan-venta-de-utiles-escolares-gratuitos-del-gobierno-en-redes-sociales\/#article","isPartOf":{"@id":"https:\/\/www.nexoinformativo.mx\/index.php\/2024\/09\/04\/detectan-venta-de-utiles-escolares-gratuitos-del-gobierno-en-redes-sociales\/"},"author":{"name":"Nexo Informativo","@id":"https:\/\/www.nexoinformativo.mx\/#\/schema\/person\/7749d380ba08c8ca00d7bc76fd907b7d"},"headline":"Detectan venta de \u00fatiles escolares gratuitos del Gobierno en redes sociales","datePublished":"2024-09-04T17:00:54+00:00","dateModified":"2024-09-04T23:11:53+00:00","mainEntityOfPage":{"@id":"https:\/\/www.nexoinformativo.mx\/index.php\/2024\/09\/04\/detectan-venta-de-utiles-escolares-gratuitos-del-gobierno-en-redes-sociales\/"},"wordCount":305,"commentCount":0,"publisher":{"@id":"https:\/\/www.nexoinformativo.mx\/#organization"},"image":{"@id":"https:\/\/www.nexoinformativo.mx\/index.php\/2024\/09\/04\/detectan-venta-de-utiles-escolares-gratuitos-del-gobierno-en-redes-sociales\/#primaryimage"},"thumbnailUrl":"https:\/\/www.nexoinformativo.mx\/wp-content\/uploads\/2024\/09\/PHOTO-2024-09-04-16-51-15.jpg","keywords":["ApoyoFamiliar","Educaci\u00f3nQuer\u00e9taro","gualdadEducativa","NoALaVenta","\u00datilesEscolares"],"articleSection":["Estado","\u00daltima Hora"],"inLanguage":"es","potentialAction":[{"@type":"CommentAction","name":"Comment","target":["https:\/\/www.nexoinformativo.mx\/index.php\/2024\/09\/04\/detectan-venta-de-utiles-escolares-gratuitos-del-gobierno-en-redes-sociales\/#respond"]}]},{"@type":"WebPage","@id":"https:\/\/www.nexoinformativo.mx\/index.php\/2024\/09\/04\/detectan-venta-de-utiles-escolares-gratuitos-del-gobierno-en-redes-sociales\/","url":"https:\/\/www.nexoinformativo.mx\/index.php\/2024\/09\/04\/detectan-venta-de-utiles-escolares-gratuitos-del-gobierno-en-redes-sociales\/","name":"Detectan venta de \u00fatiles escolares gratuitos del Gobierno en redes sociales | Nexo Informativo Santiago de Quer\u00e9taro","isPartOf":{"@id":"https:\/\/www.nexoinformativo.mx\/#website"},"primaryImageOfPage":{"@id":"https:\/\/www.nexoinformativo.mx\/index.php\/2024\/09\/04\/detectan-venta-de-utiles-escolares-gratuitos-del-gobierno-en-redes-sociales\/#primaryimage"},"image":{"@id":"https:\/\/www.nexoinformativo.mx\/index.php\/2024\/09\/04\/detectan-venta-de-utiles-escolares-gratuitos-del-gobierno-en-redes-sociales\/#primaryimage"},"thumbnailUrl":"https:\/\/www.nexoinformativo.mx\/wp-content\/uploads\/2024\/09\/PHOTO-2024-09-04-16-51-15.jpg","datePublished":"2024-09-04T17:00:54+00:00","dateModified":"2024-09-04T23:11:53+00:00","description":"Detectan venta de \u00fatiles escolares gratuitos del Gobierno en redes sociales","breadcrumb":{"@id":"https:\/\/www.nexoinformativo.mx\/index.php\/2024\/09\/04\/detectan-venta-de-utiles-escolares-gratuitos-del-gobierno-en-redes-sociales\/#breadcrumb"},"inLanguage":"es","potentialAction":[{"@type":"ReadAction","target":["https:\/\/www.nexoinformativo.mx\/index.php\/2024\/09\/04\/detectan-venta-de-utiles-escolares-gratuitos-del-gobierno-en-redes-sociales\/"]}]},{"@type":"ImageObject","inLanguage":"es","@id":"https:\/\/www.nexoinformativo.mx\/index.php\/2024\/09\/04\/detectan-venta-de-utiles-escolares-gratuitos-del-gobierno-en-redes-sociales\/#primaryimage","url":"https:\/\/www.nexoinformativo.mx\/wp-content\/uploads\/2024\/09\/PHOTO-2024-09-04-16-51-15.jpg","contentUrl":"https:\/\/www.nexoinformativo.mx\/wp-content\/uploads\/2024\/09\/PHOTO-2024-09-04-16-51-15.jpg","width":630,"height":363},{"@type":"BreadcrumbList","@id":"https:\/\/www.nexoinformativo.mx\/index.php\/2024\/09\/04\/detectan-venta-de-utiles-escolares-gratuitos-del-gobierno-en-redes-sociales\/#breadcrumb","itemListElement":[{"@type":"ListItem","position":1,"name":"Inicio","item":"https:\/\/www.nexoinformativo.mx\/"},{"@type":"ListItem","position":2,"name":"Detectan venta de \u00fatiles escolares gratuitos del Gobierno en redes sociales"}]},{"@type":"WebSite","@id":"https:\/\/www.nexoinformativo.mx\/#website","url":"https:\/\/www.nexoinformativo.mx\/","name":"Nexo Informativo Santiago de Quer\u00e9taro","description":"Explora NexoInformativo y convi\u00e9rtete en parte de una comunidad que valora el conocimiento y la verdad. Tu nexoinformativo es tu puente hacia una comprensi\u00f3n m\u00e1s profunda del mundo que te rodea.","publisher":{"@id":"https:\/\/www.nexoinformativo.mx\/#organization"},"potentialAction":[{"@type":"SearchAction","target":{"@type":"EntryPoint","urlTemplate":"https:\/\/www.nexoinformativo.mx\/?s={search_term_string}"},"query-input":{"@type":"PropertyValueSpecification","valueRequired":true,"valueName":"search_term_string"}}],"inLanguage":"es"},{"@type":"Organization","@id":"https:\/\/www.nexoinformativo.mx\/#organization","name":"Nexo Informativo Santiago de Quer\u00e9taro","url":"https:\/\/www.nexoinformativo.mx\/","logo":{"@type":"ImageObject","inLanguage":"es","@id":"https:\/\/www.nexoinformativo.mx\/#\/schema\/logo\/image\/","url":"https:\/\/www.nexoinformativo.mx\/wp-content\/uploads\/2024\/07\/nexoi-trasparente-2.png","contentUrl":"https:\/\/www.nexoinformativo.mx\/wp-content\/uploads\/2024\/07\/nexoi-trasparente-2.png","width":816,"height":339,"caption":"Nexo Informativo Santiago de Quer\u00e9taro"},"image":{"@id":"https:\/\/www.nexoinformativo.mx\/#\/schema\/logo\/image\/"},"sameAs":["https:\/\/www.facebook.com\/people\/Nexo-Informativo\/61564066885511\/"]},{"@type":"Person","@id":"https:\/\/www.nexoinformativo.mx\/#\/schema\/person\/7749d380ba08c8ca00d7bc76fd907b7d","name":"Nexo Informativo","image":{"@type":"ImageObject","inLanguage":"es","@id":"https:\/\/www.nexoinformativo.mx\/#\/schema\/person\/image\/","url":"https:\/\/secure.gravatar.com\/avatar\/dde2928154642a13d95f87ddf1ea9718fe2b46760a005c53e41ff5ad610704e6?s=96&d=mm&r=g","contentUrl":"https:\/\/secure.gravatar.com\/avatar\/dde2928154642a13d95f87ddf1ea9718fe2b46760a005c53e41ff5ad610704e6?s=96&d=mm&r=g","caption":"Nexo Informativo"},"url":"https:\/\/www.nexoinformativo.mx\/index.php\/author\/edicion\/"}]}},"_links":{"self":[{"href":"https:\/\/www.nexoinformativo.mx\/index.php\/wp-json\/wp\/v2\/posts\/1563","targetHints":{"allow":["GET"]}}],"collection":[{"href":"https:\/\/www.nexoinformativo.mx\/index.php\/wp-json\/wp\/v2\/posts"}],"about":[{"href":"https:\/\/www.nexoinformativo.mx\/index.php\/wp-json\/wp\/v2\/types\/post"}],"author":[{"embeddable":true,"href":"https:\/\/www.nexoinformativo.mx\/index.php\/wp-json\/wp\/v2\/users\/3"}],"replies":[{"embeddable":true,"href":"https:\/\/www.nexoinformativo.mx\/index.php\/wp-json\/wp\/v2\/comments?post=1563"}],"version-history":[{"count":4,"href":"https:\/\/www.nexoinformativo.mx\/index.php\/wp-json\/wp\/v2\/posts\/1563\/revisions"}],"predecessor-version":[{"id":1566,"href":"https:\/\/www.nexoinformativo.mx\/index.php\/wp-json\/wp\/v2\/posts\/1563\/revisions\/1566"}],"wp:featuredmedia":[{"embeddable":true,"href":"https:\/\/www.nexoinformativo.mx\/index.php\/wp-json\/wp\/v2\/media\/1564"}],"wp:attachment":[{"href":"https:\/\/www.nexoinformativo.mx\/index.php\/wp-json\/wp\/v2\/media?parent=1563"}],"wp:term":[{"taxonomy":"category","embeddable":true,"href":"https:\/\/www.nexoinformativo.mx\/index.php\/wp-json\/wp\/v2\/categories?post=1563"},{"taxonomy":"post_tag","embeddable":true,"href":"https:\/\/www.nexoinformativo.mx\/index.php\/wp-json\/wp\/v2\/tags?post=1563"}],"curies":[{"name":"wp","href":"https:\/\/api.w.org\/{rel}","templated":true}]}}