{"id":15633,"date":"2025-06-04T13:00:19","date_gmt":"2025-06-04T19:00:19","guid":{"rendered":"https:\/\/www.nexoinformativo.mx\/?p=15633"},"modified":"2025-06-04T20:26:38","modified_gmt":"2025-06-05T02:26:38","slug":"tiempo-de-lluvias-proteccion-civil-de-queretaro-preve-precipitaciones-dispersas-en-la-capital-y-fuertes-en-la-sierra","status":"publish","type":"post","link":"https:\/\/www.nexoinformativo.mx\/index.php\/2025\/06\/04\/tiempo-de-lluvias-proteccion-civil-de-queretaro-preve-precipitaciones-dispersas-en-la-capital-y-fuertes-en-la-sierra\/","title":{"rendered":"Tiempo de lluvias Protecci\u00f3n Civil de Quer\u00e9taro prev\u00e9 precipitaciones dispersas en la capital y fuertes en la Sierra"},"content":{"rendered":"<p style=\"text-align: justify;\" data-sourcepos=\"5:1-5:361\">El coordinador estatal de Protecci\u00f3n Civil, Javier Amaya, inform\u00f3 que para el resto de la semana se pronostican lluvias dispersas en la zona metropolitana de Quer\u00e9taro. En contraste, la zona de la sierra\u00a0del estado deber\u00e1 prepararse para precipitaciones de mayor intensidad.<\/p>\n<p>&nbsp;<\/p>\n<p style=\"text-align: justify;\" data-sourcepos=\"7:1-7:281\">Amaya explic\u00f3 que las lluvias esperadas en la capital y sus alrededores ser\u00e1n de baja intensidad y, por ahora, no representan un riesgo considerable. Sin embargo, enfatiz\u00f3 que los cuerpos de emergencia se mantienen en alerta ante cualquier eventualidad que pudiera presentarse.<\/p>\n<p>&nbsp;<\/p>\n<p style=\"text-align: justify;\" data-sourcepos=\"9:1-9:211\">&#8220;Son lluvias dispersas, de baja intensidad. No estamos previendo que caiga mucha agua en el estado durante estos d\u00edas, aunque las corporaciones de seguridad est\u00e1n permanentemente atentas\u201d, se\u00f1al\u00f3 el coordinador.<\/p>\n<p>&nbsp;<\/p>\n<p style=\"text-align: justify;\" data-sourcepos=\"11:1-11:133\">Se hace un llamado a la poblaci\u00f3n para que se mantenga informada a trav\u00e9s de los comunicados oficiales emitidos por Protecci\u00f3n Civil.<\/p>\n<p>&nbsp;<\/p>\n<p style=\"text-align: center;\" data-sourcepos=\"11:1-11:133\"><em><strong>\u00a1Informaci\u00f3n que transforma!<\/strong><\/em><\/p>\n","protected":false},"excerpt":{"rendered":"<p>El coordinador estatal de Protecci\u00f3n Civil, Javier Amaya, inform\u00f3 que para el resto de la semana se pronostican lluvias dispersas en la zona metropolitana de Quer\u00e9taro. En contraste, la zona de la sierra\u00a0del estado deber\u00e1 prepararse para precipitaciones de mayor intensidad.<\/p>\n","protected":false},"author":3,"featured_media":15634,"comment_status":"open","ping_status":"open","sticky":false,"template":"","format":"standard","meta":{"footnotes":""},"categories":[42,58],"tags":[4697,4563,154,133],"class_list":["post-15633","post","type-post","status-publish","format-standard","has-post-thumbnail","hentry","category-estado","category-ultima-hora","tag-alertalluvias","tag-lluviasqro","tag-proteccioncivil","tag-queretaro"],"yoast_head":"<!-- This site is optimized with the Yoast SEO plugin v25.0 - https:\/\/yoast.com\/wordpress\/plugins\/seo\/ -->\n<title>Tiempo de lluvias Protecci\u00f3n Civil de Quer\u00e9taro prev\u00e9 precipitaciones dispersas en la capital y fuertes en la Sierra | Nexo Informativo Santiago de Quer\u00e9taro<\/title>\n<meta name=\"description\" content=\"Tiempo de lluvias Protecci\u00f3n Civil de Quer\u00e9taro prev\u00e9 precipitaciones dispersas en la capital y fuertes en la Sierra\" \/>\n<meta name=\"robots\" content=\"index, follow, max-snippet:-1, max-image-preview:large, max-video-preview:-1\" \/>\n<link rel=\"canonical\" href=\"https:\/\/www.nexoinformativo.mx\/index.php\/2025\/06\/04\/tiempo-de-lluvias-proteccion-civil-de-queretaro-preve-precipitaciones-dispersas-en-la-capital-y-fuertes-en-la-sierra\/\" \/>\n<meta property=\"og:locale\" content=\"es_MX\" \/>\n<meta property=\"og:type\" content=\"article\" \/>\n<meta property=\"og:title\" content=\"Tiempo de lluvias Protecci\u00f3n Civil de Quer\u00e9taro prev\u00e9 precipitaciones dispersas en la capital y fuertes en la Sierra | Nexo Informativo Santiago de Quer\u00e9taro\" \/>\n<meta property=\"og:description\" content=\"Tiempo de lluvias Protecci\u00f3n Civil de Quer\u00e9taro prev\u00e9 precipitaciones dispersas en la capital y fuertes en la Sierra\" \/>\n<meta property=\"og:url\" content=\"https:\/\/www.nexoinformativo.mx\/index.php\/2025\/06\/04\/tiempo-de-lluvias-proteccion-civil-de-queretaro-preve-precipitaciones-dispersas-en-la-capital-y-fuertes-en-la-sierra\/\" \/>\n<meta property=\"og:site_name\" content=\"Nexo Informativo Santiago de Quer\u00e9taro\" \/>\n<meta property=\"article:publisher\" content=\"https:\/\/www.facebook.com\/people\/Nexo-Informativo\/61564066885511\/\" \/>\n<meta property=\"article:published_time\" content=\"2025-06-04T19:00:19+00:00\" \/>\n<meta property=\"article:modified_time\" content=\"2025-06-05T02:26:38+00:00\" \/>\n<meta property=\"og:image\" content=\"https:\/\/www.nexoinformativo.mx\/wp-content\/uploads\/2025\/06\/04f18583-dcd7-447f-be7a-74e7608160c9-e1749090338800.jpg\" \/>\n\t<meta property=\"og:image:width\" content=\"800\" \/>\n\t<meta property=\"og:image:height\" content=\"708\" \/>\n\t<meta property=\"og:image:type\" content=\"image\/jpeg\" \/>\n<meta name=\"author\" content=\"Nexo Informativo\" \/>\n<meta name=\"twitter:card\" content=\"summary_large_image\" \/>\n<meta name=\"twitter:label1\" content=\"Escrito por\" \/>\n\t<meta name=\"twitter:data1\" content=\"Nexo Informativo\" \/>\n\t<meta name=\"twitter:label2\" content=\"Tiempo de lectura\" \/>\n\t<meta name=\"twitter:data2\" content=\"1 minuto\" \/>\n<script type=\"application\/ld+json\" class=\"yoast-schema-graph\">{\"@context\":\"https:\/\/schema.org\",\"@graph\":[{\"@type\":\"Article\",\"@id\":\"https:\/\/www.nexoinformativo.mx\/index.php\/2025\/06\/04\/tiempo-de-lluvias-proteccion-civil-de-queretaro-preve-precipitaciones-dispersas-en-la-capital-y-fuertes-en-la-sierra\/#article\",\"isPartOf\":{\"@id\":\"https:\/\/www.nexoinformativo.mx\/index.php\/2025\/06\/04\/tiempo-de-lluvias-proteccion-civil-de-queretaro-preve-precipitaciones-dispersas-en-la-capital-y-fuertes-en-la-sierra\/\"},\"author\":{\"name\":\"Nexo Informativo\",\"@id\":\"https:\/\/www.nexoinformativo.mx\/#\/schema\/person\/7749d380ba08c8ca00d7bc76fd907b7d\"},\"headline\":\"Tiempo de lluvias Protecci\u00f3n Civil de Quer\u00e9taro prev\u00e9 precipitaciones dispersas en la capital y fuertes en la Sierra\",\"datePublished\":\"2025-06-04T19:00:19+00:00\",\"dateModified\":\"2025-06-05T02:26:38+00:00\",\"mainEntityOfPage\":{\"@id\":\"https:\/\/www.nexoinformativo.mx\/index.php\/2025\/06\/04\/tiempo-de-lluvias-proteccion-civil-de-queretaro-preve-precipitaciones-dispersas-en-la-capital-y-fuertes-en-la-sierra\/\"},\"wordCount\":173,\"commentCount\":0,\"publisher\":{\"@id\":\"https:\/\/www.nexoinformativo.mx\/#organization\"},\"image\":{\"@id\":\"https:\/\/www.nexoinformativo.mx\/index.php\/2025\/06\/04\/tiempo-de-lluvias-proteccion-civil-de-queretaro-preve-precipitaciones-dispersas-en-la-capital-y-fuertes-en-la-sierra\/#primaryimage\"},\"thumbnailUrl\":\"https:\/\/www.nexoinformativo.mx\/wp-content\/uploads\/2025\/06\/04f18583-dcd7-447f-be7a-74e7608160c9-e1749090338800.jpg\",\"keywords\":[\"AlertaLluvias\",\"LluviasQro\",\"proteccioncivil\",\"Quer\u00e9taro\"],\"articleSection\":[\"Estado\",\"\u00daltima Hora\"],\"inLanguage\":\"es\",\"potentialAction\":[{\"@type\":\"CommentAction\",\"name\":\"Comment\",\"target\":[\"https:\/\/www.nexoinformativo.mx\/index.php\/2025\/06\/04\/tiempo-de-lluvias-proteccion-civil-de-queretaro-preve-precipitaciones-dispersas-en-la-capital-y-fuertes-en-la-sierra\/#respond\"]}]},{\"@type\":\"WebPage\",\"@id\":\"https:\/\/www.nexoinformativo.mx\/index.php\/2025\/06\/04\/tiempo-de-lluvias-proteccion-civil-de-queretaro-preve-precipitaciones-dispersas-en-la-capital-y-fuertes-en-la-sierra\/\",\"url\":\"https:\/\/www.nexoinformativo.mx\/index.php\/2025\/06\/04\/tiempo-de-lluvias-proteccion-civil-de-queretaro-preve-precipitaciones-dispersas-en-la-capital-y-fuertes-en-la-sierra\/\",\"name\":\"Tiempo de lluvias Protecci\u00f3n Civil de Quer\u00e9taro prev\u00e9 precipitaciones dispersas en la capital y fuertes en la Sierra | Nexo Informativo Santiago de Quer\u00e9taro\",\"isPartOf\":{\"@id\":\"https:\/\/www.nexoinformativo.mx\/#website\"},\"primaryImageOfPage\":{\"@id\":\"https:\/\/www.nexoinformativo.mx\/index.php\/2025\/06\/04\/tiempo-de-lluvias-proteccion-civil-de-queretaro-preve-precipitaciones-dispersas-en-la-capital-y-fuertes-en-la-sierra\/#primaryimage\"},\"image\":{\"@id\":\"https:\/\/www.nexoinformativo.mx\/index.php\/2025\/06\/04\/tiempo-de-lluvias-proteccion-civil-de-queretaro-preve-precipitaciones-dispersas-en-la-capital-y-fuertes-en-la-sierra\/#primaryimage\"},\"thumbnailUrl\":\"https:\/\/www.nexoinformativo.mx\/wp-content\/uploads\/2025\/06\/04f18583-dcd7-447f-be7a-74e7608160c9-e1749090338800.jpg\",\"datePublished\":\"2025-06-04T19:00:19+00:00\",\"dateModified\":\"2025-06-05T02:26:38+00:00\",\"description\":\"Tiempo de lluvias Protecci\u00f3n Civil de Quer\u00e9taro prev\u00e9 precipitaciones dispersas en la capital y fuertes en la Sierra\",\"breadcrumb\":{\"@id\":\"https:\/\/www.nexoinformativo.mx\/index.php\/2025\/06\/04\/tiempo-de-lluvias-proteccion-civil-de-queretaro-preve-precipitaciones-dispersas-en-la-capital-y-fuertes-en-la-sierra\/#breadcrumb\"},\"inLanguage\":\"es\",\"potentialAction\":[{\"@type\":\"ReadAction\",\"target\":[\"https:\/\/www.nexoinformativo.mx\/index.php\/2025\/06\/04\/tiempo-de-lluvias-proteccion-civil-de-queretaro-preve-precipitaciones-dispersas-en-la-capital-y-fuertes-en-la-sierra\/\"]}]},{\"@type\":\"ImageObject\",\"inLanguage\":\"es\",\"@id\":\"https:\/\/www.nexoinformativo.mx\/index.php\/2025\/06\/04\/tiempo-de-lluvias-proteccion-civil-de-queretaro-preve-precipitaciones-dispersas-en-la-capital-y-fuertes-en-la-sierra\/#primaryimage\",\"url\":\"https:\/\/www.nexoinformativo.mx\/wp-content\/uploads\/2025\/06\/04f18583-dcd7-447f-be7a-74e7608160c9-e1749090338800.jpg\",\"contentUrl\":\"https:\/\/www.nexoinformativo.mx\/wp-content\/uploads\/2025\/06\/04f18583-dcd7-447f-be7a-74e7608160c9-e1749090338800.jpg\",\"width\":800,\"height\":708},{\"@type\":\"BreadcrumbList\",\"@id\":\"https:\/\/www.nexoinformativo.mx\/index.php\/2025\/06\/04\/tiempo-de-lluvias-proteccion-civil-de-queretaro-preve-precipitaciones-dispersas-en-la-capital-y-fuertes-en-la-sierra\/#breadcrumb\",\"itemListElement\":[{\"@type\":\"ListItem\",\"position\":1,\"name\":\"Inicio\",\"item\":\"https:\/\/www.nexoinformativo.mx\/\"},{\"@type\":\"ListItem\",\"position\":2,\"name\":\"Tiempo de lluvias Protecci\u00f3n Civil de Quer\u00e9taro prev\u00e9 precipitaciones dispersas en la capital y fuertes en la Sierra\"}]},{\"@type\":\"WebSite\",\"@id\":\"https:\/\/www.nexoinformativo.mx\/#website\",\"url\":\"https:\/\/www.nexoinformativo.mx\/\",\"name\":\"Nexo Informativo Santiago de Quer\u00e9taro\",\"description\":\"Explora NexoInformativo y convi\u00e9rtete en parte de una comunidad que valora el conocimiento y la verdad. Tu nexoinformativo es tu puente hacia una comprensi\u00f3n m\u00e1s profunda del mundo que te rodea.\",\"publisher\":{\"@id\":\"https:\/\/www.nexoinformativo.mx\/#organization\"},\"potentialAction\":[{\"@type\":\"SearchAction\",\"target\":{\"@type\":\"EntryPoint\",\"urlTemplate\":\"https:\/\/www.nexoinformativo.mx\/?s={search_term_string}\"},\"query-input\":{\"@type\":\"PropertyValueSpecification\",\"valueRequired\":true,\"valueName\":\"search_term_string\"}}],\"inLanguage\":\"es\"},{\"@type\":\"Organization\",\"@id\":\"https:\/\/www.nexoinformativo.mx\/#organization\",\"name\":\"Nexo Informativo Santiago de Quer\u00e9taro\",\"url\":\"https:\/\/www.nexoinformativo.mx\/\",\"logo\":{\"@type\":\"ImageObject\",\"inLanguage\":\"es\",\"@id\":\"https:\/\/www.nexoinformativo.mx\/#\/schema\/logo\/image\/\",\"url\":\"https:\/\/www.nexoinformativo.mx\/wp-content\/uploads\/2024\/07\/nexoi-trasparente-2.png\",\"contentUrl\":\"https:\/\/www.nexoinformativo.mx\/wp-content\/uploads\/2024\/07\/nexoi-trasparente-2.png\",\"width\":816,\"height\":339,\"caption\":\"Nexo Informativo Santiago de Quer\u00e9taro\"},\"image\":{\"@id\":\"https:\/\/www.nexoinformativo.mx\/#\/schema\/logo\/image\/\"},\"sameAs\":[\"https:\/\/www.facebook.com\/people\/Nexo-Informativo\/61564066885511\/\"]},{\"@type\":\"Person\",\"@id\":\"https:\/\/www.nexoinformativo.mx\/#\/schema\/person\/7749d380ba08c8ca00d7bc76fd907b7d\",\"name\":\"Nexo Informativo\",\"image\":{\"@type\":\"ImageObject\",\"inLanguage\":\"es\",\"@id\":\"https:\/\/www.nexoinformativo.mx\/#\/schema\/person\/image\/\",\"url\":\"https:\/\/secure.gravatar.com\/avatar\/dde2928154642a13d95f87ddf1ea9718fe2b46760a005c53e41ff5ad610704e6?s=96&d=mm&r=g\",\"contentUrl\":\"https:\/\/secure.gravatar.com\/avatar\/dde2928154642a13d95f87ddf1ea9718fe2b46760a005c53e41ff5ad610704e6?s=96&d=mm&r=g\",\"caption\":\"Nexo Informativo\"},\"url\":\"https:\/\/www.nexoinformativo.mx\/index.php\/author\/edicion\/\"}]}<\/script>\n<!-- \/ Yoast SEO plugin. -->","yoast_head_json":{"title":"Tiempo de lluvias Protecci\u00f3n Civil de Quer\u00e9taro prev\u00e9 precipitaciones dispersas en la capital y fuertes en la Sierra | Nexo Informativo Santiago de Quer\u00e9taro","description":"Tiempo de lluvias Protecci\u00f3n Civil de Quer\u00e9taro prev\u00e9 precipitaciones dispersas en la capital y fuertes en la Sierra","robots":{"index":"index","follow":"follow","max-snippet":"max-snippet:-1","max-image-preview":"max-image-preview:large","max-video-preview":"max-video-preview:-1"},"canonical":"https:\/\/www.nexoinformativo.mx\/index.php\/2025\/06\/04\/tiempo-de-lluvias-proteccion-civil-de-queretaro-preve-precipitaciones-dispersas-en-la-capital-y-fuertes-en-la-sierra\/","og_locale":"es_MX","og_type":"article","og_title":"Tiempo de lluvias Protecci\u00f3n Civil de Quer\u00e9taro prev\u00e9 precipitaciones dispersas en la capital y fuertes en la Sierra | Nexo Informativo Santiago de Quer\u00e9taro","og_description":"Tiempo de lluvias Protecci\u00f3n Civil de Quer\u00e9taro prev\u00e9 precipitaciones dispersas en la capital y fuertes en la Sierra","og_url":"https:\/\/www.nexoinformativo.mx\/index.php\/2025\/06\/04\/tiempo-de-lluvias-proteccion-civil-de-queretaro-preve-precipitaciones-dispersas-en-la-capital-y-fuertes-en-la-sierra\/","og_site_name":"Nexo Informativo Santiago de Quer\u00e9taro","article_publisher":"https:\/\/www.facebook.com\/people\/Nexo-Informativo\/61564066885511\/","article_published_time":"2025-06-04T19:00:19+00:00","article_modified_time":"2025-06-05T02:26:38+00:00","og_image":[{"width":800,"height":708,"url":"https:\/\/www.nexoinformativo.mx\/wp-content\/uploads\/2025\/06\/04f18583-dcd7-447f-be7a-74e7608160c9-e1749090338800.jpg","type":"image\/jpeg"}],"author":"Nexo Informativo","twitter_card":"summary_large_image","twitter_misc":{"Escrito por":"Nexo Informativo","Tiempo de lectura":"1 minuto"},"schema":{"@context":"https:\/\/schema.org","@graph":[{"@type":"Article","@id":"https:\/\/www.nexoinformativo.mx\/index.php\/2025\/06\/04\/tiempo-de-lluvias-proteccion-civil-de-queretaro-preve-precipitaciones-dispersas-en-la-capital-y-fuertes-en-la-sierra\/#article","isPartOf":{"@id":"https:\/\/www.nexoinformativo.mx\/index.php\/2025\/06\/04\/tiempo-de-lluvias-proteccion-civil-de-queretaro-preve-precipitaciones-dispersas-en-la-capital-y-fuertes-en-la-sierra\/"},"author":{"name":"Nexo Informativo","@id":"https:\/\/www.nexoinformativo.mx\/#\/schema\/person\/7749d380ba08c8ca00d7bc76fd907b7d"},"headline":"Tiempo de lluvias Protecci\u00f3n Civil de Quer\u00e9taro prev\u00e9 precipitaciones dispersas en la capital y fuertes en la Sierra","datePublished":"2025-06-04T19:00:19+00:00","dateModified":"2025-06-05T02:26:38+00:00","mainEntityOfPage":{"@id":"https:\/\/www.nexoinformativo.mx\/index.php\/2025\/06\/04\/tiempo-de-lluvias-proteccion-civil-de-queretaro-preve-precipitaciones-dispersas-en-la-capital-y-fuertes-en-la-sierra\/"},"wordCount":173,"commentCount":0,"publisher":{"@id":"https:\/\/www.nexoinformativo.mx\/#organization"},"image":{"@id":"https:\/\/www.nexoinformativo.mx\/index.php\/2025\/06\/04\/tiempo-de-lluvias-proteccion-civil-de-queretaro-preve-precipitaciones-dispersas-en-la-capital-y-fuertes-en-la-sierra\/#primaryimage"},"thumbnailUrl":"https:\/\/www.nexoinformativo.mx\/wp-content\/uploads\/2025\/06\/04f18583-dcd7-447f-be7a-74e7608160c9-e1749090338800.jpg","keywords":["AlertaLluvias","LluviasQro","proteccioncivil","Quer\u00e9taro"],"articleSection":["Estado","\u00daltima Hora"],"inLanguage":"es","potentialAction":[{"@type":"CommentAction","name":"Comment","target":["https:\/\/www.nexoinformativo.mx\/index.php\/2025\/06\/04\/tiempo-de-lluvias-proteccion-civil-de-queretaro-preve-precipitaciones-dispersas-en-la-capital-y-fuertes-en-la-sierra\/#respond"]}]},{"@type":"WebPage","@id":"https:\/\/www.nexoinformativo.mx\/index.php\/2025\/06\/04\/tiempo-de-lluvias-proteccion-civil-de-queretaro-preve-precipitaciones-dispersas-en-la-capital-y-fuertes-en-la-sierra\/","url":"https:\/\/www.nexoinformativo.mx\/index.php\/2025\/06\/04\/tiempo-de-lluvias-proteccion-civil-de-queretaro-preve-precipitaciones-dispersas-en-la-capital-y-fuertes-en-la-sierra\/","name":"Tiempo de lluvias Protecci\u00f3n Civil de Quer\u00e9taro prev\u00e9 precipitaciones dispersas en la capital y fuertes en la Sierra | Nexo Informativo Santiago de Quer\u00e9taro","isPartOf":{"@id":"https:\/\/www.nexoinformativo.mx\/#website"},"primaryImageOfPage":{"@id":"https:\/\/www.nexoinformativo.mx\/index.php\/2025\/06\/04\/tiempo-de-lluvias-proteccion-civil-de-queretaro-preve-precipitaciones-dispersas-en-la-capital-y-fuertes-en-la-sierra\/#primaryimage"},"image":{"@id":"https:\/\/www.nexoinformativo.mx\/index.php\/2025\/06\/04\/tiempo-de-lluvias-proteccion-civil-de-queretaro-preve-precipitaciones-dispersas-en-la-capital-y-fuertes-en-la-sierra\/#primaryimage"},"thumbnailUrl":"https:\/\/www.nexoinformativo.mx\/wp-content\/uploads\/2025\/06\/04f18583-dcd7-447f-be7a-74e7608160c9-e1749090338800.jpg","datePublished":"2025-06-04T19:00:19+00:00","dateModified":"2025-06-05T02:26:38+00:00","description":"Tiempo de lluvias Protecci\u00f3n Civil de Quer\u00e9taro prev\u00e9 precipitaciones dispersas en la capital y fuertes en la Sierra","breadcrumb":{"@id":"https:\/\/www.nexoinformativo.mx\/index.php\/2025\/06\/04\/tiempo-de-lluvias-proteccion-civil-de-queretaro-preve-precipitaciones-dispersas-en-la-capital-y-fuertes-en-la-sierra\/#breadcrumb"},"inLanguage":"es","potentialAction":[{"@type":"ReadAction","target":["https:\/\/www.nexoinformativo.mx\/index.php\/2025\/06\/04\/tiempo-de-lluvias-proteccion-civil-de-queretaro-preve-precipitaciones-dispersas-en-la-capital-y-fuertes-en-la-sierra\/"]}]},{"@type":"ImageObject","inLanguage":"es","@id":"https:\/\/www.nexoinformativo.mx\/index.php\/2025\/06\/04\/tiempo-de-lluvias-proteccion-civil-de-queretaro-preve-precipitaciones-dispersas-en-la-capital-y-fuertes-en-la-sierra\/#primaryimage","url":"https:\/\/www.nexoinformativo.mx\/wp-content\/uploads\/2025\/06\/04f18583-dcd7-447f-be7a-74e7608160c9-e1749090338800.jpg","contentUrl":"https:\/\/www.nexoinformativo.mx\/wp-content\/uploads\/2025\/06\/04f18583-dcd7-447f-be7a-74e7608160c9-e1749090338800.jpg","width":800,"height":708},{"@type":"BreadcrumbList","@id":"https:\/\/www.nexoinformativo.mx\/index.php\/2025\/06\/04\/tiempo-de-lluvias-proteccion-civil-de-queretaro-preve-precipitaciones-dispersas-en-la-capital-y-fuertes-en-la-sierra\/#breadcrumb","itemListElement":[{"@type":"ListItem","position":1,"name":"Inicio","item":"https:\/\/www.nexoinformativo.mx\/"},{"@type":"ListItem","position":2,"name":"Tiempo de lluvias Protecci\u00f3n Civil de Quer\u00e9taro prev\u00e9 precipitaciones dispersas en la capital y fuertes en la Sierra"}]},{"@type":"WebSite","@id":"https:\/\/www.nexoinformativo.mx\/#website","url":"https:\/\/www.nexoinformativo.mx\/","name":"Nexo Informativo Santiago de Quer\u00e9taro","description":"Explora NexoInformativo y convi\u00e9rtete en parte de una comunidad que valora el conocimiento y la verdad. Tu nexoinformativo es tu puente hacia una comprensi\u00f3n m\u00e1s profunda del mundo que te rodea.","publisher":{"@id":"https:\/\/www.nexoinformativo.mx\/#organization"},"potentialAction":[{"@type":"SearchAction","target":{"@type":"EntryPoint","urlTemplate":"https:\/\/www.nexoinformativo.mx\/?s={search_term_string}"},"query-input":{"@type":"PropertyValueSpecification","valueRequired":true,"valueName":"search_term_string"}}],"inLanguage":"es"},{"@type":"Organization","@id":"https:\/\/www.nexoinformativo.mx\/#organization","name":"Nexo Informativo Santiago de Quer\u00e9taro","url":"https:\/\/www.nexoinformativo.mx\/","logo":{"@type":"ImageObject","inLanguage":"es","@id":"https:\/\/www.nexoinformativo.mx\/#\/schema\/logo\/image\/","url":"https:\/\/www.nexoinformativo.mx\/wp-content\/uploads\/2024\/07\/nexoi-trasparente-2.png","contentUrl":"https:\/\/www.nexoinformativo.mx\/wp-content\/uploads\/2024\/07\/nexoi-trasparente-2.png","width":816,"height":339,"caption":"Nexo Informativo Santiago de Quer\u00e9taro"},"image":{"@id":"https:\/\/www.nexoinformativo.mx\/#\/schema\/logo\/image\/"},"sameAs":["https:\/\/www.facebook.com\/people\/Nexo-Informativo\/61564066885511\/"]},{"@type":"Person","@id":"https:\/\/www.nexoinformativo.mx\/#\/schema\/person\/7749d380ba08c8ca00d7bc76fd907b7d","name":"Nexo Informativo","image":{"@type":"ImageObject","inLanguage":"es","@id":"https:\/\/www.nexoinformativo.mx\/#\/schema\/person\/image\/","url":"https:\/\/secure.gravatar.com\/avatar\/dde2928154642a13d95f87ddf1ea9718fe2b46760a005c53e41ff5ad610704e6?s=96&d=mm&r=g","contentUrl":"https:\/\/secure.gravatar.com\/avatar\/dde2928154642a13d95f87ddf1ea9718fe2b46760a005c53e41ff5ad610704e6?s=96&d=mm&r=g","caption":"Nexo Informativo"},"url":"https:\/\/www.nexoinformativo.mx\/index.php\/author\/edicion\/"}]}},"_links":{"self":[{"href":"https:\/\/www.nexoinformativo.mx\/index.php\/wp-json\/wp\/v2\/posts\/15633","targetHints":{"allow":["GET"]}}],"collection":[{"href":"https:\/\/www.nexoinformativo.mx\/index.php\/wp-json\/wp\/v2\/posts"}],"about":[{"href":"https:\/\/www.nexoinformativo.mx\/index.php\/wp-json\/wp\/v2\/types\/post"}],"author":[{"embeddable":true,"href":"https:\/\/www.nexoinformativo.mx\/index.php\/wp-json\/wp\/v2\/users\/3"}],"replies":[{"embeddable":true,"href":"https:\/\/www.nexoinformativo.mx\/index.php\/wp-json\/wp\/v2\/comments?post=15633"}],"version-history":[{"count":4,"href":"https:\/\/www.nexoinformativo.mx\/index.php\/wp-json\/wp\/v2\/posts\/15633\/revisions"}],"predecessor-version":[{"id":15638,"href":"https:\/\/www.nexoinformativo.mx\/index.php\/wp-json\/wp\/v2\/posts\/15633\/revisions\/15638"}],"wp:featuredmedia":[{"embeddable":true,"href":"https:\/\/www.nexoinformativo.mx\/index.php\/wp-json\/wp\/v2\/media\/15634"}],"wp:attachment":[{"href":"https:\/\/www.nexoinformativo.mx\/index.php\/wp-json\/wp\/v2\/media?parent=15633"}],"wp:term":[{"taxonomy":"category","embeddable":true,"href":"https:\/\/www.nexoinformativo.mx\/index.php\/wp-json\/wp\/v2\/categories?post=15633"},{"taxonomy":"post_tag","embeddable":true,"href":"https:\/\/www.nexoinformativo.mx\/index.php\/wp-json\/wp\/v2\/tags?post=15633"}],"curies":[{"name":"wp","href":"https:\/\/api.w.org\/{rel}","templated":true}]}}