{"id":15644,"date":"2025-06-04T15:00:22","date_gmt":"2025-06-04T21:00:22","guid":{"rendered":"https:\/\/www.nexoinformativo.mx\/?p=15644"},"modified":"2025-06-04T20:38:15","modified_gmt":"2025-06-05T02:38:15","slug":"transparencia-en-desarrollo-social-luis-nava-enfrenta-acusaciones-y-respalda-investigaciones-por-presunto-condicionamiento-de-votos","status":"publish","type":"post","link":"https:\/\/www.nexoinformativo.mx\/index.php\/2025\/06\/04\/transparencia-en-desarrollo-social-luis-nava-enfrenta-acusaciones-y-respalda-investigaciones-por-presunto-condicionamiento-de-votos\/","title":{"rendered":"Transparencia en desarrollo social Luis Nava enfrenta acusaciones y respalda investigaciones por presunto condicionamiento de votos"},"content":{"rendered":"<p style=\"text-align: justify;\" data-sourcepos=\"5:1-5:448\">El secretario de Desarrollo Social del estado, Luis Nava Guerrero, desestim\u00f3 hoy las acusaciones en redes sociales sobre un presunto condicionamiento de apoyos sociales a cambio de votos.<\/p>\n<\/p>\n<p>&nbsp;<\/p>\n<p style=\"text-align: justify;\" data-sourcepos=\"5:1-5:448\">Nava calific\u00f3 estos se\u00f1alamientos como un intento de desviar la atenci\u00f3n de las acciones realizadas por simpatizantes de la 4T durante la reciente elecci\u00f3n de jueces y magistrados.<\/p>\n<\/p>\n<p>&nbsp;<\/p>\n<p style=\"text-align: justify;\" data-sourcepos=\"7:1-7:310\">Las declaraciones surgen luego de que el diputado Gilberto Herrera compartiera fotograf\u00edas que, supuestamente, evidencian la entrega de \u201cacordeones\u201d o listas con nombres sugeridos para votar en el pasado proceso electoral, vinculando la distribuci\u00f3n de estos documentos con la dependencia estatal que encabeza.<\/p>\n<\/p>\n<p>&nbsp;<\/p>\n<p style=\"text-align: justify;\" data-sourcepos=\"9:1-9:223\">\u201cLo que busca es generar una cortina de humo sobre las operaciones que realiz\u00f3 su propio partido. Las gu\u00edas que circularon en muchas colonias y comunidades tra\u00edan claramente impreso el sello de la 4T\u201d, afirm\u00f3 Nava Guerrero.<\/p>\n<\/p>\n<p>&nbsp;<\/p>\n<p style=\"text-align: justify;\" data-sourcepos=\"15:1-15:265\">El funcionario respald\u00f3 que se hayan presentado denuncias ante las autoridades competentes para esclarecer los hechos, y subray\u00f3 que el personal de la Secretar\u00eda continuar\u00e1 trabajando con transparencia y en favor de quienes forman parte del padr\u00f3n de beneficiarios.<\/p>\n<\/p>\n<p>&nbsp;<\/p>\n<p style=\"text-align: justify;\" data-sourcepos=\"17:1-17:323\">Adem\u00e1s, el secretario calific\u00f3 como un acto de golpeteo pol\u00edtico la denuncia interpuesta por el diputado local Paul Ospital, quien recientemente se incorpor\u00f3 a las filas de Movimiento Ciudadano.<\/p>\n<\/p>\n<p>&nbsp;<\/p>\n<p style=\"text-align: justify;\" data-sourcepos=\"17:1-17:323\">Nava Guerrero asegur\u00f3 que este tipo de acciones responden m\u00e1s a intereses partidistas que a la b\u00fasqueda genuina de justicia.<\/p>\n<\/p>\n<p>&nbsp;<\/p>\n<p style=\"text-align: center;\" data-sourcepos=\"17:1-17:323\"><em><strong>\u00a1Informaci\u00f3n que transforma!<\/strong><\/em><\/p>\n","protected":false},"excerpt":{"rendered":"<p>El secretario de Desarrollo Social del estado, Luis Nava Guerrero, desestim\u00f3 hoy las acusaciones en redes sociales sobre un presunto condicionamiento de apoyos sociales a cambio de votos.<\/p>\n","protected":false},"author":3,"featured_media":15645,"comment_status":"open","ping_status":"open","sticky":false,"template":"","format":"standard","meta":{"footnotes":""},"categories":[42,21,58],"tags":[455,4602,397,133],"class_list":["post-15644","post","type-post","status-publish","format-standard","has-post-thumbnail","hentry","category-estado","category-politica","category-ultima-hora","tag-desarrollosocial","tag-eleccionesqro","tag-luisnava","tag-queretaro"],"yoast_head":"<!-- This site is optimized with the Yoast SEO plugin v25.0 - https:\/\/yoast.com\/wordpress\/plugins\/seo\/ -->\n<title>Transparencia en desarrollo social Luis Nava enfrenta acusaciones y respalda investigaciones por presunto condicionamiento de votos | Nexo Informativo Santiago de Quer\u00e9taro<\/title>\n<meta name=\"description\" content=\"Transparencia en desarrollo social Luis Nava enfrenta acusaciones y respalda investigaciones por presunto condicionamiento de votos\" \/>\n<meta name=\"robots\" content=\"index, follow, max-snippet:-1, max-image-preview:large, max-video-preview:-1\" \/>\n<link rel=\"canonical\" href=\"https:\/\/www.nexoinformativo.mx\/index.php\/2025\/06\/04\/transparencia-en-desarrollo-social-luis-nava-enfrenta-acusaciones-y-respalda-investigaciones-por-presunto-condicionamiento-de-votos\/\" \/>\n<meta property=\"og:locale\" content=\"es_MX\" \/>\n<meta property=\"og:type\" content=\"article\" \/>\n<meta property=\"og:title\" content=\"Transparencia en desarrollo social Luis Nava enfrenta acusaciones y respalda investigaciones por presunto condicionamiento de votos | Nexo Informativo Santiago de Quer\u00e9taro\" \/>\n<meta property=\"og:description\" content=\"Transparencia en desarrollo social Luis Nava enfrenta acusaciones y respalda investigaciones por presunto condicionamiento de votos\" \/>\n<meta property=\"og:url\" content=\"https:\/\/www.nexoinformativo.mx\/index.php\/2025\/06\/04\/transparencia-en-desarrollo-social-luis-nava-enfrenta-acusaciones-y-respalda-investigaciones-por-presunto-condicionamiento-de-votos\/\" \/>\n<meta property=\"og:site_name\" content=\"Nexo Informativo Santiago de Quer\u00e9taro\" \/>\n<meta property=\"article:publisher\" content=\"https:\/\/www.facebook.com\/people\/Nexo-Informativo\/61564066885511\/\" \/>\n<meta property=\"article:published_time\" content=\"2025-06-04T21:00:22+00:00\" \/>\n<meta property=\"article:modified_time\" content=\"2025-06-05T02:38:15+00:00\" \/>\n<meta property=\"og:image\" content=\"https:\/\/www.nexoinformativo.mx\/wp-content\/uploads\/2025\/06\/PHOTO-2025-06-04-16-46-56-e1749091038472.jpg\" \/>\n\t<meta property=\"og:image:width\" content=\"800\" \/>\n\t<meta property=\"og:image:height\" content=\"536\" \/>\n\t<meta property=\"og:image:type\" content=\"image\/jpeg\" \/>\n<meta name=\"author\" content=\"Nexo Informativo\" \/>\n<meta name=\"twitter:card\" content=\"summary_large_image\" \/>\n<meta name=\"twitter:label1\" content=\"Escrito por\" \/>\n\t<meta name=\"twitter:data1\" content=\"Nexo Informativo\" \/>\n\t<meta name=\"twitter:label2\" content=\"Tiempo de lectura\" \/>\n\t<meta name=\"twitter:data2\" content=\"2 minutos\" \/>\n<script type=\"application\/ld+json\" class=\"yoast-schema-graph\">{\"@context\":\"https:\/\/schema.org\",\"@graph\":[{\"@type\":\"Article\",\"@id\":\"https:\/\/www.nexoinformativo.mx\/index.php\/2025\/06\/04\/transparencia-en-desarrollo-social-luis-nava-enfrenta-acusaciones-y-respalda-investigaciones-por-presunto-condicionamiento-de-votos\/#article\",\"isPartOf\":{\"@id\":\"https:\/\/www.nexoinformativo.mx\/index.php\/2025\/06\/04\/transparencia-en-desarrollo-social-luis-nava-enfrenta-acusaciones-y-respalda-investigaciones-por-presunto-condicionamiento-de-votos\/\"},\"author\":{\"name\":\"Nexo Informativo\",\"@id\":\"https:\/\/www.nexoinformativo.mx\/#\/schema\/person\/7749d380ba08c8ca00d7bc76fd907b7d\"},\"headline\":\"Transparencia en desarrollo social Luis Nava enfrenta acusaciones y respalda investigaciones por presunto condicionamiento de votos\",\"datePublished\":\"2025-06-04T21:00:22+00:00\",\"dateModified\":\"2025-06-05T02:38:15+00:00\",\"mainEntityOfPage\":{\"@id\":\"https:\/\/www.nexoinformativo.mx\/index.php\/2025\/06\/04\/transparencia-en-desarrollo-social-luis-nava-enfrenta-acusaciones-y-respalda-investigaciones-por-presunto-condicionamiento-de-votos\/\"},\"wordCount\":264,\"commentCount\":0,\"publisher\":{\"@id\":\"https:\/\/www.nexoinformativo.mx\/#organization\"},\"image\":{\"@id\":\"https:\/\/www.nexoinformativo.mx\/index.php\/2025\/06\/04\/transparencia-en-desarrollo-social-luis-nava-enfrenta-acusaciones-y-respalda-investigaciones-por-presunto-condicionamiento-de-votos\/#primaryimage\"},\"thumbnailUrl\":\"https:\/\/www.nexoinformativo.mx\/wp-content\/uploads\/2025\/06\/PHOTO-2025-06-04-16-46-56-e1749091038472.jpg\",\"keywords\":[\"DesarrolloSocial\",\"EleccionesQro\",\"LuisNava\",\"Quer\u00e9taro\"],\"articleSection\":[\"Estado\",\"Pol\u00edtica\",\"\u00daltima Hora\"],\"inLanguage\":\"es\",\"potentialAction\":[{\"@type\":\"CommentAction\",\"name\":\"Comment\",\"target\":[\"https:\/\/www.nexoinformativo.mx\/index.php\/2025\/06\/04\/transparencia-en-desarrollo-social-luis-nava-enfrenta-acusaciones-y-respalda-investigaciones-por-presunto-condicionamiento-de-votos\/#respond\"]}]},{\"@type\":\"WebPage\",\"@id\":\"https:\/\/www.nexoinformativo.mx\/index.php\/2025\/06\/04\/transparencia-en-desarrollo-social-luis-nava-enfrenta-acusaciones-y-respalda-investigaciones-por-presunto-condicionamiento-de-votos\/\",\"url\":\"https:\/\/www.nexoinformativo.mx\/index.php\/2025\/06\/04\/transparencia-en-desarrollo-social-luis-nava-enfrenta-acusaciones-y-respalda-investigaciones-por-presunto-condicionamiento-de-votos\/\",\"name\":\"Transparencia en desarrollo social Luis Nava enfrenta acusaciones y respalda investigaciones por presunto condicionamiento de votos | Nexo Informativo Santiago de Quer\u00e9taro\",\"isPartOf\":{\"@id\":\"https:\/\/www.nexoinformativo.mx\/#website\"},\"primaryImageOfPage\":{\"@id\":\"https:\/\/www.nexoinformativo.mx\/index.php\/2025\/06\/04\/transparencia-en-desarrollo-social-luis-nava-enfrenta-acusaciones-y-respalda-investigaciones-por-presunto-condicionamiento-de-votos\/#primaryimage\"},\"image\":{\"@id\":\"https:\/\/www.nexoinformativo.mx\/index.php\/2025\/06\/04\/transparencia-en-desarrollo-social-luis-nava-enfrenta-acusaciones-y-respalda-investigaciones-por-presunto-condicionamiento-de-votos\/#primaryimage\"},\"thumbnailUrl\":\"https:\/\/www.nexoinformativo.mx\/wp-content\/uploads\/2025\/06\/PHOTO-2025-06-04-16-46-56-e1749091038472.jpg\",\"datePublished\":\"2025-06-04T21:00:22+00:00\",\"dateModified\":\"2025-06-05T02:38:15+00:00\",\"description\":\"Transparencia en desarrollo social Luis Nava enfrenta acusaciones y respalda investigaciones por presunto condicionamiento de votos\",\"breadcrumb\":{\"@id\":\"https:\/\/www.nexoinformativo.mx\/index.php\/2025\/06\/04\/transparencia-en-desarrollo-social-luis-nava-enfrenta-acusaciones-y-respalda-investigaciones-por-presunto-condicionamiento-de-votos\/#breadcrumb\"},\"inLanguage\":\"es\",\"potentialAction\":[{\"@type\":\"ReadAction\",\"target\":[\"https:\/\/www.nexoinformativo.mx\/index.php\/2025\/06\/04\/transparencia-en-desarrollo-social-luis-nava-enfrenta-acusaciones-y-respalda-investigaciones-por-presunto-condicionamiento-de-votos\/\"]}]},{\"@type\":\"ImageObject\",\"inLanguage\":\"es\",\"@id\":\"https:\/\/www.nexoinformativo.mx\/index.php\/2025\/06\/04\/transparencia-en-desarrollo-social-luis-nava-enfrenta-acusaciones-y-respalda-investigaciones-por-presunto-condicionamiento-de-votos\/#primaryimage\",\"url\":\"https:\/\/www.nexoinformativo.mx\/wp-content\/uploads\/2025\/06\/PHOTO-2025-06-04-16-46-56-e1749091038472.jpg\",\"contentUrl\":\"https:\/\/www.nexoinformativo.mx\/wp-content\/uploads\/2025\/06\/PHOTO-2025-06-04-16-46-56-e1749091038472.jpg\",\"width\":800,\"height\":536},{\"@type\":\"BreadcrumbList\",\"@id\":\"https:\/\/www.nexoinformativo.mx\/index.php\/2025\/06\/04\/transparencia-en-desarrollo-social-luis-nava-enfrenta-acusaciones-y-respalda-investigaciones-por-presunto-condicionamiento-de-votos\/#breadcrumb\",\"itemListElement\":[{\"@type\":\"ListItem\",\"position\":1,\"name\":\"Inicio\",\"item\":\"https:\/\/www.nexoinformativo.mx\/\"},{\"@type\":\"ListItem\",\"position\":2,\"name\":\"Transparencia en desarrollo social Luis Nava enfrenta acusaciones y respalda investigaciones por presunto condicionamiento de votos\"}]},{\"@type\":\"WebSite\",\"@id\":\"https:\/\/www.nexoinformativo.mx\/#website\",\"url\":\"https:\/\/www.nexoinformativo.mx\/\",\"name\":\"Nexo Informativo Santiago de Quer\u00e9taro\",\"description\":\"Explora NexoInformativo y convi\u00e9rtete en parte de una comunidad que valora el conocimiento y la verdad. Tu nexoinformativo es tu puente hacia una comprensi\u00f3n m\u00e1s profunda del mundo que te rodea.\",\"publisher\":{\"@id\":\"https:\/\/www.nexoinformativo.mx\/#organization\"},\"potentialAction\":[{\"@type\":\"SearchAction\",\"target\":{\"@type\":\"EntryPoint\",\"urlTemplate\":\"https:\/\/www.nexoinformativo.mx\/?s={search_term_string}\"},\"query-input\":{\"@type\":\"PropertyValueSpecification\",\"valueRequired\":true,\"valueName\":\"search_term_string\"}}],\"inLanguage\":\"es\"},{\"@type\":\"Organization\",\"@id\":\"https:\/\/www.nexoinformativo.mx\/#organization\",\"name\":\"Nexo Informativo Santiago de Quer\u00e9taro\",\"url\":\"https:\/\/www.nexoinformativo.mx\/\",\"logo\":{\"@type\":\"ImageObject\",\"inLanguage\":\"es\",\"@id\":\"https:\/\/www.nexoinformativo.mx\/#\/schema\/logo\/image\/\",\"url\":\"https:\/\/www.nexoinformativo.mx\/wp-content\/uploads\/2024\/07\/nexoi-trasparente-2.png\",\"contentUrl\":\"https:\/\/www.nexoinformativo.mx\/wp-content\/uploads\/2024\/07\/nexoi-trasparente-2.png\",\"width\":816,\"height\":339,\"caption\":\"Nexo Informativo Santiago de Quer\u00e9taro\"},\"image\":{\"@id\":\"https:\/\/www.nexoinformativo.mx\/#\/schema\/logo\/image\/\"},\"sameAs\":[\"https:\/\/www.facebook.com\/people\/Nexo-Informativo\/61564066885511\/\"]},{\"@type\":\"Person\",\"@id\":\"https:\/\/www.nexoinformativo.mx\/#\/schema\/person\/7749d380ba08c8ca00d7bc76fd907b7d\",\"name\":\"Nexo Informativo\",\"image\":{\"@type\":\"ImageObject\",\"inLanguage\":\"es\",\"@id\":\"https:\/\/www.nexoinformativo.mx\/#\/schema\/person\/image\/\",\"url\":\"https:\/\/secure.gravatar.com\/avatar\/dde2928154642a13d95f87ddf1ea9718fe2b46760a005c53e41ff5ad610704e6?s=96&d=mm&r=g\",\"contentUrl\":\"https:\/\/secure.gravatar.com\/avatar\/dde2928154642a13d95f87ddf1ea9718fe2b46760a005c53e41ff5ad610704e6?s=96&d=mm&r=g\",\"caption\":\"Nexo Informativo\"},\"url\":\"https:\/\/www.nexoinformativo.mx\/index.php\/author\/edicion\/\"}]}<\/script>\n<!-- \/ Yoast SEO plugin. -->","yoast_head_json":{"title":"Transparencia en desarrollo social Luis Nava enfrenta acusaciones y respalda investigaciones por presunto condicionamiento de votos | Nexo Informativo Santiago de Quer\u00e9taro","description":"Transparencia en desarrollo social Luis Nava enfrenta acusaciones y respalda investigaciones por presunto condicionamiento de votos","robots":{"index":"index","follow":"follow","max-snippet":"max-snippet:-1","max-image-preview":"max-image-preview:large","max-video-preview":"max-video-preview:-1"},"canonical":"https:\/\/www.nexoinformativo.mx\/index.php\/2025\/06\/04\/transparencia-en-desarrollo-social-luis-nava-enfrenta-acusaciones-y-respalda-investigaciones-por-presunto-condicionamiento-de-votos\/","og_locale":"es_MX","og_type":"article","og_title":"Transparencia en desarrollo social Luis Nava enfrenta acusaciones y respalda investigaciones por presunto condicionamiento de votos | Nexo Informativo Santiago de Quer\u00e9taro","og_description":"Transparencia en desarrollo social Luis Nava enfrenta acusaciones y respalda investigaciones por presunto condicionamiento de votos","og_url":"https:\/\/www.nexoinformativo.mx\/index.php\/2025\/06\/04\/transparencia-en-desarrollo-social-luis-nava-enfrenta-acusaciones-y-respalda-investigaciones-por-presunto-condicionamiento-de-votos\/","og_site_name":"Nexo Informativo Santiago de Quer\u00e9taro","article_publisher":"https:\/\/www.facebook.com\/people\/Nexo-Informativo\/61564066885511\/","article_published_time":"2025-06-04T21:00:22+00:00","article_modified_time":"2025-06-05T02:38:15+00:00","og_image":[{"width":800,"height":536,"url":"https:\/\/www.nexoinformativo.mx\/wp-content\/uploads\/2025\/06\/PHOTO-2025-06-04-16-46-56-e1749091038472.jpg","type":"image\/jpeg"}],"author":"Nexo Informativo","twitter_card":"summary_large_image","twitter_misc":{"Escrito por":"Nexo Informativo","Tiempo de lectura":"2 minutos"},"schema":{"@context":"https:\/\/schema.org","@graph":[{"@type":"Article","@id":"https:\/\/www.nexoinformativo.mx\/index.php\/2025\/06\/04\/transparencia-en-desarrollo-social-luis-nava-enfrenta-acusaciones-y-respalda-investigaciones-por-presunto-condicionamiento-de-votos\/#article","isPartOf":{"@id":"https:\/\/www.nexoinformativo.mx\/index.php\/2025\/06\/04\/transparencia-en-desarrollo-social-luis-nava-enfrenta-acusaciones-y-respalda-investigaciones-por-presunto-condicionamiento-de-votos\/"},"author":{"name":"Nexo Informativo","@id":"https:\/\/www.nexoinformativo.mx\/#\/schema\/person\/7749d380ba08c8ca00d7bc76fd907b7d"},"headline":"Transparencia en desarrollo social Luis Nava enfrenta acusaciones y respalda investigaciones por presunto condicionamiento de votos","datePublished":"2025-06-04T21:00:22+00:00","dateModified":"2025-06-05T02:38:15+00:00","mainEntityOfPage":{"@id":"https:\/\/www.nexoinformativo.mx\/index.php\/2025\/06\/04\/transparencia-en-desarrollo-social-luis-nava-enfrenta-acusaciones-y-respalda-investigaciones-por-presunto-condicionamiento-de-votos\/"},"wordCount":264,"commentCount":0,"publisher":{"@id":"https:\/\/www.nexoinformativo.mx\/#organization"},"image":{"@id":"https:\/\/www.nexoinformativo.mx\/index.php\/2025\/06\/04\/transparencia-en-desarrollo-social-luis-nava-enfrenta-acusaciones-y-respalda-investigaciones-por-presunto-condicionamiento-de-votos\/#primaryimage"},"thumbnailUrl":"https:\/\/www.nexoinformativo.mx\/wp-content\/uploads\/2025\/06\/PHOTO-2025-06-04-16-46-56-e1749091038472.jpg","keywords":["DesarrolloSocial","EleccionesQro","LuisNava","Quer\u00e9taro"],"articleSection":["Estado","Pol\u00edtica","\u00daltima Hora"],"inLanguage":"es","potentialAction":[{"@type":"CommentAction","name":"Comment","target":["https:\/\/www.nexoinformativo.mx\/index.php\/2025\/06\/04\/transparencia-en-desarrollo-social-luis-nava-enfrenta-acusaciones-y-respalda-investigaciones-por-presunto-condicionamiento-de-votos\/#respond"]}]},{"@type":"WebPage","@id":"https:\/\/www.nexoinformativo.mx\/index.php\/2025\/06\/04\/transparencia-en-desarrollo-social-luis-nava-enfrenta-acusaciones-y-respalda-investigaciones-por-presunto-condicionamiento-de-votos\/","url":"https:\/\/www.nexoinformativo.mx\/index.php\/2025\/06\/04\/transparencia-en-desarrollo-social-luis-nava-enfrenta-acusaciones-y-respalda-investigaciones-por-presunto-condicionamiento-de-votos\/","name":"Transparencia en desarrollo social Luis Nava enfrenta acusaciones y respalda investigaciones por presunto condicionamiento de votos | Nexo Informativo Santiago de Quer\u00e9taro","isPartOf":{"@id":"https:\/\/www.nexoinformativo.mx\/#website"},"primaryImageOfPage":{"@id":"https:\/\/www.nexoinformativo.mx\/index.php\/2025\/06\/04\/transparencia-en-desarrollo-social-luis-nava-enfrenta-acusaciones-y-respalda-investigaciones-por-presunto-condicionamiento-de-votos\/#primaryimage"},"image":{"@id":"https:\/\/www.nexoinformativo.mx\/index.php\/2025\/06\/04\/transparencia-en-desarrollo-social-luis-nava-enfrenta-acusaciones-y-respalda-investigaciones-por-presunto-condicionamiento-de-votos\/#primaryimage"},"thumbnailUrl":"https:\/\/www.nexoinformativo.mx\/wp-content\/uploads\/2025\/06\/PHOTO-2025-06-04-16-46-56-e1749091038472.jpg","datePublished":"2025-06-04T21:00:22+00:00","dateModified":"2025-06-05T02:38:15+00:00","description":"Transparencia en desarrollo social Luis Nava enfrenta acusaciones y respalda investigaciones por presunto condicionamiento de votos","breadcrumb":{"@id":"https:\/\/www.nexoinformativo.mx\/index.php\/2025\/06\/04\/transparencia-en-desarrollo-social-luis-nava-enfrenta-acusaciones-y-respalda-investigaciones-por-presunto-condicionamiento-de-votos\/#breadcrumb"},"inLanguage":"es","potentialAction":[{"@type":"ReadAction","target":["https:\/\/www.nexoinformativo.mx\/index.php\/2025\/06\/04\/transparencia-en-desarrollo-social-luis-nava-enfrenta-acusaciones-y-respalda-investigaciones-por-presunto-condicionamiento-de-votos\/"]}]},{"@type":"ImageObject","inLanguage":"es","@id":"https:\/\/www.nexoinformativo.mx\/index.php\/2025\/06\/04\/transparencia-en-desarrollo-social-luis-nava-enfrenta-acusaciones-y-respalda-investigaciones-por-presunto-condicionamiento-de-votos\/#primaryimage","url":"https:\/\/www.nexoinformativo.mx\/wp-content\/uploads\/2025\/06\/PHOTO-2025-06-04-16-46-56-e1749091038472.jpg","contentUrl":"https:\/\/www.nexoinformativo.mx\/wp-content\/uploads\/2025\/06\/PHOTO-2025-06-04-16-46-56-e1749091038472.jpg","width":800,"height":536},{"@type":"BreadcrumbList","@id":"https:\/\/www.nexoinformativo.mx\/index.php\/2025\/06\/04\/transparencia-en-desarrollo-social-luis-nava-enfrenta-acusaciones-y-respalda-investigaciones-por-presunto-condicionamiento-de-votos\/#breadcrumb","itemListElement":[{"@type":"ListItem","position":1,"name":"Inicio","item":"https:\/\/www.nexoinformativo.mx\/"},{"@type":"ListItem","position":2,"name":"Transparencia en desarrollo social Luis Nava enfrenta acusaciones y respalda investigaciones por presunto condicionamiento de votos"}]},{"@type":"WebSite","@id":"https:\/\/www.nexoinformativo.mx\/#website","url":"https:\/\/www.nexoinformativo.mx\/","name":"Nexo Informativo Santiago de Quer\u00e9taro","description":"Explora NexoInformativo y convi\u00e9rtete en parte de una comunidad que valora el conocimiento y la verdad. Tu nexoinformativo es tu puente hacia una comprensi\u00f3n m\u00e1s profunda del mundo que te rodea.","publisher":{"@id":"https:\/\/www.nexoinformativo.mx\/#organization"},"potentialAction":[{"@type":"SearchAction","target":{"@type":"EntryPoint","urlTemplate":"https:\/\/www.nexoinformativo.mx\/?s={search_term_string}"},"query-input":{"@type":"PropertyValueSpecification","valueRequired":true,"valueName":"search_term_string"}}],"inLanguage":"es"},{"@type":"Organization","@id":"https:\/\/www.nexoinformativo.mx\/#organization","name":"Nexo Informativo Santiago de Quer\u00e9taro","url":"https:\/\/www.nexoinformativo.mx\/","logo":{"@type":"ImageObject","inLanguage":"es","@id":"https:\/\/www.nexoinformativo.mx\/#\/schema\/logo\/image\/","url":"https:\/\/www.nexoinformativo.mx\/wp-content\/uploads\/2024\/07\/nexoi-trasparente-2.png","contentUrl":"https:\/\/www.nexoinformativo.mx\/wp-content\/uploads\/2024\/07\/nexoi-trasparente-2.png","width":816,"height":339,"caption":"Nexo Informativo Santiago de Quer\u00e9taro"},"image":{"@id":"https:\/\/www.nexoinformativo.mx\/#\/schema\/logo\/image\/"},"sameAs":["https:\/\/www.facebook.com\/people\/Nexo-Informativo\/61564066885511\/"]},{"@type":"Person","@id":"https:\/\/www.nexoinformativo.mx\/#\/schema\/person\/7749d380ba08c8ca00d7bc76fd907b7d","name":"Nexo Informativo","image":{"@type":"ImageObject","inLanguage":"es","@id":"https:\/\/www.nexoinformativo.mx\/#\/schema\/person\/image\/","url":"https:\/\/secure.gravatar.com\/avatar\/dde2928154642a13d95f87ddf1ea9718fe2b46760a005c53e41ff5ad610704e6?s=96&d=mm&r=g","contentUrl":"https:\/\/secure.gravatar.com\/avatar\/dde2928154642a13d95f87ddf1ea9718fe2b46760a005c53e41ff5ad610704e6?s=96&d=mm&r=g","caption":"Nexo Informativo"},"url":"https:\/\/www.nexoinformativo.mx\/index.php\/author\/edicion\/"}]}},"_links":{"self":[{"href":"https:\/\/www.nexoinformativo.mx\/index.php\/wp-json\/wp\/v2\/posts\/15644","targetHints":{"allow":["GET"]}}],"collection":[{"href":"https:\/\/www.nexoinformativo.mx\/index.php\/wp-json\/wp\/v2\/posts"}],"about":[{"href":"https:\/\/www.nexoinformativo.mx\/index.php\/wp-json\/wp\/v2\/types\/post"}],"author":[{"embeddable":true,"href":"https:\/\/www.nexoinformativo.mx\/index.php\/wp-json\/wp\/v2\/users\/3"}],"replies":[{"embeddable":true,"href":"https:\/\/www.nexoinformativo.mx\/index.php\/wp-json\/wp\/v2\/comments?post=15644"}],"version-history":[{"count":3,"href":"https:\/\/www.nexoinformativo.mx\/index.php\/wp-json\/wp\/v2\/posts\/15644\/revisions"}],"predecessor-version":[{"id":15648,"href":"https:\/\/www.nexoinformativo.mx\/index.php\/wp-json\/wp\/v2\/posts\/15644\/revisions\/15648"}],"wp:featuredmedia":[{"embeddable":true,"href":"https:\/\/www.nexoinformativo.mx\/index.php\/wp-json\/wp\/v2\/media\/15645"}],"wp:attachment":[{"href":"https:\/\/www.nexoinformativo.mx\/index.php\/wp-json\/wp\/v2\/media?parent=15644"}],"wp:term":[{"taxonomy":"category","embeddable":true,"href":"https:\/\/www.nexoinformativo.mx\/index.php\/wp-json\/wp\/v2\/categories?post=15644"},{"taxonomy":"post_tag","embeddable":true,"href":"https:\/\/www.nexoinformativo.mx\/index.php\/wp-json\/wp\/v2\/tags?post=15644"}],"curies":[{"name":"wp","href":"https:\/\/api.w.org\/{rel}","templated":true}]}}