{"id":15649,"date":"2025-06-05T11:00:07","date_gmt":"2025-06-05T17:00:07","guid":{"rendered":"https:\/\/www.nexoinformativo.mx\/?p=15649"},"modified":"2025-06-05T18:48:52","modified_gmt":"2025-06-06T00:48:52","slug":"presidenta-demanda-austeridad-y-transparencia-a-nuevos-ministros-de-la-scjn","status":"publish","type":"post","link":"https:\/\/www.nexoinformativo.mx\/index.php\/2025\/06\/05\/presidenta-demanda-austeridad-y-transparencia-a-nuevos-ministros-de-la-scjn\/","title":{"rendered":"Presidenta demanda austeridad y transparencia a nuevos Ministros de la SCJN"},"content":{"rendered":"<p style=\"text-align: justify;\" data-sourcepos=\"5:1-5:520\">La presidenta Claudia Sheinbaum\u00a0hizo un llamado directo a las nuevas ministras y ministros de la Suprema Corte de Justicia de la Naci\u00f3n (SCJN) para que, a partir de septiembre, demuestren con su actuar que es posible un sistema de justicia diferente.<\/p>\n<p>&nbsp;<\/p>\n<p style=\"text-align: justify;\" data-sourcepos=\"5:1-5:520\">Su misi\u00f3n, subray\u00f3, ser\u00e1 impartir justicia basada en la austeridad, honestidad, honradez y transparencia, lejos de intereses econ\u00f3micos o grupos de poder.<\/p>\n<p>&nbsp;<\/p>\n<p style=\"text-align: justify;\" data-sourcepos=\"7:1-7:599\">&#8220;Ellos tienen que dar ejemplo de austeridad, comparado con la parafernalia del Poder actual, desde mi punto de vista, tienen que dar ejemplo de profesionalismo, de impartici\u00f3n de justicia, tienen que dar un ejemplo de que hay cambios de honestidad, de honradez, de transparencia\u201d, afirm\u00f3 la Jefa del Ejecutivo Federal en su conferencia matutina..<\/p>\n<p>&nbsp;<\/p>\n<p style=\"text-align: justify;\" data-sourcepos=\"9:1-9:297\">La Presidenta destac\u00f3 que los nuevos integrantes de la SCJN fueron elegidos directamente por el pueblo, en una elecci\u00f3n democr\u00e1tica in\u00e9dita donde participaron cerca de 13 millones de personas. Esta votaci\u00f3n masiva demuestra la confianza ciudadana en esta transformaci\u00f3n del Poder Judicial.<\/p>\n<p>&nbsp;<\/p>\n<p style=\"text-align: justify;\" data-sourcepos=\"15:1-15:271\">Sheinbaum enfatiz\u00f3 que a los ministros les corresponde demostrar que la transformaci\u00f3n ha llegado tambi\u00e9n al Poder Judicial. &#8220;Y no es un asunto pol\u00edtico, es un asunto de honestidad, de sencillez, de modestia, de austeridad y de impartici\u00f3n de justicia\u201d, a\u00f1adi\u00f3.<\/p>\n<p>&nbsp;<\/p>\n<p style=\"text-align: justify;\" data-sourcepos=\"17:1-17:405\">La mandataria aprovech\u00f3 para reconocer el amplio conocimiento y preparaci\u00f3n del abogado de origen mixteco, Hugo Aguilar, quien ser\u00e1 el pr\u00f3ximo presidente de la SCJN tras haber recibido m\u00e1s de 6 millones de votos.<\/p>\n<p>&nbsp;<\/p>\n<p>\u201cTiene un amplio conocimiento. Es un hombre modesto, sencillo. Con una enorme inteligencia y sensibilidad social. Entonces, nos da mucho gusto, la verdad\u201d, expres\u00f3 la Presidenta.<\/p>\n<p>&nbsp;<\/p>\n<p style=\"text-align: justify;\" data-sourcepos=\"19:1-19:185\">La elecci\u00f3n democr\u00e1tica de los miembros del Poder Judicial marca un hito en la historia del pa\u00eds, reforzando la idea de una justicia m\u00e1s cercana y transparente para todos los mexicanos.<\/p>\n<p>&nbsp;<\/p>\n<p style=\"text-align: center;\" data-sourcepos=\"19:1-19:185\"><em><strong>\u00a1Informaci\u00f3n que transforma!<\/strong><\/em><\/p>\n","protected":false},"excerpt":{"rendered":"<p>La presidenta Claudia Sheinbaum\u00a0hizo un llamado directo a las nuevas ministras y ministros de la Suprema Corte de Justicia de la Naci\u00f3n (SCJN) para que, a partir de septiembre, demuestren con su actuar que es posible un sistema de justicia diferente.<\/p>\n","protected":false},"author":3,"featured_media":15650,"comment_status":"open","ping_status":"open","sticky":false,"template":"","format":"standard","meta":{"footnotes":""},"categories":[88,21,58],"tags":[967,4703,534,4702],"class_list":["post-15649","post","type-post","status-publish","format-standard","has-post-thumbnail","hentry","category-nacional","category-politica","category-ultima-hora","tag-claudiasheinbaum","tag-justiciahonesta","tag-poderjudicial","tag-scjntransformada"],"yoast_head":"<!-- This site is optimized with the Yoast SEO plugin v25.0 - https:\/\/yoast.com\/wordpress\/plugins\/seo\/ -->\n<title>Presidenta demanda austeridad y transparencia a nuevos Ministros de la SCJN | Nexo Informativo Santiago de Quer\u00e9taro<\/title>\n<meta name=\"description\" content=\"Presidenta demanda austeridad y transparencia a nuevos Ministros de la SCJN\" \/>\n<meta name=\"robots\" content=\"index, follow, max-snippet:-1, max-image-preview:large, max-video-preview:-1\" \/>\n<link rel=\"canonical\" href=\"https:\/\/www.nexoinformativo.mx\/index.php\/2025\/06\/05\/presidenta-demanda-austeridad-y-transparencia-a-nuevos-ministros-de-la-scjn\/\" \/>\n<meta property=\"og:locale\" content=\"es_MX\" \/>\n<meta property=\"og:type\" content=\"article\" \/>\n<meta property=\"og:title\" content=\"Presidenta demanda austeridad y transparencia a nuevos Ministros de la SCJN | Nexo Informativo Santiago de Quer\u00e9taro\" \/>\n<meta property=\"og:description\" content=\"Presidenta demanda austeridad y transparencia a nuevos Ministros de la SCJN\" \/>\n<meta property=\"og:url\" content=\"https:\/\/www.nexoinformativo.mx\/index.php\/2025\/06\/05\/presidenta-demanda-austeridad-y-transparencia-a-nuevos-ministros-de-la-scjn\/\" \/>\n<meta property=\"og:site_name\" content=\"Nexo Informativo Santiago de Quer\u00e9taro\" \/>\n<meta property=\"article:publisher\" content=\"https:\/\/www.facebook.com\/people\/Nexo-Informativo\/61564066885511\/\" \/>\n<meta property=\"article:published_time\" content=\"2025-06-05T17:00:07+00:00\" \/>\n<meta property=\"article:modified_time\" content=\"2025-06-06T00:48:52+00:00\" \/>\n<meta property=\"og:image\" content=\"https:\/\/www.nexoinformativo.mx\/wp-content\/uploads\/2025\/06\/IMG_3682.jpg\" \/>\n\t<meta property=\"og:image:width\" content=\"650\" \/>\n\t<meta property=\"og:image:height\" content=\"380\" \/>\n\t<meta property=\"og:image:type\" content=\"image\/jpeg\" \/>\n<meta name=\"author\" content=\"Nexo Informativo\" \/>\n<meta name=\"twitter:card\" content=\"summary_large_image\" \/>\n<meta name=\"twitter:label1\" content=\"Escrito por\" \/>\n\t<meta name=\"twitter:data1\" content=\"Nexo Informativo\" \/>\n\t<meta name=\"twitter:label2\" content=\"Tiempo de lectura\" \/>\n\t<meta name=\"twitter:data2\" content=\"2 minutos\" \/>\n<script type=\"application\/ld+json\" class=\"yoast-schema-graph\">{\"@context\":\"https:\/\/schema.org\",\"@graph\":[{\"@type\":\"Article\",\"@id\":\"https:\/\/www.nexoinformativo.mx\/index.php\/2025\/06\/05\/presidenta-demanda-austeridad-y-transparencia-a-nuevos-ministros-de-la-scjn\/#article\",\"isPartOf\":{\"@id\":\"https:\/\/www.nexoinformativo.mx\/index.php\/2025\/06\/05\/presidenta-demanda-austeridad-y-transparencia-a-nuevos-ministros-de-la-scjn\/\"},\"author\":{\"name\":\"Nexo Informativo\",\"@id\":\"https:\/\/www.nexoinformativo.mx\/#\/schema\/person\/7749d380ba08c8ca00d7bc76fd907b7d\"},\"headline\":\"Presidenta demanda austeridad y transparencia a nuevos Ministros de la SCJN\",\"datePublished\":\"2025-06-05T17:00:07+00:00\",\"dateModified\":\"2025-06-06T00:48:52+00:00\",\"mainEntityOfPage\":{\"@id\":\"https:\/\/www.nexoinformativo.mx\/index.php\/2025\/06\/05\/presidenta-demanda-austeridad-y-transparencia-a-nuevos-ministros-de-la-scjn\/\"},\"wordCount\":334,\"commentCount\":0,\"publisher\":{\"@id\":\"https:\/\/www.nexoinformativo.mx\/#organization\"},\"image\":{\"@id\":\"https:\/\/www.nexoinformativo.mx\/index.php\/2025\/06\/05\/presidenta-demanda-austeridad-y-transparencia-a-nuevos-ministros-de-la-scjn\/#primaryimage\"},\"thumbnailUrl\":\"https:\/\/www.nexoinformativo.mx\/wp-content\/uploads\/2025\/06\/IMG_3682.jpg\",\"keywords\":[\"ClaudiaSheinbaum\",\"JusticiaHonesta\",\"PoderJudicial\",\"SCJNTransformada\"],\"articleSection\":[\"Nacional\",\"Pol\u00edtica\",\"\u00daltima Hora\"],\"inLanguage\":\"es\",\"potentialAction\":[{\"@type\":\"CommentAction\",\"name\":\"Comment\",\"target\":[\"https:\/\/www.nexoinformativo.mx\/index.php\/2025\/06\/05\/presidenta-demanda-austeridad-y-transparencia-a-nuevos-ministros-de-la-scjn\/#respond\"]}]},{\"@type\":\"WebPage\",\"@id\":\"https:\/\/www.nexoinformativo.mx\/index.php\/2025\/06\/05\/presidenta-demanda-austeridad-y-transparencia-a-nuevos-ministros-de-la-scjn\/\",\"url\":\"https:\/\/www.nexoinformativo.mx\/index.php\/2025\/06\/05\/presidenta-demanda-austeridad-y-transparencia-a-nuevos-ministros-de-la-scjn\/\",\"name\":\"Presidenta demanda austeridad y transparencia a nuevos Ministros de la SCJN | Nexo Informativo Santiago de Quer\u00e9taro\",\"isPartOf\":{\"@id\":\"https:\/\/www.nexoinformativo.mx\/#website\"},\"primaryImageOfPage\":{\"@id\":\"https:\/\/www.nexoinformativo.mx\/index.php\/2025\/06\/05\/presidenta-demanda-austeridad-y-transparencia-a-nuevos-ministros-de-la-scjn\/#primaryimage\"},\"image\":{\"@id\":\"https:\/\/www.nexoinformativo.mx\/index.php\/2025\/06\/05\/presidenta-demanda-austeridad-y-transparencia-a-nuevos-ministros-de-la-scjn\/#primaryimage\"},\"thumbnailUrl\":\"https:\/\/www.nexoinformativo.mx\/wp-content\/uploads\/2025\/06\/IMG_3682.jpg\",\"datePublished\":\"2025-06-05T17:00:07+00:00\",\"dateModified\":\"2025-06-06T00:48:52+00:00\",\"description\":\"Presidenta demanda austeridad y transparencia a nuevos Ministros de la SCJN\",\"breadcrumb\":{\"@id\":\"https:\/\/www.nexoinformativo.mx\/index.php\/2025\/06\/05\/presidenta-demanda-austeridad-y-transparencia-a-nuevos-ministros-de-la-scjn\/#breadcrumb\"},\"inLanguage\":\"es\",\"potentialAction\":[{\"@type\":\"ReadAction\",\"target\":[\"https:\/\/www.nexoinformativo.mx\/index.php\/2025\/06\/05\/presidenta-demanda-austeridad-y-transparencia-a-nuevos-ministros-de-la-scjn\/\"]}]},{\"@type\":\"ImageObject\",\"inLanguage\":\"es\",\"@id\":\"https:\/\/www.nexoinformativo.mx\/index.php\/2025\/06\/05\/presidenta-demanda-austeridad-y-transparencia-a-nuevos-ministros-de-la-scjn\/#primaryimage\",\"url\":\"https:\/\/www.nexoinformativo.mx\/wp-content\/uploads\/2025\/06\/IMG_3682.jpg\",\"contentUrl\":\"https:\/\/www.nexoinformativo.mx\/wp-content\/uploads\/2025\/06\/IMG_3682.jpg\",\"width\":650,\"height\":380},{\"@type\":\"BreadcrumbList\",\"@id\":\"https:\/\/www.nexoinformativo.mx\/index.php\/2025\/06\/05\/presidenta-demanda-austeridad-y-transparencia-a-nuevos-ministros-de-la-scjn\/#breadcrumb\",\"itemListElement\":[{\"@type\":\"ListItem\",\"position\":1,\"name\":\"Inicio\",\"item\":\"https:\/\/www.nexoinformativo.mx\/\"},{\"@type\":\"ListItem\",\"position\":2,\"name\":\"Presidenta demanda austeridad y transparencia a nuevos Ministros de la SCJN\"}]},{\"@type\":\"WebSite\",\"@id\":\"https:\/\/www.nexoinformativo.mx\/#website\",\"url\":\"https:\/\/www.nexoinformativo.mx\/\",\"name\":\"Nexo Informativo Santiago de Quer\u00e9taro\",\"description\":\"Explora NexoInformativo y convi\u00e9rtete en parte de una comunidad que valora el conocimiento y la verdad. Tu nexoinformativo es tu puente hacia una comprensi\u00f3n m\u00e1s profunda del mundo que te rodea.\",\"publisher\":{\"@id\":\"https:\/\/www.nexoinformativo.mx\/#organization\"},\"potentialAction\":[{\"@type\":\"SearchAction\",\"target\":{\"@type\":\"EntryPoint\",\"urlTemplate\":\"https:\/\/www.nexoinformativo.mx\/?s={search_term_string}\"},\"query-input\":{\"@type\":\"PropertyValueSpecification\",\"valueRequired\":true,\"valueName\":\"search_term_string\"}}],\"inLanguage\":\"es\"},{\"@type\":\"Organization\",\"@id\":\"https:\/\/www.nexoinformativo.mx\/#organization\",\"name\":\"Nexo Informativo Santiago de Quer\u00e9taro\",\"url\":\"https:\/\/www.nexoinformativo.mx\/\",\"logo\":{\"@type\":\"ImageObject\",\"inLanguage\":\"es\",\"@id\":\"https:\/\/www.nexoinformativo.mx\/#\/schema\/logo\/image\/\",\"url\":\"https:\/\/www.nexoinformativo.mx\/wp-content\/uploads\/2024\/07\/nexoi-trasparente-2.png\",\"contentUrl\":\"https:\/\/www.nexoinformativo.mx\/wp-content\/uploads\/2024\/07\/nexoi-trasparente-2.png\",\"width\":816,\"height\":339,\"caption\":\"Nexo Informativo Santiago de Quer\u00e9taro\"},\"image\":{\"@id\":\"https:\/\/www.nexoinformativo.mx\/#\/schema\/logo\/image\/\"},\"sameAs\":[\"https:\/\/www.facebook.com\/people\/Nexo-Informativo\/61564066885511\/\"]},{\"@type\":\"Person\",\"@id\":\"https:\/\/www.nexoinformativo.mx\/#\/schema\/person\/7749d380ba08c8ca00d7bc76fd907b7d\",\"name\":\"Nexo Informativo\",\"image\":{\"@type\":\"ImageObject\",\"inLanguage\":\"es\",\"@id\":\"https:\/\/www.nexoinformativo.mx\/#\/schema\/person\/image\/\",\"url\":\"https:\/\/secure.gravatar.com\/avatar\/dde2928154642a13d95f87ddf1ea9718fe2b46760a005c53e41ff5ad610704e6?s=96&d=mm&r=g\",\"contentUrl\":\"https:\/\/secure.gravatar.com\/avatar\/dde2928154642a13d95f87ddf1ea9718fe2b46760a005c53e41ff5ad610704e6?s=96&d=mm&r=g\",\"caption\":\"Nexo Informativo\"},\"url\":\"https:\/\/www.nexoinformativo.mx\/index.php\/author\/edicion\/\"}]}<\/script>\n<!-- \/ Yoast SEO plugin. -->","yoast_head_json":{"title":"Presidenta demanda austeridad y transparencia a nuevos Ministros de la SCJN | Nexo Informativo Santiago de Quer\u00e9taro","description":"Presidenta demanda austeridad y transparencia a nuevos Ministros de la SCJN","robots":{"index":"index","follow":"follow","max-snippet":"max-snippet:-1","max-image-preview":"max-image-preview:large","max-video-preview":"max-video-preview:-1"},"canonical":"https:\/\/www.nexoinformativo.mx\/index.php\/2025\/06\/05\/presidenta-demanda-austeridad-y-transparencia-a-nuevos-ministros-de-la-scjn\/","og_locale":"es_MX","og_type":"article","og_title":"Presidenta demanda austeridad y transparencia a nuevos Ministros de la SCJN | Nexo Informativo Santiago de Quer\u00e9taro","og_description":"Presidenta demanda austeridad y transparencia a nuevos Ministros de la SCJN","og_url":"https:\/\/www.nexoinformativo.mx\/index.php\/2025\/06\/05\/presidenta-demanda-austeridad-y-transparencia-a-nuevos-ministros-de-la-scjn\/","og_site_name":"Nexo Informativo Santiago de Quer\u00e9taro","article_publisher":"https:\/\/www.facebook.com\/people\/Nexo-Informativo\/61564066885511\/","article_published_time":"2025-06-05T17:00:07+00:00","article_modified_time":"2025-06-06T00:48:52+00:00","og_image":[{"width":650,"height":380,"url":"https:\/\/www.nexoinformativo.mx\/wp-content\/uploads\/2025\/06\/IMG_3682.jpg","type":"image\/jpeg"}],"author":"Nexo Informativo","twitter_card":"summary_large_image","twitter_misc":{"Escrito por":"Nexo Informativo","Tiempo de lectura":"2 minutos"},"schema":{"@context":"https:\/\/schema.org","@graph":[{"@type":"Article","@id":"https:\/\/www.nexoinformativo.mx\/index.php\/2025\/06\/05\/presidenta-demanda-austeridad-y-transparencia-a-nuevos-ministros-de-la-scjn\/#article","isPartOf":{"@id":"https:\/\/www.nexoinformativo.mx\/index.php\/2025\/06\/05\/presidenta-demanda-austeridad-y-transparencia-a-nuevos-ministros-de-la-scjn\/"},"author":{"name":"Nexo Informativo","@id":"https:\/\/www.nexoinformativo.mx\/#\/schema\/person\/7749d380ba08c8ca00d7bc76fd907b7d"},"headline":"Presidenta demanda austeridad y transparencia a nuevos Ministros de la SCJN","datePublished":"2025-06-05T17:00:07+00:00","dateModified":"2025-06-06T00:48:52+00:00","mainEntityOfPage":{"@id":"https:\/\/www.nexoinformativo.mx\/index.php\/2025\/06\/05\/presidenta-demanda-austeridad-y-transparencia-a-nuevos-ministros-de-la-scjn\/"},"wordCount":334,"commentCount":0,"publisher":{"@id":"https:\/\/www.nexoinformativo.mx\/#organization"},"image":{"@id":"https:\/\/www.nexoinformativo.mx\/index.php\/2025\/06\/05\/presidenta-demanda-austeridad-y-transparencia-a-nuevos-ministros-de-la-scjn\/#primaryimage"},"thumbnailUrl":"https:\/\/www.nexoinformativo.mx\/wp-content\/uploads\/2025\/06\/IMG_3682.jpg","keywords":["ClaudiaSheinbaum","JusticiaHonesta","PoderJudicial","SCJNTransformada"],"articleSection":["Nacional","Pol\u00edtica","\u00daltima Hora"],"inLanguage":"es","potentialAction":[{"@type":"CommentAction","name":"Comment","target":["https:\/\/www.nexoinformativo.mx\/index.php\/2025\/06\/05\/presidenta-demanda-austeridad-y-transparencia-a-nuevos-ministros-de-la-scjn\/#respond"]}]},{"@type":"WebPage","@id":"https:\/\/www.nexoinformativo.mx\/index.php\/2025\/06\/05\/presidenta-demanda-austeridad-y-transparencia-a-nuevos-ministros-de-la-scjn\/","url":"https:\/\/www.nexoinformativo.mx\/index.php\/2025\/06\/05\/presidenta-demanda-austeridad-y-transparencia-a-nuevos-ministros-de-la-scjn\/","name":"Presidenta demanda austeridad y transparencia a nuevos Ministros de la SCJN | Nexo Informativo Santiago de Quer\u00e9taro","isPartOf":{"@id":"https:\/\/www.nexoinformativo.mx\/#website"},"primaryImageOfPage":{"@id":"https:\/\/www.nexoinformativo.mx\/index.php\/2025\/06\/05\/presidenta-demanda-austeridad-y-transparencia-a-nuevos-ministros-de-la-scjn\/#primaryimage"},"image":{"@id":"https:\/\/www.nexoinformativo.mx\/index.php\/2025\/06\/05\/presidenta-demanda-austeridad-y-transparencia-a-nuevos-ministros-de-la-scjn\/#primaryimage"},"thumbnailUrl":"https:\/\/www.nexoinformativo.mx\/wp-content\/uploads\/2025\/06\/IMG_3682.jpg","datePublished":"2025-06-05T17:00:07+00:00","dateModified":"2025-06-06T00:48:52+00:00","description":"Presidenta demanda austeridad y transparencia a nuevos Ministros de la SCJN","breadcrumb":{"@id":"https:\/\/www.nexoinformativo.mx\/index.php\/2025\/06\/05\/presidenta-demanda-austeridad-y-transparencia-a-nuevos-ministros-de-la-scjn\/#breadcrumb"},"inLanguage":"es","potentialAction":[{"@type":"ReadAction","target":["https:\/\/www.nexoinformativo.mx\/index.php\/2025\/06\/05\/presidenta-demanda-austeridad-y-transparencia-a-nuevos-ministros-de-la-scjn\/"]}]},{"@type":"ImageObject","inLanguage":"es","@id":"https:\/\/www.nexoinformativo.mx\/index.php\/2025\/06\/05\/presidenta-demanda-austeridad-y-transparencia-a-nuevos-ministros-de-la-scjn\/#primaryimage","url":"https:\/\/www.nexoinformativo.mx\/wp-content\/uploads\/2025\/06\/IMG_3682.jpg","contentUrl":"https:\/\/www.nexoinformativo.mx\/wp-content\/uploads\/2025\/06\/IMG_3682.jpg","width":650,"height":380},{"@type":"BreadcrumbList","@id":"https:\/\/www.nexoinformativo.mx\/index.php\/2025\/06\/05\/presidenta-demanda-austeridad-y-transparencia-a-nuevos-ministros-de-la-scjn\/#breadcrumb","itemListElement":[{"@type":"ListItem","position":1,"name":"Inicio","item":"https:\/\/www.nexoinformativo.mx\/"},{"@type":"ListItem","position":2,"name":"Presidenta demanda austeridad y transparencia a nuevos Ministros de la SCJN"}]},{"@type":"WebSite","@id":"https:\/\/www.nexoinformativo.mx\/#website","url":"https:\/\/www.nexoinformativo.mx\/","name":"Nexo Informativo Santiago de Quer\u00e9taro","description":"Explora NexoInformativo y convi\u00e9rtete en parte de una comunidad que valora el conocimiento y la verdad. Tu nexoinformativo es tu puente hacia una comprensi\u00f3n m\u00e1s profunda del mundo que te rodea.","publisher":{"@id":"https:\/\/www.nexoinformativo.mx\/#organization"},"potentialAction":[{"@type":"SearchAction","target":{"@type":"EntryPoint","urlTemplate":"https:\/\/www.nexoinformativo.mx\/?s={search_term_string}"},"query-input":{"@type":"PropertyValueSpecification","valueRequired":true,"valueName":"search_term_string"}}],"inLanguage":"es"},{"@type":"Organization","@id":"https:\/\/www.nexoinformativo.mx\/#organization","name":"Nexo Informativo Santiago de Quer\u00e9taro","url":"https:\/\/www.nexoinformativo.mx\/","logo":{"@type":"ImageObject","inLanguage":"es","@id":"https:\/\/www.nexoinformativo.mx\/#\/schema\/logo\/image\/","url":"https:\/\/www.nexoinformativo.mx\/wp-content\/uploads\/2024\/07\/nexoi-trasparente-2.png","contentUrl":"https:\/\/www.nexoinformativo.mx\/wp-content\/uploads\/2024\/07\/nexoi-trasparente-2.png","width":816,"height":339,"caption":"Nexo Informativo Santiago de Quer\u00e9taro"},"image":{"@id":"https:\/\/www.nexoinformativo.mx\/#\/schema\/logo\/image\/"},"sameAs":["https:\/\/www.facebook.com\/people\/Nexo-Informativo\/61564066885511\/"]},{"@type":"Person","@id":"https:\/\/www.nexoinformativo.mx\/#\/schema\/person\/7749d380ba08c8ca00d7bc76fd907b7d","name":"Nexo Informativo","image":{"@type":"ImageObject","inLanguage":"es","@id":"https:\/\/www.nexoinformativo.mx\/#\/schema\/person\/image\/","url":"https:\/\/secure.gravatar.com\/avatar\/dde2928154642a13d95f87ddf1ea9718fe2b46760a005c53e41ff5ad610704e6?s=96&d=mm&r=g","contentUrl":"https:\/\/secure.gravatar.com\/avatar\/dde2928154642a13d95f87ddf1ea9718fe2b46760a005c53e41ff5ad610704e6?s=96&d=mm&r=g","caption":"Nexo Informativo"},"url":"https:\/\/www.nexoinformativo.mx\/index.php\/author\/edicion\/"}]}},"_links":{"self":[{"href":"https:\/\/www.nexoinformativo.mx\/index.php\/wp-json\/wp\/v2\/posts\/15649","targetHints":{"allow":["GET"]}}],"collection":[{"href":"https:\/\/www.nexoinformativo.mx\/index.php\/wp-json\/wp\/v2\/posts"}],"about":[{"href":"https:\/\/www.nexoinformativo.mx\/index.php\/wp-json\/wp\/v2\/types\/post"}],"author":[{"embeddable":true,"href":"https:\/\/www.nexoinformativo.mx\/index.php\/wp-json\/wp\/v2\/users\/3"}],"replies":[{"embeddable":true,"href":"https:\/\/www.nexoinformativo.mx\/index.php\/wp-json\/wp\/v2\/comments?post=15649"}],"version-history":[{"count":5,"href":"https:\/\/www.nexoinformativo.mx\/index.php\/wp-json\/wp\/v2\/posts\/15649\/revisions"}],"predecessor-version":[{"id":15653,"href":"https:\/\/www.nexoinformativo.mx\/index.php\/wp-json\/wp\/v2\/posts\/15649\/revisions\/15653"}],"wp:featuredmedia":[{"embeddable":true,"href":"https:\/\/www.nexoinformativo.mx\/index.php\/wp-json\/wp\/v2\/media\/15650"}],"wp:attachment":[{"href":"https:\/\/www.nexoinformativo.mx\/index.php\/wp-json\/wp\/v2\/media?parent=15649"}],"wp:term":[{"taxonomy":"category","embeddable":true,"href":"https:\/\/www.nexoinformativo.mx\/index.php\/wp-json\/wp\/v2\/categories?post=15649"},{"taxonomy":"post_tag","embeddable":true,"href":"https:\/\/www.nexoinformativo.mx\/index.php\/wp-json\/wp\/v2\/tags?post=15649"}],"curies":[{"name":"wp","href":"https:\/\/api.w.org\/{rel}","templated":true}]}}