{"id":15661,"date":"2025-06-05T13:00:08","date_gmt":"2025-06-05T19:00:08","guid":{"rendered":"https:\/\/www.nexoinformativo.mx\/?p=15661"},"modified":"2025-06-05T19:00:07","modified_gmt":"2025-06-06T01:00:07","slug":"un-paso-crucial-contra-el-vih-salud-lanza-plataforma-gratuita-para-fortalecer-atencion-y-prevencion-en-mexico","status":"publish","type":"post","link":"https:\/\/www.nexoinformativo.mx\/index.php\/2025\/06\/05\/un-paso-crucial-contra-el-vih-salud-lanza-plataforma-gratuita-para-fortalecer-atencion-y-prevencion-en-mexico\/","title":{"rendered":"Un paso crucial contra el VIH salud lanza plataforma gratuita para fortalecer atenci\u00f3n y prevenci\u00f3n en M\u00e9xico"},"content":{"rendered":"<p style=\"text-align: justify;\" data-sourcepos=\"5:1-5:393\">La Secretar\u00eda de Salud de M\u00e9xico reafirm\u00f3 su firme compromiso con la meta de eliminar las brechas en la atenci\u00f3n m\u00e9dica y reducir los nuevos casos de infecci\u00f3n por el Virus de Inmunodeficiencia Humana (VIH) rumbo al a\u00f1o 2030.<\/p>\n<\/p>\n<p>&nbsp;<\/p>\n<p style=\"text-align: justify;\" data-sourcepos=\"5:1-5:393\">Este compromiso fue el centro de la presentaci\u00f3n de la nueva plataforma digital &#8220;Red de Respuesta al VIH en M\u00e9xico&#8221;.<\/p>\n<\/p>\n<p>&nbsp;<\/p>\n<p style=\"text-align: justify;\" data-sourcepos=\"7:1-7:350\">Esta herramienta, de acceso p\u00fablico y gratuito (disponible en respuestavih.mx), fue desarrollada por Fundaci\u00f3n M\u00e9xico Vivo, A.C. y Colmena Consultoras, S.C.<\/p>\n<\/p>\n<p>&nbsp;<\/p>\n<p style=\"text-align: justify;\" data-sourcepos=\"7:1-7:350\">Su objetivo es articular los esfuerzos entre la sociedad civil, organismos internacionales y autoridades de salud para acelerar el cumplimiento de las metas 2030 en materia de VIH\/SIDA.<\/p>\n<\/p>\n<p>&nbsp;<\/p>\n<p style=\"text-align: justify;\" data-sourcepos=\"9:1-9:413\">El secretario de Salud, David Kershenobich, destac\u00f3 que para avanzar en la eliminaci\u00f3n del VIH como amenaza a la salud p\u00fablica, es indispensable fortalecer la cooperaci\u00f3n interinstitucional, el di\u00e1logo permanente y el respeto pleno a los derechos humanos.<\/p>\n<\/p>\n<p>&nbsp;<\/p>\n<p style=\"text-align: justify;\" data-sourcepos=\"9:1-9:413\">Subray\u00f3 que la atenci\u00f3n integral debe incluir prevenci\u00f3n, salud mental y tratamiento de comorbilidades, siempre poniendo a las personas en el centro.<\/p>\n<\/p>\n<p>&nbsp;<\/p>\n<p style=\"text-align: justify;\" data-sourcepos=\"11:1-11:408\">\u201cMientras exista el miedo a ser juzgado, las personas seguir\u00e1n posponiendo las pruebas de detecci\u00f3n oportuna, evitando los servicios de salud y viviendo en silencio con una enfermedad que puede y debe ser tratada\u201d, afirm\u00f3 Kershenobich.<\/p>\n<\/p>\n<p>&nbsp;<\/p>\n<p style=\"text-align: justify;\" data-sourcepos=\"11:1-11:408\">A\u00f1adi\u00f3 que la historia de la respuesta al VIH en M\u00e9xico es resultado de una construcci\u00f3n colectiva, que ha transformado el estigma en acci\u00f3n y la exclusi\u00f3n en organizaci\u00f3n.<\/p>\n<\/p>\n<p>&nbsp;<\/p>\n<p style=\"text-align: center;\" data-sourcepos=\"11:1-11:408\"><em><strong>\u00a1Informaci\u00f3n que transforma!<\/strong><\/em><\/p>\n","protected":false},"excerpt":{"rendered":"<p>La Secretar\u00eda de Salud de M\u00e9xico reafirm\u00f3 su firme compromiso con la meta de eliminar las brechas en la atenci\u00f3n m\u00e9dica y reducir los nuevos casos de infecci\u00f3n por el Virus de Inmunodeficiencia Humana (VIH) rumbo al a\u00f1o 2030.<\/p>\n","protected":false},"author":3,"featured_media":15662,"comment_status":"open","ping_status":"open","sticky":false,"template":"","format":"standard","meta":{"footnotes":""},"categories":[88,58],"tags":[4707,4706,1079,4705],"class_list":["post-15661","post","type-post","status-publish","format-standard","has-post-thumbnail","hentry","category-nacional","category-ultima-hora","tag-prevencionvih","tag-redrespuestavih","tag-saludparatodos","tag-vihsinestigma"],"yoast_head":"<!-- This site is optimized with the Yoast SEO plugin v25.0 - https:\/\/yoast.com\/wordpress\/plugins\/seo\/ -->\n<title>Un paso crucial contra el VIH salud lanza plataforma gratuita para fortalecer atenci\u00f3n y prevenci\u00f3n en M\u00e9xico | Nexo Informativo Santiago de Quer\u00e9taro<\/title>\n<meta name=\"description\" content=\"Un paso crucial contra el VIH salud lanza plataforma gratuita para fortalecer atenci\u00f3n y prevenci\u00f3n en M\u00e9xico\" \/>\n<meta name=\"robots\" content=\"index, follow, max-snippet:-1, max-image-preview:large, max-video-preview:-1\" \/>\n<link rel=\"canonical\" href=\"https:\/\/www.nexoinformativo.mx\/index.php\/2025\/06\/05\/un-paso-crucial-contra-el-vih-salud-lanza-plataforma-gratuita-para-fortalecer-atencion-y-prevencion-en-mexico\/\" \/>\n<meta property=\"og:locale\" content=\"es_MX\" \/>\n<meta property=\"og:type\" content=\"article\" \/>\n<meta property=\"og:title\" content=\"Un paso crucial contra el VIH salud lanza plataforma gratuita para fortalecer atenci\u00f3n y prevenci\u00f3n en M\u00e9xico | Nexo Informativo Santiago de Quer\u00e9taro\" \/>\n<meta property=\"og:description\" content=\"Un paso crucial contra el VIH salud lanza plataforma gratuita para fortalecer atenci\u00f3n y prevenci\u00f3n en M\u00e9xico\" \/>\n<meta property=\"og:url\" content=\"https:\/\/www.nexoinformativo.mx\/index.php\/2025\/06\/05\/un-paso-crucial-contra-el-vih-salud-lanza-plataforma-gratuita-para-fortalecer-atencion-y-prevencion-en-mexico\/\" \/>\n<meta property=\"og:site_name\" content=\"Nexo Informativo Santiago de Quer\u00e9taro\" \/>\n<meta property=\"article:publisher\" content=\"https:\/\/www.facebook.com\/people\/Nexo-Informativo\/61564066885511\/\" \/>\n<meta property=\"article:published_time\" content=\"2025-06-05T19:00:08+00:00\" \/>\n<meta property=\"article:modified_time\" content=\"2025-06-06T01:00:07+00:00\" \/>\n<meta property=\"og:image\" content=\"https:\/\/www.nexoinformativo.mx\/wp-content\/uploads\/2025\/06\/IMG_3685-e1749171562833.jpg\" \/>\n\t<meta property=\"og:image:width\" content=\"800\" \/>\n\t<meta property=\"og:image:height\" content=\"533\" \/>\n\t<meta property=\"og:image:type\" content=\"image\/jpeg\" \/>\n<meta name=\"author\" content=\"Nexo Informativo\" \/>\n<meta name=\"twitter:card\" content=\"summary_large_image\" \/>\n<meta name=\"twitter:label1\" content=\"Escrito por\" \/>\n\t<meta name=\"twitter:data1\" content=\"Nexo Informativo\" \/>\n\t<meta name=\"twitter:label2\" content=\"Tiempo de lectura\" \/>\n\t<meta name=\"twitter:data2\" content=\"2 minutos\" \/>\n<script type=\"application\/ld+json\" class=\"yoast-schema-graph\">{\"@context\":\"https:\/\/schema.org\",\"@graph\":[{\"@type\":\"Article\",\"@id\":\"https:\/\/www.nexoinformativo.mx\/index.php\/2025\/06\/05\/un-paso-crucial-contra-el-vih-salud-lanza-plataforma-gratuita-para-fortalecer-atencion-y-prevencion-en-mexico\/#article\",\"isPartOf\":{\"@id\":\"https:\/\/www.nexoinformativo.mx\/index.php\/2025\/06\/05\/un-paso-crucial-contra-el-vih-salud-lanza-plataforma-gratuita-para-fortalecer-atencion-y-prevencion-en-mexico\/\"},\"author\":{\"name\":\"Nexo Informativo\",\"@id\":\"https:\/\/www.nexoinformativo.mx\/#\/schema\/person\/7749d380ba08c8ca00d7bc76fd907b7d\"},\"headline\":\"Un paso crucial contra el VIH salud lanza plataforma gratuita para fortalecer atenci\u00f3n y prevenci\u00f3n en M\u00e9xico\",\"datePublished\":\"2025-06-05T19:00:08+00:00\",\"dateModified\":\"2025-06-06T01:00:07+00:00\",\"mainEntityOfPage\":{\"@id\":\"https:\/\/www.nexoinformativo.mx\/index.php\/2025\/06\/05\/un-paso-crucial-contra-el-vih-salud-lanza-plataforma-gratuita-para-fortalecer-atencion-y-prevencion-en-mexico\/\"},\"wordCount\":292,\"commentCount\":0,\"publisher\":{\"@id\":\"https:\/\/www.nexoinformativo.mx\/#organization\"},\"image\":{\"@id\":\"https:\/\/www.nexoinformativo.mx\/index.php\/2025\/06\/05\/un-paso-crucial-contra-el-vih-salud-lanza-plataforma-gratuita-para-fortalecer-atencion-y-prevencion-en-mexico\/#primaryimage\"},\"thumbnailUrl\":\"https:\/\/www.nexoinformativo.mx\/wp-content\/uploads\/2025\/06\/IMG_3685-e1749171562833.jpg\",\"keywords\":[\"Prevenci\u00f3nVIH\",\"RedRespuestaVIH\",\"SaludParaTodos\",\"VIHSinEstigma\"],\"articleSection\":[\"Nacional\",\"\u00daltima Hora\"],\"inLanguage\":\"es\",\"potentialAction\":[{\"@type\":\"CommentAction\",\"name\":\"Comment\",\"target\":[\"https:\/\/www.nexoinformativo.mx\/index.php\/2025\/06\/05\/un-paso-crucial-contra-el-vih-salud-lanza-plataforma-gratuita-para-fortalecer-atencion-y-prevencion-en-mexico\/#respond\"]}]},{\"@type\":\"WebPage\",\"@id\":\"https:\/\/www.nexoinformativo.mx\/index.php\/2025\/06\/05\/un-paso-crucial-contra-el-vih-salud-lanza-plataforma-gratuita-para-fortalecer-atencion-y-prevencion-en-mexico\/\",\"url\":\"https:\/\/www.nexoinformativo.mx\/index.php\/2025\/06\/05\/un-paso-crucial-contra-el-vih-salud-lanza-plataforma-gratuita-para-fortalecer-atencion-y-prevencion-en-mexico\/\",\"name\":\"Un paso crucial contra el VIH salud lanza plataforma gratuita para fortalecer atenci\u00f3n y prevenci\u00f3n en M\u00e9xico | Nexo Informativo Santiago de Quer\u00e9taro\",\"isPartOf\":{\"@id\":\"https:\/\/www.nexoinformativo.mx\/#website\"},\"primaryImageOfPage\":{\"@id\":\"https:\/\/www.nexoinformativo.mx\/index.php\/2025\/06\/05\/un-paso-crucial-contra-el-vih-salud-lanza-plataforma-gratuita-para-fortalecer-atencion-y-prevencion-en-mexico\/#primaryimage\"},\"image\":{\"@id\":\"https:\/\/www.nexoinformativo.mx\/index.php\/2025\/06\/05\/un-paso-crucial-contra-el-vih-salud-lanza-plataforma-gratuita-para-fortalecer-atencion-y-prevencion-en-mexico\/#primaryimage\"},\"thumbnailUrl\":\"https:\/\/www.nexoinformativo.mx\/wp-content\/uploads\/2025\/06\/IMG_3685-e1749171562833.jpg\",\"datePublished\":\"2025-06-05T19:00:08+00:00\",\"dateModified\":\"2025-06-06T01:00:07+00:00\",\"description\":\"Un paso crucial contra el VIH salud lanza plataforma gratuita para fortalecer atenci\u00f3n y prevenci\u00f3n en M\u00e9xico\",\"breadcrumb\":{\"@id\":\"https:\/\/www.nexoinformativo.mx\/index.php\/2025\/06\/05\/un-paso-crucial-contra-el-vih-salud-lanza-plataforma-gratuita-para-fortalecer-atencion-y-prevencion-en-mexico\/#breadcrumb\"},\"inLanguage\":\"es\",\"potentialAction\":[{\"@type\":\"ReadAction\",\"target\":[\"https:\/\/www.nexoinformativo.mx\/index.php\/2025\/06\/05\/un-paso-crucial-contra-el-vih-salud-lanza-plataforma-gratuita-para-fortalecer-atencion-y-prevencion-en-mexico\/\"]}]},{\"@type\":\"ImageObject\",\"inLanguage\":\"es\",\"@id\":\"https:\/\/www.nexoinformativo.mx\/index.php\/2025\/06\/05\/un-paso-crucial-contra-el-vih-salud-lanza-plataforma-gratuita-para-fortalecer-atencion-y-prevencion-en-mexico\/#primaryimage\",\"url\":\"https:\/\/www.nexoinformativo.mx\/wp-content\/uploads\/2025\/06\/IMG_3685-e1749171562833.jpg\",\"contentUrl\":\"https:\/\/www.nexoinformativo.mx\/wp-content\/uploads\/2025\/06\/IMG_3685-e1749171562833.jpg\",\"width\":800,\"height\":533},{\"@type\":\"BreadcrumbList\",\"@id\":\"https:\/\/www.nexoinformativo.mx\/index.php\/2025\/06\/05\/un-paso-crucial-contra-el-vih-salud-lanza-plataforma-gratuita-para-fortalecer-atencion-y-prevencion-en-mexico\/#breadcrumb\",\"itemListElement\":[{\"@type\":\"ListItem\",\"position\":1,\"name\":\"Inicio\",\"item\":\"https:\/\/www.nexoinformativo.mx\/\"},{\"@type\":\"ListItem\",\"position\":2,\"name\":\"Un paso crucial contra el VIH salud lanza plataforma gratuita para fortalecer atenci\u00f3n y prevenci\u00f3n en M\u00e9xico\"}]},{\"@type\":\"WebSite\",\"@id\":\"https:\/\/www.nexoinformativo.mx\/#website\",\"url\":\"https:\/\/www.nexoinformativo.mx\/\",\"name\":\"Nexo Informativo Santiago de Quer\u00e9taro\",\"description\":\"Explora NexoInformativo y convi\u00e9rtete en parte de una comunidad que valora el conocimiento y la verdad. Tu nexoinformativo es tu puente hacia una comprensi\u00f3n m\u00e1s profunda del mundo que te rodea.\",\"publisher\":{\"@id\":\"https:\/\/www.nexoinformativo.mx\/#organization\"},\"potentialAction\":[{\"@type\":\"SearchAction\",\"target\":{\"@type\":\"EntryPoint\",\"urlTemplate\":\"https:\/\/www.nexoinformativo.mx\/?s={search_term_string}\"},\"query-input\":{\"@type\":\"PropertyValueSpecification\",\"valueRequired\":true,\"valueName\":\"search_term_string\"}}],\"inLanguage\":\"es\"},{\"@type\":\"Organization\",\"@id\":\"https:\/\/www.nexoinformativo.mx\/#organization\",\"name\":\"Nexo Informativo Santiago de Quer\u00e9taro\",\"url\":\"https:\/\/www.nexoinformativo.mx\/\",\"logo\":{\"@type\":\"ImageObject\",\"inLanguage\":\"es\",\"@id\":\"https:\/\/www.nexoinformativo.mx\/#\/schema\/logo\/image\/\",\"url\":\"https:\/\/www.nexoinformativo.mx\/wp-content\/uploads\/2024\/07\/nexoi-trasparente-2.png\",\"contentUrl\":\"https:\/\/www.nexoinformativo.mx\/wp-content\/uploads\/2024\/07\/nexoi-trasparente-2.png\",\"width\":816,\"height\":339,\"caption\":\"Nexo Informativo Santiago de Quer\u00e9taro\"},\"image\":{\"@id\":\"https:\/\/www.nexoinformativo.mx\/#\/schema\/logo\/image\/\"},\"sameAs\":[\"https:\/\/www.facebook.com\/people\/Nexo-Informativo\/61564066885511\/\"]},{\"@type\":\"Person\",\"@id\":\"https:\/\/www.nexoinformativo.mx\/#\/schema\/person\/7749d380ba08c8ca00d7bc76fd907b7d\",\"name\":\"Nexo Informativo\",\"image\":{\"@type\":\"ImageObject\",\"inLanguage\":\"es\",\"@id\":\"https:\/\/www.nexoinformativo.mx\/#\/schema\/person\/image\/\",\"url\":\"https:\/\/secure.gravatar.com\/avatar\/dde2928154642a13d95f87ddf1ea9718fe2b46760a005c53e41ff5ad610704e6?s=96&d=mm&r=g\",\"contentUrl\":\"https:\/\/secure.gravatar.com\/avatar\/dde2928154642a13d95f87ddf1ea9718fe2b46760a005c53e41ff5ad610704e6?s=96&d=mm&r=g\",\"caption\":\"Nexo Informativo\"},\"url\":\"https:\/\/www.nexoinformativo.mx\/index.php\/author\/edicion\/\"}]}<\/script>\n<!-- \/ Yoast SEO plugin. -->","yoast_head_json":{"title":"Un paso crucial contra el VIH salud lanza plataforma gratuita para fortalecer atenci\u00f3n y prevenci\u00f3n en M\u00e9xico | Nexo Informativo Santiago de Quer\u00e9taro","description":"Un paso crucial contra el VIH salud lanza plataforma gratuita para fortalecer atenci\u00f3n y prevenci\u00f3n en M\u00e9xico","robots":{"index":"index","follow":"follow","max-snippet":"max-snippet:-1","max-image-preview":"max-image-preview:large","max-video-preview":"max-video-preview:-1"},"canonical":"https:\/\/www.nexoinformativo.mx\/index.php\/2025\/06\/05\/un-paso-crucial-contra-el-vih-salud-lanza-plataforma-gratuita-para-fortalecer-atencion-y-prevencion-en-mexico\/","og_locale":"es_MX","og_type":"article","og_title":"Un paso crucial contra el VIH salud lanza plataforma gratuita para fortalecer atenci\u00f3n y prevenci\u00f3n en M\u00e9xico | Nexo Informativo Santiago de Quer\u00e9taro","og_description":"Un paso crucial contra el VIH salud lanza plataforma gratuita para fortalecer atenci\u00f3n y prevenci\u00f3n en M\u00e9xico","og_url":"https:\/\/www.nexoinformativo.mx\/index.php\/2025\/06\/05\/un-paso-crucial-contra-el-vih-salud-lanza-plataforma-gratuita-para-fortalecer-atencion-y-prevencion-en-mexico\/","og_site_name":"Nexo Informativo Santiago de Quer\u00e9taro","article_publisher":"https:\/\/www.facebook.com\/people\/Nexo-Informativo\/61564066885511\/","article_published_time":"2025-06-05T19:00:08+00:00","article_modified_time":"2025-06-06T01:00:07+00:00","og_image":[{"width":800,"height":533,"url":"https:\/\/www.nexoinformativo.mx\/wp-content\/uploads\/2025\/06\/IMG_3685-e1749171562833.jpg","type":"image\/jpeg"}],"author":"Nexo Informativo","twitter_card":"summary_large_image","twitter_misc":{"Escrito por":"Nexo Informativo","Tiempo de lectura":"2 minutos"},"schema":{"@context":"https:\/\/schema.org","@graph":[{"@type":"Article","@id":"https:\/\/www.nexoinformativo.mx\/index.php\/2025\/06\/05\/un-paso-crucial-contra-el-vih-salud-lanza-plataforma-gratuita-para-fortalecer-atencion-y-prevencion-en-mexico\/#article","isPartOf":{"@id":"https:\/\/www.nexoinformativo.mx\/index.php\/2025\/06\/05\/un-paso-crucial-contra-el-vih-salud-lanza-plataforma-gratuita-para-fortalecer-atencion-y-prevencion-en-mexico\/"},"author":{"name":"Nexo Informativo","@id":"https:\/\/www.nexoinformativo.mx\/#\/schema\/person\/7749d380ba08c8ca00d7bc76fd907b7d"},"headline":"Un paso crucial contra el VIH salud lanza plataforma gratuita para fortalecer atenci\u00f3n y prevenci\u00f3n en M\u00e9xico","datePublished":"2025-06-05T19:00:08+00:00","dateModified":"2025-06-06T01:00:07+00:00","mainEntityOfPage":{"@id":"https:\/\/www.nexoinformativo.mx\/index.php\/2025\/06\/05\/un-paso-crucial-contra-el-vih-salud-lanza-plataforma-gratuita-para-fortalecer-atencion-y-prevencion-en-mexico\/"},"wordCount":292,"commentCount":0,"publisher":{"@id":"https:\/\/www.nexoinformativo.mx\/#organization"},"image":{"@id":"https:\/\/www.nexoinformativo.mx\/index.php\/2025\/06\/05\/un-paso-crucial-contra-el-vih-salud-lanza-plataforma-gratuita-para-fortalecer-atencion-y-prevencion-en-mexico\/#primaryimage"},"thumbnailUrl":"https:\/\/www.nexoinformativo.mx\/wp-content\/uploads\/2025\/06\/IMG_3685-e1749171562833.jpg","keywords":["Prevenci\u00f3nVIH","RedRespuestaVIH","SaludParaTodos","VIHSinEstigma"],"articleSection":["Nacional","\u00daltima Hora"],"inLanguage":"es","potentialAction":[{"@type":"CommentAction","name":"Comment","target":["https:\/\/www.nexoinformativo.mx\/index.php\/2025\/06\/05\/un-paso-crucial-contra-el-vih-salud-lanza-plataforma-gratuita-para-fortalecer-atencion-y-prevencion-en-mexico\/#respond"]}]},{"@type":"WebPage","@id":"https:\/\/www.nexoinformativo.mx\/index.php\/2025\/06\/05\/un-paso-crucial-contra-el-vih-salud-lanza-plataforma-gratuita-para-fortalecer-atencion-y-prevencion-en-mexico\/","url":"https:\/\/www.nexoinformativo.mx\/index.php\/2025\/06\/05\/un-paso-crucial-contra-el-vih-salud-lanza-plataforma-gratuita-para-fortalecer-atencion-y-prevencion-en-mexico\/","name":"Un paso crucial contra el VIH salud lanza plataforma gratuita para fortalecer atenci\u00f3n y prevenci\u00f3n en M\u00e9xico | Nexo Informativo Santiago de Quer\u00e9taro","isPartOf":{"@id":"https:\/\/www.nexoinformativo.mx\/#website"},"primaryImageOfPage":{"@id":"https:\/\/www.nexoinformativo.mx\/index.php\/2025\/06\/05\/un-paso-crucial-contra-el-vih-salud-lanza-plataforma-gratuita-para-fortalecer-atencion-y-prevencion-en-mexico\/#primaryimage"},"image":{"@id":"https:\/\/www.nexoinformativo.mx\/index.php\/2025\/06\/05\/un-paso-crucial-contra-el-vih-salud-lanza-plataforma-gratuita-para-fortalecer-atencion-y-prevencion-en-mexico\/#primaryimage"},"thumbnailUrl":"https:\/\/www.nexoinformativo.mx\/wp-content\/uploads\/2025\/06\/IMG_3685-e1749171562833.jpg","datePublished":"2025-06-05T19:00:08+00:00","dateModified":"2025-06-06T01:00:07+00:00","description":"Un paso crucial contra el VIH salud lanza plataforma gratuita para fortalecer atenci\u00f3n y prevenci\u00f3n en M\u00e9xico","breadcrumb":{"@id":"https:\/\/www.nexoinformativo.mx\/index.php\/2025\/06\/05\/un-paso-crucial-contra-el-vih-salud-lanza-plataforma-gratuita-para-fortalecer-atencion-y-prevencion-en-mexico\/#breadcrumb"},"inLanguage":"es","potentialAction":[{"@type":"ReadAction","target":["https:\/\/www.nexoinformativo.mx\/index.php\/2025\/06\/05\/un-paso-crucial-contra-el-vih-salud-lanza-plataforma-gratuita-para-fortalecer-atencion-y-prevencion-en-mexico\/"]}]},{"@type":"ImageObject","inLanguage":"es","@id":"https:\/\/www.nexoinformativo.mx\/index.php\/2025\/06\/05\/un-paso-crucial-contra-el-vih-salud-lanza-plataforma-gratuita-para-fortalecer-atencion-y-prevencion-en-mexico\/#primaryimage","url":"https:\/\/www.nexoinformativo.mx\/wp-content\/uploads\/2025\/06\/IMG_3685-e1749171562833.jpg","contentUrl":"https:\/\/www.nexoinformativo.mx\/wp-content\/uploads\/2025\/06\/IMG_3685-e1749171562833.jpg","width":800,"height":533},{"@type":"BreadcrumbList","@id":"https:\/\/www.nexoinformativo.mx\/index.php\/2025\/06\/05\/un-paso-crucial-contra-el-vih-salud-lanza-plataforma-gratuita-para-fortalecer-atencion-y-prevencion-en-mexico\/#breadcrumb","itemListElement":[{"@type":"ListItem","position":1,"name":"Inicio","item":"https:\/\/www.nexoinformativo.mx\/"},{"@type":"ListItem","position":2,"name":"Un paso crucial contra el VIH salud lanza plataforma gratuita para fortalecer atenci\u00f3n y prevenci\u00f3n en M\u00e9xico"}]},{"@type":"WebSite","@id":"https:\/\/www.nexoinformativo.mx\/#website","url":"https:\/\/www.nexoinformativo.mx\/","name":"Nexo Informativo Santiago de Quer\u00e9taro","description":"Explora NexoInformativo y convi\u00e9rtete en parte de una comunidad que valora el conocimiento y la verdad. Tu nexoinformativo es tu puente hacia una comprensi\u00f3n m\u00e1s profunda del mundo que te rodea.","publisher":{"@id":"https:\/\/www.nexoinformativo.mx\/#organization"},"potentialAction":[{"@type":"SearchAction","target":{"@type":"EntryPoint","urlTemplate":"https:\/\/www.nexoinformativo.mx\/?s={search_term_string}"},"query-input":{"@type":"PropertyValueSpecification","valueRequired":true,"valueName":"search_term_string"}}],"inLanguage":"es"},{"@type":"Organization","@id":"https:\/\/www.nexoinformativo.mx\/#organization","name":"Nexo Informativo Santiago de Quer\u00e9taro","url":"https:\/\/www.nexoinformativo.mx\/","logo":{"@type":"ImageObject","inLanguage":"es","@id":"https:\/\/www.nexoinformativo.mx\/#\/schema\/logo\/image\/","url":"https:\/\/www.nexoinformativo.mx\/wp-content\/uploads\/2024\/07\/nexoi-trasparente-2.png","contentUrl":"https:\/\/www.nexoinformativo.mx\/wp-content\/uploads\/2024\/07\/nexoi-trasparente-2.png","width":816,"height":339,"caption":"Nexo Informativo Santiago de Quer\u00e9taro"},"image":{"@id":"https:\/\/www.nexoinformativo.mx\/#\/schema\/logo\/image\/"},"sameAs":["https:\/\/www.facebook.com\/people\/Nexo-Informativo\/61564066885511\/"]},{"@type":"Person","@id":"https:\/\/www.nexoinformativo.mx\/#\/schema\/person\/7749d380ba08c8ca00d7bc76fd907b7d","name":"Nexo Informativo","image":{"@type":"ImageObject","inLanguage":"es","@id":"https:\/\/www.nexoinformativo.mx\/#\/schema\/person\/image\/","url":"https:\/\/secure.gravatar.com\/avatar\/dde2928154642a13d95f87ddf1ea9718fe2b46760a005c53e41ff5ad610704e6?s=96&d=mm&r=g","contentUrl":"https:\/\/secure.gravatar.com\/avatar\/dde2928154642a13d95f87ddf1ea9718fe2b46760a005c53e41ff5ad610704e6?s=96&d=mm&r=g","caption":"Nexo Informativo"},"url":"https:\/\/www.nexoinformativo.mx\/index.php\/author\/edicion\/"}]}},"_links":{"self":[{"href":"https:\/\/www.nexoinformativo.mx\/index.php\/wp-json\/wp\/v2\/posts\/15661","targetHints":{"allow":["GET"]}}],"collection":[{"href":"https:\/\/www.nexoinformativo.mx\/index.php\/wp-json\/wp\/v2\/posts"}],"about":[{"href":"https:\/\/www.nexoinformativo.mx\/index.php\/wp-json\/wp\/v2\/types\/post"}],"author":[{"embeddable":true,"href":"https:\/\/www.nexoinformativo.mx\/index.php\/wp-json\/wp\/v2\/users\/3"}],"replies":[{"embeddable":true,"href":"https:\/\/www.nexoinformativo.mx\/index.php\/wp-json\/wp\/v2\/comments?post=15661"}],"version-history":[{"count":3,"href":"https:\/\/www.nexoinformativo.mx\/index.php\/wp-json\/wp\/v2\/posts\/15661\/revisions"}],"predecessor-version":[{"id":15665,"href":"https:\/\/www.nexoinformativo.mx\/index.php\/wp-json\/wp\/v2\/posts\/15661\/revisions\/15665"}],"wp:featuredmedia":[{"embeddable":true,"href":"https:\/\/www.nexoinformativo.mx\/index.php\/wp-json\/wp\/v2\/media\/15662"}],"wp:attachment":[{"href":"https:\/\/www.nexoinformativo.mx\/index.php\/wp-json\/wp\/v2\/media?parent=15661"}],"wp:term":[{"taxonomy":"category","embeddable":true,"href":"https:\/\/www.nexoinformativo.mx\/index.php\/wp-json\/wp\/v2\/categories?post=15661"},{"taxonomy":"post_tag","embeddable":true,"href":"https:\/\/www.nexoinformativo.mx\/index.php\/wp-json\/wp\/v2\/tags?post=15661"}],"curies":[{"name":"wp","href":"https:\/\/api.w.org\/{rel}","templated":true}]}}