{"id":15666,"date":"2025-06-05T15:00:18","date_gmt":"2025-06-05T21:00:18","guid":{"rendered":"https:\/\/www.nexoinformativo.mx\/?p=15666"},"modified":"2025-06-05T19:05:10","modified_gmt":"2025-06-06T01:05:10","slug":"por-las-remesas-senadores-mexicanos-lucharan-en-ee-uu-contra-impuesto-ilegal-e-injusto","status":"publish","type":"post","link":"https:\/\/www.nexoinformativo.mx\/index.php\/2025\/06\/05\/por-las-remesas-senadores-mexicanos-lucharan-en-ee-uu-contra-impuesto-ilegal-e-injusto\/","title":{"rendered":"Por las remesas Senadores mexicanos luchar\u00e1n en EE. UU. contra impuesto &#8220;ilegal e injusto&#8221;"},"content":{"rendered":"<p style=\"text-align: justify;\" data-sourcepos=\"5:1-5:335\">Una delegaci\u00f3n de senadoras y senadores mexicanos ha llegado a Washington con una misi\u00f3n clara: impedir la aprobaci\u00f3n de un impuesto adicional a las remesas en el Senado estadounidense.<\/p>\n<\/p>\n<p>&nbsp;<\/p>\n<p style=\"text-align: justify;\" data-sourcepos=\"5:1-5:335\">Los legisladores insisten en que este cobro es &#8220;ilegal e injusto&#8221; y urge frenar su implementaci\u00f3n.<\/p>\n<\/p>\n<p>&nbsp;<\/p>\n<p style=\"text-align: justify;\" data-sourcepos=\"7:1-7:310\">La delegaci\u00f3n, encabezada por el senador Ignacio Mier Velazco (Morena), buscar\u00e1 un mayor espacio de di\u00e1logo con sus hom\u00f3logos estadounidenses. Aunque se logr\u00f3 reducir el impuesto del cinco al 3.5 por ciento en la C\u00e1mara de Representantes, el objetivo es eliminar por completo la propuesta en el Senado.<\/p>\n<\/p>\n<p>&nbsp;<\/p>\n<p style=\"text-align: justify;\" data-sourcepos=\"9:1-9:357\">En sus redes sociales, Mier Velazco comparti\u00f3 detalles de una reuni\u00f3n con el embajador Esteban Moctezuma Barrag\u00e1ny el cuerpo diplom\u00e1tico de M\u00e9xico en Estados Unidos.<\/p>\n<\/p>\n<p>&nbsp;<\/p>\n<p style=\"text-align: justify;\" data-sourcepos=\"9:1-9:357\">El encuentro sirvi\u00f3 para afinar la agenda y los temas clave que se abordar\u00e1n en las pr\u00f3ximas reuniones con legisladores estadounidenses, organizaciones hispanas y de mexicanos migrantes.<\/p>\n<\/p>\n<p>&nbsp;<\/p>\n<p style=\"text-align: justify;\" data-sourcepos=\"9:1-9:357\">La delegaci\u00f3n mexicana que asiste a Washington incluye a senadores de diferentes partidos, como Karina Isabel Ruiz Ruiz y Alejandro Murat Hinojosa (Morena), Mauricio Vila Dosal (PAN) y Ruth Gonz\u00e1lez Silva (PVEM), mostrando un frente unido en esta importante causa.<\/p>\n<\/p>\n<p>&nbsp;<\/p>\n<p style=\"text-align: center;\" data-sourcepos=\"9:1-9:357\"><em><strong>\u00a1Informaci\u00f3n que transforma!<\/strong><\/em><\/p>\n","protected":false},"excerpt":{"rendered":"<p>Una delegaci\u00f3n de senadoras y senadores mexicanos ha llegado a Washington con una misi\u00f3n clara: impedir la aprobaci\u00f3n de un impuesto adicional a las remesas en el Senado estadounidense.<\/p>\n","protected":false},"author":3,"featured_media":15667,"comment_status":"open","ping_status":"open","sticky":false,"template":"","format":"standard","meta":{"footnotes":""},"categories":[5,88,58],"tags":[2953,4492,4708,4709],"class_list":["post-15666","post","type-post","status-publish","format-standard","has-post-thumbnail","hentry","category-economia","category-nacional","category-ultima-hora","tag-migrantesmexicanos","tag-noalimpuestoremesas","tag-remesassinimpuestos","tag-senadoresmx"],"yoast_head":"<!-- This site is optimized with the Yoast SEO plugin v25.0 - https:\/\/yoast.com\/wordpress\/plugins\/seo\/ -->\n<title>Por las remesas Senadores mexicanos luchar\u00e1n en EE. UU. contra impuesto &quot;ilegal e injusto&quot; | Nexo Informativo Santiago de Quer\u00e9taro<\/title>\n<meta name=\"description\" content=\"Por las remesas Senadores mexicanos luchar\u00e1n en EE. UU. contra impuesto &quot;ilegal e injusto&quot;\" \/>\n<meta name=\"robots\" content=\"index, follow, max-snippet:-1, max-image-preview:large, max-video-preview:-1\" \/>\n<link rel=\"canonical\" href=\"https:\/\/www.nexoinformativo.mx\/index.php\/2025\/06\/05\/por-las-remesas-senadores-mexicanos-lucharan-en-ee-uu-contra-impuesto-ilegal-e-injusto\/\" \/>\n<meta property=\"og:locale\" content=\"es_MX\" \/>\n<meta property=\"og:type\" content=\"article\" \/>\n<meta property=\"og:title\" content=\"Por las remesas Senadores mexicanos luchar\u00e1n en EE. UU. contra impuesto &quot;ilegal e injusto&quot; | Nexo Informativo Santiago de Quer\u00e9taro\" \/>\n<meta property=\"og:description\" content=\"Por las remesas Senadores mexicanos luchar\u00e1n en EE. UU. contra impuesto &quot;ilegal e injusto&quot;\" \/>\n<meta property=\"og:url\" content=\"https:\/\/www.nexoinformativo.mx\/index.php\/2025\/06\/05\/por-las-remesas-senadores-mexicanos-lucharan-en-ee-uu-contra-impuesto-ilegal-e-injusto\/\" \/>\n<meta property=\"og:site_name\" content=\"Nexo Informativo Santiago de Quer\u00e9taro\" \/>\n<meta property=\"article:publisher\" content=\"https:\/\/www.facebook.com\/people\/Nexo-Informativo\/61564066885511\/\" \/>\n<meta property=\"article:published_time\" content=\"2025-06-05T21:00:18+00:00\" \/>\n<meta property=\"article:modified_time\" content=\"2025-06-06T01:05:10+00:00\" \/>\n<meta property=\"og:image\" content=\"https:\/\/www.nexoinformativo.mx\/wp-content\/uploads\/2025\/06\/pexels-karolina-grabowska-4386292-e1749171869402.jpeg\" \/>\n\t<meta property=\"og:image:width\" content=\"800\" \/>\n\t<meta property=\"og:image:height\" content=\"533\" \/>\n\t<meta property=\"og:image:type\" content=\"image\/jpeg\" \/>\n<meta name=\"author\" content=\"Nexo Informativo\" \/>\n<meta name=\"twitter:card\" content=\"summary_large_image\" \/>\n<meta name=\"twitter:label1\" content=\"Escrito por\" \/>\n\t<meta name=\"twitter:data1\" content=\"Nexo Informativo\" \/>\n\t<meta name=\"twitter:label2\" content=\"Tiempo de lectura\" \/>\n\t<meta name=\"twitter:data2\" content=\"2 minutos\" \/>\n<script type=\"application\/ld+json\" class=\"yoast-schema-graph\">{\"@context\":\"https:\/\/schema.org\",\"@graph\":[{\"@type\":\"Article\",\"@id\":\"https:\/\/www.nexoinformativo.mx\/index.php\/2025\/06\/05\/por-las-remesas-senadores-mexicanos-lucharan-en-ee-uu-contra-impuesto-ilegal-e-injusto\/#article\",\"isPartOf\":{\"@id\":\"https:\/\/www.nexoinformativo.mx\/index.php\/2025\/06\/05\/por-las-remesas-senadores-mexicanos-lucharan-en-ee-uu-contra-impuesto-ilegal-e-injusto\/\"},\"author\":{\"name\":\"Nexo Informativo\",\"@id\":\"https:\/\/www.nexoinformativo.mx\/#\/schema\/person\/7749d380ba08c8ca00d7bc76fd907b7d\"},\"headline\":\"Por las remesas Senadores mexicanos luchar\u00e1n en EE. UU. contra impuesto &#8220;ilegal e injusto&#8221;\",\"datePublished\":\"2025-06-05T21:00:18+00:00\",\"dateModified\":\"2025-06-06T01:05:10+00:00\",\"mainEntityOfPage\":{\"@id\":\"https:\/\/www.nexoinformativo.mx\/index.php\/2025\/06\/05\/por-las-remesas-senadores-mexicanos-lucharan-en-ee-uu-contra-impuesto-ilegal-e-injusto\/\"},\"wordCount\":225,\"commentCount\":0,\"publisher\":{\"@id\":\"https:\/\/www.nexoinformativo.mx\/#organization\"},\"image\":{\"@id\":\"https:\/\/www.nexoinformativo.mx\/index.php\/2025\/06\/05\/por-las-remesas-senadores-mexicanos-lucharan-en-ee-uu-contra-impuesto-ilegal-e-injusto\/#primaryimage\"},\"thumbnailUrl\":\"https:\/\/www.nexoinformativo.mx\/wp-content\/uploads\/2025\/06\/pexels-karolina-grabowska-4386292-e1749171869402.jpeg\",\"keywords\":[\"MigrantesMexicanos\",\"NoAlImpuestoRemesas\",\"RemesasSinImpuestos\",\"SenadoresMX\"],\"articleSection\":[\"Econom\u00eda\",\"Nacional\",\"\u00daltima Hora\"],\"inLanguage\":\"es\",\"potentialAction\":[{\"@type\":\"CommentAction\",\"name\":\"Comment\",\"target\":[\"https:\/\/www.nexoinformativo.mx\/index.php\/2025\/06\/05\/por-las-remesas-senadores-mexicanos-lucharan-en-ee-uu-contra-impuesto-ilegal-e-injusto\/#respond\"]}]},{\"@type\":\"WebPage\",\"@id\":\"https:\/\/www.nexoinformativo.mx\/index.php\/2025\/06\/05\/por-las-remesas-senadores-mexicanos-lucharan-en-ee-uu-contra-impuesto-ilegal-e-injusto\/\",\"url\":\"https:\/\/www.nexoinformativo.mx\/index.php\/2025\/06\/05\/por-las-remesas-senadores-mexicanos-lucharan-en-ee-uu-contra-impuesto-ilegal-e-injusto\/\",\"name\":\"Por las remesas Senadores mexicanos luchar\u00e1n en EE. UU. contra impuesto \\\"ilegal e injusto\\\" | Nexo Informativo Santiago de Quer\u00e9taro\",\"isPartOf\":{\"@id\":\"https:\/\/www.nexoinformativo.mx\/#website\"},\"primaryImageOfPage\":{\"@id\":\"https:\/\/www.nexoinformativo.mx\/index.php\/2025\/06\/05\/por-las-remesas-senadores-mexicanos-lucharan-en-ee-uu-contra-impuesto-ilegal-e-injusto\/#primaryimage\"},\"image\":{\"@id\":\"https:\/\/www.nexoinformativo.mx\/index.php\/2025\/06\/05\/por-las-remesas-senadores-mexicanos-lucharan-en-ee-uu-contra-impuesto-ilegal-e-injusto\/#primaryimage\"},\"thumbnailUrl\":\"https:\/\/www.nexoinformativo.mx\/wp-content\/uploads\/2025\/06\/pexels-karolina-grabowska-4386292-e1749171869402.jpeg\",\"datePublished\":\"2025-06-05T21:00:18+00:00\",\"dateModified\":\"2025-06-06T01:05:10+00:00\",\"description\":\"Por las remesas Senadores mexicanos luchar\u00e1n en EE. UU. contra impuesto \\\"ilegal e injusto\\\"\",\"breadcrumb\":{\"@id\":\"https:\/\/www.nexoinformativo.mx\/index.php\/2025\/06\/05\/por-las-remesas-senadores-mexicanos-lucharan-en-ee-uu-contra-impuesto-ilegal-e-injusto\/#breadcrumb\"},\"inLanguage\":\"es\",\"potentialAction\":[{\"@type\":\"ReadAction\",\"target\":[\"https:\/\/www.nexoinformativo.mx\/index.php\/2025\/06\/05\/por-las-remesas-senadores-mexicanos-lucharan-en-ee-uu-contra-impuesto-ilegal-e-injusto\/\"]}]},{\"@type\":\"ImageObject\",\"inLanguage\":\"es\",\"@id\":\"https:\/\/www.nexoinformativo.mx\/index.php\/2025\/06\/05\/por-las-remesas-senadores-mexicanos-lucharan-en-ee-uu-contra-impuesto-ilegal-e-injusto\/#primaryimage\",\"url\":\"https:\/\/www.nexoinformativo.mx\/wp-content\/uploads\/2025\/06\/pexels-karolina-grabowska-4386292-e1749171869402.jpeg\",\"contentUrl\":\"https:\/\/www.nexoinformativo.mx\/wp-content\/uploads\/2025\/06\/pexels-karolina-grabowska-4386292-e1749171869402.jpeg\",\"width\":800,\"height\":533},{\"@type\":\"BreadcrumbList\",\"@id\":\"https:\/\/www.nexoinformativo.mx\/index.php\/2025\/06\/05\/por-las-remesas-senadores-mexicanos-lucharan-en-ee-uu-contra-impuesto-ilegal-e-injusto\/#breadcrumb\",\"itemListElement\":[{\"@type\":\"ListItem\",\"position\":1,\"name\":\"Inicio\",\"item\":\"https:\/\/www.nexoinformativo.mx\/\"},{\"@type\":\"ListItem\",\"position\":2,\"name\":\"Por las remesas Senadores mexicanos luchar\u00e1n en EE. UU. contra impuesto &#8220;ilegal e injusto&#8221;\"}]},{\"@type\":\"WebSite\",\"@id\":\"https:\/\/www.nexoinformativo.mx\/#website\",\"url\":\"https:\/\/www.nexoinformativo.mx\/\",\"name\":\"Nexo Informativo Santiago de Quer\u00e9taro\",\"description\":\"Explora NexoInformativo y convi\u00e9rtete en parte de una comunidad que valora el conocimiento y la verdad. Tu nexoinformativo es tu puente hacia una comprensi\u00f3n m\u00e1s profunda del mundo que te rodea.\",\"publisher\":{\"@id\":\"https:\/\/www.nexoinformativo.mx\/#organization\"},\"potentialAction\":[{\"@type\":\"SearchAction\",\"target\":{\"@type\":\"EntryPoint\",\"urlTemplate\":\"https:\/\/www.nexoinformativo.mx\/?s={search_term_string}\"},\"query-input\":{\"@type\":\"PropertyValueSpecification\",\"valueRequired\":true,\"valueName\":\"search_term_string\"}}],\"inLanguage\":\"es\"},{\"@type\":\"Organization\",\"@id\":\"https:\/\/www.nexoinformativo.mx\/#organization\",\"name\":\"Nexo Informativo Santiago de Quer\u00e9taro\",\"url\":\"https:\/\/www.nexoinformativo.mx\/\",\"logo\":{\"@type\":\"ImageObject\",\"inLanguage\":\"es\",\"@id\":\"https:\/\/www.nexoinformativo.mx\/#\/schema\/logo\/image\/\",\"url\":\"https:\/\/www.nexoinformativo.mx\/wp-content\/uploads\/2024\/07\/nexoi-trasparente-2.png\",\"contentUrl\":\"https:\/\/www.nexoinformativo.mx\/wp-content\/uploads\/2024\/07\/nexoi-trasparente-2.png\",\"width\":816,\"height\":339,\"caption\":\"Nexo Informativo Santiago de Quer\u00e9taro\"},\"image\":{\"@id\":\"https:\/\/www.nexoinformativo.mx\/#\/schema\/logo\/image\/\"},\"sameAs\":[\"https:\/\/www.facebook.com\/people\/Nexo-Informativo\/61564066885511\/\"]},{\"@type\":\"Person\",\"@id\":\"https:\/\/www.nexoinformativo.mx\/#\/schema\/person\/7749d380ba08c8ca00d7bc76fd907b7d\",\"name\":\"Nexo Informativo\",\"image\":{\"@type\":\"ImageObject\",\"inLanguage\":\"es\",\"@id\":\"https:\/\/www.nexoinformativo.mx\/#\/schema\/person\/image\/\",\"url\":\"https:\/\/secure.gravatar.com\/avatar\/dde2928154642a13d95f87ddf1ea9718fe2b46760a005c53e41ff5ad610704e6?s=96&d=mm&r=g\",\"contentUrl\":\"https:\/\/secure.gravatar.com\/avatar\/dde2928154642a13d95f87ddf1ea9718fe2b46760a005c53e41ff5ad610704e6?s=96&d=mm&r=g\",\"caption\":\"Nexo Informativo\"},\"url\":\"https:\/\/www.nexoinformativo.mx\/index.php\/author\/edicion\/\"}]}<\/script>\n<!-- \/ Yoast SEO plugin. -->","yoast_head_json":{"title":"Por las remesas Senadores mexicanos luchar\u00e1n en EE. UU. contra impuesto \"ilegal e injusto\" | Nexo Informativo Santiago de Quer\u00e9taro","description":"Por las remesas Senadores mexicanos luchar\u00e1n en EE. UU. contra impuesto \"ilegal e injusto\"","robots":{"index":"index","follow":"follow","max-snippet":"max-snippet:-1","max-image-preview":"max-image-preview:large","max-video-preview":"max-video-preview:-1"},"canonical":"https:\/\/www.nexoinformativo.mx\/index.php\/2025\/06\/05\/por-las-remesas-senadores-mexicanos-lucharan-en-ee-uu-contra-impuesto-ilegal-e-injusto\/","og_locale":"es_MX","og_type":"article","og_title":"Por las remesas Senadores mexicanos luchar\u00e1n en EE. UU. contra impuesto \"ilegal e injusto\" | Nexo Informativo Santiago de Quer\u00e9taro","og_description":"Por las remesas Senadores mexicanos luchar\u00e1n en EE. UU. contra impuesto \"ilegal e injusto\"","og_url":"https:\/\/www.nexoinformativo.mx\/index.php\/2025\/06\/05\/por-las-remesas-senadores-mexicanos-lucharan-en-ee-uu-contra-impuesto-ilegal-e-injusto\/","og_site_name":"Nexo Informativo Santiago de Quer\u00e9taro","article_publisher":"https:\/\/www.facebook.com\/people\/Nexo-Informativo\/61564066885511\/","article_published_time":"2025-06-05T21:00:18+00:00","article_modified_time":"2025-06-06T01:05:10+00:00","og_image":[{"width":800,"height":533,"url":"https:\/\/www.nexoinformativo.mx\/wp-content\/uploads\/2025\/06\/pexels-karolina-grabowska-4386292-e1749171869402.jpeg","type":"image\/jpeg"}],"author":"Nexo Informativo","twitter_card":"summary_large_image","twitter_misc":{"Escrito por":"Nexo Informativo","Tiempo de lectura":"2 minutos"},"schema":{"@context":"https:\/\/schema.org","@graph":[{"@type":"Article","@id":"https:\/\/www.nexoinformativo.mx\/index.php\/2025\/06\/05\/por-las-remesas-senadores-mexicanos-lucharan-en-ee-uu-contra-impuesto-ilegal-e-injusto\/#article","isPartOf":{"@id":"https:\/\/www.nexoinformativo.mx\/index.php\/2025\/06\/05\/por-las-remesas-senadores-mexicanos-lucharan-en-ee-uu-contra-impuesto-ilegal-e-injusto\/"},"author":{"name":"Nexo Informativo","@id":"https:\/\/www.nexoinformativo.mx\/#\/schema\/person\/7749d380ba08c8ca00d7bc76fd907b7d"},"headline":"Por las remesas Senadores mexicanos luchar\u00e1n en EE. UU. contra impuesto &#8220;ilegal e injusto&#8221;","datePublished":"2025-06-05T21:00:18+00:00","dateModified":"2025-06-06T01:05:10+00:00","mainEntityOfPage":{"@id":"https:\/\/www.nexoinformativo.mx\/index.php\/2025\/06\/05\/por-las-remesas-senadores-mexicanos-lucharan-en-ee-uu-contra-impuesto-ilegal-e-injusto\/"},"wordCount":225,"commentCount":0,"publisher":{"@id":"https:\/\/www.nexoinformativo.mx\/#organization"},"image":{"@id":"https:\/\/www.nexoinformativo.mx\/index.php\/2025\/06\/05\/por-las-remesas-senadores-mexicanos-lucharan-en-ee-uu-contra-impuesto-ilegal-e-injusto\/#primaryimage"},"thumbnailUrl":"https:\/\/www.nexoinformativo.mx\/wp-content\/uploads\/2025\/06\/pexels-karolina-grabowska-4386292-e1749171869402.jpeg","keywords":["MigrantesMexicanos","NoAlImpuestoRemesas","RemesasSinImpuestos","SenadoresMX"],"articleSection":["Econom\u00eda","Nacional","\u00daltima Hora"],"inLanguage":"es","potentialAction":[{"@type":"CommentAction","name":"Comment","target":["https:\/\/www.nexoinformativo.mx\/index.php\/2025\/06\/05\/por-las-remesas-senadores-mexicanos-lucharan-en-ee-uu-contra-impuesto-ilegal-e-injusto\/#respond"]}]},{"@type":"WebPage","@id":"https:\/\/www.nexoinformativo.mx\/index.php\/2025\/06\/05\/por-las-remesas-senadores-mexicanos-lucharan-en-ee-uu-contra-impuesto-ilegal-e-injusto\/","url":"https:\/\/www.nexoinformativo.mx\/index.php\/2025\/06\/05\/por-las-remesas-senadores-mexicanos-lucharan-en-ee-uu-contra-impuesto-ilegal-e-injusto\/","name":"Por las remesas Senadores mexicanos luchar\u00e1n en EE. UU. contra impuesto \"ilegal e injusto\" | Nexo Informativo Santiago de Quer\u00e9taro","isPartOf":{"@id":"https:\/\/www.nexoinformativo.mx\/#website"},"primaryImageOfPage":{"@id":"https:\/\/www.nexoinformativo.mx\/index.php\/2025\/06\/05\/por-las-remesas-senadores-mexicanos-lucharan-en-ee-uu-contra-impuesto-ilegal-e-injusto\/#primaryimage"},"image":{"@id":"https:\/\/www.nexoinformativo.mx\/index.php\/2025\/06\/05\/por-las-remesas-senadores-mexicanos-lucharan-en-ee-uu-contra-impuesto-ilegal-e-injusto\/#primaryimage"},"thumbnailUrl":"https:\/\/www.nexoinformativo.mx\/wp-content\/uploads\/2025\/06\/pexels-karolina-grabowska-4386292-e1749171869402.jpeg","datePublished":"2025-06-05T21:00:18+00:00","dateModified":"2025-06-06T01:05:10+00:00","description":"Por las remesas Senadores mexicanos luchar\u00e1n en EE. UU. contra impuesto \"ilegal e injusto\"","breadcrumb":{"@id":"https:\/\/www.nexoinformativo.mx\/index.php\/2025\/06\/05\/por-las-remesas-senadores-mexicanos-lucharan-en-ee-uu-contra-impuesto-ilegal-e-injusto\/#breadcrumb"},"inLanguage":"es","potentialAction":[{"@type":"ReadAction","target":["https:\/\/www.nexoinformativo.mx\/index.php\/2025\/06\/05\/por-las-remesas-senadores-mexicanos-lucharan-en-ee-uu-contra-impuesto-ilegal-e-injusto\/"]}]},{"@type":"ImageObject","inLanguage":"es","@id":"https:\/\/www.nexoinformativo.mx\/index.php\/2025\/06\/05\/por-las-remesas-senadores-mexicanos-lucharan-en-ee-uu-contra-impuesto-ilegal-e-injusto\/#primaryimage","url":"https:\/\/www.nexoinformativo.mx\/wp-content\/uploads\/2025\/06\/pexels-karolina-grabowska-4386292-e1749171869402.jpeg","contentUrl":"https:\/\/www.nexoinformativo.mx\/wp-content\/uploads\/2025\/06\/pexels-karolina-grabowska-4386292-e1749171869402.jpeg","width":800,"height":533},{"@type":"BreadcrumbList","@id":"https:\/\/www.nexoinformativo.mx\/index.php\/2025\/06\/05\/por-las-remesas-senadores-mexicanos-lucharan-en-ee-uu-contra-impuesto-ilegal-e-injusto\/#breadcrumb","itemListElement":[{"@type":"ListItem","position":1,"name":"Inicio","item":"https:\/\/www.nexoinformativo.mx\/"},{"@type":"ListItem","position":2,"name":"Por las remesas Senadores mexicanos luchar\u00e1n en EE. UU. contra impuesto &#8220;ilegal e injusto&#8221;"}]},{"@type":"WebSite","@id":"https:\/\/www.nexoinformativo.mx\/#website","url":"https:\/\/www.nexoinformativo.mx\/","name":"Nexo Informativo Santiago de Quer\u00e9taro","description":"Explora NexoInformativo y convi\u00e9rtete en parte de una comunidad que valora el conocimiento y la verdad. Tu nexoinformativo es tu puente hacia una comprensi\u00f3n m\u00e1s profunda del mundo que te rodea.","publisher":{"@id":"https:\/\/www.nexoinformativo.mx\/#organization"},"potentialAction":[{"@type":"SearchAction","target":{"@type":"EntryPoint","urlTemplate":"https:\/\/www.nexoinformativo.mx\/?s={search_term_string}"},"query-input":{"@type":"PropertyValueSpecification","valueRequired":true,"valueName":"search_term_string"}}],"inLanguage":"es"},{"@type":"Organization","@id":"https:\/\/www.nexoinformativo.mx\/#organization","name":"Nexo Informativo Santiago de Quer\u00e9taro","url":"https:\/\/www.nexoinformativo.mx\/","logo":{"@type":"ImageObject","inLanguage":"es","@id":"https:\/\/www.nexoinformativo.mx\/#\/schema\/logo\/image\/","url":"https:\/\/www.nexoinformativo.mx\/wp-content\/uploads\/2024\/07\/nexoi-trasparente-2.png","contentUrl":"https:\/\/www.nexoinformativo.mx\/wp-content\/uploads\/2024\/07\/nexoi-trasparente-2.png","width":816,"height":339,"caption":"Nexo Informativo Santiago de Quer\u00e9taro"},"image":{"@id":"https:\/\/www.nexoinformativo.mx\/#\/schema\/logo\/image\/"},"sameAs":["https:\/\/www.facebook.com\/people\/Nexo-Informativo\/61564066885511\/"]},{"@type":"Person","@id":"https:\/\/www.nexoinformativo.mx\/#\/schema\/person\/7749d380ba08c8ca00d7bc76fd907b7d","name":"Nexo Informativo","image":{"@type":"ImageObject","inLanguage":"es","@id":"https:\/\/www.nexoinformativo.mx\/#\/schema\/person\/image\/","url":"https:\/\/secure.gravatar.com\/avatar\/dde2928154642a13d95f87ddf1ea9718fe2b46760a005c53e41ff5ad610704e6?s=96&d=mm&r=g","contentUrl":"https:\/\/secure.gravatar.com\/avatar\/dde2928154642a13d95f87ddf1ea9718fe2b46760a005c53e41ff5ad610704e6?s=96&d=mm&r=g","caption":"Nexo Informativo"},"url":"https:\/\/www.nexoinformativo.mx\/index.php\/author\/edicion\/"}]}},"_links":{"self":[{"href":"https:\/\/www.nexoinformativo.mx\/index.php\/wp-json\/wp\/v2\/posts\/15666","targetHints":{"allow":["GET"]}}],"collection":[{"href":"https:\/\/www.nexoinformativo.mx\/index.php\/wp-json\/wp\/v2\/posts"}],"about":[{"href":"https:\/\/www.nexoinformativo.mx\/index.php\/wp-json\/wp\/v2\/types\/post"}],"author":[{"embeddable":true,"href":"https:\/\/www.nexoinformativo.mx\/index.php\/wp-json\/wp\/v2\/users\/3"}],"replies":[{"embeddable":true,"href":"https:\/\/www.nexoinformativo.mx\/index.php\/wp-json\/wp\/v2\/comments?post=15666"}],"version-history":[{"count":3,"href":"https:\/\/www.nexoinformativo.mx\/index.php\/wp-json\/wp\/v2\/posts\/15666\/revisions"}],"predecessor-version":[{"id":15670,"href":"https:\/\/www.nexoinformativo.mx\/index.php\/wp-json\/wp\/v2\/posts\/15666\/revisions\/15670"}],"wp:featuredmedia":[{"embeddable":true,"href":"https:\/\/www.nexoinformativo.mx\/index.php\/wp-json\/wp\/v2\/media\/15667"}],"wp:attachment":[{"href":"https:\/\/www.nexoinformativo.mx\/index.php\/wp-json\/wp\/v2\/media?parent=15666"}],"wp:term":[{"taxonomy":"category","embeddable":true,"href":"https:\/\/www.nexoinformativo.mx\/index.php\/wp-json\/wp\/v2\/categories?post=15666"},{"taxonomy":"post_tag","embeddable":true,"href":"https:\/\/www.nexoinformativo.mx\/index.php\/wp-json\/wp\/v2\/tags?post=15666"}],"curies":[{"name":"wp","href":"https:\/\/api.w.org\/{rel}","templated":true}]}}