{"id":15679,"date":"2025-06-06T08:00:47","date_gmt":"2025-06-06T14:00:47","guid":{"rendered":"https:\/\/www.nexoinformativo.mx\/?p=15679"},"modified":"2025-06-06T13:10:37","modified_gmt":"2025-06-06T19:10:37","slug":"apoyo-al-campo-agricultura-lanza-plan-nacional-para-comercializacion-justa-de-maiz-en-8-estados","status":"publish","type":"post","link":"https:\/\/www.nexoinformativo.mx\/index.php\/2025\/06\/06\/apoyo-al-campo-agricultura-lanza-plan-nacional-para-comercializacion-justa-de-maiz-en-8-estados\/","title":{"rendered":"Apoyo al campo Agricultura lanza Plan Nacional para comercializaci\u00f3n justa de ma\u00edz en 8 estados"},"content":{"rendered":"<p style=\"text-align: justify;\" data-sourcepos=\"5:1-5:520\">El Gobierno de M\u00e9xico, a trav\u00e9s de la Secretar\u00eda de Agricultura y Desarrollo Rural (AGRICULTURA), ha puesto en marcha el Plan Nacional de Comercializaci\u00f3n Justa, Directa y Sustentable del Ma\u00edz.<\/p>\n<p>&nbsp;<\/p>\n<p style=\"text-align: justify;\" data-sourcepos=\"5:1-5:520\">Esta iniciativa, parte del programa &#8220;Cosechando Soberan\u00eda&#8221; impulsado por el Segundo Piso de la Cuarta Transformaci\u00f3n, busca beneficiar tanto a productores como a consumidores, garantizando la autosuficiencia y soberan\u00eda alimentaria del pa\u00eds.<\/p>\n<p>&nbsp;<\/p>\n<p style=\"text-align: justify;\" data-sourcepos=\"7:1-7:190\">La primera etapa de este ambicioso plan se implementar\u00e1 en ocho estados clave del sur y sureste de M\u00e9xico: Chiapas, Oaxaca, Veracruz, Campeche, Tabasco, Quintana Roo, Morelos y Guerrero.<\/p>\n<p>&nbsp;<\/p>\n<p style=\"text-align: justify;\" data-sourcepos=\"9:1-9:236\">H\u00e9ctor Arronte, encargado de la Coordinaci\u00f3n General de Comercializaci\u00f3n y Financiamiento de AGRICULTURA, destac\u00f3 que este plan promueve un modelo que busca equidad y sostenibilidad en la comercializaci\u00f3n del ma\u00edz nacional.<\/p>\n<p>&nbsp;<\/p>\n<p style=\"text-align: justify;\" data-sourcepos=\"15:1-15:381\">Esto se lograr\u00e1 mediante:<\/p>\n<ul style=\"text-align: justify;\" data-sourcepos=\"17:1-21:0\">\n<li data-sourcepos=\"17:1-17:101\">Producci\u00f3n de vol\u00famenes atractivos: Para que los productores tengan mayor poder de negociaci\u00f3n.<\/li>\n<li data-sourcepos=\"18:1-18:107\">Establecimiento y estandarizaci\u00f3n de la calidad de los productos: Asegurando un producto competitivo.<\/li>\n<li data-sourcepos=\"19:1-19:94\">Cumplimiento de contratos y obligaciones fiscales: Dando certidumbre a todas las partes.<\/li>\n<li data-sourcepos=\"20:1-21:0\">Diversificaci\u00f3n de productos: Para aprovechar al m\u00e1ximo la producci\u00f3n agropecuaria.<\/li>\n<\/ul>\n<p>&nbsp;<\/p>\n<p style=\"text-align: justify;\" data-sourcepos=\"22:1-22:418\">El Plan Nacional busca resolver problemas hist\u00f3ricos en la producci\u00f3n y comercializaci\u00f3n del ma\u00edz en M\u00e9xico, como la desarticulaci\u00f3n entre producci\u00f3n, acopio y consumo, que ha generado desequilibrios en los ingresos de los productores y falta de certeza para la industria y los consumidores.<\/p>\n<p>&nbsp;<\/p>\n<p style=\"text-align: justify;\" data-sourcepos=\"28:1-28:288\">En la asamblea participaron tambi\u00e9n representantes de empresas nacionales de comercializaci\u00f3n afiliadas a la C\u00e1mara Nacional del Ma\u00edz Industrializado (CANAMI), as\u00ed como proveedores de semillas, productos agro ecol\u00f3gicos y servicios financieros del programa de cr\u00e9dito Cosechando Soberan\u00eda.<\/p>\n<p>&nbsp;<\/p>\n<p style=\"text-align: center;\" data-sourcepos=\"28:1-28:288\"><em><strong>\u00a1Informaci\u00f3n que transforma!<\/strong><\/em><\/p>\n","protected":false},"excerpt":{"rendered":"<p>El Gobierno de M\u00e9xico, a trav\u00e9s de la Secretar\u00eda de Agricultura y Desarrollo Rural (AGRICULTURA), ha puesto en marcha el Plan Nacional de Comercializaci\u00f3n Justa, Directa y Sustentable del Ma\u00edz.<\/p>\n","protected":false},"author":3,"featured_media":15680,"comment_status":"open","ping_status":"open","sticky":false,"template":"","format":"standard","meta":{"footnotes":""},"categories":[5,88,58],"tags":[4337,1025,4712,1206],"class_list":["post-15679","post","type-post","status-publish","format-standard","has-post-thumbnail","hentry","category-economia","category-nacional","category-ultima-hora","tag-agriculturamx","tag-campomexicano","tag-maizjusto","tag-soberaniaalimentaria"],"yoast_head":"<!-- This site is optimized with the Yoast SEO plugin v25.0 - https:\/\/yoast.com\/wordpress\/plugins\/seo\/ -->\n<title>Apoyo al campo Agricultura lanza Plan Nacional para comercializaci\u00f3n justa de ma\u00edz en 8 estados | Nexo Informativo Santiago de Quer\u00e9taro<\/title>\n<meta name=\"description\" content=\"Apoyo al campo Agricultura lanza Plan Nacional para comercializaci\u00f3n justa de ma\u00edz en 8 estados\" \/>\n<meta name=\"robots\" content=\"index, follow, max-snippet:-1, max-image-preview:large, max-video-preview:-1\" \/>\n<link rel=\"canonical\" href=\"https:\/\/www.nexoinformativo.mx\/index.php\/2025\/06\/06\/apoyo-al-campo-agricultura-lanza-plan-nacional-para-comercializacion-justa-de-maiz-en-8-estados\/\" \/>\n<meta property=\"og:locale\" content=\"es_MX\" \/>\n<meta property=\"og:type\" content=\"article\" \/>\n<meta property=\"og:title\" content=\"Apoyo al campo Agricultura lanza Plan Nacional para comercializaci\u00f3n justa de ma\u00edz en 8 estados | Nexo Informativo Santiago de Quer\u00e9taro\" \/>\n<meta property=\"og:description\" content=\"Apoyo al campo Agricultura lanza Plan Nacional para comercializaci\u00f3n justa de ma\u00edz en 8 estados\" \/>\n<meta property=\"og:url\" content=\"https:\/\/www.nexoinformativo.mx\/index.php\/2025\/06\/06\/apoyo-al-campo-agricultura-lanza-plan-nacional-para-comercializacion-justa-de-maiz-en-8-estados\/\" \/>\n<meta property=\"og:site_name\" content=\"Nexo Informativo Santiago de Quer\u00e9taro\" \/>\n<meta property=\"article:publisher\" content=\"https:\/\/www.facebook.com\/people\/Nexo-Informativo\/61564066885511\/\" \/>\n<meta property=\"article:published_time\" content=\"2025-06-06T14:00:47+00:00\" \/>\n<meta property=\"article:modified_time\" content=\"2025-06-06T19:10:37+00:00\" \/>\n<meta property=\"og:image\" content=\"https:\/\/www.nexoinformativo.mx\/wp-content\/uploads\/2025\/06\/pexels-fatinmark-18377330-e1749236977945.jpeg\" \/>\n\t<meta property=\"og:image:width\" content=\"800\" \/>\n\t<meta property=\"og:image:height\" content=\"534\" \/>\n\t<meta property=\"og:image:type\" content=\"image\/jpeg\" \/>\n<meta name=\"author\" content=\"Nexo Informativo\" \/>\n<meta name=\"twitter:card\" content=\"summary_large_image\" \/>\n<meta name=\"twitter:label1\" content=\"Escrito por\" \/>\n\t<meta name=\"twitter:data1\" content=\"Nexo Informativo\" \/>\n\t<meta name=\"twitter:label2\" content=\"Tiempo de lectura\" \/>\n\t<meta name=\"twitter:data2\" content=\"2 minutos\" \/>\n<script type=\"application\/ld+json\" class=\"yoast-schema-graph\">{\"@context\":\"https:\/\/schema.org\",\"@graph\":[{\"@type\":\"Article\",\"@id\":\"https:\/\/www.nexoinformativo.mx\/index.php\/2025\/06\/06\/apoyo-al-campo-agricultura-lanza-plan-nacional-para-comercializacion-justa-de-maiz-en-8-estados\/#article\",\"isPartOf\":{\"@id\":\"https:\/\/www.nexoinformativo.mx\/index.php\/2025\/06\/06\/apoyo-al-campo-agricultura-lanza-plan-nacional-para-comercializacion-justa-de-maiz-en-8-estados\/\"},\"author\":{\"name\":\"Nexo Informativo\",\"@id\":\"https:\/\/www.nexoinformativo.mx\/#\/schema\/person\/7749d380ba08c8ca00d7bc76fd907b7d\"},\"headline\":\"Apoyo al campo Agricultura lanza Plan Nacional para comercializaci\u00f3n justa de ma\u00edz en 8 estados\",\"datePublished\":\"2025-06-06T14:00:47+00:00\",\"dateModified\":\"2025-06-06T19:10:37+00:00\",\"mainEntityOfPage\":{\"@id\":\"https:\/\/www.nexoinformativo.mx\/index.php\/2025\/06\/06\/apoyo-al-campo-agricultura-lanza-plan-nacional-para-comercializacion-justa-de-maiz-en-8-estados\/\"},\"wordCount\":318,\"commentCount\":0,\"publisher\":{\"@id\":\"https:\/\/www.nexoinformativo.mx\/#organization\"},\"image\":{\"@id\":\"https:\/\/www.nexoinformativo.mx\/index.php\/2025\/06\/06\/apoyo-al-campo-agricultura-lanza-plan-nacional-para-comercializacion-justa-de-maiz-en-8-estados\/#primaryimage\"},\"thumbnailUrl\":\"https:\/\/www.nexoinformativo.mx\/wp-content\/uploads\/2025\/06\/pexels-fatinmark-18377330-e1749236977945.jpeg\",\"keywords\":[\"AgriculturaMX\",\"CampoMexicano\",\"Ma\u00edzJusto\",\"SoberaniaAlimentaria\"],\"articleSection\":[\"Econom\u00eda\",\"Nacional\",\"\u00daltima Hora\"],\"inLanguage\":\"es\",\"potentialAction\":[{\"@type\":\"CommentAction\",\"name\":\"Comment\",\"target\":[\"https:\/\/www.nexoinformativo.mx\/index.php\/2025\/06\/06\/apoyo-al-campo-agricultura-lanza-plan-nacional-para-comercializacion-justa-de-maiz-en-8-estados\/#respond\"]}]},{\"@type\":\"WebPage\",\"@id\":\"https:\/\/www.nexoinformativo.mx\/index.php\/2025\/06\/06\/apoyo-al-campo-agricultura-lanza-plan-nacional-para-comercializacion-justa-de-maiz-en-8-estados\/\",\"url\":\"https:\/\/www.nexoinformativo.mx\/index.php\/2025\/06\/06\/apoyo-al-campo-agricultura-lanza-plan-nacional-para-comercializacion-justa-de-maiz-en-8-estados\/\",\"name\":\"Apoyo al campo Agricultura lanza Plan Nacional para comercializaci\u00f3n justa de ma\u00edz en 8 estados | Nexo Informativo Santiago de Quer\u00e9taro\",\"isPartOf\":{\"@id\":\"https:\/\/www.nexoinformativo.mx\/#website\"},\"primaryImageOfPage\":{\"@id\":\"https:\/\/www.nexoinformativo.mx\/index.php\/2025\/06\/06\/apoyo-al-campo-agricultura-lanza-plan-nacional-para-comercializacion-justa-de-maiz-en-8-estados\/#primaryimage\"},\"image\":{\"@id\":\"https:\/\/www.nexoinformativo.mx\/index.php\/2025\/06\/06\/apoyo-al-campo-agricultura-lanza-plan-nacional-para-comercializacion-justa-de-maiz-en-8-estados\/#primaryimage\"},\"thumbnailUrl\":\"https:\/\/www.nexoinformativo.mx\/wp-content\/uploads\/2025\/06\/pexels-fatinmark-18377330-e1749236977945.jpeg\",\"datePublished\":\"2025-06-06T14:00:47+00:00\",\"dateModified\":\"2025-06-06T19:10:37+00:00\",\"description\":\"Apoyo al campo Agricultura lanza Plan Nacional para comercializaci\u00f3n justa de ma\u00edz en 8 estados\",\"breadcrumb\":{\"@id\":\"https:\/\/www.nexoinformativo.mx\/index.php\/2025\/06\/06\/apoyo-al-campo-agricultura-lanza-plan-nacional-para-comercializacion-justa-de-maiz-en-8-estados\/#breadcrumb\"},\"inLanguage\":\"es\",\"potentialAction\":[{\"@type\":\"ReadAction\",\"target\":[\"https:\/\/www.nexoinformativo.mx\/index.php\/2025\/06\/06\/apoyo-al-campo-agricultura-lanza-plan-nacional-para-comercializacion-justa-de-maiz-en-8-estados\/\"]}]},{\"@type\":\"ImageObject\",\"inLanguage\":\"es\",\"@id\":\"https:\/\/www.nexoinformativo.mx\/index.php\/2025\/06\/06\/apoyo-al-campo-agricultura-lanza-plan-nacional-para-comercializacion-justa-de-maiz-en-8-estados\/#primaryimage\",\"url\":\"https:\/\/www.nexoinformativo.mx\/wp-content\/uploads\/2025\/06\/pexels-fatinmark-18377330-e1749236977945.jpeg\",\"contentUrl\":\"https:\/\/www.nexoinformativo.mx\/wp-content\/uploads\/2025\/06\/pexels-fatinmark-18377330-e1749236977945.jpeg\",\"width\":800,\"height\":534},{\"@type\":\"BreadcrumbList\",\"@id\":\"https:\/\/www.nexoinformativo.mx\/index.php\/2025\/06\/06\/apoyo-al-campo-agricultura-lanza-plan-nacional-para-comercializacion-justa-de-maiz-en-8-estados\/#breadcrumb\",\"itemListElement\":[{\"@type\":\"ListItem\",\"position\":1,\"name\":\"Inicio\",\"item\":\"https:\/\/www.nexoinformativo.mx\/\"},{\"@type\":\"ListItem\",\"position\":2,\"name\":\"Apoyo al campo Agricultura lanza Plan Nacional para comercializaci\u00f3n justa de ma\u00edz en 8 estados\"}]},{\"@type\":\"WebSite\",\"@id\":\"https:\/\/www.nexoinformativo.mx\/#website\",\"url\":\"https:\/\/www.nexoinformativo.mx\/\",\"name\":\"Nexo Informativo Santiago de Quer\u00e9taro\",\"description\":\"Explora NexoInformativo y convi\u00e9rtete en parte de una comunidad que valora el conocimiento y la verdad. Tu nexoinformativo es tu puente hacia una comprensi\u00f3n m\u00e1s profunda del mundo que te rodea.\",\"publisher\":{\"@id\":\"https:\/\/www.nexoinformativo.mx\/#organization\"},\"potentialAction\":[{\"@type\":\"SearchAction\",\"target\":{\"@type\":\"EntryPoint\",\"urlTemplate\":\"https:\/\/www.nexoinformativo.mx\/?s={search_term_string}\"},\"query-input\":{\"@type\":\"PropertyValueSpecification\",\"valueRequired\":true,\"valueName\":\"search_term_string\"}}],\"inLanguage\":\"es\"},{\"@type\":\"Organization\",\"@id\":\"https:\/\/www.nexoinformativo.mx\/#organization\",\"name\":\"Nexo Informativo Santiago de Quer\u00e9taro\",\"url\":\"https:\/\/www.nexoinformativo.mx\/\",\"logo\":{\"@type\":\"ImageObject\",\"inLanguage\":\"es\",\"@id\":\"https:\/\/www.nexoinformativo.mx\/#\/schema\/logo\/image\/\",\"url\":\"https:\/\/www.nexoinformativo.mx\/wp-content\/uploads\/2024\/07\/nexoi-trasparente-2.png\",\"contentUrl\":\"https:\/\/www.nexoinformativo.mx\/wp-content\/uploads\/2024\/07\/nexoi-trasparente-2.png\",\"width\":816,\"height\":339,\"caption\":\"Nexo Informativo Santiago de Quer\u00e9taro\"},\"image\":{\"@id\":\"https:\/\/www.nexoinformativo.mx\/#\/schema\/logo\/image\/\"},\"sameAs\":[\"https:\/\/www.facebook.com\/people\/Nexo-Informativo\/61564066885511\/\"]},{\"@type\":\"Person\",\"@id\":\"https:\/\/www.nexoinformativo.mx\/#\/schema\/person\/7749d380ba08c8ca00d7bc76fd907b7d\",\"name\":\"Nexo Informativo\",\"image\":{\"@type\":\"ImageObject\",\"inLanguage\":\"es\",\"@id\":\"https:\/\/www.nexoinformativo.mx\/#\/schema\/person\/image\/\",\"url\":\"https:\/\/secure.gravatar.com\/avatar\/dde2928154642a13d95f87ddf1ea9718fe2b46760a005c53e41ff5ad610704e6?s=96&d=mm&r=g\",\"contentUrl\":\"https:\/\/secure.gravatar.com\/avatar\/dde2928154642a13d95f87ddf1ea9718fe2b46760a005c53e41ff5ad610704e6?s=96&d=mm&r=g\",\"caption\":\"Nexo Informativo\"},\"url\":\"https:\/\/www.nexoinformativo.mx\/index.php\/author\/edicion\/\"}]}<\/script>\n<!-- \/ Yoast SEO plugin. -->","yoast_head_json":{"title":"Apoyo al campo Agricultura lanza Plan Nacional para comercializaci\u00f3n justa de ma\u00edz en 8 estados | Nexo Informativo Santiago de Quer\u00e9taro","description":"Apoyo al campo Agricultura lanza Plan Nacional para comercializaci\u00f3n justa de ma\u00edz en 8 estados","robots":{"index":"index","follow":"follow","max-snippet":"max-snippet:-1","max-image-preview":"max-image-preview:large","max-video-preview":"max-video-preview:-1"},"canonical":"https:\/\/www.nexoinformativo.mx\/index.php\/2025\/06\/06\/apoyo-al-campo-agricultura-lanza-plan-nacional-para-comercializacion-justa-de-maiz-en-8-estados\/","og_locale":"es_MX","og_type":"article","og_title":"Apoyo al campo Agricultura lanza Plan Nacional para comercializaci\u00f3n justa de ma\u00edz en 8 estados | Nexo Informativo Santiago de Quer\u00e9taro","og_description":"Apoyo al campo Agricultura lanza Plan Nacional para comercializaci\u00f3n justa de ma\u00edz en 8 estados","og_url":"https:\/\/www.nexoinformativo.mx\/index.php\/2025\/06\/06\/apoyo-al-campo-agricultura-lanza-plan-nacional-para-comercializacion-justa-de-maiz-en-8-estados\/","og_site_name":"Nexo Informativo Santiago de Quer\u00e9taro","article_publisher":"https:\/\/www.facebook.com\/people\/Nexo-Informativo\/61564066885511\/","article_published_time":"2025-06-06T14:00:47+00:00","article_modified_time":"2025-06-06T19:10:37+00:00","og_image":[{"width":800,"height":534,"url":"https:\/\/www.nexoinformativo.mx\/wp-content\/uploads\/2025\/06\/pexels-fatinmark-18377330-e1749236977945.jpeg","type":"image\/jpeg"}],"author":"Nexo Informativo","twitter_card":"summary_large_image","twitter_misc":{"Escrito por":"Nexo Informativo","Tiempo de lectura":"2 minutos"},"schema":{"@context":"https:\/\/schema.org","@graph":[{"@type":"Article","@id":"https:\/\/www.nexoinformativo.mx\/index.php\/2025\/06\/06\/apoyo-al-campo-agricultura-lanza-plan-nacional-para-comercializacion-justa-de-maiz-en-8-estados\/#article","isPartOf":{"@id":"https:\/\/www.nexoinformativo.mx\/index.php\/2025\/06\/06\/apoyo-al-campo-agricultura-lanza-plan-nacional-para-comercializacion-justa-de-maiz-en-8-estados\/"},"author":{"name":"Nexo Informativo","@id":"https:\/\/www.nexoinformativo.mx\/#\/schema\/person\/7749d380ba08c8ca00d7bc76fd907b7d"},"headline":"Apoyo al campo Agricultura lanza Plan Nacional para comercializaci\u00f3n justa de ma\u00edz en 8 estados","datePublished":"2025-06-06T14:00:47+00:00","dateModified":"2025-06-06T19:10:37+00:00","mainEntityOfPage":{"@id":"https:\/\/www.nexoinformativo.mx\/index.php\/2025\/06\/06\/apoyo-al-campo-agricultura-lanza-plan-nacional-para-comercializacion-justa-de-maiz-en-8-estados\/"},"wordCount":318,"commentCount":0,"publisher":{"@id":"https:\/\/www.nexoinformativo.mx\/#organization"},"image":{"@id":"https:\/\/www.nexoinformativo.mx\/index.php\/2025\/06\/06\/apoyo-al-campo-agricultura-lanza-plan-nacional-para-comercializacion-justa-de-maiz-en-8-estados\/#primaryimage"},"thumbnailUrl":"https:\/\/www.nexoinformativo.mx\/wp-content\/uploads\/2025\/06\/pexels-fatinmark-18377330-e1749236977945.jpeg","keywords":["AgriculturaMX","CampoMexicano","Ma\u00edzJusto","SoberaniaAlimentaria"],"articleSection":["Econom\u00eda","Nacional","\u00daltima Hora"],"inLanguage":"es","potentialAction":[{"@type":"CommentAction","name":"Comment","target":["https:\/\/www.nexoinformativo.mx\/index.php\/2025\/06\/06\/apoyo-al-campo-agricultura-lanza-plan-nacional-para-comercializacion-justa-de-maiz-en-8-estados\/#respond"]}]},{"@type":"WebPage","@id":"https:\/\/www.nexoinformativo.mx\/index.php\/2025\/06\/06\/apoyo-al-campo-agricultura-lanza-plan-nacional-para-comercializacion-justa-de-maiz-en-8-estados\/","url":"https:\/\/www.nexoinformativo.mx\/index.php\/2025\/06\/06\/apoyo-al-campo-agricultura-lanza-plan-nacional-para-comercializacion-justa-de-maiz-en-8-estados\/","name":"Apoyo al campo Agricultura lanza Plan Nacional para comercializaci\u00f3n justa de ma\u00edz en 8 estados | Nexo Informativo Santiago de Quer\u00e9taro","isPartOf":{"@id":"https:\/\/www.nexoinformativo.mx\/#website"},"primaryImageOfPage":{"@id":"https:\/\/www.nexoinformativo.mx\/index.php\/2025\/06\/06\/apoyo-al-campo-agricultura-lanza-plan-nacional-para-comercializacion-justa-de-maiz-en-8-estados\/#primaryimage"},"image":{"@id":"https:\/\/www.nexoinformativo.mx\/index.php\/2025\/06\/06\/apoyo-al-campo-agricultura-lanza-plan-nacional-para-comercializacion-justa-de-maiz-en-8-estados\/#primaryimage"},"thumbnailUrl":"https:\/\/www.nexoinformativo.mx\/wp-content\/uploads\/2025\/06\/pexels-fatinmark-18377330-e1749236977945.jpeg","datePublished":"2025-06-06T14:00:47+00:00","dateModified":"2025-06-06T19:10:37+00:00","description":"Apoyo al campo Agricultura lanza Plan Nacional para comercializaci\u00f3n justa de ma\u00edz en 8 estados","breadcrumb":{"@id":"https:\/\/www.nexoinformativo.mx\/index.php\/2025\/06\/06\/apoyo-al-campo-agricultura-lanza-plan-nacional-para-comercializacion-justa-de-maiz-en-8-estados\/#breadcrumb"},"inLanguage":"es","potentialAction":[{"@type":"ReadAction","target":["https:\/\/www.nexoinformativo.mx\/index.php\/2025\/06\/06\/apoyo-al-campo-agricultura-lanza-plan-nacional-para-comercializacion-justa-de-maiz-en-8-estados\/"]}]},{"@type":"ImageObject","inLanguage":"es","@id":"https:\/\/www.nexoinformativo.mx\/index.php\/2025\/06\/06\/apoyo-al-campo-agricultura-lanza-plan-nacional-para-comercializacion-justa-de-maiz-en-8-estados\/#primaryimage","url":"https:\/\/www.nexoinformativo.mx\/wp-content\/uploads\/2025\/06\/pexels-fatinmark-18377330-e1749236977945.jpeg","contentUrl":"https:\/\/www.nexoinformativo.mx\/wp-content\/uploads\/2025\/06\/pexels-fatinmark-18377330-e1749236977945.jpeg","width":800,"height":534},{"@type":"BreadcrumbList","@id":"https:\/\/www.nexoinformativo.mx\/index.php\/2025\/06\/06\/apoyo-al-campo-agricultura-lanza-plan-nacional-para-comercializacion-justa-de-maiz-en-8-estados\/#breadcrumb","itemListElement":[{"@type":"ListItem","position":1,"name":"Inicio","item":"https:\/\/www.nexoinformativo.mx\/"},{"@type":"ListItem","position":2,"name":"Apoyo al campo Agricultura lanza Plan Nacional para comercializaci\u00f3n justa de ma\u00edz en 8 estados"}]},{"@type":"WebSite","@id":"https:\/\/www.nexoinformativo.mx\/#website","url":"https:\/\/www.nexoinformativo.mx\/","name":"Nexo Informativo Santiago de Quer\u00e9taro","description":"Explora NexoInformativo y convi\u00e9rtete en parte de una comunidad que valora el conocimiento y la verdad. Tu nexoinformativo es tu puente hacia una comprensi\u00f3n m\u00e1s profunda del mundo que te rodea.","publisher":{"@id":"https:\/\/www.nexoinformativo.mx\/#organization"},"potentialAction":[{"@type":"SearchAction","target":{"@type":"EntryPoint","urlTemplate":"https:\/\/www.nexoinformativo.mx\/?s={search_term_string}"},"query-input":{"@type":"PropertyValueSpecification","valueRequired":true,"valueName":"search_term_string"}}],"inLanguage":"es"},{"@type":"Organization","@id":"https:\/\/www.nexoinformativo.mx\/#organization","name":"Nexo Informativo Santiago de Quer\u00e9taro","url":"https:\/\/www.nexoinformativo.mx\/","logo":{"@type":"ImageObject","inLanguage":"es","@id":"https:\/\/www.nexoinformativo.mx\/#\/schema\/logo\/image\/","url":"https:\/\/www.nexoinformativo.mx\/wp-content\/uploads\/2024\/07\/nexoi-trasparente-2.png","contentUrl":"https:\/\/www.nexoinformativo.mx\/wp-content\/uploads\/2024\/07\/nexoi-trasparente-2.png","width":816,"height":339,"caption":"Nexo Informativo Santiago de Quer\u00e9taro"},"image":{"@id":"https:\/\/www.nexoinformativo.mx\/#\/schema\/logo\/image\/"},"sameAs":["https:\/\/www.facebook.com\/people\/Nexo-Informativo\/61564066885511\/"]},{"@type":"Person","@id":"https:\/\/www.nexoinformativo.mx\/#\/schema\/person\/7749d380ba08c8ca00d7bc76fd907b7d","name":"Nexo Informativo","image":{"@type":"ImageObject","inLanguage":"es","@id":"https:\/\/www.nexoinformativo.mx\/#\/schema\/person\/image\/","url":"https:\/\/secure.gravatar.com\/avatar\/dde2928154642a13d95f87ddf1ea9718fe2b46760a005c53e41ff5ad610704e6?s=96&d=mm&r=g","contentUrl":"https:\/\/secure.gravatar.com\/avatar\/dde2928154642a13d95f87ddf1ea9718fe2b46760a005c53e41ff5ad610704e6?s=96&d=mm&r=g","caption":"Nexo Informativo"},"url":"https:\/\/www.nexoinformativo.mx\/index.php\/author\/edicion\/"}]}},"_links":{"self":[{"href":"https:\/\/www.nexoinformativo.mx\/index.php\/wp-json\/wp\/v2\/posts\/15679","targetHints":{"allow":["GET"]}}],"collection":[{"href":"https:\/\/www.nexoinformativo.mx\/index.php\/wp-json\/wp\/v2\/posts"}],"about":[{"href":"https:\/\/www.nexoinformativo.mx\/index.php\/wp-json\/wp\/v2\/types\/post"}],"author":[{"embeddable":true,"href":"https:\/\/www.nexoinformativo.mx\/index.php\/wp-json\/wp\/v2\/users\/3"}],"replies":[{"embeddable":true,"href":"https:\/\/www.nexoinformativo.mx\/index.php\/wp-json\/wp\/v2\/comments?post=15679"}],"version-history":[{"count":4,"href":"https:\/\/www.nexoinformativo.mx\/index.php\/wp-json\/wp\/v2\/posts\/15679\/revisions"}],"predecessor-version":[{"id":15684,"href":"https:\/\/www.nexoinformativo.mx\/index.php\/wp-json\/wp\/v2\/posts\/15679\/revisions\/15684"}],"wp:featuredmedia":[{"embeddable":true,"href":"https:\/\/www.nexoinformativo.mx\/index.php\/wp-json\/wp\/v2\/media\/15680"}],"wp:attachment":[{"href":"https:\/\/www.nexoinformativo.mx\/index.php\/wp-json\/wp\/v2\/media?parent=15679"}],"wp:term":[{"taxonomy":"category","embeddable":true,"href":"https:\/\/www.nexoinformativo.mx\/index.php\/wp-json\/wp\/v2\/categories?post=15679"},{"taxonomy":"post_tag","embeddable":true,"href":"https:\/\/www.nexoinformativo.mx\/index.php\/wp-json\/wp\/v2\/tags?post=15679"}],"curies":[{"name":"wp","href":"https:\/\/api.w.org\/{rel}","templated":true}]}}