{"id":1569,"date":"2024-09-04T11:00:59","date_gmt":"2024-09-04T17:00:59","guid":{"rendered":"https:\/\/www.nexoinformativo.mx\/?p=1569"},"modified":"2024-09-04T17:24:33","modified_gmt":"2024-09-04T23:24:33","slug":"fiscalia-de-queretaro-y-cndh-fortalecen-comunicacion-para-garantizar-derechos-humanos","status":"publish","type":"post","link":"https:\/\/www.nexoinformativo.mx\/index.php\/2024\/09\/04\/fiscalia-de-queretaro-y-cndh-fortalecen-comunicacion-para-garantizar-derechos-humanos\/","title":{"rendered":"Fiscal\u00eda de Quer\u00e9taro y CNDH fortalecen comunicaci\u00f3n para garantizar derechos humanos"},"content":{"rendered":"<p style=\"text-align: justify;\">La Fiscal\u00eda General del Estado de Quer\u00e9taro y la Comisi\u00f3n Nacional de Derechos Humanos (CNDH) han establecido un canal de comunicaci\u00f3n directo y permanente para garantizar la observancia de los derechos humanos en investigaciones. El Fiscal General del Estado, V\u00edctor Antonio De Jes\u00fas Hern\u00e1ndez, se reuni\u00f3 con el Secretario Ejecutivo de la CNDH, Francisco Javier Emiliano Estrada Correa, con el objetivo de priorizar el correcto actuar en todas las investigaciones que realiza la Fiscal\u00eda.<\/p>\n<p>&nbsp;<\/p>\n<p style=\"text-align: justify;\">Durante el encuentro, el Fiscal General destac\u00f3 que las acciones encaminadas a asegurar el cumplimiento de los derechos humanos son fundamentales para fortalecer la confianza en las instituciones. Este esfuerzo se enmarca en la visi\u00f3n de la Fiscal\u00eda de Quer\u00e9taro, que tiene como uno de sus ejes primordiales la protecci\u00f3n y garant\u00eda de los derechos de todas las personas.<\/p>\n<p>&nbsp;<\/p>\n<p style=\"text-align: justify;\">El di\u00e1logo entre ambas instituciones tambi\u00e9n incluy\u00f3 la propuesta de establecer un esquema preventivo mediante un programa especializado en derechos humanos. Esta propuesta, presentada por el Secretario Ejecutivo de la CNDH, busca reforzar la observancia de los derechos humanos en todo el proceso penal y mejorar las pr\u00e1cticas en la investigaci\u00f3n de delitos.<\/p>\n<p>&nbsp;<\/p>\n<p style=\"text-align: justify;\">La reuni\u00f3n cont\u00f3 con la participaci\u00f3n de Rebeca Mendoza Romero, directora de Derechos Humanos de la Fiscal\u00eda General de Quer\u00e9taro; Javier Rascado P\u00e9rez, titular de la Defensor\u00eda de los Derechos Humanos en Quer\u00e9taro; y Pablo Cervantes Mendez, director de Atenci\u00f3n de la Agenda Nacional de la Comisi\u00f3n Nacional.<\/p>\n<p>&nbsp;<\/p>\n<p style=\"text-align: justify;\">Con la formalizaci\u00f3n de este canal de comunicaci\u00f3n, se espera un intercambio constante de experiencias y estrategias que fortalezcan el marco de actuaci\u00f3n de la Fiscal\u00eda en apego a los derechos humanos, contribuyendo as\u00ed a un sistema de justicia m\u00e1s justo y transparente en el estado.<\/p>\n","protected":false},"excerpt":{"rendered":"<p>La Fiscal\u00eda General del Estado de Quer\u00e9taro y la Comisi\u00f3n Nacional de Derechos Humanos (CNDH) han establecido un canal de comunicaci\u00f3n directo y permanente para garantizar la observancia de los derechos humanos en investigaciones. El Fiscal General del Estado, V\u00edctor Antonio De Jes\u00fas Hern\u00e1ndez, se reuni\u00f3 con el Secretario Ejecutivo de la CNDH, Francisco Javier Emiliano Estrada Correa, con el objetivo de priorizar el correcto actuar en todas las investigaciones que realiza la Fiscal\u00eda.<\/p>\n","protected":false},"author":3,"featured_media":1572,"comment_status":"open","ping_status":"open","sticky":false,"template":"","format":"standard","meta":{"footnotes":""},"categories":[42],"tags":[502,499,500,501],"class_list":["post-1569","post","type-post","status-publish","format-standard","has-post-thumbnail","hentry","category-estado","tag-cndh","tag-derechoshumanos","tag-fiscaliaqueretaro","tag-justiciatransparente"],"yoast_head":"<!-- This site is optimized with the Yoast SEO plugin v25.0 - https:\/\/yoast.com\/wordpress\/plugins\/seo\/ -->\n<title>Fiscal\u00eda de Quer\u00e9taro y CNDH fortalecen comunicaci\u00f3n para garantizar derechos humanos | Nexo Informativo Santiago de Quer\u00e9taro<\/title>\n<meta name=\"description\" content=\"Fiscal\u00eda de Quer\u00e9taro y CNDH fortalecen comunicaci\u00f3n para garantizar derechos humanos\" \/>\n<meta name=\"robots\" content=\"index, follow, max-snippet:-1, max-image-preview:large, max-video-preview:-1\" \/>\n<link rel=\"canonical\" href=\"https:\/\/www.nexoinformativo.mx\/index.php\/2024\/09\/04\/fiscalia-de-queretaro-y-cndh-fortalecen-comunicacion-para-garantizar-derechos-humanos\/\" \/>\n<meta property=\"og:locale\" content=\"es_MX\" \/>\n<meta property=\"og:type\" content=\"article\" \/>\n<meta property=\"og:title\" content=\"Fiscal\u00eda de Quer\u00e9taro y CNDH fortalecen comunicaci\u00f3n para garantizar derechos humanos | Nexo Informativo Santiago de Quer\u00e9taro\" \/>\n<meta property=\"og:description\" content=\"Fiscal\u00eda de Quer\u00e9taro y CNDH fortalecen comunicaci\u00f3n para garantizar derechos humanos\" \/>\n<meta property=\"og:url\" content=\"https:\/\/www.nexoinformativo.mx\/index.php\/2024\/09\/04\/fiscalia-de-queretaro-y-cndh-fortalecen-comunicacion-para-garantizar-derechos-humanos\/\" \/>\n<meta property=\"og:site_name\" content=\"Nexo Informativo Santiago de Quer\u00e9taro\" \/>\n<meta property=\"article:publisher\" content=\"https:\/\/www.facebook.com\/people\/Nexo-Informativo\/61564066885511\/\" \/>\n<meta property=\"article:published_time\" content=\"2024-09-04T17:00:59+00:00\" \/>\n<meta property=\"article:modified_time\" content=\"2024-09-04T23:24:33+00:00\" \/>\n<meta property=\"og:image\" content=\"https:\/\/www.nexoinformativo.mx\/wp-content\/uploads\/2024\/09\/PHOTO-2024-09-04-17-13-31-e1725492210955.jpg\" \/>\n\t<meta property=\"og:image:width\" content=\"800\" \/>\n\t<meta property=\"og:image:height\" content=\"533\" \/>\n\t<meta property=\"og:image:type\" content=\"image\/jpeg\" \/>\n<meta name=\"author\" content=\"Nexo Informativo\" \/>\n<meta name=\"twitter:card\" content=\"summary_large_image\" \/>\n<meta name=\"twitter:label1\" content=\"Escrito por\" \/>\n\t<meta name=\"twitter:data1\" content=\"Nexo Informativo\" \/>\n\t<meta name=\"twitter:label2\" content=\"Tiempo de lectura\" \/>\n\t<meta name=\"twitter:data2\" content=\"2 minutos\" \/>\n<script type=\"application\/ld+json\" class=\"yoast-schema-graph\">{\"@context\":\"https:\/\/schema.org\",\"@graph\":[{\"@type\":\"Article\",\"@id\":\"https:\/\/www.nexoinformativo.mx\/index.php\/2024\/09\/04\/fiscalia-de-queretaro-y-cndh-fortalecen-comunicacion-para-garantizar-derechos-humanos\/#article\",\"isPartOf\":{\"@id\":\"https:\/\/www.nexoinformativo.mx\/index.php\/2024\/09\/04\/fiscalia-de-queretaro-y-cndh-fortalecen-comunicacion-para-garantizar-derechos-humanos\/\"},\"author\":{\"name\":\"Nexo Informativo\",\"@id\":\"https:\/\/www.nexoinformativo.mx\/#\/schema\/person\/7749d380ba08c8ca00d7bc76fd907b7d\"},\"headline\":\"Fiscal\u00eda de Quer\u00e9taro y CNDH fortalecen comunicaci\u00f3n para garantizar derechos humanos\",\"datePublished\":\"2024-09-04T17:00:59+00:00\",\"dateModified\":\"2024-09-04T23:24:33+00:00\",\"mainEntityOfPage\":{\"@id\":\"https:\/\/www.nexoinformativo.mx\/index.php\/2024\/09\/04\/fiscalia-de-queretaro-y-cndh-fortalecen-comunicacion-para-garantizar-derechos-humanos\/\"},\"wordCount\":329,\"commentCount\":0,\"publisher\":{\"@id\":\"https:\/\/www.nexoinformativo.mx\/#organization\"},\"image\":{\"@id\":\"https:\/\/www.nexoinformativo.mx\/index.php\/2024\/09\/04\/fiscalia-de-queretaro-y-cndh-fortalecen-comunicacion-para-garantizar-derechos-humanos\/#primaryimage\"},\"thumbnailUrl\":\"https:\/\/www.nexoinformativo.mx\/wp-content\/uploads\/2024\/09\/PHOTO-2024-09-04-17-13-31-e1725492210955.jpg\",\"keywords\":[\"CNDH\",\"DerechosHumanos\",\"Fiscal\u00edaQuer\u00e9taro\",\"JusticiaTransparente\"],\"articleSection\":[\"Estado\"],\"inLanguage\":\"es\",\"potentialAction\":[{\"@type\":\"CommentAction\",\"name\":\"Comment\",\"target\":[\"https:\/\/www.nexoinformativo.mx\/index.php\/2024\/09\/04\/fiscalia-de-queretaro-y-cndh-fortalecen-comunicacion-para-garantizar-derechos-humanos\/#respond\"]}]},{\"@type\":\"WebPage\",\"@id\":\"https:\/\/www.nexoinformativo.mx\/index.php\/2024\/09\/04\/fiscalia-de-queretaro-y-cndh-fortalecen-comunicacion-para-garantizar-derechos-humanos\/\",\"url\":\"https:\/\/www.nexoinformativo.mx\/index.php\/2024\/09\/04\/fiscalia-de-queretaro-y-cndh-fortalecen-comunicacion-para-garantizar-derechos-humanos\/\",\"name\":\"Fiscal\u00eda de Quer\u00e9taro y CNDH fortalecen comunicaci\u00f3n para garantizar derechos humanos | Nexo Informativo Santiago de Quer\u00e9taro\",\"isPartOf\":{\"@id\":\"https:\/\/www.nexoinformativo.mx\/#website\"},\"primaryImageOfPage\":{\"@id\":\"https:\/\/www.nexoinformativo.mx\/index.php\/2024\/09\/04\/fiscalia-de-queretaro-y-cndh-fortalecen-comunicacion-para-garantizar-derechos-humanos\/#primaryimage\"},\"image\":{\"@id\":\"https:\/\/www.nexoinformativo.mx\/index.php\/2024\/09\/04\/fiscalia-de-queretaro-y-cndh-fortalecen-comunicacion-para-garantizar-derechos-humanos\/#primaryimage\"},\"thumbnailUrl\":\"https:\/\/www.nexoinformativo.mx\/wp-content\/uploads\/2024\/09\/PHOTO-2024-09-04-17-13-31-e1725492210955.jpg\",\"datePublished\":\"2024-09-04T17:00:59+00:00\",\"dateModified\":\"2024-09-04T23:24:33+00:00\",\"description\":\"Fiscal\u00eda de Quer\u00e9taro y CNDH fortalecen comunicaci\u00f3n para garantizar derechos humanos\",\"breadcrumb\":{\"@id\":\"https:\/\/www.nexoinformativo.mx\/index.php\/2024\/09\/04\/fiscalia-de-queretaro-y-cndh-fortalecen-comunicacion-para-garantizar-derechos-humanos\/#breadcrumb\"},\"inLanguage\":\"es\",\"potentialAction\":[{\"@type\":\"ReadAction\",\"target\":[\"https:\/\/www.nexoinformativo.mx\/index.php\/2024\/09\/04\/fiscalia-de-queretaro-y-cndh-fortalecen-comunicacion-para-garantizar-derechos-humanos\/\"]}]},{\"@type\":\"ImageObject\",\"inLanguage\":\"es\",\"@id\":\"https:\/\/www.nexoinformativo.mx\/index.php\/2024\/09\/04\/fiscalia-de-queretaro-y-cndh-fortalecen-comunicacion-para-garantizar-derechos-humanos\/#primaryimage\",\"url\":\"https:\/\/www.nexoinformativo.mx\/wp-content\/uploads\/2024\/09\/PHOTO-2024-09-04-17-13-31-e1725492210955.jpg\",\"contentUrl\":\"https:\/\/www.nexoinformativo.mx\/wp-content\/uploads\/2024\/09\/PHOTO-2024-09-04-17-13-31-e1725492210955.jpg\",\"width\":800,\"height\":533},{\"@type\":\"BreadcrumbList\",\"@id\":\"https:\/\/www.nexoinformativo.mx\/index.php\/2024\/09\/04\/fiscalia-de-queretaro-y-cndh-fortalecen-comunicacion-para-garantizar-derechos-humanos\/#breadcrumb\",\"itemListElement\":[{\"@type\":\"ListItem\",\"position\":1,\"name\":\"Inicio\",\"item\":\"https:\/\/www.nexoinformativo.mx\/\"},{\"@type\":\"ListItem\",\"position\":2,\"name\":\"Fiscal\u00eda de Quer\u00e9taro y CNDH fortalecen comunicaci\u00f3n para garantizar derechos humanos\"}]},{\"@type\":\"WebSite\",\"@id\":\"https:\/\/www.nexoinformativo.mx\/#website\",\"url\":\"https:\/\/www.nexoinformativo.mx\/\",\"name\":\"Nexo Informativo Santiago de Quer\u00e9taro\",\"description\":\"Explora NexoInformativo y convi\u00e9rtete en parte de una comunidad que valora el conocimiento y la verdad. Tu nexoinformativo es tu puente hacia una comprensi\u00f3n m\u00e1s profunda del mundo que te rodea.\",\"publisher\":{\"@id\":\"https:\/\/www.nexoinformativo.mx\/#organization\"},\"potentialAction\":[{\"@type\":\"SearchAction\",\"target\":{\"@type\":\"EntryPoint\",\"urlTemplate\":\"https:\/\/www.nexoinformativo.mx\/?s={search_term_string}\"},\"query-input\":{\"@type\":\"PropertyValueSpecification\",\"valueRequired\":true,\"valueName\":\"search_term_string\"}}],\"inLanguage\":\"es\"},{\"@type\":\"Organization\",\"@id\":\"https:\/\/www.nexoinformativo.mx\/#organization\",\"name\":\"Nexo Informativo Santiago de Quer\u00e9taro\",\"url\":\"https:\/\/www.nexoinformativo.mx\/\",\"logo\":{\"@type\":\"ImageObject\",\"inLanguage\":\"es\",\"@id\":\"https:\/\/www.nexoinformativo.mx\/#\/schema\/logo\/image\/\",\"url\":\"https:\/\/www.nexoinformativo.mx\/wp-content\/uploads\/2024\/07\/nexoi-trasparente-2.png\",\"contentUrl\":\"https:\/\/www.nexoinformativo.mx\/wp-content\/uploads\/2024\/07\/nexoi-trasparente-2.png\",\"width\":816,\"height\":339,\"caption\":\"Nexo Informativo Santiago de Quer\u00e9taro\"},\"image\":{\"@id\":\"https:\/\/www.nexoinformativo.mx\/#\/schema\/logo\/image\/\"},\"sameAs\":[\"https:\/\/www.facebook.com\/people\/Nexo-Informativo\/61564066885511\/\"]},{\"@type\":\"Person\",\"@id\":\"https:\/\/www.nexoinformativo.mx\/#\/schema\/person\/7749d380ba08c8ca00d7bc76fd907b7d\",\"name\":\"Nexo Informativo\",\"image\":{\"@type\":\"ImageObject\",\"inLanguage\":\"es\",\"@id\":\"https:\/\/www.nexoinformativo.mx\/#\/schema\/person\/image\/\",\"url\":\"https:\/\/secure.gravatar.com\/avatar\/dde2928154642a13d95f87ddf1ea9718fe2b46760a005c53e41ff5ad610704e6?s=96&d=mm&r=g\",\"contentUrl\":\"https:\/\/secure.gravatar.com\/avatar\/dde2928154642a13d95f87ddf1ea9718fe2b46760a005c53e41ff5ad610704e6?s=96&d=mm&r=g\",\"caption\":\"Nexo Informativo\"},\"url\":\"https:\/\/www.nexoinformativo.mx\/index.php\/author\/edicion\/\"}]}<\/script>\n<!-- \/ Yoast SEO plugin. -->","yoast_head_json":{"title":"Fiscal\u00eda de Quer\u00e9taro y CNDH fortalecen comunicaci\u00f3n para garantizar derechos humanos | Nexo Informativo Santiago de Quer\u00e9taro","description":"Fiscal\u00eda de Quer\u00e9taro y CNDH fortalecen comunicaci\u00f3n para garantizar derechos humanos","robots":{"index":"index","follow":"follow","max-snippet":"max-snippet:-1","max-image-preview":"max-image-preview:large","max-video-preview":"max-video-preview:-1"},"canonical":"https:\/\/www.nexoinformativo.mx\/index.php\/2024\/09\/04\/fiscalia-de-queretaro-y-cndh-fortalecen-comunicacion-para-garantizar-derechos-humanos\/","og_locale":"es_MX","og_type":"article","og_title":"Fiscal\u00eda de Quer\u00e9taro y CNDH fortalecen comunicaci\u00f3n para garantizar derechos humanos | Nexo Informativo Santiago de Quer\u00e9taro","og_description":"Fiscal\u00eda de Quer\u00e9taro y CNDH fortalecen comunicaci\u00f3n para garantizar derechos humanos","og_url":"https:\/\/www.nexoinformativo.mx\/index.php\/2024\/09\/04\/fiscalia-de-queretaro-y-cndh-fortalecen-comunicacion-para-garantizar-derechos-humanos\/","og_site_name":"Nexo Informativo Santiago de Quer\u00e9taro","article_publisher":"https:\/\/www.facebook.com\/people\/Nexo-Informativo\/61564066885511\/","article_published_time":"2024-09-04T17:00:59+00:00","article_modified_time":"2024-09-04T23:24:33+00:00","og_image":[{"width":800,"height":533,"url":"https:\/\/www.nexoinformativo.mx\/wp-content\/uploads\/2024\/09\/PHOTO-2024-09-04-17-13-31-e1725492210955.jpg","type":"image\/jpeg"}],"author":"Nexo Informativo","twitter_card":"summary_large_image","twitter_misc":{"Escrito por":"Nexo Informativo","Tiempo de lectura":"2 minutos"},"schema":{"@context":"https:\/\/schema.org","@graph":[{"@type":"Article","@id":"https:\/\/www.nexoinformativo.mx\/index.php\/2024\/09\/04\/fiscalia-de-queretaro-y-cndh-fortalecen-comunicacion-para-garantizar-derechos-humanos\/#article","isPartOf":{"@id":"https:\/\/www.nexoinformativo.mx\/index.php\/2024\/09\/04\/fiscalia-de-queretaro-y-cndh-fortalecen-comunicacion-para-garantizar-derechos-humanos\/"},"author":{"name":"Nexo Informativo","@id":"https:\/\/www.nexoinformativo.mx\/#\/schema\/person\/7749d380ba08c8ca00d7bc76fd907b7d"},"headline":"Fiscal\u00eda de Quer\u00e9taro y CNDH fortalecen comunicaci\u00f3n para garantizar derechos humanos","datePublished":"2024-09-04T17:00:59+00:00","dateModified":"2024-09-04T23:24:33+00:00","mainEntityOfPage":{"@id":"https:\/\/www.nexoinformativo.mx\/index.php\/2024\/09\/04\/fiscalia-de-queretaro-y-cndh-fortalecen-comunicacion-para-garantizar-derechos-humanos\/"},"wordCount":329,"commentCount":0,"publisher":{"@id":"https:\/\/www.nexoinformativo.mx\/#organization"},"image":{"@id":"https:\/\/www.nexoinformativo.mx\/index.php\/2024\/09\/04\/fiscalia-de-queretaro-y-cndh-fortalecen-comunicacion-para-garantizar-derechos-humanos\/#primaryimage"},"thumbnailUrl":"https:\/\/www.nexoinformativo.mx\/wp-content\/uploads\/2024\/09\/PHOTO-2024-09-04-17-13-31-e1725492210955.jpg","keywords":["CNDH","DerechosHumanos","Fiscal\u00edaQuer\u00e9taro","JusticiaTransparente"],"articleSection":["Estado"],"inLanguage":"es","potentialAction":[{"@type":"CommentAction","name":"Comment","target":["https:\/\/www.nexoinformativo.mx\/index.php\/2024\/09\/04\/fiscalia-de-queretaro-y-cndh-fortalecen-comunicacion-para-garantizar-derechos-humanos\/#respond"]}]},{"@type":"WebPage","@id":"https:\/\/www.nexoinformativo.mx\/index.php\/2024\/09\/04\/fiscalia-de-queretaro-y-cndh-fortalecen-comunicacion-para-garantizar-derechos-humanos\/","url":"https:\/\/www.nexoinformativo.mx\/index.php\/2024\/09\/04\/fiscalia-de-queretaro-y-cndh-fortalecen-comunicacion-para-garantizar-derechos-humanos\/","name":"Fiscal\u00eda de Quer\u00e9taro y CNDH fortalecen comunicaci\u00f3n para garantizar derechos humanos | Nexo Informativo Santiago de Quer\u00e9taro","isPartOf":{"@id":"https:\/\/www.nexoinformativo.mx\/#website"},"primaryImageOfPage":{"@id":"https:\/\/www.nexoinformativo.mx\/index.php\/2024\/09\/04\/fiscalia-de-queretaro-y-cndh-fortalecen-comunicacion-para-garantizar-derechos-humanos\/#primaryimage"},"image":{"@id":"https:\/\/www.nexoinformativo.mx\/index.php\/2024\/09\/04\/fiscalia-de-queretaro-y-cndh-fortalecen-comunicacion-para-garantizar-derechos-humanos\/#primaryimage"},"thumbnailUrl":"https:\/\/www.nexoinformativo.mx\/wp-content\/uploads\/2024\/09\/PHOTO-2024-09-04-17-13-31-e1725492210955.jpg","datePublished":"2024-09-04T17:00:59+00:00","dateModified":"2024-09-04T23:24:33+00:00","description":"Fiscal\u00eda de Quer\u00e9taro y CNDH fortalecen comunicaci\u00f3n para garantizar derechos humanos","breadcrumb":{"@id":"https:\/\/www.nexoinformativo.mx\/index.php\/2024\/09\/04\/fiscalia-de-queretaro-y-cndh-fortalecen-comunicacion-para-garantizar-derechos-humanos\/#breadcrumb"},"inLanguage":"es","potentialAction":[{"@type":"ReadAction","target":["https:\/\/www.nexoinformativo.mx\/index.php\/2024\/09\/04\/fiscalia-de-queretaro-y-cndh-fortalecen-comunicacion-para-garantizar-derechos-humanos\/"]}]},{"@type":"ImageObject","inLanguage":"es","@id":"https:\/\/www.nexoinformativo.mx\/index.php\/2024\/09\/04\/fiscalia-de-queretaro-y-cndh-fortalecen-comunicacion-para-garantizar-derechos-humanos\/#primaryimage","url":"https:\/\/www.nexoinformativo.mx\/wp-content\/uploads\/2024\/09\/PHOTO-2024-09-04-17-13-31-e1725492210955.jpg","contentUrl":"https:\/\/www.nexoinformativo.mx\/wp-content\/uploads\/2024\/09\/PHOTO-2024-09-04-17-13-31-e1725492210955.jpg","width":800,"height":533},{"@type":"BreadcrumbList","@id":"https:\/\/www.nexoinformativo.mx\/index.php\/2024\/09\/04\/fiscalia-de-queretaro-y-cndh-fortalecen-comunicacion-para-garantizar-derechos-humanos\/#breadcrumb","itemListElement":[{"@type":"ListItem","position":1,"name":"Inicio","item":"https:\/\/www.nexoinformativo.mx\/"},{"@type":"ListItem","position":2,"name":"Fiscal\u00eda de Quer\u00e9taro y CNDH fortalecen comunicaci\u00f3n para garantizar derechos humanos"}]},{"@type":"WebSite","@id":"https:\/\/www.nexoinformativo.mx\/#website","url":"https:\/\/www.nexoinformativo.mx\/","name":"Nexo Informativo Santiago de Quer\u00e9taro","description":"Explora NexoInformativo y convi\u00e9rtete en parte de una comunidad que valora el conocimiento y la verdad. Tu nexoinformativo es tu puente hacia una comprensi\u00f3n m\u00e1s profunda del mundo que te rodea.","publisher":{"@id":"https:\/\/www.nexoinformativo.mx\/#organization"},"potentialAction":[{"@type":"SearchAction","target":{"@type":"EntryPoint","urlTemplate":"https:\/\/www.nexoinformativo.mx\/?s={search_term_string}"},"query-input":{"@type":"PropertyValueSpecification","valueRequired":true,"valueName":"search_term_string"}}],"inLanguage":"es"},{"@type":"Organization","@id":"https:\/\/www.nexoinformativo.mx\/#organization","name":"Nexo Informativo Santiago de Quer\u00e9taro","url":"https:\/\/www.nexoinformativo.mx\/","logo":{"@type":"ImageObject","inLanguage":"es","@id":"https:\/\/www.nexoinformativo.mx\/#\/schema\/logo\/image\/","url":"https:\/\/www.nexoinformativo.mx\/wp-content\/uploads\/2024\/07\/nexoi-trasparente-2.png","contentUrl":"https:\/\/www.nexoinformativo.mx\/wp-content\/uploads\/2024\/07\/nexoi-trasparente-2.png","width":816,"height":339,"caption":"Nexo Informativo Santiago de Quer\u00e9taro"},"image":{"@id":"https:\/\/www.nexoinformativo.mx\/#\/schema\/logo\/image\/"},"sameAs":["https:\/\/www.facebook.com\/people\/Nexo-Informativo\/61564066885511\/"]},{"@type":"Person","@id":"https:\/\/www.nexoinformativo.mx\/#\/schema\/person\/7749d380ba08c8ca00d7bc76fd907b7d","name":"Nexo Informativo","image":{"@type":"ImageObject","inLanguage":"es","@id":"https:\/\/www.nexoinformativo.mx\/#\/schema\/person\/image\/","url":"https:\/\/secure.gravatar.com\/avatar\/dde2928154642a13d95f87ddf1ea9718fe2b46760a005c53e41ff5ad610704e6?s=96&d=mm&r=g","contentUrl":"https:\/\/secure.gravatar.com\/avatar\/dde2928154642a13d95f87ddf1ea9718fe2b46760a005c53e41ff5ad610704e6?s=96&d=mm&r=g","caption":"Nexo Informativo"},"url":"https:\/\/www.nexoinformativo.mx\/index.php\/author\/edicion\/"}]}},"_links":{"self":[{"href":"https:\/\/www.nexoinformativo.mx\/index.php\/wp-json\/wp\/v2\/posts\/1569","targetHints":{"allow":["GET"]}}],"collection":[{"href":"https:\/\/www.nexoinformativo.mx\/index.php\/wp-json\/wp\/v2\/posts"}],"about":[{"href":"https:\/\/www.nexoinformativo.mx\/index.php\/wp-json\/wp\/v2\/types\/post"}],"author":[{"embeddable":true,"href":"https:\/\/www.nexoinformativo.mx\/index.php\/wp-json\/wp\/v2\/users\/3"}],"replies":[{"embeddable":true,"href":"https:\/\/www.nexoinformativo.mx\/index.php\/wp-json\/wp\/v2\/comments?post=1569"}],"version-history":[{"count":3,"href":"https:\/\/www.nexoinformativo.mx\/index.php\/wp-json\/wp\/v2\/posts\/1569\/revisions"}],"predecessor-version":[{"id":1571,"href":"https:\/\/www.nexoinformativo.mx\/index.php\/wp-json\/wp\/v2\/posts\/1569\/revisions\/1571"}],"wp:featuredmedia":[{"embeddable":true,"href":"https:\/\/www.nexoinformativo.mx\/index.php\/wp-json\/wp\/v2\/media\/1572"}],"wp:attachment":[{"href":"https:\/\/www.nexoinformativo.mx\/index.php\/wp-json\/wp\/v2\/media?parent=1569"}],"wp:term":[{"taxonomy":"category","embeddable":true,"href":"https:\/\/www.nexoinformativo.mx\/index.php\/wp-json\/wp\/v2\/categories?post=1569"},{"taxonomy":"post_tag","embeddable":true,"href":"https:\/\/www.nexoinformativo.mx\/index.php\/wp-json\/wp\/v2\/tags?post=1569"}],"curies":[{"name":"wp","href":"https:\/\/api.w.org\/{rel}","templated":true}]}}