{"id":15716,"date":"2025-06-06T14:00:18","date_gmt":"2025-06-06T20:00:18","guid":{"rendered":"https:\/\/www.nexoinformativo.mx\/?p=15716"},"modified":"2025-06-06T14:37:24","modified_gmt":"2025-06-06T20:37:24","slug":"por-un-tequisquiapan-mas-seguro-sedena-y-municipio-impulsan-entrega-voluntaria-de-armas-a-cambio-de-paz","status":"publish","type":"post","link":"https:\/\/www.nexoinformativo.mx\/index.php\/2025\/06\/06\/por-un-tequisquiapan-mas-seguro-sedena-y-municipio-impulsan-entrega-voluntaria-de-armas-a-cambio-de-paz\/","title":{"rendered":"Por un Tequisquiapan m\u00e1s seguro SEDENA y municipio impulsan entrega voluntaria de armas a cambio de paz"},"content":{"rendered":"<p style=\"text-align: justify;\" data-sourcepos=\"5:1-5:318\">Con el firme objetivo de fomentar una cultura de paz y prevenir la violencia, la Secretar\u00eda de Seguridad P\u00fablica Municipal de Tequisquiapan, en coordinaci\u00f3n con la Secretar\u00eda de la Defensa Nacional (SEDENA), ha puesto en marcha el programa <strong>\u201cCambia tu Arma por la Paz\u201d.<\/strong><\/p>\n<\/p>\n<p>&nbsp;<\/p>\n<p style=\"text-align: justify;\" data-sourcepos=\"7:1-7:315\">Esta iniciativa busca que las y los ciudadanos entreguen armas de fuego de manera voluntaria, an\u00f3nima y segura, a cambio de un incentivo econ\u00f3mico. Las autoridades han garantizado que las armas entregadas son destruidas en el momento, asegurando que no vuelvan a representar un riesgo para la comunidad.<\/p>\n<\/p>\n<p>&nbsp;<\/p>\n<p style=\"text-align: justify;\" data-sourcepos=\"9:1-9:370\">Durante el pasado viernes y s\u00e1bado, el m\u00f3dulo de recepci\u00f3n se instal\u00f3 en la colonia Adolfo L\u00f3pez Mateos, espec\u00edficamente en la esquina de las calles Aquiles Serd\u00e1n y Francisco Villa.<\/p>\n<\/p>\n<p>&nbsp;<\/p>\n<p style=\"text-align: justify;\" data-sourcepos=\"9:1-9:370\">Para el pr\u00f3ximo fin de semana, se tiene previsto que el programa se traslade al Jard\u00edn Principal, con el fin de facilitar la participaci\u00f3n ciudadana en diferentes zonas del municipio.<\/p>\n<\/p>\n<p>&nbsp;<\/p>\n<p style=\"text-align: justify;\" data-sourcepos=\"11:1-11:261\">Las autoridades destacaron que este tipo de acciones forman parte de una estrategia integral de prevenci\u00f3n del delito, cuyo prop\u00f3sito es reducir los riesgos en los hogares y construir un entorno m\u00e1s seguro para todas y todos los habitantes de Tequisquiapan.<\/p>\n<\/p>\n<p>&nbsp;<\/p>\n<p style=\"text-align: justify;\" data-sourcepos=\"13:1-13:173\">Finalmente, se hizo un llamado a la ciudadan\u00eda a sumarse a esta importante iniciativa y a contribuir de forma activa a la construcci\u00f3n de un municipio m\u00e1s seguro y pac\u00edfico.<\/p>\n<\/p>\n<p>&nbsp;<\/p>\n<p style=\"text-align: center;\" data-sourcepos=\"13:1-13:173\"><em><strong>\u00a1Informaci\u00f3n que transforma!<\/strong><\/em><\/p>\n","protected":false},"excerpt":{"rendered":"<p>Con el firme objetivo de fomentar una cultura de paz y prevenir la violencia, la Secretar\u00eda de Seguridad P\u00fablica Municipal de Tequisquiapan, en coordinaci\u00f3n con la Secretar\u00eda de la Defensa Nacional (SEDENA), ha puesto en marcha el programa \u201cCambia tu Arma por la Paz\u201d.<\/p>\n","protected":false},"author":3,"featured_media":15717,"comment_status":"open","ping_status":"open","sticky":false,"template":"","format":"standard","meta":{"footnotes":""},"categories":[65,58],"tags":[4722,441,2304,4723],"class_list":["post-15716","post","type-post","status-publish","format-standard","has-post-thumbnail","hentry","category-municipios","category-ultima-hora","tag-armasporpaz","tag-culturadepaz","tag-nomasviolencia","tag-tequisquiapanseguro"],"yoast_head":"<!-- This site is optimized with the Yoast SEO plugin v25.0 - https:\/\/yoast.com\/wordpress\/plugins\/seo\/ -->\n<title>Por un Tequisquiapan m\u00e1s seguro SEDENA y municipio impulsan entrega voluntaria de armas a cambio de paz | Nexo Informativo Santiago de Quer\u00e9taro<\/title>\n<meta name=\"description\" content=\"Por un Tequisquiapan m\u00e1s seguro SEDENA y municipio impulsan entrega voluntaria de armas a cambio de paz\" \/>\n<meta name=\"robots\" content=\"index, follow, max-snippet:-1, max-image-preview:large, max-video-preview:-1\" \/>\n<link rel=\"canonical\" href=\"https:\/\/www.nexoinformativo.mx\/index.php\/2025\/06\/06\/por-un-tequisquiapan-mas-seguro-sedena-y-municipio-impulsan-entrega-voluntaria-de-armas-a-cambio-de-paz\/\" \/>\n<meta property=\"og:locale\" content=\"es_MX\" \/>\n<meta property=\"og:type\" content=\"article\" \/>\n<meta property=\"og:title\" content=\"Por un Tequisquiapan m\u00e1s seguro SEDENA y municipio impulsan entrega voluntaria de armas a cambio de paz | Nexo Informativo Santiago de Quer\u00e9taro\" \/>\n<meta property=\"og:description\" content=\"Por un Tequisquiapan m\u00e1s seguro SEDENA y municipio impulsan entrega voluntaria de armas a cambio de paz\" \/>\n<meta property=\"og:url\" content=\"https:\/\/www.nexoinformativo.mx\/index.php\/2025\/06\/06\/por-un-tequisquiapan-mas-seguro-sedena-y-municipio-impulsan-entrega-voluntaria-de-armas-a-cambio-de-paz\/\" \/>\n<meta property=\"og:site_name\" content=\"Nexo Informativo Santiago de Quer\u00e9taro\" \/>\n<meta property=\"article:publisher\" content=\"https:\/\/www.facebook.com\/people\/Nexo-Informativo\/61564066885511\/\" \/>\n<meta property=\"article:published_time\" content=\"2025-06-06T20:00:18+00:00\" \/>\n<meta property=\"article:modified_time\" content=\"2025-06-06T20:37:24+00:00\" \/>\n<meta property=\"og:image\" content=\"https:\/\/www.nexoinformativo.mx\/wp-content\/uploads\/2025\/06\/PHOTO-2025-06-06-14-14-48-e1749242183558.jpg\" \/>\n\t<meta property=\"og:image:width\" content=\"800\" \/>\n\t<meta property=\"og:image:height\" content=\"450\" \/>\n\t<meta property=\"og:image:type\" content=\"image\/jpeg\" \/>\n<meta name=\"author\" content=\"Nexo Informativo\" \/>\n<meta name=\"twitter:card\" content=\"summary_large_image\" \/>\n<meta name=\"twitter:label1\" content=\"Escrito por\" \/>\n\t<meta name=\"twitter:data1\" content=\"Nexo Informativo\" \/>\n\t<meta name=\"twitter:label2\" content=\"Tiempo de lectura\" \/>\n\t<meta name=\"twitter:data2\" content=\"2 minutos\" \/>\n<script type=\"application\/ld+json\" class=\"yoast-schema-graph\">{\"@context\":\"https:\/\/schema.org\",\"@graph\":[{\"@type\":\"Article\",\"@id\":\"https:\/\/www.nexoinformativo.mx\/index.php\/2025\/06\/06\/por-un-tequisquiapan-mas-seguro-sedena-y-municipio-impulsan-entrega-voluntaria-de-armas-a-cambio-de-paz\/#article\",\"isPartOf\":{\"@id\":\"https:\/\/www.nexoinformativo.mx\/index.php\/2025\/06\/06\/por-un-tequisquiapan-mas-seguro-sedena-y-municipio-impulsan-entrega-voluntaria-de-armas-a-cambio-de-paz\/\"},\"author\":{\"name\":\"Nexo Informativo\",\"@id\":\"https:\/\/www.nexoinformativo.mx\/#\/schema\/person\/7749d380ba08c8ca00d7bc76fd907b7d\"},\"headline\":\"Por un Tequisquiapan m\u00e1s seguro SEDENA y municipio impulsan entrega voluntaria de armas a cambio de paz\",\"datePublished\":\"2025-06-06T20:00:18+00:00\",\"dateModified\":\"2025-06-06T20:37:24+00:00\",\"mainEntityOfPage\":{\"@id\":\"https:\/\/www.nexoinformativo.mx\/index.php\/2025\/06\/06\/por-un-tequisquiapan-mas-seguro-sedena-y-municipio-impulsan-entrega-voluntaria-de-armas-a-cambio-de-paz\/\"},\"wordCount\":273,\"commentCount\":0,\"publisher\":{\"@id\":\"https:\/\/www.nexoinformativo.mx\/#organization\"},\"image\":{\"@id\":\"https:\/\/www.nexoinformativo.mx\/index.php\/2025\/06\/06\/por-un-tequisquiapan-mas-seguro-sedena-y-municipio-impulsan-entrega-voluntaria-de-armas-a-cambio-de-paz\/#primaryimage\"},\"thumbnailUrl\":\"https:\/\/www.nexoinformativo.mx\/wp-content\/uploads\/2025\/06\/PHOTO-2025-06-06-14-14-48-e1749242183558.jpg\",\"keywords\":[\"ArmasPorPaz\",\"CulturaDePaz\",\"NoM\u00e1sViolencia\",\"TequisquiapanSeguro\"],\"articleSection\":[\"Municipios\",\"\u00daltima Hora\"],\"inLanguage\":\"es\",\"potentialAction\":[{\"@type\":\"CommentAction\",\"name\":\"Comment\",\"target\":[\"https:\/\/www.nexoinformativo.mx\/index.php\/2025\/06\/06\/por-un-tequisquiapan-mas-seguro-sedena-y-municipio-impulsan-entrega-voluntaria-de-armas-a-cambio-de-paz\/#respond\"]}]},{\"@type\":\"WebPage\",\"@id\":\"https:\/\/www.nexoinformativo.mx\/index.php\/2025\/06\/06\/por-un-tequisquiapan-mas-seguro-sedena-y-municipio-impulsan-entrega-voluntaria-de-armas-a-cambio-de-paz\/\",\"url\":\"https:\/\/www.nexoinformativo.mx\/index.php\/2025\/06\/06\/por-un-tequisquiapan-mas-seguro-sedena-y-municipio-impulsan-entrega-voluntaria-de-armas-a-cambio-de-paz\/\",\"name\":\"Por un Tequisquiapan m\u00e1s seguro SEDENA y municipio impulsan entrega voluntaria de armas a cambio de paz | Nexo Informativo Santiago de Quer\u00e9taro\",\"isPartOf\":{\"@id\":\"https:\/\/www.nexoinformativo.mx\/#website\"},\"primaryImageOfPage\":{\"@id\":\"https:\/\/www.nexoinformativo.mx\/index.php\/2025\/06\/06\/por-un-tequisquiapan-mas-seguro-sedena-y-municipio-impulsan-entrega-voluntaria-de-armas-a-cambio-de-paz\/#primaryimage\"},\"image\":{\"@id\":\"https:\/\/www.nexoinformativo.mx\/index.php\/2025\/06\/06\/por-un-tequisquiapan-mas-seguro-sedena-y-municipio-impulsan-entrega-voluntaria-de-armas-a-cambio-de-paz\/#primaryimage\"},\"thumbnailUrl\":\"https:\/\/www.nexoinformativo.mx\/wp-content\/uploads\/2025\/06\/PHOTO-2025-06-06-14-14-48-e1749242183558.jpg\",\"datePublished\":\"2025-06-06T20:00:18+00:00\",\"dateModified\":\"2025-06-06T20:37:24+00:00\",\"description\":\"Por un Tequisquiapan m\u00e1s seguro SEDENA y municipio impulsan entrega voluntaria de armas a cambio de paz\",\"breadcrumb\":{\"@id\":\"https:\/\/www.nexoinformativo.mx\/index.php\/2025\/06\/06\/por-un-tequisquiapan-mas-seguro-sedena-y-municipio-impulsan-entrega-voluntaria-de-armas-a-cambio-de-paz\/#breadcrumb\"},\"inLanguage\":\"es\",\"potentialAction\":[{\"@type\":\"ReadAction\",\"target\":[\"https:\/\/www.nexoinformativo.mx\/index.php\/2025\/06\/06\/por-un-tequisquiapan-mas-seguro-sedena-y-municipio-impulsan-entrega-voluntaria-de-armas-a-cambio-de-paz\/\"]}]},{\"@type\":\"ImageObject\",\"inLanguage\":\"es\",\"@id\":\"https:\/\/www.nexoinformativo.mx\/index.php\/2025\/06\/06\/por-un-tequisquiapan-mas-seguro-sedena-y-municipio-impulsan-entrega-voluntaria-de-armas-a-cambio-de-paz\/#primaryimage\",\"url\":\"https:\/\/www.nexoinformativo.mx\/wp-content\/uploads\/2025\/06\/PHOTO-2025-06-06-14-14-48-e1749242183558.jpg\",\"contentUrl\":\"https:\/\/www.nexoinformativo.mx\/wp-content\/uploads\/2025\/06\/PHOTO-2025-06-06-14-14-48-e1749242183558.jpg\",\"width\":800,\"height\":450},{\"@type\":\"BreadcrumbList\",\"@id\":\"https:\/\/www.nexoinformativo.mx\/index.php\/2025\/06\/06\/por-un-tequisquiapan-mas-seguro-sedena-y-municipio-impulsan-entrega-voluntaria-de-armas-a-cambio-de-paz\/#breadcrumb\",\"itemListElement\":[{\"@type\":\"ListItem\",\"position\":1,\"name\":\"Inicio\",\"item\":\"https:\/\/www.nexoinformativo.mx\/\"},{\"@type\":\"ListItem\",\"position\":2,\"name\":\"Por un Tequisquiapan m\u00e1s seguro SEDENA y municipio impulsan entrega voluntaria de armas a cambio de paz\"}]},{\"@type\":\"WebSite\",\"@id\":\"https:\/\/www.nexoinformativo.mx\/#website\",\"url\":\"https:\/\/www.nexoinformativo.mx\/\",\"name\":\"Nexo Informativo Santiago de Quer\u00e9taro\",\"description\":\"Explora NexoInformativo y convi\u00e9rtete en parte de una comunidad que valora el conocimiento y la verdad. Tu nexoinformativo es tu puente hacia una comprensi\u00f3n m\u00e1s profunda del mundo que te rodea.\",\"publisher\":{\"@id\":\"https:\/\/www.nexoinformativo.mx\/#organization\"},\"potentialAction\":[{\"@type\":\"SearchAction\",\"target\":{\"@type\":\"EntryPoint\",\"urlTemplate\":\"https:\/\/www.nexoinformativo.mx\/?s={search_term_string}\"},\"query-input\":{\"@type\":\"PropertyValueSpecification\",\"valueRequired\":true,\"valueName\":\"search_term_string\"}}],\"inLanguage\":\"es\"},{\"@type\":\"Organization\",\"@id\":\"https:\/\/www.nexoinformativo.mx\/#organization\",\"name\":\"Nexo Informativo Santiago de Quer\u00e9taro\",\"url\":\"https:\/\/www.nexoinformativo.mx\/\",\"logo\":{\"@type\":\"ImageObject\",\"inLanguage\":\"es\",\"@id\":\"https:\/\/www.nexoinformativo.mx\/#\/schema\/logo\/image\/\",\"url\":\"https:\/\/www.nexoinformativo.mx\/wp-content\/uploads\/2024\/07\/nexoi-trasparente-2.png\",\"contentUrl\":\"https:\/\/www.nexoinformativo.mx\/wp-content\/uploads\/2024\/07\/nexoi-trasparente-2.png\",\"width\":816,\"height\":339,\"caption\":\"Nexo Informativo Santiago de Quer\u00e9taro\"},\"image\":{\"@id\":\"https:\/\/www.nexoinformativo.mx\/#\/schema\/logo\/image\/\"},\"sameAs\":[\"https:\/\/www.facebook.com\/people\/Nexo-Informativo\/61564066885511\/\"]},{\"@type\":\"Person\",\"@id\":\"https:\/\/www.nexoinformativo.mx\/#\/schema\/person\/7749d380ba08c8ca00d7bc76fd907b7d\",\"name\":\"Nexo Informativo\",\"image\":{\"@type\":\"ImageObject\",\"inLanguage\":\"es\",\"@id\":\"https:\/\/www.nexoinformativo.mx\/#\/schema\/person\/image\/\",\"url\":\"https:\/\/secure.gravatar.com\/avatar\/dde2928154642a13d95f87ddf1ea9718fe2b46760a005c53e41ff5ad610704e6?s=96&d=mm&r=g\",\"contentUrl\":\"https:\/\/secure.gravatar.com\/avatar\/dde2928154642a13d95f87ddf1ea9718fe2b46760a005c53e41ff5ad610704e6?s=96&d=mm&r=g\",\"caption\":\"Nexo Informativo\"},\"url\":\"https:\/\/www.nexoinformativo.mx\/index.php\/author\/edicion\/\"}]}<\/script>\n<!-- \/ Yoast SEO plugin. -->","yoast_head_json":{"title":"Por un Tequisquiapan m\u00e1s seguro SEDENA y municipio impulsan entrega voluntaria de armas a cambio de paz | Nexo Informativo Santiago de Quer\u00e9taro","description":"Por un Tequisquiapan m\u00e1s seguro SEDENA y municipio impulsan entrega voluntaria de armas a cambio de paz","robots":{"index":"index","follow":"follow","max-snippet":"max-snippet:-1","max-image-preview":"max-image-preview:large","max-video-preview":"max-video-preview:-1"},"canonical":"https:\/\/www.nexoinformativo.mx\/index.php\/2025\/06\/06\/por-un-tequisquiapan-mas-seguro-sedena-y-municipio-impulsan-entrega-voluntaria-de-armas-a-cambio-de-paz\/","og_locale":"es_MX","og_type":"article","og_title":"Por un Tequisquiapan m\u00e1s seguro SEDENA y municipio impulsan entrega voluntaria de armas a cambio de paz | Nexo Informativo Santiago de Quer\u00e9taro","og_description":"Por un Tequisquiapan m\u00e1s seguro SEDENA y municipio impulsan entrega voluntaria de armas a cambio de paz","og_url":"https:\/\/www.nexoinformativo.mx\/index.php\/2025\/06\/06\/por-un-tequisquiapan-mas-seguro-sedena-y-municipio-impulsan-entrega-voluntaria-de-armas-a-cambio-de-paz\/","og_site_name":"Nexo Informativo Santiago de Quer\u00e9taro","article_publisher":"https:\/\/www.facebook.com\/people\/Nexo-Informativo\/61564066885511\/","article_published_time":"2025-06-06T20:00:18+00:00","article_modified_time":"2025-06-06T20:37:24+00:00","og_image":[{"width":800,"height":450,"url":"https:\/\/www.nexoinformativo.mx\/wp-content\/uploads\/2025\/06\/PHOTO-2025-06-06-14-14-48-e1749242183558.jpg","type":"image\/jpeg"}],"author":"Nexo Informativo","twitter_card":"summary_large_image","twitter_misc":{"Escrito por":"Nexo Informativo","Tiempo de lectura":"2 minutos"},"schema":{"@context":"https:\/\/schema.org","@graph":[{"@type":"Article","@id":"https:\/\/www.nexoinformativo.mx\/index.php\/2025\/06\/06\/por-un-tequisquiapan-mas-seguro-sedena-y-municipio-impulsan-entrega-voluntaria-de-armas-a-cambio-de-paz\/#article","isPartOf":{"@id":"https:\/\/www.nexoinformativo.mx\/index.php\/2025\/06\/06\/por-un-tequisquiapan-mas-seguro-sedena-y-municipio-impulsan-entrega-voluntaria-de-armas-a-cambio-de-paz\/"},"author":{"name":"Nexo Informativo","@id":"https:\/\/www.nexoinformativo.mx\/#\/schema\/person\/7749d380ba08c8ca00d7bc76fd907b7d"},"headline":"Por un Tequisquiapan m\u00e1s seguro SEDENA y municipio impulsan entrega voluntaria de armas a cambio de paz","datePublished":"2025-06-06T20:00:18+00:00","dateModified":"2025-06-06T20:37:24+00:00","mainEntityOfPage":{"@id":"https:\/\/www.nexoinformativo.mx\/index.php\/2025\/06\/06\/por-un-tequisquiapan-mas-seguro-sedena-y-municipio-impulsan-entrega-voluntaria-de-armas-a-cambio-de-paz\/"},"wordCount":273,"commentCount":0,"publisher":{"@id":"https:\/\/www.nexoinformativo.mx\/#organization"},"image":{"@id":"https:\/\/www.nexoinformativo.mx\/index.php\/2025\/06\/06\/por-un-tequisquiapan-mas-seguro-sedena-y-municipio-impulsan-entrega-voluntaria-de-armas-a-cambio-de-paz\/#primaryimage"},"thumbnailUrl":"https:\/\/www.nexoinformativo.mx\/wp-content\/uploads\/2025\/06\/PHOTO-2025-06-06-14-14-48-e1749242183558.jpg","keywords":["ArmasPorPaz","CulturaDePaz","NoM\u00e1sViolencia","TequisquiapanSeguro"],"articleSection":["Municipios","\u00daltima Hora"],"inLanguage":"es","potentialAction":[{"@type":"CommentAction","name":"Comment","target":["https:\/\/www.nexoinformativo.mx\/index.php\/2025\/06\/06\/por-un-tequisquiapan-mas-seguro-sedena-y-municipio-impulsan-entrega-voluntaria-de-armas-a-cambio-de-paz\/#respond"]}]},{"@type":"WebPage","@id":"https:\/\/www.nexoinformativo.mx\/index.php\/2025\/06\/06\/por-un-tequisquiapan-mas-seguro-sedena-y-municipio-impulsan-entrega-voluntaria-de-armas-a-cambio-de-paz\/","url":"https:\/\/www.nexoinformativo.mx\/index.php\/2025\/06\/06\/por-un-tequisquiapan-mas-seguro-sedena-y-municipio-impulsan-entrega-voluntaria-de-armas-a-cambio-de-paz\/","name":"Por un Tequisquiapan m\u00e1s seguro SEDENA y municipio impulsan entrega voluntaria de armas a cambio de paz | Nexo Informativo Santiago de Quer\u00e9taro","isPartOf":{"@id":"https:\/\/www.nexoinformativo.mx\/#website"},"primaryImageOfPage":{"@id":"https:\/\/www.nexoinformativo.mx\/index.php\/2025\/06\/06\/por-un-tequisquiapan-mas-seguro-sedena-y-municipio-impulsan-entrega-voluntaria-de-armas-a-cambio-de-paz\/#primaryimage"},"image":{"@id":"https:\/\/www.nexoinformativo.mx\/index.php\/2025\/06\/06\/por-un-tequisquiapan-mas-seguro-sedena-y-municipio-impulsan-entrega-voluntaria-de-armas-a-cambio-de-paz\/#primaryimage"},"thumbnailUrl":"https:\/\/www.nexoinformativo.mx\/wp-content\/uploads\/2025\/06\/PHOTO-2025-06-06-14-14-48-e1749242183558.jpg","datePublished":"2025-06-06T20:00:18+00:00","dateModified":"2025-06-06T20:37:24+00:00","description":"Por un Tequisquiapan m\u00e1s seguro SEDENA y municipio impulsan entrega voluntaria de armas a cambio de paz","breadcrumb":{"@id":"https:\/\/www.nexoinformativo.mx\/index.php\/2025\/06\/06\/por-un-tequisquiapan-mas-seguro-sedena-y-municipio-impulsan-entrega-voluntaria-de-armas-a-cambio-de-paz\/#breadcrumb"},"inLanguage":"es","potentialAction":[{"@type":"ReadAction","target":["https:\/\/www.nexoinformativo.mx\/index.php\/2025\/06\/06\/por-un-tequisquiapan-mas-seguro-sedena-y-municipio-impulsan-entrega-voluntaria-de-armas-a-cambio-de-paz\/"]}]},{"@type":"ImageObject","inLanguage":"es","@id":"https:\/\/www.nexoinformativo.mx\/index.php\/2025\/06\/06\/por-un-tequisquiapan-mas-seguro-sedena-y-municipio-impulsan-entrega-voluntaria-de-armas-a-cambio-de-paz\/#primaryimage","url":"https:\/\/www.nexoinformativo.mx\/wp-content\/uploads\/2025\/06\/PHOTO-2025-06-06-14-14-48-e1749242183558.jpg","contentUrl":"https:\/\/www.nexoinformativo.mx\/wp-content\/uploads\/2025\/06\/PHOTO-2025-06-06-14-14-48-e1749242183558.jpg","width":800,"height":450},{"@type":"BreadcrumbList","@id":"https:\/\/www.nexoinformativo.mx\/index.php\/2025\/06\/06\/por-un-tequisquiapan-mas-seguro-sedena-y-municipio-impulsan-entrega-voluntaria-de-armas-a-cambio-de-paz\/#breadcrumb","itemListElement":[{"@type":"ListItem","position":1,"name":"Inicio","item":"https:\/\/www.nexoinformativo.mx\/"},{"@type":"ListItem","position":2,"name":"Por un Tequisquiapan m\u00e1s seguro SEDENA y municipio impulsan entrega voluntaria de armas a cambio de paz"}]},{"@type":"WebSite","@id":"https:\/\/www.nexoinformativo.mx\/#website","url":"https:\/\/www.nexoinformativo.mx\/","name":"Nexo Informativo Santiago de Quer\u00e9taro","description":"Explora NexoInformativo y convi\u00e9rtete en parte de una comunidad que valora el conocimiento y la verdad. Tu nexoinformativo es tu puente hacia una comprensi\u00f3n m\u00e1s profunda del mundo que te rodea.","publisher":{"@id":"https:\/\/www.nexoinformativo.mx\/#organization"},"potentialAction":[{"@type":"SearchAction","target":{"@type":"EntryPoint","urlTemplate":"https:\/\/www.nexoinformativo.mx\/?s={search_term_string}"},"query-input":{"@type":"PropertyValueSpecification","valueRequired":true,"valueName":"search_term_string"}}],"inLanguage":"es"},{"@type":"Organization","@id":"https:\/\/www.nexoinformativo.mx\/#organization","name":"Nexo Informativo Santiago de Quer\u00e9taro","url":"https:\/\/www.nexoinformativo.mx\/","logo":{"@type":"ImageObject","inLanguage":"es","@id":"https:\/\/www.nexoinformativo.mx\/#\/schema\/logo\/image\/","url":"https:\/\/www.nexoinformativo.mx\/wp-content\/uploads\/2024\/07\/nexoi-trasparente-2.png","contentUrl":"https:\/\/www.nexoinformativo.mx\/wp-content\/uploads\/2024\/07\/nexoi-trasparente-2.png","width":816,"height":339,"caption":"Nexo Informativo Santiago de Quer\u00e9taro"},"image":{"@id":"https:\/\/www.nexoinformativo.mx\/#\/schema\/logo\/image\/"},"sameAs":["https:\/\/www.facebook.com\/people\/Nexo-Informativo\/61564066885511\/"]},{"@type":"Person","@id":"https:\/\/www.nexoinformativo.mx\/#\/schema\/person\/7749d380ba08c8ca00d7bc76fd907b7d","name":"Nexo Informativo","image":{"@type":"ImageObject","inLanguage":"es","@id":"https:\/\/www.nexoinformativo.mx\/#\/schema\/person\/image\/","url":"https:\/\/secure.gravatar.com\/avatar\/dde2928154642a13d95f87ddf1ea9718fe2b46760a005c53e41ff5ad610704e6?s=96&d=mm&r=g","contentUrl":"https:\/\/secure.gravatar.com\/avatar\/dde2928154642a13d95f87ddf1ea9718fe2b46760a005c53e41ff5ad610704e6?s=96&d=mm&r=g","caption":"Nexo Informativo"},"url":"https:\/\/www.nexoinformativo.mx\/index.php\/author\/edicion\/"}]}},"_links":{"self":[{"href":"https:\/\/www.nexoinformativo.mx\/index.php\/wp-json\/wp\/v2\/posts\/15716","targetHints":{"allow":["GET"]}}],"collection":[{"href":"https:\/\/www.nexoinformativo.mx\/index.php\/wp-json\/wp\/v2\/posts"}],"about":[{"href":"https:\/\/www.nexoinformativo.mx\/index.php\/wp-json\/wp\/v2\/types\/post"}],"author":[{"embeddable":true,"href":"https:\/\/www.nexoinformativo.mx\/index.php\/wp-json\/wp\/v2\/users\/3"}],"replies":[{"embeddable":true,"href":"https:\/\/www.nexoinformativo.mx\/index.php\/wp-json\/wp\/v2\/comments?post=15716"}],"version-history":[{"count":4,"href":"https:\/\/www.nexoinformativo.mx\/index.php\/wp-json\/wp\/v2\/posts\/15716\/revisions"}],"predecessor-version":[{"id":15721,"href":"https:\/\/www.nexoinformativo.mx\/index.php\/wp-json\/wp\/v2\/posts\/15716\/revisions\/15721"}],"wp:featuredmedia":[{"embeddable":true,"href":"https:\/\/www.nexoinformativo.mx\/index.php\/wp-json\/wp\/v2\/media\/15717"}],"wp:attachment":[{"href":"https:\/\/www.nexoinformativo.mx\/index.php\/wp-json\/wp\/v2\/media?parent=15716"}],"wp:term":[{"taxonomy":"category","embeddable":true,"href":"https:\/\/www.nexoinformativo.mx\/index.php\/wp-json\/wp\/v2\/categories?post=15716"},{"taxonomy":"post_tag","embeddable":true,"href":"https:\/\/www.nexoinformativo.mx\/index.php\/wp-json\/wp\/v2\/tags?post=15716"}],"curies":[{"name":"wp","href":"https:\/\/api.w.org\/{rel}","templated":true}]}}