{"id":15722,"date":"2025-06-09T13:00:28","date_gmt":"2025-06-09T19:00:28","guid":{"rendered":"https:\/\/www.nexoinformativo.mx\/?p=15722"},"modified":"2025-06-09T20:41:44","modified_gmt":"2025-06-10T02:41:44","slug":"sin-queretanos-detenidos-en-redadas-de-ee-uu-gobernador-kuri-llama-a-la-solidaridad-con-migrantes","status":"publish","type":"post","link":"https:\/\/www.nexoinformativo.mx\/index.php\/2025\/06\/09\/sin-queretanos-detenidos-en-redadas-de-ee-uu-gobernador-kuri-llama-a-la-solidaridad-con-migrantes\/","title":{"rendered":"Sin queretanos detenidos en redadas de EE. UU. Gobernador Kuri llama a la solidaridad con migrantes"},"content":{"rendered":"<p style=\"text-align: justify;\" data-sourcepos=\"5:1-5:418\">El gobernador de Quer\u00e9taro, Mauricio Kuri, hizo un llamado a la solidaridad con los mexicanos que enfrentan una situaci\u00f3n de represi\u00f3n en Estados Unidos, en el contexto de las recientes redadas migratorias.<\/p>\n<p>&nbsp;<\/p>\n<p style=\"text-align: justify;\" data-sourcepos=\"5:1-5:418\">Hasta el momento, no se tiene conocimiento de queretanos detenidos en estos operativos, que se han intensificado en Los \u00c1ngeles, California.<\/p>\n<p>&nbsp;<\/p>\n<p style=\"text-align: justify;\" data-sourcepos=\"7:1-7:236\">\u201cLo que est\u00e1 ocurriendo en Los \u00c1ngeles nos llama a ser solidarios con nuestros migrantes mexicanos. Todos debemos asumir con responsabilidad este tema. Nadie abandona su pa\u00eds por gusto, lo hace por necesidad\u201d, se\u00f1al\u00f3 el gobernador Kuri.<\/p>\n<p>&nbsp;<\/p>\n<p style=\"text-align: justify;\" data-sourcepos=\"9:1-9:170\">El mandatario critic\u00f3 el actuar de las autoridades estadounidenses, calific\u00e1ndolo como agresivo, y reiter\u00f3 que se trata de una situaci\u00f3n que requiere empat\u00eda y apoyo.<\/p>\n<p>&nbsp;<\/p>\n<p style=\"text-align: justify;\" data-sourcepos=\"11:1-11:366\">\u201cCreo que es momento de ser solidarios con quienes est\u00e1n sufriendo all\u00e1, que est\u00e1n viviendo una represi\u00f3n importante.<\/p>\n<p>&nbsp;<\/p>\n<p style=\"text-align: justify;\" data-sourcepos=\"11:1-11:366\">Estados Unidos, aunque tiene derecho a proteger sus fronteras, est\u00e1 aplicando medidas que, desde mi punto de vista, son agresivas al intentar regresar a nuestros paisanos\u201d, concluy\u00f3 Kuri Gonz\u00e1lez, reafirmando el respaldo del estado a los migrantes.<\/p>\n<p>&nbsp;<\/p>\n<p style=\"text-align: center;\" data-sourcepos=\"11:1-11:366\"><em><strong>\u00a1Informaci\u00f3n que transforma!<\/strong><\/em><\/p>\n","protected":false},"excerpt":{"rendered":"<p>El gobernador de Quer\u00e9taro, Mauricio Kuri, hizo un llamado a la solidaridad con los mexicanos que enfrentan una situaci\u00f3n de represi\u00f3n en Estados Unidos, en el contexto de las recientes redadas migratorias.<\/p>\n","protected":false},"author":3,"featured_media":15723,"comment_status":"open","ping_status":"open","sticky":false,"template":"","format":"standard","meta":{"footnotes":""},"categories":[42,58],"tags":[4724,2953,4726,4725],"class_list":["post-15722","post","type-post","status-publish","format-standard","has-post-thumbnail","hentry","category-estado","category-ultima-hora","tag-kurisolidario","tag-migrantesmexicanos","tag-noalasredadas","tag-queretaroconmigrantes"],"yoast_head":"<!-- This site is optimized with the Yoast SEO plugin v25.0 - https:\/\/yoast.com\/wordpress\/plugins\/seo\/ -->\n<title>Sin queretanos detenidos en redadas de EE. UU. Gobernador Kuri llama a la solidaridad con migrantes | Nexo Informativo Santiago de Quer\u00e9taro<\/title>\n<meta name=\"description\" content=\"Sin queretanos detenidos en redadas de EE. UU. Gobernador Kuri llama a la solidaridad con migrantes\" \/>\n<meta name=\"robots\" content=\"index, follow, max-snippet:-1, max-image-preview:large, max-video-preview:-1\" \/>\n<link rel=\"canonical\" href=\"https:\/\/www.nexoinformativo.mx\/index.php\/2025\/06\/09\/sin-queretanos-detenidos-en-redadas-de-ee-uu-gobernador-kuri-llama-a-la-solidaridad-con-migrantes\/\" \/>\n<meta property=\"og:locale\" content=\"es_MX\" \/>\n<meta property=\"og:type\" content=\"article\" \/>\n<meta property=\"og:title\" content=\"Sin queretanos detenidos en redadas de EE. UU. Gobernador Kuri llama a la solidaridad con migrantes | Nexo Informativo Santiago de Quer\u00e9taro\" \/>\n<meta property=\"og:description\" content=\"Sin queretanos detenidos en redadas de EE. UU. Gobernador Kuri llama a la solidaridad con migrantes\" \/>\n<meta property=\"og:url\" content=\"https:\/\/www.nexoinformativo.mx\/index.php\/2025\/06\/09\/sin-queretanos-detenidos-en-redadas-de-ee-uu-gobernador-kuri-llama-a-la-solidaridad-con-migrantes\/\" \/>\n<meta property=\"og:site_name\" content=\"Nexo Informativo Santiago de Quer\u00e9taro\" \/>\n<meta property=\"article:publisher\" content=\"https:\/\/www.facebook.com\/people\/Nexo-Informativo\/61564066885511\/\" \/>\n<meta property=\"article:published_time\" content=\"2025-06-09T19:00:28+00:00\" \/>\n<meta property=\"article:modified_time\" content=\"2025-06-10T02:41:44+00:00\" \/>\n<meta property=\"og:image\" content=\"https:\/\/www.nexoinformativo.mx\/wp-content\/uploads\/2025\/06\/PHOTO-2025-06-09-14-09-07.jpg\" \/>\n\t<meta property=\"og:image:width\" content=\"1356\" \/>\n\t<meta property=\"og:image:height\" content=\"1229\" \/>\n\t<meta property=\"og:image:type\" content=\"image\/jpeg\" \/>\n<meta name=\"author\" content=\"Nexo Informativo\" \/>\n<meta name=\"twitter:card\" content=\"summary_large_image\" \/>\n<meta name=\"twitter:label1\" content=\"Escrito por\" \/>\n\t<meta name=\"twitter:data1\" content=\"Nexo Informativo\" \/>\n\t<meta name=\"twitter:label2\" content=\"Tiempo de lectura\" \/>\n\t<meta name=\"twitter:data2\" content=\"1 minuto\" \/>\n<script type=\"application\/ld+json\" class=\"yoast-schema-graph\">{\"@context\":\"https:\/\/schema.org\",\"@graph\":[{\"@type\":\"Article\",\"@id\":\"https:\/\/www.nexoinformativo.mx\/index.php\/2025\/06\/09\/sin-queretanos-detenidos-en-redadas-de-ee-uu-gobernador-kuri-llama-a-la-solidaridad-con-migrantes\/#article\",\"isPartOf\":{\"@id\":\"https:\/\/www.nexoinformativo.mx\/index.php\/2025\/06\/09\/sin-queretanos-detenidos-en-redadas-de-ee-uu-gobernador-kuri-llama-a-la-solidaridad-con-migrantes\/\"},\"author\":{\"name\":\"Nexo Informativo\",\"@id\":\"https:\/\/www.nexoinformativo.mx\/#\/schema\/person\/7749d380ba08c8ca00d7bc76fd907b7d\"},\"headline\":\"Sin queretanos detenidos en redadas de EE. UU. Gobernador Kuri llama a la solidaridad con migrantes\",\"datePublished\":\"2025-06-09T19:00:28+00:00\",\"dateModified\":\"2025-06-10T02:41:44+00:00\",\"mainEntityOfPage\":{\"@id\":\"https:\/\/www.nexoinformativo.mx\/index.php\/2025\/06\/09\/sin-queretanos-detenidos-en-redadas-de-ee-uu-gobernador-kuri-llama-a-la-solidaridad-con-migrantes\/\"},\"wordCount\":208,\"commentCount\":0,\"publisher\":{\"@id\":\"https:\/\/www.nexoinformativo.mx\/#organization\"},\"image\":{\"@id\":\"https:\/\/www.nexoinformativo.mx\/index.php\/2025\/06\/09\/sin-queretanos-detenidos-en-redadas-de-ee-uu-gobernador-kuri-llama-a-la-solidaridad-con-migrantes\/#primaryimage\"},\"thumbnailUrl\":\"https:\/\/www.nexoinformativo.mx\/wp-content\/uploads\/2025\/06\/PHOTO-2025-06-09-14-09-07.jpg\",\"keywords\":[\"KuriSolidario\",\"MigrantesMexicanos\",\"NoALasRedadas\",\"Quer\u00e9taroConMigrantes\"],\"articleSection\":[\"Estado\",\"\u00daltima Hora\"],\"inLanguage\":\"es\",\"potentialAction\":[{\"@type\":\"CommentAction\",\"name\":\"Comment\",\"target\":[\"https:\/\/www.nexoinformativo.mx\/index.php\/2025\/06\/09\/sin-queretanos-detenidos-en-redadas-de-ee-uu-gobernador-kuri-llama-a-la-solidaridad-con-migrantes\/#respond\"]}]},{\"@type\":\"WebPage\",\"@id\":\"https:\/\/www.nexoinformativo.mx\/index.php\/2025\/06\/09\/sin-queretanos-detenidos-en-redadas-de-ee-uu-gobernador-kuri-llama-a-la-solidaridad-con-migrantes\/\",\"url\":\"https:\/\/www.nexoinformativo.mx\/index.php\/2025\/06\/09\/sin-queretanos-detenidos-en-redadas-de-ee-uu-gobernador-kuri-llama-a-la-solidaridad-con-migrantes\/\",\"name\":\"Sin queretanos detenidos en redadas de EE. UU. Gobernador Kuri llama a la solidaridad con migrantes | Nexo Informativo Santiago de Quer\u00e9taro\",\"isPartOf\":{\"@id\":\"https:\/\/www.nexoinformativo.mx\/#website\"},\"primaryImageOfPage\":{\"@id\":\"https:\/\/www.nexoinformativo.mx\/index.php\/2025\/06\/09\/sin-queretanos-detenidos-en-redadas-de-ee-uu-gobernador-kuri-llama-a-la-solidaridad-con-migrantes\/#primaryimage\"},\"image\":{\"@id\":\"https:\/\/www.nexoinformativo.mx\/index.php\/2025\/06\/09\/sin-queretanos-detenidos-en-redadas-de-ee-uu-gobernador-kuri-llama-a-la-solidaridad-con-migrantes\/#primaryimage\"},\"thumbnailUrl\":\"https:\/\/www.nexoinformativo.mx\/wp-content\/uploads\/2025\/06\/PHOTO-2025-06-09-14-09-07.jpg\",\"datePublished\":\"2025-06-09T19:00:28+00:00\",\"dateModified\":\"2025-06-10T02:41:44+00:00\",\"description\":\"Sin queretanos detenidos en redadas de EE. UU. Gobernador Kuri llama a la solidaridad con migrantes\",\"breadcrumb\":{\"@id\":\"https:\/\/www.nexoinformativo.mx\/index.php\/2025\/06\/09\/sin-queretanos-detenidos-en-redadas-de-ee-uu-gobernador-kuri-llama-a-la-solidaridad-con-migrantes\/#breadcrumb\"},\"inLanguage\":\"es\",\"potentialAction\":[{\"@type\":\"ReadAction\",\"target\":[\"https:\/\/www.nexoinformativo.mx\/index.php\/2025\/06\/09\/sin-queretanos-detenidos-en-redadas-de-ee-uu-gobernador-kuri-llama-a-la-solidaridad-con-migrantes\/\"]}]},{\"@type\":\"ImageObject\",\"inLanguage\":\"es\",\"@id\":\"https:\/\/www.nexoinformativo.mx\/index.php\/2025\/06\/09\/sin-queretanos-detenidos-en-redadas-de-ee-uu-gobernador-kuri-llama-a-la-solidaridad-con-migrantes\/#primaryimage\",\"url\":\"https:\/\/www.nexoinformativo.mx\/wp-content\/uploads\/2025\/06\/PHOTO-2025-06-09-14-09-07.jpg\",\"contentUrl\":\"https:\/\/www.nexoinformativo.mx\/wp-content\/uploads\/2025\/06\/PHOTO-2025-06-09-14-09-07.jpg\",\"width\":1356,\"height\":1229},{\"@type\":\"BreadcrumbList\",\"@id\":\"https:\/\/www.nexoinformativo.mx\/index.php\/2025\/06\/09\/sin-queretanos-detenidos-en-redadas-de-ee-uu-gobernador-kuri-llama-a-la-solidaridad-con-migrantes\/#breadcrumb\",\"itemListElement\":[{\"@type\":\"ListItem\",\"position\":1,\"name\":\"Inicio\",\"item\":\"https:\/\/www.nexoinformativo.mx\/\"},{\"@type\":\"ListItem\",\"position\":2,\"name\":\"Sin queretanos detenidos en redadas de EE. UU. Gobernador Kuri llama a la solidaridad con migrantes\"}]},{\"@type\":\"WebSite\",\"@id\":\"https:\/\/www.nexoinformativo.mx\/#website\",\"url\":\"https:\/\/www.nexoinformativo.mx\/\",\"name\":\"Nexo Informativo Santiago de Quer\u00e9taro\",\"description\":\"Explora NexoInformativo y convi\u00e9rtete en parte de una comunidad que valora el conocimiento y la verdad. Tu nexoinformativo es tu puente hacia una comprensi\u00f3n m\u00e1s profunda del mundo que te rodea.\",\"publisher\":{\"@id\":\"https:\/\/www.nexoinformativo.mx\/#organization\"},\"potentialAction\":[{\"@type\":\"SearchAction\",\"target\":{\"@type\":\"EntryPoint\",\"urlTemplate\":\"https:\/\/www.nexoinformativo.mx\/?s={search_term_string}\"},\"query-input\":{\"@type\":\"PropertyValueSpecification\",\"valueRequired\":true,\"valueName\":\"search_term_string\"}}],\"inLanguage\":\"es\"},{\"@type\":\"Organization\",\"@id\":\"https:\/\/www.nexoinformativo.mx\/#organization\",\"name\":\"Nexo Informativo Santiago de Quer\u00e9taro\",\"url\":\"https:\/\/www.nexoinformativo.mx\/\",\"logo\":{\"@type\":\"ImageObject\",\"inLanguage\":\"es\",\"@id\":\"https:\/\/www.nexoinformativo.mx\/#\/schema\/logo\/image\/\",\"url\":\"https:\/\/www.nexoinformativo.mx\/wp-content\/uploads\/2024\/07\/nexoi-trasparente-2.png\",\"contentUrl\":\"https:\/\/www.nexoinformativo.mx\/wp-content\/uploads\/2024\/07\/nexoi-trasparente-2.png\",\"width\":816,\"height\":339,\"caption\":\"Nexo Informativo Santiago de Quer\u00e9taro\"},\"image\":{\"@id\":\"https:\/\/www.nexoinformativo.mx\/#\/schema\/logo\/image\/\"},\"sameAs\":[\"https:\/\/www.facebook.com\/people\/Nexo-Informativo\/61564066885511\/\"]},{\"@type\":\"Person\",\"@id\":\"https:\/\/www.nexoinformativo.mx\/#\/schema\/person\/7749d380ba08c8ca00d7bc76fd907b7d\",\"name\":\"Nexo Informativo\",\"image\":{\"@type\":\"ImageObject\",\"inLanguage\":\"es\",\"@id\":\"https:\/\/www.nexoinformativo.mx\/#\/schema\/person\/image\/\",\"url\":\"https:\/\/secure.gravatar.com\/avatar\/dde2928154642a13d95f87ddf1ea9718fe2b46760a005c53e41ff5ad610704e6?s=96&d=mm&r=g\",\"contentUrl\":\"https:\/\/secure.gravatar.com\/avatar\/dde2928154642a13d95f87ddf1ea9718fe2b46760a005c53e41ff5ad610704e6?s=96&d=mm&r=g\",\"caption\":\"Nexo Informativo\"},\"url\":\"https:\/\/www.nexoinformativo.mx\/index.php\/author\/edicion\/\"}]}<\/script>\n<!-- \/ Yoast SEO plugin. -->","yoast_head_json":{"title":"Sin queretanos detenidos en redadas de EE. UU. Gobernador Kuri llama a la solidaridad con migrantes | Nexo Informativo Santiago de Quer\u00e9taro","description":"Sin queretanos detenidos en redadas de EE. UU. Gobernador Kuri llama a la solidaridad con migrantes","robots":{"index":"index","follow":"follow","max-snippet":"max-snippet:-1","max-image-preview":"max-image-preview:large","max-video-preview":"max-video-preview:-1"},"canonical":"https:\/\/www.nexoinformativo.mx\/index.php\/2025\/06\/09\/sin-queretanos-detenidos-en-redadas-de-ee-uu-gobernador-kuri-llama-a-la-solidaridad-con-migrantes\/","og_locale":"es_MX","og_type":"article","og_title":"Sin queretanos detenidos en redadas de EE. UU. Gobernador Kuri llama a la solidaridad con migrantes | Nexo Informativo Santiago de Quer\u00e9taro","og_description":"Sin queretanos detenidos en redadas de EE. UU. Gobernador Kuri llama a la solidaridad con migrantes","og_url":"https:\/\/www.nexoinformativo.mx\/index.php\/2025\/06\/09\/sin-queretanos-detenidos-en-redadas-de-ee-uu-gobernador-kuri-llama-a-la-solidaridad-con-migrantes\/","og_site_name":"Nexo Informativo Santiago de Quer\u00e9taro","article_publisher":"https:\/\/www.facebook.com\/people\/Nexo-Informativo\/61564066885511\/","article_published_time":"2025-06-09T19:00:28+00:00","article_modified_time":"2025-06-10T02:41:44+00:00","og_image":[{"width":1356,"height":1229,"url":"https:\/\/www.nexoinformativo.mx\/wp-content\/uploads\/2025\/06\/PHOTO-2025-06-09-14-09-07.jpg","type":"image\/jpeg"}],"author":"Nexo Informativo","twitter_card":"summary_large_image","twitter_misc":{"Escrito por":"Nexo Informativo","Tiempo de lectura":"1 minuto"},"schema":{"@context":"https:\/\/schema.org","@graph":[{"@type":"Article","@id":"https:\/\/www.nexoinformativo.mx\/index.php\/2025\/06\/09\/sin-queretanos-detenidos-en-redadas-de-ee-uu-gobernador-kuri-llama-a-la-solidaridad-con-migrantes\/#article","isPartOf":{"@id":"https:\/\/www.nexoinformativo.mx\/index.php\/2025\/06\/09\/sin-queretanos-detenidos-en-redadas-de-ee-uu-gobernador-kuri-llama-a-la-solidaridad-con-migrantes\/"},"author":{"name":"Nexo Informativo","@id":"https:\/\/www.nexoinformativo.mx\/#\/schema\/person\/7749d380ba08c8ca00d7bc76fd907b7d"},"headline":"Sin queretanos detenidos en redadas de EE. UU. Gobernador Kuri llama a la solidaridad con migrantes","datePublished":"2025-06-09T19:00:28+00:00","dateModified":"2025-06-10T02:41:44+00:00","mainEntityOfPage":{"@id":"https:\/\/www.nexoinformativo.mx\/index.php\/2025\/06\/09\/sin-queretanos-detenidos-en-redadas-de-ee-uu-gobernador-kuri-llama-a-la-solidaridad-con-migrantes\/"},"wordCount":208,"commentCount":0,"publisher":{"@id":"https:\/\/www.nexoinformativo.mx\/#organization"},"image":{"@id":"https:\/\/www.nexoinformativo.mx\/index.php\/2025\/06\/09\/sin-queretanos-detenidos-en-redadas-de-ee-uu-gobernador-kuri-llama-a-la-solidaridad-con-migrantes\/#primaryimage"},"thumbnailUrl":"https:\/\/www.nexoinformativo.mx\/wp-content\/uploads\/2025\/06\/PHOTO-2025-06-09-14-09-07.jpg","keywords":["KuriSolidario","MigrantesMexicanos","NoALasRedadas","Quer\u00e9taroConMigrantes"],"articleSection":["Estado","\u00daltima Hora"],"inLanguage":"es","potentialAction":[{"@type":"CommentAction","name":"Comment","target":["https:\/\/www.nexoinformativo.mx\/index.php\/2025\/06\/09\/sin-queretanos-detenidos-en-redadas-de-ee-uu-gobernador-kuri-llama-a-la-solidaridad-con-migrantes\/#respond"]}]},{"@type":"WebPage","@id":"https:\/\/www.nexoinformativo.mx\/index.php\/2025\/06\/09\/sin-queretanos-detenidos-en-redadas-de-ee-uu-gobernador-kuri-llama-a-la-solidaridad-con-migrantes\/","url":"https:\/\/www.nexoinformativo.mx\/index.php\/2025\/06\/09\/sin-queretanos-detenidos-en-redadas-de-ee-uu-gobernador-kuri-llama-a-la-solidaridad-con-migrantes\/","name":"Sin queretanos detenidos en redadas de EE. UU. Gobernador Kuri llama a la solidaridad con migrantes | Nexo Informativo Santiago de Quer\u00e9taro","isPartOf":{"@id":"https:\/\/www.nexoinformativo.mx\/#website"},"primaryImageOfPage":{"@id":"https:\/\/www.nexoinformativo.mx\/index.php\/2025\/06\/09\/sin-queretanos-detenidos-en-redadas-de-ee-uu-gobernador-kuri-llama-a-la-solidaridad-con-migrantes\/#primaryimage"},"image":{"@id":"https:\/\/www.nexoinformativo.mx\/index.php\/2025\/06\/09\/sin-queretanos-detenidos-en-redadas-de-ee-uu-gobernador-kuri-llama-a-la-solidaridad-con-migrantes\/#primaryimage"},"thumbnailUrl":"https:\/\/www.nexoinformativo.mx\/wp-content\/uploads\/2025\/06\/PHOTO-2025-06-09-14-09-07.jpg","datePublished":"2025-06-09T19:00:28+00:00","dateModified":"2025-06-10T02:41:44+00:00","description":"Sin queretanos detenidos en redadas de EE. UU. Gobernador Kuri llama a la solidaridad con migrantes","breadcrumb":{"@id":"https:\/\/www.nexoinformativo.mx\/index.php\/2025\/06\/09\/sin-queretanos-detenidos-en-redadas-de-ee-uu-gobernador-kuri-llama-a-la-solidaridad-con-migrantes\/#breadcrumb"},"inLanguage":"es","potentialAction":[{"@type":"ReadAction","target":["https:\/\/www.nexoinformativo.mx\/index.php\/2025\/06\/09\/sin-queretanos-detenidos-en-redadas-de-ee-uu-gobernador-kuri-llama-a-la-solidaridad-con-migrantes\/"]}]},{"@type":"ImageObject","inLanguage":"es","@id":"https:\/\/www.nexoinformativo.mx\/index.php\/2025\/06\/09\/sin-queretanos-detenidos-en-redadas-de-ee-uu-gobernador-kuri-llama-a-la-solidaridad-con-migrantes\/#primaryimage","url":"https:\/\/www.nexoinformativo.mx\/wp-content\/uploads\/2025\/06\/PHOTO-2025-06-09-14-09-07.jpg","contentUrl":"https:\/\/www.nexoinformativo.mx\/wp-content\/uploads\/2025\/06\/PHOTO-2025-06-09-14-09-07.jpg","width":1356,"height":1229},{"@type":"BreadcrumbList","@id":"https:\/\/www.nexoinformativo.mx\/index.php\/2025\/06\/09\/sin-queretanos-detenidos-en-redadas-de-ee-uu-gobernador-kuri-llama-a-la-solidaridad-con-migrantes\/#breadcrumb","itemListElement":[{"@type":"ListItem","position":1,"name":"Inicio","item":"https:\/\/www.nexoinformativo.mx\/"},{"@type":"ListItem","position":2,"name":"Sin queretanos detenidos en redadas de EE. UU. Gobernador Kuri llama a la solidaridad con migrantes"}]},{"@type":"WebSite","@id":"https:\/\/www.nexoinformativo.mx\/#website","url":"https:\/\/www.nexoinformativo.mx\/","name":"Nexo Informativo Santiago de Quer\u00e9taro","description":"Explora NexoInformativo y convi\u00e9rtete en parte de una comunidad que valora el conocimiento y la verdad. Tu nexoinformativo es tu puente hacia una comprensi\u00f3n m\u00e1s profunda del mundo que te rodea.","publisher":{"@id":"https:\/\/www.nexoinformativo.mx\/#organization"},"potentialAction":[{"@type":"SearchAction","target":{"@type":"EntryPoint","urlTemplate":"https:\/\/www.nexoinformativo.mx\/?s={search_term_string}"},"query-input":{"@type":"PropertyValueSpecification","valueRequired":true,"valueName":"search_term_string"}}],"inLanguage":"es"},{"@type":"Organization","@id":"https:\/\/www.nexoinformativo.mx\/#organization","name":"Nexo Informativo Santiago de Quer\u00e9taro","url":"https:\/\/www.nexoinformativo.mx\/","logo":{"@type":"ImageObject","inLanguage":"es","@id":"https:\/\/www.nexoinformativo.mx\/#\/schema\/logo\/image\/","url":"https:\/\/www.nexoinformativo.mx\/wp-content\/uploads\/2024\/07\/nexoi-trasparente-2.png","contentUrl":"https:\/\/www.nexoinformativo.mx\/wp-content\/uploads\/2024\/07\/nexoi-trasparente-2.png","width":816,"height":339,"caption":"Nexo Informativo Santiago de Quer\u00e9taro"},"image":{"@id":"https:\/\/www.nexoinformativo.mx\/#\/schema\/logo\/image\/"},"sameAs":["https:\/\/www.facebook.com\/people\/Nexo-Informativo\/61564066885511\/"]},{"@type":"Person","@id":"https:\/\/www.nexoinformativo.mx\/#\/schema\/person\/7749d380ba08c8ca00d7bc76fd907b7d","name":"Nexo Informativo","image":{"@type":"ImageObject","inLanguage":"es","@id":"https:\/\/www.nexoinformativo.mx\/#\/schema\/person\/image\/","url":"https:\/\/secure.gravatar.com\/avatar\/dde2928154642a13d95f87ddf1ea9718fe2b46760a005c53e41ff5ad610704e6?s=96&d=mm&r=g","contentUrl":"https:\/\/secure.gravatar.com\/avatar\/dde2928154642a13d95f87ddf1ea9718fe2b46760a005c53e41ff5ad610704e6?s=96&d=mm&r=g","caption":"Nexo Informativo"},"url":"https:\/\/www.nexoinformativo.mx\/index.php\/author\/edicion\/"}]}},"_links":{"self":[{"href":"https:\/\/www.nexoinformativo.mx\/index.php\/wp-json\/wp\/v2\/posts\/15722","targetHints":{"allow":["GET"]}}],"collection":[{"href":"https:\/\/www.nexoinformativo.mx\/index.php\/wp-json\/wp\/v2\/posts"}],"about":[{"href":"https:\/\/www.nexoinformativo.mx\/index.php\/wp-json\/wp\/v2\/types\/post"}],"author":[{"embeddable":true,"href":"https:\/\/www.nexoinformativo.mx\/index.php\/wp-json\/wp\/v2\/users\/3"}],"replies":[{"embeddable":true,"href":"https:\/\/www.nexoinformativo.mx\/index.php\/wp-json\/wp\/v2\/comments?post=15722"}],"version-history":[{"count":4,"href":"https:\/\/www.nexoinformativo.mx\/index.php\/wp-json\/wp\/v2\/posts\/15722\/revisions"}],"predecessor-version":[{"id":15727,"href":"https:\/\/www.nexoinformativo.mx\/index.php\/wp-json\/wp\/v2\/posts\/15722\/revisions\/15727"}],"wp:featuredmedia":[{"embeddable":true,"href":"https:\/\/www.nexoinformativo.mx\/index.php\/wp-json\/wp\/v2\/media\/15723"}],"wp:attachment":[{"href":"https:\/\/www.nexoinformativo.mx\/index.php\/wp-json\/wp\/v2\/media?parent=15722"}],"wp:term":[{"taxonomy":"category","embeddable":true,"href":"https:\/\/www.nexoinformativo.mx\/index.php\/wp-json\/wp\/v2\/categories?post=15722"},{"taxonomy":"post_tag","embeddable":true,"href":"https:\/\/www.nexoinformativo.mx\/index.php\/wp-json\/wp\/v2\/tags?post=15722"}],"curies":[{"name":"wp","href":"https:\/\/api.w.org\/{rel}","templated":true}]}}