{"id":15744,"date":"2025-06-09T17:00:16","date_gmt":"2025-06-09T23:00:16","guid":{"rendered":"https:\/\/www.nexoinformativo.mx\/?p=15744"},"modified":"2025-06-09T21:30:54","modified_gmt":"2025-06-10T03:30:54","slug":"se-abre-el-registro-para-pensiones-mujeres-bienestar-y-adultos-mayores-del-9-al-21-de-junio","status":"publish","type":"post","link":"https:\/\/www.nexoinformativo.mx\/index.php\/2025\/06\/09\/se-abre-el-registro-para-pensiones-mujeres-bienestar-y-adultos-mayores-del-9-al-21-de-junio\/","title":{"rendered":"Se abre el registro para pensiones Mujeres Bienestar y Adultos Mayores del 9 al 21 de Junio"},"content":{"rendered":"<p style=\"text-align: justify;\" data-sourcepos=\"5:1-5:371\">La Secretar\u00eda de Bienestar ha anunciado la apertura del registro para las Pensiones Mujeres Bienestar y para el Bienestar de las Personas Adultas Mayores. El periodo de inscripci\u00f3n se extender\u00e1 desde este lunes 9 de junio hasta el s\u00e1bado 21 de junio en todo el pa\u00eds.<\/p>\n<\/p>\n<p>&nbsp;<\/p>\n<p style=\"text-align: justify;\" data-sourcepos=\"7:1-7:392\">En la conferencia matutina, encabezada por la Presidenta Claudia Sheinbaum, la secretaria de Bienestar, Ariadna Montiel, inform\u00f3 los detalles. &#8220;El registro se va a realizar a partir del d\u00eda de hoy 9 de junio y hasta el d\u00eda 21, pueden consultar en la p\u00e1gina de la Secretar\u00eda donde teclean su CURP y ah\u00ed les va a salir el m\u00f3dulo m\u00e1s cercano\u201d, explic\u00f3.<\/p>\n<\/p>\n<p>&nbsp;<\/p>\n<p style=\"text-align: justify;\" data-sourcepos=\"9:1-9:327\">Montiel Reyes exhort\u00f3 a las mujeres de 63 y 64 a\u00f1os y a las personas adultas mayores de 65 a\u00f1os a acudir a los M\u00f3dulos de Bienestar, que operan de lunes a s\u00e1bado, de 10:00 a 16:00 horas. La ubicaci\u00f3n exacta de estos m\u00f3dulos puede consultarse en la p\u00e1gina oficial de la Secretar\u00eda de Bienestar: www.gob.mx\/bienestar.<\/p>\n<\/p>\n<p>&nbsp;<\/p>\n<p style=\"text-align: justify;\" data-sourcepos=\"15:1-15:88\">Para realizar el registro, los interesados deber\u00e1n presentar la siguiente documentaci\u00f3n:<\/p>\n<\/p>\n<p>&nbsp;<\/p>\n<ul style=\"text-align: justify;\" data-sourcepos=\"17:1-22:0\">\n<li data-sourcepos=\"17:1-17:145\">Identificaci\u00f3n oficial vigente: Credencial para votar, pasaporte, cartilla, c\u00e9dula profesional, credencial del Inapam o carta de identidad.<\/li>\n<li data-sourcepos=\"18:1-18:31\">CURP: Impresi\u00f3n reciente.<\/li>\n<li data-sourcepos=\"19:1-19:25\">Acta de nacimiento.<\/li>\n<li data-sourcepos=\"20:1-20:88\">Comprobante de domicilio: No mayor a 6 meses (tel\u00e9fono, luz, gas, agua o predial).<\/li>\n<li data-sourcepos=\"21:1-22:0\">Tel\u00e9fono de contacto: Celular y de casa.<\/li>\n<\/ul>\n<p>&nbsp;<\/p>\n<p style=\"text-align: justify;\" data-sourcepos=\"23:1-23:179\">Las personas adultas mayores tienen la posibilidad de registrar a una persona auxiliar que las represente en los tr\u00e1mites; esta persona deber\u00e1 presentar los mismos documentos.<\/p>\n<\/p>\n<p>&nbsp;<\/p>\n<p style=\"text-align: justify;\" data-sourcepos=\"25:1-25:339\">Adem\u00e1s, para quienes no puedan asistir a los M\u00f3dulos de Bienestar a realizar el tr\u00e1mite, la Secretar\u00eda ofrece la opci\u00f3n de solicitar una visita domiciliaria a trav\u00e9s de la misma p\u00e1gina oficial www.gob.mx\/bienestar. &#8220;Nos dan sus datos, su tel\u00e9fono, su direcci\u00f3n para que vayamos a hacer el registro a su casa\u201d, puntualiz\u00f3 la secretaria.<\/p>\n<\/p>\n<p>&nbsp;<\/p>\n<p style=\"text-align: justify;\" data-sourcepos=\"25:1-25:339\">La Pensi\u00f3n Mujeres Bienestar consiste en un apoyo bimestral de 3 mil pesos, mientras que la Pensi\u00f3n para el Bienestar de las Personas Adultas Mayores otorga 6 mil 200 pesos cada dos meses.<\/p>\n<\/p>\n<p>&nbsp;<\/p>\n<p style=\"text-align: center;\" data-sourcepos=\"25:1-25:339\"><em><strong>\u00a1Informaci\u00f3n que transforma!<\/strong><\/em><\/p>\n","protected":false},"excerpt":{"rendered":"<p>La Secretar\u00eda de Bienestar ha anunciado la apertura del registro para las Pensiones Mujeres Bienestar y para el Bienestar de las Personas Adultas Mayores. El periodo de inscripci\u00f3n se extender\u00e1 desde este lunes 9 de junio hasta el s\u00e1bado 21 de junio en todo el pa\u00eds.<\/p>\n","protected":false},"author":3,"featured_media":15745,"comment_status":"open","ping_status":"open","sticky":false,"template":"","format":"standard","meta":{"footnotes":""},"categories":[88,58],"tags":[895,4732,2914,3658],"class_list":["post-15744","post","type-post","status-publish","format-standard","has-post-thumbnail","hentry","category-nacional","category-ultima-hora","tag-adultosmayores","tag-apoyossociales","tag-mujeresbienestar","tag-pensionesbienestar"],"yoast_head":"<!-- This site is optimized with the Yoast SEO plugin v25.0 - https:\/\/yoast.com\/wordpress\/plugins\/seo\/ -->\n<title>Se abre el registro para pensiones Mujeres Bienestar y Adultos Mayores del 9 al 21 de Junio | Nexo Informativo Santiago de Quer\u00e9taro<\/title>\n<meta name=\"description\" content=\"Se abre el registro para pensiones Mujeres Bienestar y Adultos Mayores del 9 al 21 de Junio\" \/>\n<meta name=\"robots\" content=\"index, follow, max-snippet:-1, max-image-preview:large, max-video-preview:-1\" \/>\n<link rel=\"canonical\" href=\"https:\/\/www.nexoinformativo.mx\/index.php\/2025\/06\/09\/se-abre-el-registro-para-pensiones-mujeres-bienestar-y-adultos-mayores-del-9-al-21-de-junio\/\" \/>\n<meta property=\"og:locale\" content=\"es_MX\" \/>\n<meta property=\"og:type\" content=\"article\" \/>\n<meta property=\"og:title\" content=\"Se abre el registro para pensiones Mujeres Bienestar y Adultos Mayores del 9 al 21 de Junio | Nexo Informativo Santiago de Quer\u00e9taro\" \/>\n<meta property=\"og:description\" content=\"Se abre el registro para pensiones Mujeres Bienestar y Adultos Mayores del 9 al 21 de Junio\" \/>\n<meta property=\"og:url\" content=\"https:\/\/www.nexoinformativo.mx\/index.php\/2025\/06\/09\/se-abre-el-registro-para-pensiones-mujeres-bienestar-y-adultos-mayores-del-9-al-21-de-junio\/\" \/>\n<meta property=\"og:site_name\" content=\"Nexo Informativo Santiago de Quer\u00e9taro\" \/>\n<meta property=\"article:publisher\" content=\"https:\/\/www.facebook.com\/people\/Nexo-Informativo\/61564066885511\/\" \/>\n<meta property=\"article:published_time\" content=\"2025-06-09T23:00:16+00:00\" \/>\n<meta property=\"article:modified_time\" content=\"2025-06-10T03:30:54+00:00\" \/>\n<meta property=\"og:image\" content=\"https:\/\/www.nexoinformativo.mx\/wp-content\/uploads\/2025\/06\/IMG_3791-e1749526194505.jpeg\" \/>\n\t<meta property=\"og:image:width\" content=\"800\" \/>\n\t<meta property=\"og:image:height\" content=\"1000\" \/>\n\t<meta property=\"og:image:type\" content=\"image\/jpeg\" \/>\n<meta name=\"author\" content=\"Nexo Informativo\" \/>\n<meta name=\"twitter:card\" content=\"summary_large_image\" \/>\n<meta name=\"twitter:label1\" content=\"Escrito por\" \/>\n\t<meta name=\"twitter:data1\" content=\"Nexo Informativo\" \/>\n\t<meta name=\"twitter:label2\" content=\"Tiempo de lectura\" \/>\n\t<meta name=\"twitter:data2\" content=\"2 minutos\" \/>\n<script type=\"application\/ld+json\" class=\"yoast-schema-graph\">{\"@context\":\"https:\/\/schema.org\",\"@graph\":[{\"@type\":\"Article\",\"@id\":\"https:\/\/www.nexoinformativo.mx\/index.php\/2025\/06\/09\/se-abre-el-registro-para-pensiones-mujeres-bienestar-y-adultos-mayores-del-9-al-21-de-junio\/#article\",\"isPartOf\":{\"@id\":\"https:\/\/www.nexoinformativo.mx\/index.php\/2025\/06\/09\/se-abre-el-registro-para-pensiones-mujeres-bienestar-y-adultos-mayores-del-9-al-21-de-junio\/\"},\"author\":{\"name\":\"Nexo Informativo\",\"@id\":\"https:\/\/www.nexoinformativo.mx\/#\/schema\/person\/7749d380ba08c8ca00d7bc76fd907b7d\"},\"headline\":\"Se abre el registro para pensiones Mujeres Bienestar y Adultos Mayores del 9 al 21 de Junio\",\"datePublished\":\"2025-06-09T23:00:16+00:00\",\"dateModified\":\"2025-06-10T03:30:54+00:00\",\"mainEntityOfPage\":{\"@id\":\"https:\/\/www.nexoinformativo.mx\/index.php\/2025\/06\/09\/se-abre-el-registro-para-pensiones-mujeres-bienestar-y-adultos-mayores-del-9-al-21-de-junio\/\"},\"wordCount\":389,\"commentCount\":0,\"publisher\":{\"@id\":\"https:\/\/www.nexoinformativo.mx\/#organization\"},\"image\":{\"@id\":\"https:\/\/www.nexoinformativo.mx\/index.php\/2025\/06\/09\/se-abre-el-registro-para-pensiones-mujeres-bienestar-y-adultos-mayores-del-9-al-21-de-junio\/#primaryimage\"},\"thumbnailUrl\":\"https:\/\/www.nexoinformativo.mx\/wp-content\/uploads\/2025\/06\/IMG_3791-e1749526194505.jpeg\",\"keywords\":[\"AdultosMayores\",\"ApoyosSociales\",\"MujeresBienestar\",\"PensionesBienestar\"],\"articleSection\":[\"Nacional\",\"\u00daltima Hora\"],\"inLanguage\":\"es\",\"potentialAction\":[{\"@type\":\"CommentAction\",\"name\":\"Comment\",\"target\":[\"https:\/\/www.nexoinformativo.mx\/index.php\/2025\/06\/09\/se-abre-el-registro-para-pensiones-mujeres-bienestar-y-adultos-mayores-del-9-al-21-de-junio\/#respond\"]}]},{\"@type\":\"WebPage\",\"@id\":\"https:\/\/www.nexoinformativo.mx\/index.php\/2025\/06\/09\/se-abre-el-registro-para-pensiones-mujeres-bienestar-y-adultos-mayores-del-9-al-21-de-junio\/\",\"url\":\"https:\/\/www.nexoinformativo.mx\/index.php\/2025\/06\/09\/se-abre-el-registro-para-pensiones-mujeres-bienestar-y-adultos-mayores-del-9-al-21-de-junio\/\",\"name\":\"Se abre el registro para pensiones Mujeres Bienestar y Adultos Mayores del 9 al 21 de Junio | Nexo Informativo Santiago de Quer\u00e9taro\",\"isPartOf\":{\"@id\":\"https:\/\/www.nexoinformativo.mx\/#website\"},\"primaryImageOfPage\":{\"@id\":\"https:\/\/www.nexoinformativo.mx\/index.php\/2025\/06\/09\/se-abre-el-registro-para-pensiones-mujeres-bienestar-y-adultos-mayores-del-9-al-21-de-junio\/#primaryimage\"},\"image\":{\"@id\":\"https:\/\/www.nexoinformativo.mx\/index.php\/2025\/06\/09\/se-abre-el-registro-para-pensiones-mujeres-bienestar-y-adultos-mayores-del-9-al-21-de-junio\/#primaryimage\"},\"thumbnailUrl\":\"https:\/\/www.nexoinformativo.mx\/wp-content\/uploads\/2025\/06\/IMG_3791-e1749526194505.jpeg\",\"datePublished\":\"2025-06-09T23:00:16+00:00\",\"dateModified\":\"2025-06-10T03:30:54+00:00\",\"description\":\"Se abre el registro para pensiones Mujeres Bienestar y Adultos Mayores del 9 al 21 de Junio\",\"breadcrumb\":{\"@id\":\"https:\/\/www.nexoinformativo.mx\/index.php\/2025\/06\/09\/se-abre-el-registro-para-pensiones-mujeres-bienestar-y-adultos-mayores-del-9-al-21-de-junio\/#breadcrumb\"},\"inLanguage\":\"es\",\"potentialAction\":[{\"@type\":\"ReadAction\",\"target\":[\"https:\/\/www.nexoinformativo.mx\/index.php\/2025\/06\/09\/se-abre-el-registro-para-pensiones-mujeres-bienestar-y-adultos-mayores-del-9-al-21-de-junio\/\"]}]},{\"@type\":\"ImageObject\",\"inLanguage\":\"es\",\"@id\":\"https:\/\/www.nexoinformativo.mx\/index.php\/2025\/06\/09\/se-abre-el-registro-para-pensiones-mujeres-bienestar-y-adultos-mayores-del-9-al-21-de-junio\/#primaryimage\",\"url\":\"https:\/\/www.nexoinformativo.mx\/wp-content\/uploads\/2025\/06\/IMG_3791-e1749526194505.jpeg\",\"contentUrl\":\"https:\/\/www.nexoinformativo.mx\/wp-content\/uploads\/2025\/06\/IMG_3791-e1749526194505.jpeg\",\"width\":800,\"height\":1000},{\"@type\":\"BreadcrumbList\",\"@id\":\"https:\/\/www.nexoinformativo.mx\/index.php\/2025\/06\/09\/se-abre-el-registro-para-pensiones-mujeres-bienestar-y-adultos-mayores-del-9-al-21-de-junio\/#breadcrumb\",\"itemListElement\":[{\"@type\":\"ListItem\",\"position\":1,\"name\":\"Inicio\",\"item\":\"https:\/\/www.nexoinformativo.mx\/\"},{\"@type\":\"ListItem\",\"position\":2,\"name\":\"Se abre el registro para pensiones Mujeres Bienestar y Adultos Mayores del 9 al 21 de Junio\"}]},{\"@type\":\"WebSite\",\"@id\":\"https:\/\/www.nexoinformativo.mx\/#website\",\"url\":\"https:\/\/www.nexoinformativo.mx\/\",\"name\":\"Nexo Informativo Santiago de Quer\u00e9taro\",\"description\":\"Explora NexoInformativo y convi\u00e9rtete en parte de una comunidad que valora el conocimiento y la verdad. Tu nexoinformativo es tu puente hacia una comprensi\u00f3n m\u00e1s profunda del mundo que te rodea.\",\"publisher\":{\"@id\":\"https:\/\/www.nexoinformativo.mx\/#organization\"},\"potentialAction\":[{\"@type\":\"SearchAction\",\"target\":{\"@type\":\"EntryPoint\",\"urlTemplate\":\"https:\/\/www.nexoinformativo.mx\/?s={search_term_string}\"},\"query-input\":{\"@type\":\"PropertyValueSpecification\",\"valueRequired\":true,\"valueName\":\"search_term_string\"}}],\"inLanguage\":\"es\"},{\"@type\":\"Organization\",\"@id\":\"https:\/\/www.nexoinformativo.mx\/#organization\",\"name\":\"Nexo Informativo Santiago de Quer\u00e9taro\",\"url\":\"https:\/\/www.nexoinformativo.mx\/\",\"logo\":{\"@type\":\"ImageObject\",\"inLanguage\":\"es\",\"@id\":\"https:\/\/www.nexoinformativo.mx\/#\/schema\/logo\/image\/\",\"url\":\"https:\/\/www.nexoinformativo.mx\/wp-content\/uploads\/2024\/07\/nexoi-trasparente-2.png\",\"contentUrl\":\"https:\/\/www.nexoinformativo.mx\/wp-content\/uploads\/2024\/07\/nexoi-trasparente-2.png\",\"width\":816,\"height\":339,\"caption\":\"Nexo Informativo Santiago de Quer\u00e9taro\"},\"image\":{\"@id\":\"https:\/\/www.nexoinformativo.mx\/#\/schema\/logo\/image\/\"},\"sameAs\":[\"https:\/\/www.facebook.com\/people\/Nexo-Informativo\/61564066885511\/\"]},{\"@type\":\"Person\",\"@id\":\"https:\/\/www.nexoinformativo.mx\/#\/schema\/person\/7749d380ba08c8ca00d7bc76fd907b7d\",\"name\":\"Nexo Informativo\",\"image\":{\"@type\":\"ImageObject\",\"inLanguage\":\"es\",\"@id\":\"https:\/\/www.nexoinformativo.mx\/#\/schema\/person\/image\/\",\"url\":\"https:\/\/secure.gravatar.com\/avatar\/dde2928154642a13d95f87ddf1ea9718fe2b46760a005c53e41ff5ad610704e6?s=96&d=mm&r=g\",\"contentUrl\":\"https:\/\/secure.gravatar.com\/avatar\/dde2928154642a13d95f87ddf1ea9718fe2b46760a005c53e41ff5ad610704e6?s=96&d=mm&r=g\",\"caption\":\"Nexo Informativo\"},\"url\":\"https:\/\/www.nexoinformativo.mx\/index.php\/author\/edicion\/\"}]}<\/script>\n<!-- \/ Yoast SEO plugin. -->","yoast_head_json":{"title":"Se abre el registro para pensiones Mujeres Bienestar y Adultos Mayores del 9 al 21 de Junio | Nexo Informativo Santiago de Quer\u00e9taro","description":"Se abre el registro para pensiones Mujeres Bienestar y Adultos Mayores del 9 al 21 de Junio","robots":{"index":"index","follow":"follow","max-snippet":"max-snippet:-1","max-image-preview":"max-image-preview:large","max-video-preview":"max-video-preview:-1"},"canonical":"https:\/\/www.nexoinformativo.mx\/index.php\/2025\/06\/09\/se-abre-el-registro-para-pensiones-mujeres-bienestar-y-adultos-mayores-del-9-al-21-de-junio\/","og_locale":"es_MX","og_type":"article","og_title":"Se abre el registro para pensiones Mujeres Bienestar y Adultos Mayores del 9 al 21 de Junio | Nexo Informativo Santiago de Quer\u00e9taro","og_description":"Se abre el registro para pensiones Mujeres Bienestar y Adultos Mayores del 9 al 21 de Junio","og_url":"https:\/\/www.nexoinformativo.mx\/index.php\/2025\/06\/09\/se-abre-el-registro-para-pensiones-mujeres-bienestar-y-adultos-mayores-del-9-al-21-de-junio\/","og_site_name":"Nexo Informativo Santiago de Quer\u00e9taro","article_publisher":"https:\/\/www.facebook.com\/people\/Nexo-Informativo\/61564066885511\/","article_published_time":"2025-06-09T23:00:16+00:00","article_modified_time":"2025-06-10T03:30:54+00:00","og_image":[{"width":800,"height":1000,"url":"https:\/\/www.nexoinformativo.mx\/wp-content\/uploads\/2025\/06\/IMG_3791-e1749526194505.jpeg","type":"image\/jpeg"}],"author":"Nexo Informativo","twitter_card":"summary_large_image","twitter_misc":{"Escrito por":"Nexo Informativo","Tiempo de lectura":"2 minutos"},"schema":{"@context":"https:\/\/schema.org","@graph":[{"@type":"Article","@id":"https:\/\/www.nexoinformativo.mx\/index.php\/2025\/06\/09\/se-abre-el-registro-para-pensiones-mujeres-bienestar-y-adultos-mayores-del-9-al-21-de-junio\/#article","isPartOf":{"@id":"https:\/\/www.nexoinformativo.mx\/index.php\/2025\/06\/09\/se-abre-el-registro-para-pensiones-mujeres-bienestar-y-adultos-mayores-del-9-al-21-de-junio\/"},"author":{"name":"Nexo Informativo","@id":"https:\/\/www.nexoinformativo.mx\/#\/schema\/person\/7749d380ba08c8ca00d7bc76fd907b7d"},"headline":"Se abre el registro para pensiones Mujeres Bienestar y Adultos Mayores del 9 al 21 de Junio","datePublished":"2025-06-09T23:00:16+00:00","dateModified":"2025-06-10T03:30:54+00:00","mainEntityOfPage":{"@id":"https:\/\/www.nexoinformativo.mx\/index.php\/2025\/06\/09\/se-abre-el-registro-para-pensiones-mujeres-bienestar-y-adultos-mayores-del-9-al-21-de-junio\/"},"wordCount":389,"commentCount":0,"publisher":{"@id":"https:\/\/www.nexoinformativo.mx\/#organization"},"image":{"@id":"https:\/\/www.nexoinformativo.mx\/index.php\/2025\/06\/09\/se-abre-el-registro-para-pensiones-mujeres-bienestar-y-adultos-mayores-del-9-al-21-de-junio\/#primaryimage"},"thumbnailUrl":"https:\/\/www.nexoinformativo.mx\/wp-content\/uploads\/2025\/06\/IMG_3791-e1749526194505.jpeg","keywords":["AdultosMayores","ApoyosSociales","MujeresBienestar","PensionesBienestar"],"articleSection":["Nacional","\u00daltima Hora"],"inLanguage":"es","potentialAction":[{"@type":"CommentAction","name":"Comment","target":["https:\/\/www.nexoinformativo.mx\/index.php\/2025\/06\/09\/se-abre-el-registro-para-pensiones-mujeres-bienestar-y-adultos-mayores-del-9-al-21-de-junio\/#respond"]}]},{"@type":"WebPage","@id":"https:\/\/www.nexoinformativo.mx\/index.php\/2025\/06\/09\/se-abre-el-registro-para-pensiones-mujeres-bienestar-y-adultos-mayores-del-9-al-21-de-junio\/","url":"https:\/\/www.nexoinformativo.mx\/index.php\/2025\/06\/09\/se-abre-el-registro-para-pensiones-mujeres-bienestar-y-adultos-mayores-del-9-al-21-de-junio\/","name":"Se abre el registro para pensiones Mujeres Bienestar y Adultos Mayores del 9 al 21 de Junio | Nexo Informativo Santiago de Quer\u00e9taro","isPartOf":{"@id":"https:\/\/www.nexoinformativo.mx\/#website"},"primaryImageOfPage":{"@id":"https:\/\/www.nexoinformativo.mx\/index.php\/2025\/06\/09\/se-abre-el-registro-para-pensiones-mujeres-bienestar-y-adultos-mayores-del-9-al-21-de-junio\/#primaryimage"},"image":{"@id":"https:\/\/www.nexoinformativo.mx\/index.php\/2025\/06\/09\/se-abre-el-registro-para-pensiones-mujeres-bienestar-y-adultos-mayores-del-9-al-21-de-junio\/#primaryimage"},"thumbnailUrl":"https:\/\/www.nexoinformativo.mx\/wp-content\/uploads\/2025\/06\/IMG_3791-e1749526194505.jpeg","datePublished":"2025-06-09T23:00:16+00:00","dateModified":"2025-06-10T03:30:54+00:00","description":"Se abre el registro para pensiones Mujeres Bienestar y Adultos Mayores del 9 al 21 de Junio","breadcrumb":{"@id":"https:\/\/www.nexoinformativo.mx\/index.php\/2025\/06\/09\/se-abre-el-registro-para-pensiones-mujeres-bienestar-y-adultos-mayores-del-9-al-21-de-junio\/#breadcrumb"},"inLanguage":"es","potentialAction":[{"@type":"ReadAction","target":["https:\/\/www.nexoinformativo.mx\/index.php\/2025\/06\/09\/se-abre-el-registro-para-pensiones-mujeres-bienestar-y-adultos-mayores-del-9-al-21-de-junio\/"]}]},{"@type":"ImageObject","inLanguage":"es","@id":"https:\/\/www.nexoinformativo.mx\/index.php\/2025\/06\/09\/se-abre-el-registro-para-pensiones-mujeres-bienestar-y-adultos-mayores-del-9-al-21-de-junio\/#primaryimage","url":"https:\/\/www.nexoinformativo.mx\/wp-content\/uploads\/2025\/06\/IMG_3791-e1749526194505.jpeg","contentUrl":"https:\/\/www.nexoinformativo.mx\/wp-content\/uploads\/2025\/06\/IMG_3791-e1749526194505.jpeg","width":800,"height":1000},{"@type":"BreadcrumbList","@id":"https:\/\/www.nexoinformativo.mx\/index.php\/2025\/06\/09\/se-abre-el-registro-para-pensiones-mujeres-bienestar-y-adultos-mayores-del-9-al-21-de-junio\/#breadcrumb","itemListElement":[{"@type":"ListItem","position":1,"name":"Inicio","item":"https:\/\/www.nexoinformativo.mx\/"},{"@type":"ListItem","position":2,"name":"Se abre el registro para pensiones Mujeres Bienestar y Adultos Mayores del 9 al 21 de Junio"}]},{"@type":"WebSite","@id":"https:\/\/www.nexoinformativo.mx\/#website","url":"https:\/\/www.nexoinformativo.mx\/","name":"Nexo Informativo Santiago de Quer\u00e9taro","description":"Explora NexoInformativo y convi\u00e9rtete en parte de una comunidad que valora el conocimiento y la verdad. Tu nexoinformativo es tu puente hacia una comprensi\u00f3n m\u00e1s profunda del mundo que te rodea.","publisher":{"@id":"https:\/\/www.nexoinformativo.mx\/#organization"},"potentialAction":[{"@type":"SearchAction","target":{"@type":"EntryPoint","urlTemplate":"https:\/\/www.nexoinformativo.mx\/?s={search_term_string}"},"query-input":{"@type":"PropertyValueSpecification","valueRequired":true,"valueName":"search_term_string"}}],"inLanguage":"es"},{"@type":"Organization","@id":"https:\/\/www.nexoinformativo.mx\/#organization","name":"Nexo Informativo Santiago de Quer\u00e9taro","url":"https:\/\/www.nexoinformativo.mx\/","logo":{"@type":"ImageObject","inLanguage":"es","@id":"https:\/\/www.nexoinformativo.mx\/#\/schema\/logo\/image\/","url":"https:\/\/www.nexoinformativo.mx\/wp-content\/uploads\/2024\/07\/nexoi-trasparente-2.png","contentUrl":"https:\/\/www.nexoinformativo.mx\/wp-content\/uploads\/2024\/07\/nexoi-trasparente-2.png","width":816,"height":339,"caption":"Nexo Informativo Santiago de Quer\u00e9taro"},"image":{"@id":"https:\/\/www.nexoinformativo.mx\/#\/schema\/logo\/image\/"},"sameAs":["https:\/\/www.facebook.com\/people\/Nexo-Informativo\/61564066885511\/"]},{"@type":"Person","@id":"https:\/\/www.nexoinformativo.mx\/#\/schema\/person\/7749d380ba08c8ca00d7bc76fd907b7d","name":"Nexo Informativo","image":{"@type":"ImageObject","inLanguage":"es","@id":"https:\/\/www.nexoinformativo.mx\/#\/schema\/person\/image\/","url":"https:\/\/secure.gravatar.com\/avatar\/dde2928154642a13d95f87ddf1ea9718fe2b46760a005c53e41ff5ad610704e6?s=96&d=mm&r=g","contentUrl":"https:\/\/secure.gravatar.com\/avatar\/dde2928154642a13d95f87ddf1ea9718fe2b46760a005c53e41ff5ad610704e6?s=96&d=mm&r=g","caption":"Nexo Informativo"},"url":"https:\/\/www.nexoinformativo.mx\/index.php\/author\/edicion\/"}]}},"_links":{"self":[{"href":"https:\/\/www.nexoinformativo.mx\/index.php\/wp-json\/wp\/v2\/posts\/15744","targetHints":{"allow":["GET"]}}],"collection":[{"href":"https:\/\/www.nexoinformativo.mx\/index.php\/wp-json\/wp\/v2\/posts"}],"about":[{"href":"https:\/\/www.nexoinformativo.mx\/index.php\/wp-json\/wp\/v2\/types\/post"}],"author":[{"embeddable":true,"href":"https:\/\/www.nexoinformativo.mx\/index.php\/wp-json\/wp\/v2\/users\/3"}],"replies":[{"embeddable":true,"href":"https:\/\/www.nexoinformativo.mx\/index.php\/wp-json\/wp\/v2\/comments?post=15744"}],"version-history":[{"count":3,"href":"https:\/\/www.nexoinformativo.mx\/index.php\/wp-json\/wp\/v2\/posts\/15744\/revisions"}],"predecessor-version":[{"id":15748,"href":"https:\/\/www.nexoinformativo.mx\/index.php\/wp-json\/wp\/v2\/posts\/15744\/revisions\/15748"}],"wp:featuredmedia":[{"embeddable":true,"href":"https:\/\/www.nexoinformativo.mx\/index.php\/wp-json\/wp\/v2\/media\/15745"}],"wp:attachment":[{"href":"https:\/\/www.nexoinformativo.mx\/index.php\/wp-json\/wp\/v2\/media?parent=15744"}],"wp:term":[{"taxonomy":"category","embeddable":true,"href":"https:\/\/www.nexoinformativo.mx\/index.php\/wp-json\/wp\/v2\/categories?post=15744"},{"taxonomy":"post_tag","embeddable":true,"href":"https:\/\/www.nexoinformativo.mx\/index.php\/wp-json\/wp\/v2\/tags?post=15744"}],"curies":[{"name":"wp","href":"https:\/\/api.w.org\/{rel}","templated":true}]}}